{"id":9940,"date":"2016-08-29T16:46:38","date_gmt":"2016-08-29T19:46:38","guid":{"rendered":"http:\/\/www.impacta.com.br\/blog\/?p=9940"},"modified":"2016-08-29T16:46:38","modified_gmt":"2016-08-29T19:46:38","slug":"quais-as-habilidades-profissionais-mais-importantes-para-o-seu-crescimento-no-mercado","status":"publish","type":"post","link":"https:\/\/www.impacta.com.br\/blog\/quais-as-habilidades-profissionais-mais-importantes-para-o-seu-crescimento-no-mercado\/","title":{"rendered":"Quais as habilidades profissionais mais importantes para o seu crescimento no mercado?"},"content":{"rendered":"<p style=\"text-align: justify;\">Mesmo que as empresas busquem um perfil espec\u00edfico para determinado cargo a ser preenchido, h\u00e1 habilidades profissionais que s\u00e3o sempre valorizadas por qualquer recrutador. Ent\u00e3o, se seu objetivo \u00e9 crescer e se destacar no mercado de trabalho, \u00e9 bom saber quais s\u00e3o essas habilidades e se empenhar em desenvolv\u00ea-las.<\/p>\n<p style=\"text-align: justify;\">Acredite: por mais que voc\u00ea seja um indiv\u00edduo com personalidade pr\u00f3pria, qualidades n\u00e3o s\u00e3o imut\u00e1veis como sua altura ou a cor de seus olhos. Habilidades profissionais podem ser adquiridas, desenvolvidas e melhoradas.<\/p>\n<p style=\"text-align: justify;\">Neste post, vamos apresentar algumas das habilidades mais buscadas por empregadores, para que voc\u00ea possa investir em seu desenvolvimento e se destacar como profissional gabaritado no concorrido mercado de trabalho.<\/p>\n<h2 style=\"text-align: center;\"><span style=\"font-size: 12pt;\"><strong>Disposi\u00e7\u00e3o para trabalhar em equipe<\/strong><\/span><\/h2>\n<p style=\"text-align: justify;\">As empresas buscam profissionais capazes de cooperar, propor solu\u00e7\u00f5es e atuar como parte efetiva de um time. Trabalhar em equipe inclui atuar com confian\u00e7a dentro de um grupo, contribuindo com suas pr\u00f3prias ideias e assumindo responsabilidades.<\/p>\n<p style=\"text-align: justify;\">Espera-se que voc\u00ea seja assertivo &#8211; isto \u00e9, nem passivo, nem agressivo &#8211; e que aceite e aprenda com cr\u00edticas construtivas, ao mesmo tempo em que fornece feedback construtivo para os outros membros do grupo.<\/p>\n<h2 style=\"text-align: center;\"><span style=\"font-size: 12pt;\"><strong>Habilidade para tomar decis\u00f5es e sugerir solu\u00e7\u00f5es<\/strong><\/span><\/h2>\n<p>Qual \u00e9 o segredo do sucesso? Tomar decis\u00f5es certas. E o que leva a tomar decis\u00f5es certas? A experi\u00eancia. E como se ganha experi\u00eancia? Tomando decis\u00f5es erradas!<\/p>\n<p style=\"text-align: justify;\">Acredita-se que o autor dessa ideia seja o ex-presidente da \u00cdndia,\u00a0A.P.J. Abdul Kalam, mas, mesmo que a autoria da cita\u00e7\u00e3o n\u00e3o seja segura, a import\u00e2ncia de se tomar decis\u00f5es \u00e9 ineg\u00e1vel. As empresas buscam colaboradores que n\u00e3o tenham medo de decidir.<\/p>\n<p style=\"text-align: justify;\">E como tomar decis\u00f5es mais seguras? Analise o problema cuidadosamente, re\u00fana o m\u00e1ximo poss\u00edvel de informa\u00e7\u00f5es sobre a situa\u00e7\u00e3o, fa\u00e7a uma lista de todas as a\u00e7\u00f5es aplic\u00e1veis ao caso e avalie as consequ\u00eancias de cada uma. Estude a situa\u00e7\u00e3o em um contexto ampliado e pense em solu\u00e7\u00f5es alternativas e criativas para o caso. Seu empregador espera que voc\u00ea traga solu\u00e7\u00f5es, e n\u00e3o problemas.<\/p>\n<p style=\"text-align: center;\"><a href=\"https:\/\/www.impacta.com.br\/blog\/wp-content\/uploads\/2016\/01\/header_reuniao.jpg\" target=\"_blank\" rel=\"noopener noreferrer\"><img loading=\"lazy\" decoding=\"async\" class=\"aligncenter wp-image-8517 size-full\" title=\"A capacidade de comunica\u00e7\u00e3o \u00e9 uma das habilidades profissionais mais importantes\" src=\"https:\/\/www.impacta.com.br\/blog\/wp-content\/uploads\/2016\/01\/header_reuniao.jpg\" alt=\"A capacidade de comunica\u00e7\u00e3o \u00e9 uma das habilidades profissionais mais importantes\" width=\"850\" height=\"284\" \/><\/a><\/p>\n<h2 style=\"text-align: center;\"><span style=\"font-size: 12pt;\"><strong>Capacidade de se comunicar<\/strong><\/span><\/h2>\n<p style=\"text-align: justify;\">A comunica\u00e7\u00e3o efetiva se baseia na habilidade de expressar ideias e pontos de vista com confian\u00e7a e clareza, adaptando o estilo de seu discurso de acordo com o ouvinte, ao mesmo tempo em que incentiva a troca de informa\u00e7\u00f5es.<\/p>\n<p style=\"text-align: justify;\">Al\u00e9m de falar e escrever com clareza,\u00a0corre\u00e7\u00e3o de linguagem e ser capaz de transmitir ideias, a comunica\u00e7\u00e3o tamb\u00e9m inclui a capacidade de ouvir com aten\u00e7\u00e3o e respeito \u00e0s opini\u00f5es e aos pontos de vista diferentes dos seus. A isso se chama empatia: a capacidade de se colocar no lugar do outro e enxergar as situa\u00e7\u00f5es sob a perspectiva dele.<\/p>\n<h2 style=\"text-align: center;\"><span style=\"font-size: 12pt;\"><strong>Empenho em ser proativo<\/strong><\/span><\/h2>\n<p style=\"text-align: justify;\">O mercado de trabalho espera que o profissional mostre proatividade. E o que significa isso? Que as empresas valorizam o colaborador que oferece mais do que sua fun\u00e7\u00e3o exige, que sai de sua zona de conforto, toma iniciativas e sugere estrat\u00e9gias.<\/p>\n<p style=\"text-align: justify;\">Ser proativo \u00e9 estar preparado com anteced\u00eancia para intervir e controlar situa\u00e7\u00f5es, antecipando-se ao problema e oferecendo a solu\u00e7\u00e3o antes mesmo que ele ocorra.<\/p>\n<h2 style=\"text-align: center;\"><span style=\"font-size: 12pt;\"><strong>Demonstra\u00e7\u00e3o de integridade e honestidade<\/strong><\/span><\/h2>\n<p style=\"text-align: justify;\">Um curr\u00edculo rico em qualifica\u00e7\u00f5es t\u00e9cnicas pode perder o valor caso o profissional n\u00e3o apresente car\u00e1ter \u00edntegro e valores \u00e9ticos alinhados com os da empresa. Integridade e honestidade s\u00e3o qualidades determinantes tanto na vida pessoal quanto no ambiente corporativo. \u00c9 importante que voc\u00ea cultive a transpar\u00eancia, transmita confian\u00e7a e mostre-se comprometido com a vis\u00e3o e os valores da empresa.<\/p>\n<p style=\"text-align: justify;\">Os empregadores buscam colaboradores que respeitem padr\u00f5es e procedimentos, que valorizem a confidencialidade e que questionem comportamentos inadequados.<\/p>\n<h2 style=\"text-align: center;\"><span style=\"font-size: 12pt;\"><strong>Capacidade de adapta\u00e7\u00e3o e flexibilidade<\/strong><\/span><\/h2>\n<p style=\"text-align: justify;\">O mundo corporativo lida com mudan\u00e7as a cada dia, o que exige profissionais com flexibilidade para lidar com circunst\u00e2ncias diversas. Os empregadores esperam que voc\u00ea seja adapt\u00e1vel a situa\u00e7\u00f5es desfavor\u00e1veis, disposto a abra\u00e7ar novas ideias, a abandonar rotinas j\u00e1 consolidadas, se necess\u00e1rio, e a rever paradigmas. Assim, ser\u00e1 mais f\u00e1cil lidar com imprevistos e superar momentos de crise.<\/p>\n<p style=\"text-align: justify;\">E como ser mais flex\u00edvel e adapt\u00e1vel? Aprenda a aceitar mudan\u00e7as, mantenha a calma diante de dificuldades, planeje com anteced\u00eancia e pense em um plano B para acionar se as coisas n\u00e3o correrem bem. Acostume-se a pensar rapidamente e a ter persist\u00eancia ao enfrentar situa\u00e7\u00f5es desfavor\u00e1veis. N\u00e3o fuja de desafios, encare-os de frente!<\/p>\n<h2 style=\"text-align: center;\"><span style=\"font-size: 12pt;\"><strong>Interesse em aprendizado e qualifica\u00e7\u00e3o constantes<\/strong><\/span><\/h2>\n<p style=\"text-align: justify;\">O mundo globalizado dos neg\u00f3cios muda com rapidez vertiginosa, exigindo habilidade em processar uma imensa quantidade de informa\u00e7\u00f5es em curto prazo. N\u00e3o \u00e9 poss\u00edvel se acomodar e parar no tempo enquanto seus concorrentes ficam mais qualificados a cada dia. Por isso, \u00e9 preciso disposi\u00e7\u00e3o para aprender sempre, fazer <a title=\"Fa\u00e7a cursos de qualifica\u00e7\u00e3o profissional\" href=\"https:\/\/www.impacta.com.br\/\" target=\"_blank\" rel=\"noopener noreferrer\">cursos de qualifica\u00e7\u00e3o profissional<\/a> e investir em conhecimentos. Cuide de seu desenvolvimento pessoal e profissional, pois o mercado valoriza os bons.<\/p>\n<p style=\"text-align: justify;\">H\u00e1 uma grande oferta de cursos e<a href=\"https:\/\/www.impacta.com.br\/certificacao-ics.php\"><span style=\"text-decoration: underline;\"> certifica\u00e7\u00f5es em \u00e1reas diversas, como TI, Gest\u00e3o ou Design<\/span><\/a>, por exemplo. Tais qualifica\u00e7\u00f5es agregam valor ao seu curr\u00edculo e contribuem para o desenvolvimento de suas habilidades profissionais. E se o problema for deslocamento ou falta de tempo, voc\u00ea pode investir em<a title=\"Cursos Online\" href=\"https:\/\/www.impacta.com.br\/escola\/Online\" target=\"_blank\" rel=\"noopener noreferrer\"><span style=\"text-decoration: underline;\"> cursos online<\/span><\/a>. N\u00e3o h\u00e1 desculpa para n\u00e3o se manter atualizado, aprendendo sempre mais.<\/p>\n<h2 style=\"text-align: center;\"><span style=\"font-size: 12pt;\"><strong>Habilidade em ser criativo e inovador<\/strong><\/span><\/h2>\n<p style=\"text-align: justify;\">Segundo o co-fundador da Apple, <strong>Steve Jobs<\/strong>, o que diferencia um l\u00edder de um seguidor resume-se em uma palavra: inova\u00e7\u00e3o. Para encarar a alta competitividade do mercado e se destacarem como l\u00edderes, as empresas buscam esp\u00edrito inovador e criatividade por parte de seus colaboradores.<\/p>\n<p style=\"text-align: justify;\">Os empregadores est\u00e3o interessados em profissionais que tenham capacidade de pensar criativamente \u2014 ou \u201cfora da caixa\u201d, express\u00e3o j\u00e1 consagrada no mundo corporativo. S\u00e3o aquelas pessoas que cultivam a imagina\u00e7\u00e3o para solucionar problemas, analisando as situa\u00e7\u00f5es a partir de perspectivas inusitadas.<\/p>\n<p style=\"text-align: justify;\">Pensar fora da caixa significa descartar o \u00f3bvio, abandonar pensamentos tradicionais e repensar paradigmas. Tais habilidades profissionais s\u00e3o important\u00edssimas em \u00e1reas como publicidade, marketing, arte e design, mas tamb\u00e9m s\u00e3o muito valorizadas por empresas de qualquer segmento.<\/p>\n<h2 style=\"text-align: center;\"><span style=\"font-size: 12pt;\"><strong>Capacidade de lideran\u00e7a<\/strong><\/span><\/h2>\n<p style=\"text-align: justify;\">Ser um l\u00edder n\u00e3o implica, necessariamente, estar em posi\u00e7\u00e3o superior na hierarquia da empresa. Na verdade, a capacidade de lideran\u00e7a \u00e9 valorizada em qualquer colaborador, independentemente de seu cargo.<\/p>\n<p style=\"text-align: justify;\">Ter senso de lideran\u00e7a significa ser capaz de motivar e direcionar os outros, assumir responsabilidades, estabelecer objetivos, tomar iniciativas e ser perseverante. Um l\u00edder mant\u00e9m atitude positiva diante de frustra\u00e7\u00f5es e reconhece seus erros, al\u00e9m de saber lidar com inesperadas mudan\u00e7as de planos.<\/p>\n<p style=\"text-align: justify;\">Para concluir, al\u00e9m das habilidades profissionais que mencionamos neste post, os empregadores buscam profissionais que mostrem brilho nos olhos, como sin\u00f4nimo de entusiasmo.<\/p>\n<p style=\"text-align: justify;\">Vale a pena investir em seu desenvolvimento pessoal e profissional para se destacar no mercado de trabalho. Aproveite para ler <a title=\"Cinco dicas para se destacar no mercado de trabalho\" href=\"https:\/\/www.impacta.com.br\/blog\/2016\/08\/10\/cinco-dicas-para-se-destacar-no-mercado-de-trabalho\/\" target=\"_blank\" rel=\"noopener noreferrer\"><span style=\"text-decoration: underline;\">estas dicas para se sobressair entre a concorr\u00eancia<\/span><\/a>. Voc\u00ea vai gostar!<\/p>\n<div class=\"sharing-default-minimal post-bottom\"><div class=\"nectar-social default\" data-position=\"\" data-rm-love=\"0\" data-color-override=\"override\"><div class=\"nectar-social-inner\"><a href=\"#\" class=\"nectar-love\" id=\"nectar-love-9940\" title=\"Love this\"> <i class=\"icon-salient-heart-2\"><\/i><span class=\"love-text\">Love<\/span><span class=\"total_loves\"><span class=\"nectar-love-count\">0<\/span><\/span><\/a><a class='facebook-share nectar-sharing' href='#' title='Share this'> <i class='fa fa-facebook'><\/i> <span class='social-text'>Share<\/span> <\/a><a class='twitter-share nectar-sharing' href='#' title='Share this'> <i class='fa icon-salient-x-twitter'><\/i> <span class='social-text'>Share<\/span> <\/a><a class='linkedin-share nectar-sharing' href='#' title='Share this'> <i class='fa fa-linkedin'><\/i> <span class='social-text'>Share<\/span> <\/a><a class='pinterest-share nectar-sharing' href='#' title='Pin this'> <i class='fa fa-pinterest'><\/i> <span class='social-text'>Pin<\/span> <\/a><\/div><\/div><\/div>","protected":false},"excerpt":{"rendered":"<p>Mesmo que as empresas busquem um perfil espec\u00edfico para determinado cargo a ser preenchido, h\u00e1 habilidades profissionais que s\u00e3o sempre valorizadas por qualquer recrutador. Ent\u00e3o, se seu objetivo \u00e9 crescer e se destacar no mercado de trabalho, \u00e9 bom saber quais s\u00e3o essas habilidades e se empenhar em desenvolv\u00ea-las. Acredite: por mais que voc\u00ea seja [&hellip;]<\/p>\n","protected":false},"author":2,"featured_media":17371,"comment_status":"open","ping_status":"open","sticky":false,"template":"","format":"standard","meta":{"footnotes":""},"categories":[13],"tags":[],"class_list":["post-9940","post","type-post","status-publish","format-standard","has-post-thumbnail","hentry","category-carreira"],"yoast_head":"<!-- This site is optimized with the Yoast SEO plugin v25.1 - https:\/\/yoast.com\/wordpress\/plugins\/seo\/ -->\r\n<title>Quais habilidades profissionais mais importantes no mercado?<\/title>\r\n<meta name=\"description\" content=\"Algumas habilidades profissionais s\u00e3o sempre valorizadas por qualquer recrutador nas mais diversas empresas. Conhe\u00e7a e prepare-se para crescer no mercado!\" \/>\r\n<meta name=\"robots\" content=\"index, follow, max-snippet:-1, max-image-preview:large, max-video-preview:-1\" \/>\r\n<link rel=\"canonical\" href=\"https:\/\/www.impacta.com.br\/blog\/quais-as-habilidades-profissionais-mais-importantes-para-o-seu-crescimento-no-mercado\/\" \/>\r\n<meta property=\"og:locale\" content=\"pt_BR\" \/>\r\n<meta property=\"og:type\" content=\"article\" \/>\r\n<meta property=\"og:title\" content=\"Quais habilidades profissionais mais importantes no mercado?\" \/>\r\n<meta property=\"og:description\" content=\"Algumas habilidades profissionais s\u00e3o sempre valorizadas por qualquer recrutador nas mais diversas empresas. Conhe\u00e7a e prepare-se para crescer no mercado!\" \/>\r\n<meta property=\"og:url\" content=\"https:\/\/www.impacta.com.br\/blog\/quais-as-habilidades-profissionais-mais-importantes-para-o-seu-crescimento-no-mercado\/\" \/>\r\n<meta property=\"og:site_name\" content=\"Blog Impacta - Dicas e Not\u00edcias sobre Carreira\" \/>\r\n<meta property=\"article:published_time\" content=\"2016-08-29T19:46:38+00:00\" \/>\r\n<meta property=\"og:image\" content=\"https:\/\/www.impacta.com.br\/blog\/wp-content\/uploads\/2020\/04\/header_Habilidadesmercado.jpg\" \/>\r\n\t<meta property=\"og:image:width\" content=\"850\" \/>\r\n\t<meta property=\"og:image:height\" content=\"284\" \/>\r\n\t<meta property=\"og:image:type\" content=\"image\/jpeg\" \/>\r\n<meta name=\"author\" content=\"Reda\u00e7\u00e3o Impacta\" \/>\r\n<meta name=\"twitter:card\" content=\"summary_large_image\" \/>\r\n<meta name=\"twitter:label1\" content=\"Written by\" \/>\n\t<meta name=\"twitter:data1\" content=\"Reda\u00e7\u00e3o Impacta\" \/>\n\t<meta name=\"twitter:label2\" content=\"Est. reading time\" \/>\n\t<meta name=\"twitter:data2\" content=\"6 minutos\" \/>\r\n<script type=\"application\/ld+json\" class=\"yoast-schema-graph\">{\"@context\":\"https:\/\/schema.org\",\"@graph\":[{\"@type\":\"WebPage\",\"@id\":\"https:\/\/www.impacta.com.br\/blog\/quais-as-habilidades-profissionais-mais-importantes-para-o-seu-crescimento-no-mercado\/\",\"url\":\"https:\/\/www.impacta.com.br\/blog\/quais-as-habilidades-profissionais-mais-importantes-para-o-seu-crescimento-no-mercado\/\",\"name\":\"Quais habilidades profissionais mais importantes no mercado?\",\"isPartOf\":{\"@id\":\"https:\/\/www.impacta.com.br\/blog\/#website\"},\"primaryImageOfPage\":{\"@id\":\"https:\/\/www.impacta.com.br\/blog\/quais-as-habilidades-profissionais-mais-importantes-para-o-seu-crescimento-no-mercado\/#primaryimage\"},\"image\":{\"@id\":\"https:\/\/www.impacta.com.br\/blog\/quais-as-habilidades-profissionais-mais-importantes-para-o-seu-crescimento-no-mercado\/#primaryimage\"},\"thumbnailUrl\":\"https:\/\/www.impacta.com.br\/blog\/wp-content\/uploads\/2020\/04\/header_Habilidadesmercado.jpg\",\"datePublished\":\"2016-08-29T19:46:38+00:00\",\"author\":{\"@id\":\"https:\/\/www.impacta.com.br\/blog\/#\/schema\/person\/2e0896bac7656da15b68f5ad2ddd0d8c\"},\"description\":\"Algumas habilidades profissionais s\u00e3o sempre valorizadas por qualquer recrutador nas mais diversas empresas. Conhe\u00e7a e prepare-se para crescer no mercado!\",\"breadcrumb\":{\"@id\":\"https:\/\/www.impacta.com.br\/blog\/quais-as-habilidades-profissionais-mais-importantes-para-o-seu-crescimento-no-mercado\/#breadcrumb\"},\"inLanguage\":\"pt-BR\",\"potentialAction\":[{\"@type\":\"ReadAction\",\"target\":[\"https:\/\/www.impacta.com.br\/blog\/quais-as-habilidades-profissionais-mais-importantes-para-o-seu-crescimento-no-mercado\/\"]}]},{\"@type\":\"ImageObject\",\"inLanguage\":\"pt-BR\",\"@id\":\"https:\/\/www.impacta.com.br\/blog\/quais-as-habilidades-profissionais-mais-importantes-para-o-seu-crescimento-no-mercado\/#primaryimage\",\"url\":\"https:\/\/www.impacta.com.br\/blog\/wp-content\/uploads\/2020\/04\/header_Habilidadesmercado.jpg\",\"contentUrl\":\"https:\/\/www.impacta.com.br\/blog\/wp-content\/uploads\/2020\/04\/header_Habilidadesmercado.jpg\",\"width\":850,\"height\":284},{\"@type\":\"BreadcrumbList\",\"@id\":\"https:\/\/www.impacta.com.br\/blog\/quais-as-habilidades-profissionais-mais-importantes-para-o-seu-crescimento-no-mercado\/#breadcrumb\",\"itemListElement\":[{\"@type\":\"ListItem\",\"position\":1,\"name\":\"In\u00edcio\",\"item\":\"https:\/\/www.impacta.com.br\/blog\/\"},{\"@type\":\"ListItem\",\"position\":2,\"name\":\"Quais as habilidades profissionais mais importantes para o seu crescimento no mercado?\"}]},{\"@type\":\"WebSite\",\"@id\":\"https:\/\/www.impacta.com.br\/blog\/#website\",\"url\":\"https:\/\/www.impacta.com.br\/blog\/\",\"name\":\"Blog Impacta - Dicas e Not\u00edcias sobre Carreira\",\"description\":\"Dicas, Not\u00edcias e Conte\u00fados sobre Carreira, Tecnologia, Design, Gest\u00e3o e Marketing. Conhe\u00e7a e Acompanhe o Blog Impacta\",\"potentialAction\":[{\"@type\":\"SearchAction\",\"target\":{\"@type\":\"EntryPoint\",\"urlTemplate\":\"https:\/\/www.impacta.com.br\/blog\/?s={search_term_string}\"},\"query-input\":{\"@type\":\"PropertyValueSpecification\",\"valueRequired\":true,\"valueName\":\"search_term_string\"}}],\"inLanguage\":\"pt-BR\"},{\"@type\":\"Person\",\"@id\":\"https:\/\/www.impacta.com.br\/blog\/#\/schema\/person\/2e0896bac7656da15b68f5ad2ddd0d8c\",\"name\":\"Reda\u00e7\u00e3o Impacta\",\"image\":{\"@type\":\"ImageObject\",\"inLanguage\":\"pt-BR\",\"@id\":\"https:\/\/www.impacta.com.br\/blog\/#\/schema\/person\/image\/\",\"url\":\"https:\/\/secure.gravatar.com\/avatar\/7443a59e479c8f31067628e3a4bed9ad?s=96&d=mm&r=g\",\"contentUrl\":\"https:\/\/secure.gravatar.com\/avatar\/7443a59e479c8f31067628e3a4bed9ad?s=96&d=mm&r=g\",\"caption\":\"Reda\u00e7\u00e3o Impacta\"},\"url\":\"https:\/\/www.impacta.com.br\/blog\/author\/redacao\/\"}]}<\/script>\r\n<!-- \/ Yoast SEO plugin. -->","yoast_head_json":{"title":"Quais habilidades profissionais mais importantes no mercado?","description":"Algumas habilidades profissionais s\u00e3o sempre valorizadas por qualquer recrutador nas mais diversas empresas. Conhe\u00e7a e prepare-se para crescer no mercado!","robots":{"index":"index","follow":"follow","max-snippet":"max-snippet:-1","max-image-preview":"max-image-preview:large","max-video-preview":"max-video-preview:-1"},"canonical":"https:\/\/www.impacta.com.br\/blog\/quais-as-habilidades-profissionais-mais-importantes-para-o-seu-crescimento-no-mercado\/","og_locale":"pt_BR","og_type":"article","og_title":"Quais habilidades profissionais mais importantes no mercado?","og_description":"Algumas habilidades profissionais s\u00e3o sempre valorizadas por qualquer recrutador nas mais diversas empresas. Conhe\u00e7a e prepare-se para crescer no mercado!","og_url":"https:\/\/www.impacta.com.br\/blog\/quais-as-habilidades-profissionais-mais-importantes-para-o-seu-crescimento-no-mercado\/","og_site_name":"Blog Impacta - Dicas e Not\u00edcias sobre Carreira","article_published_time":"2016-08-29T19:46:38+00:00","og_image":[{"width":850,"height":284,"url":"https:\/\/www.impacta.com.br\/blog\/wp-content\/uploads\/2020\/04\/header_Habilidadesmercado.jpg","type":"image\/jpeg"}],"author":"Reda\u00e7\u00e3o Impacta","twitter_card":"summary_large_image","twitter_misc":{"Written by":"Reda\u00e7\u00e3o Impacta","Est. reading time":"6 minutos"},"schema":{"@context":"https:\/\/schema.org","@graph":[{"@type":"WebPage","@id":"https:\/\/www.impacta.com.br\/blog\/quais-as-habilidades-profissionais-mais-importantes-para-o-seu-crescimento-no-mercado\/","url":"https:\/\/www.impacta.com.br\/blog\/quais-as-habilidades-profissionais-mais-importantes-para-o-seu-crescimento-no-mercado\/","name":"Quais habilidades profissionais mais importantes no mercado?","isPartOf":{"@id":"https:\/\/www.impacta.com.br\/blog\/#website"},"primaryImageOfPage":{"@id":"https:\/\/www.impacta.com.br\/blog\/quais-as-habilidades-profissionais-mais-importantes-para-o-seu-crescimento-no-mercado\/#primaryimage"},"image":{"@id":"https:\/\/www.impacta.com.br\/blog\/quais-as-habilidades-profissionais-mais-importantes-para-o-seu-crescimento-no-mercado\/#primaryimage"},"thumbnailUrl":"https:\/\/www.impacta.com.br\/blog\/wp-content\/uploads\/2020\/04\/header_Habilidadesmercado.jpg","datePublished":"2016-08-29T19:46:38+00:00","author":{"@id":"https:\/\/www.impacta.com.br\/blog\/#\/schema\/person\/2e0896bac7656da15b68f5ad2ddd0d8c"},"description":"Algumas habilidades profissionais s\u00e3o sempre valorizadas por qualquer recrutador nas mais diversas empresas. Conhe\u00e7a e prepare-se para crescer no mercado!","breadcrumb":{"@id":"https:\/\/www.impacta.com.br\/blog\/quais-as-habilidades-profissionais-mais-importantes-para-o-seu-crescimento-no-mercado\/#breadcrumb"},"inLanguage":"pt-BR","potentialAction":[{"@type":"ReadAction","target":["https:\/\/www.impacta.com.br\/blog\/quais-as-habilidades-profissionais-mais-importantes-para-o-seu-crescimento-no-mercado\/"]}]},{"@type":"ImageObject","inLanguage":"pt-BR","@id":"https:\/\/www.impacta.com.br\/blog\/quais-as-habilidades-profissionais-mais-importantes-para-o-seu-crescimento-no-mercado\/#primaryimage","url":"https:\/\/www.impacta.com.br\/blog\/wp-content\/uploads\/2020\/04\/header_Habilidadesmercado.jpg","contentUrl":"https:\/\/www.impacta.com.br\/blog\/wp-content\/uploads\/2020\/04\/header_Habilidadesmercado.jpg","width":850,"height":284},{"@type":"BreadcrumbList","@id":"https:\/\/www.impacta.com.br\/blog\/quais-as-habilidades-profissionais-mais-importantes-para-o-seu-crescimento-no-mercado\/#breadcrumb","itemListElement":[{"@type":"ListItem","position":1,"name":"In\u00edcio","item":"https:\/\/www.impacta.com.br\/blog\/"},{"@type":"ListItem","position":2,"name":"Quais as habilidades profissionais mais importantes para o seu crescimento no mercado?"}]},{"@type":"WebSite","@id":"https:\/\/www.impacta.com.br\/blog\/#website","url":"https:\/\/www.impacta.com.br\/blog\/","name":"Blog Impacta - Dicas e Not\u00edcias sobre Carreira","description":"Dicas, Not\u00edcias e Conte\u00fados sobre Carreira, Tecnologia, Design, Gest\u00e3o e Marketing. Conhe\u00e7a e Acompanhe o Blog Impacta","potentialAction":[{"@type":"SearchAction","target":{"@type":"EntryPoint","urlTemplate":"https:\/\/www.impacta.com.br\/blog\/?s={search_term_string}"},"query-input":{"@type":"PropertyValueSpecification","valueRequired":true,"valueName":"search_term_string"}}],"inLanguage":"pt-BR"},{"@type":"Person","@id":"https:\/\/www.impacta.com.br\/blog\/#\/schema\/person\/2e0896bac7656da15b68f5ad2ddd0d8c","name":"Reda\u00e7\u00e3o Impacta","image":{"@type":"ImageObject","inLanguage":"pt-BR","@id":"https:\/\/www.impacta.com.br\/blog\/#\/schema\/person\/image\/","url":"https:\/\/secure.gravatar.com\/avatar\/7443a59e479c8f31067628e3a4bed9ad?s=96&d=mm&r=g","contentUrl":"https:\/\/secure.gravatar.com\/avatar\/7443a59e479c8f31067628e3a4bed9ad?s=96&d=mm&r=g","caption":"Reda\u00e7\u00e3o Impacta"},"url":"https:\/\/www.impacta.com.br\/blog\/author\/redacao\/"}]}},"acf":{"post_description":null,"capa_mobile":null},"_links":{"self":[{"href":"https:\/\/www.impacta.com.br\/blog\/wp-json\/wp\/v2\/posts\/9940","targetHints":{"allow":["GET"]}}],"collection":[{"href":"https:\/\/www.impacta.com.br\/blog\/wp-json\/wp\/v2\/posts"}],"about":[{"href":"https:\/\/www.impacta.com.br\/blog\/wp-json\/wp\/v2\/types\/post"}],"author":[{"embeddable":true,"href":"https:\/\/www.impacta.com.br\/blog\/wp-json\/wp\/v2\/users\/2"}],"replies":[{"embeddable":true,"href":"https:\/\/www.impacta.com.br\/blog\/wp-json\/wp\/v2\/comments?post=9940"}],"version-history":[{"count":0,"href":"https:\/\/www.impacta.com.br\/blog\/wp-json\/wp\/v2\/posts\/9940\/revisions"}],"wp:featuredmedia":[{"embeddable":true,"href":"https:\/\/www.impacta.com.br\/blog\/wp-json\/wp\/v2\/media\/17371"}],"wp:attachment":[{"href":"https:\/\/www.impacta.com.br\/blog\/wp-json\/wp\/v2\/media?parent=9940"}],"wp:term":[{"taxonomy":"category","embeddable":true,"href":"https:\/\/www.impacta.com.br\/blog\/wp-json\/wp\/v2\/categories?post=9940"},{"taxonomy":"post_tag","embeddable":true,"href":"https:\/\/www.impacta.com.br\/blog\/wp-json\/wp\/v2\/tags?post=9940"}],"curies":[{"name":"wp","href":"https:\/\/api.w.org\/{rel}","templated":true}]}}