{"id":954,"date":"2012-02-10T11:35:38","date_gmt":"2012-02-10T13:35:38","guid":{"rendered":"http:\/\/blogimpacta.com.br\/?p=954"},"modified":"2021-01-05T11:26:41","modified_gmt":"2021-01-05T14:26:41","slug":"como-otimizar-a-infraestrutura-das-nuvens","status":"publish","type":"post","link":"https:\/\/www.impacta.com.br\/blog\/como-otimizar-a-infraestrutura-das-nuvens\/","title":{"rendered":"Como otimizar a infraestrutura das Nuvens?"},"content":{"rendered":"<p><span style=\"font-size: 14pt;\"><strong>Ricardo Rodrigues \u00e9<\/strong> <em>Coordenador de Gradua\u00e7\u00e3o e P\u00f3s-gradua\u00e7\u00e3o Internacional em Redes de Computadores\u00a0<\/em>FIT &#8211; Faculdade Impacta Tecnologia<\/span><\/p>\n<div>\n<div>\n<div>\n<span style=\"font-size: 14pt;\"><em>Cloud Computing<\/em>, ou Computa\u00e7\u00e3o em Nuvem, \u00e9 um estilo de computa\u00e7\u00e3o no qual as informa\u00e7\u00f5es de TI s\u00e3o entregues como servi\u00e7o aos usu\u00e1rios finais, com alta escalabilidade e de maneira el\u00e1stica, atrav\u00e9s da Internet.\u00a0\u00a0<\/span><br \/>\n<span style=\"font-size: 14pt;\">O maior benef\u00edcio da utiliza\u00e7\u00e3o da computa\u00e7\u00e3o em nuvem \u00e9 de permitir a cria\u00e7\u00e3o de uma infraestrutura virtual \u00e1gil que pode ser ampliada ou reduzida conforme as necessidades da sua utiliza\u00e7\u00e3o e que \u00e9 provisionada sob demanda, como um servi\u00e7o.<\/span><\/p>\n<h2><span style=\"font-size: 14pt;\">\u00a0 \u00a0<strong>Os servi\u00e7os oferecidos na nuvem s\u00e3o classificados como:\u00a0<\/strong><\/span><\/h2>\n<\/div>\n<\/div>\n<\/div>\n<p><span style=\"font-size: 14pt;\"> &#8211; <strong>SaaS<\/strong> (Software como Servi\u00e7os) o qual \u00e9 focado no usu\u00e1rio final onde o software \u00e9 &#8220;alugado&#8221; de um provedor de servi\u00e7os ou inv\u00e9s de ser comprado.<\/span><br \/>\n<span style=\"font-size: 14pt;\"> &#8211; <strong>PaaS<\/strong> (Plataforma como Servi\u00e7o) \u00e9 utilizada por desenvolvedores de aplica\u00e7\u00f5es e que oferece uma plataforma de desenvolvimento onde o software pode ser desenvolvido, testado e implantado.<\/span><br \/>\n<span style=\"font-size: 14pt;\"> &#8211; <strong>IaaS<\/strong> (Infraestrutura como Servi\u00e7o) \u00e9 a utiliza\u00e7\u00e3o terceirizada da infraestrutura de computa\u00e7\u00e3o de um provedor de servi\u00e7os. Como exemplo, a aloca\u00e7\u00e3o de m\u00e1quinas virtuais em provedor de Internet.\u00a0As nuvens podem ser classificadas em Nuvem Privada (Interna), Nuvem P\u00fablica e Nuvem Hibrida.<\/span><br \/>\n<span style=\"font-size: 14pt;\">A Nuvem Privada \u00e9 uma estrutura em nuvem criada e gerenciada pela pr\u00f3pria corpora\u00e7\u00e3o. O departamento de TI dessa corpora\u00e7\u00e3o utiliza a nuvem para prover servi\u00e7os aos usu\u00e1rios internos.<\/span><br \/>\n<span style=\"font-size: 14pt;\">A Nuvem P\u00fablica \u00e9 uma infraestrutura que pertence e \u00e9 gerenciada por um provedor de servi\u00e7o externo a corpora\u00e7\u00e3o.<\/span><br \/>\n<span style=\"font-size: 14pt;\">J\u00e1 a Nuvem H\u00edbrida combina os modelos das nuvens p\u00fablicas e privadas, permitindo que uma nuvem privada possa ter seus recursos ampliados a partir de recursos em uma nuvem p\u00fablica.<\/span><br \/>\n<span style=\"font-size: 14pt;\">A arquitetura de computa\u00e7\u00e3o em nuvem est\u00e1 presente na nova gera\u00e7\u00e3o de data centers que utilizam infraestrutura de comunica\u00e7\u00e3o unificada e convergente, virtualiza\u00e7\u00e3o de servidores e storage, TI como servi\u00e7o, com otimiza\u00e7\u00e3o de custos e de energia, com aumento de tr\u00e1fego de dados e gerenciamento dos recursos utilizados de maneira eficiente.<\/span><\/p>\n<h3><strong><span style=\"font-size: 14pt;\">\u00a0 A otimiza\u00e7\u00e3o da infraestrutura da computa\u00e7\u00e3o em nuvem pode ser obtida pela:<\/span><\/strong><\/h3>\n<p><span style=\"font-size: 14pt;\"> &#8211; Redu\u00e7\u00e3o da complexidade e custo da infraestrutura da nuvem atrav\u00e9s da virtualiza\u00e7\u00e3o, da alta disponibilidade da informa\u00e7\u00e3o e balanceamento de carga na nuvem<\/span><br \/>\n<span style=\"font-size: 14pt;\">&#8211; \u00a0Utiliza\u00e7\u00e3o eficiente da Energia atrav\u00e9s do Green Data Center (Green IT)<\/span><br \/>\n<span style=\"font-size: 14pt;\">&#8211; \u00a0Utiliza\u00e7\u00e3o e integra\u00e7\u00e3o de boas pr\u00e1ticas de gerenciamento de servi\u00e7os com o ITIL<\/span><br \/>\n<span style=\"font-size: 14pt;\">&#8211; \u00a0Otimiza\u00e7\u00e3o da distribui\u00e7\u00e3o e gerenciamento da informa\u00e7\u00e3o atrav\u00e9s das nuvens p\u00fablicas, privadas e h\u00edbridas, reduzindo-se assim os gastos de TI<\/span><br \/>\n<span style=\"font-size: 14pt;\">Quer saber mais? Venha assistir a palestra do professor:\u00a0Tema:A Nova Gera\u00e7\u00e3o de Data Centers &#8211; Como Projetar, Gerenciar e Diminuir o Consumo de Energia?\u00a011\/02\/2012 Local: Faculdade Impacta Tecnologia \u2013 Rua Arab\u00e9, 71 \u2013 Vila Clementino Hor\u00e1rio: 11h \u00e0s 13h<\/span><br \/>\n<span style=\"font-size: 14pt;\">Curtiu o post? Deixe seu coment\u00e1rios nos contando se voc\u00ea sabia que poderia otimizar a infraestrutura da Nuvem ou caso tenha ficado alguma d\u00favida!<\/span><\/p>\n<div class=\"sharing-default-minimal post-bottom\"><div class=\"nectar-social default\" data-position=\"\" data-rm-love=\"0\" data-color-override=\"override\"><div class=\"nectar-social-inner\"><a href=\"#\" class=\"nectar-love\" id=\"nectar-love-954\" title=\"Love this\"> <i class=\"icon-salient-heart-2\"><\/i><span class=\"love-text\">Love<\/span><span class=\"total_loves\"><span class=\"nectar-love-count\">0<\/span><\/span><\/a><a class='facebook-share nectar-sharing' href='#' title='Share this'> <i class='fa fa-facebook'><\/i> <span class='social-text'>Share<\/span> <\/a><a class='twitter-share nectar-sharing' href='#' title='Share this'> <i class='fa icon-salient-x-twitter'><\/i> <span class='social-text'>Share<\/span> <\/a><a class='linkedin-share nectar-sharing' href='#' title='Share this'> <i class='fa fa-linkedin'><\/i> <span class='social-text'>Share<\/span> <\/a><a class='pinterest-share nectar-sharing' href='#' title='Pin this'> <i class='fa fa-pinterest'><\/i> <span class='social-text'>Pin<\/span> <\/a><\/div><\/div><\/div>","protected":false},"excerpt":{"rendered":"<p>Ricardo Rodrigues \u00e9 Coordenador de Gradua\u00e7\u00e3o e P\u00f3s-gradua\u00e7\u00e3o Internacional em Redes de Computadores\u00a0FIT &#8211; Faculdade Impacta Tecnologia Cloud Computing, ou Computa\u00e7\u00e3o em Nuvem, \u00e9 um estilo de computa\u00e7\u00e3o no qual as informa\u00e7\u00f5es de TI s\u00e3o entregues como servi\u00e7o aos usu\u00e1rios finais, com alta escalabilidade e de maneira el\u00e1stica, atrav\u00e9s da Internet.\u00a0\u00a0 O maior benef\u00edcio da [&hellip;]<\/p>\n","protected":false},"author":2,"featured_media":17593,"comment_status":"open","ping_status":"open","sticky":false,"template":"","format":"standard","meta":{"footnotes":""},"categories":[3],"tags":[60,61,11],"class_list":["post-954","post","type-post","status-publish","format-standard","has-post-thumbnail","hentry","category-tecnologia","tag-cloud-computing","tag-nuvem","tag-tecnologia"],"yoast_head":"<!-- This site is optimized with the Yoast SEO plugin v25.1 - https:\/\/yoast.com\/wordpress\/plugins\/seo\/ -->\r\n<title>Como otimizar a infraestrutura das Nuvens?<\/title>\r\n<meta name=\"description\" content=\"As nuvens s\u00e3o bancos de armazenamento de dados que oferecem tanto espa\u00e7o quando seguran\u00e7a para o usu\u00e1rio, mas voc\u00ea sabia que elas podem ser otimizadas?\" \/>\r\n<meta name=\"robots\" content=\"index, follow, max-snippet:-1, max-image-preview:large, max-video-preview:-1\" \/>\r\n<link rel=\"canonical\" href=\"https:\/\/www.impacta.com.br\/blog\/como-otimizar-a-infraestrutura-das-nuvens\/\" \/>\r\n<meta property=\"og:locale\" content=\"pt_BR\" \/>\r\n<meta property=\"og:type\" content=\"article\" \/>\r\n<meta property=\"og:title\" content=\"Como otimizar a infraestrutura das Nuvens?\" \/>\r\n<meta property=\"og:description\" content=\"As nuvens s\u00e3o bancos de armazenamento de dados que oferecem tanto espa\u00e7o quando seguran\u00e7a para o usu\u00e1rio, mas voc\u00ea sabia que elas podem ser otimizadas?\" \/>\r\n<meta property=\"og:url\" content=\"https:\/\/www.impacta.com.br\/blog\/como-otimizar-a-infraestrutura-das-nuvens\/\" \/>\r\n<meta property=\"og:site_name\" content=\"Blog Impacta - Dicas e Not\u00edcias sobre Carreira\" \/>\r\n<meta property=\"article:published_time\" content=\"2012-02-10T13:35:38+00:00\" \/>\r\n<meta property=\"article:modified_time\" content=\"2021-01-05T14:26:41+00:00\" \/>\r\n<meta property=\"og:image\" content=\"https:\/\/www.impacta.com.br\/blog\/wp-content\/uploads\/2020\/04\/Fotolia_44045413_Subscription_XXL2.jpg\" \/>\r\n\t<meta property=\"og:image:width\" content=\"1080\" \/>\r\n\t<meta property=\"og:image:height\" content=\"720\" \/>\r\n\t<meta property=\"og:image:type\" content=\"image\/jpeg\" \/>\r\n<meta name=\"author\" content=\"Reda\u00e7\u00e3o Impacta\" \/>\r\n<meta name=\"twitter:card\" content=\"summary_large_image\" \/>\r\n<meta name=\"twitter:label1\" content=\"Written by\" \/>\n\t<meta name=\"twitter:data1\" content=\"Reda\u00e7\u00e3o Impacta\" \/>\n\t<meta name=\"twitter:label2\" content=\"Est. reading time\" \/>\n\t<meta name=\"twitter:data2\" content=\"3 minutos\" \/>\r\n<script type=\"application\/ld+json\" class=\"yoast-schema-graph\">{\"@context\":\"https:\/\/schema.org\",\"@graph\":[{\"@type\":\"WebPage\",\"@id\":\"https:\/\/www.impacta.com.br\/blog\/como-otimizar-a-infraestrutura-das-nuvens\/\",\"url\":\"https:\/\/www.impacta.com.br\/blog\/como-otimizar-a-infraestrutura-das-nuvens\/\",\"name\":\"Como otimizar a infraestrutura das Nuvens?\",\"isPartOf\":{\"@id\":\"https:\/\/www.impacta.com.br\/blog\/#website\"},\"primaryImageOfPage\":{\"@id\":\"https:\/\/www.impacta.com.br\/blog\/como-otimizar-a-infraestrutura-das-nuvens\/#primaryimage\"},\"image\":{\"@id\":\"https:\/\/www.impacta.com.br\/blog\/como-otimizar-a-infraestrutura-das-nuvens\/#primaryimage\"},\"thumbnailUrl\":\"https:\/\/www.impacta.com.br\/blog\/wp-content\/uploads\/2020\/04\/Fotolia_44045413_Subscription_XXL2.jpg\",\"datePublished\":\"2012-02-10T13:35:38+00:00\",\"dateModified\":\"2021-01-05T14:26:41+00:00\",\"author\":{\"@id\":\"https:\/\/www.impacta.com.br\/blog\/#\/schema\/person\/2e0896bac7656da15b68f5ad2ddd0d8c\"},\"description\":\"As nuvens s\u00e3o bancos de armazenamento de dados que oferecem tanto espa\u00e7o quando seguran\u00e7a para o usu\u00e1rio, mas voc\u00ea sabia que elas podem ser otimizadas?\",\"breadcrumb\":{\"@id\":\"https:\/\/www.impacta.com.br\/blog\/como-otimizar-a-infraestrutura-das-nuvens\/#breadcrumb\"},\"inLanguage\":\"pt-BR\",\"potentialAction\":[{\"@type\":\"ReadAction\",\"target\":[\"https:\/\/www.impacta.com.br\/blog\/como-otimizar-a-infraestrutura-das-nuvens\/\"]}]},{\"@type\":\"ImageObject\",\"inLanguage\":\"pt-BR\",\"@id\":\"https:\/\/www.impacta.com.br\/blog\/como-otimizar-a-infraestrutura-das-nuvens\/#primaryimage\",\"url\":\"https:\/\/www.impacta.com.br\/blog\/wp-content\/uploads\/2020\/04\/Fotolia_44045413_Subscription_XXL2.jpg\",\"contentUrl\":\"https:\/\/www.impacta.com.br\/blog\/wp-content\/uploads\/2020\/04\/Fotolia_44045413_Subscription_XXL2.jpg\",\"width\":5616,\"height\":3744,\"caption\":\"Cloud computing concept - busnessman hand connecting to the cloud\"},{\"@type\":\"BreadcrumbList\",\"@id\":\"https:\/\/www.impacta.com.br\/blog\/como-otimizar-a-infraestrutura-das-nuvens\/#breadcrumb\",\"itemListElement\":[{\"@type\":\"ListItem\",\"position\":1,\"name\":\"In\u00edcio\",\"item\":\"https:\/\/www.impacta.com.br\/blog\/\"},{\"@type\":\"ListItem\",\"position\":2,\"name\":\"Como otimizar a infraestrutura das Nuvens?\"}]},{\"@type\":\"WebSite\",\"@id\":\"https:\/\/www.impacta.com.br\/blog\/#website\",\"url\":\"https:\/\/www.impacta.com.br\/blog\/\",\"name\":\"Blog Impacta - Dicas e Not\u00edcias sobre Carreira\",\"description\":\"Dicas, Not\u00edcias e Conte\u00fados sobre Carreira, Tecnologia, Design, Gest\u00e3o e Marketing. Conhe\u00e7a e Acompanhe o Blog Impacta\",\"potentialAction\":[{\"@type\":\"SearchAction\",\"target\":{\"@type\":\"EntryPoint\",\"urlTemplate\":\"https:\/\/www.impacta.com.br\/blog\/?s={search_term_string}\"},\"query-input\":{\"@type\":\"PropertyValueSpecification\",\"valueRequired\":true,\"valueName\":\"search_term_string\"}}],\"inLanguage\":\"pt-BR\"},{\"@type\":\"Person\",\"@id\":\"https:\/\/www.impacta.com.br\/blog\/#\/schema\/person\/2e0896bac7656da15b68f5ad2ddd0d8c\",\"name\":\"Reda\u00e7\u00e3o Impacta\",\"image\":{\"@type\":\"ImageObject\",\"inLanguage\":\"pt-BR\",\"@id\":\"https:\/\/www.impacta.com.br\/blog\/#\/schema\/person\/image\/\",\"url\":\"https:\/\/secure.gravatar.com\/avatar\/7443a59e479c8f31067628e3a4bed9ad?s=96&d=mm&r=g\",\"contentUrl\":\"https:\/\/secure.gravatar.com\/avatar\/7443a59e479c8f31067628e3a4bed9ad?s=96&d=mm&r=g\",\"caption\":\"Reda\u00e7\u00e3o Impacta\"},\"url\":\"https:\/\/www.impacta.com.br\/blog\/author\/redacao\/\"}]}<\/script>\r\n<!-- \/ Yoast SEO plugin. -->","yoast_head_json":{"title":"Como otimizar a infraestrutura das Nuvens?","description":"As nuvens s\u00e3o bancos de armazenamento de dados que oferecem tanto espa\u00e7o quando seguran\u00e7a para o usu\u00e1rio, mas voc\u00ea sabia que elas podem ser otimizadas?","robots":{"index":"index","follow":"follow","max-snippet":"max-snippet:-1","max-image-preview":"max-image-preview:large","max-video-preview":"max-video-preview:-1"},"canonical":"https:\/\/www.impacta.com.br\/blog\/como-otimizar-a-infraestrutura-das-nuvens\/","og_locale":"pt_BR","og_type":"article","og_title":"Como otimizar a infraestrutura das Nuvens?","og_description":"As nuvens s\u00e3o bancos de armazenamento de dados que oferecem tanto espa\u00e7o quando seguran\u00e7a para o usu\u00e1rio, mas voc\u00ea sabia que elas podem ser otimizadas?","og_url":"https:\/\/www.impacta.com.br\/blog\/como-otimizar-a-infraestrutura-das-nuvens\/","og_site_name":"Blog Impacta - Dicas e Not\u00edcias sobre Carreira","article_published_time":"2012-02-10T13:35:38+00:00","article_modified_time":"2021-01-05T14:26:41+00:00","og_image":[{"url":"https:\/\/www.impacta.com.br\/blog\/wp-content\/uploads\/2020\/04\/Fotolia_44045413_Subscription_XXL2.jpg","width":1080,"height":720,"type":"image\/jpeg"}],"author":"Reda\u00e7\u00e3o Impacta","twitter_card":"summary_large_image","twitter_misc":{"Written by":"Reda\u00e7\u00e3o Impacta","Est. reading time":"3 minutos"},"schema":{"@context":"https:\/\/schema.org","@graph":[{"@type":"WebPage","@id":"https:\/\/www.impacta.com.br\/blog\/como-otimizar-a-infraestrutura-das-nuvens\/","url":"https:\/\/www.impacta.com.br\/blog\/como-otimizar-a-infraestrutura-das-nuvens\/","name":"Como otimizar a infraestrutura das Nuvens?","isPartOf":{"@id":"https:\/\/www.impacta.com.br\/blog\/#website"},"primaryImageOfPage":{"@id":"https:\/\/www.impacta.com.br\/blog\/como-otimizar-a-infraestrutura-das-nuvens\/#primaryimage"},"image":{"@id":"https:\/\/www.impacta.com.br\/blog\/como-otimizar-a-infraestrutura-das-nuvens\/#primaryimage"},"thumbnailUrl":"https:\/\/www.impacta.com.br\/blog\/wp-content\/uploads\/2020\/04\/Fotolia_44045413_Subscription_XXL2.jpg","datePublished":"2012-02-10T13:35:38+00:00","dateModified":"2021-01-05T14:26:41+00:00","author":{"@id":"https:\/\/www.impacta.com.br\/blog\/#\/schema\/person\/2e0896bac7656da15b68f5ad2ddd0d8c"},"description":"As nuvens s\u00e3o bancos de armazenamento de dados que oferecem tanto espa\u00e7o quando seguran\u00e7a para o usu\u00e1rio, mas voc\u00ea sabia que elas podem ser otimizadas?","breadcrumb":{"@id":"https:\/\/www.impacta.com.br\/blog\/como-otimizar-a-infraestrutura-das-nuvens\/#breadcrumb"},"inLanguage":"pt-BR","potentialAction":[{"@type":"ReadAction","target":["https:\/\/www.impacta.com.br\/blog\/como-otimizar-a-infraestrutura-das-nuvens\/"]}]},{"@type":"ImageObject","inLanguage":"pt-BR","@id":"https:\/\/www.impacta.com.br\/blog\/como-otimizar-a-infraestrutura-das-nuvens\/#primaryimage","url":"https:\/\/www.impacta.com.br\/blog\/wp-content\/uploads\/2020\/04\/Fotolia_44045413_Subscription_XXL2.jpg","contentUrl":"https:\/\/www.impacta.com.br\/blog\/wp-content\/uploads\/2020\/04\/Fotolia_44045413_Subscription_XXL2.jpg","width":5616,"height":3744,"caption":"Cloud computing concept - busnessman hand connecting to the cloud"},{"@type":"BreadcrumbList","@id":"https:\/\/www.impacta.com.br\/blog\/como-otimizar-a-infraestrutura-das-nuvens\/#breadcrumb","itemListElement":[{"@type":"ListItem","position":1,"name":"In\u00edcio","item":"https:\/\/www.impacta.com.br\/blog\/"},{"@type":"ListItem","position":2,"name":"Como otimizar a infraestrutura das Nuvens?"}]},{"@type":"WebSite","@id":"https:\/\/www.impacta.com.br\/blog\/#website","url":"https:\/\/www.impacta.com.br\/blog\/","name":"Blog Impacta - Dicas e Not\u00edcias sobre Carreira","description":"Dicas, Not\u00edcias e Conte\u00fados sobre Carreira, Tecnologia, Design, Gest\u00e3o e Marketing. Conhe\u00e7a e Acompanhe o Blog Impacta","potentialAction":[{"@type":"SearchAction","target":{"@type":"EntryPoint","urlTemplate":"https:\/\/www.impacta.com.br\/blog\/?s={search_term_string}"},"query-input":{"@type":"PropertyValueSpecification","valueRequired":true,"valueName":"search_term_string"}}],"inLanguage":"pt-BR"},{"@type":"Person","@id":"https:\/\/www.impacta.com.br\/blog\/#\/schema\/person\/2e0896bac7656da15b68f5ad2ddd0d8c","name":"Reda\u00e7\u00e3o Impacta","image":{"@type":"ImageObject","inLanguage":"pt-BR","@id":"https:\/\/www.impacta.com.br\/blog\/#\/schema\/person\/image\/","url":"https:\/\/secure.gravatar.com\/avatar\/7443a59e479c8f31067628e3a4bed9ad?s=96&d=mm&r=g","contentUrl":"https:\/\/secure.gravatar.com\/avatar\/7443a59e479c8f31067628e3a4bed9ad?s=96&d=mm&r=g","caption":"Reda\u00e7\u00e3o Impacta"},"url":"https:\/\/www.impacta.com.br\/blog\/author\/redacao\/"}]}},"acf":{"post_description":null,"capa_mobile":null},"_links":{"self":[{"href":"https:\/\/www.impacta.com.br\/blog\/wp-json\/wp\/v2\/posts\/954","targetHints":{"allow":["GET"]}}],"collection":[{"href":"https:\/\/www.impacta.com.br\/blog\/wp-json\/wp\/v2\/posts"}],"about":[{"href":"https:\/\/www.impacta.com.br\/blog\/wp-json\/wp\/v2\/types\/post"}],"author":[{"embeddable":true,"href":"https:\/\/www.impacta.com.br\/blog\/wp-json\/wp\/v2\/users\/2"}],"replies":[{"embeddable":true,"href":"https:\/\/www.impacta.com.br\/blog\/wp-json\/wp\/v2\/comments?post=954"}],"version-history":[{"count":0,"href":"https:\/\/www.impacta.com.br\/blog\/wp-json\/wp\/v2\/posts\/954\/revisions"}],"wp:featuredmedia":[{"embeddable":true,"href":"https:\/\/www.impacta.com.br\/blog\/wp-json\/wp\/v2\/media\/17593"}],"wp:attachment":[{"href":"https:\/\/www.impacta.com.br\/blog\/wp-json\/wp\/v2\/media?parent=954"}],"wp:term":[{"taxonomy":"category","embeddable":true,"href":"https:\/\/www.impacta.com.br\/blog\/wp-json\/wp\/v2\/categories?post=954"},{"taxonomy":"post_tag","embeddable":true,"href":"https:\/\/www.impacta.com.br\/blog\/wp-json\/wp\/v2\/tags?post=954"}],"curies":[{"name":"wp","href":"https:\/\/api.w.org\/{rel}","templated":true}]}}