{"id":92,"date":"2011-04-20T16:17:18","date_gmt":"2011-04-20T19:17:18","guid":{"rendered":"http:\/\/dwbr.org\/blog\/?p=92"},"modified":"2011-04-20T16:17:18","modified_gmt":"2011-04-20T19:17:18","slug":"marketing-de-conteudo-2","status":"publish","type":"post","link":"https:\/\/www.impacta.com.br\/blog\/marketing-de-conteudo-2\/","title":{"rendered":"Marketing Digital: o conte\u00fado \u00e9 TUDO!"},"content":{"rendered":"<p><span style=\"font-size: 14pt;\"><strong>Por Felipe Morais,<\/strong><\/span><br \/>\n<span style=\"font-size: 14pt;\">N\u00e3o \u00e9 de hoje que defendo que a principal estrat\u00e9gia de\u00a0<strong>Marketing Digital\u00a0<\/strong>\u00e9 o conte\u00fado. Se o mercado tem como premissa conceitos como, \u201crelev\u00e2ncia\u201d, \u201cengajamento\u201d, \u201crelacionamento\u201d e \u201cpresen\u00e7a digital\u201d, afirmo que nenhum deles ser\u00e1 um sucesso sem conte\u00fado. Ou algu\u00e9m acredita que uma pessoa v\u00e1 seguir um perfil no Twitter parado ou uma comunidade no Facebook entregue \u201c\u00e0s moscas\u201d? <strong>Eu n\u00e3o acredito.<\/strong><\/span><br \/>\n<span style=\"font-size: 14pt;\">Assim como o marketing lan\u00e7a v\u00e1rios conceitos como Marketing de Engajamento, Marketing de Permiss\u00e3o, Marketing Digital, vamos falar do Marketing de Conte\u00fado. Mas, na minha vis\u00e3o, tudo pode ser resumido em uma simples palavra:\u00a0<strong>Marketing<\/strong>.<\/span><br \/>\n<span style=\"font-size: 14pt;\">Esse conceito pode ser visto de v\u00e1rias formas. Um <em>publieditorial<\/em> pode ser considerado marketing de conte\u00fado? Na minha vis\u00e3o, <strong>sim<\/strong>. Um programa de TV de uma marca pode entrar nesse conceito? <strong>Acredito que sim, tamb\u00e9m<\/strong>. <\/span><br \/>\n<span style=\"font-size: 14pt;\">Afinal, esse conceito nada mais \u00e9 do que gerar conte\u00fado relevante da marca e expor ao consumidor de forma diferente a propaganda. <em>Publieditorial<\/em>, por exemplo, \u00e9 muito usado em revistas como \u201cInforme Publicit\u00e1rio\u201d, que na minha vis\u00e3o trata-se de uma propaganda com \u201ccara\u201d de informativo, de mat\u00e9ria jornal\u00edstica.<\/span><br \/>\n<span style=\"font-size: 14pt;\">Uma tend\u00eancia que tem aparecido no Brasil de forma at\u00e9 t\u00edmida, mas que acredito ser uma das a\u00e7\u00f5es que podem ser bastante usadas nos pr\u00f3ximos anos \u00e9 a parceria de marcas com canais de TV, onde as marcas s\u00e3o inseridas no contexto do programa.<\/span><br \/>\n<span style=\"font-size: 14pt;\"> N\u00e3o se trata daquele merchandising usado em programas de fofoca da tarde ou daquela cena da novela em que a personagem resolve tirar dinheiro e vai a uma ag\u00eancia do banco X. <\/span><br \/>\n<span style=\"font-size: 14pt;\">Trata-se de um programa inteiro sobre um assunto onde uma marca est\u00e1 no contexto da hist\u00f3ria, uma propaganda que n\u00e3o \u00e9 inc\u00f4moda e mostra o produto sendo usado. Experi\u00eancia de produto.\u00a0<\/span><br \/>\n<span style=\"font-size: 14pt;\">Recentemente um caso foi bem comentado no Brasil. Trata-se da parceria da Land Rover com o canal de TV a cabo Discovery. O canal tem diversos programas sobre viagens ao redor do planeta. Com o tema \u201c<a href=\"https:\/\/www.youtube.com\/watch?v=DTZWRgxKtOc\" target=\"_blank\" rel=\"noopener noreferrer\">A gente vive de contar hist\u00f3rias<\/a>\u201d, o programa rodou algumas cidades brasileiras a bordo de um carro da marca. <\/span><br \/>\n<span style=\"font-size: 14pt;\">N\u00e3o havia uma\u00a0<strong>propaganda<\/strong> \u201cdescarada\u201d do carro durante o programa, mas ao longo da 1 hora de dura\u00e7\u00e3o, o carro aparecia diversas vezes mostrando o conceito de carro aventureiro. N\u00e3o sei se no meio do programa havia inser\u00e7\u00f5es da marca, mas nesse caso, acredito ser dinheiro jogado fora, pois o carro j\u00e1 estava bem exposto no programa.<\/span><br \/>\n<span style=\"font-size: 14pt;\">Outro recente caso \u00e9 da Camargo Correia e o canal Discovery tamb\u00e9m. Apoiada em programas como \u201cGrandes Constru\u00e7\u00f5es\u201d, a marca quer estar presente nos programas do Brasil mostrando que ela ajuda no desenvolvimento do pa\u00eds com suas constru\u00e7\u00f5es que trazem progresso e empregos.<\/span><br \/>\n<span style=\"font-size: 14pt;\"><strong>Marketing de Conte\u00fado<\/strong> pode ser uma nova forma das marcas anunciarem. O comercial de 30 segundos n\u00e3o \u00e9 mais t\u00e3o efetivo como h\u00e1 alguns anos, as pessoas est\u00e3o cada vez mais em diversas\u00a0<strong>m\u00eddias<\/strong> e querendo consumir conte\u00fado.<\/span><br \/>\n<span style=\"font-size: 14pt;\"><em><strong>*Felipe Morais<\/strong> (<a href=\"https:\/\/www.twitter.com\/plannerfelipe\" target=\"_blank\" rel=\"noopener noreferrer\">@plannerfelipe<\/a>) \u00e9 especialista em planejamento estrat\u00e9gico digital e professor da P\u00f3s Gradua\u00e7\u00e3o em Marketing Digital da Faculdade Impacta<\/em><\/span><br \/>\n&nbsp;<\/p>\n<div class=\"sharing-default-minimal post-bottom\"><div class=\"nectar-social default\" data-position=\"\" data-rm-love=\"0\" data-color-override=\"override\"><div class=\"nectar-social-inner\"><a href=\"#\" class=\"nectar-love\" id=\"nectar-love-92\" title=\"Love this\"> <i class=\"icon-salient-heart-2\"><\/i><span class=\"love-text\">Love<\/span><span class=\"total_loves\"><span class=\"nectar-love-count\">0<\/span><\/span><\/a><a class='facebook-share nectar-sharing' href='#' title='Share this'> <i class='fa fa-facebook'><\/i> <span class='social-text'>Share<\/span> <\/a><a class='twitter-share nectar-sharing' href='#' title='Share this'> <i class='fa icon-salient-x-twitter'><\/i> <span class='social-text'>Share<\/span> <\/a><a class='linkedin-share nectar-sharing' href='#' title='Share this'> <i class='fa fa-linkedin'><\/i> <span class='social-text'>Share<\/span> <\/a><a class='pinterest-share nectar-sharing' href='#' title='Pin this'> <i class='fa fa-pinterest'><\/i> <span class='social-text'>Pin<\/span> <\/a><\/div><\/div><\/div>","protected":false},"excerpt":{"rendered":"<p>Por Felipe Morais, N\u00e3o \u00e9 de hoje que defendo que a principal estrat\u00e9gia de\u00a0Marketing Digital\u00a0\u00e9 o conte\u00fado. Se o mercado tem como premissa conceitos como, \u201crelev\u00e2ncia\u201d, \u201cengajamento\u201d, \u201crelacionamento\u201d e \u201cpresen\u00e7a digital\u201d, afirmo que nenhum deles ser\u00e1 um sucesso sem conte\u00fado. Ou algu\u00e9m acredita que uma pessoa v\u00e1 seguir um perfil no Twitter parado ou uma [&hellip;]<\/p>\n","protected":false},"author":2,"featured_media":17239,"comment_status":"open","ping_status":"open","sticky":false,"template":"","format":"standard","meta":{"footnotes":""},"categories":[3],"tags":[34,31],"class_list":["post-92","post","type-post","status-publish","format-standard","has-post-thumbnail","hentry","category-tecnologia","tag-marketing-de-conteudo","tag-marketing-digital"],"yoast_head":"<!-- This site is optimized with the Yoast SEO plugin v25.1 - https:\/\/yoast.com\/wordpress\/plugins\/seo\/ -->\r\n<title>Marketing Digital: o conte\u00fado \u00e9 TUDO!<\/title>\r\n<meta name=\"description\" content=\"A principal estrat\u00e9gia de marketing \u00e9 o conte\u00fado, estando presente nas mais diversas e variadas formas dentro das plataformas.\" \/>\r\n<meta name=\"robots\" content=\"index, follow, max-snippet:-1, max-image-preview:large, max-video-preview:-1\" \/>\r\n<link rel=\"canonical\" href=\"https:\/\/www.impacta.com.br\/blog\/marketing-de-conteudo-2\/\" \/>\r\n<meta property=\"og:locale\" content=\"pt_BR\" \/>\r\n<meta property=\"og:type\" content=\"article\" \/>\r\n<meta property=\"og:title\" content=\"Marketing Digital: o conte\u00fado \u00e9 TUDO!\" \/>\r\n<meta property=\"og:description\" content=\"A principal estrat\u00e9gia de marketing \u00e9 o conte\u00fado, estando presente nas mais diversas e variadas formas dentro das plataformas.\" \/>\r\n<meta property=\"og:url\" content=\"https:\/\/www.impacta.com.br\/blog\/marketing-de-conteudo-2\/\" \/>\r\n<meta property=\"og:site_name\" content=\"Blog Impacta - Dicas e Not\u00edcias sobre Carreira\" \/>\r\n<meta property=\"article:published_time\" content=\"2011-04-20T19:17:18+00:00\" \/>\r\n<meta property=\"og:image\" content=\"https:\/\/www.impacta.com.br\/blog\/wp-content\/uploads\/2020\/04\/6-dicas-para-criar-um-conteudo-interessante-para-seus-seguidores.jpg\" \/>\r\n\t<meta property=\"og:image:width\" content=\"850\" \/>\r\n\t<meta property=\"og:image:height\" content=\"284\" \/>\r\n\t<meta property=\"og:image:type\" content=\"image\/jpeg\" \/>\r\n<meta name=\"author\" content=\"Reda\u00e7\u00e3o Impacta\" \/>\r\n<meta name=\"twitter:card\" content=\"summary_large_image\" \/>\r\n<meta name=\"twitter:label1\" content=\"Written by\" \/>\n\t<meta name=\"twitter:data1\" content=\"Reda\u00e7\u00e3o Impacta\" \/>\n\t<meta name=\"twitter:label2\" content=\"Est. reading time\" \/>\n\t<meta name=\"twitter:data2\" content=\"3 minutos\" \/>\r\n<script type=\"application\/ld+json\" class=\"yoast-schema-graph\">{\"@context\":\"https:\/\/schema.org\",\"@graph\":[{\"@type\":\"WebPage\",\"@id\":\"https:\/\/www.impacta.com.br\/blog\/marketing-de-conteudo-2\/\",\"url\":\"https:\/\/www.impacta.com.br\/blog\/marketing-de-conteudo-2\/\",\"name\":\"Marketing Digital: o conte\u00fado \u00e9 TUDO!\",\"isPartOf\":{\"@id\":\"https:\/\/www.impacta.com.br\/blog\/#website\"},\"primaryImageOfPage\":{\"@id\":\"https:\/\/www.impacta.com.br\/blog\/marketing-de-conteudo-2\/#primaryimage\"},\"image\":{\"@id\":\"https:\/\/www.impacta.com.br\/blog\/marketing-de-conteudo-2\/#primaryimage\"},\"thumbnailUrl\":\"https:\/\/www.impacta.com.br\/blog\/wp-content\/uploads\/2020\/04\/6-dicas-para-criar-um-conteudo-interessante-para-seus-seguidores.jpg\",\"datePublished\":\"2011-04-20T19:17:18+00:00\",\"author\":{\"@id\":\"https:\/\/www.impacta.com.br\/blog\/#\/schema\/person\/2e0896bac7656da15b68f5ad2ddd0d8c\"},\"description\":\"A principal estrat\u00e9gia de marketing \u00e9 o conte\u00fado, estando presente nas mais diversas e variadas formas dentro das plataformas.\",\"breadcrumb\":{\"@id\":\"https:\/\/www.impacta.com.br\/blog\/marketing-de-conteudo-2\/#breadcrumb\"},\"inLanguage\":\"pt-BR\",\"potentialAction\":[{\"@type\":\"ReadAction\",\"target\":[\"https:\/\/www.impacta.com.br\/blog\/marketing-de-conteudo-2\/\"]}]},{\"@type\":\"ImageObject\",\"inLanguage\":\"pt-BR\",\"@id\":\"https:\/\/www.impacta.com.br\/blog\/marketing-de-conteudo-2\/#primaryimage\",\"url\":\"https:\/\/www.impacta.com.br\/blog\/wp-content\/uploads\/2020\/04\/6-dicas-para-criar-um-conteudo-interessante-para-seus-seguidores.jpg\",\"contentUrl\":\"https:\/\/www.impacta.com.br\/blog\/wp-content\/uploads\/2020\/04\/6-dicas-para-criar-um-conteudo-interessante-para-seus-seguidores.jpg\",\"width\":850,\"height\":284},{\"@type\":\"BreadcrumbList\",\"@id\":\"https:\/\/www.impacta.com.br\/blog\/marketing-de-conteudo-2\/#breadcrumb\",\"itemListElement\":[{\"@type\":\"ListItem\",\"position\":1,\"name\":\"In\u00edcio\",\"item\":\"https:\/\/www.impacta.com.br\/blog\/\"},{\"@type\":\"ListItem\",\"position\":2,\"name\":\"Marketing Digital: o conte\u00fado \u00e9 TUDO!\"}]},{\"@type\":\"WebSite\",\"@id\":\"https:\/\/www.impacta.com.br\/blog\/#website\",\"url\":\"https:\/\/www.impacta.com.br\/blog\/\",\"name\":\"Blog Impacta - Dicas e Not\u00edcias sobre Carreira\",\"description\":\"Dicas, Not\u00edcias e Conte\u00fados sobre Carreira, Tecnologia, Design, Gest\u00e3o e Marketing. Conhe\u00e7a e Acompanhe o Blog Impacta\",\"potentialAction\":[{\"@type\":\"SearchAction\",\"target\":{\"@type\":\"EntryPoint\",\"urlTemplate\":\"https:\/\/www.impacta.com.br\/blog\/?s={search_term_string}\"},\"query-input\":{\"@type\":\"PropertyValueSpecification\",\"valueRequired\":true,\"valueName\":\"search_term_string\"}}],\"inLanguage\":\"pt-BR\"},{\"@type\":\"Person\",\"@id\":\"https:\/\/www.impacta.com.br\/blog\/#\/schema\/person\/2e0896bac7656da15b68f5ad2ddd0d8c\",\"name\":\"Reda\u00e7\u00e3o Impacta\",\"image\":{\"@type\":\"ImageObject\",\"inLanguage\":\"pt-BR\",\"@id\":\"https:\/\/www.impacta.com.br\/blog\/#\/schema\/person\/image\/\",\"url\":\"https:\/\/secure.gravatar.com\/avatar\/7443a59e479c8f31067628e3a4bed9ad?s=96&d=mm&r=g\",\"contentUrl\":\"https:\/\/secure.gravatar.com\/avatar\/7443a59e479c8f31067628e3a4bed9ad?s=96&d=mm&r=g\",\"caption\":\"Reda\u00e7\u00e3o Impacta\"},\"url\":\"https:\/\/www.impacta.com.br\/blog\/author\/redacao\/\"}]}<\/script>\r\n<!-- \/ Yoast SEO plugin. -->","yoast_head_json":{"title":"Marketing Digital: o conte\u00fado \u00e9 TUDO!","description":"A principal estrat\u00e9gia de marketing \u00e9 o conte\u00fado, estando presente nas mais diversas e variadas formas dentro das plataformas.","robots":{"index":"index","follow":"follow","max-snippet":"max-snippet:-1","max-image-preview":"max-image-preview:large","max-video-preview":"max-video-preview:-1"},"canonical":"https:\/\/www.impacta.com.br\/blog\/marketing-de-conteudo-2\/","og_locale":"pt_BR","og_type":"article","og_title":"Marketing Digital: o conte\u00fado \u00e9 TUDO!","og_description":"A principal estrat\u00e9gia de marketing \u00e9 o conte\u00fado, estando presente nas mais diversas e variadas formas dentro das plataformas.","og_url":"https:\/\/www.impacta.com.br\/blog\/marketing-de-conteudo-2\/","og_site_name":"Blog Impacta - Dicas e Not\u00edcias sobre Carreira","article_published_time":"2011-04-20T19:17:18+00:00","og_image":[{"width":850,"height":284,"url":"https:\/\/www.impacta.com.br\/blog\/wp-content\/uploads\/2020\/04\/6-dicas-para-criar-um-conteudo-interessante-para-seus-seguidores.jpg","type":"image\/jpeg"}],"author":"Reda\u00e7\u00e3o Impacta","twitter_card":"summary_large_image","twitter_misc":{"Written by":"Reda\u00e7\u00e3o Impacta","Est. reading time":"3 minutos"},"schema":{"@context":"https:\/\/schema.org","@graph":[{"@type":"WebPage","@id":"https:\/\/www.impacta.com.br\/blog\/marketing-de-conteudo-2\/","url":"https:\/\/www.impacta.com.br\/blog\/marketing-de-conteudo-2\/","name":"Marketing Digital: o conte\u00fado \u00e9 TUDO!","isPartOf":{"@id":"https:\/\/www.impacta.com.br\/blog\/#website"},"primaryImageOfPage":{"@id":"https:\/\/www.impacta.com.br\/blog\/marketing-de-conteudo-2\/#primaryimage"},"image":{"@id":"https:\/\/www.impacta.com.br\/blog\/marketing-de-conteudo-2\/#primaryimage"},"thumbnailUrl":"https:\/\/www.impacta.com.br\/blog\/wp-content\/uploads\/2020\/04\/6-dicas-para-criar-um-conteudo-interessante-para-seus-seguidores.jpg","datePublished":"2011-04-20T19:17:18+00:00","author":{"@id":"https:\/\/www.impacta.com.br\/blog\/#\/schema\/person\/2e0896bac7656da15b68f5ad2ddd0d8c"},"description":"A principal estrat\u00e9gia de marketing \u00e9 o conte\u00fado, estando presente nas mais diversas e variadas formas dentro das plataformas.","breadcrumb":{"@id":"https:\/\/www.impacta.com.br\/blog\/marketing-de-conteudo-2\/#breadcrumb"},"inLanguage":"pt-BR","potentialAction":[{"@type":"ReadAction","target":["https:\/\/www.impacta.com.br\/blog\/marketing-de-conteudo-2\/"]}]},{"@type":"ImageObject","inLanguage":"pt-BR","@id":"https:\/\/www.impacta.com.br\/blog\/marketing-de-conteudo-2\/#primaryimage","url":"https:\/\/www.impacta.com.br\/blog\/wp-content\/uploads\/2020\/04\/6-dicas-para-criar-um-conteudo-interessante-para-seus-seguidores.jpg","contentUrl":"https:\/\/www.impacta.com.br\/blog\/wp-content\/uploads\/2020\/04\/6-dicas-para-criar-um-conteudo-interessante-para-seus-seguidores.jpg","width":850,"height":284},{"@type":"BreadcrumbList","@id":"https:\/\/www.impacta.com.br\/blog\/marketing-de-conteudo-2\/#breadcrumb","itemListElement":[{"@type":"ListItem","position":1,"name":"In\u00edcio","item":"https:\/\/www.impacta.com.br\/blog\/"},{"@type":"ListItem","position":2,"name":"Marketing Digital: o conte\u00fado \u00e9 TUDO!"}]},{"@type":"WebSite","@id":"https:\/\/www.impacta.com.br\/blog\/#website","url":"https:\/\/www.impacta.com.br\/blog\/","name":"Blog Impacta - Dicas e Not\u00edcias sobre Carreira","description":"Dicas, Not\u00edcias e Conte\u00fados sobre Carreira, Tecnologia, Design, Gest\u00e3o e Marketing. Conhe\u00e7a e Acompanhe o Blog Impacta","potentialAction":[{"@type":"SearchAction","target":{"@type":"EntryPoint","urlTemplate":"https:\/\/www.impacta.com.br\/blog\/?s={search_term_string}"},"query-input":{"@type":"PropertyValueSpecification","valueRequired":true,"valueName":"search_term_string"}}],"inLanguage":"pt-BR"},{"@type":"Person","@id":"https:\/\/www.impacta.com.br\/blog\/#\/schema\/person\/2e0896bac7656da15b68f5ad2ddd0d8c","name":"Reda\u00e7\u00e3o Impacta","image":{"@type":"ImageObject","inLanguage":"pt-BR","@id":"https:\/\/www.impacta.com.br\/blog\/#\/schema\/person\/image\/","url":"https:\/\/secure.gravatar.com\/avatar\/7443a59e479c8f31067628e3a4bed9ad?s=96&d=mm&r=g","contentUrl":"https:\/\/secure.gravatar.com\/avatar\/7443a59e479c8f31067628e3a4bed9ad?s=96&d=mm&r=g","caption":"Reda\u00e7\u00e3o Impacta"},"url":"https:\/\/www.impacta.com.br\/blog\/author\/redacao\/"}]}},"acf":{"post_description":null,"capa_mobile":null},"_links":{"self":[{"href":"https:\/\/www.impacta.com.br\/blog\/wp-json\/wp\/v2\/posts\/92","targetHints":{"allow":["GET"]}}],"collection":[{"href":"https:\/\/www.impacta.com.br\/blog\/wp-json\/wp\/v2\/posts"}],"about":[{"href":"https:\/\/www.impacta.com.br\/blog\/wp-json\/wp\/v2\/types\/post"}],"author":[{"embeddable":true,"href":"https:\/\/www.impacta.com.br\/blog\/wp-json\/wp\/v2\/users\/2"}],"replies":[{"embeddable":true,"href":"https:\/\/www.impacta.com.br\/blog\/wp-json\/wp\/v2\/comments?post=92"}],"version-history":[{"count":0,"href":"https:\/\/www.impacta.com.br\/blog\/wp-json\/wp\/v2\/posts\/92\/revisions"}],"wp:featuredmedia":[{"embeddable":true,"href":"https:\/\/www.impacta.com.br\/blog\/wp-json\/wp\/v2\/media\/17239"}],"wp:attachment":[{"href":"https:\/\/www.impacta.com.br\/blog\/wp-json\/wp\/v2\/media?parent=92"}],"wp:term":[{"taxonomy":"category","embeddable":true,"href":"https:\/\/www.impacta.com.br\/blog\/wp-json\/wp\/v2\/categories?post=92"},{"taxonomy":"post_tag","embeddable":true,"href":"https:\/\/www.impacta.com.br\/blog\/wp-json\/wp\/v2\/tags?post=92"}],"curies":[{"name":"wp","href":"https:\/\/api.w.org\/{rel}","templated":true}]}}