{"id":8113,"date":"2015-11-12T17:47:31","date_gmt":"2015-11-12T19:47:31","guid":{"rendered":"http:\/\/www.impacta.com.br\/blog\/?p=8113"},"modified":"2021-01-05T09:52:33","modified_gmt":"2021-01-05T12:52:33","slug":"5o-edicao-da-expo-lug-movimenta-o-fim-de-semana-na-faculdade-impacta-tecnologia","status":"publish","type":"post","link":"https:\/\/www.impacta.com.br\/blog\/5o-edicao-da-expo-lug-movimenta-o-fim-de-semana-na-faculdade-impacta-tecnologia\/","title":{"rendered":"5\u00ba Edi\u00e7\u00e3o da EXPO LUG movimenta a Faculdade Impacta"},"content":{"rendered":"<p style=\"text-align: justify;\">Nos dias 07 e 08 de novembro, a <strong>Faculdade Impacta<\/strong> recebeu a <strong>5\u00ba edi\u00e7\u00e3o da Expo LUG<\/strong>, uma exposi\u00e7\u00e3o que re\u00fane f\u00e3s e admiradores das pe\u00e7as de <strong>LEGO.<\/strong>\u00a0A exposi\u00e7\u00e3o \u00e9 organizada totalmente pelos pr\u00f3prios f\u00e3s do famoso bloco de montar, denominados de Lego User Groups (LUG). Em resumo, o evento foi sensacional!<\/p>\n<p style=\"text-align: justify;\">Al\u00e9m dos famosos <strong>LEGO\u00ae City<\/strong>\u00a0e <strong>LEGO\u00ae Castle,<\/strong> os sets que mais encantaram e surpreenderam os mais de 5000 visitantes que passaram pela Faculdade nos dois dias de evento foram as pe\u00e7as de\u00a0<strong>Star Wars, Technic e Harry Potter<\/strong>.<\/p>\n<p style=\"text-align: center;\"><a href=\"https:\/\/www.impacta.com.br\/blog\/wp-content\/uploads\/2015\/11\/LEGO12.jpg\" target=\"_blank\" rel=\"noopener noreferrer\"><img loading=\"lazy\" decoding=\"async\" class=\"aligncenter wp-image-8117\" title=\"Expo LUG contou com a presen\u00e7a de cerca de 5 mil visitantes\" src=\"https:\/\/www.impacta.com.br\/blog\/wp-content\/uploads\/2015\/11\/LEGO12.jpg\" alt=\"Expo LUG contou com a presen\u00e7a de cerca de 5 mil visitantes\" width=\"450\" height=\"337\" \/><\/a><\/p>\n<p style=\"text-align: justify;\">Quem passou pela exposi\u00e7\u00e3o do domingo ainda pode acompanhar uma competi\u00e7\u00e3o de SUM\u00d4, com rob\u00f4s feitos de pe\u00e7as de LEGO e programados para lutarem na arena. A competi\u00e7\u00e3o levou os f\u00e3s presentes ao del\u00edrio.<\/p>\n<p style=\"text-align: justify;\">Tamb\u00e9m n\u00e3o faltaram as novidades do fabricante dinamarqu\u00eas, como os novos sets da linha <strong>Princess, Minecraft e Ninjago<\/strong>, que abrilhantaram ainda mais o evento.<\/p>\n<p style=\"text-align: center;\"><a href=\"https:\/\/www.impacta.com.br\/blog\/wp-content\/uploads\/2015\/11\/LEGO8.jpg\" target=\"_blank\" rel=\"noopener noreferrer\"><img loading=\"lazy\" decoding=\"async\" class=\"aligncenter wp-image-8116\" title=\"LEGO\" src=\"https:\/\/www.impacta.com.br\/blog\/wp-content\/uploads\/2015\/11\/LEGO8.jpg\" alt=\"LEGO\" width=\"450\" height=\"337\" \/><\/a><\/p>\n<h2 style=\"text-align: center;\"><strong><span style=\"font-size: 12pt;\">Evento ainda teve\u00a0Workshop de Jogos Digitais<\/span><\/strong><\/h2>\n<p style=\"text-align: justify;\">O p\u00fablico ainda pode participar do <strong>Workshop de Jogos Digitais<\/strong> promovido pela Faculdade Impacta. Em uma hora, o Prof. Diego Carvalho, docente da <a title=\"Gradua\u00e7\u00e3o em Jogos Digitais\" href=\"https:\/\/www.impacta.edu.br\/vestibular\/graduacao-jogos-digitais\/\" target=\"_blank\" rel=\"noopener noreferrer\">gradua\u00e7\u00e3o de Jogos Digitais<\/a> da Faculdade, mostrou na pr\u00e1tica como desenvolver um game em apenas uma hora, atrav\u00e9s do laborat\u00f3rio e softwares utilizados pelos alunos nas aulas.<\/p>\n<p style=\"text-align: justify;\">Al\u00e9m disso, grandes esculturas foram disponibilizadas pela distribuidora oficial da LEGO no Brasil e muitos produtos in\u00e9ditos estavam dispon\u00edveis para compra na loja oficial do evento.<\/p>\n<p style=\"text-align: center;\"><a href=\"https:\/\/www.impacta.com.br\/blog\/wp-content\/uploads\/2015\/11\/LEGO2.jpg\" target=\"_blank\" rel=\"noopener noreferrer\"><img loading=\"lazy\" decoding=\"async\" class=\"aligncenter wp-image-8115\" title=\"LEGO - Darth Vader\" src=\"https:\/\/www.impacta.com.br\/blog\/wp-content\/uploads\/2015\/11\/LEGO2.jpg\" alt=\"LEGO - Darth Vader\" width=\"337\" height=\"450\" \/><\/a><\/p>\n<p style=\"text-align: justify;\"><strong>Voc\u00ea foi \u00e0 Expo LUG 2015?<\/strong> Deixe seu coment\u00e1rio e conte para a gente o que mais gostou na exposi\u00e7\u00e3o. Fique atento a agenda de eventos da Impacta atrav\u00e9s do site <a href=\"https:\/\/impacta.com.br\/eventos\" target=\"_blank\" rel=\"noopener noreferrer\">impacta.com.br\/eventos<\/a> e n\u00e3o perca mais eventos como esse.<\/p>\n<h2 style=\"text-align: center;\"><strong><span style=\"font-size: 12pt;\">Confira mais fotos da\u00a0Expo LUG 2015<\/span><\/strong><\/h2>\n<p style=\"text-align: center;\"><a href=\"https:\/\/www.impacta.com.br\/blog\/wp-content\/uploads\/2015\/11\/LEGO1.jpg\" target=\"_blank\" rel=\"noopener noreferrer\"><img loading=\"lazy\" decoding=\"async\" class=\"aligncenter wp-image-8114\" title=\"LEGO\" src=\"https:\/\/www.impacta.com.br\/blog\/wp-content\/uploads\/2015\/11\/LEGO1.jpg\" alt=\"LEGO\" width=\"450\" height=\"338\" \/><\/a><\/p>\n<p style=\"text-align: center;\"><a href=\"https:\/\/www.impacta.com.br\/blog\/wp-content\/uploads\/2015\/11\/LEGO4.jpg\" target=\"_blank\" rel=\"noopener noreferrer\"><img loading=\"lazy\" decoding=\"async\" class=\"aligncenter wp-image-8120\" title=\"LEGO4\" src=\"https:\/\/www.impacta.com.br\/blog\/wp-content\/uploads\/2015\/11\/LEGO4.jpg\" alt=\"LEGO4\" width=\"338\" height=\"450\" \/><\/a><\/p>\n<p style=\"text-align: center;\"><a href=\"https:\/\/www.impacta.com.br\/blog\/wp-content\/uploads\/2015\/11\/LEGO3.jpg\" target=\"_blank\" rel=\"noopener noreferrer\"><img loading=\"lazy\" decoding=\"async\" class=\"aligncenter wp-image-8121\" title=\"LEGO3\" src=\"https:\/\/www.impacta.com.br\/blog\/wp-content\/uploads\/2015\/11\/LEGO3.jpg\" alt=\"LEGO3\" width=\"450\" height=\"337\" \/><\/a><\/p>\n<p style=\"text-align: center;\"><a href=\"https:\/\/www.impacta.com.br\/blog\/wp-content\/uploads\/2015\/11\/LEGO11.jpg\" target=\"_blank\" rel=\"noopener noreferrer\"><img loading=\"lazy\" decoding=\"async\" class=\"wp-image-8123\" title=\"LEGO11\" src=\"https:\/\/www.impacta.com.br\/blog\/wp-content\/uploads\/2015\/11\/LEGO11.jpg\" alt=\"LEGO11\" width=\"450\" height=\"337\" \/><\/a><\/p>\n<p style=\"text-align: center;\"><a href=\"https:\/\/www.impacta.com.br\/blog\/wp-content\/uploads\/2015\/11\/LEGO10.jpg\" target=\"_blank\" rel=\"noopener noreferrer\"><img loading=\"lazy\" decoding=\"async\" class=\"wp-image-8124 aligncenter\" title=\"LEGO10\" src=\"https:\/\/www.impacta.com.br\/blog\/wp-content\/uploads\/2015\/11\/LEGO10.jpg\" alt=\"LEGO10\" width=\"337\" height=\"450\" \/><\/a><\/p>\n<p style=\"text-align: center;\"><strong>Cr\u00e9dito fotos:<\/strong> Alan Pereira \u2013 aluno do 3\u00ba semestre de Produ\u00e7\u00e3o Multim\u00eddia da Faculdade Impacta.<\/p>\n<div class=\"sharing-default-minimal post-bottom\"><div class=\"nectar-social default\" data-position=\"\" data-rm-love=\"0\" data-color-override=\"override\"><div class=\"nectar-social-inner\"><a href=\"#\" class=\"nectar-love\" id=\"nectar-love-8113\" title=\"Love this\"> <i class=\"icon-salient-heart-2\"><\/i><span class=\"love-text\">Love<\/span><span class=\"total_loves\"><span class=\"nectar-love-count\">0<\/span><\/span><\/a><a class='facebook-share nectar-sharing' href='#' title='Share this'> <i class='fa fa-facebook'><\/i> <span class='social-text'>Share<\/span> <\/a><a class='twitter-share nectar-sharing' href='#' title='Share this'> <i class='fa icon-salient-x-twitter'><\/i> <span class='social-text'>Share<\/span> <\/a><a class='linkedin-share nectar-sharing' href='#' title='Share this'> <i class='fa fa-linkedin'><\/i> <span class='social-text'>Share<\/span> <\/a><a class='pinterest-share nectar-sharing' href='#' title='Pin this'> <i class='fa fa-pinterest'><\/i> <span class='social-text'>Pin<\/span> <\/a><\/div><\/div><\/div>","protected":false},"excerpt":{"rendered":"<p>Nos dias 07 e 08 de novembro, a Faculdade Impacta recebeu a 5\u00ba edi\u00e7\u00e3o da Expo LUG, uma exposi\u00e7\u00e3o que re\u00fane f\u00e3s e admiradores das pe\u00e7as de LEGO.\u00a0A exposi\u00e7\u00e3o \u00e9 organizada totalmente pelos pr\u00f3prios f\u00e3s do famoso bloco de montar, denominados de Lego User Groups (LUG). Em resumo, o evento foi sensacional! Al\u00e9m dos famosos [&hellip;]<\/p>\n","protected":false},"author":11,"featured_media":16924,"comment_status":"open","ping_status":"open","sticky":false,"template":"","format":"standard","meta":{"footnotes":""},"categories":[1092],"tags":[381,281,275],"class_list":["post-8113","post","type-post","status-publish","format-standard","has-post-thumbnail","hentry","category-impacta","tag-expo-lug","tag-faculdade-impacta","tag-lego"],"yoast_head":"<!-- This site is optimized with the Yoast SEO plugin v25.1 - https:\/\/yoast.com\/wordpress\/plugins\/seo\/ -->\r\n<title>5\u00ba Edi\u00e7\u00e3o da EXPO LUG movimenta a Faculdade Impacta<\/title>\r\n<meta name=\"description\" content=\"A Faculdade Impacta recebeu no \u00faltimo final de semana a 5\u00ba edi\u00e7\u00e3o da Expo LUG, uma exposi\u00e7\u00e3o que re\u00fane f\u00e3s e admiradores das pe\u00e7as de LEGO. Veja como foi!\" \/>\r\n<meta name=\"robots\" content=\"index, follow, max-snippet:-1, max-image-preview:large, max-video-preview:-1\" \/>\r\n<link rel=\"canonical\" href=\"https:\/\/www.impacta.com.br\/blog\/5o-edicao-da-expo-lug-movimenta-o-fim-de-semana-na-faculdade-impacta-tecnologia\/\" \/>\r\n<meta property=\"og:locale\" content=\"pt_BR\" \/>\r\n<meta property=\"og:type\" content=\"article\" \/>\r\n<meta property=\"og:title\" content=\"5\u00ba Edi\u00e7\u00e3o da EXPO LUG movimenta a Faculdade Impacta\" \/>\r\n<meta property=\"og:description\" content=\"A Faculdade Impacta recebeu no \u00faltimo final de semana a 5\u00ba edi\u00e7\u00e3o da Expo LUG, uma exposi\u00e7\u00e3o que re\u00fane f\u00e3s e admiradores das pe\u00e7as de LEGO. Veja como foi!\" \/>\r\n<meta property=\"og:url\" content=\"https:\/\/www.impacta.com.br\/blog\/5o-edicao-da-expo-lug-movimenta-o-fim-de-semana-na-faculdade-impacta-tecnologia\/\" \/>\r\n<meta property=\"og:site_name\" content=\"Blog Impacta - Dicas e Not\u00edcias sobre Carreira\" \/>\r\n<meta property=\"article:published_time\" content=\"2015-11-12T19:47:31+00:00\" \/>\r\n<meta property=\"article:modified_time\" content=\"2021-01-05T12:52:33+00:00\" \/>\r\n<meta property=\"og:image\" content=\"https:\/\/www.impacta.com.br\/blog\/wp-content\/uploads\/2020\/04\/capa-blog-Guia-da-gestao-de-midias-sociais.jpg\" \/>\r\n\t<meta property=\"og:image:width\" content=\"850\" \/>\r\n\t<meta property=\"og:image:height\" content=\"294\" \/>\r\n\t<meta property=\"og:image:type\" content=\"image\/jpeg\" \/>\r\n<meta name=\"author\" content=\"Rodrigo Cipullo\" \/>\r\n<meta name=\"twitter:card\" content=\"summary_large_image\" \/>\r\n<meta name=\"twitter:label1\" content=\"Written by\" \/>\n\t<meta name=\"twitter:data1\" content=\"Rodrigo Cipullo\" \/>\n\t<meta name=\"twitter:label2\" content=\"Est. reading time\" \/>\n\t<meta name=\"twitter:data2\" content=\"2 minutos\" \/>\r\n<script type=\"application\/ld+json\" class=\"yoast-schema-graph\">{\"@context\":\"https:\/\/schema.org\",\"@graph\":[{\"@type\":\"WebPage\",\"@id\":\"https:\/\/www.impacta.com.br\/blog\/5o-edicao-da-expo-lug-movimenta-o-fim-de-semana-na-faculdade-impacta-tecnologia\/\",\"url\":\"https:\/\/www.impacta.com.br\/blog\/5o-edicao-da-expo-lug-movimenta-o-fim-de-semana-na-faculdade-impacta-tecnologia\/\",\"name\":\"5\u00ba Edi\u00e7\u00e3o da EXPO LUG movimenta a Faculdade Impacta\",\"isPartOf\":{\"@id\":\"https:\/\/www.impacta.com.br\/blog\/#website\"},\"primaryImageOfPage\":{\"@id\":\"https:\/\/www.impacta.com.br\/blog\/5o-edicao-da-expo-lug-movimenta-o-fim-de-semana-na-faculdade-impacta-tecnologia\/#primaryimage\"},\"image\":{\"@id\":\"https:\/\/www.impacta.com.br\/blog\/5o-edicao-da-expo-lug-movimenta-o-fim-de-semana-na-faculdade-impacta-tecnologia\/#primaryimage\"},\"thumbnailUrl\":\"https:\/\/www.impacta.com.br\/blog\/wp-content\/uploads\/2020\/04\/capa-blog-Guia-da-gestao-de-midias-sociais.jpg\",\"datePublished\":\"2015-11-12T19:47:31+00:00\",\"dateModified\":\"2021-01-05T12:52:33+00:00\",\"author\":{\"@id\":\"https:\/\/www.impacta.com.br\/blog\/#\/schema\/person\/4d65bba672b23058e6f6868c2007e9e4\"},\"description\":\"A Faculdade Impacta recebeu no \u00faltimo final de semana a 5\u00ba edi\u00e7\u00e3o da Expo LUG, uma exposi\u00e7\u00e3o que re\u00fane f\u00e3s e admiradores das pe\u00e7as de LEGO. Veja como foi!\",\"breadcrumb\":{\"@id\":\"https:\/\/www.impacta.com.br\/blog\/5o-edicao-da-expo-lug-movimenta-o-fim-de-semana-na-faculdade-impacta-tecnologia\/#breadcrumb\"},\"inLanguage\":\"pt-BR\",\"potentialAction\":[{\"@type\":\"ReadAction\",\"target\":[\"https:\/\/www.impacta.com.br\/blog\/5o-edicao-da-expo-lug-movimenta-o-fim-de-semana-na-faculdade-impacta-tecnologia\/\"]}]},{\"@type\":\"ImageObject\",\"inLanguage\":\"pt-BR\",\"@id\":\"https:\/\/www.impacta.com.br\/blog\/5o-edicao-da-expo-lug-movimenta-o-fim-de-semana-na-faculdade-impacta-tecnologia\/#primaryimage\",\"url\":\"https:\/\/www.impacta.com.br\/blog\/wp-content\/uploads\/2020\/04\/capa-blog-Guia-da-gestao-de-midias-sociais.jpg\",\"contentUrl\":\"https:\/\/www.impacta.com.br\/blog\/wp-content\/uploads\/2020\/04\/capa-blog-Guia-da-gestao-de-midias-sociais.jpg\",\"width\":850,\"height\":294},{\"@type\":\"BreadcrumbList\",\"@id\":\"https:\/\/www.impacta.com.br\/blog\/5o-edicao-da-expo-lug-movimenta-o-fim-de-semana-na-faculdade-impacta-tecnologia\/#breadcrumb\",\"itemListElement\":[{\"@type\":\"ListItem\",\"position\":1,\"name\":\"In\u00edcio\",\"item\":\"https:\/\/www.impacta.com.br\/blog\/\"},{\"@type\":\"ListItem\",\"position\":2,\"name\":\"5\u00ba Edi\u00e7\u00e3o da EXPO LUG movimenta a Faculdade Impacta\"}]},{\"@type\":\"WebSite\",\"@id\":\"https:\/\/www.impacta.com.br\/blog\/#website\",\"url\":\"https:\/\/www.impacta.com.br\/blog\/\",\"name\":\"Blog Impacta - Dicas e Not\u00edcias sobre Carreira\",\"description\":\"Dicas, Not\u00edcias e Conte\u00fados sobre Carreira, Tecnologia, Design, Gest\u00e3o e Marketing. Conhe\u00e7a e Acompanhe o Blog Impacta\",\"potentialAction\":[{\"@type\":\"SearchAction\",\"target\":{\"@type\":\"EntryPoint\",\"urlTemplate\":\"https:\/\/www.impacta.com.br\/blog\/?s={search_term_string}\"},\"query-input\":{\"@type\":\"PropertyValueSpecification\",\"valueRequired\":true,\"valueName\":\"search_term_string\"}}],\"inLanguage\":\"pt-BR\"},{\"@type\":\"Person\",\"@id\":\"https:\/\/www.impacta.com.br\/blog\/#\/schema\/person\/4d65bba672b23058e6f6868c2007e9e4\",\"name\":\"Rodrigo Cipullo\",\"image\":{\"@type\":\"ImageObject\",\"inLanguage\":\"pt-BR\",\"@id\":\"https:\/\/www.impacta.com.br\/blog\/#\/schema\/person\/image\/\",\"url\":\"https:\/\/secure.gravatar.com\/avatar\/4208f3295cdc2e6605ecbea31c73f7fd?s=96&d=mm&r=g\",\"contentUrl\":\"https:\/\/secure.gravatar.com\/avatar\/4208f3295cdc2e6605ecbea31c73f7fd?s=96&d=mm&r=g\",\"caption\":\"Rodrigo Cipullo\"},\"url\":\"https:\/\/www.impacta.com.br\/blog\/author\/rodrigo-cippulo\/\"}]}<\/script>\r\n<!-- \/ Yoast SEO plugin. -->","yoast_head_json":{"title":"5\u00ba Edi\u00e7\u00e3o da EXPO LUG movimenta a Faculdade Impacta","description":"A Faculdade Impacta recebeu no \u00faltimo final de semana a 5\u00ba edi\u00e7\u00e3o da Expo LUG, uma exposi\u00e7\u00e3o que re\u00fane f\u00e3s e admiradores das pe\u00e7as de LEGO. Veja como foi!","robots":{"index":"index","follow":"follow","max-snippet":"max-snippet:-1","max-image-preview":"max-image-preview:large","max-video-preview":"max-video-preview:-1"},"canonical":"https:\/\/www.impacta.com.br\/blog\/5o-edicao-da-expo-lug-movimenta-o-fim-de-semana-na-faculdade-impacta-tecnologia\/","og_locale":"pt_BR","og_type":"article","og_title":"5\u00ba Edi\u00e7\u00e3o da EXPO LUG movimenta a Faculdade Impacta","og_description":"A Faculdade Impacta recebeu no \u00faltimo final de semana a 5\u00ba edi\u00e7\u00e3o da Expo LUG, uma exposi\u00e7\u00e3o que re\u00fane f\u00e3s e admiradores das pe\u00e7as de LEGO. Veja como foi!","og_url":"https:\/\/www.impacta.com.br\/blog\/5o-edicao-da-expo-lug-movimenta-o-fim-de-semana-na-faculdade-impacta-tecnologia\/","og_site_name":"Blog Impacta - Dicas e Not\u00edcias sobre Carreira","article_published_time":"2015-11-12T19:47:31+00:00","article_modified_time":"2021-01-05T12:52:33+00:00","og_image":[{"width":850,"height":294,"url":"https:\/\/www.impacta.com.br\/blog\/wp-content\/uploads\/2020\/04\/capa-blog-Guia-da-gestao-de-midias-sociais.jpg","type":"image\/jpeg"}],"author":"Rodrigo Cipullo","twitter_card":"summary_large_image","twitter_misc":{"Written by":"Rodrigo Cipullo","Est. reading time":"2 minutos"},"schema":{"@context":"https:\/\/schema.org","@graph":[{"@type":"WebPage","@id":"https:\/\/www.impacta.com.br\/blog\/5o-edicao-da-expo-lug-movimenta-o-fim-de-semana-na-faculdade-impacta-tecnologia\/","url":"https:\/\/www.impacta.com.br\/blog\/5o-edicao-da-expo-lug-movimenta-o-fim-de-semana-na-faculdade-impacta-tecnologia\/","name":"5\u00ba Edi\u00e7\u00e3o da EXPO LUG movimenta a Faculdade Impacta","isPartOf":{"@id":"https:\/\/www.impacta.com.br\/blog\/#website"},"primaryImageOfPage":{"@id":"https:\/\/www.impacta.com.br\/blog\/5o-edicao-da-expo-lug-movimenta-o-fim-de-semana-na-faculdade-impacta-tecnologia\/#primaryimage"},"image":{"@id":"https:\/\/www.impacta.com.br\/blog\/5o-edicao-da-expo-lug-movimenta-o-fim-de-semana-na-faculdade-impacta-tecnologia\/#primaryimage"},"thumbnailUrl":"https:\/\/www.impacta.com.br\/blog\/wp-content\/uploads\/2020\/04\/capa-blog-Guia-da-gestao-de-midias-sociais.jpg","datePublished":"2015-11-12T19:47:31+00:00","dateModified":"2021-01-05T12:52:33+00:00","author":{"@id":"https:\/\/www.impacta.com.br\/blog\/#\/schema\/person\/4d65bba672b23058e6f6868c2007e9e4"},"description":"A Faculdade Impacta recebeu no \u00faltimo final de semana a 5\u00ba edi\u00e7\u00e3o da Expo LUG, uma exposi\u00e7\u00e3o que re\u00fane f\u00e3s e admiradores das pe\u00e7as de LEGO. Veja como foi!","breadcrumb":{"@id":"https:\/\/www.impacta.com.br\/blog\/5o-edicao-da-expo-lug-movimenta-o-fim-de-semana-na-faculdade-impacta-tecnologia\/#breadcrumb"},"inLanguage":"pt-BR","potentialAction":[{"@type":"ReadAction","target":["https:\/\/www.impacta.com.br\/blog\/5o-edicao-da-expo-lug-movimenta-o-fim-de-semana-na-faculdade-impacta-tecnologia\/"]}]},{"@type":"ImageObject","inLanguage":"pt-BR","@id":"https:\/\/www.impacta.com.br\/blog\/5o-edicao-da-expo-lug-movimenta-o-fim-de-semana-na-faculdade-impacta-tecnologia\/#primaryimage","url":"https:\/\/www.impacta.com.br\/blog\/wp-content\/uploads\/2020\/04\/capa-blog-Guia-da-gestao-de-midias-sociais.jpg","contentUrl":"https:\/\/www.impacta.com.br\/blog\/wp-content\/uploads\/2020\/04\/capa-blog-Guia-da-gestao-de-midias-sociais.jpg","width":850,"height":294},{"@type":"BreadcrumbList","@id":"https:\/\/www.impacta.com.br\/blog\/5o-edicao-da-expo-lug-movimenta-o-fim-de-semana-na-faculdade-impacta-tecnologia\/#breadcrumb","itemListElement":[{"@type":"ListItem","position":1,"name":"In\u00edcio","item":"https:\/\/www.impacta.com.br\/blog\/"},{"@type":"ListItem","position":2,"name":"5\u00ba Edi\u00e7\u00e3o da EXPO LUG movimenta a Faculdade Impacta"}]},{"@type":"WebSite","@id":"https:\/\/www.impacta.com.br\/blog\/#website","url":"https:\/\/www.impacta.com.br\/blog\/","name":"Blog Impacta - Dicas e Not\u00edcias sobre Carreira","description":"Dicas, Not\u00edcias e Conte\u00fados sobre Carreira, Tecnologia, Design, Gest\u00e3o e Marketing. Conhe\u00e7a e Acompanhe o Blog Impacta","potentialAction":[{"@type":"SearchAction","target":{"@type":"EntryPoint","urlTemplate":"https:\/\/www.impacta.com.br\/blog\/?s={search_term_string}"},"query-input":{"@type":"PropertyValueSpecification","valueRequired":true,"valueName":"search_term_string"}}],"inLanguage":"pt-BR"},{"@type":"Person","@id":"https:\/\/www.impacta.com.br\/blog\/#\/schema\/person\/4d65bba672b23058e6f6868c2007e9e4","name":"Rodrigo Cipullo","image":{"@type":"ImageObject","inLanguage":"pt-BR","@id":"https:\/\/www.impacta.com.br\/blog\/#\/schema\/person\/image\/","url":"https:\/\/secure.gravatar.com\/avatar\/4208f3295cdc2e6605ecbea31c73f7fd?s=96&d=mm&r=g","contentUrl":"https:\/\/secure.gravatar.com\/avatar\/4208f3295cdc2e6605ecbea31c73f7fd?s=96&d=mm&r=g","caption":"Rodrigo Cipullo"},"url":"https:\/\/www.impacta.com.br\/blog\/author\/rodrigo-cippulo\/"}]}},"acf":{"post_description":null,"capa_mobile":null},"_links":{"self":[{"href":"https:\/\/www.impacta.com.br\/blog\/wp-json\/wp\/v2\/posts\/8113","targetHints":{"allow":["GET"]}}],"collection":[{"href":"https:\/\/www.impacta.com.br\/blog\/wp-json\/wp\/v2\/posts"}],"about":[{"href":"https:\/\/www.impacta.com.br\/blog\/wp-json\/wp\/v2\/types\/post"}],"author":[{"embeddable":true,"href":"https:\/\/www.impacta.com.br\/blog\/wp-json\/wp\/v2\/users\/11"}],"replies":[{"embeddable":true,"href":"https:\/\/www.impacta.com.br\/blog\/wp-json\/wp\/v2\/comments?post=8113"}],"version-history":[{"count":0,"href":"https:\/\/www.impacta.com.br\/blog\/wp-json\/wp\/v2\/posts\/8113\/revisions"}],"wp:featuredmedia":[{"embeddable":true,"href":"https:\/\/www.impacta.com.br\/blog\/wp-json\/wp\/v2\/media\/16924"}],"wp:attachment":[{"href":"https:\/\/www.impacta.com.br\/blog\/wp-json\/wp\/v2\/media?parent=8113"}],"wp:term":[{"taxonomy":"category","embeddable":true,"href":"https:\/\/www.impacta.com.br\/blog\/wp-json\/wp\/v2\/categories?post=8113"},{"taxonomy":"post_tag","embeddable":true,"href":"https:\/\/www.impacta.com.br\/blog\/wp-json\/wp\/v2\/tags?post=8113"}],"curies":[{"name":"wp","href":"https:\/\/api.w.org\/{rel}","templated":true}]}}