{"id":6698,"date":"2016-06-09T18:00:08","date_gmt":"2016-06-09T21:00:08","guid":{"rendered":"http:\/\/www.impacta.com.br\/blog\/?p=6698"},"modified":"2016-06-09T18:00:08","modified_gmt":"2016-06-09T21:00:08","slug":"7-dicas-para-se-preparar-bem-para-sua-primeira-entrevista-de-estagio","status":"publish","type":"post","link":"https:\/\/www.impacta.com.br\/blog\/7-dicas-para-se-preparar-bem-para-sua-primeira-entrevista-de-estagio\/","title":{"rendered":"7 dicas para se preparar bem para sua primeira entrevista de est\u00e1gio"},"content":{"rendered":"<p style=\"text-align: left;\"><span style=\"font-size: 14pt;\">A entrevista de <a title=\"Como conquistar uma vaga de est\u00e1gio que ajude na sua forma\u00e7\u00e3o profissional?\" href=\"https:\/\/www.impacta.com.br\/blog\/2016\/09\/16\/como-conquistar-uma-vaga-de-estagio-que-ajude-na-sua-formacao-profissional\/\" target=\"_blank\" rel=\"noopener noreferrer\">est\u00e1gio<\/a> \u00e9 a primeira etapa para a conquista da t\u00e3o sonhada vaga em uma empresa. O fato \u00e9 que, muitas vezes, detalhes do comportamento que podem passar despercebidos pelo candidato podem levar por \u00e1gua abaixo essa conquista. <\/span><\/p>\n<p style=\"text-align: left;\"><span style=\"font-size: 14pt;\">Confira, aqui, as principais dicas para quem est\u00e1 se preparando para esse momento. Esteja atento a esses lembretes e bom trabalho!<\/span><\/p>\n<h2 style=\"text-align: left;\"><span style=\"font-size: 14pt;\"><strong>1 &#8211; Prepare-se<\/strong><\/span><\/h2>\n<p style=\"text-align: left;\"><span style=\"font-size: 14pt;\">Alguns dias antes da sele\u00e7\u00e3o, pense sobre as suas experi\u00eancias anteriores, tentando responder mentalmente perguntas que podem, em caso do famoso \u201cbranco\u201d, comprometer sua entrevista, como: como se comportou diante de alguma situa\u00e7\u00e3o de press\u00e3o nas suas fun\u00e7\u00f5es anteriores, o que mais preza em si como profissional, quais seus principais pontos a melhorar, o que pretende agregar na empresa, por que tem interesse pelo est\u00e1gio, etc.<\/span><\/p>\n<p style=\"text-align: left;\"><span style=\"font-size: 14pt;\">Algumas dessas perguntas s\u00e3o facilmente respondidas se voc\u00ea conhece os valores da empresa. Ent\u00e3o fa\u00e7a uma pesquisa sobre ela antes do processo seletivo. Caso seja iniciante no mercado, pense nas experi\u00eancias que voc\u00ea teve em sua vida acad\u00eamica e pessoal.<\/span><\/p>\n<h2 style=\"text-align: left;\"><span style=\"font-size: 14pt;\"><strong>2 &#8211; Seja verdadeiro<\/strong><\/span><\/h2>\n<p style=\"text-align: left;\"><span style=\"font-size: 14pt;\">N\u00e3o minta sobre suas <a title=\"Quais as habilidades profissionais mais importantes para o seu crescimento no mercado?\" href=\"https:\/\/www.impacta.com.br\/blog\/2016\/08\/29\/quais-as-habilidades-profissionais-mais-importantes-para-o-seu-crescimento-no-mercado\/\" target=\"_blank\" rel=\"noopener noreferrer\">habilidades<\/a>, compet\u00eancias ou trabalhos anteriores. \u00c9 mais interessante que voc\u00ea seja visto como um inexperiente capacitado e com potencial que ter seu <a title=\"Saiba como elaborar um curr\u00edculo para se mostrar para o mercado\" href=\"https:\/\/www.impacta.com.br\/blog\/2017\/03\/10\/como-elaborar-um-curriculo-para-mercado\/\" target=\"_blank\" rel=\"noopener noreferrer\">curr\u00edculo<\/a> jogado no lixo pela desonestidade.<\/span><\/p>\n<h2 style=\"text-align: left;\"><span style=\"font-size: 14pt;\"><strong>3 &#8211; Demonstre interesse<\/strong><\/span><\/h2>\n<p style=\"text-align: left;\"><span style=\"font-size: 14pt;\">Uma boa entrevista n\u00e3o \u00e9 aquela em que voc\u00ea consegue responder todas as perguntas com 100% de qualidade. Demonstrar interesse perguntando sobre suas responsabilidades como profissional, o que \u00e9 esperado de voc\u00ea, as oportunidades de crescimento\u00a0e outros, tamb\u00e9m \u00e9 fator que o ajudar\u00e1 a ser percebido como candidato em potencial.<\/span><\/p>\n<p style=\"text-align: center;\"><span style=\"font-size: 14pt;\"><a href=\"https:\/\/www.impacta.com.br\/blog\/wp-content\/uploads\/2015\/05\/alx_lista-entrevista-de-emprego-20140826-001_original.jpeg\" target=\"_blank\" rel=\"noopener noreferrer\"><img loading=\"lazy\" decoding=\"async\" class=\"aligncenter wp-image-6700 img-responsive\" title=\"A entrevista de est\u00e1gio pode ser a entrada para o mercado de trabalho\" src=\"https:\/\/www.impacta.com.br\/blog\/wp-content\/uploads\/2015\/05\/alx_lista-entrevista-de-emprego-20140826-001_original.jpeg\" alt=\"A entrevista de est\u00e1gio pode ser a entrada para o mercado de trabalho\" width=\"460\" height=\"307\" \/><\/a><\/span><\/p>\n<h2 style=\"text-align: left;\"><span style=\"font-size: 14pt;\"><strong>4 &#8211; Tenha bom senso e equil\u00edbrio, sempre<\/strong><\/span><\/h2>\n<p style=\"text-align: left;\"><span style=\"font-size: 14pt;\">N\u00e3o fique muito distante do entrevistador, mas n\u00e3o exagere na intimidade. Demonstre firmeza ao falar. Mantenha contato visual, mas tome cuidado para n\u00e3o aparentar arrog\u00e2ncia.<\/span><\/p>\n<p style=\"text-align: left;\"><span style=\"font-size: 14pt;\">A postura corporal tamb\u00e9m \u00e9 importante e reflete muito o tipo de pessoa que \u00e9. Se estiver se sentindo nervoso ou ansioso, use a respira\u00e7\u00e3o a seu favor e mantenha suas m\u00e3os apoiadas sobre as pernas, por exemplo. Isso amenizar\u00e1 sua tens\u00e3o, deixando-o mais seguro. Escute com aten\u00e7\u00e3o tudo o que lhe for dito, mantendo o foco e demonstrando interesse.<\/span><\/p>\n<h2 style=\"text-align: left;\"><span style=\"font-size: 14pt;\"><strong>5 &#8211; Preocupe-se com a sua apar\u00eancia<\/strong><\/span><\/h2>\n<p style=\"text-align: left;\"><span style=\"font-size: 14pt;\">Se \u00e9 a primeira etapa do processo de sele\u00e7\u00e3o, vista-se mais formalmente. Mulheres devem tomar cuidado com uso de saias e decotes exagerados, maquiagem pesada, evitar unhas e batons que chamem muita aten\u00e7\u00e3o. Para os homens, o mesmo \u00e9 v\u00e1lido. Camisas de time, barbas por fazer, roupas com muita informa\u00e7\u00e3o: nem pensar! <\/span><\/p>\n<p style=\"text-align: left;\"><span style=\"font-size: 14pt;\">Muitas pulseiras, piercings, tatuagens aparentes e perfumes fortes podem passar despercebidos por empresas menos tradicionalistas. N\u00e3o sabendo se \u00e9 esse o caso, opte pela formalidade.<\/span><\/p>\n<h2 style=\"text-align: left;\"><span style=\"font-size: 14pt;\"><strong>6 &#8211; D\u00ea aten\u00e7\u00e3o \u00e0s suas redes sociais<\/strong><\/span><\/h2>\n<p style=\"text-align: left;\"><span style=\"font-size: 14pt;\">As redes sociais s\u00e3o \u00f3tima fonte de avalia\u00e7\u00e3o de candidatos. Esteja atento aos seus <a title=\"7 erros que um estudante n\u00e3o deve cometer no LinkedIn\" href=\"https:\/\/www.impacta.com.br\/blog\/2015\/04\/05\/7-erros-que-um-estudante-nao-deve-cometer-no-linkedin\/\" target=\"_blank\" rel=\"noopener noreferrer\">perfis<\/a>, pois \u00e9 bem prov\u00e1vel que voc\u00ea seja analisado por recrutadores antes da sele\u00e7\u00e3o.<\/span><\/p>\n<h2 style=\"text-align: left;\"><span style=\"font-size: 14pt;\"><strong>7 &#8211; Seja voc\u00ea mesmo<\/strong><\/span><\/h2>\n<p style=\"text-align: left;\"><span style=\"font-size: 14pt;\">Por fim, aja com naturalidade. Independentemente do nervosismo, ansiedade e outros sentimentos que podem surgir no momento da sele\u00e7\u00e3o, o que contar\u00e1 de verdade \u00e9 ser percebido como realmente \u00e9. O recrutador \u00e9 uma pessoa que est\u00e1 acostumada com processos seletivos e tem experi\u00eancia em perceber os mais diversos tipos de personalidade.<\/span><\/p>\n<p style=\"text-align: left;\"><span style=\"font-size: 14pt;\">No final das contas, o que de fato o tornar\u00e1 um forte concorrente \u00e9 ser visto como algu\u00e9m preparado, focado e que possui pontos compat\u00edveis com o perfil desejado para o cargo.<\/span><\/p>\n<p style=\"text-align: left;\"><span style=\"font-size: 14pt;\">Para aprimorar o seu <a title=\"Saiba como elaborar um curr\u00edculo para se mostrar para o mercado\" href=\"https:\/\/www.impacta.com.br\/blog\/2017\/03\/10\/como-elaborar-um-curriculo-para-mercado\/\" target=\"_blank\" rel=\"noopener noreferrer\">curr\u00edculo<\/a> e a sua experi\u00eancia profissional algumas as <a title=\"Quais as habilidades profissionais mais importantes para o seu crescimento no mercado?\" href=\"https:\/\/www.impacta.com.br\/blog\/2016\/08\/29\/quais-as-habilidades-profissionais-mais-importantes-para-o-seu-crescimento-no-mercado\/\" target=\"_blank\" rel=\"noopener noreferrer\">habilidades<\/a> s\u00e3o muito desejadas pelas empresas nos profissionais. Gostou das dicas? Conte-nos sobre sua experi\u00eancia e nos ajude a aprimorar nosso conhecimento!<\/span><\/p>\n<div class=\"sharing-default-minimal post-bottom\"><div class=\"nectar-social default\" data-position=\"\" data-rm-love=\"0\" data-color-override=\"override\"><div class=\"nectar-social-inner\"><a href=\"#\" class=\"nectar-love\" id=\"nectar-love-6698\" title=\"Love this\"> <i class=\"icon-salient-heart-2\"><\/i><span class=\"love-text\">Love<\/span><span class=\"total_loves\"><span class=\"nectar-love-count\">0<\/span><\/span><\/a><a class='facebook-share nectar-sharing' href='#' title='Share this'> <i class='fa fa-facebook'><\/i> <span class='social-text'>Share<\/span> <\/a><a class='twitter-share nectar-sharing' href='#' title='Share this'> <i class='fa icon-salient-x-twitter'><\/i> <span class='social-text'>Share<\/span> <\/a><a class='linkedin-share nectar-sharing' href='#' title='Share this'> <i class='fa fa-linkedin'><\/i> <span class='social-text'>Share<\/span> <\/a><a class='pinterest-share nectar-sharing' href='#' title='Pin this'> <i class='fa fa-pinterest'><\/i> <span class='social-text'>Pin<\/span> <\/a><\/div><\/div><\/div>","protected":false},"excerpt":{"rendered":"<p>A entrevista de est\u00e1gio \u00e9 a primeira etapa para a conquista da t\u00e3o sonhada vaga em uma empresa. O fato \u00e9 que, muitas vezes, detalhes do comportamento que podem passar despercebidos pelo candidato podem levar por \u00e1gua abaixo essa conquista. Confira, aqui, as principais dicas para quem est\u00e1 se preparando para esse momento. Esteja atento [&hellip;]<\/p>\n","protected":false},"author":2,"featured_media":17443,"comment_status":"open","ping_status":"open","sticky":false,"template":"","format":"standard","meta":{"footnotes":""},"categories":[13],"tags":[287],"class_list":["post-6698","post","type-post","status-publish","format-standard","has-post-thumbnail","hentry","category-carreira","tag-estagio"],"yoast_head":"<!-- This site is optimized with the Yoast SEO plugin v25.1 - https:\/\/yoast.com\/wordpress\/plugins\/seo\/ -->\r\n<title>7 dicas para se preparar para primeira entrevista de est\u00e1gio<\/title>\r\n<meta name=\"description\" content=\"O est\u00e1gio \u00e9 a primeira etapa para entrar no mercado de trabalho. Confira algumas dicas para estar bem preparado na hora da primeira entrevista de est\u00e1gio.\" \/>\r\n<meta name=\"robots\" content=\"index, follow, max-snippet:-1, max-image-preview:large, max-video-preview:-1\" \/>\r\n<link rel=\"canonical\" href=\"https:\/\/www.impacta.com.br\/blog\/7-dicas-para-se-preparar-bem-para-sua-primeira-entrevista-de-estagio\/\" \/>\r\n<meta property=\"og:locale\" content=\"pt_BR\" \/>\r\n<meta property=\"og:type\" content=\"article\" \/>\r\n<meta property=\"og:title\" content=\"7 dicas para se preparar para primeira entrevista de est\u00e1gio\" \/>\r\n<meta property=\"og:description\" content=\"O est\u00e1gio \u00e9 a primeira etapa para entrar no mercado de trabalho. Confira algumas dicas para estar bem preparado na hora da primeira entrevista de est\u00e1gio.\" \/>\r\n<meta property=\"og:url\" content=\"https:\/\/www.impacta.com.br\/blog\/7-dicas-para-se-preparar-bem-para-sua-primeira-entrevista-de-estagio\/\" \/>\r\n<meta property=\"og:site_name\" content=\"Blog Impacta - Dicas e Not\u00edcias sobre Carreira\" \/>\r\n<meta property=\"article:published_time\" content=\"2016-06-09T21:00:08+00:00\" \/>\r\n<meta property=\"og:image\" content=\"https:\/\/www.impacta.com.br\/blog\/wp-content\/uploads\/2020\/04\/header_entrevistaestagio.jpg\" \/>\r\n\t<meta property=\"og:image:width\" content=\"850\" \/>\r\n\t<meta property=\"og:image:height\" content=\"283\" \/>\r\n\t<meta property=\"og:image:type\" content=\"image\/jpeg\" \/>\r\n<meta name=\"author\" content=\"Reda\u00e7\u00e3o Impacta\" \/>\r\n<meta name=\"twitter:card\" content=\"summary_large_image\" \/>\r\n<meta name=\"twitter:label1\" content=\"Written by\" \/>\n\t<meta name=\"twitter:data1\" content=\"Reda\u00e7\u00e3o Impacta\" \/>\n\t<meta name=\"twitter:label2\" content=\"Est. reading time\" \/>\n\t<meta name=\"twitter:data2\" content=\"3 minutos\" \/>\r\n<script type=\"application\/ld+json\" class=\"yoast-schema-graph\">{\"@context\":\"https:\/\/schema.org\",\"@graph\":[{\"@type\":\"WebPage\",\"@id\":\"https:\/\/www.impacta.com.br\/blog\/7-dicas-para-se-preparar-bem-para-sua-primeira-entrevista-de-estagio\/\",\"url\":\"https:\/\/www.impacta.com.br\/blog\/7-dicas-para-se-preparar-bem-para-sua-primeira-entrevista-de-estagio\/\",\"name\":\"7 dicas para se preparar para primeira entrevista de est\u00e1gio\",\"isPartOf\":{\"@id\":\"https:\/\/www.impacta.com.br\/blog\/#website\"},\"primaryImageOfPage\":{\"@id\":\"https:\/\/www.impacta.com.br\/blog\/7-dicas-para-se-preparar-bem-para-sua-primeira-entrevista-de-estagio\/#primaryimage\"},\"image\":{\"@id\":\"https:\/\/www.impacta.com.br\/blog\/7-dicas-para-se-preparar-bem-para-sua-primeira-entrevista-de-estagio\/#primaryimage\"},\"thumbnailUrl\":\"https:\/\/www.impacta.com.br\/blog\/wp-content\/uploads\/2020\/04\/header_entrevistaestagio.jpg\",\"datePublished\":\"2016-06-09T21:00:08+00:00\",\"author\":{\"@id\":\"https:\/\/www.impacta.com.br\/blog\/#\/schema\/person\/2e0896bac7656da15b68f5ad2ddd0d8c\"},\"description\":\"O est\u00e1gio \u00e9 a primeira etapa para entrar no mercado de trabalho. Confira algumas dicas para estar bem preparado na hora da primeira entrevista de est\u00e1gio.\",\"breadcrumb\":{\"@id\":\"https:\/\/www.impacta.com.br\/blog\/7-dicas-para-se-preparar-bem-para-sua-primeira-entrevista-de-estagio\/#breadcrumb\"},\"inLanguage\":\"pt-BR\",\"potentialAction\":[{\"@type\":\"ReadAction\",\"target\":[\"https:\/\/www.impacta.com.br\/blog\/7-dicas-para-se-preparar-bem-para-sua-primeira-entrevista-de-estagio\/\"]}]},{\"@type\":\"ImageObject\",\"inLanguage\":\"pt-BR\",\"@id\":\"https:\/\/www.impacta.com.br\/blog\/7-dicas-para-se-preparar-bem-para-sua-primeira-entrevista-de-estagio\/#primaryimage\",\"url\":\"https:\/\/www.impacta.com.br\/blog\/wp-content\/uploads\/2020\/04\/header_entrevistaestagio.jpg\",\"contentUrl\":\"https:\/\/www.impacta.com.br\/blog\/wp-content\/uploads\/2020\/04\/header_entrevistaestagio.jpg\",\"width\":850,\"height\":283},{\"@type\":\"BreadcrumbList\",\"@id\":\"https:\/\/www.impacta.com.br\/blog\/7-dicas-para-se-preparar-bem-para-sua-primeira-entrevista-de-estagio\/#breadcrumb\",\"itemListElement\":[{\"@type\":\"ListItem\",\"position\":1,\"name\":\"In\u00edcio\",\"item\":\"https:\/\/www.impacta.com.br\/blog\/\"},{\"@type\":\"ListItem\",\"position\":2,\"name\":\"7 dicas para se preparar bem para sua primeira entrevista de est\u00e1gio\"}]},{\"@type\":\"WebSite\",\"@id\":\"https:\/\/www.impacta.com.br\/blog\/#website\",\"url\":\"https:\/\/www.impacta.com.br\/blog\/\",\"name\":\"Blog Impacta - Dicas e Not\u00edcias sobre Carreira\",\"description\":\"Dicas, Not\u00edcias e Conte\u00fados sobre Carreira, Tecnologia, Design, Gest\u00e3o e Marketing. Conhe\u00e7a e Acompanhe o Blog Impacta\",\"potentialAction\":[{\"@type\":\"SearchAction\",\"target\":{\"@type\":\"EntryPoint\",\"urlTemplate\":\"https:\/\/www.impacta.com.br\/blog\/?s={search_term_string}\"},\"query-input\":{\"@type\":\"PropertyValueSpecification\",\"valueRequired\":true,\"valueName\":\"search_term_string\"}}],\"inLanguage\":\"pt-BR\"},{\"@type\":\"Person\",\"@id\":\"https:\/\/www.impacta.com.br\/blog\/#\/schema\/person\/2e0896bac7656da15b68f5ad2ddd0d8c\",\"name\":\"Reda\u00e7\u00e3o Impacta\",\"image\":{\"@type\":\"ImageObject\",\"inLanguage\":\"pt-BR\",\"@id\":\"https:\/\/www.impacta.com.br\/blog\/#\/schema\/person\/image\/\",\"url\":\"https:\/\/secure.gravatar.com\/avatar\/7443a59e479c8f31067628e3a4bed9ad?s=96&d=mm&r=g\",\"contentUrl\":\"https:\/\/secure.gravatar.com\/avatar\/7443a59e479c8f31067628e3a4bed9ad?s=96&d=mm&r=g\",\"caption\":\"Reda\u00e7\u00e3o Impacta\"},\"url\":\"https:\/\/www.impacta.com.br\/blog\/author\/redacao\/\"}]}<\/script>\r\n<!-- \/ Yoast SEO plugin. -->","yoast_head_json":{"title":"7 dicas para se preparar para primeira entrevista de est\u00e1gio","description":"O est\u00e1gio \u00e9 a primeira etapa para entrar no mercado de trabalho. Confira algumas dicas para estar bem preparado na hora da primeira entrevista de est\u00e1gio.","robots":{"index":"index","follow":"follow","max-snippet":"max-snippet:-1","max-image-preview":"max-image-preview:large","max-video-preview":"max-video-preview:-1"},"canonical":"https:\/\/www.impacta.com.br\/blog\/7-dicas-para-se-preparar-bem-para-sua-primeira-entrevista-de-estagio\/","og_locale":"pt_BR","og_type":"article","og_title":"7 dicas para se preparar para primeira entrevista de est\u00e1gio","og_description":"O est\u00e1gio \u00e9 a primeira etapa para entrar no mercado de trabalho. Confira algumas dicas para estar bem preparado na hora da primeira entrevista de est\u00e1gio.","og_url":"https:\/\/www.impacta.com.br\/blog\/7-dicas-para-se-preparar-bem-para-sua-primeira-entrevista-de-estagio\/","og_site_name":"Blog Impacta - Dicas e Not\u00edcias sobre Carreira","article_published_time":"2016-06-09T21:00:08+00:00","og_image":[{"width":850,"height":283,"url":"https:\/\/www.impacta.com.br\/blog\/wp-content\/uploads\/2020\/04\/header_entrevistaestagio.jpg","type":"image\/jpeg"}],"author":"Reda\u00e7\u00e3o Impacta","twitter_card":"summary_large_image","twitter_misc":{"Written by":"Reda\u00e7\u00e3o Impacta","Est. reading time":"3 minutos"},"schema":{"@context":"https:\/\/schema.org","@graph":[{"@type":"WebPage","@id":"https:\/\/www.impacta.com.br\/blog\/7-dicas-para-se-preparar-bem-para-sua-primeira-entrevista-de-estagio\/","url":"https:\/\/www.impacta.com.br\/blog\/7-dicas-para-se-preparar-bem-para-sua-primeira-entrevista-de-estagio\/","name":"7 dicas para se preparar para primeira entrevista de est\u00e1gio","isPartOf":{"@id":"https:\/\/www.impacta.com.br\/blog\/#website"},"primaryImageOfPage":{"@id":"https:\/\/www.impacta.com.br\/blog\/7-dicas-para-se-preparar-bem-para-sua-primeira-entrevista-de-estagio\/#primaryimage"},"image":{"@id":"https:\/\/www.impacta.com.br\/blog\/7-dicas-para-se-preparar-bem-para-sua-primeira-entrevista-de-estagio\/#primaryimage"},"thumbnailUrl":"https:\/\/www.impacta.com.br\/blog\/wp-content\/uploads\/2020\/04\/header_entrevistaestagio.jpg","datePublished":"2016-06-09T21:00:08+00:00","author":{"@id":"https:\/\/www.impacta.com.br\/blog\/#\/schema\/person\/2e0896bac7656da15b68f5ad2ddd0d8c"},"description":"O est\u00e1gio \u00e9 a primeira etapa para entrar no mercado de trabalho. Confira algumas dicas para estar bem preparado na hora da primeira entrevista de est\u00e1gio.","breadcrumb":{"@id":"https:\/\/www.impacta.com.br\/blog\/7-dicas-para-se-preparar-bem-para-sua-primeira-entrevista-de-estagio\/#breadcrumb"},"inLanguage":"pt-BR","potentialAction":[{"@type":"ReadAction","target":["https:\/\/www.impacta.com.br\/blog\/7-dicas-para-se-preparar-bem-para-sua-primeira-entrevista-de-estagio\/"]}]},{"@type":"ImageObject","inLanguage":"pt-BR","@id":"https:\/\/www.impacta.com.br\/blog\/7-dicas-para-se-preparar-bem-para-sua-primeira-entrevista-de-estagio\/#primaryimage","url":"https:\/\/www.impacta.com.br\/blog\/wp-content\/uploads\/2020\/04\/header_entrevistaestagio.jpg","contentUrl":"https:\/\/www.impacta.com.br\/blog\/wp-content\/uploads\/2020\/04\/header_entrevistaestagio.jpg","width":850,"height":283},{"@type":"BreadcrumbList","@id":"https:\/\/www.impacta.com.br\/blog\/7-dicas-para-se-preparar-bem-para-sua-primeira-entrevista-de-estagio\/#breadcrumb","itemListElement":[{"@type":"ListItem","position":1,"name":"In\u00edcio","item":"https:\/\/www.impacta.com.br\/blog\/"},{"@type":"ListItem","position":2,"name":"7 dicas para se preparar bem para sua primeira entrevista de est\u00e1gio"}]},{"@type":"WebSite","@id":"https:\/\/www.impacta.com.br\/blog\/#website","url":"https:\/\/www.impacta.com.br\/blog\/","name":"Blog Impacta - Dicas e Not\u00edcias sobre Carreira","description":"Dicas, Not\u00edcias e Conte\u00fados sobre Carreira, Tecnologia, Design, Gest\u00e3o e Marketing. Conhe\u00e7a e Acompanhe o Blog Impacta","potentialAction":[{"@type":"SearchAction","target":{"@type":"EntryPoint","urlTemplate":"https:\/\/www.impacta.com.br\/blog\/?s={search_term_string}"},"query-input":{"@type":"PropertyValueSpecification","valueRequired":true,"valueName":"search_term_string"}}],"inLanguage":"pt-BR"},{"@type":"Person","@id":"https:\/\/www.impacta.com.br\/blog\/#\/schema\/person\/2e0896bac7656da15b68f5ad2ddd0d8c","name":"Reda\u00e7\u00e3o Impacta","image":{"@type":"ImageObject","inLanguage":"pt-BR","@id":"https:\/\/www.impacta.com.br\/blog\/#\/schema\/person\/image\/","url":"https:\/\/secure.gravatar.com\/avatar\/7443a59e479c8f31067628e3a4bed9ad?s=96&d=mm&r=g","contentUrl":"https:\/\/secure.gravatar.com\/avatar\/7443a59e479c8f31067628e3a4bed9ad?s=96&d=mm&r=g","caption":"Reda\u00e7\u00e3o Impacta"},"url":"https:\/\/www.impacta.com.br\/blog\/author\/redacao\/"}]}},"acf":{"post_description":null,"capa_mobile":null},"_links":{"self":[{"href":"https:\/\/www.impacta.com.br\/blog\/wp-json\/wp\/v2\/posts\/6698","targetHints":{"allow":["GET"]}}],"collection":[{"href":"https:\/\/www.impacta.com.br\/blog\/wp-json\/wp\/v2\/posts"}],"about":[{"href":"https:\/\/www.impacta.com.br\/blog\/wp-json\/wp\/v2\/types\/post"}],"author":[{"embeddable":true,"href":"https:\/\/www.impacta.com.br\/blog\/wp-json\/wp\/v2\/users\/2"}],"replies":[{"embeddable":true,"href":"https:\/\/www.impacta.com.br\/blog\/wp-json\/wp\/v2\/comments?post=6698"}],"version-history":[{"count":0,"href":"https:\/\/www.impacta.com.br\/blog\/wp-json\/wp\/v2\/posts\/6698\/revisions"}],"wp:featuredmedia":[{"embeddable":true,"href":"https:\/\/www.impacta.com.br\/blog\/wp-json\/wp\/v2\/media\/17443"}],"wp:attachment":[{"href":"https:\/\/www.impacta.com.br\/blog\/wp-json\/wp\/v2\/media?parent=6698"}],"wp:term":[{"taxonomy":"category","embeddable":true,"href":"https:\/\/www.impacta.com.br\/blog\/wp-json\/wp\/v2\/categories?post=6698"},{"taxonomy":"post_tag","embeddable":true,"href":"https:\/\/www.impacta.com.br\/blog\/wp-json\/wp\/v2\/tags?post=6698"}],"curies":[{"name":"wp","href":"https:\/\/api.w.org\/{rel}","templated":true}]}}