{"id":6665,"date":"2015-05-09T10:00:16","date_gmt":"2015-05-09T13:00:16","guid":{"rendered":"http:\/\/www.impacta.com.br\/blog\/?p=6665"},"modified":"2015-05-09T10:00:16","modified_gmt":"2015-05-09T13:00:16","slug":"arquiteto-de-ti-habilidades-necessarias-e-opcoes-de-carreira","status":"publish","type":"post","link":"https:\/\/www.impacta.com.br\/blog\/arquiteto-de-ti-habilidades-necessarias-e-opcoes-de-carreira\/","title":{"rendered":"Arquiteto de TI: habilidades necess\u00e1rias e op\u00e7\u00f5es de carreira"},"content":{"rendered":"<p style=\"text-align: left;\"><span style=\"font-size: 14pt;\">Com a constante evolu\u00e7\u00e3o da \u00e1rea de <strong>Tecnologia da Informa\u00e7\u00e3o<\/strong>, a grande maioria das organiza\u00e7\u00f5es trabalha com um elevado volume de dados e\u00a0com sistemas cada vez mais complexos,\u00a0que exigem uma crescente integra\u00e7\u00e3o entre diferentes tecnologias. <\/span><\/p>\n<p style=\"text-align: left;\"><span style=\"font-size: 14pt;\">Em meio a uma demanda t\u00e3o grande, o mercado tem hoje a necessidade de um <strong>arquiteto de TI<\/strong> diferenciado e que consiga trabalhar em v\u00e1rias vertentes.<\/span><\/p>\n<p style=\"text-align: left;\"><span style=\"font-size: 14pt;\">Al\u00e9m de cuidar de tecnologias e sistemas corporativos, o <a title=\"Saiba mais sobre o trabalho do arquiteto da informa\u00e7\u00e3o no Brasil e no exterior\" href=\"https:\/\/www.impacta.com.br\/blog\/2015\/04\/12\/saiba-mais-sobre-arquiteto-da-informacao\/\" target=\"_blank\" data-cke-saved-href=\"https:\/\/www.impacta.com.br\/blog\/2015\/04\/12\/saiba-mais-sobre-arquiteto-da-informacao\/\" rel=\"noopener noreferrer\"><span style=\"text-decoration: underline;\">arquiteto de TI<\/span><\/a> tamb\u00e9m \u00e9 respons\u00e1vel por ter uma vis\u00e3o geral da organiza\u00e7\u00e3o, podendo fazer uma grande carreira como <a title=\"Quais s\u00e3o as responsabilidades de um gerente de TI?\" href=\"https:\/\/www.impacta.com.br\/blog\/2015\/05\/06\/quais-sao-as-responsabilidades-de-um-gerente-de-ti\/\" target=\"_blank\" rel=\"noopener noreferrer\">gestor<\/a>.<\/span><\/p>\n<p style=\"text-align: left;\"><span style=\"font-size: 14pt;\">Esse profissional lida, todos os dias, com lideran\u00e7a, inova\u00e7\u00e3o e\u00a0solu\u00e7\u00f5es de problemas (at\u00e9 mesmo antes que eles ocorram).\u00a0O\u00a0que abre um leque de possibilidades profissionais e oferece sal\u00e1rios altos para quem estuda, se dedica e d\u00e1 o melhor de si no trabalho. <\/span><\/p>\n<p style=\"text-align: left;\"><span style=\"font-size: 14pt;\">Confira aqui alguns caminhos que esse profissional pode seguir!<\/span><\/p>\n<h2><span style=\"font-size: 14pt;\"><strong>Habilidades, responsabilidades e fun\u00e7\u00f5es de um arquiteto de TI<\/strong><\/span><\/h2>\n<h3 style=\"text-align: left;\"><span style=\"font-size: 14pt;\"><strong>1 &#8211; Atualiza\u00e7\u00e3o constante<\/strong><\/span><\/h3>\n<p><span style=\"font-size: 14pt;\">Um bom profissional precisa se <a title=\"Atualiza\u00e7\u00e3o profissional: entenda a import\u00e2ncia de se requalificar\" href=\"https:\/\/www.impacta.com.br\/blog\/2017\/03\/31\/atualizacao-profissional-entenda-a-importancia-de-se-requalificar\/\" target=\"_blank\" rel=\"noopener noreferrer\">manter atualizado<\/a> sobre as tecnologias mais recentes, mudan\u00e7as em sistemas m\u00f3veis e operacionais. Um bom arquiteto de TI precisa saber identificar novas solu\u00e7\u00f5es para a empresa, compreender a aplicabilidade de cada tipo de tecnologia e ter aptid\u00e3o para avaliar o custo-benef\u00edcio de cada uma delas.<\/span><\/p>\n<h3><span style=\"font-size: 14pt;\"><strong>2 &#8211; Sistemas legados<\/strong><\/span><\/h3>\n<p style=\"text-align: left;\"><span style=\"font-size: 14pt;\">Os sistemas legados s\u00e3o ferramentas computacionais de uma organiza\u00e7\u00e3o que, apesar de serem antigos, s\u00e3o respons\u00e1veis por servi\u00e7os essenciais da empresa. <\/span><\/p>\n<p style=\"text-align: left;\"><span style=\"font-size: 14pt;\">Por\u00e9m, contam com <a title=\"e-Book: Um guia para aprender Banco de Dados\" href=\"https:\/\/www.impacta.com.br\/blog\/2017\/02\/22\/e-book-um-guia-para-aprender-banco-de-dados\/\" target=\"_blank\" rel=\"noopener noreferrer\">bancos de dados<\/a> obsoletos. Ainda assim, jamais devem ser ignorados por um arquiteto de TI. Pelo contr\u00e1rio, o profissional deve conhec\u00ea-los bem e aprender a integrar o sistema legado a outras tecnologias. Esse \u00e9 um grande diferencial para um arquiteto de TI.<\/span><\/p>\n<h3><span style=\"font-size: 14pt;\"><strong>3 &#8211; Conhecer sobre o modelo de neg\u00f3cio<\/strong><\/span><\/h3>\n<p><span style=\"font-size: 14pt;\">Aqui est\u00e1 o ponto fraco de muitos arquitetos de TI. Muitos profissionais s\u00e3o altamente t\u00e9cnicos, capacitados e competentes, mas possuem uma imensa dificuldade de conhecer a estrat\u00e9gia de neg\u00f3cios da empresa.<\/span><br \/>\n<span style=\"font-size: 14pt;\">Um arquiteto de TI que consegue sustentar a estrat\u00e9gia de neg\u00f3cios a partir das solu\u00e7\u00f5es dispon\u00edveis de tecnologia, que atendam \u00e0s necessidades da organiza\u00e7\u00e3o, de seus colaboradores e clientes \u00e9 mais estrategista, enxerga perspectivas e tem grandes possibilidades de crescimento dentro de uma empresa de TI.<\/span><\/p>\n<h3><span style=\"font-size: 14pt;\"><strong>4 &#8211; Caracter\u00edsticas pessoais<\/strong><\/span><\/h3>\n<p style=\"text-align: left;\"><span style=\"font-size: 14pt;\">Cada vez mais, as empresas da \u00e1rea de tecnologia da informa\u00e7\u00e3o reconhecem a import\u00e2ncia dos fatores comportamentais de um profissional dentro da empresa.<\/span><\/p>\n<p style=\"text-align: left;\"><span style=\"font-size: 14pt;\">As compet\u00eancias t\u00e9cnicas s\u00e3o extremamente importantes, por\u00e9m, saber se relacionar com pessoas dos mais diversos tipos \u00e9 essencial para um arquiteto de TI, que gerencia equipes e lida com clientes, gestores e at\u00e9 mesmo com o presidente da empresa.<\/span><\/p>\n<p style=\"text-align: left;\"><span style=\"font-size: 14pt;\">Dessa forma, \u00e9 poss\u00edvel crescer e se desenvolver profissionalmente com destreza, al\u00e9m de se tornar um profissional ainda mais completo, com <a title=\"Como desenvolver esp\u00edrito de lideran\u00e7a\" href=\"https:\/\/www.impacta.com.br\/blog\/2016\/05\/09\/como-desenvolver-espirito-de-lideranca\/\" target=\"_blank\" rel=\"noopener noreferrer\">capacidade de lideran\u00e7a<\/a> e comunica\u00e7\u00e3o.<\/span><\/p>\n<h1><span style=\"font-size: 14pt;\"><a href=\"https:\/\/www.impacta.com.br\/blog\/wp-content\/uploads\/2015\/05\/business-technology-inno-garage.jpg\" target=\"_blank\" rel=\"noopener noreferrer\"><img loading=\"lazy\" decoding=\"async\" class=\"aligncenter wp-image-6667\" title=\"Arquiteto de TI oferece boas oportunidades de carreira\" src=\"https:\/\/www.impacta.com.br\/blog\/wp-content\/uploads\/2015\/05\/business-technology-inno-garage.jpg\" alt=\"Arquiteto de TI oferece boas oportunidades de carreira\" width=\"460\" height=\"318\" \/><\/a><\/span><\/h1>\n<h2 style=\"text-align: left;\"><span style=\"font-size: 14pt;\"><strong>Carreiras para um arquiteto de TI dentro da empresa<\/strong><\/span><\/h2>\n<h3 style=\"text-align: left;\"><span style=\"font-size: 14pt;\"><strong>1 &#8211; Enterprise architect<\/strong><\/span><\/h3>\n<p style=\"text-align: left;\"><span style=\"font-size: 14pt;\">\u00c9 um profissional que tem um foco mais estrat\u00e9gico na \u00e1rea de TI, enxerga os problemas como um todo e conhece os objetivos do neg\u00f3cio. Como fica em uma posi\u00e7\u00e3o de alto n\u00edvel, tem de lidar com CEOs, diretores e presidentes.<\/span><\/p>\n<p style=\"text-align: left;\"><span style=\"font-size: 14pt;\">Por isso, esse arquiteto de TI precisa saber expressar bem as suas ideias, sintetizar racioc\u00ednios mais complexos e ter capacidade de lideran\u00e7a e comunica\u00e7\u00e3o.<\/span><\/p>\n<h3 style=\"text-align: left;\"><span style=\"font-size: 14pt;\"><strong>2 &#8211; Technical architect<\/strong><\/span><\/h3>\n<p style=\"text-align: left;\"><span style=\"font-size: 14pt;\">\u00c9 um profissional mais t\u00e9cnico, dedicado a resolver problemas e criar solu\u00e7\u00f5es para problemas na <a title=\"Conhe\u00e7a as \u00e1reas mais quentes na carreira de TI\" href=\"https:\/\/www.impacta.com.br\/blog\/2016\/12\/07\/conheca-as-areas-mais-quentes-na-carreira-de-ti\/\" target=\"_blank\" rel=\"noopener noreferrer\">\u00e1rea de TI<\/a>. Esse profissional precisa ter amplo conhecimento das novas tecnologias e saber integr\u00e1-las com os sistemas j\u00e1 existentes. Esse arquiteto de TI precisa saber lidar com a press\u00e3o e se atualizar constantemente.<\/span><\/p>\n<h3 style=\"text-align: left;\"><span style=\"font-size: 14pt;\"><strong>3 &#8211; Solutions architect<\/strong><\/span><\/h3>\n<p style=\"text-align: left;\"><span style=\"font-size: 14pt;\">\u00c9 aquele que est\u00e1 no meio do caminho entre o Enterprise e o Technical Architect, ou seja, ele sabe um pouco de tudo. \u00c9 respons\u00e1vel por criar alternativas e resolver problemas, prop\u00f5e solu\u00e7\u00f5es de alto n\u00edvel e pode se tornar um grande e indispens\u00e1vel profissional de TI, caso saiba aliar a sua capacidade de lideran\u00e7a com os seus conhecimentos t\u00e9cnicos na \u00e1rea.<\/span><\/p>\n<h3 style=\"text-align: left;\"><span style=\"font-size: 14pt;\">Invista no seu futuro<\/span><\/h3>\n<p style=\"text-align: left;\"><span style=\"font-size: 14pt;\">Se voc\u00ea deseja ser\u00a0um arquiteto de TI e quer alavancar a sua carreira, alguns cursos podem ajudar. Confira a grade de <a title=\"Cursos da Impacta te oferecem conhecimentos e dom\u00ednio das maiores ferramentas do mercado\" href=\"https:\/\/www.impacta.com.br\/escola\/Planejamento-e-Gest%C3%A3o\" target=\"_blank\" rel=\"noopener noreferrer\">treinamentos da\u00a0Impacta Tecnologia <\/a>e\u00a0torne-se\u00a0um profissional completo e disputado pelas empresas!<\/span><\/p>\n<p style=\"text-align: left;\"><span style=\"font-size: 14pt;\">Voc\u00ea tamb\u00e9m pode buscar sua forma\u00e7\u00e3o na Faculdade Impacta Tecnologia e aprender de verdade a\u00a0administrar\u00a0os recursos de infraestrutura f\u00edsica e l\u00f3gica de ambientes informatizados, com a gradua\u00e7\u00e3o em <a title=\"Gradua\u00e7\u00e3o em Gest\u00e3o da Tecnologia da Informa\u00e7\u00e3o te prepara para o mercado\" href=\"https:\/\/www.impacta.edu.br\/graduacao\/graduacao-em-gestao-da-tecnologia-da-informacao\/\" target=\"_blank\" rel=\"noopener noreferrer\">Gest\u00e3o da Tecnologia da Informa\u00e7\u00e3o<\/a>.<\/span><\/p>\n<div class=\"sharing-default-minimal post-bottom\"><div class=\"nectar-social default\" data-position=\"\" data-rm-love=\"0\" data-color-override=\"override\"><div class=\"nectar-social-inner\"><a href=\"#\" class=\"nectar-love\" id=\"nectar-love-6665\" title=\"Love this\"> <i class=\"icon-salient-heart-2\"><\/i><span class=\"love-text\">Love<\/span><span class=\"total_loves\"><span class=\"nectar-love-count\">0<\/span><\/span><\/a><a class='facebook-share nectar-sharing' href='#' title='Share this'> <i class='fa fa-facebook'><\/i> <span class='social-text'>Share<\/span> <\/a><a class='twitter-share nectar-sharing' href='#' title='Share this'> <i class='fa icon-salient-x-twitter'><\/i> <span class='social-text'>Share<\/span> <\/a><a class='linkedin-share nectar-sharing' href='#' title='Share this'> <i class='fa fa-linkedin'><\/i> <span class='social-text'>Share<\/span> <\/a><a class='pinterest-share nectar-sharing' href='#' title='Pin this'> <i class='fa fa-pinterest'><\/i> <span class='social-text'>Pin<\/span> <\/a><\/div><\/div><\/div>","protected":false},"excerpt":{"rendered":"<p>Com a constante evolu\u00e7\u00e3o da \u00e1rea de Tecnologia da Informa\u00e7\u00e3o, a grande maioria das organiza\u00e7\u00f5es trabalha com um elevado volume de dados e\u00a0com sistemas cada vez mais complexos,\u00a0que exigem uma crescente integra\u00e7\u00e3o entre diferentes tecnologias. Em meio a uma demanda t\u00e3o grande, o mercado tem hoje a necessidade de um arquiteto de TI diferenciado e [&hellip;]<\/p>\n","protected":false},"author":2,"featured_media":17689,"comment_status":"open","ping_status":"open","sticky":false,"template":"","format":"standard","meta":{"footnotes":""},"categories":[26,300],"tags":[346,347],"class_list":["post-6665","post","type-post","status-publish","format-standard","has-post-thumbnail","hentry","category-arte-design","category-gestao_negocios","tag-arquiteto-de-ti","tag-arquitetura-de-tecnologia-da-informacao"],"yoast_head":"<!-- This site is optimized with the Yoast SEO plugin v25.1 - https:\/\/yoast.com\/wordpress\/plugins\/seo\/ -->\r\n<title>Arquiteto de TI: habilidades necess\u00e1rias e op\u00e7\u00f5es de carreira<\/title>\r\n<meta name=\"description\" content=\"Com a constante evolu\u00e7\u00e3o da \u00e1rea de Tecnologia da Informa\u00e7\u00e3o, o mercado necessita de um arquiteto de TI que trabalhe em v\u00e1rias vertentes. Conhe\u00e7a mais.\" \/>\r\n<meta name=\"robots\" content=\"index, follow, max-snippet:-1, max-image-preview:large, max-video-preview:-1\" \/>\r\n<link rel=\"canonical\" href=\"https:\/\/www.impacta.com.br\/blog\/arquiteto-de-ti-habilidades-necessarias-e-opcoes-de-carreira\/\" \/>\r\n<meta property=\"og:locale\" content=\"pt_BR\" \/>\r\n<meta property=\"og:type\" content=\"article\" \/>\r\n<meta property=\"og:title\" content=\"Arquiteto de TI: habilidades necess\u00e1rias e op\u00e7\u00f5es de carreira\" \/>\r\n<meta property=\"og:description\" content=\"Com a constante evolu\u00e7\u00e3o da \u00e1rea de Tecnologia da Informa\u00e7\u00e3o, o mercado necessita de um arquiteto de TI que trabalhe em v\u00e1rias vertentes. Conhe\u00e7a mais.\" \/>\r\n<meta property=\"og:url\" content=\"https:\/\/www.impacta.com.br\/blog\/arquiteto-de-ti-habilidades-necessarias-e-opcoes-de-carreira\/\" \/>\r\n<meta property=\"og:site_name\" content=\"Blog Impacta - Dicas e Not\u00edcias sobre Carreira\" \/>\r\n<meta property=\"article:published_time\" content=\"2015-05-09T13:00:16+00:00\" \/>\r\n<meta property=\"og:image\" content=\"https:\/\/www.impacta.com.br\/blog\/wp-content\/uploads\/2020\/04\/header_TI_arquiteto.jpg\" \/>\r\n\t<meta property=\"og:image:width\" content=\"850\" \/>\r\n\t<meta property=\"og:image:height\" content=\"283\" \/>\r\n\t<meta property=\"og:image:type\" content=\"image\/jpeg\" \/>\r\n<meta name=\"author\" content=\"Reda\u00e7\u00e3o Impacta\" \/>\r\n<meta name=\"twitter:card\" content=\"summary_large_image\" \/>\r\n<meta name=\"twitter:label1\" content=\"Written by\" \/>\n\t<meta name=\"twitter:data1\" content=\"Reda\u00e7\u00e3o Impacta\" \/>\n\t<meta name=\"twitter:label2\" content=\"Est. reading time\" \/>\n\t<meta name=\"twitter:data2\" content=\"4 minutos\" \/>\r\n<script type=\"application\/ld+json\" class=\"yoast-schema-graph\">{\"@context\":\"https:\/\/schema.org\",\"@graph\":[{\"@type\":\"WebPage\",\"@id\":\"https:\/\/www.impacta.com.br\/blog\/arquiteto-de-ti-habilidades-necessarias-e-opcoes-de-carreira\/\",\"url\":\"https:\/\/www.impacta.com.br\/blog\/arquiteto-de-ti-habilidades-necessarias-e-opcoes-de-carreira\/\",\"name\":\"Arquiteto de TI: habilidades necess\u00e1rias e op\u00e7\u00f5es de carreira\",\"isPartOf\":{\"@id\":\"https:\/\/www.impacta.com.br\/blog\/#website\"},\"primaryImageOfPage\":{\"@id\":\"https:\/\/www.impacta.com.br\/blog\/arquiteto-de-ti-habilidades-necessarias-e-opcoes-de-carreira\/#primaryimage\"},\"image\":{\"@id\":\"https:\/\/www.impacta.com.br\/blog\/arquiteto-de-ti-habilidades-necessarias-e-opcoes-de-carreira\/#primaryimage\"},\"thumbnailUrl\":\"https:\/\/www.impacta.com.br\/blog\/wp-content\/uploads\/2020\/04\/header_TI_arquiteto.jpg\",\"datePublished\":\"2015-05-09T13:00:16+00:00\",\"author\":{\"@id\":\"https:\/\/www.impacta.com.br\/blog\/#\/schema\/person\/2e0896bac7656da15b68f5ad2ddd0d8c\"},\"description\":\"Com a constante evolu\u00e7\u00e3o da \u00e1rea de Tecnologia da Informa\u00e7\u00e3o, o mercado necessita de um arquiteto de TI que trabalhe em v\u00e1rias vertentes. Conhe\u00e7a mais.\",\"breadcrumb\":{\"@id\":\"https:\/\/www.impacta.com.br\/blog\/arquiteto-de-ti-habilidades-necessarias-e-opcoes-de-carreira\/#breadcrumb\"},\"inLanguage\":\"pt-BR\",\"potentialAction\":[{\"@type\":\"ReadAction\",\"target\":[\"https:\/\/www.impacta.com.br\/blog\/arquiteto-de-ti-habilidades-necessarias-e-opcoes-de-carreira\/\"]}]},{\"@type\":\"ImageObject\",\"inLanguage\":\"pt-BR\",\"@id\":\"https:\/\/www.impacta.com.br\/blog\/arquiteto-de-ti-habilidades-necessarias-e-opcoes-de-carreira\/#primaryimage\",\"url\":\"https:\/\/www.impacta.com.br\/blog\/wp-content\/uploads\/2020\/04\/header_TI_arquiteto.jpg\",\"contentUrl\":\"https:\/\/www.impacta.com.br\/blog\/wp-content\/uploads\/2020\/04\/header_TI_arquiteto.jpg\",\"width\":850,\"height\":283},{\"@type\":\"BreadcrumbList\",\"@id\":\"https:\/\/www.impacta.com.br\/blog\/arquiteto-de-ti-habilidades-necessarias-e-opcoes-de-carreira\/#breadcrumb\",\"itemListElement\":[{\"@type\":\"ListItem\",\"position\":1,\"name\":\"In\u00edcio\",\"item\":\"https:\/\/www.impacta.com.br\/blog\/\"},{\"@type\":\"ListItem\",\"position\":2,\"name\":\"Arquiteto de TI: habilidades necess\u00e1rias e op\u00e7\u00f5es de carreira\"}]},{\"@type\":\"WebSite\",\"@id\":\"https:\/\/www.impacta.com.br\/blog\/#website\",\"url\":\"https:\/\/www.impacta.com.br\/blog\/\",\"name\":\"Blog Impacta - Dicas e Not\u00edcias sobre Carreira\",\"description\":\"Dicas, Not\u00edcias e Conte\u00fados sobre Carreira, Tecnologia, Design, Gest\u00e3o e Marketing. Conhe\u00e7a e Acompanhe o Blog Impacta\",\"potentialAction\":[{\"@type\":\"SearchAction\",\"target\":{\"@type\":\"EntryPoint\",\"urlTemplate\":\"https:\/\/www.impacta.com.br\/blog\/?s={search_term_string}\"},\"query-input\":{\"@type\":\"PropertyValueSpecification\",\"valueRequired\":true,\"valueName\":\"search_term_string\"}}],\"inLanguage\":\"pt-BR\"},{\"@type\":\"Person\",\"@id\":\"https:\/\/www.impacta.com.br\/blog\/#\/schema\/person\/2e0896bac7656da15b68f5ad2ddd0d8c\",\"name\":\"Reda\u00e7\u00e3o Impacta\",\"image\":{\"@type\":\"ImageObject\",\"inLanguage\":\"pt-BR\",\"@id\":\"https:\/\/www.impacta.com.br\/blog\/#\/schema\/person\/image\/\",\"url\":\"https:\/\/secure.gravatar.com\/avatar\/7443a59e479c8f31067628e3a4bed9ad?s=96&d=mm&r=g\",\"contentUrl\":\"https:\/\/secure.gravatar.com\/avatar\/7443a59e479c8f31067628e3a4bed9ad?s=96&d=mm&r=g\",\"caption\":\"Reda\u00e7\u00e3o Impacta\"},\"url\":\"https:\/\/www.impacta.com.br\/blog\/author\/redacao\/\"}]}<\/script>\r\n<!-- \/ Yoast SEO plugin. -->","yoast_head_json":{"title":"Arquiteto de TI: habilidades necess\u00e1rias e op\u00e7\u00f5es de carreira","description":"Com a constante evolu\u00e7\u00e3o da \u00e1rea de Tecnologia da Informa\u00e7\u00e3o, o mercado necessita de um arquiteto de TI que trabalhe em v\u00e1rias vertentes. Conhe\u00e7a mais.","robots":{"index":"index","follow":"follow","max-snippet":"max-snippet:-1","max-image-preview":"max-image-preview:large","max-video-preview":"max-video-preview:-1"},"canonical":"https:\/\/www.impacta.com.br\/blog\/arquiteto-de-ti-habilidades-necessarias-e-opcoes-de-carreira\/","og_locale":"pt_BR","og_type":"article","og_title":"Arquiteto de TI: habilidades necess\u00e1rias e op\u00e7\u00f5es de carreira","og_description":"Com a constante evolu\u00e7\u00e3o da \u00e1rea de Tecnologia da Informa\u00e7\u00e3o, o mercado necessita de um arquiteto de TI que trabalhe em v\u00e1rias vertentes. Conhe\u00e7a mais.","og_url":"https:\/\/www.impacta.com.br\/blog\/arquiteto-de-ti-habilidades-necessarias-e-opcoes-de-carreira\/","og_site_name":"Blog Impacta - Dicas e Not\u00edcias sobre Carreira","article_published_time":"2015-05-09T13:00:16+00:00","og_image":[{"width":850,"height":283,"url":"https:\/\/www.impacta.com.br\/blog\/wp-content\/uploads\/2020\/04\/header_TI_arquiteto.jpg","type":"image\/jpeg"}],"author":"Reda\u00e7\u00e3o Impacta","twitter_card":"summary_large_image","twitter_misc":{"Written by":"Reda\u00e7\u00e3o Impacta","Est. reading time":"4 minutos"},"schema":{"@context":"https:\/\/schema.org","@graph":[{"@type":"WebPage","@id":"https:\/\/www.impacta.com.br\/blog\/arquiteto-de-ti-habilidades-necessarias-e-opcoes-de-carreira\/","url":"https:\/\/www.impacta.com.br\/blog\/arquiteto-de-ti-habilidades-necessarias-e-opcoes-de-carreira\/","name":"Arquiteto de TI: habilidades necess\u00e1rias e op\u00e7\u00f5es de carreira","isPartOf":{"@id":"https:\/\/www.impacta.com.br\/blog\/#website"},"primaryImageOfPage":{"@id":"https:\/\/www.impacta.com.br\/blog\/arquiteto-de-ti-habilidades-necessarias-e-opcoes-de-carreira\/#primaryimage"},"image":{"@id":"https:\/\/www.impacta.com.br\/blog\/arquiteto-de-ti-habilidades-necessarias-e-opcoes-de-carreira\/#primaryimage"},"thumbnailUrl":"https:\/\/www.impacta.com.br\/blog\/wp-content\/uploads\/2020\/04\/header_TI_arquiteto.jpg","datePublished":"2015-05-09T13:00:16+00:00","author":{"@id":"https:\/\/www.impacta.com.br\/blog\/#\/schema\/person\/2e0896bac7656da15b68f5ad2ddd0d8c"},"description":"Com a constante evolu\u00e7\u00e3o da \u00e1rea de Tecnologia da Informa\u00e7\u00e3o, o mercado necessita de um arquiteto de TI que trabalhe em v\u00e1rias vertentes. Conhe\u00e7a mais.","breadcrumb":{"@id":"https:\/\/www.impacta.com.br\/blog\/arquiteto-de-ti-habilidades-necessarias-e-opcoes-de-carreira\/#breadcrumb"},"inLanguage":"pt-BR","potentialAction":[{"@type":"ReadAction","target":["https:\/\/www.impacta.com.br\/blog\/arquiteto-de-ti-habilidades-necessarias-e-opcoes-de-carreira\/"]}]},{"@type":"ImageObject","inLanguage":"pt-BR","@id":"https:\/\/www.impacta.com.br\/blog\/arquiteto-de-ti-habilidades-necessarias-e-opcoes-de-carreira\/#primaryimage","url":"https:\/\/www.impacta.com.br\/blog\/wp-content\/uploads\/2020\/04\/header_TI_arquiteto.jpg","contentUrl":"https:\/\/www.impacta.com.br\/blog\/wp-content\/uploads\/2020\/04\/header_TI_arquiteto.jpg","width":850,"height":283},{"@type":"BreadcrumbList","@id":"https:\/\/www.impacta.com.br\/blog\/arquiteto-de-ti-habilidades-necessarias-e-opcoes-de-carreira\/#breadcrumb","itemListElement":[{"@type":"ListItem","position":1,"name":"In\u00edcio","item":"https:\/\/www.impacta.com.br\/blog\/"},{"@type":"ListItem","position":2,"name":"Arquiteto de TI: habilidades necess\u00e1rias e op\u00e7\u00f5es de carreira"}]},{"@type":"WebSite","@id":"https:\/\/www.impacta.com.br\/blog\/#website","url":"https:\/\/www.impacta.com.br\/blog\/","name":"Blog Impacta - Dicas e Not\u00edcias sobre Carreira","description":"Dicas, Not\u00edcias e Conte\u00fados sobre Carreira, Tecnologia, Design, Gest\u00e3o e Marketing. Conhe\u00e7a e Acompanhe o Blog Impacta","potentialAction":[{"@type":"SearchAction","target":{"@type":"EntryPoint","urlTemplate":"https:\/\/www.impacta.com.br\/blog\/?s={search_term_string}"},"query-input":{"@type":"PropertyValueSpecification","valueRequired":true,"valueName":"search_term_string"}}],"inLanguage":"pt-BR"},{"@type":"Person","@id":"https:\/\/www.impacta.com.br\/blog\/#\/schema\/person\/2e0896bac7656da15b68f5ad2ddd0d8c","name":"Reda\u00e7\u00e3o Impacta","image":{"@type":"ImageObject","inLanguage":"pt-BR","@id":"https:\/\/www.impacta.com.br\/blog\/#\/schema\/person\/image\/","url":"https:\/\/secure.gravatar.com\/avatar\/7443a59e479c8f31067628e3a4bed9ad?s=96&d=mm&r=g","contentUrl":"https:\/\/secure.gravatar.com\/avatar\/7443a59e479c8f31067628e3a4bed9ad?s=96&d=mm&r=g","caption":"Reda\u00e7\u00e3o Impacta"},"url":"https:\/\/www.impacta.com.br\/blog\/author\/redacao\/"}]}},"acf":{"post_description":null,"capa_mobile":null},"_links":{"self":[{"href":"https:\/\/www.impacta.com.br\/blog\/wp-json\/wp\/v2\/posts\/6665","targetHints":{"allow":["GET"]}}],"collection":[{"href":"https:\/\/www.impacta.com.br\/blog\/wp-json\/wp\/v2\/posts"}],"about":[{"href":"https:\/\/www.impacta.com.br\/blog\/wp-json\/wp\/v2\/types\/post"}],"author":[{"embeddable":true,"href":"https:\/\/www.impacta.com.br\/blog\/wp-json\/wp\/v2\/users\/2"}],"replies":[{"embeddable":true,"href":"https:\/\/www.impacta.com.br\/blog\/wp-json\/wp\/v2\/comments?post=6665"}],"version-history":[{"count":0,"href":"https:\/\/www.impacta.com.br\/blog\/wp-json\/wp\/v2\/posts\/6665\/revisions"}],"wp:featuredmedia":[{"embeddable":true,"href":"https:\/\/www.impacta.com.br\/blog\/wp-json\/wp\/v2\/media\/17689"}],"wp:attachment":[{"href":"https:\/\/www.impacta.com.br\/blog\/wp-json\/wp\/v2\/media?parent=6665"}],"wp:term":[{"taxonomy":"category","embeddable":true,"href":"https:\/\/www.impacta.com.br\/blog\/wp-json\/wp\/v2\/categories?post=6665"},{"taxonomy":"post_tag","embeddable":true,"href":"https:\/\/www.impacta.com.br\/blog\/wp-json\/wp\/v2\/tags?post=6665"}],"curies":[{"name":"wp","href":"https:\/\/api.w.org\/{rel}","templated":true}]}}