{"id":6286,"date":"2015-04-14T18:00:33","date_gmt":"2015-04-14T21:00:33","guid":{"rendered":"http:\/\/www.impacta.com.br\/blog\/?p=6286"},"modified":"2015-04-14T18:00:33","modified_gmt":"2015-04-14T21:00:33","slug":"criatividade-e-liberdade-a-capacidade-de-interpretar-o-mundo","status":"publish","type":"post","link":"https:\/\/www.impacta.com.br\/blog\/criatividade-e-liberdade-a-capacidade-de-interpretar-o-mundo\/","title":{"rendered":"Criatividade e Liberdade: A capacidade de interpretar o mundo"},"content":{"rendered":"<p style=\"text-align: justify;\"><em>\u201cN\u00e3o deixe o barulho da opini\u00e3o dos outros abafar sua voz interior. E mais importante, tenha a coragem de seguir seu cora\u00e7\u00e3o e sua intui\u00e7\u00e3o. Eles de alguma forma j\u00e1 sabem o que voc\u00ea realmente quer se tornar. <\/em><em>Tudo o mais \u00e9 secund\u00e1rio.\u201d <\/em><a title=\"Frase de Steve Jobs define a criatividade\" href=\"https:\/\/pensador.uol.com.br\/autor\/steve_jobs\/\" target=\"_blank\" rel=\"noopener noreferrer\">Steve Jobs<\/a><\/p>\n<p style=\"text-align: justify;\">A <strong>criatividade<\/strong> come\u00e7a com uma necessidade de interpretar algo para a transmiss\u00e3o de uma ideia, mas precisa da liberdade de nascer e crescer. N\u00e3o pode existir o medo de errar, precisa de fortes opini\u00f5es e firmeza e tem que vencer as inevit\u00e1veis compara\u00e7\u00f5es para chegar a uma autenticidade. A ousadia e observa\u00e7\u00e3o dos detalhes sempre far\u00e3o diferen\u00e7a, as fontes de pesquisa precisam ser vastas. Ent\u00e3o, ler, sair por a\u00ed para observar o mundo e a natureza, conversar, brincar com as crian\u00e7as, assistir filmes e espet\u00e1culos s\u00e3o algumas fontes de inspira\u00e7\u00e3o.<\/p>\n<h2 style=\"text-align: center;\"><strong><span style=\"font-size: 12pt;\">Como meu c\u00e9rebro lida com as cr\u00edticas?<\/span><\/strong><\/h2>\n<p style=\"text-align: justify;\">Ele n\u00e3o gosta da n\u00e3o aprova\u00e7\u00e3o. Isso atinge o ego, trava os mecanismos criativos e devolve para os mesmos padr\u00f5es de sempre, frustrante. Uma vis\u00e3o de mundo clara e crescente influencia todas as coisas que se deseja alcan\u00e7ar, o que uma personalidade objetiva, que atinge os limites da subjetividade e alcan\u00e7a express\u00e3o, algo que seja significativo para o mundo.<\/p>\n<p style=\"text-align: justify;\">\u00c9 curioso ver pessoas com dificuldades de realizar simples rabiscos em uma folha de papel em branco para desenvolver uma nova ideia, sejam capazes de fazer montagens no <strong>Photoshop<\/strong> ou mesmo de fazer o mais simples desenho com formas prontas no <strong>Illustrator<\/strong>. E quando precisam criar um arranjo com o textos e imagens no <strong>InDesign<\/strong>, no <strong>Dreamweaver<\/strong> ou qualquer outro programa, deveria ser ainda mais simples, penso, mas a dificuldade \u00e9 enorme para a maioria.<\/p>\n<p style=\"text-align: justify;\">Mesmo quando a necessidade de criar est\u00e1 em qualquer \u00e1rea de conhecimento, a criatividade \u00e9 travada por milhares de quest\u00f5es interiores ao indiv\u00edduo, seja por medo, por vergonha, timidez, falta de conhecimento, pensar o que outros v\u00e3o achar, cr\u00edticas e outros muitos fatores que atingem a capacidade humana de criar algo diferente.<\/p>\n<h2 style=\"text-align: center;\"><strong><span style=\"font-size: 12pt;\">Quando uma boa ideia n\u00e3o aparece<\/span><\/strong><\/h2>\n<p style=\"text-align: justify;\">Ser\u00e1 que \u00e9 a falta de uma ideia clara ou o medo da primeira que vem \u00e0 cabe\u00e7a. \u00c9 preciso saber que um pensamento \u00e9 somente um in\u00edcio de uma boa ideia. Por mais estranho que pare\u00e7a, sempre temos algo a fazer, quer seja coerente ou n\u00e3o. Deveria sair da mente para o papel, para o software com uma \u00e1rea em branco ou o que quer que seja.<\/p>\n<p style=\"text-align: justify;\">Uma ideia n\u00e3o deveria jamais ser descartada ou criticada no seu in\u00edcio, ela sempre deve ter a chance de crescer e amadurecer, ou ser um degrau para outra, mas n\u00e3o deveria ser atacada nem mesmo por quem a concebeu, deveria ficar l\u00e1, aparentemente parada para ser explorada a qualquer momento.<\/p>\n<p style=\"text-align: center;\"><a href=\"https:\/\/www.impacta.com.br\/blog\/wp-content\/uploads\/2015\/04\/Fotolia_64986932_Subscription_XXL.jpg\" target=\"_blank\" rel=\"noopener noreferrer\"><img loading=\"lazy\" decoding=\"async\" class=\" wp-image-6291 aligncenter\" title=\"A criatividade precisa estar acompanhada de liberdade\" src=\"https:\/\/www.impacta.com.br\/blog\/wp-content\/uploads\/2015\/04\/Fotolia_64986932_Subscription_XXL.jpg\" alt=\"A criatividade precisa estar acompanhada de liberdade\" width=\"460\" height=\"460\" \/><\/a><\/p>\n<h2 style=\"text-align: center;\"><strong><span style=\"font-size: 12pt;\">Desenvolvimento da criatividade<\/span><\/strong><\/h2>\n<p style=\"text-align: justify;\">Ter a ideia e achar um caminho n\u00e3o \u00e9 por si s\u00f3 tarefa f\u00e1cil, mas se tiver liberdade mental, sem bloqueios, esta mesma ideia poder\u00e1 atingir n\u00edveis impressionantes de desenvolvimento, transformando-se com o tempo. Sim, o tempo \u00e9 um grande problema para as ideias, ele leva as pessoas a simplesmente desistirem por apress\u00e1-las demais, em um mundo que tudo \u00e9 urgente, \u201cpara ontem\u201d.<\/p>\n<p style=\"text-align: justify;\">Como na concep\u00e7\u00e3o de uma ideia, seu desenvolvimento poder\u00e1 ser seriamente atingido pelas cr\u00edticas, tornando-o distorcido, sem for\u00e7a para chegar onde deveria, e novamente ser descartado por falta de apoio ao processo.<\/p>\n<p style=\"text-align: justify;\">Se o autor da ideia n\u00e3o tem o entusiasmo para prosseguir acreditando na sua intui\u00e7\u00e3o, as coisas podem desmoronar para o nascimento e desenvolvimento, por mais brilhante que ela seja. Por isso, confian\u00e7a \u00e9 importante para este caminho ser livre e certo.<\/p>\n<p style=\"text-align: justify;\">Se existe confian\u00e7a no autor da ideia, mas n\u00e3o em seus apoiadores ou grupo de trabalho, as coisas podem se tornar bloqueadoras aos poucos. As mentes envolvidas no processo n\u00e3o podem ser diferentes no objetivo, precisam de unanimidade e coragem para atingir os alvos comuns. Saberem onde querem chegar \u00e9 o mais importante.<\/p>\n<p style=\"text-align: justify;\">Criatividade \u00e9 para tudo na vida, \u00e9 determinante para chegar a qualquer lugar, assim como problemas s\u00e3o comuns no cotidiano, ambos andam juntos. Resolver os altos e baixos de um caminho, de forma \u201csempre\u201d criativa, faz a diferen\u00e7a, e no lado profissional ser\u00e1 destaque.<\/p>\n<div class=\"sharing-default-minimal post-bottom\"><div class=\"nectar-social default\" data-position=\"\" data-rm-love=\"0\" data-color-override=\"override\"><div class=\"nectar-social-inner\"><a href=\"#\" class=\"nectar-love\" id=\"nectar-love-6286\" title=\"Love this\"> <i class=\"icon-salient-heart-2\"><\/i><span class=\"love-text\">Love<\/span><span class=\"total_loves\"><span class=\"nectar-love-count\">0<\/span><\/span><\/a><a class='facebook-share nectar-sharing' href='#' title='Share this'> <i class='fa fa-facebook'><\/i> <span class='social-text'>Share<\/span> <\/a><a class='twitter-share nectar-sharing' href='#' title='Share this'> <i class='fa icon-salient-x-twitter'><\/i> <span class='social-text'>Share<\/span> <\/a><a class='linkedin-share nectar-sharing' href='#' title='Share this'> <i class='fa fa-linkedin'><\/i> <span class='social-text'>Share<\/span> <\/a><a class='pinterest-share nectar-sharing' href='#' title='Pin this'> <i class='fa fa-pinterest'><\/i> <span class='social-text'>Pin<\/span> <\/a><\/div><\/div><\/div>","protected":false},"excerpt":{"rendered":"<p>\u201cN\u00e3o deixe o barulho da opini\u00e3o dos outros abafar sua voz interior. E mais importante, tenha a coragem de seguir seu cora\u00e7\u00e3o e sua intui\u00e7\u00e3o. Eles de alguma forma j\u00e1 sabem o que voc\u00ea realmente quer se tornar. Tudo o mais \u00e9 secund\u00e1rio.\u201d Steve Jobs A criatividade come\u00e7a com uma necessidade de interpretar algo para [&hellip;]<\/p>\n","protected":false},"author":20,"featured_media":17684,"comment_status":"open","ping_status":"open","sticky":false,"template":"","format":"standard","meta":{"footnotes":""},"categories":[26],"tags":[330],"class_list":["post-6286","post","type-post","status-publish","format-standard","has-post-thumbnail","hentry","category-arte-design","tag-criatividade"],"yoast_head":"<!-- This site is optimized with the Yoast SEO plugin v25.1 - https:\/\/yoast.com\/wordpress\/plugins\/seo\/ -->\r\n<title>Criatividade e Liberdade: A capacidade de interpretar o mundo<\/title>\r\n<meta name=\"description\" content=\"O que \u00e9 a criatividade? Como ter uma boa ideia? Veja aqui como interpretar e transmitir uma ideia, dando liberdade para ela nascer e crescer.\" \/>\r\n<meta name=\"robots\" content=\"index, follow, max-snippet:-1, max-image-preview:large, max-video-preview:-1\" \/>\r\n<link rel=\"canonical\" href=\"https:\/\/www.impacta.com.br\/blog\/criatividade-e-liberdade-a-capacidade-de-interpretar-o-mundo\/\" \/>\r\n<meta property=\"og:locale\" content=\"pt_BR\" \/>\r\n<meta property=\"og:type\" content=\"article\" \/>\r\n<meta property=\"og:title\" content=\"Criatividade e Liberdade: A capacidade de interpretar o mundo\" \/>\r\n<meta property=\"og:description\" content=\"O que \u00e9 a criatividade? Como ter uma boa ideia? Veja aqui como interpretar e transmitir uma ideia, dando liberdade para ela nascer e crescer.\" \/>\r\n<meta property=\"og:url\" content=\"https:\/\/www.impacta.com.br\/blog\/criatividade-e-liberdade-a-capacidade-de-interpretar-o-mundo\/\" \/>\r\n<meta property=\"og:site_name\" content=\"Blog Impacta - Dicas e Not\u00edcias sobre Carreira\" \/>\r\n<meta property=\"article:published_time\" content=\"2015-04-14T21:00:33+00:00\" \/>\r\n<meta property=\"og:image\" content=\"https:\/\/www.impacta.com.br\/blog\/wp-content\/uploads\/2020\/04\/header_Criatividade.jpg\" \/>\r\n\t<meta property=\"og:image:width\" content=\"850\" \/>\r\n\t<meta property=\"og:image:height\" content=\"283\" \/>\r\n\t<meta property=\"og:image:type\" content=\"image\/jpeg\" \/>\r\n<meta name=\"author\" content=\"Lazaro Lucio\" \/>\r\n<meta name=\"twitter:card\" content=\"summary_large_image\" \/>\r\n<meta name=\"twitter:label1\" content=\"Written by\" \/>\n\t<meta name=\"twitter:data1\" content=\"Lazaro Lucio\" \/>\n\t<meta name=\"twitter:label2\" content=\"Est. reading time\" \/>\n\t<meta name=\"twitter:data2\" content=\"4 minutos\" \/>\r\n<script type=\"application\/ld+json\" class=\"yoast-schema-graph\">{\"@context\":\"https:\/\/schema.org\",\"@graph\":[{\"@type\":\"WebPage\",\"@id\":\"https:\/\/www.impacta.com.br\/blog\/criatividade-e-liberdade-a-capacidade-de-interpretar-o-mundo\/\",\"url\":\"https:\/\/www.impacta.com.br\/blog\/criatividade-e-liberdade-a-capacidade-de-interpretar-o-mundo\/\",\"name\":\"Criatividade e Liberdade: A capacidade de interpretar o mundo\",\"isPartOf\":{\"@id\":\"https:\/\/www.impacta.com.br\/blog\/#website\"},\"primaryImageOfPage\":{\"@id\":\"https:\/\/www.impacta.com.br\/blog\/criatividade-e-liberdade-a-capacidade-de-interpretar-o-mundo\/#primaryimage\"},\"image\":{\"@id\":\"https:\/\/www.impacta.com.br\/blog\/criatividade-e-liberdade-a-capacidade-de-interpretar-o-mundo\/#primaryimage\"},\"thumbnailUrl\":\"https:\/\/www.impacta.com.br\/blog\/wp-content\/uploads\/2020\/04\/header_Criatividade.jpg\",\"datePublished\":\"2015-04-14T21:00:33+00:00\",\"author\":{\"@id\":\"https:\/\/www.impacta.com.br\/blog\/#\/schema\/person\/9797f254e8d7dbd92af29fa9937e3dc7\"},\"description\":\"O que \u00e9 a criatividade? Como ter uma boa ideia? Veja aqui como interpretar e transmitir uma ideia, dando liberdade para ela nascer e crescer.\",\"breadcrumb\":{\"@id\":\"https:\/\/www.impacta.com.br\/blog\/criatividade-e-liberdade-a-capacidade-de-interpretar-o-mundo\/#breadcrumb\"},\"inLanguage\":\"pt-BR\",\"potentialAction\":[{\"@type\":\"ReadAction\",\"target\":[\"https:\/\/www.impacta.com.br\/blog\/criatividade-e-liberdade-a-capacidade-de-interpretar-o-mundo\/\"]}]},{\"@type\":\"ImageObject\",\"inLanguage\":\"pt-BR\",\"@id\":\"https:\/\/www.impacta.com.br\/blog\/criatividade-e-liberdade-a-capacidade-de-interpretar-o-mundo\/#primaryimage\",\"url\":\"https:\/\/www.impacta.com.br\/blog\/wp-content\/uploads\/2020\/04\/header_Criatividade.jpg\",\"contentUrl\":\"https:\/\/www.impacta.com.br\/blog\/wp-content\/uploads\/2020\/04\/header_Criatividade.jpg\",\"width\":850,\"height\":283},{\"@type\":\"BreadcrumbList\",\"@id\":\"https:\/\/www.impacta.com.br\/blog\/criatividade-e-liberdade-a-capacidade-de-interpretar-o-mundo\/#breadcrumb\",\"itemListElement\":[{\"@type\":\"ListItem\",\"position\":1,\"name\":\"In\u00edcio\",\"item\":\"https:\/\/www.impacta.com.br\/blog\/\"},{\"@type\":\"ListItem\",\"position\":2,\"name\":\"Criatividade e Liberdade: A capacidade de interpretar o mundo\"}]},{\"@type\":\"WebSite\",\"@id\":\"https:\/\/www.impacta.com.br\/blog\/#website\",\"url\":\"https:\/\/www.impacta.com.br\/blog\/\",\"name\":\"Blog Impacta - Dicas e Not\u00edcias sobre Carreira\",\"description\":\"Dicas, Not\u00edcias e Conte\u00fados sobre Carreira, Tecnologia, Design, Gest\u00e3o e Marketing. Conhe\u00e7a e Acompanhe o Blog Impacta\",\"potentialAction\":[{\"@type\":\"SearchAction\",\"target\":{\"@type\":\"EntryPoint\",\"urlTemplate\":\"https:\/\/www.impacta.com.br\/blog\/?s={search_term_string}\"},\"query-input\":{\"@type\":\"PropertyValueSpecification\",\"valueRequired\":true,\"valueName\":\"search_term_string\"}}],\"inLanguage\":\"pt-BR\"},{\"@type\":\"Person\",\"@id\":\"https:\/\/www.impacta.com.br\/blog\/#\/schema\/person\/9797f254e8d7dbd92af29fa9937e3dc7\",\"name\":\"Lazaro Lucio\",\"image\":{\"@type\":\"ImageObject\",\"inLanguage\":\"pt-BR\",\"@id\":\"https:\/\/www.impacta.com.br\/blog\/#\/schema\/person\/image\/\",\"url\":\"https:\/\/secure.gravatar.com\/avatar\/28381ad00b08f6423c60dc33bc0e2a55?s=96&d=mm&r=g\",\"contentUrl\":\"https:\/\/secure.gravatar.com\/avatar\/28381ad00b08f6423c60dc33bc0e2a55?s=96&d=mm&r=g\",\"caption\":\"Lazaro Lucio\"},\"url\":\"https:\/\/www.impacta.com.br\/blog\/author\/lazaro\/\"}]}<\/script>\r\n<!-- \/ Yoast SEO plugin. -->","yoast_head_json":{"title":"Criatividade e Liberdade: A capacidade de interpretar o mundo","description":"O que \u00e9 a criatividade? Como ter uma boa ideia? Veja aqui como interpretar e transmitir uma ideia, dando liberdade para ela nascer e crescer.","robots":{"index":"index","follow":"follow","max-snippet":"max-snippet:-1","max-image-preview":"max-image-preview:large","max-video-preview":"max-video-preview:-1"},"canonical":"https:\/\/www.impacta.com.br\/blog\/criatividade-e-liberdade-a-capacidade-de-interpretar-o-mundo\/","og_locale":"pt_BR","og_type":"article","og_title":"Criatividade e Liberdade: A capacidade de interpretar o mundo","og_description":"O que \u00e9 a criatividade? Como ter uma boa ideia? Veja aqui como interpretar e transmitir uma ideia, dando liberdade para ela nascer e crescer.","og_url":"https:\/\/www.impacta.com.br\/blog\/criatividade-e-liberdade-a-capacidade-de-interpretar-o-mundo\/","og_site_name":"Blog Impacta - Dicas e Not\u00edcias sobre Carreira","article_published_time":"2015-04-14T21:00:33+00:00","og_image":[{"width":850,"height":283,"url":"https:\/\/www.impacta.com.br\/blog\/wp-content\/uploads\/2020\/04\/header_Criatividade.jpg","type":"image\/jpeg"}],"author":"Lazaro Lucio","twitter_card":"summary_large_image","twitter_misc":{"Written by":"Lazaro Lucio","Est. reading time":"4 minutos"},"schema":{"@context":"https:\/\/schema.org","@graph":[{"@type":"WebPage","@id":"https:\/\/www.impacta.com.br\/blog\/criatividade-e-liberdade-a-capacidade-de-interpretar-o-mundo\/","url":"https:\/\/www.impacta.com.br\/blog\/criatividade-e-liberdade-a-capacidade-de-interpretar-o-mundo\/","name":"Criatividade e Liberdade: A capacidade de interpretar o mundo","isPartOf":{"@id":"https:\/\/www.impacta.com.br\/blog\/#website"},"primaryImageOfPage":{"@id":"https:\/\/www.impacta.com.br\/blog\/criatividade-e-liberdade-a-capacidade-de-interpretar-o-mundo\/#primaryimage"},"image":{"@id":"https:\/\/www.impacta.com.br\/blog\/criatividade-e-liberdade-a-capacidade-de-interpretar-o-mundo\/#primaryimage"},"thumbnailUrl":"https:\/\/www.impacta.com.br\/blog\/wp-content\/uploads\/2020\/04\/header_Criatividade.jpg","datePublished":"2015-04-14T21:00:33+00:00","author":{"@id":"https:\/\/www.impacta.com.br\/blog\/#\/schema\/person\/9797f254e8d7dbd92af29fa9937e3dc7"},"description":"O que \u00e9 a criatividade? Como ter uma boa ideia? Veja aqui como interpretar e transmitir uma ideia, dando liberdade para ela nascer e crescer.","breadcrumb":{"@id":"https:\/\/www.impacta.com.br\/blog\/criatividade-e-liberdade-a-capacidade-de-interpretar-o-mundo\/#breadcrumb"},"inLanguage":"pt-BR","potentialAction":[{"@type":"ReadAction","target":["https:\/\/www.impacta.com.br\/blog\/criatividade-e-liberdade-a-capacidade-de-interpretar-o-mundo\/"]}]},{"@type":"ImageObject","inLanguage":"pt-BR","@id":"https:\/\/www.impacta.com.br\/blog\/criatividade-e-liberdade-a-capacidade-de-interpretar-o-mundo\/#primaryimage","url":"https:\/\/www.impacta.com.br\/blog\/wp-content\/uploads\/2020\/04\/header_Criatividade.jpg","contentUrl":"https:\/\/www.impacta.com.br\/blog\/wp-content\/uploads\/2020\/04\/header_Criatividade.jpg","width":850,"height":283},{"@type":"BreadcrumbList","@id":"https:\/\/www.impacta.com.br\/blog\/criatividade-e-liberdade-a-capacidade-de-interpretar-o-mundo\/#breadcrumb","itemListElement":[{"@type":"ListItem","position":1,"name":"In\u00edcio","item":"https:\/\/www.impacta.com.br\/blog\/"},{"@type":"ListItem","position":2,"name":"Criatividade e Liberdade: A capacidade de interpretar o mundo"}]},{"@type":"WebSite","@id":"https:\/\/www.impacta.com.br\/blog\/#website","url":"https:\/\/www.impacta.com.br\/blog\/","name":"Blog Impacta - Dicas e Not\u00edcias sobre Carreira","description":"Dicas, Not\u00edcias e Conte\u00fados sobre Carreira, Tecnologia, Design, Gest\u00e3o e Marketing. Conhe\u00e7a e Acompanhe o Blog Impacta","potentialAction":[{"@type":"SearchAction","target":{"@type":"EntryPoint","urlTemplate":"https:\/\/www.impacta.com.br\/blog\/?s={search_term_string}"},"query-input":{"@type":"PropertyValueSpecification","valueRequired":true,"valueName":"search_term_string"}}],"inLanguage":"pt-BR"},{"@type":"Person","@id":"https:\/\/www.impacta.com.br\/blog\/#\/schema\/person\/9797f254e8d7dbd92af29fa9937e3dc7","name":"Lazaro Lucio","image":{"@type":"ImageObject","inLanguage":"pt-BR","@id":"https:\/\/www.impacta.com.br\/blog\/#\/schema\/person\/image\/","url":"https:\/\/secure.gravatar.com\/avatar\/28381ad00b08f6423c60dc33bc0e2a55?s=96&d=mm&r=g","contentUrl":"https:\/\/secure.gravatar.com\/avatar\/28381ad00b08f6423c60dc33bc0e2a55?s=96&d=mm&r=g","caption":"Lazaro Lucio"},"url":"https:\/\/www.impacta.com.br\/blog\/author\/lazaro\/"}]}},"acf":{"post_description":null,"capa_mobile":null},"_links":{"self":[{"href":"https:\/\/www.impacta.com.br\/blog\/wp-json\/wp\/v2\/posts\/6286","targetHints":{"allow":["GET"]}}],"collection":[{"href":"https:\/\/www.impacta.com.br\/blog\/wp-json\/wp\/v2\/posts"}],"about":[{"href":"https:\/\/www.impacta.com.br\/blog\/wp-json\/wp\/v2\/types\/post"}],"author":[{"embeddable":true,"href":"https:\/\/www.impacta.com.br\/blog\/wp-json\/wp\/v2\/users\/20"}],"replies":[{"embeddable":true,"href":"https:\/\/www.impacta.com.br\/blog\/wp-json\/wp\/v2\/comments?post=6286"}],"version-history":[{"count":0,"href":"https:\/\/www.impacta.com.br\/blog\/wp-json\/wp\/v2\/posts\/6286\/revisions"}],"wp:featuredmedia":[{"embeddable":true,"href":"https:\/\/www.impacta.com.br\/blog\/wp-json\/wp\/v2\/media\/17684"}],"wp:attachment":[{"href":"https:\/\/www.impacta.com.br\/blog\/wp-json\/wp\/v2\/media?parent=6286"}],"wp:term":[{"taxonomy":"category","embeddable":true,"href":"https:\/\/www.impacta.com.br\/blog\/wp-json\/wp\/v2\/categories?post=6286"},{"taxonomy":"post_tag","embeddable":true,"href":"https:\/\/www.impacta.com.br\/blog\/wp-json\/wp\/v2\/tags?post=6286"}],"curies":[{"name":"wp","href":"https:\/\/api.w.org\/{rel}","templated":true}]}}