{"id":4020,"date":"2020-10-07T08:00:21","date_gmt":"2020-10-07T11:00:21","guid":{"rendered":"https:\/\/www.impacta.edu.br\/blog\/?p=4020"},"modified":"2020-12-15T19:13:07","modified_gmt":"2020-12-15T22:13:07","slug":"tccs-graduacao-administracao-aprovados-convibra","status":"publish","type":"post","link":"https:\/\/www.impacta.com.br\/blog\/tccs-graduacao-administracao-aprovados-convibra\/","title":{"rendered":"TCCs de Alunos da Gradua\u00e7\u00e3o em Administra\u00e7\u00e3o s\u00e3o aprovados no CONVIBRA 2020"},"content":{"rendered":"<p><span style=\"font-weight: 400; font-size: 14pt;\">Quando falamos que o sucesso de nossos alunos \u00e9 o maior motivo de orgulho aqui na Faculdade Impacta, n\u00e3o \u00e9 \u00e0 toa. S\u00e3o centenas de exemplos surgindo a cada semestre.<\/span><\/p>\n<p><span style=\"font-weight: 400; font-size: 14pt;\">De profissionais se destacando no mercado de trabalho a participa\u00e7\u00e3o e vit\u00f3ria em importantes <a href=\"https:\/\/www.impacta.edu.br\/blog\/aluno-impacta-vence-o-1-o-hackathon-do-grupo-movile-dono-do-ifood\/\" target=\"_blank\" rel=\"noopener noreferrer\">Hackathons<\/a>, os alunos tamb\u00e9m brilham na \u00e1rea acad\u00eamica com projetos e trabalhos inovadores com foco na tecnologia e resolu\u00e7\u00e3o de problemas.<\/span><\/p>\n<p><span style=\"font-size: 14pt;\"><span style=\"font-weight: 400;\">Para se ter uma ideia,<\/span><b> todos os trabalhos de conclus\u00e3o de curso<\/b><span style=\"font-weight: 400;\"> da Gradua\u00e7\u00e3o em Administra\u00e7\u00e3o da Impacta foram aprovados para participa\u00e7\u00e3o no <\/span><b>XVII Congresso Virtual de Administra\u00e7\u00e3o<\/b><span style=\"font-weight: 400;\">, que acontece de forma online de 01 a 05 de dezembro de 2020.<\/span><\/span><\/p>\n<p><span style=\"font-weight: 400; font-size: 14pt;\">No total s\u00e3o 7 TCCs que ser\u00e3o apresentados durante a <strong>CONVIBRA de Administra\u00e7\u00e3o<\/strong>, compartilhando conhecimento de qualidade com milhares de acad\u00eamicos, profissionais e estudantes em todo o Brasil.&nbsp;<\/span><\/p>\n<p><span style=\"font-weight: 400; font-size: 14pt;\">Vamos ver quais foram os temas dos trabalhos? Confira tudo a seguir!<\/span><\/p>\n<h3><span style=\"font-size: 14pt;\"><b>O que \u00e9 a CONVIBRA?<\/b><\/span><\/h3>\n<p><span style=\"font-weight: 400; font-size: 14pt;\">Desde 2004 a CONVIBRA realiza congressos totalmente virtuais, democratizando e facilitando a participa\u00e7\u00e3o de docentes, pesquisadores, estudantes e profissionais em debates de temas importantes e na apresenta\u00e7\u00e3o de trabalhos que contribuem para a sociedade.<\/span><\/p>\n<p><span style=\"font-weight: 400; font-size: 14pt;\">Com menos custos e sem a necessidade de locomo\u00e7\u00e3o e viagens, o formato do congresso \u00e9 inclusivo e sustent\u00e1vel.&nbsp;<\/span><\/p>\n<p><span style=\"font-weight: 400; font-size: 14pt;\">Para participar do evento, os candidatos devem apresentar os trabalhos que \u00e9 avaliado por uma Comiss\u00e3o formada por acad\u00eamicos de Universidades internacionais de pa\u00edses como Portugal, Col\u00f4mbia e Pol\u00f4nia.<\/span><\/p>\n<p><span style=\"font-weight: 400; font-size: 14pt;\">Entre os \u00faltimos formandos da <a href=\"https:\/\/www.impacta.edu.br\/graduacoes\/administracao\" target=\"_blank\" rel=\"noopener noreferrer\"><strong>Gradua\u00e7\u00e3o em Administra\u00e7\u00e3o da Impacta<\/strong><\/a>, todos inscritos foram aprovados e devem apresentar seus trabalhos na primeira semana de dezembro.&nbsp;<\/span><\/p>\n<h2 style=\"text-align: center;\"><span style=\"font-size: 14pt;\"><b>Veja os TCCs do Congresso Virtual de Administra\u00e7\u00e3o 2020:<\/b><\/span><\/h2>\n<h3><span style=\"font-size: 14pt;\"><b><img loading=\"lazy\" decoding=\"async\" class=\"aligncenter wp-image-4025\" title=\"convibra administra\u00e7\u00e3o\" src=\"https:\/\/www.impacta.edu.br\/blog\/wp-content\/uploads\/2020\/10\/Convibra.jpg\" alt=\"Convibra\" width=\"500\" height=\"279\"><\/b><\/span><\/h3>\n<h3><span style=\"font-size: 14pt;\"><b>Diversidade nas Organiza\u00e7\u00f5es como Fator Competitivo visando a Integra\u00e7\u00e3o:<\/b><\/span><\/h3>\n<h3><span style=\"font-size: 14pt;\"><b>Estudo sob a \u00f3tica dos funcion\u00e1rios<\/b><\/span><\/h3>\n<p><span style=\"font-weight: 400; font-size: 14pt;\">Com esta pesquisa aborda-se, na percep\u00e7\u00e3o dos colaboradores, as iniciativas de diversidade organizacional, sua import\u00e2ncia como diferencial competitivo para as organiza\u00e7\u00f5es e como a sua gest\u00e3o se d\u00e1 no cen\u00e1rio empresarial.&nbsp;<\/span><\/p>\n<p><span style=\"font-weight: 400; font-size: 14pt;\">Como os colaboradores percebem os benef\u00edcios da diversidade no trabalho? Pesquisa verificou como o tema \u00e9 percebido pelos funcion\u00e1rios e analisou como a diversidade se relaciona com o alcance das metas organizacionais, bem como contribui para a sustentabilidade do neg\u00f3cio.&nbsp;<\/span><\/p>\n<p>&nbsp;<\/p>\n<p><span style=\"font-size: 14pt;\"><b>Trabalho dos Alunos:<\/b><\/span><\/p>\n<ul>\n<li><span style=\"font-weight: 400; font-size: 14pt;\">Andr\u00e9 Pereira Massarotti<\/span><\/li>\n<li><span style=\"font-weight: 400; font-size: 14pt;\">Camila Tobias Sousa<\/span><\/li>\n<li><span style=\"font-size: 14pt;\"><span style=\"font-weight: 400;\">Mayara Melissa Queiroz dos Reis<\/span><\/span><\/li>\n<li><span style=\"font-size: 14pt;\"><span style=\"font-weight: 400;\">Pedro Henrique dos Santos<\/span><\/span><\/li>\n<li><span style=\"font-size: 14pt;\"><span style=\"font-weight: 400;\">Renan Pires Lima Caxile<\/span><\/span><\/li>\n<\/ul>\n<p><span style=\"font-size: 14pt;\"><b>Professor<\/b><span style=\"font-weight: 400;\">: Gilberto Perez<\/span><\/span><\/p>\n<p>&nbsp;<\/p>\n<h3><span style=\"font-size: 14pt;\"><b>Reflexos da Transforma\u00e7\u00e3o Digital no Modelo de Neg\u00f3cios dos Grandes Bancos Comerciais: um Estudo Explorat\u00f3rio<\/b><\/span><\/h3>\n<p><span style=\"font-weight: 400; font-size: 14pt;\">Para identificar os reflexos no modelo de neg\u00f3cio em bancos comerciais motivados pelo avan\u00e7o tecnol\u00f3gico, o estudo analisou conceitos de pontos como administra\u00e7\u00e3o de empresas, modelo de neg\u00f3cio, transforma\u00e7\u00e3o digital e setor financeiro.&nbsp;<\/span><\/p>\n<p><span style=\"font-weight: 400; font-size: 14pt;\">A pesquisa permitiu a identifica\u00e7\u00e3o dos processos que se adaptaram com o passar dos anos, as ferramentas de neg\u00f3cios que foram desenvolvidas e aperfei\u00e7oadas e o que a tecnologia pode proporcionar futuramente.&nbsp;<\/span><\/p>\n<p>&nbsp;<\/p>\n<p><span style=\"font-size: 14pt;\"><b>Trabalho dos Alunos:<\/b><\/span><\/p>\n<ul>\n<li><span style=\"font-weight: 400; font-size: 14pt;\">Carolina Veras de Oliveira<\/span><\/li>\n<li><span style=\"font-weight: 400; font-size: 14pt;\">Paulo Henrique Morales Silverio<\/span><\/li>\n<li><span style=\"font-size: 14pt;\"><span style=\"font-weight: 400;\">Roseane Lopes Santiago<\/span><span style=\"font-weight: 400;\"><br \/>\n<\/span><span style=\"font-weight: 400;\">Victor Souza Nascimento<\/span><\/span><\/li>\n<li><span style=\"font-weight: 400; font-size: 14pt;\">Yuri da Silva Vargas<\/span><\/li>\n<\/ul>\n<p><span style=\"font-size: 14pt;\"><b>Professores<\/b><span style=\"font-weight: 400;\">: Gilberto Perez e Renato de Souza Santos<\/span><\/span><\/p>\n<p>&nbsp;<\/p>\n<h3><span style=\"font-size: 14pt;\"><b>A Utiliza\u00e7\u00e3o da Ferramenta de CRM como Intelig\u00eancia de Mercado na Obten\u00e7\u00e3o de Vantagem Competitiva: um Estudo no Setor de Varejo de Lojas F\u00edsicas<\/b><\/span><\/h3>\n<p><span style=\"font-weight: 400; font-size: 14pt;\">Um estudo sobre como a utiliza\u00e7\u00e3o do CRM (Customer Relationship Management) pode se tornar uma ferramenta de desenvolvimento no processo de intelig\u00eancia de mercado, sendo um fator decisivo para a tomada de decis\u00e3o na estrat\u00e9gia de vendas de lojas f\u00edsicas no setor de varejo.<\/span><\/p>\n<p><span style=\"font-weight: 400; font-size: 14pt;\">A an\u00e1lise de entrevistas indica como o CRM quebrou paradigmas no forma de comunica\u00e7\u00e3o com seus clientes, gerando retorno sobre investimento e modificando a forma e o jeito de trabalhar de organiza\u00e7\u00f5es que a utilizam.<\/span><\/p>\n<p><span style=\"font-size: 14pt;\"><b>Trabalho dos Alunos:<\/b><\/span><\/p>\n<ul>\n<li><span style=\"font-size: 14pt;\"><span style=\"font-weight: 400;\">Bruno Guilherme dos Santos<\/span><\/span><\/li>\n<li><span style=\"font-size: 14pt;\"><span style=\"font-weight: 400;\">Ricardo da Silva Garbim<\/span><\/span><\/li>\n<\/ul>\n<p><span style=\"font-size: 14pt;\"><b>Professores<\/b><span style=\"font-weight: 400;\">: Gilberto Perez e Renata Correa Nieto<\/span><\/span><\/p>\n<p>&nbsp;<\/p>\n<h3><span style=\"font-size: 14pt;\"><b>A Inser\u00e7\u00e3o de Jovens Rec\u00e9m-formados no Mercado de Trabalho<\/b><\/span><\/h3>\n<p><span style=\"font-weight: 400; font-size: 14pt;\">Um estudo sobre como os rec\u00e9m-graduados enxergam suas oportunidades no mercado de trabalho para compreender o que est\u00e1 sendo mais relevante, a bagagem, compet\u00eancias, exig\u00eancia no meio digital e se a experi\u00eancia se sobressai em rela\u00e7\u00e3o \u00e0 forma\u00e7\u00e3o.&nbsp;<\/span><\/p>\n<p><span style=\"font-weight: 400; font-size: 14pt;\">Os resultados da pesquisa apontam v\u00e1rias as dificuldades enfrentadas pelos egressos ao tentarem ingressar no mercado de trabalho, bem como, as principais exig\u00eancias feitas pelos empregadores.<\/span><\/p>\n<p>&nbsp;<\/p>\n<p><span style=\"font-size: 14pt;\"><b>Trabalho dos Alunos:<\/b><\/span><\/p>\n<ul>\n<li><span style=\"font-weight: 400; font-size: 14pt;\">Bruna Aline Jos\u00e9 da Silva<\/span><\/li>\n<li><span style=\"font-weight: 400; font-size: 14pt;\">Bruno Pereira da Silva<\/span><\/li>\n<li><span style=\"font-size: 14pt;\"><span style=\"font-weight: 400;\">Juscilene Silva Dur\u00e3es Oliveira<\/span><\/span><\/li>\n<li><span style=\"font-size: 14pt;\"><span style=\"font-weight: 400;\">Lucas da Cruz Siqueira<\/span><\/span><\/li>\n<li><span style=\"font-size: 14pt;\"><span style=\"font-weight: 400;\">Valqu\u00edria Morais de Campos Ara\u00fajo&nbsp;<\/span><\/span><\/li>\n<\/ul>\n<p><span style=\"font-size: 14pt;\"><b>Professores<\/b><span style=\"font-weight: 400;\">: Gilberto Perez e Renato de Souza Santos<\/span><\/span><\/p>\n<p>&nbsp;<\/p>\n<h3><span style=\"font-size: 14pt;\"><b>Omnichannel nas Redes de Varejo Nacionais: um Estudo Explorat\u00f3rio<\/b><\/span><\/h3>\n<p><span style=\"font-weight: 400; font-size: 14pt;\">A pesquisa teve o objetivo de identificar os fatores de sucesso que permeiam a implanta\u00e7\u00e3o de uma estrat\u00e9gia Omnichannel nas redes de varejo brasileiras em meio ao avan\u00e7o da tecnologia e mudan\u00e7as no padr\u00e3o de comportamento do&nbsp;<\/span><span style=\"font-weight: 400; font-size: 14pt;\">consumidor.&nbsp;<\/span><\/p>\n<p><span style=\"font-weight: 400; font-size: 14pt;\">Os resultados apontam para uma crescente utiliza\u00e7\u00e3o do Omnichannel no varejo brasileiro, com impactos relevantes nas defini\u00e7\u00f5es de estrat\u00e9gias, investimentos e aprimoramento de processos.&nbsp;<\/span><\/p>\n<p><span style=\"font-size: 14pt;\"><b>Trabalho dos Alunos:<\/b><\/span><\/p>\n<ul>\n<li><span style=\"font-weight: 400; font-size: 14pt;\">Daniel de Oliveira Correia<\/span><\/li>\n<li><span style=\"font-weight: 400; font-size: 14pt;\">Fagner Rodrigues Pereira de Azevedo<\/span><\/li>\n<li><span style=\"font-weight: 400; font-size: 14pt;\">Stephan Dr\u00f6semeyer<\/span><\/li>\n<\/ul>\n<p><span style=\"font-size: 14pt;\"><b>Professores<\/b><span style=\"font-weight: 400;\">: Gilberto Perez, Mathias Yoneda Naganuma e Vitor Pil\u00e3o Vieira<\/span><\/span><\/p>\n<p>&nbsp;<\/p>\n<h3><span style=\"font-size: 14pt;\"><b>O Impacto da Tecnologia da Informa\u00e7\u00e3o na Carreira do Administrador<\/b><\/span><\/h3>\n<p><span style=\"font-weight: 400; font-size: 14pt;\">A pesquisa colheu dados com o objetivo de elucidar como a tecnologia impacta a carreira do administrador e os processos gerenciais, simplificando a reuni\u00e3o de dados para an\u00e1lise e impulsionando tomadas de decis\u00f5es cada vez mais assertivas.<\/span><\/p>\n<p><span style=\"font-weight: 400; font-size: 14pt;\">Para isso, o novo cen\u00e1rio exige do administrador o desenvolvimento de habilidades intelectuais que atendam a atual demanda de organiza\u00e7\u00f5es cada vez mais automatizadas.&nbsp;<\/span><\/p>\n<p><span style=\"font-size: 14pt;\"><span style=\"font-weight: 400;\">O estudo permite ainda saber quais ser\u00e3o as compet\u00eancias e habilidades a serem estimuladas, garantindo um perfil de administrador competitivo e atualizado no mercado de trabalho, al\u00e9m de quais as principais ferramentas de gest\u00e3o utilizadas<\/span><span style=\"font-weight: 400;\">.&nbsp;<\/span><\/span><\/p>\n<p>&nbsp;<\/p>\n<p><span style=\"font-size: 14pt;\"><b>Trabalho dos Alunos:<\/b><\/span><\/p>\n<ul>\n<li><span style=\"font-weight: 400; font-size: 14pt;\">Ailton Bento de Souza<\/span><\/li>\n<li><span style=\"font-weight: 400; font-size: 14pt;\">Edson da Silva Sena<\/span><\/li>\n<li><span style=\"font-weight: 400; font-size: 14pt;\">Gabriel Miranda Valentim<\/span><\/li>\n<li><span style=\"font-weight: 400; font-size: 14pt;\">Lincoln Rovieri de Oliveira<\/span><\/li>\n<li><span style=\"font-weight: 400; font-size: 14pt;\">Mario Oliveira Vieira<\/span><\/li>\n<\/ul>\n<p><span style=\"font-size: 14pt;\"><b>Professores<\/b><span style=\"font-weight: 400;\">: Gilberto Perez e Marcel Ginotti Pires<\/span><\/span><\/p>\n<p>&nbsp;<\/p>\n<h3><span style=\"font-size: 14pt;\"><b>Um Estudo sobre o Uso da Intelig\u00eancia Artificial pelos Bancos Brasileiros<\/b><\/span><\/h3>\n<p><span style=\"font-weight: 400; font-size: 14pt;\">O trabalho tem o objetivo de identificar a influ\u00eancia da IA no setor banc\u00e1rio, analisando os fatores cr\u00edticos da implanta\u00e7\u00e3o, bem como as vantagens competitivas das principais ferramentas utilizadas nesse processo.&nbsp;<\/span><\/p>\n<p><span style=\"font-weight: 400; font-size: 14pt;\">Para a sua realiza\u00e7\u00e3o, foram realizadas pesquisas e entrevistas com profissionais que atuam diretamente com a IA nas institui\u00e7\u00f5es banc\u00e1rias. Os dados obtidos foram tratados e estudados por meio da an\u00e1lise de conte\u00fado, indicando que o uso da <a href=\"https:\/\/www.impacta.edu.br\/blog\/inteligencia-artificial-mercado-trabalho-como-preparar\/\" target=\"_blank\" rel=\"noopener noreferrer\">Intelig\u00eancia Artificial<\/a> aumenta a produtividade e estabelece uma rela\u00e7\u00e3o de confian\u00e7a com os usu\u00e1rios.&nbsp;<\/span><\/p>\n<p>&nbsp;<\/p>\n<p><span style=\"font-size: 14pt;\"><b>Trabalho dos Alunos:<\/b><\/span><\/p>\n<ul>\n<li><span style=\"font-size: 14pt;\"><span style=\"font-weight: 400;\">Beatriz Vicente de Lemos<\/span><\/span><\/li>\n<li><span style=\"font-size: 14pt;\"><span style=\"font-weight: 400;\">Gabriel Fantim Gomes da Costa<\/span><\/span><\/li>\n<li><span style=\"font-size: 14pt;\"><span style=\"font-weight: 400;\">Karina de Medeiros Leite<\/span><\/span><\/li>\n<li><span style=\"font-size: 14pt;\"><span style=\"font-weight: 400;\">Mateus Rodrigues da Silva<\/span><\/span><\/li>\n<\/ul>\n<p><span style=\"font-size: 14pt;\"><b>Professores<\/b><span style=\"font-weight: 400;\">: Gilberto Perez e Marcel Ginotti Pires<\/span><\/span><\/p>\n<p><span style=\"font-size: 14pt;\"><span style=\"font-weight: 400;\">Agora, s\u00f3 resta esperar os dias do Congresso para acompanharmos nossos alunos e professores apresentando seus trabalhos. Saiba mais no <\/span><a href=\"https:\/\/www.convibra.org\/congresso\/painel\/?p=6&amp;lg=1&amp;c=151\"><span style=\"font-weight: 400;\">site da Convibra<\/span><\/a><span style=\"font-weight: 400;\">.<\/span><\/span><\/p>\n<p><span style=\"font-weight: 400; font-size: 14pt;\"><a href=\"https:\/\/www.impacta.edu.br\/graduacao\" target=\"_blank\" rel=\"noopener noreferrer\"><img loading=\"lazy\" decoding=\"async\" class=\"aligncenter wp-image-4031 size-full\" title=\"vestibular impacta\" src=\"https:\/\/www.impacta.edu.br\/blog\/wp-content\/uploads\/2020\/10\/WhatsApp-Image-2020-10-09-at-15.06.59.jpeg\" alt=\"vestibular impacta\" width=\"800\" height=\"60\"><\/a><\/span><\/p>\n<p><span style=\"font-weight: 400; font-size: 14pt;\">Quer fazer parte do grupo de alunos mais procurados pelas empresas? Ent\u00e3o venha para a <a href=\"https:\/\/www.impacta.edu.br\/graduacao\" target=\"_blank\" rel=\"noopener noreferrer\"><strong>Faculdade Impacta &#8211; Vestibular 2021<\/strong><\/a>!<\/span><\/p>\n<div class=\"sharing-default-minimal post-bottom\"><div class=\"nectar-social default\" data-position=\"\" data-rm-love=\"0\" data-color-override=\"override\"><div class=\"nectar-social-inner\"><a href=\"#\" class=\"nectar-love\" id=\"nectar-love-4020\" title=\"Love this\"> <i class=\"icon-salient-heart-2\"><\/i><span class=\"love-text\">Love<\/span><span class=\"total_loves\"><span class=\"nectar-love-count\">0<\/span><\/span><\/a><a class='facebook-share nectar-sharing' href='#' title='Share this'> <i class='fa fa-facebook'><\/i> <span class='social-text'>Share<\/span> <\/a><a class='twitter-share nectar-sharing' href='#' title='Share this'> <i class='fa icon-salient-x-twitter'><\/i> <span class='social-text'>Share<\/span> <\/a><a class='linkedin-share nectar-sharing' href='#' title='Share this'> <i class='fa fa-linkedin'><\/i> <span class='social-text'>Share<\/span> <\/a><a class='pinterest-share nectar-sharing' href='#' title='Pin this'> <i class='fa fa-pinterest'><\/i> <span class='social-text'>Pin<\/span> <\/a><\/div><\/div><\/div>","protected":false},"excerpt":{"rendered":"<p>Quando falamos que o sucesso de nossos alunos \u00e9 o maior motivo de orgulho aqui na Faculdade Impacta, n\u00e3o \u00e9 \u00e0 toa. S\u00e3o centenas de exemplos surgindo a cada semestre. De profissionais se destacando no mercado de trabalho a participa\u00e7\u00e3o e vit\u00f3ria em importantes Hackathons, os alunos tamb\u00e9m brilham na \u00e1rea acad\u00eamica com projetos e [&hellip;]<\/p>\n","protected":false},"author":23,"featured_media":18490,"comment_status":"open","ping_status":"open","sticky":false,"template":"","format":"standard","meta":{"footnotes":""},"categories":[1092],"tags":[92,1329,1330,1116,311],"class_list":["post-4020","post","type-post","status-publish","format-standard","has-post-thumbnail","hentry","category-impacta","tag-administracao","tag-convibra","tag-graduacao-em-administracao","tag-tcc","tag-trabalho-de-conclusao-de-curso"],"yoast_head":"<!-- This site is optimized with the Yoast SEO plugin v25.1 - https:\/\/yoast.com\/wordpress\/plugins\/seo\/ -->\r\n<title>TCCs de Gradua\u00e7\u00e3o em Administra\u00e7\u00e3o s\u00e3o Aprovados no CONVIBRA<\/title>\r\n<meta name=\"description\" content=\"7 Trabalhos de Conclus\u00e3o de Curso de Alunos da Gradua\u00e7\u00e3o em Administra\u00e7\u00e3o da Faculdade Impacta s\u00e3o Aprovados no CONVIBRA 2020. Veja Quais s\u00e3o os Trabalhos que ser\u00e3o Apresentados no Congresso Online!\" \/>\r\n<meta name=\"robots\" content=\"index, follow, max-snippet:-1, max-image-preview:large, max-video-preview:-1\" \/>\r\n<link rel=\"canonical\" href=\"https:\/\/www.impacta.com.br\/blog\/tccs-graduacao-administracao-aprovados-convibra\/\" \/>\r\n<meta property=\"og:locale\" content=\"pt_BR\" \/>\r\n<meta property=\"og:type\" content=\"article\" \/>\r\n<meta property=\"og:title\" content=\"TCCs de Gradua\u00e7\u00e3o em Administra\u00e7\u00e3o s\u00e3o Aprovados no CONVIBRA\" \/>\r\n<meta property=\"og:description\" content=\"7 Trabalhos de Conclus\u00e3o de Curso de Alunos da Gradua\u00e7\u00e3o em Administra\u00e7\u00e3o da Faculdade Impacta s\u00e3o Aprovados no CONVIBRA 2020. Veja Quais s\u00e3o os Trabalhos que ser\u00e3o Apresentados no Congresso Online!\" \/>\r\n<meta property=\"og:url\" content=\"https:\/\/www.impacta.com.br\/blog\/tccs-graduacao-administracao-aprovados-convibra\/\" \/>\r\n<meta property=\"og:site_name\" content=\"Blog Impacta - Dicas e Not\u00edcias sobre Carreira\" \/>\r\n<meta property=\"article:published_time\" content=\"2020-10-07T11:00:21+00:00\" \/>\r\n<meta property=\"article:modified_time\" content=\"2020-12-15T22:13:07+00:00\" \/>\r\n<meta property=\"og:image\" content=\"https:\/\/www.impacta.com.br\/blog\/wp-content\/uploads\/2020\/10\/shutterstock_1486447715-1.png\" \/>\r\n\t<meta property=\"og:image:width\" content=\"600\" \/>\r\n\t<meta property=\"og:image:height\" content=\"300\" \/>\r\n\t<meta property=\"og:image:type\" content=\"image\/png\" \/>\r\n<meta name=\"author\" content=\"Reda\u00e7\u00e3o Impacta\" \/>\r\n<meta name=\"twitter:card\" content=\"summary_large_image\" \/>\r\n<meta name=\"twitter:label1\" content=\"Written by\" \/>\n\t<meta name=\"twitter:data1\" content=\"Reda\u00e7\u00e3o Impacta\" \/>\n\t<meta name=\"twitter:label2\" content=\"Est. reading time\" \/>\n\t<meta name=\"twitter:data2\" content=\"6 minutos\" \/>\r\n<script type=\"application\/ld+json\" class=\"yoast-schema-graph\">{\"@context\":\"https:\/\/schema.org\",\"@graph\":[{\"@type\":\"WebPage\",\"@id\":\"https:\/\/www.impacta.com.br\/blog\/tccs-graduacao-administracao-aprovados-convibra\/\",\"url\":\"https:\/\/www.impacta.com.br\/blog\/tccs-graduacao-administracao-aprovados-convibra\/\",\"name\":\"TCCs de Gradua\u00e7\u00e3o em Administra\u00e7\u00e3o s\u00e3o Aprovados no CONVIBRA\",\"isPartOf\":{\"@id\":\"https:\/\/www.impacta.com.br\/blog\/#website\"},\"primaryImageOfPage\":{\"@id\":\"https:\/\/www.impacta.com.br\/blog\/tccs-graduacao-administracao-aprovados-convibra\/#primaryimage\"},\"image\":{\"@id\":\"https:\/\/www.impacta.com.br\/blog\/tccs-graduacao-administracao-aprovados-convibra\/#primaryimage\"},\"thumbnailUrl\":\"https:\/\/www.impacta.com.br\/blog\/wp-content\/uploads\/2020\/10\/shutterstock_1486447715-1.png\",\"datePublished\":\"2020-10-07T11:00:21+00:00\",\"dateModified\":\"2020-12-15T22:13:07+00:00\",\"author\":{\"@id\":\"https:\/\/www.impacta.com.br\/blog\/#\/schema\/person\/3882324164f9237ab7e8d7ac28ecfe79\"},\"description\":\"7 Trabalhos de Conclus\u00e3o de Curso de Alunos da Gradua\u00e7\u00e3o em Administra\u00e7\u00e3o da Faculdade Impacta s\u00e3o Aprovados no CONVIBRA 2020. Veja Quais s\u00e3o os Trabalhos que ser\u00e3o Apresentados no Congresso Online!\",\"breadcrumb\":{\"@id\":\"https:\/\/www.impacta.com.br\/blog\/tccs-graduacao-administracao-aprovados-convibra\/#breadcrumb\"},\"inLanguage\":\"pt-BR\",\"potentialAction\":[{\"@type\":\"ReadAction\",\"target\":[\"https:\/\/www.impacta.com.br\/blog\/tccs-graduacao-administracao-aprovados-convibra\/\"]}]},{\"@type\":\"ImageObject\",\"inLanguage\":\"pt-BR\",\"@id\":\"https:\/\/www.impacta.com.br\/blog\/tccs-graduacao-administracao-aprovados-convibra\/#primaryimage\",\"url\":\"https:\/\/www.impacta.com.br\/blog\/wp-content\/uploads\/2020\/10\/shutterstock_1486447715-1.png\",\"contentUrl\":\"https:\/\/www.impacta.com.br\/blog\/wp-content\/uploads\/2020\/10\/shutterstock_1486447715-1.png\",\"width\":600,\"height\":300},{\"@type\":\"BreadcrumbList\",\"@id\":\"https:\/\/www.impacta.com.br\/blog\/tccs-graduacao-administracao-aprovados-convibra\/#breadcrumb\",\"itemListElement\":[{\"@type\":\"ListItem\",\"position\":1,\"name\":\"In\u00edcio\",\"item\":\"https:\/\/www.impacta.com.br\/blog\/\"},{\"@type\":\"ListItem\",\"position\":2,\"name\":\"TCCs de Alunos da Gradua\u00e7\u00e3o em Administra\u00e7\u00e3o s\u00e3o aprovados no CONVIBRA 2020\"}]},{\"@type\":\"WebSite\",\"@id\":\"https:\/\/www.impacta.com.br\/blog\/#website\",\"url\":\"https:\/\/www.impacta.com.br\/blog\/\",\"name\":\"Blog Impacta - Dicas e Not\u00edcias sobre Carreira\",\"description\":\"Dicas, Not\u00edcias e Conte\u00fados sobre Carreira, Tecnologia, Design, Gest\u00e3o e Marketing. Conhe\u00e7a e Acompanhe o Blog Impacta\",\"potentialAction\":[{\"@type\":\"SearchAction\",\"target\":{\"@type\":\"EntryPoint\",\"urlTemplate\":\"https:\/\/www.impacta.com.br\/blog\/?s={search_term_string}\"},\"query-input\":{\"@type\":\"PropertyValueSpecification\",\"valueRequired\":true,\"valueName\":\"search_term_string\"}}],\"inLanguage\":\"pt-BR\"},{\"@type\":\"Person\",\"@id\":\"https:\/\/www.impacta.com.br\/blog\/#\/schema\/person\/3882324164f9237ab7e8d7ac28ecfe79\",\"name\":\"Reda\u00e7\u00e3o Impacta\",\"image\":{\"@type\":\"ImageObject\",\"inLanguage\":\"pt-BR\",\"@id\":\"https:\/\/www.impacta.com.br\/blog\/#\/schema\/person\/image\/\",\"url\":\"https:\/\/secure.gravatar.com\/avatar\/2532096eed25696c0e117e2cbb2f2e7c?s=96&d=mm&r=g\",\"contentUrl\":\"https:\/\/secure.gravatar.com\/avatar\/2532096eed25696c0e117e2cbb2f2e7c?s=96&d=mm&r=g\",\"caption\":\"Reda\u00e7\u00e3o Impacta\"},\"url\":\"https:\/\/www.impacta.com.br\/blog\/author\/redacao_impacta\/\"}]}<\/script>\r\n<!-- \/ Yoast SEO plugin. -->","yoast_head_json":{"title":"TCCs de Gradua\u00e7\u00e3o em Administra\u00e7\u00e3o s\u00e3o Aprovados no CONVIBRA","description":"7 Trabalhos de Conclus\u00e3o de Curso de Alunos da Gradua\u00e7\u00e3o em Administra\u00e7\u00e3o da Faculdade Impacta s\u00e3o Aprovados no CONVIBRA 2020. Veja Quais s\u00e3o os Trabalhos que ser\u00e3o Apresentados no Congresso Online!","robots":{"index":"index","follow":"follow","max-snippet":"max-snippet:-1","max-image-preview":"max-image-preview:large","max-video-preview":"max-video-preview:-1"},"canonical":"https:\/\/www.impacta.com.br\/blog\/tccs-graduacao-administracao-aprovados-convibra\/","og_locale":"pt_BR","og_type":"article","og_title":"TCCs de Gradua\u00e7\u00e3o em Administra\u00e7\u00e3o s\u00e3o Aprovados no CONVIBRA","og_description":"7 Trabalhos de Conclus\u00e3o de Curso de Alunos da Gradua\u00e7\u00e3o em Administra\u00e7\u00e3o da Faculdade Impacta s\u00e3o Aprovados no CONVIBRA 2020. Veja Quais s\u00e3o os Trabalhos que ser\u00e3o Apresentados no Congresso Online!","og_url":"https:\/\/www.impacta.com.br\/blog\/tccs-graduacao-administracao-aprovados-convibra\/","og_site_name":"Blog Impacta - Dicas e Not\u00edcias sobre Carreira","article_published_time":"2020-10-07T11:00:21+00:00","article_modified_time":"2020-12-15T22:13:07+00:00","og_image":[{"width":600,"height":300,"url":"https:\/\/www.impacta.com.br\/blog\/wp-content\/uploads\/2020\/10\/shutterstock_1486447715-1.png","type":"image\/png"}],"author":"Reda\u00e7\u00e3o Impacta","twitter_card":"summary_large_image","twitter_misc":{"Written by":"Reda\u00e7\u00e3o Impacta","Est. reading time":"6 minutos"},"schema":{"@context":"https:\/\/schema.org","@graph":[{"@type":"WebPage","@id":"https:\/\/www.impacta.com.br\/blog\/tccs-graduacao-administracao-aprovados-convibra\/","url":"https:\/\/www.impacta.com.br\/blog\/tccs-graduacao-administracao-aprovados-convibra\/","name":"TCCs de Gradua\u00e7\u00e3o em Administra\u00e7\u00e3o s\u00e3o Aprovados no CONVIBRA","isPartOf":{"@id":"https:\/\/www.impacta.com.br\/blog\/#website"},"primaryImageOfPage":{"@id":"https:\/\/www.impacta.com.br\/blog\/tccs-graduacao-administracao-aprovados-convibra\/#primaryimage"},"image":{"@id":"https:\/\/www.impacta.com.br\/blog\/tccs-graduacao-administracao-aprovados-convibra\/#primaryimage"},"thumbnailUrl":"https:\/\/www.impacta.com.br\/blog\/wp-content\/uploads\/2020\/10\/shutterstock_1486447715-1.png","datePublished":"2020-10-07T11:00:21+00:00","dateModified":"2020-12-15T22:13:07+00:00","author":{"@id":"https:\/\/www.impacta.com.br\/blog\/#\/schema\/person\/3882324164f9237ab7e8d7ac28ecfe79"},"description":"7 Trabalhos de Conclus\u00e3o de Curso de Alunos da Gradua\u00e7\u00e3o em Administra\u00e7\u00e3o da Faculdade Impacta s\u00e3o Aprovados no CONVIBRA 2020. Veja Quais s\u00e3o os Trabalhos que ser\u00e3o Apresentados no Congresso Online!","breadcrumb":{"@id":"https:\/\/www.impacta.com.br\/blog\/tccs-graduacao-administracao-aprovados-convibra\/#breadcrumb"},"inLanguage":"pt-BR","potentialAction":[{"@type":"ReadAction","target":["https:\/\/www.impacta.com.br\/blog\/tccs-graduacao-administracao-aprovados-convibra\/"]}]},{"@type":"ImageObject","inLanguage":"pt-BR","@id":"https:\/\/www.impacta.com.br\/blog\/tccs-graduacao-administracao-aprovados-convibra\/#primaryimage","url":"https:\/\/www.impacta.com.br\/blog\/wp-content\/uploads\/2020\/10\/shutterstock_1486447715-1.png","contentUrl":"https:\/\/www.impacta.com.br\/blog\/wp-content\/uploads\/2020\/10\/shutterstock_1486447715-1.png","width":600,"height":300},{"@type":"BreadcrumbList","@id":"https:\/\/www.impacta.com.br\/blog\/tccs-graduacao-administracao-aprovados-convibra\/#breadcrumb","itemListElement":[{"@type":"ListItem","position":1,"name":"In\u00edcio","item":"https:\/\/www.impacta.com.br\/blog\/"},{"@type":"ListItem","position":2,"name":"TCCs de Alunos da Gradua\u00e7\u00e3o em Administra\u00e7\u00e3o s\u00e3o aprovados no CONVIBRA 2020"}]},{"@type":"WebSite","@id":"https:\/\/www.impacta.com.br\/blog\/#website","url":"https:\/\/www.impacta.com.br\/blog\/","name":"Blog Impacta - Dicas e Not\u00edcias sobre Carreira","description":"Dicas, Not\u00edcias e Conte\u00fados sobre Carreira, Tecnologia, Design, Gest\u00e3o e Marketing. Conhe\u00e7a e Acompanhe o Blog Impacta","potentialAction":[{"@type":"SearchAction","target":{"@type":"EntryPoint","urlTemplate":"https:\/\/www.impacta.com.br\/blog\/?s={search_term_string}"},"query-input":{"@type":"PropertyValueSpecification","valueRequired":true,"valueName":"search_term_string"}}],"inLanguage":"pt-BR"},{"@type":"Person","@id":"https:\/\/www.impacta.com.br\/blog\/#\/schema\/person\/3882324164f9237ab7e8d7ac28ecfe79","name":"Reda\u00e7\u00e3o Impacta","image":{"@type":"ImageObject","inLanguage":"pt-BR","@id":"https:\/\/www.impacta.com.br\/blog\/#\/schema\/person\/image\/","url":"https:\/\/secure.gravatar.com\/avatar\/2532096eed25696c0e117e2cbb2f2e7c?s=96&d=mm&r=g","contentUrl":"https:\/\/secure.gravatar.com\/avatar\/2532096eed25696c0e117e2cbb2f2e7c?s=96&d=mm&r=g","caption":"Reda\u00e7\u00e3o Impacta"},"url":"https:\/\/www.impacta.com.br\/blog\/author\/redacao_impacta\/"}]}},"acf":{"post_description":"","capa_mobile":false},"_links":{"self":[{"href":"https:\/\/www.impacta.com.br\/blog\/wp-json\/wp\/v2\/posts\/4020","targetHints":{"allow":["GET"]}}],"collection":[{"href":"https:\/\/www.impacta.com.br\/blog\/wp-json\/wp\/v2\/posts"}],"about":[{"href":"https:\/\/www.impacta.com.br\/blog\/wp-json\/wp\/v2\/types\/post"}],"author":[{"embeddable":true,"href":"https:\/\/www.impacta.com.br\/blog\/wp-json\/wp\/v2\/users\/23"}],"replies":[{"embeddable":true,"href":"https:\/\/www.impacta.com.br\/blog\/wp-json\/wp\/v2\/comments?post=4020"}],"version-history":[{"count":0,"href":"https:\/\/www.impacta.com.br\/blog\/wp-json\/wp\/v2\/posts\/4020\/revisions"}],"wp:featuredmedia":[{"embeddable":true,"href":"https:\/\/www.impacta.com.br\/blog\/wp-json\/wp\/v2\/media\/18490"}],"wp:attachment":[{"href":"https:\/\/www.impacta.com.br\/blog\/wp-json\/wp\/v2\/media?parent=4020"}],"wp:term":[{"taxonomy":"category","embeddable":true,"href":"https:\/\/www.impacta.com.br\/blog\/wp-json\/wp\/v2\/categories?post=4020"},{"taxonomy":"post_tag","embeddable":true,"href":"https:\/\/www.impacta.com.br\/blog\/wp-json\/wp\/v2\/tags?post=4020"}],"curies":[{"name":"wp","href":"https:\/\/api.w.org\/{rel}","templated":true}]}}