{"id":3227,"date":"2014-06-11T18:00:06","date_gmt":"2014-06-11T21:00:06","guid":{"rendered":"http:\/\/blogimpacta.com.br\/?p=3227"},"modified":"2014-06-11T18:00:06","modified_gmt":"2014-06-11T21:00:06","slug":"a-importancia-da-capacitacao-profissional-uma-nova-oportunidade-para-um-novo-mercado","status":"publish","type":"post","link":"https:\/\/www.impacta.com.br\/blog\/a-importancia-da-capacitacao-profissional-uma-nova-oportunidade-para-um-novo-mercado\/","title":{"rendered":"A import\u00e2ncia da capacita\u00e7\u00e3o profissional: uma nova oportunidade para um novo mercado"},"content":{"rendered":"<p style=\"text-align: justify;\"><em>A mat\u00e9ria a seguir foi originalmente <a title=\"Revista Dikamba, n\u00ba4, abril de 2014.\" href=\"https:\/\/issuu.com\/eengelmann\/docs\/revista_dikamba_4\" target=\"_blank\" rel=\"noopener noreferrer\">publicada<\/a> na revista angolana Dikamba (Revista da C\u00e2mara de Com\u00e9rcio Angola-Brasil), edi\u00e7\u00e3o n\u00ba4, em abril de 2014.<\/em><\/p>\n<p style=\"text-align: center;\">_______________________________________________________________<\/p>\n<p style=\"text-align: justify;\">Ap\u00f3s um longo per\u00edodo de guerra civil, a Rep\u00fablica de Angola come\u00e7a a responder e acompanhar o passo dos neg\u00f3cios internacionais com um mercado cada dia mais promissor e atrativo para outros pa\u00edses. Em fun\u00e7\u00e3o disso, empresas que se instalam no pa\u00eds exigem um grande n\u00famero de profissionais capacitados para ocupar diversos tipos de cargos, o que tem gerado uma grande movimenta\u00e7\u00e3o da popula\u00e7\u00e3o local em dire\u00e7\u00e3o a cursos de forma\u00e7\u00e3o \u2013 n\u00e3o s\u00f3 para tornar seus curr\u00edculos mais interessantes para as empresas, mas tamb\u00e9m para formar uma base s\u00f3lida na constru\u00e7\u00e3o de uma carreira profissional bem sucedida.<\/p>\n<p style=\"text-align: justify;\">Buscar e encontrar as melhores vagas de emprego nunca foi uma quest\u00e3o de sorte, mas sim de qualifica\u00e7\u00e3o. E hoje, mais do que nunca, escolher os melhores cursos, voltados \u00e0 lapida\u00e7\u00e3o de habilidades, de forma n\u00e3o somente te\u00f3rica, mas principalmente pr\u00e1tica, a fim de preparar os alunos para a atua\u00e7\u00e3o no mercado de trabalho, \u00e9 fundamental para influenciar a escolha das empresas por um profissional.<\/p>\n<h2 style=\"text-align: justify;\"><span style=\"font-size: 12pt;\"><b>O caminho da educa\u00e7\u00e3o<\/b><\/span><\/h2>\n<p style=\"text-align: justify;\">Desde o in\u00edcio dos anos 1990, a educa\u00e7\u00e3o em Angola sempre recebeu aten\u00e7\u00e3o especial do governo. Por\u00e9m, mesmo com o ensino compuls\u00f3rio, a falta de escolas e pessoal mantinha as crian\u00e7as afastadas. Foi somente ap\u00f3s o fim da Guerra Civil Angolana \u2013 que destruiu e saqueou quase metade das unidades de educa\u00e7\u00e3o do pa\u00eds \u2013 que o Minist\u00e9rio da Educa\u00e7\u00e3o p\u00f4de investir pesado na recupera\u00e7\u00e3o do sistema de educa\u00e7\u00e3o.<\/p>\n<p style=\"text-align: justify;\">Tal qual vem acontecendo no Brasil, nos \u00faltimos anos o n\u00famero de alunos matriculados no ensino superior tem aumentado exponencialmente, crescimento proporcionalmente compar\u00e1vel ao n\u00famero de universidades privadas surgidas no pa\u00eds. Ainda que a estrutura, de modo geral, esteja sendo utilizada al\u00e9m de suas capacidades e n\u00e3o atenda confortavelmente a demanda, esse crescimento \u00e9 uma prova clara do interesse dos angolanos por uma educa\u00e7\u00e3o de qualidade e forma\u00e7\u00e3o de n\u00edvel superior.<\/p>\n<h3 style=\"text-align: justify;\"><span style=\"font-size: 12pt;\"><b>O atalho para uma carreira<\/b><\/span><\/h3>\n<p style=\"text-align: justify;\">Com a chegada de multinacionais e empresas de grande porte dos mais diversos setores no pa\u00eds, a falta de m\u00e3o de obra qualificada \u00e9 um problema a ser enfrentado. Por\u00e9m, a solu\u00e7\u00e3o encontrada no Brasil pode ser a mesma para a solu\u00e7\u00e3o desse entrave em Angola. A maioria das vagas oferecidas tende a exigir uma bagagem de conhecimento que pode ser facilmente adquirida com cursos r\u00e1pidos de treinamentos especializados e profissionalizantes, que funcionam como uma plataforma de lan\u00e7amento e alternativa r\u00e1pida para inser\u00e7\u00e3o no mercado de trabalho.<\/p>\n<p style=\"text-align: justify;\"><a title=\"Cat\u00e1logo de treinamentos Impacta.\" href=\"https:\/\/www.impacta.com.br\" target=\"_blank\" rel=\"noopener noreferrer\">Esses cursos r\u00e1pidos<\/a>, com m\u00e9dia de 200 horas, consistem em qualifica\u00e7\u00e3o em um assunto caracter\u00edstico, como, por exemplo, cabeamento, manuten\u00e7\u00e3o de aparelhos mobile ou introdu\u00e7\u00e3o a ferramentas de programa\u00e7\u00e3o e design, a fim de preparar o profissional para j\u00e1 entrar atuando em uma fun\u00e7\u00e3o que exija tais conhecimentos. Os cursos t\u00e9cnicos e profissionalizantes representam um leque muito grande de oportunidades e empregabilidade para jovens por funcionar como um preparativo para enfrentar os desafios de um novato no mercado de trabalho atrav\u00e9s de treinamento pr\u00e1tico e atualizado de habilidades e perfis profissionais.<\/p>\n<p style=\"text-align: justify;\">Ap\u00f3s sua entrada no mercado de trabalho, o profissional passa a ter uma renda fixa e pode avaliar quais rumos deseja tomar em sua carreira, partindo ent\u00e3o para o ensino superior e, posteriormente, para a p\u00f3s-gradua\u00e7\u00e3o.<\/p>\n<h3 style=\"text-align: justify;\"><span style=\"font-size: 12pt;\"><b>A ponte para as melhores oportunidades<\/b><\/span><\/h3>\n<p style=\"text-align: justify;\">Com um mercado de trabalho cada dia mais exigente e disputado, onde muitas vezes a experi\u00eancia na \u00e1rea almejada, renova\u00e7\u00e3o constante e melhoria cont\u00ednua s\u00e3o condi\u00e7\u00f5es quase obrigat\u00f3rias para a manuten\u00e7\u00e3o e progresso no trabalho, a realidade do mercado angolano \u00e9 cada vez mais parecida com a realidade do mercado brasileiro.<\/p>\n<p style=\"text-align: justify;\"><a title=\"Sobreviv\u00eancia do mais apto: o papel da p\u00f3s-gradua\u00e7\u00e3o no mercado\" href=\"https:\/\/www.impacta.com.br\/blog\/2013\/10\/28\/sobrevivencia-do-mais-apto-o-papel-da-pos-graduacao-no-mercado\/\" target=\"_blank\" rel=\"noopener noreferrer\">Conforme uma publica\u00e7\u00e3o brasileira<\/a>, especializada em p\u00f3s-gradua\u00e7\u00e3o, no final de 2013, profissionais especializados e p\u00f3s-graduados conquistarem as melhores vagas e obterem sal\u00e1rios at\u00e9 70% maiores \u00e9 um \u201cfato do mercado\u201d. Gra\u00e7as \u00e0 falta de m\u00e3o de obra especializada, a p\u00f3s vem se tornando cada vez mais um par\u00e2metro para sele\u00e7\u00e3o e promo\u00e7\u00e3o, alavancando a carreira de profissionais que se dedicam ao aperfei\u00e7oamento de seus conhecimentos e habilidades. Isto se d\u00e1 por conta da rigorosa sele\u00e7\u00e3o pela qual os alunos passam para ingressar em um desses cursos de extens\u00e3o profissional, que exigem que o aluno tenha, al\u00e9m de um perfil dentro dos padr\u00f5es de excel\u00eancia da institui\u00e7\u00e3o, uma experi\u00eancia profissional para aproveitar melhor o conte\u00fado visto em sala de aula e saber como aplic\u00e1-lo em seu trabalho.<\/p>\n<h2 style=\"text-align: justify;\"><span style=\"font-size: 12pt;\"><b>O horizonte do mercado de trabalho<\/b><\/span><\/h2>\n<p style=\"text-align: justify;\">O universo profissional no mundo todo, inclusive em Angola, vem convergindo para o mundo digital. A migra\u00e7\u00e3o dos neg\u00f3cios para o ambiente digital \u00e9 uma tend\u00eancia. Em um futuro pr\u00f3ximo, as profiss\u00f5es mais procuradas estar\u00e3o ligadas a tecnologia. Na \u00e1rea de tecnologia, por exemplo, os ramos de engenharia de software e desenvolvimento de aplica\u00e7\u00f5es mobile j\u00e1 est\u00e3o em alta, com startups surgindo a todo o momento e, consequentemente, gerando um d\u00e9ficit de profissionais especializados.<\/p>\n<p style=\"text-align: justify;\">De modo geral, o mercado j\u00e1 est\u00e1 se preparando para receber esses profissionais, portanto, o momento n\u00e3o poderia ser mais favor\u00e1vel para se investir em educa\u00e7\u00e3o. E no que tange a educa\u00e7\u00e3o, a melhor op\u00e7\u00e3o sempre ser\u00e3o as escolas especializadas \u2013 sejam de treinamentos e ensino profissionalizante ou escolas de ensino superior \u2013 que j\u00e1 d\u00e3o ao aluno, al\u00e9m de uma forma\u00e7\u00e3o focada e prepara\u00e7\u00e3o, os primeiros contatos com o mercado de sua \u00e1rea de atua\u00e7\u00e3o.<\/p>\n<p style=\"text-align: justify;\">A rela\u00e7\u00e3o Brasil x Angola nos permite visualizar como a cada ano o mercado de trabalho mundial se torna mais predat\u00f3rio. Se a experi\u00eancia nos ensinou algo do lado de c\u00e1 \u00e9 que cabe ao profissional se adequar \u00e0 lei de Darwin \u2013 que dita a sobreviv\u00eancia do mais forte \u2013 uma vez que, com o mercado aquecido como em Angola ou em momento de recess\u00e3o como em outros pa\u00edses, o especialista em constante evolu\u00e7\u00e3o\u00a0 tende a manter sua posi\u00e7\u00e3o e receber boas oportunidades.<\/p>\n<div class=\"sharing-default-minimal post-bottom\"><div class=\"nectar-social default\" data-position=\"\" data-rm-love=\"0\" data-color-override=\"override\"><div class=\"nectar-social-inner\"><a href=\"#\" class=\"nectar-love\" id=\"nectar-love-3227\" title=\"Love this\"> <i class=\"icon-salient-heart-2\"><\/i><span class=\"love-text\">Love<\/span><span class=\"total_loves\"><span class=\"nectar-love-count\">0<\/span><\/span><\/a><a class='facebook-share nectar-sharing' href='#' title='Share this'> <i class='fa fa-facebook'><\/i> <span class='social-text'>Share<\/span> <\/a><a class='twitter-share nectar-sharing' href='#' title='Share this'> <i class='fa icon-salient-x-twitter'><\/i> <span class='social-text'>Share<\/span> <\/a><a class='linkedin-share nectar-sharing' href='#' title='Share this'> <i class='fa fa-linkedin'><\/i> <span class='social-text'>Share<\/span> <\/a><a class='pinterest-share nectar-sharing' href='#' title='Pin this'> <i class='fa fa-pinterest'><\/i> <span class='social-text'>Pin<\/span> <\/a><\/div><\/div><\/div>","protected":false},"excerpt":{"rendered":"<p>Ap\u00f3s um longo per\u00edodo de guerra civil, a Rep\u00fablica de Angola come\u00e7a a responder e acompanhar o passo dos neg\u00f3cios internacionais com um mercado cada dia mais promissor e atrativo para outros pa\u00edses. Em fun\u00e7\u00e3o disso, empresas que se instalam no pa\u00eds exigem um grande n\u00famero de profissionais capacitados para ocupar diversos tipos de cargos, o que tem gerado uma grande movimenta\u00e7\u00e3o da popula\u00e7\u00e3o local em dire\u00e7\u00e3o a cursos de forma\u00e7\u00e3o \u2013 n\u00e3o s\u00f3 para tornar seus curr\u00edculos mais interessantes para as empresas, mas tamb\u00e9m para formar uma base s\u00f3lida na constru\u00e7\u00e3o de uma carreira profissional bem sucedida.<br \/>\nBuscar e encontrar as melhores vagas de emprego nunca foi uma quest\u00e3o de sorte, mas sim de qualifica\u00e7\u00e3o. E hoje, mais do que nunca, escolher os melhores cursos, voltados \u00e0 lapida\u00e7\u00e3o de habilidades, de forma n\u00e3o somente te\u00f3rica, mas principalmente pr\u00e1tica, a fim de preparar os alunos para a atua\u00e7\u00e3o no mercado de trabalho, \u00e9 fundamental para influenciar a escolha das empresas por um profissional.<\/p>\n","protected":false},"author":2,"featured_media":17722,"comment_status":"open","ping_status":"open","sticky":false,"template":"","format":"standard","meta":{"footnotes":""},"categories":[13],"tags":[246,15,247],"class_list":["post-3227","post","type-post","status-publish","format-standard","has-post-thumbnail","hentry","category-carreira","tag-especializacao","tag-mercado-de-trabalho","tag-treinamento"],"yoast_head":"<!-- This site is optimized with the Yoast SEO plugin v25.1 - https:\/\/yoast.com\/wordpress\/plugins\/seo\/ -->\r\n<title>A import\u00e2ncia da capacita\u00e7\u00e3o profissional<\/title>\r\n<meta name=\"description\" content=\"Entenda a import\u00e2ncia da capacita\u00e7\u00e3o profissional no novo mercado de trabalho!\" \/>\r\n<meta name=\"robots\" content=\"index, follow, max-snippet:-1, max-image-preview:large, max-video-preview:-1\" \/>\r\n<link rel=\"canonical\" href=\"https:\/\/www.impacta.com.br\/blog\/a-importancia-da-capacitacao-profissional-uma-nova-oportunidade-para-um-novo-mercado\/\" \/>\r\n<meta property=\"og:locale\" content=\"pt_BR\" \/>\r\n<meta property=\"og:type\" content=\"article\" \/>\r\n<meta property=\"og:title\" content=\"A import\u00e2ncia da capacita\u00e7\u00e3o profissional\" \/>\r\n<meta property=\"og:description\" content=\"Entenda a import\u00e2ncia da capacita\u00e7\u00e3o profissional no novo mercado de trabalho!\" \/>\r\n<meta property=\"og:url\" content=\"https:\/\/www.impacta.com.br\/blog\/a-importancia-da-capacitacao-profissional-uma-nova-oportunidade-para-um-novo-mercado\/\" \/>\r\n<meta property=\"og:site_name\" content=\"Blog Impacta - Dicas e Not\u00edcias sobre Carreira\" \/>\r\n<meta property=\"article:published_time\" content=\"2014-06-11T21:00:06+00:00\" \/>\r\n<meta property=\"og:image\" content=\"https:\/\/www.impacta.com.br\/blog\/wp-content\/uploads\/2020\/04\/header_educacao2.jpg\" \/>\r\n\t<meta property=\"og:image:width\" content=\"473\" \/>\r\n\t<meta property=\"og:image:height\" content=\"157\" \/>\r\n\t<meta property=\"og:image:type\" content=\"image\/jpeg\" \/>\r\n<meta name=\"author\" content=\"Reda\u00e7\u00e3o Impacta\" \/>\r\n<meta name=\"twitter:card\" content=\"summary_large_image\" \/>\r\n<meta name=\"twitter:label1\" content=\"Written by\" \/>\n\t<meta name=\"twitter:data1\" content=\"Reda\u00e7\u00e3o Impacta\" \/>\n\t<meta name=\"twitter:label2\" content=\"Est. reading time\" \/>\n\t<meta name=\"twitter:data2\" content=\"5 minutos\" \/>\r\n<script type=\"application\/ld+json\" class=\"yoast-schema-graph\">{\"@context\":\"https:\/\/schema.org\",\"@graph\":[{\"@type\":\"WebPage\",\"@id\":\"https:\/\/www.impacta.com.br\/blog\/a-importancia-da-capacitacao-profissional-uma-nova-oportunidade-para-um-novo-mercado\/\",\"url\":\"https:\/\/www.impacta.com.br\/blog\/a-importancia-da-capacitacao-profissional-uma-nova-oportunidade-para-um-novo-mercado\/\",\"name\":\"A import\u00e2ncia da capacita\u00e7\u00e3o profissional\",\"isPartOf\":{\"@id\":\"https:\/\/www.impacta.com.br\/blog\/#website\"},\"primaryImageOfPage\":{\"@id\":\"https:\/\/www.impacta.com.br\/blog\/a-importancia-da-capacitacao-profissional-uma-nova-oportunidade-para-um-novo-mercado\/#primaryimage\"},\"image\":{\"@id\":\"https:\/\/www.impacta.com.br\/blog\/a-importancia-da-capacitacao-profissional-uma-nova-oportunidade-para-um-novo-mercado\/#primaryimage\"},\"thumbnailUrl\":\"https:\/\/www.impacta.com.br\/blog\/wp-content\/uploads\/2020\/04\/header_educacao2.jpg\",\"datePublished\":\"2014-06-11T21:00:06+00:00\",\"author\":{\"@id\":\"https:\/\/www.impacta.com.br\/blog\/#\/schema\/person\/2e0896bac7656da15b68f5ad2ddd0d8c\"},\"description\":\"Entenda a import\u00e2ncia da capacita\u00e7\u00e3o profissional no novo mercado de trabalho!\",\"breadcrumb\":{\"@id\":\"https:\/\/www.impacta.com.br\/blog\/a-importancia-da-capacitacao-profissional-uma-nova-oportunidade-para-um-novo-mercado\/#breadcrumb\"},\"inLanguage\":\"pt-BR\",\"potentialAction\":[{\"@type\":\"ReadAction\",\"target\":[\"https:\/\/www.impacta.com.br\/blog\/a-importancia-da-capacitacao-profissional-uma-nova-oportunidade-para-um-novo-mercado\/\"]}]},{\"@type\":\"ImageObject\",\"inLanguage\":\"pt-BR\",\"@id\":\"https:\/\/www.impacta.com.br\/blog\/a-importancia-da-capacitacao-profissional-uma-nova-oportunidade-para-um-novo-mercado\/#primaryimage\",\"url\":\"https:\/\/www.impacta.com.br\/blog\/wp-content\/uploads\/2020\/04\/header_educacao2.jpg\",\"contentUrl\":\"https:\/\/www.impacta.com.br\/blog\/wp-content\/uploads\/2020\/04\/header_educacao2.jpg\",\"width\":473,\"height\":157},{\"@type\":\"BreadcrumbList\",\"@id\":\"https:\/\/www.impacta.com.br\/blog\/a-importancia-da-capacitacao-profissional-uma-nova-oportunidade-para-um-novo-mercado\/#breadcrumb\",\"itemListElement\":[{\"@type\":\"ListItem\",\"position\":1,\"name\":\"In\u00edcio\",\"item\":\"https:\/\/www.impacta.com.br\/blog\/\"},{\"@type\":\"ListItem\",\"position\":2,\"name\":\"A import\u00e2ncia da capacita\u00e7\u00e3o profissional: uma nova oportunidade para um novo mercado\"}]},{\"@type\":\"WebSite\",\"@id\":\"https:\/\/www.impacta.com.br\/blog\/#website\",\"url\":\"https:\/\/www.impacta.com.br\/blog\/\",\"name\":\"Blog Impacta - Dicas e Not\u00edcias sobre Carreira\",\"description\":\"Dicas, Not\u00edcias e Conte\u00fados sobre Carreira, Tecnologia, Design, Gest\u00e3o e Marketing. Conhe\u00e7a e Acompanhe o Blog Impacta\",\"potentialAction\":[{\"@type\":\"SearchAction\",\"target\":{\"@type\":\"EntryPoint\",\"urlTemplate\":\"https:\/\/www.impacta.com.br\/blog\/?s={search_term_string}\"},\"query-input\":{\"@type\":\"PropertyValueSpecification\",\"valueRequired\":true,\"valueName\":\"search_term_string\"}}],\"inLanguage\":\"pt-BR\"},{\"@type\":\"Person\",\"@id\":\"https:\/\/www.impacta.com.br\/blog\/#\/schema\/person\/2e0896bac7656da15b68f5ad2ddd0d8c\",\"name\":\"Reda\u00e7\u00e3o Impacta\",\"image\":{\"@type\":\"ImageObject\",\"inLanguage\":\"pt-BR\",\"@id\":\"https:\/\/www.impacta.com.br\/blog\/#\/schema\/person\/image\/\",\"url\":\"https:\/\/secure.gravatar.com\/avatar\/7443a59e479c8f31067628e3a4bed9ad?s=96&d=mm&r=g\",\"contentUrl\":\"https:\/\/secure.gravatar.com\/avatar\/7443a59e479c8f31067628e3a4bed9ad?s=96&d=mm&r=g\",\"caption\":\"Reda\u00e7\u00e3o Impacta\"},\"url\":\"https:\/\/www.impacta.com.br\/blog\/author\/redacao\/\"}]}<\/script>\r\n<!-- \/ Yoast SEO plugin. -->","yoast_head_json":{"title":"A import\u00e2ncia da capacita\u00e7\u00e3o profissional","description":"Entenda a import\u00e2ncia da capacita\u00e7\u00e3o profissional no novo mercado de trabalho!","robots":{"index":"index","follow":"follow","max-snippet":"max-snippet:-1","max-image-preview":"max-image-preview:large","max-video-preview":"max-video-preview:-1"},"canonical":"https:\/\/www.impacta.com.br\/blog\/a-importancia-da-capacitacao-profissional-uma-nova-oportunidade-para-um-novo-mercado\/","og_locale":"pt_BR","og_type":"article","og_title":"A import\u00e2ncia da capacita\u00e7\u00e3o profissional","og_description":"Entenda a import\u00e2ncia da capacita\u00e7\u00e3o profissional no novo mercado de trabalho!","og_url":"https:\/\/www.impacta.com.br\/blog\/a-importancia-da-capacitacao-profissional-uma-nova-oportunidade-para-um-novo-mercado\/","og_site_name":"Blog Impacta - Dicas e Not\u00edcias sobre Carreira","article_published_time":"2014-06-11T21:00:06+00:00","og_image":[{"width":473,"height":157,"url":"https:\/\/www.impacta.com.br\/blog\/wp-content\/uploads\/2020\/04\/header_educacao2.jpg","type":"image\/jpeg"}],"author":"Reda\u00e7\u00e3o Impacta","twitter_card":"summary_large_image","twitter_misc":{"Written by":"Reda\u00e7\u00e3o Impacta","Est. reading time":"5 minutos"},"schema":{"@context":"https:\/\/schema.org","@graph":[{"@type":"WebPage","@id":"https:\/\/www.impacta.com.br\/blog\/a-importancia-da-capacitacao-profissional-uma-nova-oportunidade-para-um-novo-mercado\/","url":"https:\/\/www.impacta.com.br\/blog\/a-importancia-da-capacitacao-profissional-uma-nova-oportunidade-para-um-novo-mercado\/","name":"A import\u00e2ncia da capacita\u00e7\u00e3o profissional","isPartOf":{"@id":"https:\/\/www.impacta.com.br\/blog\/#website"},"primaryImageOfPage":{"@id":"https:\/\/www.impacta.com.br\/blog\/a-importancia-da-capacitacao-profissional-uma-nova-oportunidade-para-um-novo-mercado\/#primaryimage"},"image":{"@id":"https:\/\/www.impacta.com.br\/blog\/a-importancia-da-capacitacao-profissional-uma-nova-oportunidade-para-um-novo-mercado\/#primaryimage"},"thumbnailUrl":"https:\/\/www.impacta.com.br\/blog\/wp-content\/uploads\/2020\/04\/header_educacao2.jpg","datePublished":"2014-06-11T21:00:06+00:00","author":{"@id":"https:\/\/www.impacta.com.br\/blog\/#\/schema\/person\/2e0896bac7656da15b68f5ad2ddd0d8c"},"description":"Entenda a import\u00e2ncia da capacita\u00e7\u00e3o profissional no novo mercado de trabalho!","breadcrumb":{"@id":"https:\/\/www.impacta.com.br\/blog\/a-importancia-da-capacitacao-profissional-uma-nova-oportunidade-para-um-novo-mercado\/#breadcrumb"},"inLanguage":"pt-BR","potentialAction":[{"@type":"ReadAction","target":["https:\/\/www.impacta.com.br\/blog\/a-importancia-da-capacitacao-profissional-uma-nova-oportunidade-para-um-novo-mercado\/"]}]},{"@type":"ImageObject","inLanguage":"pt-BR","@id":"https:\/\/www.impacta.com.br\/blog\/a-importancia-da-capacitacao-profissional-uma-nova-oportunidade-para-um-novo-mercado\/#primaryimage","url":"https:\/\/www.impacta.com.br\/blog\/wp-content\/uploads\/2020\/04\/header_educacao2.jpg","contentUrl":"https:\/\/www.impacta.com.br\/blog\/wp-content\/uploads\/2020\/04\/header_educacao2.jpg","width":473,"height":157},{"@type":"BreadcrumbList","@id":"https:\/\/www.impacta.com.br\/blog\/a-importancia-da-capacitacao-profissional-uma-nova-oportunidade-para-um-novo-mercado\/#breadcrumb","itemListElement":[{"@type":"ListItem","position":1,"name":"In\u00edcio","item":"https:\/\/www.impacta.com.br\/blog\/"},{"@type":"ListItem","position":2,"name":"A import\u00e2ncia da capacita\u00e7\u00e3o profissional: uma nova oportunidade para um novo mercado"}]},{"@type":"WebSite","@id":"https:\/\/www.impacta.com.br\/blog\/#website","url":"https:\/\/www.impacta.com.br\/blog\/","name":"Blog Impacta - Dicas e Not\u00edcias sobre Carreira","description":"Dicas, Not\u00edcias e Conte\u00fados sobre Carreira, Tecnologia, Design, Gest\u00e3o e Marketing. Conhe\u00e7a e Acompanhe o Blog Impacta","potentialAction":[{"@type":"SearchAction","target":{"@type":"EntryPoint","urlTemplate":"https:\/\/www.impacta.com.br\/blog\/?s={search_term_string}"},"query-input":{"@type":"PropertyValueSpecification","valueRequired":true,"valueName":"search_term_string"}}],"inLanguage":"pt-BR"},{"@type":"Person","@id":"https:\/\/www.impacta.com.br\/blog\/#\/schema\/person\/2e0896bac7656da15b68f5ad2ddd0d8c","name":"Reda\u00e7\u00e3o Impacta","image":{"@type":"ImageObject","inLanguage":"pt-BR","@id":"https:\/\/www.impacta.com.br\/blog\/#\/schema\/person\/image\/","url":"https:\/\/secure.gravatar.com\/avatar\/7443a59e479c8f31067628e3a4bed9ad?s=96&d=mm&r=g","contentUrl":"https:\/\/secure.gravatar.com\/avatar\/7443a59e479c8f31067628e3a4bed9ad?s=96&d=mm&r=g","caption":"Reda\u00e7\u00e3o Impacta"},"url":"https:\/\/www.impacta.com.br\/blog\/author\/redacao\/"}]}},"acf":{"post_description":null,"capa_mobile":null},"_links":{"self":[{"href":"https:\/\/www.impacta.com.br\/blog\/wp-json\/wp\/v2\/posts\/3227","targetHints":{"allow":["GET"]}}],"collection":[{"href":"https:\/\/www.impacta.com.br\/blog\/wp-json\/wp\/v2\/posts"}],"about":[{"href":"https:\/\/www.impacta.com.br\/blog\/wp-json\/wp\/v2\/types\/post"}],"author":[{"embeddable":true,"href":"https:\/\/www.impacta.com.br\/blog\/wp-json\/wp\/v2\/users\/2"}],"replies":[{"embeddable":true,"href":"https:\/\/www.impacta.com.br\/blog\/wp-json\/wp\/v2\/comments?post=3227"}],"version-history":[{"count":0,"href":"https:\/\/www.impacta.com.br\/blog\/wp-json\/wp\/v2\/posts\/3227\/revisions"}],"wp:featuredmedia":[{"embeddable":true,"href":"https:\/\/www.impacta.com.br\/blog\/wp-json\/wp\/v2\/media\/17722"}],"wp:attachment":[{"href":"https:\/\/www.impacta.com.br\/blog\/wp-json\/wp\/v2\/media?parent=3227"}],"wp:term":[{"taxonomy":"category","embeddable":true,"href":"https:\/\/www.impacta.com.br\/blog\/wp-json\/wp\/v2\/categories?post=3227"},{"taxonomy":"post_tag","embeddable":true,"href":"https:\/\/www.impacta.com.br\/blog\/wp-json\/wp\/v2\/tags?post=3227"}],"curies":[{"name":"wp","href":"https:\/\/api.w.org\/{rel}","templated":true}]}}