{"id":2931,"date":"2019-09-18T16:56:58","date_gmt":"2019-09-18T19:56:58","guid":{"rendered":"https:\/\/www.impacta.edu.br\/blog\/?p=2931"},"modified":"2021-01-05T10:05:08","modified_gmt":"2021-01-05T13:05:08","slug":"tivit-seleciona-estagiarios-na-faculdade-impacta","status":"publish","type":"post","link":"https:\/\/www.impacta.com.br\/blog\/tivit-seleciona-estagiarios-na-faculdade-impacta\/","title":{"rendered":"TIVIT seleciona estagi\u00e1rios na Faculdade Impacta"},"content":{"rendered":"<p><span style=\"font-weight: 400;\">Os alunos da <\/span><span style=\"font-weight: 400;\">Faculdade Impacta <\/span><span style=\"font-weight: 400;\">est\u00e3o sempre entre os mais procurados<\/span><span style=\"font-weight: 400;\"> no <\/span><a href=\"https:\/\/www.impacta.edu.br\/blog\/desenvolvimento-de-carreira-como-crescer-no-mercado-de-trabalho\/\"><span style=\"font-weight: 400;\">mercado de trabalho<\/span><\/a><span style=\"font-weight: 400;\">, principalmente por empresas que valorizam o conhecimento em tecnologia e inova\u00e7\u00e3o.<\/span><br \/>\n<span style=\"font-weight: 400;\">N\u00e3o \u00e9 \u00e0 toa que a Faculdade recebeu na segunda-feira (9\/9) o <\/span><b>Recruiting Day<\/b><span style=\"font-weight: 400;\">, evento da parceira TIVIT que faz a interface entre a empresa e os estudantes que est\u00e3o em busca de est\u00e1gio.<\/span><br \/>\n&nbsp;<br \/>\n<span style=\"font-weight: 400;\">A ideia do projeto \u00e9 contratar dez estagi\u00e1rios por semestre nas \u00e1reas de <\/span><a href=\"https:\/\/www.impacta.edu.br\/graduacoes\/analise-e-desenvolvimento-de-sistemas\"><span style=\"font-weight: 400;\">desenvolvimento<\/span><\/a><span style=\"font-weight: 400;\">, softwares, seguran\u00e7a, <\/span><a href=\"https:\/\/www.impacta.edu.br\/graduacoes\/redes-de-computadores\"><span style=\"font-weight: 400;\">redes<\/span><\/a><span style=\"font-weight: 400;\">, infraestrutura, entre outras.\u00a0<\/span><br \/>\n<span style=\"font-weight: 400;\">Assim, nossos alunos poder\u00e3o colocar em pr\u00e1tica os aprendizados da sala de aula e ganhar\u00e3o experi\u00eancia em uma das maiores empresas com foco em tecnologia do Brasil.\u00a0\u00a0\u00a0<\/span><br \/>\n<span style=\"font-weight: 400;\">Durante a a\u00e7\u00e3o, a TIVIT fez uma apresenta\u00e7\u00e3o sobre sua cultura e forma de trabalho e <\/span><b>selecionou 50 alunos<\/b><span style=\"font-weight: 400;\"> para participarem de uma din\u00e2mica, em que os destaques foram escolhidos para um <\/span><a href=\"https:\/\/www.impacta.edu.br\/blog\/recolocacao-profissional-quando-e-o-momento-certo-de-se-posicionar\/\"><span style=\"font-weight: 400;\">processo seletivo<\/span><\/a><span style=\"font-weight: 400;\"> de est\u00e1gio que ocorrer\u00e1 em outubro.<\/span><br \/>\n<img loading=\"lazy\" decoding=\"async\" class=\"aligncenter size-full wp-image-2934\" src=\"https:\/\/www.impacta.edu.br\/blog\/wp-content\/uploads\/2019\/09\/WhatsApp-Image-2019-09-18-at-16.01.36.jpeg\" alt=\"\" width=\"1024\" height=\"768\" \/><br \/>\n<span style=\"font-weight: 400;\">\u201cEscolhemos a Impacta como parceira por conhecermos a qualidade da faculdade e de seus alunos\u201d, afirmou Adriana Medeiros, employer branding da TIVIT.\u00a0<\/span><\/p>\n<h2><b>Novos Projetos com a TIVIT<\/b><\/h2>\n<p><span style=\"font-weight: 400;\">A parceria n\u00e3o acaba com a sele\u00e7\u00e3o dos 10 estagi\u00e1rios! Ainda contar\u00e1 com outras a\u00e7\u00f5es at\u00e9 o pr\u00f3ximo ano, como a realiza\u00e7\u00e3o de um <\/span><b>Meetup<\/b><span style=\"font-weight: 400;\">, um <\/span>H<a href=\"https:\/\/www.impacta.edu.br\/blog\/voce-sabe-o-que-sao-as-maratonas-de-hackathon-entenda-neste-post\/\">ackathon<\/a><span style=\"font-weight: 400;\"> com nossos alunos e a abertura de novas oportunidades de <\/span><b>Est\u00e1gio<\/b><span style=\"font-weight: 400;\"> de 6 meses para os melhores colocados no <\/span><a href=\"https:\/\/www.impacta.edu.br\/graduacao\"><b>Vestibular 2020 da Faculdade Impacta<\/b><\/a><span style=\"font-weight: 400;\">.\u00a0<\/span><br \/>\n&nbsp;<\/p>\n<h2><b>De olho mercado<\/b><\/h2>\n<p><span style=\"font-weight: 400;\">Vale ressaltar que a Impacta est\u00e1 sempre atenta ao crescimento profissional de seus alunos e realiza diferentes atividades voltadas ao mercado de trabalho, como a realiza\u00e7\u00e3o de hackathons, que s\u00e3o maratonas de programa\u00e7\u00e3o onde os estudantes desenvolvem solu\u00e7\u00f5es tecnol\u00f3gicas para melhorar as atividades de uma empresa ou organiza\u00e7\u00e3o; e o <\/span><a href=\"https:\/\/www.impacta.edu.br\/blog\/faculdade-impacta-realiza-1-o-demo-day\/\"><span style=\"font-weight: 400;\">Demo Day<\/span><\/a><span style=\"font-weight: 400;\">, em que alunos apresentam uma ideia de startup criada durante a <\/span><b>OPE <\/b><span style=\"font-weight: 400;\">(Oficina Projeto Empresa) para os maiores investidores do Brasil.\u00a0<\/span><br \/>\n<span style=\"font-weight: 400;\">Al\u00e9m disso, a Faculdade recebe todo semestre a <\/span><a href=\"https:\/\/www.impacta.edu.br\/feira-de-carreiras\"><span style=\"font-weight: 400;\">Feira de Carreiras<\/span><\/a><span style=\"font-weight: 400;\">, em que grandes empresas do Pa\u00eds divulgam seus processos seletivos para alunos da <\/span><a href=\"https:\/\/www.impacta.edu.br\/graduacao\"><span style=\"font-weight: 400;\">gradua\u00e7\u00e3o<\/span><\/a><span style=\"font-weight: 400;\"> e dos <\/span><a href=\"https:\/\/www.impacta.edu.br\/tecnicos\"><span style=\"font-weight: 400;\">cursos t\u00e9cnicos<\/span><\/a><span style=\"font-weight: 400;\">, e conta com o projeto\u00a0<\/span><b>Tech\u2019n Roses<\/b><span style=\"font-weight: 400;\">, que\u00a0incentiva a inclus\u00e3o de mulheres na tecnologia.<\/span><\/p>\n<p style=\"text-align: left;\"><strong>Quer saber mais como foi o evento? Veja o v\u00eddeo aqui embaixo!<\/strong><\/p>\n<p style=\"text-align: center;\"><iframe loading=\"lazy\" src=\"https:\/\/www.youtube.com\/embed\/gJ2aw_Uro50\" width=\"560\" height=\"315\" frameborder=\"0\" allowfullscreen=\"allowfullscreen\"><\/iframe><\/p>\n<p style=\"text-align: left;\">E voc\u00ea, que tal ser procurado (a) pelas grandes empresas, como os alunos Impacta? Conhe\u00e7a as nossas gradua\u00e7\u00f5es, que j\u00e1 est\u00e3o com as <a href=\"https:\/\/www.impacta.edu.br\/graduacao\">inscri\u00e7\u00f5es abertas para 2020<\/a>!<\/p>\n<div class=\"sharing-default-minimal post-bottom\"><div class=\"nectar-social default\" data-position=\"\" data-rm-love=\"0\" data-color-override=\"override\"><div class=\"nectar-social-inner\"><a href=\"#\" class=\"nectar-love\" id=\"nectar-love-2931\" title=\"Love this\"> <i class=\"icon-salient-heart-2\"><\/i><span class=\"love-text\">Love<\/span><span class=\"total_loves\"><span class=\"nectar-love-count\">0<\/span><\/span><\/a><a class='facebook-share nectar-sharing' href='#' title='Share this'> <i class='fa fa-facebook'><\/i> <span class='social-text'>Share<\/span> <\/a><a class='twitter-share nectar-sharing' href='#' title='Share this'> <i class='fa icon-salient-x-twitter'><\/i> <span class='social-text'>Share<\/span> <\/a><a class='linkedin-share nectar-sharing' href='#' title='Share this'> <i class='fa fa-linkedin'><\/i> <span class='social-text'>Share<\/span> <\/a><a class='pinterest-share nectar-sharing' href='#' title='Pin this'> <i class='fa fa-pinterest'><\/i> <span class='social-text'>Pin<\/span> <\/a><\/div><\/div><\/div>","protected":false},"excerpt":{"rendered":"<p>Os alunos da Faculdade Impacta est\u00e3o sempre entre os mais procurados no mercado de trabalho, principalmente por empresas que valorizam o conhecimento em tecnologia e inova\u00e7\u00e3o. N\u00e3o \u00e9 \u00e0 toa que a Faculdade recebeu na segunda-feira (9\/9) o Recruiting Day, evento da parceira TIVIT que faz a interface entre a empresa e os estudantes que [&hellip;]<\/p>\n","protected":false},"author":57,"featured_media":18005,"comment_status":"open","ping_status":"open","sticky":false,"template":"","format":"standard","meta":{"footnotes":""},"categories":[1092],"tags":[1115,700],"class_list":["post-2931","post","type-post","status-publish","format-standard","has-post-thumbnail","hentry","category-impacta","tag-empregabilidade","tag-eventos"],"yoast_head":"<!-- This site is optimized with the Yoast SEO plugin v25.1 - https:\/\/yoast.com\/wordpress\/plugins\/seo\/ -->\r\n<title>TIVIT seleciona estagi\u00e1rios na Faculdade Impacta<\/title>\r\n<meta name=\"description\" content=\"Os alunos da Faculdade Impacta est\u00e3o sempre entre os mais procurados no mercado de trabalho, principalmente por empresas que valorizam o conhecimento em tecnologia e inova\u00e7\u00e3o. N\u00e3o \u00e9 \u00e0 toa que a Faculdade recebeu na segunda-feira (9\/9) o Recruiting Day, evento da parceira TIVIT.\" \/>\r\n<meta name=\"robots\" content=\"index, follow, max-snippet:-1, max-image-preview:large, max-video-preview:-1\" \/>\r\n<link rel=\"canonical\" href=\"https:\/\/www.impacta.com.br\/blog\/tivit-seleciona-estagiarios-na-faculdade-impacta\/\" \/>\r\n<meta property=\"og:locale\" content=\"pt_BR\" \/>\r\n<meta property=\"og:type\" content=\"article\" \/>\r\n<meta property=\"og:title\" content=\"TIVIT seleciona estagi\u00e1rios na Faculdade Impacta\" \/>\r\n<meta property=\"og:description\" content=\"Os alunos da Faculdade Impacta est\u00e3o sempre entre os mais procurados no mercado de trabalho, principalmente por empresas que valorizam o conhecimento em tecnologia e inova\u00e7\u00e3o. N\u00e3o \u00e9 \u00e0 toa que a Faculdade recebeu na segunda-feira (9\/9) o Recruiting Day, evento da parceira TIVIT.\" \/>\r\n<meta property=\"og:url\" content=\"https:\/\/www.impacta.com.br\/blog\/tivit-seleciona-estagiarios-na-faculdade-impacta\/\" \/>\r\n<meta property=\"og:site_name\" content=\"Blog Impacta - Dicas e Not\u00edcias sobre Carreira\" \/>\r\n<meta property=\"article:published_time\" content=\"2019-09-18T19:56:58+00:00\" \/>\r\n<meta property=\"article:modified_time\" content=\"2021-01-05T13:05:08+00:00\" \/>\r\n<meta property=\"og:image\" content=\"https:\/\/www.impacta.com.br\/blog\/wp-content\/uploads\/2020\/04\/WhatsApp-Image-2019-09-18-at-16.01.16-300x300-1.jpeg\" \/>\r\n\t<meta property=\"og:image:width\" content=\"300\" \/>\r\n\t<meta property=\"og:image:height\" content=\"300\" \/>\r\n\t<meta property=\"og:image:type\" content=\"image\/jpeg\" \/>\r\n<meta name=\"author\" content=\"J\u00e9ssica Lima\" \/>\r\n<meta name=\"twitter:card\" content=\"summary_large_image\" \/>\r\n<meta name=\"twitter:label1\" content=\"Written by\" \/>\n\t<meta name=\"twitter:data1\" content=\"J\u00e9ssica Lima\" \/>\n\t<meta name=\"twitter:label2\" content=\"Est. reading time\" \/>\n\t<meta name=\"twitter:data2\" content=\"2 minutos\" \/>\r\n<script type=\"application\/ld+json\" class=\"yoast-schema-graph\">{\"@context\":\"https:\/\/schema.org\",\"@graph\":[{\"@type\":\"WebPage\",\"@id\":\"https:\/\/www.impacta.com.br\/blog\/tivit-seleciona-estagiarios-na-faculdade-impacta\/\",\"url\":\"https:\/\/www.impacta.com.br\/blog\/tivit-seleciona-estagiarios-na-faculdade-impacta\/\",\"name\":\"TIVIT seleciona estagi\u00e1rios na Faculdade Impacta\",\"isPartOf\":{\"@id\":\"https:\/\/www.impacta.com.br\/blog\/#website\"},\"primaryImageOfPage\":{\"@id\":\"https:\/\/www.impacta.com.br\/blog\/tivit-seleciona-estagiarios-na-faculdade-impacta\/#primaryimage\"},\"image\":{\"@id\":\"https:\/\/www.impacta.com.br\/blog\/tivit-seleciona-estagiarios-na-faculdade-impacta\/#primaryimage\"},\"thumbnailUrl\":\"https:\/\/www.impacta.com.br\/blog\/wp-content\/uploads\/2020\/04\/WhatsApp-Image-2019-09-18-at-16.01.16-300x300-1.jpeg\",\"datePublished\":\"2019-09-18T19:56:58+00:00\",\"dateModified\":\"2021-01-05T13:05:08+00:00\",\"author\":{\"@id\":\"https:\/\/www.impacta.com.br\/blog\/#\/schema\/person\/8f4b311598e2f343bad8eb692b11d39d\"},\"description\":\"Os alunos da Faculdade Impacta est\u00e3o sempre entre os mais procurados no mercado de trabalho, principalmente por empresas que valorizam o conhecimento em tecnologia e inova\u00e7\u00e3o. N\u00e3o \u00e9 \u00e0 toa que a Faculdade recebeu na segunda-feira (9\/9) o Recruiting Day, evento da parceira TIVIT.\",\"breadcrumb\":{\"@id\":\"https:\/\/www.impacta.com.br\/blog\/tivit-seleciona-estagiarios-na-faculdade-impacta\/#breadcrumb\"},\"inLanguage\":\"pt-BR\",\"potentialAction\":[{\"@type\":\"ReadAction\",\"target\":[\"https:\/\/www.impacta.com.br\/blog\/tivit-seleciona-estagiarios-na-faculdade-impacta\/\"]}]},{\"@type\":\"ImageObject\",\"inLanguage\":\"pt-BR\",\"@id\":\"https:\/\/www.impacta.com.br\/blog\/tivit-seleciona-estagiarios-na-faculdade-impacta\/#primaryimage\",\"url\":\"https:\/\/www.impacta.com.br\/blog\/wp-content\/uploads\/2020\/04\/WhatsApp-Image-2019-09-18-at-16.01.16-300x300-1.jpeg\",\"contentUrl\":\"https:\/\/www.impacta.com.br\/blog\/wp-content\/uploads\/2020\/04\/WhatsApp-Image-2019-09-18-at-16.01.16-300x300-1.jpeg\",\"width\":300,\"height\":300},{\"@type\":\"BreadcrumbList\",\"@id\":\"https:\/\/www.impacta.com.br\/blog\/tivit-seleciona-estagiarios-na-faculdade-impacta\/#breadcrumb\",\"itemListElement\":[{\"@type\":\"ListItem\",\"position\":1,\"name\":\"In\u00edcio\",\"item\":\"https:\/\/www.impacta.com.br\/blog\/\"},{\"@type\":\"ListItem\",\"position\":2,\"name\":\"TIVIT seleciona estagi\u00e1rios na Faculdade Impacta\"}]},{\"@type\":\"WebSite\",\"@id\":\"https:\/\/www.impacta.com.br\/blog\/#website\",\"url\":\"https:\/\/www.impacta.com.br\/blog\/\",\"name\":\"Blog Impacta - Dicas e Not\u00edcias sobre Carreira\",\"description\":\"Dicas, Not\u00edcias e Conte\u00fados sobre Carreira, Tecnologia, Design, Gest\u00e3o e Marketing. Conhe\u00e7a e Acompanhe o Blog Impacta\",\"potentialAction\":[{\"@type\":\"SearchAction\",\"target\":{\"@type\":\"EntryPoint\",\"urlTemplate\":\"https:\/\/www.impacta.com.br\/blog\/?s={search_term_string}\"},\"query-input\":{\"@type\":\"PropertyValueSpecification\",\"valueRequired\":true,\"valueName\":\"search_term_string\"}}],\"inLanguage\":\"pt-BR\"},{\"@type\":\"Person\",\"@id\":\"https:\/\/www.impacta.com.br\/blog\/#\/schema\/person\/8f4b311598e2f343bad8eb692b11d39d\",\"name\":\"J\u00e9ssica Lima\",\"image\":{\"@type\":\"ImageObject\",\"inLanguage\":\"pt-BR\",\"@id\":\"https:\/\/www.impacta.com.br\/blog\/#\/schema\/person\/image\/\",\"url\":\"https:\/\/secure.gravatar.com\/avatar\/bae38fda68ae34b80e3d01e4b8be10c8?s=96&d=mm&r=g\",\"contentUrl\":\"https:\/\/secure.gravatar.com\/avatar\/bae38fda68ae34b80e3d01e4b8be10c8?s=96&d=mm&r=g\",\"caption\":\"J\u00e9ssica Lima\"},\"url\":\"https:\/\/www.impacta.com.br\/blog\/author\/jessica-lima\/\"}]}<\/script>\r\n<!-- \/ Yoast SEO plugin. -->","yoast_head_json":{"title":"TIVIT seleciona estagi\u00e1rios na Faculdade Impacta","description":"Os alunos da Faculdade Impacta est\u00e3o sempre entre os mais procurados no mercado de trabalho, principalmente por empresas que valorizam o conhecimento em tecnologia e inova\u00e7\u00e3o. N\u00e3o \u00e9 \u00e0 toa que a Faculdade recebeu na segunda-feira (9\/9) o Recruiting Day, evento da parceira TIVIT.","robots":{"index":"index","follow":"follow","max-snippet":"max-snippet:-1","max-image-preview":"max-image-preview:large","max-video-preview":"max-video-preview:-1"},"canonical":"https:\/\/www.impacta.com.br\/blog\/tivit-seleciona-estagiarios-na-faculdade-impacta\/","og_locale":"pt_BR","og_type":"article","og_title":"TIVIT seleciona estagi\u00e1rios na Faculdade Impacta","og_description":"Os alunos da Faculdade Impacta est\u00e3o sempre entre os mais procurados no mercado de trabalho, principalmente por empresas que valorizam o conhecimento em tecnologia e inova\u00e7\u00e3o. N\u00e3o \u00e9 \u00e0 toa que a Faculdade recebeu na segunda-feira (9\/9) o Recruiting Day, evento da parceira TIVIT.","og_url":"https:\/\/www.impacta.com.br\/blog\/tivit-seleciona-estagiarios-na-faculdade-impacta\/","og_site_name":"Blog Impacta - Dicas e Not\u00edcias sobre Carreira","article_published_time":"2019-09-18T19:56:58+00:00","article_modified_time":"2021-01-05T13:05:08+00:00","og_image":[{"width":300,"height":300,"url":"https:\/\/www.impacta.com.br\/blog\/wp-content\/uploads\/2020\/04\/WhatsApp-Image-2019-09-18-at-16.01.16-300x300-1.jpeg","type":"image\/jpeg"}],"author":"J\u00e9ssica Lima","twitter_card":"summary_large_image","twitter_misc":{"Written by":"J\u00e9ssica Lima","Est. reading time":"2 minutos"},"schema":{"@context":"https:\/\/schema.org","@graph":[{"@type":"WebPage","@id":"https:\/\/www.impacta.com.br\/blog\/tivit-seleciona-estagiarios-na-faculdade-impacta\/","url":"https:\/\/www.impacta.com.br\/blog\/tivit-seleciona-estagiarios-na-faculdade-impacta\/","name":"TIVIT seleciona estagi\u00e1rios na Faculdade Impacta","isPartOf":{"@id":"https:\/\/www.impacta.com.br\/blog\/#website"},"primaryImageOfPage":{"@id":"https:\/\/www.impacta.com.br\/blog\/tivit-seleciona-estagiarios-na-faculdade-impacta\/#primaryimage"},"image":{"@id":"https:\/\/www.impacta.com.br\/blog\/tivit-seleciona-estagiarios-na-faculdade-impacta\/#primaryimage"},"thumbnailUrl":"https:\/\/www.impacta.com.br\/blog\/wp-content\/uploads\/2020\/04\/WhatsApp-Image-2019-09-18-at-16.01.16-300x300-1.jpeg","datePublished":"2019-09-18T19:56:58+00:00","dateModified":"2021-01-05T13:05:08+00:00","author":{"@id":"https:\/\/www.impacta.com.br\/blog\/#\/schema\/person\/8f4b311598e2f343bad8eb692b11d39d"},"description":"Os alunos da Faculdade Impacta est\u00e3o sempre entre os mais procurados no mercado de trabalho, principalmente por empresas que valorizam o conhecimento em tecnologia e inova\u00e7\u00e3o. N\u00e3o \u00e9 \u00e0 toa que a Faculdade recebeu na segunda-feira (9\/9) o Recruiting Day, evento da parceira TIVIT.","breadcrumb":{"@id":"https:\/\/www.impacta.com.br\/blog\/tivit-seleciona-estagiarios-na-faculdade-impacta\/#breadcrumb"},"inLanguage":"pt-BR","potentialAction":[{"@type":"ReadAction","target":["https:\/\/www.impacta.com.br\/blog\/tivit-seleciona-estagiarios-na-faculdade-impacta\/"]}]},{"@type":"ImageObject","inLanguage":"pt-BR","@id":"https:\/\/www.impacta.com.br\/blog\/tivit-seleciona-estagiarios-na-faculdade-impacta\/#primaryimage","url":"https:\/\/www.impacta.com.br\/blog\/wp-content\/uploads\/2020\/04\/WhatsApp-Image-2019-09-18-at-16.01.16-300x300-1.jpeg","contentUrl":"https:\/\/www.impacta.com.br\/blog\/wp-content\/uploads\/2020\/04\/WhatsApp-Image-2019-09-18-at-16.01.16-300x300-1.jpeg","width":300,"height":300},{"@type":"BreadcrumbList","@id":"https:\/\/www.impacta.com.br\/blog\/tivit-seleciona-estagiarios-na-faculdade-impacta\/#breadcrumb","itemListElement":[{"@type":"ListItem","position":1,"name":"In\u00edcio","item":"https:\/\/www.impacta.com.br\/blog\/"},{"@type":"ListItem","position":2,"name":"TIVIT seleciona estagi\u00e1rios na Faculdade Impacta"}]},{"@type":"WebSite","@id":"https:\/\/www.impacta.com.br\/blog\/#website","url":"https:\/\/www.impacta.com.br\/blog\/","name":"Blog Impacta - Dicas e Not\u00edcias sobre Carreira","description":"Dicas, Not\u00edcias e Conte\u00fados sobre Carreira, Tecnologia, Design, Gest\u00e3o e Marketing. Conhe\u00e7a e Acompanhe o Blog Impacta","potentialAction":[{"@type":"SearchAction","target":{"@type":"EntryPoint","urlTemplate":"https:\/\/www.impacta.com.br\/blog\/?s={search_term_string}"},"query-input":{"@type":"PropertyValueSpecification","valueRequired":true,"valueName":"search_term_string"}}],"inLanguage":"pt-BR"},{"@type":"Person","@id":"https:\/\/www.impacta.com.br\/blog\/#\/schema\/person\/8f4b311598e2f343bad8eb692b11d39d","name":"J\u00e9ssica Lima","image":{"@type":"ImageObject","inLanguage":"pt-BR","@id":"https:\/\/www.impacta.com.br\/blog\/#\/schema\/person\/image\/","url":"https:\/\/secure.gravatar.com\/avatar\/bae38fda68ae34b80e3d01e4b8be10c8?s=96&d=mm&r=g","contentUrl":"https:\/\/secure.gravatar.com\/avatar\/bae38fda68ae34b80e3d01e4b8be10c8?s=96&d=mm&r=g","caption":"J\u00e9ssica Lima"},"url":"https:\/\/www.impacta.com.br\/blog\/author\/jessica-lima\/"}]}},"acf":{"post_description":null,"capa_mobile":null},"_links":{"self":[{"href":"https:\/\/www.impacta.com.br\/blog\/wp-json\/wp\/v2\/posts\/2931","targetHints":{"allow":["GET"]}}],"collection":[{"href":"https:\/\/www.impacta.com.br\/blog\/wp-json\/wp\/v2\/posts"}],"about":[{"href":"https:\/\/www.impacta.com.br\/blog\/wp-json\/wp\/v2\/types\/post"}],"author":[{"embeddable":true,"href":"https:\/\/www.impacta.com.br\/blog\/wp-json\/wp\/v2\/users\/57"}],"replies":[{"embeddable":true,"href":"https:\/\/www.impacta.com.br\/blog\/wp-json\/wp\/v2\/comments?post=2931"}],"version-history":[{"count":0,"href":"https:\/\/www.impacta.com.br\/blog\/wp-json\/wp\/v2\/posts\/2931\/revisions"}],"wp:featuredmedia":[{"embeddable":true,"href":"https:\/\/www.impacta.com.br\/blog\/wp-json\/wp\/v2\/media\/18005"}],"wp:attachment":[{"href":"https:\/\/www.impacta.com.br\/blog\/wp-json\/wp\/v2\/media?parent=2931"}],"wp:term":[{"taxonomy":"category","embeddable":true,"href":"https:\/\/www.impacta.com.br\/blog\/wp-json\/wp\/v2\/categories?post=2931"},{"taxonomy":"post_tag","embeddable":true,"href":"https:\/\/www.impacta.com.br\/blog\/wp-json\/wp\/v2\/tags?post=2931"}],"curies":[{"name":"wp","href":"https:\/\/api.w.org\/{rel}","templated":true}]}}