{"id":2880,"date":"2014-03-20T19:12:56","date_gmt":"2014-03-20T22:12:56","guid":{"rendered":"http:\/\/blogimpacta.com.br\/?p=2880"},"modified":"2021-01-05T11:16:05","modified_gmt":"2021-01-05T14:16:05","slug":"hyper-v-windows-8-pro","status":"publish","type":"post","link":"https:\/\/www.impacta.com.br\/blog\/hyper-v-windows-8-pro\/","title":{"rendered":"Hyper-V no Windows 8 Pro: como configurar?"},"content":{"rendered":"<p style=\"text-align: justify;\"><span style=\"font-size: 14pt;\">Este post tem um foco mais espec\u00edfico, n\u00e3o sendo direcionado ao <strong>Hyper-V<\/strong> em si, mas sim na comunica\u00e7\u00e3o entre m\u00e1quinas virtuais de um laborat\u00f3rio de estudo.<\/span><\/p>\n<p style=\"text-align: justify;\"><span style=\"font-size: 14pt;\">Vamos seguir um pequeno escopo b\u00e1sico para entender o papel do Switch virtual do Hyper-V dentro do nosso ambiente simulado.<\/span><\/p>\n<div style=\"text-align: center;\"><a href=\"https:\/\/3.bp.blogspot.com\/-lYSKUW5kzAg\/UpdT6zBV5wI\/AAAAAAAAIPs\/Sz760JOmILw\/s1600\/Hyper-V_06.PNG\" target=\"_blank\" rel=\"noopener noreferrer\"><img loading=\"lazy\" decoding=\"async\" class=\"aligncenter\" src=\"https:\/\/3.bp.blogspot.com\/-lYSKUW5kzAg\/UpdT6zBV5wI\/AAAAAAAAIPs\/Sz760JOmILw\/s400\/Hyper-V_06.PNG\" alt=\"\" width=\"400\" height=\"141\" border=\"0\" \/><\/a><\/div>\n<div style=\"text-align: center;\"><\/div>\n<p style=\"text-align: justify;\"><span style=\"font-size: 14pt;\">\u00c9 muito importante tomar todos os cuidados para que seu ambiente virtual n\u00e3o interfira em seu ambiente real. Voc\u00ea n\u00e3o imagina a quantidade de paradas que ocorrem por algu\u00e9m utilizar um notebook em sua rede com m\u00e1quinas de teste que acabam interferindo no ambiente real, como quando levantamos um <strong>DHCP<\/strong>, por exemplo.<\/span><\/p>\n<h2 style=\"text-align: justify;\"><strong><span style=\"font-size: 14pt;\">\u00a0 \u00a0Instalando o Hyper-V no Windows 8<\/span><\/strong><\/h2>\n<p style=\"text-align: justify;\"><span style=\"font-size: 14pt;\">No <strong>Windows 8 Pro<\/strong>, o Hyper-V \u00e9 uma ferramenta nativa e pode ajudar muito no dia a dia do povo da TI. Para instalar essa ferramenta, voc\u00ea precisa acessar a <em>charm bar<\/em> (WIN\u00a0+ C), na parte de Configura\u00e7\u00f5es, Painel de Controle e Programas e Recursos.<\/span><\/p>\n<p><span style=\"font-size: 14pt;\"><a href=\"https:\/\/2.bp.blogspot.com\/-ysJbNid_XF8\/UpdWHVJaP8I\/AAAAAAAAIQI\/JqAXkfluD8c\/s1600\/Hyper-V_07.PNG\"><img loading=\"lazy\" decoding=\"async\" class=\"aligncenter\" src=\"https:\/\/2.bp.blogspot.com\/-ysJbNid_XF8\/UpdWHVJaP8I\/AAAAAAAAIQI\/JqAXkfluD8c\/s1600\/Hyper-V_07.PNG\" alt=\"\" width=\"199\" height=\"42\" border=\"0\" \/><\/a><\/span><\/p>\n<p style=\"text-align: justify;\"><span style=\"font-size: 14pt;\">\u00c9 importante lembrar que seu processador deve dar suporte a virtualiza\u00e7\u00e3o e ser de gera\u00e7\u00e3o de 64 bits para utilizar todos os recursos da solu\u00e7\u00e3o. Voc\u00ea notar\u00e1 que caso seu hardware n\u00e3o possua suporte a virtualiza\u00e7\u00e3o, o Hyper-V funciona apenas como gerenciador de um servidor virtual externo e n\u00e3o poder\u00e1 criar as m\u00e1quinas virtuais. Se a plataforma Hyper-V estiver desativada, voc\u00ea deve validar seu hardware.<\/span><\/p>\n<p><a href=\"https:\/\/1.bp.blogspot.com\/-k0AdkhcBFlY\/UpdVyPoggGI\/AAAAAAAAIQA\/BfG7hhap5KM\/s1600\/Hyper-V_08.png\" target=\"_blank\" rel=\"noopener noreferrer\"><img loading=\"lazy\" decoding=\"async\" class=\"aligncenter\" src=\"https:\/\/1.bp.blogspot.com\/-k0AdkhcBFlY\/UpdVyPoggGI\/AAAAAAAAIQA\/BfG7hhap5KM\/s400\/Hyper-V_08.png\" alt=\"\" width=\"368\" height=\"400\" border=\"0\" \/><\/a><\/p>\n<p style=\"text-align: center;\"><a href=\"https:\/\/1.bp.blogspot.com\/-StUXp933c-c\/UpdWvzudsRI\/AAAAAAAAIQQ\/KNYc53TmGBg\/s1600\/Hyper-V_09.png\" target=\"_blank\" rel=\"noopener noreferrer\"><img loading=\"lazy\" decoding=\"async\" class=\"aligncenter\" src=\"https:\/\/1.bp.blogspot.com\/-StUXp933c-c\/UpdWvzudsRI\/AAAAAAAAIQQ\/KNYc53TmGBg\/s400\/Hyper-V_09.png\" alt=\"\" width=\"400\" height=\"151\" border=\"0\" \/><\/a><\/p>\n<p style=\"text-align: center;\"><span style=\"color: #888888;\"><b>Dica de Ouro:<\/b><\/span><\/p>\n<p style=\"text-align: justify;\"><span style=\"font-size: 14pt;\">Use o comando <em>msinfo32<\/em> e logo na tela inicial do resumo do sistema aparece exatamente o que est\u00e1 habilitado para seu hardware. N\u00e3o precisa instalar nenhum programa de terceiros.<\/span><\/p>\n<p style=\"text-align: center;\"><a href=\"https:\/\/1.bp.blogspot.com\/-hBlo836ES2w\/UpdzcqZoQQI\/AAAAAAAAIQ4\/2oBVIyF5fOY\/s1600\/Hyper-V_10.PNG\"><img loading=\"lazy\" decoding=\"async\" class=\"aligncenter\" src=\"https:\/\/1.bp.blogspot.com\/-hBlo836ES2w\/UpdzcqZoQQI\/AAAAAAAAIQ4\/2oBVIyF5fOY\/s400\/Hyper-V_10.PNG\" alt=\"\" width=\"400\" height=\"300\" border=\"0\" \/><\/a><\/p>\n<p style=\"text-align: justify;\">\u00a0<span style=\"font-size: 14pt;\"><b>1)<\/b>\u00a0<strong>Clique com o bot\u00e3o direito no servidor Hyper-V (que no meu caso esta como WORKEDU) e em seguida selecione Comutador Virtual.<\/strong><\/span><\/p>\n<p style=\"text-align: center;\"><a href=\"https:\/\/3.bp.blogspot.com\/-zijA4eY2-wU\/UpdSOgQ4RbI\/AAAAAAAAIPI\/OxlBqUbioCs\/s1600\/Hyper-V_01.png\" target=\"_blank\" rel=\"noopener noreferrer\"><img loading=\"lazy\" decoding=\"async\" class=\"aligncenter\" src=\"https:\/\/3.bp.blogspot.com\/-zijA4eY2-wU\/UpdSOgQ4RbI\/AAAAAAAAIPI\/OxlBqUbioCs\/s400\/Hyper-V_01.png\" alt=\"\" width=\"400\" height=\"225\" border=\"0\" \/><\/a><\/p>\n<p style=\"text-align: justify;\"><strong><span style=\"font-size: 14pt;\">2)\u00a0Localize e selecione a op\u00e7\u00e3o para Novo comutador de rede virtual e em seguida marque do lado direito da janela o tipo de comutador chamado &#8220;Particular&#8221;.<\/span><\/strong><\/p>\n<p style=\"text-align: center;\"><a href=\"https:\/\/1.bp.blogspot.com\/-hqKc1T7KXyA\/UpdSS3-ONDI\/AAAAAAAAIPQ\/OSqeOwz9nos\/s1600\/Hyper-V_02.PNG\"><img loading=\"lazy\" decoding=\"async\" class=\"aligncenter\" src=\"https:\/\/1.bp.blogspot.com\/-hqKc1T7KXyA\/UpdSS3-ONDI\/AAAAAAAAIPQ\/OSqeOwz9nos\/s400\/Hyper-V_02.PNG\" alt=\"\" width=\"400\" height=\"397\" border=\"0\" \/><\/a><\/p>\n<p style=\"text-align: justify;\"><strong><span style=\"font-size: 14pt;\">3)\u00a0Preencha as propriedades do comutador virtual conforme a imagem abaixo ou use a criatividade, por\u00e9m mantenha a op\u00e7\u00e3o &#8220;Rede Privada&#8221; marcada.<\/span><\/strong><\/p>\n<p><a href=\"https:\/\/3.bp.blogspot.com\/-dM_Q-zMVtZ8\/UpdSoMZ0wyI\/AAAAAAAAIPY\/mgDE_Voefcw\/s1600\/Hyper-V_03.PNG\" target=\"_blank\" rel=\"noopener noreferrer\"><img loading=\"lazy\" decoding=\"async\" class=\"aligncenter\" src=\"https:\/\/3.bp.blogspot.com\/-dM_Q-zMVtZ8\/UpdSoMZ0wyI\/AAAAAAAAIPY\/mgDE_Voefcw\/s400\/Hyper-V_03.PNG\" alt=\"\" width=\"400\" height=\"396\" border=\"0\" \/><\/a><span style=\"text-align: justify;\">\u00a0<\/span><\/p>\n<p style=\"text-align: justify;\"><strong><span style=\"font-size: 14pt;\">4)\u00a0Agora clique nas m\u00e1quinas virtuais (uma de cada vez), com o bot\u00e3o direito do mouse e escolha a op\u00e7\u00e3o de configura\u00e7\u00f5es. Quando a janela se abrir, escolha a op\u00e7\u00e3o chamada de Adaptador de Redes. Logo no inicio ser\u00e1 apresentado a possibilidade de escolha do comutador virtual. Agora marque a op\u00e7\u00e3o criada anteriormente.<\/span><\/strong><\/p>\n<p><a href=\"https:\/\/2.bp.blogspot.com\/-x6IsybUlDHE\/UpdStpzKdCI\/AAAAAAAAIPg\/rus4_QK26vI\/s1600\/Hyper-V_04.PNG\" target=\"_blank\" rel=\"noopener noreferrer\"><img loading=\"lazy\" decoding=\"async\" class=\"aligncenter\" src=\"https:\/\/2.bp.blogspot.com\/-x6IsybUlDHE\/UpdStpzKdCI\/AAAAAAAAIPg\/rus4_QK26vI\/s400\/Hyper-V_04.PNG\" alt=\"\" width=\"400\" height=\"321\" border=\"0\" \/><\/a><\/p>\n<p style=\"text-align: justify;\"><span style=\"text-align: justify; font-size: 14pt;\">Seguindo estes 04 passos suas m\u00e1quinas virtuais baseadas em Hyper-V se comunicam sem problema. E o melhor de tudo, sem interferir em sua rede interna ou com o ambiente j\u00e1 em funcionamento. Se voc\u00ea configurou direitinho os IPs e as permiss\u00f5es, ambas as m\u00e1quinas v\u00e3o conversar numa boa.<\/span><\/p>\n<p><a href=\"https:\/\/4.bp.blogspot.com\/-UbG_xqezF5E\/UpdUAYvBf2I\/AAAAAAAAIP0\/H7bqfCsvahU\/s1600\/Hyper-V_05.PNG\" target=\"_blank\" rel=\"noopener noreferrer\"><img loading=\"lazy\" decoding=\"async\" class=\"aligncenter\" src=\"https:\/\/4.bp.blogspot.com\/-UbG_xqezF5E\/UpdUAYvBf2I\/AAAAAAAAIP0\/H7bqfCsvahU\/s400\/Hyper-V_05.PNG\" alt=\"\" width=\"400\" height=\"225\" border=\"0\" \/><\/a><\/p>\n<p style=\"text-align: justify;\"><span style=\"text-align: justify; font-size: 14pt;\">Aproveitando a deixa, \u00e9 sempre interessante conhecer as novidades do Hyper-V para cada distribui\u00e7\u00e3o ou vers\u00e3o que \u00e9 lan\u00e7ada. Para facilitar, segue uma imagem bem interessante. \u00c9 importante real\u00e7ar que cada evolu\u00e7\u00e3o da solu\u00e7\u00e3o permite uma melhor flexibilidade e escalabilidade.<\/span><\/p>\n<p><img loading=\"lazy\" decoding=\"async\" class=\"aligncenter\" src=\"https:\/\/4.bp.blogspot.com\/-xvNEWpnVYRc\/UpdsLmxn0oI\/AAAAAAAAIQo\/RTluG5gjv4Q\/s400\/62324_539138766168147_1976341550_n.jpg\" alt=\"\" width=\"400\" height=\"215\" border=\"0\" \/><\/p>\n<p style=\"text-align: justify;\"><span style=\"font-size: 14pt;\"><em>Esse conte\u00fado foi postado originalmente no\u00a0blog da <a title=\"HTBRAZ Connect.\" href=\"https:\/\/htbraz.blogspot.com.br\/\" target=\"_blank\" rel=\"noopener noreferrer\">HTBRAZ Connect<\/a>,\u00a0em 28 de setembro de 2013, e pode ser conferido\u00a0<a title=\"Configurando um laborat\u00f3rio pr\u00e1tico com o Hyper-V em seu Windows 8 Pro\" href=\"https:\/\/htbraz.blogspot.com.br\/2013\/11\/configurando-um-laboratorio-pratico-com.html\" target=\"_blank\" rel=\"noopener noreferrer\">aqui<\/a>.<\/em><\/span><\/p>\n<h3 class=\"separator\" style=\"text-align: center;\"><span style=\"font-size: 14pt;\"><strong>Que tal se especializar em ambientes de redes?<\/strong><\/span><\/h3>\n<div class=\"separator\" style=\"text-align: justify;\"><span style=\"font-size: 14pt;\">A Impacta possui os melhores os <a title=\"Conhe\u00e7a os cursos de redes da Impacta\" href=\"https:\/\/www.impacta.com.br\/escola\/Redes\" target=\"_blank\" rel=\"noopener noreferrer\">cursos e certifica\u00e7\u00f5es em redes.<\/a> Conhe\u00e7a as op\u00e7\u00f5es e torne-se um profissional ainda mais qualificado para o mercado de trabalho.<\/span><\/div>\n<div class=\"separator\" style=\"text-align: justify;\"><\/div>\n<div class=\"separator\" style=\"text-align: justify;\"><span style=\"font-size: 14pt;\">Curtiu o post? Deixe seu coment\u00e1rio nos contando se o conte\u00fado foi relevante para voc\u00ea ou caso tenha ficado alguma d\u00favida!<\/span><\/div>\n<div class=\"sharing-default-minimal post-bottom\"><div class=\"nectar-social default\" data-position=\"\" data-rm-love=\"0\" data-color-override=\"override\"><div class=\"nectar-social-inner\"><a href=\"#\" class=\"nectar-love\" id=\"nectar-love-2880\" title=\"Love this\"> <i class=\"icon-salient-heart-2\"><\/i><span class=\"love-text\">Love<\/span><span class=\"total_loves\"><span class=\"nectar-love-count\">0<\/span><\/span><\/a><a class='facebook-share nectar-sharing' href='#' title='Share this'> <i class='fa fa-facebook'><\/i> <span class='social-text'>Share<\/span> <\/a><a class='twitter-share nectar-sharing' href='#' title='Share this'> <i class='fa icon-salient-x-twitter'><\/i> <span class='social-text'>Share<\/span> <\/a><a class='linkedin-share nectar-sharing' href='#' title='Share this'> <i class='fa fa-linkedin'><\/i> <span class='social-text'>Share<\/span> <\/a><a class='pinterest-share nectar-sharing' href='#' title='Pin this'> <i class='fa fa-pinterest'><\/i> <span class='social-text'>Pin<\/span> <\/a><\/div><\/div><\/div>","protected":false},"excerpt":{"rendered":"<p>Este post tem um foco mais espec\u00edfico, n\u00e3o sendo direcionado ao Hyper-V em si, mas sim na comunica\u00e7\u00e3o entre m\u00e1quinas virtuais de um laborat\u00f3rio de estudo.<br \/>\nVamos seguir um pequeno escopo b\u00e1sico para entender o papel do Switch virtual do Hyper-V dentro do nosso ambiente simulado.<\/p>\n","protected":false},"author":10,"featured_media":17675,"comment_status":"open","ping_status":"open","sticky":false,"template":"","format":"standard","meta":{"footnotes":""},"categories":[3],"tags":[17,209],"class_list":["post-2880","post","type-post","status-publish","format-standard","has-post-thumbnail","hentry","category-tecnologia","tag-dicas","tag-hyper-v"],"yoast_head":"<!-- This site is optimized with the Yoast SEO plugin v25.1 - https:\/\/yoast.com\/wordpress\/plugins\/seo\/ -->\r\n<title>Hyper-V no Windows 8 Pro: como configurar?<\/title>\r\n<meta name=\"description\" content=\"O Hyper-V \u00e9 uma ferramenta nativa e pode ajudar muito no dia a dia do povo da TI, que ao ser instalado e mnauseado corretamente, trar\u00e1 grande sucesso.\" \/>\r\n<meta name=\"robots\" content=\"index, follow, max-snippet:-1, max-image-preview:large, max-video-preview:-1\" \/>\r\n<link rel=\"canonical\" href=\"https:\/\/www.impacta.com.br\/blog\/hyper-v-windows-8-pro\/\" \/>\r\n<meta property=\"og:locale\" content=\"pt_BR\" \/>\r\n<meta property=\"og:type\" content=\"article\" \/>\r\n<meta property=\"og:title\" content=\"Hyper-V no Windows 8 Pro: como configurar?\" \/>\r\n<meta property=\"og:description\" content=\"O Hyper-V \u00e9 uma ferramenta nativa e pode ajudar muito no dia a dia do povo da TI, que ao ser instalado e mnauseado corretamente, trar\u00e1 grande sucesso.\" \/>\r\n<meta property=\"og:url\" content=\"https:\/\/www.impacta.com.br\/blog\/hyper-v-windows-8-pro\/\" \/>\r\n<meta property=\"og:site_name\" content=\"Blog Impacta - Dicas e Not\u00edcias sobre Carreira\" \/>\r\n<meta property=\"article:published_time\" content=\"2014-03-20T22:12:56+00:00\" \/>\r\n<meta property=\"article:modified_time\" content=\"2021-01-05T14:16:05+00:00\" \/>\r\n<meta property=\"og:image\" content=\"https:\/\/www.impacta.com.br\/blog\/wp-content\/uploads\/2020\/04\/header42.jpg\" \/>\r\n\t<meta property=\"og:image:width\" content=\"473\" \/>\r\n\t<meta property=\"og:image:height\" content=\"157\" \/>\r\n\t<meta property=\"og:image:type\" content=\"image\/jpeg\" \/>\r\n<meta name=\"author\" content=\"Eduardo Popovici\" \/>\r\n<meta name=\"twitter:card\" content=\"summary_large_image\" \/>\r\n<meta name=\"twitter:label1\" content=\"Written by\" \/>\n\t<meta name=\"twitter:data1\" content=\"Eduardo Popovici\" \/>\n\t<meta name=\"twitter:label2\" content=\"Est. reading time\" \/>\n\t<meta name=\"twitter:data2\" content=\"3 minutos\" \/>\r\n<script type=\"application\/ld+json\" class=\"yoast-schema-graph\">{\"@context\":\"https:\/\/schema.org\",\"@graph\":[{\"@type\":\"WebPage\",\"@id\":\"https:\/\/www.impacta.com.br\/blog\/hyper-v-windows-8-pro\/\",\"url\":\"https:\/\/www.impacta.com.br\/blog\/hyper-v-windows-8-pro\/\",\"name\":\"Hyper-V no Windows 8 Pro: como configurar?\",\"isPartOf\":{\"@id\":\"https:\/\/www.impacta.com.br\/blog\/#website\"},\"primaryImageOfPage\":{\"@id\":\"https:\/\/www.impacta.com.br\/blog\/hyper-v-windows-8-pro\/#primaryimage\"},\"image\":{\"@id\":\"https:\/\/www.impacta.com.br\/blog\/hyper-v-windows-8-pro\/#primaryimage\"},\"thumbnailUrl\":\"https:\/\/www.impacta.com.br\/blog\/wp-content\/uploads\/2020\/04\/header42.jpg\",\"datePublished\":\"2014-03-20T22:12:56+00:00\",\"dateModified\":\"2021-01-05T14:16:05+00:00\",\"author\":{\"@id\":\"https:\/\/www.impacta.com.br\/blog\/#\/schema\/person\/a8dec913f2965794a561dbd728c5ff4e\"},\"description\":\"O Hyper-V \u00e9 uma ferramenta nativa e pode ajudar muito no dia a dia do povo da TI, que ao ser instalado e mnauseado corretamente, trar\u00e1 grande sucesso.\",\"breadcrumb\":{\"@id\":\"https:\/\/www.impacta.com.br\/blog\/hyper-v-windows-8-pro\/#breadcrumb\"},\"inLanguage\":\"pt-BR\",\"potentialAction\":[{\"@type\":\"ReadAction\",\"target\":[\"https:\/\/www.impacta.com.br\/blog\/hyper-v-windows-8-pro\/\"]}]},{\"@type\":\"ImageObject\",\"inLanguage\":\"pt-BR\",\"@id\":\"https:\/\/www.impacta.com.br\/blog\/hyper-v-windows-8-pro\/#primaryimage\",\"url\":\"https:\/\/www.impacta.com.br\/blog\/wp-content\/uploads\/2020\/04\/header42.jpg\",\"contentUrl\":\"https:\/\/www.impacta.com.br\/blog\/wp-content\/uploads\/2020\/04\/header42.jpg\",\"width\":473,\"height\":157},{\"@type\":\"BreadcrumbList\",\"@id\":\"https:\/\/www.impacta.com.br\/blog\/hyper-v-windows-8-pro\/#breadcrumb\",\"itemListElement\":[{\"@type\":\"ListItem\",\"position\":1,\"name\":\"In\u00edcio\",\"item\":\"https:\/\/www.impacta.com.br\/blog\/\"},{\"@type\":\"ListItem\",\"position\":2,\"name\":\"Hyper-V no Windows 8 Pro: como configurar?\"}]},{\"@type\":\"WebSite\",\"@id\":\"https:\/\/www.impacta.com.br\/blog\/#website\",\"url\":\"https:\/\/www.impacta.com.br\/blog\/\",\"name\":\"Blog Impacta - Dicas e Not\u00edcias sobre Carreira\",\"description\":\"Dicas, Not\u00edcias e Conte\u00fados sobre Carreira, Tecnologia, Design, Gest\u00e3o e Marketing. Conhe\u00e7a e Acompanhe o Blog Impacta\",\"potentialAction\":[{\"@type\":\"SearchAction\",\"target\":{\"@type\":\"EntryPoint\",\"urlTemplate\":\"https:\/\/www.impacta.com.br\/blog\/?s={search_term_string}\"},\"query-input\":{\"@type\":\"PropertyValueSpecification\",\"valueRequired\":true,\"valueName\":\"search_term_string\"}}],\"inLanguage\":\"pt-BR\"},{\"@type\":\"Person\",\"@id\":\"https:\/\/www.impacta.com.br\/blog\/#\/schema\/person\/a8dec913f2965794a561dbd728c5ff4e\",\"name\":\"Eduardo Popovici\",\"image\":{\"@type\":\"ImageObject\",\"inLanguage\":\"pt-BR\",\"@id\":\"https:\/\/www.impacta.com.br\/blog\/#\/schema\/person\/image\/\",\"url\":\"https:\/\/secure.gravatar.com\/avatar\/ef077b6019ab232e1cdd50b9e3c687fb?s=96&d=mm&r=g\",\"contentUrl\":\"https:\/\/secure.gravatar.com\/avatar\/ef077b6019ab232e1cdd50b9e3c687fb?s=96&d=mm&r=g\",\"caption\":\"Eduardo Popovici\"},\"url\":\"https:\/\/www.impacta.com.br\/blog\/author\/eduardo_popovici\/\"}]}<\/script>\r\n<!-- \/ Yoast SEO plugin. -->","yoast_head_json":{"title":"Hyper-V no Windows 8 Pro: como configurar?","description":"O Hyper-V \u00e9 uma ferramenta nativa e pode ajudar muito no dia a dia do povo da TI, que ao ser instalado e mnauseado corretamente, trar\u00e1 grande sucesso.","robots":{"index":"index","follow":"follow","max-snippet":"max-snippet:-1","max-image-preview":"max-image-preview:large","max-video-preview":"max-video-preview:-1"},"canonical":"https:\/\/www.impacta.com.br\/blog\/hyper-v-windows-8-pro\/","og_locale":"pt_BR","og_type":"article","og_title":"Hyper-V no Windows 8 Pro: como configurar?","og_description":"O Hyper-V \u00e9 uma ferramenta nativa e pode ajudar muito no dia a dia do povo da TI, que ao ser instalado e mnauseado corretamente, trar\u00e1 grande sucesso.","og_url":"https:\/\/www.impacta.com.br\/blog\/hyper-v-windows-8-pro\/","og_site_name":"Blog Impacta - Dicas e Not\u00edcias sobre Carreira","article_published_time":"2014-03-20T22:12:56+00:00","article_modified_time":"2021-01-05T14:16:05+00:00","og_image":[{"width":473,"height":157,"url":"https:\/\/www.impacta.com.br\/blog\/wp-content\/uploads\/2020\/04\/header42.jpg","type":"image\/jpeg"}],"author":"Eduardo Popovici","twitter_card":"summary_large_image","twitter_misc":{"Written by":"Eduardo Popovici","Est. reading time":"3 minutos"},"schema":{"@context":"https:\/\/schema.org","@graph":[{"@type":"WebPage","@id":"https:\/\/www.impacta.com.br\/blog\/hyper-v-windows-8-pro\/","url":"https:\/\/www.impacta.com.br\/blog\/hyper-v-windows-8-pro\/","name":"Hyper-V no Windows 8 Pro: como configurar?","isPartOf":{"@id":"https:\/\/www.impacta.com.br\/blog\/#website"},"primaryImageOfPage":{"@id":"https:\/\/www.impacta.com.br\/blog\/hyper-v-windows-8-pro\/#primaryimage"},"image":{"@id":"https:\/\/www.impacta.com.br\/blog\/hyper-v-windows-8-pro\/#primaryimage"},"thumbnailUrl":"https:\/\/www.impacta.com.br\/blog\/wp-content\/uploads\/2020\/04\/header42.jpg","datePublished":"2014-03-20T22:12:56+00:00","dateModified":"2021-01-05T14:16:05+00:00","author":{"@id":"https:\/\/www.impacta.com.br\/blog\/#\/schema\/person\/a8dec913f2965794a561dbd728c5ff4e"},"description":"O Hyper-V \u00e9 uma ferramenta nativa e pode ajudar muito no dia a dia do povo da TI, que ao ser instalado e mnauseado corretamente, trar\u00e1 grande sucesso.","breadcrumb":{"@id":"https:\/\/www.impacta.com.br\/blog\/hyper-v-windows-8-pro\/#breadcrumb"},"inLanguage":"pt-BR","potentialAction":[{"@type":"ReadAction","target":["https:\/\/www.impacta.com.br\/blog\/hyper-v-windows-8-pro\/"]}]},{"@type":"ImageObject","inLanguage":"pt-BR","@id":"https:\/\/www.impacta.com.br\/blog\/hyper-v-windows-8-pro\/#primaryimage","url":"https:\/\/www.impacta.com.br\/blog\/wp-content\/uploads\/2020\/04\/header42.jpg","contentUrl":"https:\/\/www.impacta.com.br\/blog\/wp-content\/uploads\/2020\/04\/header42.jpg","width":473,"height":157},{"@type":"BreadcrumbList","@id":"https:\/\/www.impacta.com.br\/blog\/hyper-v-windows-8-pro\/#breadcrumb","itemListElement":[{"@type":"ListItem","position":1,"name":"In\u00edcio","item":"https:\/\/www.impacta.com.br\/blog\/"},{"@type":"ListItem","position":2,"name":"Hyper-V no Windows 8 Pro: como configurar?"}]},{"@type":"WebSite","@id":"https:\/\/www.impacta.com.br\/blog\/#website","url":"https:\/\/www.impacta.com.br\/blog\/","name":"Blog Impacta - Dicas e Not\u00edcias sobre Carreira","description":"Dicas, Not\u00edcias e Conte\u00fados sobre Carreira, Tecnologia, Design, Gest\u00e3o e Marketing. Conhe\u00e7a e Acompanhe o Blog Impacta","potentialAction":[{"@type":"SearchAction","target":{"@type":"EntryPoint","urlTemplate":"https:\/\/www.impacta.com.br\/blog\/?s={search_term_string}"},"query-input":{"@type":"PropertyValueSpecification","valueRequired":true,"valueName":"search_term_string"}}],"inLanguage":"pt-BR"},{"@type":"Person","@id":"https:\/\/www.impacta.com.br\/blog\/#\/schema\/person\/a8dec913f2965794a561dbd728c5ff4e","name":"Eduardo Popovici","image":{"@type":"ImageObject","inLanguage":"pt-BR","@id":"https:\/\/www.impacta.com.br\/blog\/#\/schema\/person\/image\/","url":"https:\/\/secure.gravatar.com\/avatar\/ef077b6019ab232e1cdd50b9e3c687fb?s=96&d=mm&r=g","contentUrl":"https:\/\/secure.gravatar.com\/avatar\/ef077b6019ab232e1cdd50b9e3c687fb?s=96&d=mm&r=g","caption":"Eduardo Popovici"},"url":"https:\/\/www.impacta.com.br\/blog\/author\/eduardo_popovici\/"}]}},"acf":{"post_description":null,"capa_mobile":null},"_links":{"self":[{"href":"https:\/\/www.impacta.com.br\/blog\/wp-json\/wp\/v2\/posts\/2880","targetHints":{"allow":["GET"]}}],"collection":[{"href":"https:\/\/www.impacta.com.br\/blog\/wp-json\/wp\/v2\/posts"}],"about":[{"href":"https:\/\/www.impacta.com.br\/blog\/wp-json\/wp\/v2\/types\/post"}],"author":[{"embeddable":true,"href":"https:\/\/www.impacta.com.br\/blog\/wp-json\/wp\/v2\/users\/10"}],"replies":[{"embeddable":true,"href":"https:\/\/www.impacta.com.br\/blog\/wp-json\/wp\/v2\/comments?post=2880"}],"version-history":[{"count":0,"href":"https:\/\/www.impacta.com.br\/blog\/wp-json\/wp\/v2\/posts\/2880\/revisions"}],"wp:featuredmedia":[{"embeddable":true,"href":"https:\/\/www.impacta.com.br\/blog\/wp-json\/wp\/v2\/media\/17675"}],"wp:attachment":[{"href":"https:\/\/www.impacta.com.br\/blog\/wp-json\/wp\/v2\/media?parent=2880"}],"wp:term":[{"taxonomy":"category","embeddable":true,"href":"https:\/\/www.impacta.com.br\/blog\/wp-json\/wp\/v2\/categories?post=2880"},{"taxonomy":"post_tag","embeddable":true,"href":"https:\/\/www.impacta.com.br\/blog\/wp-json\/wp\/v2\/tags?post=2880"}],"curies":[{"name":"wp","href":"https:\/\/api.w.org\/{rel}","templated":true}]}}