{"id":2729,"date":"2014-02-05T18:51:56","date_gmt":"2014-02-05T21:51:56","guid":{"rendered":"http:\/\/blogimpacta.com.br\/?p=2729"},"modified":"2014-02-05T18:51:56","modified_gmt":"2014-02-05T21:51:56","slug":"10-anos-do-facebook-10-fatos-historicos-sobre-a-rede-social-mais-popular-do-mundo","status":"publish","type":"post","link":"https:\/\/www.impacta.com.br\/blog\/10-anos-do-facebook-10-fatos-historicos-sobre-a-rede-social-mais-popular-do-mundo\/","title":{"rendered":"10 anos do Facebook: fatos hist\u00f3ricos sobre essa rede!"},"content":{"rendered":"<p style=\"text-align: justify;\"><span style=\"font-size: 14pt;\">A rede social mais utilizada ao redor do mundo completou 10 anos de exist\u00eancia. Dos prim\u00f3rdios em uma universidade nos Estados Unidos \u00e0 seu computador pessoal ou plataforma m\u00f3vel, a rede criada por Mark Zuckerberg percorreu um longo caminho, repleto de iniciativas inovadoras que mudaram o modo de agir e o estilo de vida de boa parte da sociedade. <\/span><\/p>\n<p style=\"text-align: justify;\"><span style=\"font-size: 14pt;\">A seguir, selecionamos<strong> 10 pontos da hist\u00f3ria do Facebook<\/strong> que ajudam a explicar como ele se tornou uma ferramenta t\u00e3o relevante no cotidiano de tanta gente:<\/span><\/p>\n<p style=\"text-align: justify;\"><span style=\"font-size: 14pt;\"><b>\u00a0 \u00a01- O in\u00edcio das brincadeiras universit\u00e1rias<\/b><\/span><\/p>\n<p style=\"text-align: justify;\"><span style=\"font-size: 14pt;\"> O Facebook foi criado em 2004 na Universidade de Harvard por 4 alunos:<b> <\/b>Mark Zuckerberg, Dustin Moskovitz, o brasileiro Eduardo Saverin e Chris Hughes. Ele baseava-se em uma brincadeira, onde Zuckerberg postava fotos de alunos de Harvard lado a lado para que os usu\u00e1rios escolhessem a foto mais atraente. A Universidade fechou o site e quase o expulsou.<\/span><\/p>\n<p style=\"text-align: justify;\"><span style=\"font-size: 14pt;\"><b>\u00a0 \u00a02- A expans\u00e3o Campus x Campus<\/b><\/span><\/p>\n<p style=\"text-align: justify;\"><span style=\"font-size: 14pt;\">Lan\u00e7ada inicialmente como \u201c<em>thefacebook.com<\/em>\u201d, em menos de 1 dia ela tinha entre 1200 e 1500 alunos cadastrados. Em poucos meses, expandiu-se para outras universidades, como Stanford, Columbia e Yale. Em pouco mais de 1 ano, o Facebook j\u00e1 havia se expandido para a maior parte das Universidades dos EUA, al\u00e9m de algumas em outros pa\u00edses.<\/span><\/p>\n<p style=\"text-align: justify;\"><span style=\"font-size: 14pt;\"><b>\u00a0 \u00a03- O surgimento do bot\u00e3o \u201ccurtir\u201d<\/b><\/span><\/p>\n<p style=\"text-align: justify;\"><span style=\"font-size: 14pt;\">Entre 2009 e 2010 o Facebook lan\u00e7ou o bot\u00e3o \u201ccurtir\u201d, uma ferramenta que moldou comportamentos. Recentemente redesenhado e incorporado em mais de 7,5 milh\u00f5es de sites ao redor do mundo, com ele a rede social come\u00e7ou a desenvolver novo sentido. <\/span><\/p>\n<p style=\"text-align: justify;\"><span style=\"font-size: 14pt;\">Curtir fotos e status de outros usu\u00e1rios poderia ser o in\u00edcio ou a retomada de um contato, e tornou-se uma esp\u00e9cie de term\u00f4metro para a aprova\u00e7\u00e3o dos outros por seus posts e fotos.<\/span><\/p>\n<p style=\"text-align: justify;\"><span style=\"font-size: 14pt;\"> Com o tempo, diversas empresas passaram a utilizar-se das \u201ccurtidas\u201d em a\u00e7\u00f5es de marketing e seu consequente monitoramento e gest\u00e3o. Se h\u00e1 uma ferramenta que deu sentido \u00e0 exist\u00eancia do Facebook, foi o bot\u00e3o curtir.<b><\/b><\/span><\/p>\n<p style=\"text-align: justify;\"><span style=\"font-size: 14pt;\"><b>\u00a0 \u00a04- O Facebook nas telonas<\/b><\/span><\/p>\n<p style=\"text-align: justify;\"><span style=\"font-size: 14pt;\">Percebendo o expressivo crescimento do Facebook e a possibilidade de gerar <i>buzz<\/i> para atrair ainda mais aten\u00e7\u00f5es \u00e0 rede social americana, foi lan\u00e7ado em 2010 o primeiro filme sobre uma rede social. \u201c<i>The Social Network\u201d<\/i> contava com nomes conhecidos como Jesse Eisenberg e Justin Timberlake, sob dire\u00e7\u00e3o de David Fincher. <\/span><\/p>\n<p style=\"text-align: justify;\"><span style=\"font-size: 14pt;\">Sucesso de p\u00fablico e cr\u00edtica, o filme \u201cA Rede Social\u201d recebeu 8 indica\u00e7\u00f5es ao Oscar, estreou em primeiro lugar nos Estados Unidos e arrecadou mais de US$ 220 milh\u00f5es em cinemas ao redor do mundo, cumprindo o papel de trazer ainda mais usu\u00e1rios para o Facebook. Os poucos que faltavam.<b><\/b><\/span><\/p>\n<p style=\"text-align: justify;\"><span style=\"font-size: 14pt;\"><b>\u00a0 \u00a05- Rumo ao bi<\/b><\/span><\/p>\n<p style=\"text-align: justify;\"><span style=\"font-size: 14pt;\">2 anos ap\u00f3s a estreia do filme e 8 anos ap\u00f3s seu surgimento, o Facebook atingiu a marca de 1 bilh\u00e3o de usu\u00e1rios. Com uma \u201cpopula\u00e7\u00e3o\u201d superior \u00e0 de praticamente todos os pa\u00edses do globo, estar no Facebook tornou-se quase uma obrigatoriedade.<\/span><\/p>\n<p style=\"text-align: justify;\"><span style=\"font-size: 14pt;\">Mesmo em fen\u00f4menos <a title=\"Porque os jovens est\u00e3o deixando o Facebook de lado (Tech Tudo).\" href=\"https:\/\/www.techtudo.com.br\/artigos\/noticia\/2013\/03\/porque-os-jovens-estao-deixando-o-facebook-de-lado.html\" target=\"_blank\" rel=\"noopener noreferrer\">recentes de debandada de gera\u00e7\u00f5es mais jovens<\/a><i>, <\/i>ainda \u00e9 considerado \u201cestranho\u201d algu\u00e9m dizer que n\u00e3o tem Facebook. Por mais que se diga \u201cuso apenas porque meus amigos usam\u201d, \u00e9 exatamente esse o intuito do site.<\/span><\/p>\n<p style=\"text-align: justify;\"><span style=\"font-size: 14pt;\"><b>\u00a0 \u00a06- A capitaliza\u00e7\u00e3o<\/b><\/span><\/p>\n<p style=\"text-align: justify;\"><span style=\"font-size: 14pt;\">No mesmo ano em que o Facebook atingiu 1 bilh\u00e3o de usu\u00e1rios, suas a\u00e7\u00f5es foram lan\u00e7adas na bolsa de valores. Avaliada atualmente em US$ 65 bilh\u00f5es, a marca Facebook obt\u00e9m mais de 80% de sua receita em publicidade. <\/span><\/p>\n<p style=\"text-align: justify;\"><span style=\"font-size: 14pt;\">O processo \u00e9 simples: Todo mundo est\u00e1 aqui, \u00e9 barato e f\u00e1cil encontr\u00e1-los, e voc\u00ea ainda pode mensurar seus resultados com pouca dificuldade e conhecimento t\u00e9cnico. Tornou-se cada vez mais atrativo ao mercado anunciar no Facebook ou pelo menos marcar presen\u00e7a com p\u00e1ginas de suas marcas. O Facebook sabe disso, e essa tend\u00eancia n\u00e3o deve mudar t\u00e3o cedo.<b><\/b><\/span><\/p>\n<p style=\"text-align: justify;\"><span style=\"font-size: 14pt;\"><b>\u00a0 \u00a07- Mobilidade<\/b><\/span><\/p>\n<p style=\"text-align: justify;\"><span style=\"font-size: 14pt;\">Hoje respons\u00e1veis por <a title=\"Acesso Mobile j\u00e1 representa 80% das Visitas ao Facebook.\" href=\"https:\/\/abertoatedemadrugada.com\/2013\/08\/acesso-mobile-ja-representa-80-das.html\" target=\"_blank\" rel=\"noopener noreferrer\">cerca de 80%<\/a>\u00a0dos acessos \u00e0 rede social, as plataformas m\u00f3veis foram um dos maiores avan\u00e7os do Facebook no dom\u00ednio de nosso cotidiano. Com a crescente cultura de \u201cestar sempre conectado\u201d, o usu\u00e1rio passou a acrescentar cada vez mais informa\u00e7\u00f5es e dados na rede social, muitas vezes em tempo real. <\/span><\/p>\n<p style=\"text-align: justify;\"><span style=\"font-size: 14pt;\">Isso fez do Facebook mais do que uma rede de conex\u00e3o entre as pessoas, transformando-o num verdadeiro ve\u00edculo de comunica\u00e7\u00e3o e informa\u00e7\u00e3o em tempo real sobre diversos assuntos.<b><\/b><\/span><\/p>\n<p style=\"text-align: justify;\"><span style=\"font-size: 14pt;\"><b>\u00a08- Linha do tempo<\/b><\/span><\/p>\n<p style=\"text-align: justify;\"><span style=\"font-size: 14pt;\">Outra ferramenta interessante, se pararmos para pensar, \u00e9 a organiza\u00e7\u00e3o das postagens em forma de linha do tempo. Inaugurada em 2011 em fase de testes, e atingindo todos os perfis a partir do ano seguinte, com a linha do tempo suas informa\u00e7\u00f5es ficam salvas em um \u00fanico <i>scroll.<\/i><\/span><\/p>\n<p style=\"text-align: justify;\"><span style=\"font-size: 14pt;\"> Seus amigos podem conferir os livros que voc\u00ea leu, filmes que assistiu, lugares que visitou e etc, em um verdadeiro \u201c\u00e1lbum de vida\u201d. Imagine beb\u00eas e crian\u00e7as desta gera\u00e7\u00e3o que, j\u00e1 nascendo com acesso ao Facebook, poder\u00e3o publicar e eternizar cada passo de sua vida inteira em um lugar s\u00f3?<b><\/b><\/span><\/p>\n<p style=\"text-align: justify;\"><span style=\"font-size: 14pt;\"><b>\u00a0 \u00a09- Aplicativos e ferramentas em um s\u00f3 lugar<\/b><\/span><\/p>\n<p style=\"text-align: justify;\"><span style=\"font-size: 14pt;\">O Facebook, em parceria com diversas empresas de jogos e aplicativos, ou oferecendo servi\u00e7os pr\u00f3prios, foi respons\u00e1vel tamb\u00e9m pela convers\u00e3o de v\u00e1rias ferramentas que utiliz\u00e1vamos em um lugar s\u00f3. <\/span><\/p>\n<p style=\"text-align: justify;\"><span style=\"font-size: 14pt;\">Dos bate-papos como <em>MSN Messenger<\/em> aos Grupos Fechados, cada vez mais foi se tornando desnecess\u00e1rio utilizar outros sites, programas e aplicativos para realizar as atividades do cotidiano. <\/span><\/p>\n<p style=\"text-align: justify;\"><span style=\"font-size: 14pt;\">Com tudo concentrado em um lugar s\u00f3 &#8211; comunica\u00e7\u00e3o, divers\u00e3o e informa\u00e7\u00e3o &#8211; n\u00e3o s\u00f3 passamos a acessar o Facebook mais vezes, como tamb\u00e9m come\u00e7amos a permanecer logados mais tempo.<b><\/b><\/span><\/p>\n<p style=\"text-align: justify;\"><span style=\"font-size: 14pt;\"><b>\u00a0 \u00a010- Mobiliza\u00e7\u00e3o social: o gigante acordado e os <em>rolezinhos<\/em><\/b><\/span><\/p>\n<p style=\"text-align: justify;\"><span style=\"font-size: 14pt;\">Somando tudo o que abordamos acima, hoje em dia todos est\u00e3o no Facebook, acessando-o a qualquer hora, em qualquer lugar, por bastante tempo. \u00c9 poss\u00edvel se informar, comunicar e divertir com centenas, milhares de pessoas em um lugar s\u00f3.<\/span><\/p>\n<p style=\"text-align: justify;\"><span style=\"font-size: 14pt;\"> Em tempos de inclus\u00e3o social e crescente acesso \u00e0 informa\u00e7\u00e3o, o Facebook sintetizou tudo isso em uma nova \u201cfuncionalidade\u201d: a mobiliza\u00e7\u00e3o social. <\/span><\/p>\n<p style=\"text-align: justify;\"><span style=\"font-size: 14pt;\">A dissemina\u00e7\u00e3o de ideologias e eventos com milh\u00f5es de confirmados chegaram a assustar at\u00e9 mesmo os governantes, com consequ\u00eancias pol\u00edticas, qui\u00e7\u00e1 hist\u00f3ricas, indiscutivelmente surgidas no Facebook. Aonde essa bola de neve vai parar, \u00e9 imposs\u00edvel saber. <b><\/b><\/span><\/p>\n<p style=\"text-align: justify;\"><span style=\"font-size: 14pt;\">Fato \u00e9 que, ap\u00f3s 10 anos de seu surgimento, o Facebook coleciona momentos marcantes na vida de todos os seus usu\u00e1rios, e demonstra ter g\u00e1s para seguir por outros 10, 20, 30 anos. \u00c9 imposs\u00edvel prever o futuro, mas a rede social de Zuckerberg segue se reinventando dia ap\u00f3s\u00a0dia para acompanh\u00e1-lo (e dit\u00e1-lo) como ningu\u00e9m. Por essas e outras, fica nosso<strong> parab\u00e9ns!<\/strong><\/span><\/p>\n<p style=\"text-align: justify;\"><span style=\"font-size: 14pt;\">Curtiu o post? Deixe seu coment\u00e1rio nos contando se voc\u00ea j\u00e1 conhecia esses pontos sobre a hist\u00f3ria do Facebook e se ele \u00e9 sua Rede Social Digital que mais \u00e9 usada!<\/span><\/p>\n<div class=\"sharing-default-minimal post-bottom\"><div class=\"nectar-social default\" data-position=\"\" data-rm-love=\"0\" data-color-override=\"override\"><div class=\"nectar-social-inner\"><a href=\"#\" class=\"nectar-love\" id=\"nectar-love-2729\" title=\"Love this\"> <i class=\"icon-salient-heart-2\"><\/i><span class=\"love-text\">Love<\/span><span class=\"total_loves\"><span class=\"nectar-love-count\">0<\/span><\/span><\/a><a class='facebook-share nectar-sharing' href='#' title='Share this'> <i class='fa fa-facebook'><\/i> <span class='social-text'>Share<\/span> <\/a><a class='twitter-share nectar-sharing' href='#' title='Share this'> <i class='fa icon-salient-x-twitter'><\/i> <span class='social-text'>Share<\/span> <\/a><a class='linkedin-share nectar-sharing' href='#' title='Share this'> <i class='fa fa-linkedin'><\/i> <span class='social-text'>Share<\/span> <\/a><a class='pinterest-share nectar-sharing' href='#' title='Pin this'> <i class='fa fa-pinterest'><\/i> <span class='social-text'>Pin<\/span> <\/a><\/div><\/div><\/div>","protected":false},"excerpt":{"rendered":"<p>A rede social mais utilizada ao redor do mundo completou 10 anos de exist\u00eancia. Dos prim\u00f3rdios em uma universidade nos Estados Unidos \u00e0 seu computador pessoal ou plataforma m\u00f3vel, a rede criada por Mark Zuckerberg percorreu um longo caminho, repleto de iniciativas inovadoras que mudaram o modo de agir e o estilo de vida de boa parte da sociedade. A seguir, selecionamos 10 pontos da hist\u00f3ria do Facebook que ajudam a explicar como ele se tornou uma ferramenta t\u00e3o relevante no cotidiano de tanta gente.<\/p>\n","protected":false},"author":2,"featured_media":17654,"comment_status":"open","ping_status":"open","sticky":false,"template":"","format":"standard","meta":{"footnotes":""},"categories":[62],"tags":[198],"class_list":["post-2729","post","type-post","status-publish","format-standard","has-post-thumbnail","hentry","category-marketing-digital","tag-facebook"],"yoast_head":"<!-- This site is optimized with the Yoast SEO plugin v25.1 - https:\/\/yoast.com\/wordpress\/plugins\/seo\/ -->\r\n<title>10 anos do Facebook: fatos hist\u00f3ricos sobre essa rede!<\/title>\r\n<meta name=\"description\" content=\"Nos dias de hoje, \u00e9 quase imposs\u00edvel achar algu\u00e9m que n\u00e3o tenha uma conta no Facebook, mas ele tem muita hist\u00f3ria para contar sobre sua cria\u00e7\u00e3o.\" \/>\r\n<meta name=\"robots\" content=\"index, follow, max-snippet:-1, max-image-preview:large, max-video-preview:-1\" \/>\r\n<link rel=\"canonical\" href=\"https:\/\/www.impacta.com.br\/blog\/10-anos-do-facebook-10-fatos-historicos-sobre-a-rede-social-mais-popular-do-mundo\/\" \/>\r\n<meta property=\"og:locale\" content=\"pt_BR\" \/>\r\n<meta property=\"og:type\" content=\"article\" \/>\r\n<meta property=\"og:title\" content=\"10 anos do Facebook: fatos hist\u00f3ricos sobre essa rede!\" \/>\r\n<meta property=\"og:description\" content=\"Nos dias de hoje, \u00e9 quase imposs\u00edvel achar algu\u00e9m que n\u00e3o tenha uma conta no Facebook, mas ele tem muita hist\u00f3ria para contar sobre sua cria\u00e7\u00e3o.\" \/>\r\n<meta property=\"og:url\" content=\"https:\/\/www.impacta.com.br\/blog\/10-anos-do-facebook-10-fatos-historicos-sobre-a-rede-social-mais-popular-do-mundo\/\" \/>\r\n<meta property=\"og:site_name\" content=\"Blog Impacta - Dicas e Not\u00edcias sobre Carreira\" \/>\r\n<meta property=\"article:published_time\" content=\"2014-02-05T21:51:56+00:00\" \/>\r\n<meta property=\"og:image\" content=\"https:\/\/www.impacta.com.br\/blog\/wp-content\/uploads\/2020\/04\/face2.jpg\" \/>\r\n\t<meta property=\"og:image:width\" content=\"473\" \/>\r\n\t<meta property=\"og:image:height\" content=\"157\" \/>\r\n\t<meta property=\"og:image:type\" content=\"image\/jpeg\" \/>\r\n<meta name=\"author\" content=\"Reda\u00e7\u00e3o Impacta\" \/>\r\n<meta name=\"twitter:card\" content=\"summary_large_image\" \/>\r\n<meta name=\"twitter:label1\" content=\"Written by\" \/>\n\t<meta name=\"twitter:data1\" content=\"Reda\u00e7\u00e3o Impacta\" \/>\n\t<meta name=\"twitter:label2\" content=\"Est. reading time\" \/>\n\t<meta name=\"twitter:data2\" content=\"6 minutos\" \/>\r\n<script type=\"application\/ld+json\" class=\"yoast-schema-graph\">{\"@context\":\"https:\/\/schema.org\",\"@graph\":[{\"@type\":\"WebPage\",\"@id\":\"https:\/\/www.impacta.com.br\/blog\/10-anos-do-facebook-10-fatos-historicos-sobre-a-rede-social-mais-popular-do-mundo\/\",\"url\":\"https:\/\/www.impacta.com.br\/blog\/10-anos-do-facebook-10-fatos-historicos-sobre-a-rede-social-mais-popular-do-mundo\/\",\"name\":\"10 anos do Facebook: fatos hist\u00f3ricos sobre essa rede!\",\"isPartOf\":{\"@id\":\"https:\/\/www.impacta.com.br\/blog\/#website\"},\"primaryImageOfPage\":{\"@id\":\"https:\/\/www.impacta.com.br\/blog\/10-anos-do-facebook-10-fatos-historicos-sobre-a-rede-social-mais-popular-do-mundo\/#primaryimage\"},\"image\":{\"@id\":\"https:\/\/www.impacta.com.br\/blog\/10-anos-do-facebook-10-fatos-historicos-sobre-a-rede-social-mais-popular-do-mundo\/#primaryimage\"},\"thumbnailUrl\":\"https:\/\/www.impacta.com.br\/blog\/wp-content\/uploads\/2020\/04\/face2.jpg\",\"datePublished\":\"2014-02-05T21:51:56+00:00\",\"author\":{\"@id\":\"https:\/\/www.impacta.com.br\/blog\/#\/schema\/person\/2e0896bac7656da15b68f5ad2ddd0d8c\"},\"description\":\"Nos dias de hoje, \u00e9 quase imposs\u00edvel achar algu\u00e9m que n\u00e3o tenha uma conta no Facebook, mas ele tem muita hist\u00f3ria para contar sobre sua cria\u00e7\u00e3o.\",\"breadcrumb\":{\"@id\":\"https:\/\/www.impacta.com.br\/blog\/10-anos-do-facebook-10-fatos-historicos-sobre-a-rede-social-mais-popular-do-mundo\/#breadcrumb\"},\"inLanguage\":\"pt-BR\",\"potentialAction\":[{\"@type\":\"ReadAction\",\"target\":[\"https:\/\/www.impacta.com.br\/blog\/10-anos-do-facebook-10-fatos-historicos-sobre-a-rede-social-mais-popular-do-mundo\/\"]}]},{\"@type\":\"ImageObject\",\"inLanguage\":\"pt-BR\",\"@id\":\"https:\/\/www.impacta.com.br\/blog\/10-anos-do-facebook-10-fatos-historicos-sobre-a-rede-social-mais-popular-do-mundo\/#primaryimage\",\"url\":\"https:\/\/www.impacta.com.br\/blog\/wp-content\/uploads\/2020\/04\/face2.jpg\",\"contentUrl\":\"https:\/\/www.impacta.com.br\/blog\/wp-content\/uploads\/2020\/04\/face2.jpg\",\"width\":473,\"height\":157},{\"@type\":\"BreadcrumbList\",\"@id\":\"https:\/\/www.impacta.com.br\/blog\/10-anos-do-facebook-10-fatos-historicos-sobre-a-rede-social-mais-popular-do-mundo\/#breadcrumb\",\"itemListElement\":[{\"@type\":\"ListItem\",\"position\":1,\"name\":\"In\u00edcio\",\"item\":\"https:\/\/www.impacta.com.br\/blog\/\"},{\"@type\":\"ListItem\",\"position\":2,\"name\":\"10 anos do Facebook: fatos hist\u00f3ricos sobre essa rede!\"}]},{\"@type\":\"WebSite\",\"@id\":\"https:\/\/www.impacta.com.br\/blog\/#website\",\"url\":\"https:\/\/www.impacta.com.br\/blog\/\",\"name\":\"Blog Impacta - Dicas e Not\u00edcias sobre Carreira\",\"description\":\"Dicas, Not\u00edcias e Conte\u00fados sobre Carreira, Tecnologia, Design, Gest\u00e3o e Marketing. Conhe\u00e7a e Acompanhe o Blog Impacta\",\"potentialAction\":[{\"@type\":\"SearchAction\",\"target\":{\"@type\":\"EntryPoint\",\"urlTemplate\":\"https:\/\/www.impacta.com.br\/blog\/?s={search_term_string}\"},\"query-input\":{\"@type\":\"PropertyValueSpecification\",\"valueRequired\":true,\"valueName\":\"search_term_string\"}}],\"inLanguage\":\"pt-BR\"},{\"@type\":\"Person\",\"@id\":\"https:\/\/www.impacta.com.br\/blog\/#\/schema\/person\/2e0896bac7656da15b68f5ad2ddd0d8c\",\"name\":\"Reda\u00e7\u00e3o Impacta\",\"image\":{\"@type\":\"ImageObject\",\"inLanguage\":\"pt-BR\",\"@id\":\"https:\/\/www.impacta.com.br\/blog\/#\/schema\/person\/image\/\",\"url\":\"https:\/\/secure.gravatar.com\/avatar\/7443a59e479c8f31067628e3a4bed9ad?s=96&d=mm&r=g\",\"contentUrl\":\"https:\/\/secure.gravatar.com\/avatar\/7443a59e479c8f31067628e3a4bed9ad?s=96&d=mm&r=g\",\"caption\":\"Reda\u00e7\u00e3o Impacta\"},\"url\":\"https:\/\/www.impacta.com.br\/blog\/author\/redacao\/\"}]}<\/script>\r\n<!-- \/ Yoast SEO plugin. -->","yoast_head_json":{"title":"10 anos do Facebook: fatos hist\u00f3ricos sobre essa rede!","description":"Nos dias de hoje, \u00e9 quase imposs\u00edvel achar algu\u00e9m que n\u00e3o tenha uma conta no Facebook, mas ele tem muita hist\u00f3ria para contar sobre sua cria\u00e7\u00e3o.","robots":{"index":"index","follow":"follow","max-snippet":"max-snippet:-1","max-image-preview":"max-image-preview:large","max-video-preview":"max-video-preview:-1"},"canonical":"https:\/\/www.impacta.com.br\/blog\/10-anos-do-facebook-10-fatos-historicos-sobre-a-rede-social-mais-popular-do-mundo\/","og_locale":"pt_BR","og_type":"article","og_title":"10 anos do Facebook: fatos hist\u00f3ricos sobre essa rede!","og_description":"Nos dias de hoje, \u00e9 quase imposs\u00edvel achar algu\u00e9m que n\u00e3o tenha uma conta no Facebook, mas ele tem muita hist\u00f3ria para contar sobre sua cria\u00e7\u00e3o.","og_url":"https:\/\/www.impacta.com.br\/blog\/10-anos-do-facebook-10-fatos-historicos-sobre-a-rede-social-mais-popular-do-mundo\/","og_site_name":"Blog Impacta - Dicas e Not\u00edcias sobre Carreira","article_published_time":"2014-02-05T21:51:56+00:00","og_image":[{"width":473,"height":157,"url":"https:\/\/www.impacta.com.br\/blog\/wp-content\/uploads\/2020\/04\/face2.jpg","type":"image\/jpeg"}],"author":"Reda\u00e7\u00e3o Impacta","twitter_card":"summary_large_image","twitter_misc":{"Written by":"Reda\u00e7\u00e3o Impacta","Est. reading time":"6 minutos"},"schema":{"@context":"https:\/\/schema.org","@graph":[{"@type":"WebPage","@id":"https:\/\/www.impacta.com.br\/blog\/10-anos-do-facebook-10-fatos-historicos-sobre-a-rede-social-mais-popular-do-mundo\/","url":"https:\/\/www.impacta.com.br\/blog\/10-anos-do-facebook-10-fatos-historicos-sobre-a-rede-social-mais-popular-do-mundo\/","name":"10 anos do Facebook: fatos hist\u00f3ricos sobre essa rede!","isPartOf":{"@id":"https:\/\/www.impacta.com.br\/blog\/#website"},"primaryImageOfPage":{"@id":"https:\/\/www.impacta.com.br\/blog\/10-anos-do-facebook-10-fatos-historicos-sobre-a-rede-social-mais-popular-do-mundo\/#primaryimage"},"image":{"@id":"https:\/\/www.impacta.com.br\/blog\/10-anos-do-facebook-10-fatos-historicos-sobre-a-rede-social-mais-popular-do-mundo\/#primaryimage"},"thumbnailUrl":"https:\/\/www.impacta.com.br\/blog\/wp-content\/uploads\/2020\/04\/face2.jpg","datePublished":"2014-02-05T21:51:56+00:00","author":{"@id":"https:\/\/www.impacta.com.br\/blog\/#\/schema\/person\/2e0896bac7656da15b68f5ad2ddd0d8c"},"description":"Nos dias de hoje, \u00e9 quase imposs\u00edvel achar algu\u00e9m que n\u00e3o tenha uma conta no Facebook, mas ele tem muita hist\u00f3ria para contar sobre sua cria\u00e7\u00e3o.","breadcrumb":{"@id":"https:\/\/www.impacta.com.br\/blog\/10-anos-do-facebook-10-fatos-historicos-sobre-a-rede-social-mais-popular-do-mundo\/#breadcrumb"},"inLanguage":"pt-BR","potentialAction":[{"@type":"ReadAction","target":["https:\/\/www.impacta.com.br\/blog\/10-anos-do-facebook-10-fatos-historicos-sobre-a-rede-social-mais-popular-do-mundo\/"]}]},{"@type":"ImageObject","inLanguage":"pt-BR","@id":"https:\/\/www.impacta.com.br\/blog\/10-anos-do-facebook-10-fatos-historicos-sobre-a-rede-social-mais-popular-do-mundo\/#primaryimage","url":"https:\/\/www.impacta.com.br\/blog\/wp-content\/uploads\/2020\/04\/face2.jpg","contentUrl":"https:\/\/www.impacta.com.br\/blog\/wp-content\/uploads\/2020\/04\/face2.jpg","width":473,"height":157},{"@type":"BreadcrumbList","@id":"https:\/\/www.impacta.com.br\/blog\/10-anos-do-facebook-10-fatos-historicos-sobre-a-rede-social-mais-popular-do-mundo\/#breadcrumb","itemListElement":[{"@type":"ListItem","position":1,"name":"In\u00edcio","item":"https:\/\/www.impacta.com.br\/blog\/"},{"@type":"ListItem","position":2,"name":"10 anos do Facebook: fatos hist\u00f3ricos sobre essa rede!"}]},{"@type":"WebSite","@id":"https:\/\/www.impacta.com.br\/blog\/#website","url":"https:\/\/www.impacta.com.br\/blog\/","name":"Blog Impacta - Dicas e Not\u00edcias sobre Carreira","description":"Dicas, Not\u00edcias e Conte\u00fados sobre Carreira, Tecnologia, Design, Gest\u00e3o e Marketing. Conhe\u00e7a e Acompanhe o Blog Impacta","potentialAction":[{"@type":"SearchAction","target":{"@type":"EntryPoint","urlTemplate":"https:\/\/www.impacta.com.br\/blog\/?s={search_term_string}"},"query-input":{"@type":"PropertyValueSpecification","valueRequired":true,"valueName":"search_term_string"}}],"inLanguage":"pt-BR"},{"@type":"Person","@id":"https:\/\/www.impacta.com.br\/blog\/#\/schema\/person\/2e0896bac7656da15b68f5ad2ddd0d8c","name":"Reda\u00e7\u00e3o Impacta","image":{"@type":"ImageObject","inLanguage":"pt-BR","@id":"https:\/\/www.impacta.com.br\/blog\/#\/schema\/person\/image\/","url":"https:\/\/secure.gravatar.com\/avatar\/7443a59e479c8f31067628e3a4bed9ad?s=96&d=mm&r=g","contentUrl":"https:\/\/secure.gravatar.com\/avatar\/7443a59e479c8f31067628e3a4bed9ad?s=96&d=mm&r=g","caption":"Reda\u00e7\u00e3o Impacta"},"url":"https:\/\/www.impacta.com.br\/blog\/author\/redacao\/"}]}},"acf":{"post_description":null,"capa_mobile":null},"_links":{"self":[{"href":"https:\/\/www.impacta.com.br\/blog\/wp-json\/wp\/v2\/posts\/2729","targetHints":{"allow":["GET"]}}],"collection":[{"href":"https:\/\/www.impacta.com.br\/blog\/wp-json\/wp\/v2\/posts"}],"about":[{"href":"https:\/\/www.impacta.com.br\/blog\/wp-json\/wp\/v2\/types\/post"}],"author":[{"embeddable":true,"href":"https:\/\/www.impacta.com.br\/blog\/wp-json\/wp\/v2\/users\/2"}],"replies":[{"embeddable":true,"href":"https:\/\/www.impacta.com.br\/blog\/wp-json\/wp\/v2\/comments?post=2729"}],"version-history":[{"count":0,"href":"https:\/\/www.impacta.com.br\/blog\/wp-json\/wp\/v2\/posts\/2729\/revisions"}],"wp:featuredmedia":[{"embeddable":true,"href":"https:\/\/www.impacta.com.br\/blog\/wp-json\/wp\/v2\/media\/17654"}],"wp:attachment":[{"href":"https:\/\/www.impacta.com.br\/blog\/wp-json\/wp\/v2\/media?parent=2729"}],"wp:term":[{"taxonomy":"category","embeddable":true,"href":"https:\/\/www.impacta.com.br\/blog\/wp-json\/wp\/v2\/categories?post=2729"},{"taxonomy":"post_tag","embeddable":true,"href":"https:\/\/www.impacta.com.br\/blog\/wp-json\/wp\/v2\/tags?post=2729"}],"curies":[{"name":"wp","href":"https:\/\/api.w.org\/{rel}","templated":true}]}}