{"id":2718,"date":"2019-06-18T17:16:59","date_gmt":"2019-06-18T20:16:59","guid":{"rendered":"https:\/\/www.impacta.edu.br\/blog\/como-alcancar-as-qualidades-profissionais-que-as-empresas-buscam\/"},"modified":"2019-06-18T17:16:59","modified_gmt":"2019-06-18T20:16:59","slug":"como-alcancar-as-qualidades-profissionais-que-as-empresas-buscam","status":"publish","type":"post","link":"https:\/\/www.impacta.com.br\/blog\/como-alcancar-as-qualidades-profissionais-que-as-empresas-buscam\/","title":{"rendered":"Como alcan\u00e7ar as qualidades profissionais que as empresas buscam"},"content":{"rendered":"<p>O mercado est\u00e1 cada vez mais competitivo, com v\u00e1rios candidatos qualificados disputando poucas vagas. Por conta disso, \u00e9 preciso buscar, constantemente,\u00a0mais conhecimento e especializa\u00e7\u00f5es. Afinal, somente com a\u00e7\u00f5es como essas \u00e9 poss\u00edvel alcan\u00e7ar as qualidades profissionais de que as empresas necessitam.<br \/>\nNesse contexto, \u00e9 fundamental encontrar maneiras de se tornar um profissional melhor, seja para obter melhores cargos e valoriza\u00e7\u00e3o financeira, seja para o <a href=\"https:\/\/www.impacta.edu.br\/blog\/desenvolvimento-de-carreira-como-crescer-no-mercado-de-trabalho\/\" target=\"_blank\" rel=\"noopener noreferrer\">desenvolvimento da sua carreira<\/a>.\u00a0Al\u00e9m da evolu\u00e7\u00e3o no trabalho, voc\u00ea tamb\u00e9m tem a chance de\u00a0crescer pessoalmente.<br \/>\nQue tal, ent\u00e3o, entender o que voc\u00ea precisa fazer para oferecer as qualidades profissionais necess\u00e1rias e ganhar espa\u00e7o em um mercado t\u00e3o concorrido? Neste artigo, vamos mostrar quais as vantagens e a import\u00e2ncia da busca por mais conhecimento e, \u00e9 claro, como fazer isso na pr\u00e1tica. Continue a leitura para saber mais!<\/p>\n<h2>Qual a import\u00e2ncia da busca pelo conhecimento?<\/h2>\n<p>A transforma\u00e7\u00e3o digital, a globaliza\u00e7\u00e3o e o avan\u00e7o das ferramentas tecnol\u00f3gicas modificaram a forma como a nossa sociedade se comporta e, consequentemente, as exig\u00eancias para que um profissional se destaque. Hoje, n\u00e3o basta conhecer apenas uma fun\u00e7\u00e3o e achar que ela n\u00e3o vai sofrer altera\u00e7\u00f5es\u00a0nos pr\u00f3ximos anos.<br \/>\nUma ferramenta considerada revolucion\u00e1ria agora pode ser apontada como defasada em poucos anos. Portanto, \u00e9 fundamental expandir os seus conhecimentos e\u00a0constantemente\u00a0buscar novas qualidades profissionais que permitam a voc\u00ea\u00a0mais chances de superar os <a href=\"https:\/\/www.impacta.edu.br\/blog\/como-driblar-os-desafios-do-mercado-de-trabalho-descubra\/\" target=\"_blank\" rel=\"noopener noreferrer\">desafios do mercado de trabalho<\/a>.<br \/>\nConhecer diferentes ferramentas, solu\u00e7\u00f5es e tend\u00eancias tamb\u00e9m \u00e9 outra caracter\u00edstica importante para as empresas em busca de novos profissionais. Portanto, informar-se sobre as principais novidades do mercado \u00e9 fundamental, especialmente por t\u00e9cnicas e estrat\u00e9gias que podem tornar o trabalho mais produtivo.<br \/>\nCaso voc\u00ea trabalhe com <a href=\"https:\/\/www.impacta.edu.br\/graduacoes\/administracao\" target=\"_blank\" rel=\"noopener noreferrer\">Administra\u00e7\u00e3o<\/a>, por exemplo, o que voc\u00ea aprendeu na faculdade j\u00e1 <a href=\"https:\/\/www.impacta.edu.br\/blog\/por-que-somente-o-meu-diploma-de-faculdade-nao-e-suficiente\/\" target=\"_blank\" rel=\"noopener noreferrer\">n\u00e3o \u00e9 o suficiente<\/a>. Nesse caso, um curso como o de <a href=\"https:\/\/www.impacta.edu.br\/mba\/gestao-agil-de-projetos\" target=\"_blank\" rel=\"noopener noreferrer\">Gest\u00e3o \u00c1gil de Projetos<\/a>\u00a0permite que voc\u00ea alie os conhecimentos aprendidos na <a href=\"https:\/\/www.impacta.edu.br\/graduacao\" target=\"_blank\" rel=\"noopener noreferrer\">gradua\u00e7\u00e3o<\/a> com novos conceitos e um mindset voltado para a transforma\u00e7\u00e3o digital.<\/p>\n<h2>Qual a vantagem de se tornar um profissional especializado?<\/h2>\n<p>Para alcan\u00e7ar o <a href=\"https:\/\/www.impacta.edu.br\/blog\/sucesso-profissional-descubra-agora-se-voce-esta-no-caminho-certo\/\" target=\"_blank\" rel=\"noopener noreferrer\">sucesso profissional<\/a>, as especializa\u00e7\u00f5es\u00a0tornam-se uma excelente maneira de conquistar mais conhecimento, preparar-se para desafios e desenvolver-se como pessoa. Com um <a href=\"https:\/\/www.impacta.edu.br\/pos-e-mba\" target=\"_blank\" rel=\"noopener noreferrer\">MBA ou mesmo uma p\u00f3s-gradua\u00e7\u00e3o<\/a>, voc\u00ea pode complementar o que foi aprendido na gradua\u00e7\u00e3o.<br \/>\nA principal vantagem ao se tornar um profissional especializado \u00e9 saber exercer determinado trabalho ou fun\u00e7\u00e3o adequadamente. Com tantas ferramentas e diferentes tend\u00eancias, o mercado busca por quem est\u00e1 disposto a melhorar e realizar o mesmo trabalho de maneira produtiva.<br \/>\nUma p\u00f3s-gradua\u00e7\u00e3o, por exemplo, oferece outro benef\u00edcio para quem busca um maior reconhecimento profissional: a valoriza\u00e7\u00e3o financeira. Alguns <a href=\"https:\/\/www1.folha.uol.com.br\/educacao\/2018\/01\/1953315-pos-graduacao-alavanca-carreira-e-ajuda-profissional-a-ganhar-mais.shtml\" target=\"_blank\" rel=\"noopener noreferrer\">dados<\/a> mostram que a m\u00e9dia salarial de quem concluiu uma p\u00f3s tem uma m\u00e9dia salarial de R$10 mil, enquanto uma gradua\u00e7\u00e3o oferece um sal\u00e1rio, em m\u00e9dia, na casa dos R$6 mil.<br \/>\nOutras vantagens para quem faz uma especializa\u00e7\u00e3o \u00e9 o <a href=\"https:\/\/www.impacta.edu.br\/blog\/entenda-a-importancia-do-networking-para-sua-carreira-2\/\" target=\"_blank\" rel=\"noopener noreferrer\">networking<\/a>, ou seja, a oportunidade de conhecer profissionais de diferentes \u00e1reas. Al\u00e9m de expandir suas chances de conseguir novos empregos, \u00e9 uma \u00f3tima maneira de aprender\u00a0conceitos e adquirir uma vis\u00e3o diferente da que est\u00e1 acostumado.<\/p>\n<h2>Quais os passos para alcan\u00e7ar as qualidades profissionais necess\u00e1rias?<\/h2>\n<p>Agora que voc\u00ea j\u00e1 entendeu qual \u00e9 a import\u00e2ncia da busca constante por aprendizado e como uma especializa\u00e7\u00e3o pode ser fundamental para que voc\u00ea se destaque no mercado de trabalho, que tal saber o que fazer na pr\u00e1tica? Para isso, listamos algumas das qualidades profissionais necess\u00e1rias para alcan\u00e7ar o sucesso. Confira!<\/p>\n<h3>Seja proativo e criativo<\/h3>\n<p>O engajamento nos projetos e processos \u00e9 fundamental para que a empresa confie no seu trabalho. Portanto, ser proativo \u00e9 uma caracter\u00edstica necess\u00e1ria para se destacar. Com isso em mente, tome a iniciativa, busque participar de novos projetos, aceite diferentes desafios e, sobretudo, fa\u00e7a um bom trabalho.<br \/>\nAl\u00e9m disso, tente juntar a proatividade com a criatividade: encontre diferentes solu\u00e7\u00f5es para resolver um problema ou\u00a0maneiras de realizar um mesmo trabalho utilizando menos tempo e\/ou recursos, por exemplo. Esses dois fatores podem colocar voc\u00ea em destaque rapidamente.<\/p>\n<h3>Tenha esp\u00edrito de equipe<\/h3>\n<p>Todas as pessoas devem se preocupar com o desenvolvimento da sua pr\u00f3pria carreira. Por\u00e9m, \u00e9 preciso ter consci\u00eancia de que o trabalho deve ser feito em equipe. Ou seja, conte com a ajuda de outros funcion\u00e1rios para que o trabalho final seja o melhor poss\u00edvel. Compartilhe d\u00favidas e ideias para que, assim, possa alcan\u00e7ar resultados mais satisfat\u00f3rios.<br \/>\nN\u00e3o tenha vergonha de pedir ajuda e saiba respeitar a opini\u00e3o de outras pessoas que fazem parte de um projeto, por exemplo. Lidar com ideias diferentes das suas \u00e9 uma das qualidades profissionais necess\u00e1rias para conseguir exercer fun\u00e7\u00f5es de lideran\u00e7a e ger\u00eancia, inclusive.<\/p>\n<h3>Saiba se adaptar aos cen\u00e1rios de dificuldade<\/h3>\n<p>O ambiente corporativo pode gerar muita press\u00e3o em algumas situa\u00e7\u00f5es e, por isso, \u00e9 importante saber lidar com a exig\u00eancia de realizar um trabalho eficiente. Em alguns casos, voc\u00ea n\u00e3o vai ter o tempo ou os recursos necess\u00e1rios e, mesmo assim, ser\u00e1 preciso fazer o m\u00e1ximo para realizar o seu trabalho.<br \/>\nOu seja, \u00e9 preciso adaptar-se e conseguir transformar situa\u00e7\u00f5es desfavor\u00e1veis em oportunidades para encontrar diferentes solu\u00e7\u00f5es \u2014 e, \u00e9 claro, para o seu crescimento profissional.<\/p>\n<h3>Busque cursos de especializa\u00e7\u00e3o<\/h3>\n<p>O aprendizado no dia a dia do trabalho \u00e9 v\u00e1lido e faz com que voc\u00ea melhore, mas n\u00e3o \u00e9 o suficiente diante da concorr\u00eancia. Portanto, busque por especializa\u00e7\u00f5es, desde um <a href=\"https:\/\/www.impacta.com.br\/blog\/2019\/06\/07\/qual-a-importancia-de-apostar-em-cursos-livres-na-minha-carreira\/\" target=\"_blank\" rel=\"noopener noreferrer\">curso livre<\/a> at\u00e9 uma p\u00f3s-gradua\u00e7\u00e3o ou um MBA, mas tente se tornar um melhor profissional sempre.<br \/>\nAtualmente, as empresas querem profissionais que\u00a0est\u00e3o sempre em busca de novos conhecimentos \u2014 seja para utilizar melhor uma ferramenta, seja para aprender diferentes conceitos te\u00f3ricos que podem ser \u00fateis no trabalho.<br \/>\nFica claro, portanto, como as qualidades profissionais pesam cada vez mais para que voc\u00ea consiga desenvolver uma carreira de sucesso. Seja para conquistar um simples aumento salarial, seja para conseguir uma <a href=\"https:\/\/www.impacta.edu.br\/blog\/quer-ser-promovido-no-trabalho-veja-o-que-falta-para-voce\/\" target=\"_blank\" rel=\"noopener noreferrer\">promo\u00e7\u00e3o dentro da sua empresa<\/a>, a especializa\u00e7\u00e3o pode ser uma excelente alternativa para o seu futuro profissional.<br \/>\nPara aprimorar os seus conhecimentos e melhorar suas qualidades profissionais, \u00e9 preciso contar com um parceiro com uma metodologia que possa direcionar o seu aprendizado, certo? Ent\u00e3o que tal <a href=\"https:\/\/www.impacta.edu.br\/contato\" target=\"_blank\" rel=\"noopener noreferrer\">entrar em contato conosco<\/a>, conhecer melhor os nossos cursos e o que podemos fazer para que voc\u00ea desenvolva a sua carreira?<\/p>\n<div class=\"sharing-default-minimal post-bottom\"><div class=\"nectar-social default\" data-position=\"\" data-rm-love=\"0\" data-color-override=\"override\"><div class=\"nectar-social-inner\"><a href=\"#\" class=\"nectar-love\" id=\"nectar-love-2718\" title=\"Love this\"> <i class=\"icon-salient-heart-2\"><\/i><span class=\"love-text\">Love<\/span><span class=\"total_loves\"><span class=\"nectar-love-count\">0<\/span><\/span><\/a><a class='facebook-share nectar-sharing' href='#' title='Share this'> <i class='fa fa-facebook'><\/i> <span class='social-text'>Share<\/span> <\/a><a class='twitter-share nectar-sharing' href='#' title='Share this'> <i class='fa icon-salient-x-twitter'><\/i> <span class='social-text'>Share<\/span> <\/a><a class='linkedin-share nectar-sharing' href='#' title='Share this'> <i class='fa fa-linkedin'><\/i> <span class='social-text'>Share<\/span> <\/a><a class='pinterest-share nectar-sharing' href='#' title='Pin this'> <i class='fa fa-pinterest'><\/i> <span class='social-text'>Pin<\/span> <\/a><\/div><\/div><\/div>","protected":false},"excerpt":{"rendered":"<p>O mercado est\u00e1 cada vez mais competitivo, com v\u00e1rios candidatos qualificados disputando poucas vagas. Por conta disso, \u00e9 preciso buscar, constantemente,\u00a0mais conhecimento e especializa\u00e7\u00f5es. Afinal, somente com a\u00e7\u00f5es como essas \u00e9 poss\u00edvel alcan\u00e7ar as qualidades profissionais de que as empresas necessitam. Nesse contexto, \u00e9 fundamental encontrar maneiras de se tornar um profissional melhor, seja para [&hellip;]<\/p>\n","protected":false},"author":57,"featured_media":17953,"comment_status":"open","ping_status":"open","sticky":false,"template":"","format":"standard","meta":{"footnotes":""},"categories":[13],"tags":[],"class_list":["post-2718","post","type-post","status-publish","format-standard","has-post-thumbnail","hentry","category-carreira"],"yoast_head":"<!-- This site is optimized with the Yoast SEO plugin v25.1 - https:\/\/yoast.com\/wordpress\/plugins\/seo\/ -->\r\n<title>Como alcan\u00e7ar as qualidades profissionais que as empresas buscam<\/title>\r\n<meta name=\"description\" content=\"O que as empresas modernas mais procuram na hora da contrata\u00e7\u00e3o? Levantamos as qualidades profissionais mais buscadas por elas e mostramos para voc\u00ea nesse artigo. Confira e saiba como se preparar para ser procurado no mercado.\" \/>\r\n<meta name=\"robots\" content=\"index, follow, max-snippet:-1, max-image-preview:large, max-video-preview:-1\" \/>\r\n<link rel=\"canonical\" href=\"https:\/\/www.impacta.com.br\/blog\/como-alcancar-as-qualidades-profissionais-que-as-empresas-buscam\/\" \/>\r\n<meta property=\"og:locale\" content=\"pt_BR\" \/>\r\n<meta property=\"og:type\" content=\"article\" \/>\r\n<meta property=\"og:title\" content=\"Como alcan\u00e7ar as qualidades profissionais que as empresas buscam\" \/>\r\n<meta property=\"og:description\" content=\"O que as empresas modernas mais procuram na hora da contrata\u00e7\u00e3o? Levantamos as qualidades profissionais mais buscadas por elas e mostramos para voc\u00ea nesse artigo. Confira e saiba como se preparar para ser procurado no mercado.\" \/>\r\n<meta property=\"og:url\" content=\"https:\/\/www.impacta.com.br\/blog\/como-alcancar-as-qualidades-profissionais-que-as-empresas-buscam\/\" \/>\r\n<meta property=\"og:site_name\" content=\"Blog Impacta - Dicas e Not\u00edcias sobre Carreira\" \/>\r\n<meta property=\"article:published_time\" content=\"2019-06-18T20:16:59+00:00\" \/>\r\n<meta property=\"og:image\" content=\"https:\/\/www.impacta.com.br\/blog\/wp-content\/uploads\/2020\/04\/296312-como-alcancar-as-qualidades-profissionais-que-as-empresas-buscam.jpg\" \/>\r\n\t<meta property=\"og:image:width\" content=\"530\" \/>\r\n\t<meta property=\"og:image:height\" content=\"354\" \/>\r\n\t<meta property=\"og:image:type\" content=\"image\/jpeg\" \/>\r\n<meta name=\"author\" content=\"J\u00e9ssica Lima\" \/>\r\n<meta name=\"twitter:card\" content=\"summary_large_image\" \/>\r\n<meta name=\"twitter:label1\" content=\"Written by\" \/>\n\t<meta name=\"twitter:data1\" content=\"J\u00e9ssica Lima\" \/>\n\t<meta name=\"twitter:label2\" content=\"Est. reading time\" \/>\n\t<meta name=\"twitter:data2\" content=\"6 minutos\" \/>\r\n<script type=\"application\/ld+json\" class=\"yoast-schema-graph\">{\"@context\":\"https:\/\/schema.org\",\"@graph\":[{\"@type\":\"WebPage\",\"@id\":\"https:\/\/www.impacta.com.br\/blog\/como-alcancar-as-qualidades-profissionais-que-as-empresas-buscam\/\",\"url\":\"https:\/\/www.impacta.com.br\/blog\/como-alcancar-as-qualidades-profissionais-que-as-empresas-buscam\/\",\"name\":\"Como alcan\u00e7ar as qualidades profissionais que as empresas buscam\",\"isPartOf\":{\"@id\":\"https:\/\/www.impacta.com.br\/blog\/#website\"},\"primaryImageOfPage\":{\"@id\":\"https:\/\/www.impacta.com.br\/blog\/como-alcancar-as-qualidades-profissionais-que-as-empresas-buscam\/#primaryimage\"},\"image\":{\"@id\":\"https:\/\/www.impacta.com.br\/blog\/como-alcancar-as-qualidades-profissionais-que-as-empresas-buscam\/#primaryimage\"},\"thumbnailUrl\":\"https:\/\/www.impacta.com.br\/blog\/wp-content\/uploads\/2020\/04\/296312-como-alcancar-as-qualidades-profissionais-que-as-empresas-buscam.jpg\",\"datePublished\":\"2019-06-18T20:16:59+00:00\",\"author\":{\"@id\":\"https:\/\/www.impacta.com.br\/blog\/#\/schema\/person\/8f4b311598e2f343bad8eb692b11d39d\"},\"description\":\"O que as empresas modernas mais procuram na hora da contrata\u00e7\u00e3o? Levantamos as qualidades profissionais mais buscadas por elas e mostramos para voc\u00ea nesse artigo. Confira e saiba como se preparar para ser procurado no mercado.\",\"breadcrumb\":{\"@id\":\"https:\/\/www.impacta.com.br\/blog\/como-alcancar-as-qualidades-profissionais-que-as-empresas-buscam\/#breadcrumb\"},\"inLanguage\":\"pt-BR\",\"potentialAction\":[{\"@type\":\"ReadAction\",\"target\":[\"https:\/\/www.impacta.com.br\/blog\/como-alcancar-as-qualidades-profissionais-que-as-empresas-buscam\/\"]}]},{\"@type\":\"ImageObject\",\"inLanguage\":\"pt-BR\",\"@id\":\"https:\/\/www.impacta.com.br\/blog\/como-alcancar-as-qualidades-profissionais-que-as-empresas-buscam\/#primaryimage\",\"url\":\"https:\/\/www.impacta.com.br\/blog\/wp-content\/uploads\/2020\/04\/296312-como-alcancar-as-qualidades-profissionais-que-as-empresas-buscam.jpg\",\"contentUrl\":\"https:\/\/www.impacta.com.br\/blog\/wp-content\/uploads\/2020\/04\/296312-como-alcancar-as-qualidades-profissionais-que-as-empresas-buscam.jpg\",\"width\":530,\"height\":354},{\"@type\":\"BreadcrumbList\",\"@id\":\"https:\/\/www.impacta.com.br\/blog\/como-alcancar-as-qualidades-profissionais-que-as-empresas-buscam\/#breadcrumb\",\"itemListElement\":[{\"@type\":\"ListItem\",\"position\":1,\"name\":\"In\u00edcio\",\"item\":\"https:\/\/www.impacta.com.br\/blog\/\"},{\"@type\":\"ListItem\",\"position\":2,\"name\":\"Como alcan\u00e7ar as qualidades profissionais que as empresas buscam\"}]},{\"@type\":\"WebSite\",\"@id\":\"https:\/\/www.impacta.com.br\/blog\/#website\",\"url\":\"https:\/\/www.impacta.com.br\/blog\/\",\"name\":\"Blog Impacta - Dicas e Not\u00edcias sobre Carreira\",\"description\":\"Dicas, Not\u00edcias e Conte\u00fados sobre Carreira, Tecnologia, Design, Gest\u00e3o e Marketing. Conhe\u00e7a e Acompanhe o Blog Impacta\",\"potentialAction\":[{\"@type\":\"SearchAction\",\"target\":{\"@type\":\"EntryPoint\",\"urlTemplate\":\"https:\/\/www.impacta.com.br\/blog\/?s={search_term_string}\"},\"query-input\":{\"@type\":\"PropertyValueSpecification\",\"valueRequired\":true,\"valueName\":\"search_term_string\"}}],\"inLanguage\":\"pt-BR\"},{\"@type\":\"Person\",\"@id\":\"https:\/\/www.impacta.com.br\/blog\/#\/schema\/person\/8f4b311598e2f343bad8eb692b11d39d\",\"name\":\"J\u00e9ssica Lima\",\"image\":{\"@type\":\"ImageObject\",\"inLanguage\":\"pt-BR\",\"@id\":\"https:\/\/www.impacta.com.br\/blog\/#\/schema\/person\/image\/\",\"url\":\"https:\/\/secure.gravatar.com\/avatar\/bae38fda68ae34b80e3d01e4b8be10c8?s=96&d=mm&r=g\",\"contentUrl\":\"https:\/\/secure.gravatar.com\/avatar\/bae38fda68ae34b80e3d01e4b8be10c8?s=96&d=mm&r=g\",\"caption\":\"J\u00e9ssica Lima\"},\"url\":\"https:\/\/www.impacta.com.br\/blog\/author\/jessica-lima\/\"}]}<\/script>\r\n<!-- \/ Yoast SEO plugin. -->","yoast_head_json":{"title":"Como alcan\u00e7ar as qualidades profissionais que as empresas buscam","description":"O que as empresas modernas mais procuram na hora da contrata\u00e7\u00e3o? Levantamos as qualidades profissionais mais buscadas por elas e mostramos para voc\u00ea nesse artigo. Confira e saiba como se preparar para ser procurado no mercado.","robots":{"index":"index","follow":"follow","max-snippet":"max-snippet:-1","max-image-preview":"max-image-preview:large","max-video-preview":"max-video-preview:-1"},"canonical":"https:\/\/www.impacta.com.br\/blog\/como-alcancar-as-qualidades-profissionais-que-as-empresas-buscam\/","og_locale":"pt_BR","og_type":"article","og_title":"Como alcan\u00e7ar as qualidades profissionais que as empresas buscam","og_description":"O que as empresas modernas mais procuram na hora da contrata\u00e7\u00e3o? Levantamos as qualidades profissionais mais buscadas por elas e mostramos para voc\u00ea nesse artigo. Confira e saiba como se preparar para ser procurado no mercado.","og_url":"https:\/\/www.impacta.com.br\/blog\/como-alcancar-as-qualidades-profissionais-que-as-empresas-buscam\/","og_site_name":"Blog Impacta - Dicas e Not\u00edcias sobre Carreira","article_published_time":"2019-06-18T20:16:59+00:00","og_image":[{"width":530,"height":354,"url":"https:\/\/www.impacta.com.br\/blog\/wp-content\/uploads\/2020\/04\/296312-como-alcancar-as-qualidades-profissionais-que-as-empresas-buscam.jpg","type":"image\/jpeg"}],"author":"J\u00e9ssica Lima","twitter_card":"summary_large_image","twitter_misc":{"Written by":"J\u00e9ssica Lima","Est. reading time":"6 minutos"},"schema":{"@context":"https:\/\/schema.org","@graph":[{"@type":"WebPage","@id":"https:\/\/www.impacta.com.br\/blog\/como-alcancar-as-qualidades-profissionais-que-as-empresas-buscam\/","url":"https:\/\/www.impacta.com.br\/blog\/como-alcancar-as-qualidades-profissionais-que-as-empresas-buscam\/","name":"Como alcan\u00e7ar as qualidades profissionais que as empresas buscam","isPartOf":{"@id":"https:\/\/www.impacta.com.br\/blog\/#website"},"primaryImageOfPage":{"@id":"https:\/\/www.impacta.com.br\/blog\/como-alcancar-as-qualidades-profissionais-que-as-empresas-buscam\/#primaryimage"},"image":{"@id":"https:\/\/www.impacta.com.br\/blog\/como-alcancar-as-qualidades-profissionais-que-as-empresas-buscam\/#primaryimage"},"thumbnailUrl":"https:\/\/www.impacta.com.br\/blog\/wp-content\/uploads\/2020\/04\/296312-como-alcancar-as-qualidades-profissionais-que-as-empresas-buscam.jpg","datePublished":"2019-06-18T20:16:59+00:00","author":{"@id":"https:\/\/www.impacta.com.br\/blog\/#\/schema\/person\/8f4b311598e2f343bad8eb692b11d39d"},"description":"O que as empresas modernas mais procuram na hora da contrata\u00e7\u00e3o? Levantamos as qualidades profissionais mais buscadas por elas e mostramos para voc\u00ea nesse artigo. Confira e saiba como se preparar para ser procurado no mercado.","breadcrumb":{"@id":"https:\/\/www.impacta.com.br\/blog\/como-alcancar-as-qualidades-profissionais-que-as-empresas-buscam\/#breadcrumb"},"inLanguage":"pt-BR","potentialAction":[{"@type":"ReadAction","target":["https:\/\/www.impacta.com.br\/blog\/como-alcancar-as-qualidades-profissionais-que-as-empresas-buscam\/"]}]},{"@type":"ImageObject","inLanguage":"pt-BR","@id":"https:\/\/www.impacta.com.br\/blog\/como-alcancar-as-qualidades-profissionais-que-as-empresas-buscam\/#primaryimage","url":"https:\/\/www.impacta.com.br\/blog\/wp-content\/uploads\/2020\/04\/296312-como-alcancar-as-qualidades-profissionais-que-as-empresas-buscam.jpg","contentUrl":"https:\/\/www.impacta.com.br\/blog\/wp-content\/uploads\/2020\/04\/296312-como-alcancar-as-qualidades-profissionais-que-as-empresas-buscam.jpg","width":530,"height":354},{"@type":"BreadcrumbList","@id":"https:\/\/www.impacta.com.br\/blog\/como-alcancar-as-qualidades-profissionais-que-as-empresas-buscam\/#breadcrumb","itemListElement":[{"@type":"ListItem","position":1,"name":"In\u00edcio","item":"https:\/\/www.impacta.com.br\/blog\/"},{"@type":"ListItem","position":2,"name":"Como alcan\u00e7ar as qualidades profissionais que as empresas buscam"}]},{"@type":"WebSite","@id":"https:\/\/www.impacta.com.br\/blog\/#website","url":"https:\/\/www.impacta.com.br\/blog\/","name":"Blog Impacta - Dicas e Not\u00edcias sobre Carreira","description":"Dicas, Not\u00edcias e Conte\u00fados sobre Carreira, Tecnologia, Design, Gest\u00e3o e Marketing. Conhe\u00e7a e Acompanhe o Blog Impacta","potentialAction":[{"@type":"SearchAction","target":{"@type":"EntryPoint","urlTemplate":"https:\/\/www.impacta.com.br\/blog\/?s={search_term_string}"},"query-input":{"@type":"PropertyValueSpecification","valueRequired":true,"valueName":"search_term_string"}}],"inLanguage":"pt-BR"},{"@type":"Person","@id":"https:\/\/www.impacta.com.br\/blog\/#\/schema\/person\/8f4b311598e2f343bad8eb692b11d39d","name":"J\u00e9ssica Lima","image":{"@type":"ImageObject","inLanguage":"pt-BR","@id":"https:\/\/www.impacta.com.br\/blog\/#\/schema\/person\/image\/","url":"https:\/\/secure.gravatar.com\/avatar\/bae38fda68ae34b80e3d01e4b8be10c8?s=96&d=mm&r=g","contentUrl":"https:\/\/secure.gravatar.com\/avatar\/bae38fda68ae34b80e3d01e4b8be10c8?s=96&d=mm&r=g","caption":"J\u00e9ssica Lima"},"url":"https:\/\/www.impacta.com.br\/blog\/author\/jessica-lima\/"}]}},"acf":{"post_description":null,"capa_mobile":null},"_links":{"self":[{"href":"https:\/\/www.impacta.com.br\/blog\/wp-json\/wp\/v2\/posts\/2718","targetHints":{"allow":["GET"]}}],"collection":[{"href":"https:\/\/www.impacta.com.br\/blog\/wp-json\/wp\/v2\/posts"}],"about":[{"href":"https:\/\/www.impacta.com.br\/blog\/wp-json\/wp\/v2\/types\/post"}],"author":[{"embeddable":true,"href":"https:\/\/www.impacta.com.br\/blog\/wp-json\/wp\/v2\/users\/57"}],"replies":[{"embeddable":true,"href":"https:\/\/www.impacta.com.br\/blog\/wp-json\/wp\/v2\/comments?post=2718"}],"version-history":[{"count":0,"href":"https:\/\/www.impacta.com.br\/blog\/wp-json\/wp\/v2\/posts\/2718\/revisions"}],"wp:featuredmedia":[{"embeddable":true,"href":"https:\/\/www.impacta.com.br\/blog\/wp-json\/wp\/v2\/media\/17953"}],"wp:attachment":[{"href":"https:\/\/www.impacta.com.br\/blog\/wp-json\/wp\/v2\/media?parent=2718"}],"wp:term":[{"taxonomy":"category","embeddable":true,"href":"https:\/\/www.impacta.com.br\/blog\/wp-json\/wp\/v2\/categories?post=2718"},{"taxonomy":"post_tag","embeddable":true,"href":"https:\/\/www.impacta.com.br\/blog\/wp-json\/wp\/v2\/tags?post=2718"}],"curies":[{"name":"wp","href":"https:\/\/api.w.org\/{rel}","templated":true}]}}