{"id":2633,"date":"2019-03-29T15:42:34","date_gmt":"2019-03-29T18:42:34","guid":{"rendered":"https:\/\/www.impacta.edu.br\/blog\/guia-de-profissoes-o-que-devo-fazer-ao-sair-do-ensino-medio\/"},"modified":"2021-05-05T16:22:45","modified_gmt":"2021-05-05T19:22:45","slug":"guia-de-profissoes-o-que-devo-fazer-ao-sair-do-ensino-medio","status":"publish","type":"post","link":"https:\/\/www.impacta.com.br\/blog\/guia-de-profissoes-o-que-devo-fazer-ao-sair-do-ensino-medio\/","title":{"rendered":"Guia de profiss\u00f5es: o que devo fazer ao sair do ensino m\u00e9dio?"},"content":{"rendered":"<p><span style=\"font-size: 14pt;\"><em>N\u00e3o pode ler esse artigo agora? Ou\u00e7a a mat\u00e9ria no Player abaixo:<\/em><\/span><\/p>\n<p><iframe loading=\"lazy\" width=\"100%\" height=\"83\" scrolling=\"no\" src=\"https:\/\/go.vooozer.com\/embed\/06490a5b\" frameborder=\"0\" style=\"height: 83px !important;\" allowfullscreen=\"\"><\/iframe><\/p>\n<p>Durante os \u00faltimos anos do Ensino M\u00e9dio, \u00e9 comum que os jovens j\u00e1 comecem a pensar de forma mais s\u00e9ria em qual trajet\u00f3ria v\u00e3o seguir ap\u00f3s o t\u00e9rmino dessa etapa de suas vidas.<\/p>\n<p>Um dos caminhos naturalmente seguidos \u00e9, sem d\u00favidas, o da faculdade para, em seguida, apostar em uma carreira. Como esse \u00e9 um momento muito importante, torna-se essencial contar com um guia de profiss\u00f5es para se inspirar, pensar e decidir.<\/p>\n<p>\u00c9 bom lembrar que existem muitas possibilidades de atua\u00e7\u00e3o, al\u00e9m de profiss\u00f5es para todos os gostos e&nbsp;<a href=\"https:\/\/www.impacta.com.br\/blog\/2016\/08\/29\/quais-as-habilidades-profissionais-mais-importantes-para-o-seu-crescimento-no-mercado\/\" data-cke-saved-href=\"https:\/\/www.impacta.com.br\/blog\/2016\/08\/29\/quais-as-habilidades-profissionais-mais-importantes-para-o-seu-crescimento-no-mercado\/\">habilidades<\/a>.<\/p>\n<p>Como estudante, \u00e9 poss\u00edvel explorar diversas op\u00e7\u00f5es nas \u00e1reas de Comunica\u00e7\u00e3o, Exatas, Qu\u00edmica, Engenharia, <a href=\"https:\/\/www.impacta.com.br\/blog\/tecnologia-da-informacao-tudo-o-que-voce-precisa-saber-sobre-a-area\/\" target=\"_blank\" rel=\"noopener\">Tecnologia da Informa\u00e7\u00e3o<\/a> e muito mais, como editor de v\u00eddeos ou especialista em telecomunica\u00e7\u00f5es.<\/p>\n<p>De toda forma, para come\u00e7ar a trilhar um futuro de sucesso, contar com o&nbsp;<a href=\"https:\/\/www.impacta.edu.br\/blog\/por-que-somente-o-meu-diploma-de-faculdade-nao-e-suficiente\/\" data-cke-saved-href=\"https:\/\/www.impacta.edu.br\/blog\/por-que-somente-o-meu-diploma-de-faculdade-nao-e-suficiente\/\">diploma de faculdade<\/a>&nbsp;\u00e9 fundamental!<\/p>\n<p>Ent\u00e3o, pensando em ajudar voc\u00ea a decidir qual carreira seguir depois do Ensino M\u00e9dio, vamos apresentar a partir de agora um guia de profiss\u00f5es com as informa\u00e7\u00f5es mais importantes sobre o assunto! Continue a leitura e confira!<\/p>\n<h2>Terminei o Ensino M\u00e9dio. E agora?<\/h2>\n<p>O primeiro passo j\u00e1 foi dado. A partir de ent\u00e3o, \u00e9 preciso \u00e9 ter calma. Isso porque muitos jovens, ao terminar o Ensino M\u00e9dio, passam por uma press\u00e3o que, muitas vezes, vem da pr\u00f3pria fam\u00edlia \u2014 al\u00e9m da autocobran\u00e7a, que pode agravar a situa\u00e7\u00e3o.<\/p>\n<p>Nesse cen\u00e1rio, o ideal \u00e9 que voc\u00ea tire um tempo para refletir por, pelo menos, alguns meses antes de terminar o Ensino M\u00e9dio, para decidir por qual caminho seguir.<\/p>\n<p>Afinal, \u00e9 preciso muita reflex\u00e3o para escolher um curso interessante para o seu perfil e qual carreira se encaixa melhor em seus objetivos. Em geral, \u00e9 tudo uma quest\u00e3o de empregabilidade.<\/p>\n<h3><strong>Comece a pensar na empregabilidade<\/strong><\/h3>\n<p>Outra informa\u00e7\u00e3o que voc\u00ea deve considerar nesse momento \u00e9 a&nbsp;<a href=\"https:\/\/www.impacta.edu.br\/blog\/qual-a-importancia-do-curso-superior-para-a-empregabilidade-no-brasil\/\" data-cke-saved-href=\"https:\/\/www.impacta.edu.br\/blog\/qual-a-importancia-do-curso-superior-para-a-empregabilidade-no-brasil\/\">import\u00e2ncia do curso superior para a empregabilidade<\/a>.<\/p>\n<p>Ou seja, com uma profiss\u00e3o determinada e habilidades desenvolvidas, ser\u00e1 natural que voc\u00ea tenha melhores&nbsp;oportunidades no mercado de trabalho, al\u00e9m de ser visto como algu\u00e9m capaz de exercer todas as fun\u00e7\u00f5es que ser\u00e3o propostas.<\/p>\n<p>Isso \u00e9, inclusive, algo important\u00edssimo a ter em mente. Afinal, n\u00e3o basta apenas ter for\u00e7a de vontade e disponibilidade para se entregar a um trabalho.<\/p>\n<p>\u00c9 preciso que voc\u00ea tenha as qualidades suficientes para executar tarefas que fazem parte da profiss\u00e3o e, melhor, que trar\u00e3o&nbsp;reconhecimentos essenciais para a sua carreira ao longo do tempo.<\/p>\n<p>Por isso, ao terminar o Ensino M\u00e9dio, a melhor op\u00e7\u00e3o \u00e9 ir fundo em um curso de gradua\u00e7\u00e3o \u2014 que tamb\u00e9m pode ser <a href=\"https:\/\/www.impacta.com.br\/blog\/curso-tecnico-que-e-quem-sao-profissionais\/\" target=\"_blank\" rel=\"noopener\">t\u00e9cnico<\/a> \u2014 para que voc\u00ea adquira essas compet\u00eancias necess\u00e1rias para a sua \u00e1rea de atua\u00e7\u00e3o e que as empresas mais exigem dos profissionais.<\/p>\n<p>Sem contar que, no decorrer da constru\u00e7\u00e3o da sua carreira, outras habilidades surgir\u00e3o, como consequ\u00eancia das experi\u00eancias que voc\u00ea vai acumular com o tempo.<\/p>\n<p>Por outro lado, se voc\u00ea acabou o \u00faltimo semestre do col\u00e9gio e ainda n\u00e3o tem ideia do que pretende fazer, n\u00e3o h\u00e1 motivos para estresse ou desespero.<\/p>\n<p>Cada um tem seu pr\u00f3prio tempo e, \u00e0s vezes, \u00e9 preciso um per\u00edodo maior para an\u00e1lise das possibilidades. A \u00fanica coisa que voc\u00ea n\u00e3o pode deixar para tr\u00e1s \u00e9 o desejo de continuar os estudos.<\/p>\n<p>Para ajudar nesse caminho, algo essencial \u00e9 o autoconhecimento. \u00c9 sobre isso que falaremos a seguir.<\/p>\n<h2><strong>Por que o autoconhecimento \u00e9 importante?<\/strong><\/h2>\n<p>\u00c9 por meio do autoconhecimento que a decis\u00e3o de seguir uma carreira ocorrer\u00e1 de um jeito mais tranquilo e natural.<\/p>\n<p>Um <a href=\"https:\/\/www.impacta.com.br\/blog\/carreiras-futuro-veja-salarios-profissoes-alta-2021\/\" target=\"_blank\" rel=\"noopener\">guia de profiss\u00f5es<\/a>, como este que preparamos para voc\u00ea, ser\u00e1 um apoio importante para que voc\u00ea tome a decis\u00e3o mais acertada.<\/p>\n<p>Mas saiba que nenhum material deve ser a sua base principal para determinar o que, de fato, ser\u00e1 o melhor para o futuro profissional. Voc\u00ea deve ter em mente o poder do autoconhecimento.<\/p>\n<p>Para entender por que o autoconhecimento \u00e9 importante e se faz obrigat\u00f3rio, o recomendado \u00e9&nbsp;que voc\u00ea saiba o que isso significa.<\/p>\n<p>O autoconhecimento \u00e9, na verdade, uma pr\u00e1tica que tem como finalidade a descoberta e o conhecimento do que voc\u00ea mais gosta, do que se identifica, do que sabe que \u00e9 capaz de fazer ou desenvolver e por a\u00ed vai.<\/p>\n<p>Al\u00e9m disso, \u00e9 uma importante ferramenta para o desenvolvimento de seus potenciais em todas as frentes, seja na escola, na faculdade, no trabalho, na constru\u00e7\u00e3o de uma carreira s\u00f3lida e tantas outras a\u00e7\u00f5es que far\u00e3o parte da sua vida.<\/p>\n<h3><strong>Descubra qual lugar voc\u00ea deseja ocupar na sociedade<\/strong><\/h3>\n<p>O autoconhecimento nada mais \u00e9 do que ter certeza de quem voc\u00ea \u00e9 e qual lugar deseja ocupar na sociedade. Por essa raz\u00e3o, \u00e9 fundamental contar com essa an\u00e1lise.<\/p>\n<p>O uso dessa sabedoria, combinado a um guia de profiss\u00f5es, ser\u00e1 o ideal para apontar o caminho a seguir e se destacar no mercado de trabalho. Lembre-se tamb\u00e9m de que um bom <a href=\"https:\/\/www.impacta.edu.br\/blog\/afinal-como-descobrir-o-seu-perfil-profissional\/\" data-cke-saved-href=\"https:\/\/www.impacta.edu.br\/blog\/afinal-como-descobrir-o-seu-perfil-profissional\/\">perfil profissional<\/a>&nbsp;tem entre as caracter\u00edsticas principais saber como se autodesenvolver.<\/p>\n<p>E tem mais, viu? Um dos poderes, digamos assim, que o autoconhecimento traz \u00e9 a confian\u00e7a que um profissional tem no seu trabalho.<\/p>\n<p>Tudo porque ele sabe exatamente como pode chegar at\u00e9 os melhores resultados, com base nas suas habilidades e podendo ir al\u00e9m, demonstrando que ele n\u00e3o tem receio em enfrentar desafios e novidades.<\/p>\n<p>Se voc\u00ea \u00e9 confiante e desenvolveu as suas&nbsp;<a href=\"https:\/\/www.impacta.edu.br\/blog\/soft-skills-x-hard-skills-entenda-as-diferencas\/\" data-cke-saved-href=\"https:\/\/www.impacta.edu.br\/blog\/soft-skills-x-hard-skills-entenda-as-diferencas\/\">soft skills<\/a>, far\u00e3o parte da sua vida frases e pensamentos positivos como:<\/p>\n<ul>\n<li>\u201ceu sei que posso fazer isso pela minha empresa\u201d;<\/li>\n<li>\u201csou capaz de desenvolver ideias inovadoras para o meu trabalho\u201d;<\/li>\n<li>\u201ceu me conhe\u00e7o o suficiente para saber que posso contribuir bastante para o crescimento da empresa\u201d;<\/li>\n<li>\u201csim, tenho todas as compet\u00eancias que esse emprego necessita, ent\u00e3o, sou a pessoa ideal para a oportunidade\u201d.<\/li>\n<\/ul>\n<p>Em resumo: n\u00e3o h\u00e1 nada a perder quando algu\u00e9m realmente tem um autoconhecimento desenvolvido e h\u00e1bil para responder a qualquer questionamento sobre sua for\u00e7a de trabalho, determina\u00e7\u00e3o e foco no que deseja para si dentro de uma profiss\u00e3o, por exemplo.<\/p>\n<p>Afinal, o autoconhecimento serve para qualquer etapa da sua vida \u2014 pense nisso!<\/p>\n<h2><strong>O que levar em considera\u00e7\u00e3o na hora de escolher uma profiss\u00e3o?<\/strong><\/h2>\n<p>Chegamos a um ponto que merece ainda mais aten\u00e7\u00e3o dentro deste guia de profiss\u00f5es: o que levar em considera\u00e7\u00e3o para escolher a carreira ideal para voc\u00ea.<\/p>\n<p>\u00c9 bom refor\u00e7ar que s\u00e3o muitos os fatores que devem ser pesados e analisados, e que far\u00e3o a total diferen\u00e7a na hora da decis\u00e3o final.<\/p>\n<p>Outro detalhe que \u00e9 preciso ter em mente \u00e9 a&nbsp;<a href=\"https:\/\/www.impacta.edu.br\/blog\/carreira-em-y-conheca-essa-tendencia-e-veja-como-funciona\/\" data-cke-saved-href=\"https:\/\/www.impacta.edu.br\/blog\/carreira-em-y-conheca-essa-tendencia-e-veja-como-funciona\/\">carreira em Y<\/a>. Voc\u00ea j\u00e1 ouviu falar sobre isso?<\/p>\n<p>Imagine a seguinte situa\u00e7\u00e3o: muitos profissionais, quando come\u00e7am a sua jornada no mercado de trabalho, t\u00eam o desejo de crescer e chegar a cargos de lideran\u00e7a em geral, certo? No entanto, h\u00e1 muitas outras pessoas que n\u00e3o desejam isso para as suas carreiras.<\/p>\n<p>Nesse caso, os profissionais preferem ter amplo dom\u00ednio t\u00e9cnico e exercer um bom cargo, mas dentro desse perfil, e n\u00e3o no de liderar uma equipe, por exemplo.<\/p>\n<p>S\u00e3o os chamados \u201cespecialistas t\u00e9cnicos\u201d: aqueles que t\u00eam enorme conhecimento sobre determinada \u00e1rea, que querem se manter dessa forma e, ao mesmo tempo, crescer na profiss\u00e3o.<\/p>\n<p>Da\u00ed o surgimento da carreira em Y, na qual o profissional escolhe crescer e se desenvolver dentro da sua profiss\u00e3o, se tornar altamente qualificado para o que faz, mas sem necessariamente ter que assumir um posto de lideran\u00e7a.<\/p>\n<p>Isso \u00e9, sem d\u00favidas, um dos pontos que voc\u00ea deve levar em considera\u00e7\u00e3o ao pensar no que deseja para o seu futuro: uma carreira com foco na lideran\u00e7a ou tendo como base a especializa\u00e7\u00e3o t\u00e9cnica? No mais, existem outros fatores. Acompanhe!<\/p>\n<h3><strong>Interesses pessoais<\/strong><\/h3>\n<p>J\u00e1 pensou em come\u00e7ar uma carreira e nem colocar seus interesses pessoais em primeiro lugar? Certamente n\u00e3o \u00e9 nada simples.<\/p>\n<p>O melhor a se fazer em momentos decisivos como esses \u00e9 saber exatamente quais s\u00e3o os seus interesses: ser\u00e1 que eu quero fazer a diferen\u00e7a dentro de uma empresa? Quero trabalhar bastante para me consagrar em uma profiss\u00e3o? Ou quero apenas exercer meu papel dentro da companhia e executar as tarefas normalmente, sem grandes desafios?<\/p>\n<p>Al\u00e9m desses questionamentos, \u00e9 essencial que voc\u00ea pense no que deseja para si tanto em um futuro pr\u00f3ximo quanto em um mais distante.<\/p>\n<p>Os seus interesses pessoais precisam estar de acordo com a sua profiss\u00e3o \u2014 caso contr\u00e1rio, voc\u00ea corre o risco de ficar insatisfeito logo ap\u00f3s algumas semanas no emprego novo e ir levando a carreira apenas como obriga\u00e7\u00e3o.<\/p>\n<p>Pense tamb\u00e9m no que significa para voc\u00ea a constru\u00e7\u00e3o de um patrim\u00f4nio profissional. Reflita se a carreira \u00e9 encarada como algo natural da vida de qualquer pessoa ou se para voc\u00ea ela realmente far\u00e1 parte de um todo, do desenvolvimento de quem voc\u00ea pretende ser.<\/p>\n<p>Dizemos isso porque, muitas vezes, os interesses pessoais de um profissional se restringem a ir bem no trabalho, receber seu sal\u00e1rio e viver tranquilamente com uma estabilidade na empresa em que atua.<\/p>\n<p>Mas, para outros, o anseio \u00e9 de se destacar, fazer a diferen\u00e7a na vida da sociedade, trazer inova\u00e7\u00e3o no que faz e tantas outras atitudes que exigem maior dedica\u00e7\u00e3o.<\/p>\n<p>Ent\u00e3o, para come\u00e7ar, ponha isso na lista do que levar em considera\u00e7\u00e3o na hora de decidir qual caminho seguir, de forma que o guia de profiss\u00f5es possa ajudar voc\u00ea a descobrir os seus interesses pessoais.<\/p>\n<h3><strong>Habilidades<\/strong><\/h3>\n<p>H\u00e1 muitos jovens que t\u00eam in\u00fameras habilidades, mas nem se d\u00e3o conta disso. Uma das formas mais eficazes de se descobrir do que se \u00e9 capaz de fazer \u00e9, mais uma vez, por meio do autoconhecimento.<\/p>\n<p>Nesse sentido, tenha em mente que as habilidades de algu\u00e9m s\u00e3o um conjunto de fatores que incluem muitas experi\u00eancias e conhecimento adquirido ao longo de uma jornada.<\/p>\n<p>Sabe aquela aula de f\u00edsica que levou voc\u00ea a imaginar como seria trabalhar na ind\u00fastria automotiva?<\/p>\n<p>Ou aquela aula no laborat\u00f3rio de <a href=\"https:\/\/www.impacta.com.br\/blog\/dia-informatica-por-que-nocoes-que-significa\/\" target=\"_blank\" rel=\"noopener\">inform\u00e1tica<\/a> que mexeu com a sua curiosidade em desenvolver um programa que pudesse ajudar a sua vida escolar e a de centenas de outros jovens? Pois \u00e9, algumas habilidades j\u00e1 come\u00e7am a ser constru\u00eddas em situa\u00e7\u00f5es assim.<\/p>\n<p>Outra dica \u00e9 pensar se vale a pena apostar em uma carreira que n\u00e3o tem muito a ver com o que voc\u00ea se interessa e tem facilidade em trabalhar.<\/p>\n<p>Por exemplo: voc\u00ea pensa em fazer Medicina, uma carreira que requer muito conhecimento em biologia, f\u00f3rmulas, entre outras coisas al\u00e9m de estar preparado para lidar cara a cara com o corpo humano, enquanto, na verdade, voc\u00ea se d\u00e1 bem mesmo \u00e9 com n\u00fameros!<\/p>\n<p>Ser\u00e1 que vale a pena? Nada melhor do que usar as habilidades que voc\u00ea j\u00e1 tem para serem desenvolvidas e potencializadas para uma carreira de sucesso, n\u00e3o acha? Nessa hora, \u00e9 bom consultar o guia de profiss\u00f5es para ter aquela \u201cluz\u201d que se perdeu em meio a tantas escolhas profissionais.<\/p>\n<h3><strong>Mercado de trabalho<\/strong><\/h3>\n<p>O mercado de trabalho deve ser colocado como um dos pontos principais na sua decis\u00e3o profissional.<\/p>\n<p>N\u00e3o se esque\u00e7a de que \u00e9 fundamental checar como andam as vagas e oportunidades para algumas das suas possibilidades de carreira. Com a ajuda do guia de profiss\u00f5es, voc\u00ea pode ir conferindo um por um.<\/p>\n<p>Aqui vale um coment\u00e1rio interessante: existem \u00e1reas que s\u00e3o forte tend\u00eancia para os pr\u00f3ximos anos, como a de&nbsp;<a href=\"https:\/\/www.impacta.edu.br\/blog\/conheca-as-profissoes-em-alta-na-area-de-ti\/\" data-cke-saved-href=\"https:\/\/www.impacta.edu.br\/blog\/conheca-as-profissoes-em-alta-na-area-de-ti\/\">TI<\/a>, e que podem ser um indicativo importante para a sua decis\u00e3o.<\/p>\n<p>O mercado de trabalho muda constantemente, se movimentando \u00e0 medida que novas necessidades surgem e a m\u00e3o de obra \u00e9 exigida.<\/p>\n<p>Uma dica \u00e9 conversar com alguns profissionais que est\u00e3o no mercado \u2014 pode ser seus pais, familiares em geral, amigos e professores.<\/p>\n<p>Essas pessoas ser\u00e3o ideais para dar a voc\u00ea uma no\u00e7\u00e3o de como as \u00e1reas s\u00e3o diferentes e como andam as oportunidades, se o mercado est\u00e1 aquecido, se a profiss\u00e3o est\u00e1 caindo em desuso, se h\u00e1 muita procura etc.<\/p>\n<p>Lembre-se de que escolher uma profiss\u00e3o que demanda pessoas qualificadas \u00e9 uma \u00f3tima escolha. N\u00e3o pense somente no retorno financeiro e nas oportunidades \u201cf\u00e1ceis de encontrar\u201d, mas sim se aquilo tamb\u00e9m faz parte dos seus interesses.<\/p>\n<p>N\u00e3o \u00e9 porque a Engenharia est\u00e1 em alta, por exemplo, que voc\u00ea tem que ser engenheiro.<\/p>\n<p>Se voc\u00ea gosta de games, que tal investir em uma gradua\u00e7\u00e3o com esse vi\u00e9s, como a de&nbsp;<a href=\"https:\/\/www.impacta.edu.br\/graduacoes\/jogos-digitais\" data-cke-saved-href=\"https:\/\/www.impacta.edu.br\/graduacoes\/jogos-digitais\">Jogos Digitais<\/a>?<\/p>\n<p>Diversas op\u00e7\u00f5es em n\u00edvel de tecn\u00f3logo j\u00e1 est\u00e3o mostrando que s\u00e3o uma forte tend\u00eancia daqui para a frente no mercado \u2014 e, ao mesmo tempo, refor\u00e7am que nem sempre voc\u00ea precisa seguir as profiss\u00f5es tradicionais, j\u00e1 que, hoje em dia, h\u00e1 espa\u00e7o para coisas diferentes e atua\u00e7\u00f5es inovadoras!<\/p>\n<h2><strong>Quais s\u00e3o as profiss\u00f5es que est\u00e3o em alta?<\/strong><\/h2>\n<p>Com tantas informa\u00e7\u00f5es em mente, acreditamos que voc\u00ea j\u00e1 est\u00e1 pensando em qual profiss\u00e3o combina mais com seu perfil, n\u00e3o \u00e9 mesmo?<\/p>\n<p>Para ajud\u00e1-lo nessa importante miss\u00e3o de escolha, separamos algumas op\u00e7\u00f5es que podem ser bastante interessantes \u2014 principalmente levando em conta as demandas do mercado e as&nbsp;<a href=\"https:\/\/www.impacta.com.br\/blog\/2016\/11\/07\/7-profissoes-do-futuro-que-estarao-em-alta-nos-proximos-5-anos\/?gclid=Cj0KCQjwg73kBRDVARIsAF-kEH8ZBrdf1F1KgfhGA5MyTvwPdsV7xb3pbx_70cdU4ZYWpuNzDWQp7qUaAmE8EALw_wcB\" data-cke-saved-href=\"https:\/\/www.impacta.com.br\/blog\/2016\/11\/07\/7-profissoes-do-futuro-que-estarao-em-alta-nos-proximos-5-anos\/?gclid=Cj0KCQjwg73kBRDVARIsAF-kEH8ZBrdf1F1KgfhGA5MyTvwPdsV7xb3pbx_70cdU4ZYWpuNzDWQp7qUaAmE8EALw_wcB\">tend\u00eancias para os pr\u00f3ximos anos<\/a>.<\/p>\n<p>Confira, a seguir, sugest\u00f5es e aproveite para tentar se imaginar em alguma delas. Vamos l\u00e1?<\/p>\n<h3><strong>Designer de games<\/strong><\/h3>\n<p>N\u00e3o mencionamos a <a href=\"https:\/\/www.impacta.com.br\/blog\/carreira-em-games-profissoes-para-gamer\/\" target=\"_blank\" rel=\"noopener\">carreira em games<\/a> \u00e0 toa. Ela realmente far\u00e1 parte de uma das maiores mudan\u00e7as no mercado de trabalho e profiss\u00f5es para o futuro.<\/p>\n<p>E, quando falamos em games, isso n\u00e3o significa apenas desenvolver e criar jogos para consoles, por exemplo, mas sim uma s\u00e9rie de outras habilidades que s\u00e3o usadas para a produ\u00e7\u00e3o de filmes e propagandas.<\/p>\n<p>Indo al\u00e9m, tem muita gente que j\u00e1 trabalha nessa \u00e1rea e n\u00e3o atua diretamente com games.<\/p>\n<p>S\u00e3o profissionais que fazem parte de empresas que consideram suas compet\u00eancias para pensar e desenvolver projetos que tenham mais din\u00e2mica, sejam criativos e tenham uma hist\u00f3ria bem entrela\u00e7ada para o p\u00fablico que querem atingir.<\/p>\n<p>Se voc\u00ea quer mesmo \u00e9 trabalhar com games, v\u00e1 com tudo e aposte nessa carreira. S\u00f3 para se ter uma ideia, h\u00e1 alguns anos saiu uma pesquisa em que o&nbsp;<a href=\"https:\/\/g1.globo.com\/rio-de-janeiro\/noticia\/2015\/11\/brasil-e-o-4-consumidor-de-games-mas-mercado-carece-de-mao-de-obra.html\" data-cke-saved-href=\"https:\/\/g1.globo.com\/rio-de-janeiro\/noticia\/2015\/11\/brasil-e-o-4-consumidor-de-games-mas-mercado-carece-de-mao-de-obra.html\">Brasil se enquadrou como o 4\u00ba maior consumidor de games<\/a>&nbsp;do mundo!<\/p>\n<p>Ou seja, h\u00e1 espa\u00e7o para crescer ainda mais e oportunidades n\u00e3o faltam \u2014 o que falta mesmo \u00e9 m\u00e3o de obra especializada.<\/p>\n<p>E os sal\u00e1rios? Para quem est\u00e1 come\u00e7ando, o&nbsp;<a href=\"https:\/\/www.educamaisbrasil.com.br\/cursos-e-faculdades\/design-de-games\/salario-de-designer-de-games-carreira\" data-cke-saved-href=\"https:\/\/www.educamaisbrasil.com.br\/cursos-e-faculdades\/design-de-games\/salario-de-designer-de-games-carreira\">sal\u00e1rio<\/a>&nbsp;gira em torno de R$ 2.000, mas \u00e0 medida em que voc\u00ea vai ganhando experi\u00eancia, esse valor pode ultrapassar os R$ 4.000.<\/p>\n<h3>Engenheiro de dados<\/h3>\n<p>Com a grande demanda do mercado em entender melhor o comportamento do consumidor, os&nbsp;<a href=\"https:\/\/www.impacta.edu.br\/graduacoes\/banco-de-dados\" data-cke-saved-href=\"https:\/\/www.impacta.edu.br\/graduacoes\/banco-de-dados\">dados<\/a>&nbsp;est\u00e3o, mais do que nunca, em alta em todos os setores!<\/p>\n<p>Com eles, \u00e9 poss\u00edvel enxergar tend\u00eancias de consumo, acompanhar os clientes em v\u00e1rias etapas de compra, al\u00e9m de pensar mais \u00e0 frente e propor novidades para grandes empresas.<\/p>\n<p>Tudo isso \u00e9 feito por uma equipe que traduz todos os dados produzidos por milhares de pessoas todos os dias.<\/p>\n<p>Com essas informa\u00e7\u00f5es na tela do computador, \u00e9 dada a largada na procura de solu\u00e7\u00f5es inovadoras que impactam de forma importante qualquer empresa nos dias atuais.<\/p>\n<p>Para isso, o profissional precisa estar constantemente ligado \u00e0s novas tecnologias, analisar dados, n\u00fameros, sistemas e estat\u00edsticas, entre outros, para enfim chegar a possibilidades do que pode ser feito para o crescimento da empresa.<\/p>\n<p>Mais uma vez, o sal\u00e1rio conta bastante, j\u00e1 que a demanda anda realmente alta. Um profissional pode ganhar entre R$9 mil e R$18 mil!<\/p>\n<h3><strong>Desenvolvedor mobile<\/strong><\/h3>\n<p>Os celulares nunca fizeram t\u00e3o parte da vida das pessoas como nos dias atuais. E essa tend\u00eancia n\u00e3o s\u00f3 j\u00e1 est\u00e1 firmada como tende a aumentar com o passar dos anos!<\/p>\n<p>Com isso, os profissionais que querem trabalhar com&nbsp;<a href=\"https:\/\/www.impacta.edu.br\/graduacoes\/analise-e-desenvolvimento-de-sistemas\" data-cke-saved-href=\"https:\/\/www.impacta.edu.br\/graduacoes\/analise-e-desenvolvimento-de-sistemas\">An\u00e1lise e Desenvolvimento de Sistemas<\/a>&nbsp;t\u00eam \u00f3timos motivos para continuar a apostar e se desenvolver na carreira.<\/p>\n<p>Os profissionais podem come\u00e7ar com um curso de&nbsp;<a href=\"https:\/\/www.impacta.edu.br\/graduacoes\/engenharia-da-computacao\" data-cke-saved-href=\"https:\/\/www.impacta.edu.br\/graduacoes\/engenharia-da-computacao\">Engenharia da Computa\u00e7\u00e3o<\/a>&nbsp;ou ingressar direto na \u00e1rea.<\/p>\n<p>Entre as tarefas necess\u00e1rias e cotidianas dentro da profiss\u00e3o, est\u00e3o: criar e reparar aplicativos para smartphones, dispositivos m\u00f3veis em geral e melhoria nos sistemas dos aparelhos e programas mais modernos.<\/p>\n<p>Fique de olho tamb\u00e9m nas possibilidades de&nbsp;<a href=\"https:\/\/www.impacta.com.br\/blog\/2017\/01\/16\/entenda-o-que-sao-os-cursos-livres\/\" data-cke-saved-href=\"https:\/\/www.impacta.com.br\/blog\/2017\/01\/16\/entenda-o-que-sao-os-cursos-livres\/\">cursos livres<\/a>, que d\u00e3o uma turbinada no curr\u00edculo e, ao mesmo tempo, ajudam voc\u00ea no desenvolvimento de mais habilidades e compet\u00eancias nessa carreira \u2014 que \u00e9, sem d\u00favidas, bastante complexa e repleta de mudan\u00e7as quase que o tempo todo.<\/p>\n<p>Se tem curiosidade no sal\u00e1rio, saiba que essa \u00e9 outra carreira que garante um bom retorno financeiro: espere receber em m\u00e9dia de R$10 mil a R$17 mil!<\/p>\n<h3><strong>Web designer e designer digital<\/strong><\/h3>\n<p>At\u00e9 h\u00e1 poucos anos, o profissional de&nbsp;<a href=\"https:\/\/www.impacta.edu.br\/graduacoes\/producao-multimidia\" data-cke-saved-href=\"https:\/\/www.impacta.edu.br\/graduacoes\/producao-multimidia\">Web Design<\/a>&nbsp;era visto como um dos mais importantes que estavam por vir, devido aos avan\u00e7os que os computadores j\u00e1 mostravam.<\/p>\n<p>Mas ser\u00e1 mesmo que esse profissional ainda continua em alta? A resposta \u00e9: com certeza! Dentro de muitos anos, ele continuar\u00e1 exercendo um papel muito importante na \u00e1rea.<\/p>\n<p>Hoje em dia, as pessoas est\u00e3o ainda mais conectadas e diariamente entram em sites de todos os tipos \u2014 p\u00e1gina do banco, da faculdade em que estudam, de not\u00edcias, curiosidades, blogs, enfim, h\u00e1 uma infinidade de op\u00e7\u00f5es de leitura e navega\u00e7\u00e3o na rede.<\/p>\n<p>E quem cuida de todo esse aparato visual e digital \u00e9 o web designer.<\/p>\n<p>Outro profissional que ganhou espa\u00e7o nos \u00faltimos anos e que anda lado a lado com o web designer \u00e9 o designer digital!<\/p>\n<p>Nesse caso, o foco \u00e9 mais voltado para a interatividade das pessoas com as p\u00e1ginas que mais acessam e em que procuram informa\u00e7\u00f5es, realizam compras etc.<\/p>\n<p>O Design Digital est\u00e1 bem em evid\u00eancia justamente por causa de outra profiss\u00e3o t\u00e3o interessante quanto ela: a de&nbsp;<a href=\"https:\/\/www.impacta.edu.br\/mba\/mba-em-marketing-digital\" data-cke-saved-href=\"https:\/\/www.impacta.edu.br\/mba\/mba-em-marketing-digital\">Marketing Digital<\/a>.<\/p>\n<p>Juntas, essas duas carreiras est\u00e3o fazendo muitas mudan\u00e7as significativas na forma como o ser humano interage e consome conte\u00fados na rede, direto de seus aparelhos m\u00f3veis ou dos tradicionais computadores de mesa.<\/p>\n<p>O&nbsp;<a href=\"https:\/\/www.guiadacarreira.com.br\/salarios\/quanto-ganha-um-web-designer\/\" data-cke-saved-href=\"https:\/\/www.guiadacarreira.com.br\/salarios\/quanto-ganha-um-web-designer\/\">sal\u00e1rio<\/a>&nbsp;tamb\u00e9m acompanha a tend\u00eancia. Muitos profissionais ganham cerca de R$3 mil por m\u00eas \u2014 valor que aumenta conforme a experi\u00eancia!<\/p>\n<h3><strong>Editor de v\u00eddeos<\/strong><\/h3>\n<p>O crescimento do consumo de v\u00eddeos na web&nbsp;<a href=\"https:\/\/www.thinkwithgoogle.com\/intl\/pt-br\/tendencias-de-consumo\/pesquisa-video-viewers-como-os-brasileiros-estao-consumindo-videos-em-2018\/\" data-cke-saved-href=\"https:\/\/www.thinkwithgoogle.com\/intl\/pt-br\/tendencias-de-consumo\/pesquisa-video-viewers-como-os-brasileiros-estao-consumindo-videos-em-2018\/\">aumentou 135%<\/a>. Al\u00e9m disso, tanto o n\u00famero de horas semanais assistindo TV quanto o volume de tempo assistindo v\u00eddeos na Internet tamb\u00e9m teve um significativo aumento.<\/p>\n<p>Essa \u00e9 uma \u00f3tima not\u00edcia para quem pensa em trabalhar como editor de v\u00eddeos.<\/p>\n<p>O campo abrange o profissional que trabalha com a edi\u00e7\u00e3o de filmagens para a montagem e finaliza\u00e7\u00e3o tanto de comerciais quanto de produ\u00e7\u00f5es para YouTube, videoaulas, al\u00e9m de document\u00e1rios.<\/p>\n<p>Para trabalhar como editor de v\u00eddeos, um pouco de criatividade \u00e9 essencial. Mas existe outro fator que \u00e9 um grande diferencial para o profissional: a capacidade de contar hist\u00f3rias por meio de imagens.<\/p>\n<p>\u00c9 o <a href=\"https:\/\/www.impacta.com.br\/blog\/como-me-tornar-um-editor-de-videos-descubra-aqui\/\" target=\"_blank\" rel=\"noopener\">editor de v\u00eddeos<\/a> que amarra essas imagens com a ajuda de recortes, trilhas sonoras e recursos de imagem para encantar o espectador.<\/p>\n<p>Em m\u00e9dia, o sal\u00e1rio varia entre R$2 mil e R$3.500, podendo chegar \u00e0 R$6 mil.<\/p>\n<p>\u00c9 poss\u00edvel trabalhar na imprensa, em televis\u00e3o, assim como em assessorias de imprensa, ag\u00eancias de marketing ou mesmo de maneira aut\u00f4noma \u2014 principalmente quando h\u00e1 uma&nbsp;<a href=\"https:\/\/www.impacta.edu.br\/blog\/educacao-empreendedora-qual-sua-importancia\/\" data-cke-saved-href=\"https:\/\/www.impacta.edu.br\/blog\/educacao-empreendedora-qual-sua-importancia\/\">educa\u00e7\u00e3o empreendedora<\/a>.<\/p>\n<h2><strong>Vale a pena fazer uma gradua\u00e7\u00e3o?<\/strong><\/h2>\n<p>Vale, e muito! N\u00e3o s\u00f3 porque voc\u00ea ter\u00e1 um curr\u00edculo mais interessante para mostrar \u00e0s empresas, mas tamb\u00e9m porque suas habilidades e compet\u00eancias ganham destaque perante outros profissionais da \u00e1rea!<\/p>\n<p>Por isso, pense seriamente em <a href=\"https:\/\/www.impacta.com.br\/blog\/2016\/09\/12\/aprenda-como-investir-em-voce-e-conquistar-o-seu-futuro\/\" data-cke-saved-href=\"https:\/\/www.impacta.com.br\/blog\/2016\/09\/12\/aprenda-como-investir-em-voce-e-conquistar-o-seu-futuro\/\">investir<\/a>&nbsp;em uma gradua\u00e7\u00e3o que tenha peso para o mercado de trabalho, mas que tamb\u00e9m tenha tudo a ver com os seus desejos profissionais.<\/p>\n<p>Lembre-se de que uma carreira demora anos para ser constru\u00edda e quanto mais certeza voc\u00ea tiver do que quer fazer, melhor!<\/p>\n<p>N\u00e3o desanime se o seu&nbsp;<a href=\"https:\/\/www.impacta.com.br\/blog\/2016\/09\/05\/quais-fatores-pesar-na-hora-de-escolher-um-curso-novo\/\" data-cke-saved-href=\"https:\/\/www.impacta.com.br\/blog\/2016\/09\/05\/quais-fatores-pesar-na-hora-de-escolher-um-curso-novo\/\">curso<\/a>&nbsp;for em uma faculdade particular e voc\u00ea n\u00e3o puder pagar. Existem muitas facilidades para isso, como bolsas&nbsp;e outros aux\u00edlios.<\/p>\n<p>Vale a pena checar se a faculdade de interesse tem essas op\u00e7\u00f5es e como voc\u00ea pode participar do processo para garantir uma forcinha extra nesse sentido.&nbsp;<a href=\"https:\/\/www.impacta.edu.br\/blog\/confira-essas-5-dicas-de-planejamento-para-pagar-a-faculdade\/3.1%20Interesses%20pessoais\" data-cke-saved-href=\"https:\/\/www.impacta.edu.br\/blog\/confira-essas-5-dicas-de-planejamento-para-pagar-a-faculdade\/3.1%20Interesses%20pessoais\">Com planejamento tudo \u00e9 poss\u00edvel<\/a>.<\/p>\n<p>No mais, n\u00e3o hesite em fazer uma gradua\u00e7\u00e3o. Essa ser\u00e1 a porta para um futuro de&nbsp;<a href=\"https:\/\/www.impacta.com.br\/blog\/2016\/12\/23\/a-dupla-dinamica-planejamento-de-carreira-e-sucesso-profissional\/\" data-cke-saved-href=\"https:\/\/www.impacta.com.br\/blog\/2016\/12\/23\/a-dupla-dinamica-planejamento-de-carreira-e-sucesso-profissional\/\">sucesso<\/a>&nbsp;e apenas o primeiro passo para estudos mais aprofundados \u2014 que jamais devem cessar, combinado?<\/p>\n<p>Se voc\u00ea chegou at\u00e9 aqui, continue a leitura. Separamos algumas dicas incr\u00edveis para voc\u00ea seguir os estudos em uma \u00e1rea muito promissora: a da tecnologia.<\/p>\n<h2><strong>Quais os benef\u00edcios de investir na \u00e1rea de tecnologia?<\/strong><\/h2>\n<p>Sair do col\u00e9gio e seguir um caminho de estudos focado na \u00e1rea de tecnologia \u00e9 uma escolha muito interessante. O setor est\u00e1 aquecido e as possibilidades vem se multiplicando com todo o potencial da transforma\u00e7\u00e3o digital.<\/p>\n<p>Atuar com Tecnologia da Informa\u00e7\u00e3o (TI) abrange muitas \u00e1reas. Entre elas, trabalhar como programador, como engenheiro de software, analista de dados, desenvolvedor web \u2014 alguns dos cargos que, como vimos, s\u00e3o bastante promissores.<\/p>\n<p>O mais legal \u00e9 que tecnologia \u00e9 um campo que n\u00e3o s\u00f3 apresenta um amplo mercado de trabalho, mas tamb\u00e9m conta com profissionais cada vez mais valorizados \u2014 e disputados pelas empresas.<\/p>\n<p>Tamb\u00e9m \u00e9 interessante ter em mente que o profissional de TI n\u00e3o precisa atuar especificamente atrelado a uma empresa. A veia empreendedora na \u00e1rea \u00e9 muito forte, principalmente pela demanda crescente para tais tipos de profissionais.<\/p>\n<p>Para se ter uma ideia sobre o real <a href=\"https:\/\/www.impacta.edu.br\/blog\/conheca-o-panorama-geral-do-mercado-de-ti\/\" data-cke-saved-href=\"https:\/\/www.impacta.edu.br\/blog\/conheca-o-panorama-geral-do-mercado-de-ti\/\">panorama da \u00e1rea de tecnologia no Brasil<\/a>, uma&nbsp;pesquisa recente aponta que o mercado tem um potencial de crescimento de 10% no ano de 2019.<\/p>\n<p>Com a Ind\u00fastria 4.0 e todas outras mudan\u00e7as que est\u00e3o acontecendo no setor, \u00e9 v\u00e1lido considerar a an\u00e1lise de dados e a automa\u00e7\u00e3o como pilares para a cont\u00ednua expans\u00e3o da tecnologia como \u00e1rea profissional.<\/p>\n<p>Ent\u00e3o, se a \u00e1rea parece interessante para voc\u00ea, siga em frente! Mas lembre-se de que uma forma\u00e7\u00e3o com base s\u00f3lida, realizada em uma faculdade reconhecida, faz-se cada vez mais necess\u00e1ria.<\/p>\n<h2><strong>Como escolher uma faculdade reconhecida na \u00e1rea de tecnologia?<\/strong><\/h2>\n<p>O fato de a tecnologia ser uma \u00e1rea promissora n\u00e3o \u00e9 suficiente para que voc\u00ea tenha sucesso profissional e fique feliz com a sua carreira.<\/p>\n<p>\u00c9 importante tamb\u00e9m que voc\u00ea fa\u00e7a uma escolha muito acertada e invista em uma faculdade que tenha algumas caracter\u00edsticas importantes.<\/p>\n<p>Antes de bater o martelo e decidir onde voc\u00ea vai aprender sobre TI e suas vertentes, avalie as seguintes quest\u00f5es.<\/p>\n<ul>\n<li>Como \u00e9 a grade curricular da institui\u00e7\u00e3o?<\/li>\n<li>Quais s\u00e3o os cursos oferecidos?<\/li>\n<li>Trata-se de uma institui\u00e7\u00e3o s\u00f3lida?<\/li>\n<li>Os cursos est\u00e3o alinhados \u00e0s tend\u00eancias de mercado?<\/li>\n<\/ul>\n<p>S\u00e3o muitas perguntas, mas que abrangem a quest\u00e3o pedag\u00f3gica, a estrutura e tamb\u00e9m os moldes de aprendizado. Veja outras dicas que podem servir como norte!<\/p>\n<h3><strong>Avalie as possibilidades<\/strong><\/h3>\n<p>Atualmente, existem cursos de curta dura\u00e7\u00e3o que podem preparar voc\u00ea para entrar no mercado de trabalho, em um menor espa\u00e7o de tempo.<\/p>\n<p>\u00c9 o caso da modalidade&nbsp;t\u00e9cnica, que re\u00fane professores com larga experi\u00eancia de mercado com a base de conhecimento que \u00e9 explorada em gradua\u00e7\u00f5es.<\/p>\n<p>Com alto potencial de empregabilidade, essa \u00e9 at\u00e9 mesmo uma forma de voc\u00ea acelerar a sua entrada no mercado de trabalho. Mas coloque em mente que a ideia n\u00e3o \u00e9 parar os estudos rapidamente.<\/p>\n<p>O legal \u00e9 seguir aprendendo e se especializando para conquistar um lugar de ainda mais destaque como profissional.<\/p>\n<h3><strong>Esteja conectado<\/strong><\/h3>\n<p>Para quem deseja trabalhar com tecnologia, estar por dentro das tend\u00eancias e das novidades \u00e9 indispens\u00e1vel!<\/p>\n<p>Por isso, d\u00ea prefer\u00eancia a uma institui\u00e7\u00e3o que tenha parcerias com grandes empresas do mercado e que compartilhem de uma vis\u00e3o empreendedora \u2014 o que contribui bastante com o desenvolvimento do aluno.<\/p>\n<h3><strong>N\u00e3o poupe perguntas<\/strong><\/h3>\n<p>Se est\u00e1 pensando em come\u00e7ar os estudos em uma faculdade ou mesmo um curso t\u00e9cnico, esclare\u00e7a todas as suas d\u00favidas antes de fazer a escolha final.<\/p>\n<p>\u00c9 assim que voc\u00ea vai conseguir&nbsp;avaliar qual \u00e9 a abertura da institui\u00e7\u00e3o para&nbsp;apoi\u00e1-lo&nbsp;nos momentos necess\u00e1rios. Avalie todos os pontos com muito cuidado e curta o processo de decidir o que vai fazer quando sair da faculdade.<\/p>\n<p>Neste guia de profiss\u00f5es, n\u00e3o h\u00e1 uma resposta pronta para que voc\u00ea decida qual carreira seguir. O segredo \u00e9 ser muito curioso e apostar forte no autoconhecimento.<\/p>\n<p>Como falamos no in\u00edcio, se conhecer e tentar entender quais os seus desejos e sonhos profissionais \u00e9 um processo muito valioso.<\/p>\n<p>Mas fa\u00e7a uma combina\u00e7\u00e3o com o que \u00e9 uma tend\u00eancia de mercado, para que voc\u00ea saia da faculdade ou de um curso t\u00e9cnico com um bom potencial de empregabilidade.<\/p>\n<p>Agora que voc\u00ea acompanhou este guia de profiss\u00f5es, j\u00e1 tem uma ideia melhor do que fazer ap\u00f3s o Ensino M\u00e9dio? Se precisar, consulte o material novamente, quantas vezes quiser, e fortale\u00e7a suas ideias para a escolha da carreira ideal!<\/p>\n<p>Aproveite tamb\u00e9m&nbsp;para se preparar ainda mais para o seu futuro. Assine a nossa newsletter e confira dicas exclusivas para conquistar uma carreira incr\u00edvel e repleta de realiza\u00e7\u00f5es!<br \/>\n<a href=\"https:\/\/conteudo.impacta.edu.br\/escolher-curso-superior-ideal\" target=\"_blank\" rel=\"noopener noreferrer\"><img loading=\"lazy\" decoding=\"async\" class=\"aligncenter wp-image-2772 size-full\" src=\"https:\/\/www.impacta.edu.br\/blog\/wp-content\/uploads\/2019\/07\/Tudo-sobre-escolher-o-curso-superior-ideal.png\" alt=\"Tudo o que voc\u00ea precisa saber sobre escolher o curso superior ideal\" width=\"660\" height=\"190\"><\/a><\/p>\n<div class=\"sharing-default-minimal post-bottom\"><div class=\"nectar-social default\" data-position=\"\" data-rm-love=\"0\" data-color-override=\"override\"><div class=\"nectar-social-inner\"><a href=\"#\" class=\"nectar-love\" id=\"nectar-love-2633\" title=\"Love this\"> <i class=\"icon-salient-heart-2\"><\/i><span class=\"love-text\">Love<\/span><span class=\"total_loves\"><span class=\"nectar-love-count\">0<\/span><\/span><\/a><a class='facebook-share nectar-sharing' href='#' title='Share this'> <i class='fa fa-facebook'><\/i> <span class='social-text'>Share<\/span> <\/a><a class='twitter-share nectar-sharing' href='#' title='Share this'> <i class='fa icon-salient-x-twitter'><\/i> <span class='social-text'>Share<\/span> <\/a><a class='linkedin-share nectar-sharing' href='#' title='Share this'> <i class='fa fa-linkedin'><\/i> <span class='social-text'>Share<\/span> <\/a><a class='pinterest-share nectar-sharing' href='#' title='Pin this'> <i class='fa fa-pinterest'><\/i> <span class='social-text'>Pin<\/span> <\/a><\/div><\/div><\/div>","protected":false},"excerpt":{"rendered":"<p>N\u00e3o pode ler esse artigo agora? Ou\u00e7a a mat\u00e9ria no Player abaixo: Durante os \u00faltimos anos do Ensino M\u00e9dio, \u00e9 comum que os jovens j\u00e1 comecem a pensar de forma mais s\u00e9ria em qual trajet\u00f3ria v\u00e3o seguir ap\u00f3s o t\u00e9rmino dessa etapa de suas vidas. Um dos caminhos naturalmente seguidos \u00e9, sem d\u00favidas, o da [&hellip;]<\/p>\n","protected":false},"author":58,"featured_media":17936,"comment_status":"open","ping_status":"open","sticky":false,"template":"","format":"standard","meta":{"footnotes":""},"categories":[13,1091],"tags":[17,1004,1097],"class_list":["post-2633","post","type-post","status-publish","format-standard","has-post-thumbnail","hentry","category-carreira","category-vestibular-e-estudos","tag-dicas","tag-profissoes","tag-vestibular"],"yoast_head":"<!-- This site is optimized with the Yoast SEO plugin v25.1 - https:\/\/yoast.com\/wordpress\/plugins\/seo\/ -->\r\n<title>Guia de profiss\u00f5es: o que devo fazer ao sair do ensino m\u00e9dio?<\/title>\r\n<meta name=\"description\" content=\"Durante os \u00faltimos anos do ensino m\u00e9dio, jovens come\u00e7am a pensar seriamente no futuro profissional. Veja o Guia de profiss\u00f5es para te ajudar!\" \/>\r\n<meta name=\"robots\" content=\"index, follow, max-snippet:-1, max-image-preview:large, max-video-preview:-1\" \/>\r\n<link rel=\"canonical\" href=\"https:\/\/www.impacta.com.br\/blog\/guia-de-profissoes-o-que-devo-fazer-ao-sair-do-ensino-medio\/\" \/>\r\n<meta property=\"og:locale\" content=\"pt_BR\" \/>\r\n<meta property=\"og:type\" content=\"article\" \/>\r\n<meta property=\"og:title\" content=\"Guia de profiss\u00f5es: o que devo fazer ao sair do ensino m\u00e9dio?\" \/>\r\n<meta property=\"og:description\" content=\"Durante os \u00faltimos anos do ensino m\u00e9dio, jovens come\u00e7am a pensar seriamente no futuro profissional. Veja o Guia de profiss\u00f5es para te ajudar!\" \/>\r\n<meta property=\"og:url\" content=\"https:\/\/www.impacta.com.br\/blog\/guia-de-profissoes-o-que-devo-fazer-ao-sair-do-ensino-medio\/\" \/>\r\n<meta property=\"og:site_name\" content=\"Blog Impacta - Dicas e Not\u00edcias sobre Carreira\" \/>\r\n<meta property=\"article:published_time\" content=\"2019-03-29T18:42:34+00:00\" \/>\r\n<meta property=\"article:modified_time\" content=\"2021-05-05T19:22:45+00:00\" \/>\r\n<meta property=\"og:image\" content=\"https:\/\/www.impacta.com.br\/blog\/wp-content\/uploads\/2020\/04\/282088-guia-de-profissoes-o-que-devo-fazer-ao-sair-do-ensino-medio.jpg\" \/>\r\n\t<meta property=\"og:image:width\" content=\"2409\" \/>\r\n\t<meta property=\"og:image:height\" content=\"1245\" \/>\r\n\t<meta property=\"og:image:type\" content=\"image\/jpeg\" \/>\r\n<meta name=\"author\" content=\"Rog\u00e9rio Ramalho\" \/>\r\n<meta name=\"twitter:card\" content=\"summary_large_image\" \/>\r\n<meta name=\"twitter:label1\" content=\"Written by\" \/>\n\t<meta name=\"twitter:data1\" content=\"Rog\u00e9rio Ramalho\" \/>\n\t<meta name=\"twitter:label2\" content=\"Est. reading time\" \/>\n\t<meta name=\"twitter:data2\" content=\"18 minutos\" \/>\r\n<script type=\"application\/ld+json\" class=\"yoast-schema-graph\">{\"@context\":\"https:\/\/schema.org\",\"@graph\":[{\"@type\":\"WebPage\",\"@id\":\"https:\/\/www.impacta.com.br\/blog\/guia-de-profissoes-o-que-devo-fazer-ao-sair-do-ensino-medio\/\",\"url\":\"https:\/\/www.impacta.com.br\/blog\/guia-de-profissoes-o-que-devo-fazer-ao-sair-do-ensino-medio\/\",\"name\":\"Guia de profiss\u00f5es: o que devo fazer ao sair do ensino m\u00e9dio?\",\"isPartOf\":{\"@id\":\"https:\/\/www.impacta.com.br\/blog\/#website\"},\"primaryImageOfPage\":{\"@id\":\"https:\/\/www.impacta.com.br\/blog\/guia-de-profissoes-o-que-devo-fazer-ao-sair-do-ensino-medio\/#primaryimage\"},\"image\":{\"@id\":\"https:\/\/www.impacta.com.br\/blog\/guia-de-profissoes-o-que-devo-fazer-ao-sair-do-ensino-medio\/#primaryimage\"},\"thumbnailUrl\":\"https:\/\/www.impacta.com.br\/blog\/wp-content\/uploads\/2020\/04\/282088-guia-de-profissoes-o-que-devo-fazer-ao-sair-do-ensino-medio.jpg\",\"datePublished\":\"2019-03-29T18:42:34+00:00\",\"dateModified\":\"2021-05-05T19:22:45+00:00\",\"author\":{\"@id\":\"https:\/\/www.impacta.com.br\/blog\/#\/schema\/person\/5e02b3b20773de48448ac8abf2acee0b\"},\"description\":\"Durante os \u00faltimos anos do ensino m\u00e9dio, jovens come\u00e7am a pensar seriamente no futuro profissional. Veja o Guia de profiss\u00f5es para te ajudar!\",\"breadcrumb\":{\"@id\":\"https:\/\/www.impacta.com.br\/blog\/guia-de-profissoes-o-que-devo-fazer-ao-sair-do-ensino-medio\/#breadcrumb\"},\"inLanguage\":\"pt-BR\",\"potentialAction\":[{\"@type\":\"ReadAction\",\"target\":[\"https:\/\/www.impacta.com.br\/blog\/guia-de-profissoes-o-que-devo-fazer-ao-sair-do-ensino-medio\/\"]}]},{\"@type\":\"ImageObject\",\"inLanguage\":\"pt-BR\",\"@id\":\"https:\/\/www.impacta.com.br\/blog\/guia-de-profissoes-o-que-devo-fazer-ao-sair-do-ensino-medio\/#primaryimage\",\"url\":\"https:\/\/www.impacta.com.br\/blog\/wp-content\/uploads\/2020\/04\/282088-guia-de-profissoes-o-que-devo-fazer-ao-sair-do-ensino-medio.jpg\",\"contentUrl\":\"https:\/\/www.impacta.com.br\/blog\/wp-content\/uploads\/2020\/04\/282088-guia-de-profissoes-o-que-devo-fazer-ao-sair-do-ensino-medio.jpg\",\"width\":2409,\"height\":1245},{\"@type\":\"BreadcrumbList\",\"@id\":\"https:\/\/www.impacta.com.br\/blog\/guia-de-profissoes-o-que-devo-fazer-ao-sair-do-ensino-medio\/#breadcrumb\",\"itemListElement\":[{\"@type\":\"ListItem\",\"position\":1,\"name\":\"In\u00edcio\",\"item\":\"https:\/\/www.impacta.com.br\/blog\/\"},{\"@type\":\"ListItem\",\"position\":2,\"name\":\"Guia de profiss\u00f5es: o que devo fazer ao sair do ensino m\u00e9dio?\"}]},{\"@type\":\"WebSite\",\"@id\":\"https:\/\/www.impacta.com.br\/blog\/#website\",\"url\":\"https:\/\/www.impacta.com.br\/blog\/\",\"name\":\"Blog Impacta - Dicas e Not\u00edcias sobre Carreira\",\"description\":\"Dicas, Not\u00edcias e Conte\u00fados sobre Carreira, Tecnologia, Design, Gest\u00e3o e Marketing. Conhe\u00e7a e Acompanhe o Blog Impacta\",\"potentialAction\":[{\"@type\":\"SearchAction\",\"target\":{\"@type\":\"EntryPoint\",\"urlTemplate\":\"https:\/\/www.impacta.com.br\/blog\/?s={search_term_string}\"},\"query-input\":{\"@type\":\"PropertyValueSpecification\",\"valueRequired\":true,\"valueName\":\"search_term_string\"}}],\"inLanguage\":\"pt-BR\"},{\"@type\":\"Person\",\"@id\":\"https:\/\/www.impacta.com.br\/blog\/#\/schema\/person\/5e02b3b20773de48448ac8abf2acee0b\",\"name\":\"Rog\u00e9rio Ramalho\",\"image\":{\"@type\":\"ImageObject\",\"inLanguage\":\"pt-BR\",\"@id\":\"https:\/\/www.impacta.com.br\/blog\/#\/schema\/person\/image\/\",\"url\":\"https:\/\/secure.gravatar.com\/avatar\/7b09a9cd945ac4c87c41f1a552fd10e8?s=96&d=mm&r=g\",\"contentUrl\":\"https:\/\/secure.gravatar.com\/avatar\/7b09a9cd945ac4c87c41f1a552fd10e8?s=96&d=mm&r=g\",\"caption\":\"Rog\u00e9rio Ramalho\"},\"url\":\"https:\/\/www.impacta.com.br\/blog\/author\/rfonseca\/\"}]}<\/script>\r\n<!-- \/ Yoast SEO plugin. -->","yoast_head_json":{"title":"Guia de profiss\u00f5es: o que devo fazer ao sair do ensino m\u00e9dio?","description":"Durante os \u00faltimos anos do ensino m\u00e9dio, jovens come\u00e7am a pensar seriamente no futuro profissional. Veja o Guia de profiss\u00f5es para te ajudar!","robots":{"index":"index","follow":"follow","max-snippet":"max-snippet:-1","max-image-preview":"max-image-preview:large","max-video-preview":"max-video-preview:-1"},"canonical":"https:\/\/www.impacta.com.br\/blog\/guia-de-profissoes-o-que-devo-fazer-ao-sair-do-ensino-medio\/","og_locale":"pt_BR","og_type":"article","og_title":"Guia de profiss\u00f5es: o que devo fazer ao sair do ensino m\u00e9dio?","og_description":"Durante os \u00faltimos anos do ensino m\u00e9dio, jovens come\u00e7am a pensar seriamente no futuro profissional. Veja o Guia de profiss\u00f5es para te ajudar!","og_url":"https:\/\/www.impacta.com.br\/blog\/guia-de-profissoes-o-que-devo-fazer-ao-sair-do-ensino-medio\/","og_site_name":"Blog Impacta - Dicas e Not\u00edcias sobre Carreira","article_published_time":"2019-03-29T18:42:34+00:00","article_modified_time":"2021-05-05T19:22:45+00:00","og_image":[{"width":2409,"height":1245,"url":"https:\/\/www.impacta.com.br\/blog\/wp-content\/uploads\/2020\/04\/282088-guia-de-profissoes-o-que-devo-fazer-ao-sair-do-ensino-medio.jpg","type":"image\/jpeg"}],"author":"Rog\u00e9rio Ramalho","twitter_card":"summary_large_image","twitter_misc":{"Written by":"Rog\u00e9rio Ramalho","Est. reading time":"18 minutos"},"schema":{"@context":"https:\/\/schema.org","@graph":[{"@type":"WebPage","@id":"https:\/\/www.impacta.com.br\/blog\/guia-de-profissoes-o-que-devo-fazer-ao-sair-do-ensino-medio\/","url":"https:\/\/www.impacta.com.br\/blog\/guia-de-profissoes-o-que-devo-fazer-ao-sair-do-ensino-medio\/","name":"Guia de profiss\u00f5es: o que devo fazer ao sair do ensino m\u00e9dio?","isPartOf":{"@id":"https:\/\/www.impacta.com.br\/blog\/#website"},"primaryImageOfPage":{"@id":"https:\/\/www.impacta.com.br\/blog\/guia-de-profissoes-o-que-devo-fazer-ao-sair-do-ensino-medio\/#primaryimage"},"image":{"@id":"https:\/\/www.impacta.com.br\/blog\/guia-de-profissoes-o-que-devo-fazer-ao-sair-do-ensino-medio\/#primaryimage"},"thumbnailUrl":"https:\/\/www.impacta.com.br\/blog\/wp-content\/uploads\/2020\/04\/282088-guia-de-profissoes-o-que-devo-fazer-ao-sair-do-ensino-medio.jpg","datePublished":"2019-03-29T18:42:34+00:00","dateModified":"2021-05-05T19:22:45+00:00","author":{"@id":"https:\/\/www.impacta.com.br\/blog\/#\/schema\/person\/5e02b3b20773de48448ac8abf2acee0b"},"description":"Durante os \u00faltimos anos do ensino m\u00e9dio, jovens come\u00e7am a pensar seriamente no futuro profissional. Veja o Guia de profiss\u00f5es para te ajudar!","breadcrumb":{"@id":"https:\/\/www.impacta.com.br\/blog\/guia-de-profissoes-o-que-devo-fazer-ao-sair-do-ensino-medio\/#breadcrumb"},"inLanguage":"pt-BR","potentialAction":[{"@type":"ReadAction","target":["https:\/\/www.impacta.com.br\/blog\/guia-de-profissoes-o-que-devo-fazer-ao-sair-do-ensino-medio\/"]}]},{"@type":"ImageObject","inLanguage":"pt-BR","@id":"https:\/\/www.impacta.com.br\/blog\/guia-de-profissoes-o-que-devo-fazer-ao-sair-do-ensino-medio\/#primaryimage","url":"https:\/\/www.impacta.com.br\/blog\/wp-content\/uploads\/2020\/04\/282088-guia-de-profissoes-o-que-devo-fazer-ao-sair-do-ensino-medio.jpg","contentUrl":"https:\/\/www.impacta.com.br\/blog\/wp-content\/uploads\/2020\/04\/282088-guia-de-profissoes-o-que-devo-fazer-ao-sair-do-ensino-medio.jpg","width":2409,"height":1245},{"@type":"BreadcrumbList","@id":"https:\/\/www.impacta.com.br\/blog\/guia-de-profissoes-o-que-devo-fazer-ao-sair-do-ensino-medio\/#breadcrumb","itemListElement":[{"@type":"ListItem","position":1,"name":"In\u00edcio","item":"https:\/\/www.impacta.com.br\/blog\/"},{"@type":"ListItem","position":2,"name":"Guia de profiss\u00f5es: o que devo fazer ao sair do ensino m\u00e9dio?"}]},{"@type":"WebSite","@id":"https:\/\/www.impacta.com.br\/blog\/#website","url":"https:\/\/www.impacta.com.br\/blog\/","name":"Blog Impacta - Dicas e Not\u00edcias sobre Carreira","description":"Dicas, Not\u00edcias e Conte\u00fados sobre Carreira, Tecnologia, Design, Gest\u00e3o e Marketing. Conhe\u00e7a e Acompanhe o Blog Impacta","potentialAction":[{"@type":"SearchAction","target":{"@type":"EntryPoint","urlTemplate":"https:\/\/www.impacta.com.br\/blog\/?s={search_term_string}"},"query-input":{"@type":"PropertyValueSpecification","valueRequired":true,"valueName":"search_term_string"}}],"inLanguage":"pt-BR"},{"@type":"Person","@id":"https:\/\/www.impacta.com.br\/blog\/#\/schema\/person\/5e02b3b20773de48448ac8abf2acee0b","name":"Rog\u00e9rio Ramalho","image":{"@type":"ImageObject","inLanguage":"pt-BR","@id":"https:\/\/www.impacta.com.br\/blog\/#\/schema\/person\/image\/","url":"https:\/\/secure.gravatar.com\/avatar\/7b09a9cd945ac4c87c41f1a552fd10e8?s=96&d=mm&r=g","contentUrl":"https:\/\/secure.gravatar.com\/avatar\/7b09a9cd945ac4c87c41f1a552fd10e8?s=96&d=mm&r=g","caption":"Rog\u00e9rio Ramalho"},"url":"https:\/\/www.impacta.com.br\/blog\/author\/rfonseca\/"}]}},"acf":{"post_description":"","capa_mobile":false},"_links":{"self":[{"href":"https:\/\/www.impacta.com.br\/blog\/wp-json\/wp\/v2\/posts\/2633","targetHints":{"allow":["GET"]}}],"collection":[{"href":"https:\/\/www.impacta.com.br\/blog\/wp-json\/wp\/v2\/posts"}],"about":[{"href":"https:\/\/www.impacta.com.br\/blog\/wp-json\/wp\/v2\/types\/post"}],"author":[{"embeddable":true,"href":"https:\/\/www.impacta.com.br\/blog\/wp-json\/wp\/v2\/users\/58"}],"replies":[{"embeddable":true,"href":"https:\/\/www.impacta.com.br\/blog\/wp-json\/wp\/v2\/comments?post=2633"}],"version-history":[{"count":0,"href":"https:\/\/www.impacta.com.br\/blog\/wp-json\/wp\/v2\/posts\/2633\/revisions"}],"wp:featuredmedia":[{"embeddable":true,"href":"https:\/\/www.impacta.com.br\/blog\/wp-json\/wp\/v2\/media\/17936"}],"wp:attachment":[{"href":"https:\/\/www.impacta.com.br\/blog\/wp-json\/wp\/v2\/media?parent=2633"}],"wp:term":[{"taxonomy":"category","embeddable":true,"href":"https:\/\/www.impacta.com.br\/blog\/wp-json\/wp\/v2\/categories?post=2633"},{"taxonomy":"post_tag","embeddable":true,"href":"https:\/\/www.impacta.com.br\/blog\/wp-json\/wp\/v2\/tags?post=2633"}],"curies":[{"name":"wp","href":"https:\/\/api.w.org\/{rel}","templated":true}]}}