{"id":2360,"date":"2013-11-18T19:00:03","date_gmt":"2013-11-18T21:00:03","guid":{"rendered":"http:\/\/blogimpacta.com.br\/?p=2360"},"modified":"2021-01-05T11:16:44","modified_gmt":"2021-01-05T14:16:44","slug":"tocando-a-nuvem-cloud-pessoal-e-o-ultimo-estagio-da-evolucao","status":"publish","type":"post","link":"https:\/\/www.impacta.com.br\/blog\/tocando-a-nuvem-cloud-pessoal-e-o-ultimo-estagio-da-evolucao\/","title":{"rendered":"Computa\u00e7\u00e3o na Nuvem: cloud pessoal e o \u00faltimo est\u00e1gio da evolu\u00e7\u00e3o"},"content":{"rendered":"<p><span style=\"font-size: 14pt;\">J\u00e1\u00a0abordamos o tema da\u00a0<a title=\"Computa\u00e7\u00e3o na Nuvem: A tecnologia cloud e suas funcionalidades\" href=\"https:\/\/www.impacta.com.br\/blog\/2013\/10\/18\/tocando-a-nuvem-a-tecnologia-cloud-e-suas-funcionalidades\/\" target=\"_blank\" rel=\"noopener noreferrer\"><i>Cloud\u00a0Computing<\/i><\/a>, seus servi\u00e7os, funcionalidades e tend\u00eancias, como a <a title=\"Computa\u00e7\u00e3o na nuvem: Cloud h\u00edbrida e o rumo da tecnologia\" href=\"https:\/\/www.impacta.com.br\/blog\/2013\/10\/30\/tocando-a-nuvem-cloud-hibrida-e-o-rumo-da-tecnologia\/\" target=\"_blank\" rel=\"noopener noreferrer\"><i>cloud<\/i> h\u00edbrida<\/a>. Para fechar a trilogia sobre essa tecnologia, hoje falaremos sobre o futuro cada vez mais pr\u00f3ximo onde a cloud ser\u00e1 parte indispens\u00e1vel do dia a dia das pessoas: a <b>Era da <i>Cloud Pessoal<\/i><\/b> (<i>Personal Cloud<\/i>, no original em ingl\u00eas. N\u00e3o confundir com <i>Cloud<\/i> Privada.).<\/span><br \/>\n<span style=\"font-size: 14pt;\">Com a evolu\u00e7\u00e3o cada vez mais veloz da tecnologia, os usu\u00e1rios v\u00eam exigindo que seus arquivos, informa\u00e7\u00f5es, configura\u00e7\u00f5es pessoais e aplicativos tenham a capacidade de viajar com eles, estando dispon\u00edvel para acesso o tempo todo. <\/span><br \/>\n<span style=\"font-size: 14pt;\">Portar <i>pendrives<\/i>, HDs port\u00e1teis e outros dispositivos m\u00f3veis de armazenamento para ter acesso aos seus arquivos pessoais \u00e9 uma pr\u00e1tica quase ultrapassada e relacionada, de certo modo, \u00e0 <b>Era do Computador Pessoal<\/b>, que depois de 30 anos, finalmente encontrou sua sucessora com o advento da populariza\u00e7\u00e3o de <i>smartphones<\/i> e <i>tablets<\/i> cada vez mais eficientes.<\/span><\/p>\n<h2><span style=\"font-size: 18.6667px;\"><b>\u00a0 \u00a0Mas afinal, qual a fun\u00e7\u00e3o desses dispositivos?<\/b><\/span><\/h2>\n<p><span style=\"font-size: 14pt;\">Esses aparelhos representam a chegada de um futuro onde o <a title=\"Saiba como se preparar para a ascens\u00e3o dos dispositivos m\u00f3veis\" href=\"https:\/\/www.impacta.com.br\/blog\/2016\/02\/23\/saiba-como-preparar-para-ascensao-dispositivos-moveis\/\" target=\"_blank\" rel=\"noopener noreferrer\">dispositivo <\/a>n\u00e3o \u00e9 nada mais do que um ponto de acesso a conte\u00fado pessoal e individual, armazenado em um \u201cespa\u00e7o\u201d acess\u00edvel de qualquer lugar, por qualquer aparelho, a qualquer momento.<\/span><br \/>\n<span style=\"font-size: 14pt;\">\u00c9 importante lembrar que o in\u00edcio da Era da Cloud Pessoal n\u00e3o significa o fim definitivo da Era do Computador Pessoal. Desktops e <a title=\"7 dicas simples para fazer a manuten\u00e7\u00e3o de notebooks\" href=\"https:\/\/www.impacta.com.br\/blog\/2017\/07\/17\/7-dicas-simples-para-fazer-a-manutencao-de-notebooks\/\" target=\"_blank\" rel=\"noopener noreferrer\">notebooks <\/a>ainda t\u00eam, e continuar\u00e3o a ter, um papel importante na organiza\u00e7\u00e3o das empresas, por\u00e9m, far\u00e3o parte de uma estrutura muito maior. <\/span><br \/>\n<span style=\"font-size: 14pt;\">Para as empresas, esse passo adiante significa um aumento nos investimentos em ambientes voltados ao mobile e m\u00e3o de obra especializada. Os departamentos de TI ter\u00e3o seu papel redefinido e adaptado a fim de cumprir sua miss\u00e3o na mudan\u00e7a das condi\u00e7\u00f5es de neg\u00f3cio nesse novo cen\u00e1rio.<\/span><br \/>\n<span style=\"font-size: 14pt;\">O consumidor em geral ainda tem uma no\u00e7\u00e3o de que a nuvem funciona como uma usina ao distribuir informa\u00e7\u00e3o, n\u00e3o ficando claro o qu\u00e3o complexa e mais segura pode ser em rela\u00e7\u00e3o a outras solu\u00e7\u00f5es de armazenamento. <\/span><br \/>\n<span style=\"font-size: 14pt;\">O trabalho dos desenvolvedores nesse ponto \u00e9 criar recursos com a <a href=\"https:\/\/www.impacta.com.br\/blog\/2014\/09\/02\/novidades-nos-servicos-de-nuvem\/\" target=\"_blank\" rel=\"noopener noreferrer\">nuvem<\/a> de modo a levar esse consumidor a transferir suas informa\u00e7\u00f5es para um servidor remoto. Dessa forma, \u00e9 importante apresentar <a title=\"Redes e Seguran\u00e7a da Informa\u00e7\u00e3o: por que se especializar?\" href=\"https:\/\/www.impacta.com.br\/blog\/2015\/03\/17\/redes-e-seguranca-da-informacao-por-que-se-especializar\/\" target=\"_blank\" rel=\"noopener noreferrer\">seguran\u00e7a<\/a>, privacidade e experi\u00eancia, al\u00e9m dos benef\u00edcios, entre os quais podemos citar:<\/span><\/p>\n<ul>\n<li><strong><span style=\"font-size: 14pt;\"><span style=\"font-size: 14pt;\">Usufruir das mesmas experi\u00eancias, independente de hardware ou sistema operacional;<\/span><\/span>\u00a0<\/strong><\/li>\n<li><strong><span style=\"font-size: 14pt;\"><span style=\"font-size: 14pt;\">Utilizar novos aparelhos com as mesmas configura\u00e7\u00f5es, arquivos e informa\u00e7\u00f5es pessoais em apenas poucos segundos de download;<\/span><\/span>\u00a0<\/strong><\/li>\n<li><strong><span style=\"font-size: 14pt;\"><span style=\"font-size: 14pt;\">A seguran\u00e7a de ter os arquivos salvos remotamente, prevenindo que um aparelho estragado cause alguma perda significante de informa\u00e7\u00e3o;<\/span><\/span>\u00a0<\/strong><\/li>\n<li><strong><span style=\"font-size: 14pt;\">A prote\u00e7\u00e3o de um sistema de seguran\u00e7a inteligente que verifica todas as conex\u00f5es e s\u00f3 envia informa\u00e7\u00e3o atrav\u00e9s de redes seguras.<\/span><\/strong><\/li>\n<\/ul>\n<p><span style=\"font-size: 14pt;\">A nuvem pessoal \u00e9 um vislumbre de um tempo em que todas as informa\u00e7\u00f5es &#8211; tanto pessoais quanto corporativas \u2013 estar\u00e3o dispon\u00edveis e interligadas em um ponto remoto, tornando as experi\u00eancias tecnol\u00f3gicas de cada usu\u00e1rio mais personalizadas e completas.<\/span><br \/>\n<span style=\"font-size: 14pt;\">Quest\u00f5es de seguran\u00e7a e privacidade ainda\u00a0ir\u00e3o\u00a0de frear sua implementa\u00e7\u00e3o, mas o ritmo do desenvolvimento leva a crer que em poucos anos poderemos afirmar que teremos uma nuvem para cada um.<\/span><br \/>\n<span style=\"font-size: 14pt;\">Deixe seu coment\u00e1rio e nos conte se o conte\u00fado foi importante para que seus conhecimentos sobre a nuvem expandissem e para seu melhor entendimento sobre essa plataforma!<\/span><\/p>\n<div class=\"sharing-default-minimal post-bottom\"><div class=\"nectar-social default\" data-position=\"\" data-rm-love=\"0\" data-color-override=\"override\"><div class=\"nectar-social-inner\"><a href=\"#\" class=\"nectar-love\" id=\"nectar-love-2360\" title=\"Love this\"> <i class=\"icon-salient-heart-2\"><\/i><span class=\"love-text\">Love<\/span><span class=\"total_loves\"><span class=\"nectar-love-count\">0<\/span><\/span><\/a><a class='facebook-share nectar-sharing' href='#' title='Share this'> <i class='fa fa-facebook'><\/i> <span class='social-text'>Share<\/span> <\/a><a class='twitter-share nectar-sharing' href='#' title='Share this'> <i class='fa icon-salient-x-twitter'><\/i> <span class='social-text'>Share<\/span> <\/a><a class='linkedin-share nectar-sharing' href='#' title='Share this'> <i class='fa fa-linkedin'><\/i> <span class='social-text'>Share<\/span> <\/a><a class='pinterest-share nectar-sharing' href='#' title='Pin this'> <i class='fa fa-pinterest'><\/i> <span class='social-text'>Pin<\/span> <\/a><\/div><\/div><\/div>","protected":false},"excerpt":{"rendered":"<p>J\u00e1\u00a0abordamos o tema da\u00a0Cloud\u00a0Computing, seus servi\u00e7os, funcionalidades e tend\u00eancias, como a cloud h\u00edbrida. Para fechar a trilogia sobre essa tecnologia, hoje falaremos sobre o futuro cada vez mais pr\u00f3ximo onde a cloud ser\u00e1 parte indispens\u00e1vel do dia a dia das pessoas: a Era da Cloud Pessoal (Personal Cloud, no original em ingl\u00eas. N\u00e3o confundir com [&hellip;]<\/p>\n","protected":false},"author":2,"featured_media":17630,"comment_status":"open","ping_status":"open","sticky":false,"template":"","format":"standard","meta":{"footnotes":""},"categories":[10,3],"tags":[148,60,70,141,61,11,160],"class_list":["post-2360","post","type-post","status-publish","format-standard","has-post-thumbnail","hentry","category-desenvolvimento","category-tecnologia","tag-cloud","tag-cloud-computing","tag-mercado","tag-mobile","tag-nuvem","tag-tecnologia","tag-tendencia"],"yoast_head":"<!-- This site is optimized with the Yoast SEO plugin v25.1 - https:\/\/yoast.com\/wordpress\/plugins\/seo\/ -->\r\n<title>Cloud pessoal e o \u00faltimo est\u00e1gio da evolu\u00e7\u00e3o<\/title>\r\n<meta name=\"description\" content=\"O Cloud ir\u00e1 se tornar uma parte indispens\u00e1vel na vida das pessoas, a era do Cloud Pessoal onde as pessoas exigem que seus arquivos possam estar junto.\" \/>\r\n<meta name=\"robots\" content=\"index, follow, max-snippet:-1, max-image-preview:large, max-video-preview:-1\" \/>\r\n<link rel=\"canonical\" href=\"https:\/\/www.impacta.com.br\/blog\/tocando-a-nuvem-cloud-pessoal-e-o-ultimo-estagio-da-evolucao\/\" \/>\r\n<meta property=\"og:locale\" content=\"pt_BR\" \/>\r\n<meta property=\"og:type\" content=\"article\" \/>\r\n<meta property=\"og:title\" content=\"Cloud pessoal e o \u00faltimo est\u00e1gio da evolu\u00e7\u00e3o\" \/>\r\n<meta property=\"og:description\" content=\"O Cloud ir\u00e1 se tornar uma parte indispens\u00e1vel na vida das pessoas, a era do Cloud Pessoal onde as pessoas exigem que seus arquivos possam estar junto.\" \/>\r\n<meta property=\"og:url\" content=\"https:\/\/www.impacta.com.br\/blog\/tocando-a-nuvem-cloud-pessoal-e-o-ultimo-estagio-da-evolucao\/\" \/>\r\n<meta property=\"og:site_name\" content=\"Blog Impacta - Dicas e Not\u00edcias sobre Carreira\" \/>\r\n<meta property=\"article:published_time\" content=\"2013-11-18T21:00:03+00:00\" \/>\r\n<meta property=\"article:modified_time\" content=\"2021-01-05T14:16:44+00:00\" \/>\r\n<meta property=\"og:image\" content=\"https:\/\/www.impacta.com.br\/blog\/wp-content\/uploads\/2020\/04\/blog_cloud2.jpg\" \/>\r\n\t<meta property=\"og:image:width\" content=\"473\" \/>\r\n\t<meta property=\"og:image:height\" content=\"157\" \/>\r\n\t<meta property=\"og:image:type\" content=\"image\/jpeg\" \/>\r\n<meta name=\"author\" content=\"Reda\u00e7\u00e3o Impacta\" \/>\r\n<meta name=\"twitter:card\" content=\"summary_large_image\" \/>\r\n<meta name=\"twitter:label1\" content=\"Written by\" \/>\n\t<meta name=\"twitter:data1\" content=\"Reda\u00e7\u00e3o Impacta\" \/>\n\t<meta name=\"twitter:label2\" content=\"Est. reading time\" \/>\n\t<meta name=\"twitter:data2\" content=\"3 minutos\" \/>\r\n<script type=\"application\/ld+json\" class=\"yoast-schema-graph\">{\"@context\":\"https:\/\/schema.org\",\"@graph\":[{\"@type\":\"WebPage\",\"@id\":\"https:\/\/www.impacta.com.br\/blog\/tocando-a-nuvem-cloud-pessoal-e-o-ultimo-estagio-da-evolucao\/\",\"url\":\"https:\/\/www.impacta.com.br\/blog\/tocando-a-nuvem-cloud-pessoal-e-o-ultimo-estagio-da-evolucao\/\",\"name\":\"Cloud pessoal e o \u00faltimo est\u00e1gio da evolu\u00e7\u00e3o\",\"isPartOf\":{\"@id\":\"https:\/\/www.impacta.com.br\/blog\/#website\"},\"primaryImageOfPage\":{\"@id\":\"https:\/\/www.impacta.com.br\/blog\/tocando-a-nuvem-cloud-pessoal-e-o-ultimo-estagio-da-evolucao\/#primaryimage\"},\"image\":{\"@id\":\"https:\/\/www.impacta.com.br\/blog\/tocando-a-nuvem-cloud-pessoal-e-o-ultimo-estagio-da-evolucao\/#primaryimage\"},\"thumbnailUrl\":\"https:\/\/www.impacta.com.br\/blog\/wp-content\/uploads\/2020\/04\/blog_cloud2.jpg\",\"datePublished\":\"2013-11-18T21:00:03+00:00\",\"dateModified\":\"2021-01-05T14:16:44+00:00\",\"author\":{\"@id\":\"https:\/\/www.impacta.com.br\/blog\/#\/schema\/person\/2e0896bac7656da15b68f5ad2ddd0d8c\"},\"description\":\"O Cloud ir\u00e1 se tornar uma parte indispens\u00e1vel na vida das pessoas, a era do Cloud Pessoal onde as pessoas exigem que seus arquivos possam estar junto.\",\"breadcrumb\":{\"@id\":\"https:\/\/www.impacta.com.br\/blog\/tocando-a-nuvem-cloud-pessoal-e-o-ultimo-estagio-da-evolucao\/#breadcrumb\"},\"inLanguage\":\"pt-BR\",\"potentialAction\":[{\"@type\":\"ReadAction\",\"target\":[\"https:\/\/www.impacta.com.br\/blog\/tocando-a-nuvem-cloud-pessoal-e-o-ultimo-estagio-da-evolucao\/\"]}]},{\"@type\":\"ImageObject\",\"inLanguage\":\"pt-BR\",\"@id\":\"https:\/\/www.impacta.com.br\/blog\/tocando-a-nuvem-cloud-pessoal-e-o-ultimo-estagio-da-evolucao\/#primaryimage\",\"url\":\"https:\/\/www.impacta.com.br\/blog\/wp-content\/uploads\/2020\/04\/blog_cloud2.jpg\",\"contentUrl\":\"https:\/\/www.impacta.com.br\/blog\/wp-content\/uploads\/2020\/04\/blog_cloud2.jpg\",\"width\":473,\"height\":157},{\"@type\":\"BreadcrumbList\",\"@id\":\"https:\/\/www.impacta.com.br\/blog\/tocando-a-nuvem-cloud-pessoal-e-o-ultimo-estagio-da-evolucao\/#breadcrumb\",\"itemListElement\":[{\"@type\":\"ListItem\",\"position\":1,\"name\":\"In\u00edcio\",\"item\":\"https:\/\/www.impacta.com.br\/blog\/\"},{\"@type\":\"ListItem\",\"position\":2,\"name\":\"Computa\u00e7\u00e3o na Nuvem: cloud pessoal e o \u00faltimo est\u00e1gio da evolu\u00e7\u00e3o\"}]},{\"@type\":\"WebSite\",\"@id\":\"https:\/\/www.impacta.com.br\/blog\/#website\",\"url\":\"https:\/\/www.impacta.com.br\/blog\/\",\"name\":\"Blog Impacta - Dicas e Not\u00edcias sobre Carreira\",\"description\":\"Dicas, Not\u00edcias e Conte\u00fados sobre Carreira, Tecnologia, Design, Gest\u00e3o e Marketing. Conhe\u00e7a e Acompanhe o Blog Impacta\",\"potentialAction\":[{\"@type\":\"SearchAction\",\"target\":{\"@type\":\"EntryPoint\",\"urlTemplate\":\"https:\/\/www.impacta.com.br\/blog\/?s={search_term_string}\"},\"query-input\":{\"@type\":\"PropertyValueSpecification\",\"valueRequired\":true,\"valueName\":\"search_term_string\"}}],\"inLanguage\":\"pt-BR\"},{\"@type\":\"Person\",\"@id\":\"https:\/\/www.impacta.com.br\/blog\/#\/schema\/person\/2e0896bac7656da15b68f5ad2ddd0d8c\",\"name\":\"Reda\u00e7\u00e3o Impacta\",\"image\":{\"@type\":\"ImageObject\",\"inLanguage\":\"pt-BR\",\"@id\":\"https:\/\/www.impacta.com.br\/blog\/#\/schema\/person\/image\/\",\"url\":\"https:\/\/secure.gravatar.com\/avatar\/7443a59e479c8f31067628e3a4bed9ad?s=96&d=mm&r=g\",\"contentUrl\":\"https:\/\/secure.gravatar.com\/avatar\/7443a59e479c8f31067628e3a4bed9ad?s=96&d=mm&r=g\",\"caption\":\"Reda\u00e7\u00e3o Impacta\"},\"url\":\"https:\/\/www.impacta.com.br\/blog\/author\/redacao\/\"}]}<\/script>\r\n<!-- \/ Yoast SEO plugin. -->","yoast_head_json":{"title":"Cloud pessoal e o \u00faltimo est\u00e1gio da evolu\u00e7\u00e3o","description":"O Cloud ir\u00e1 se tornar uma parte indispens\u00e1vel na vida das pessoas, a era do Cloud Pessoal onde as pessoas exigem que seus arquivos possam estar junto.","robots":{"index":"index","follow":"follow","max-snippet":"max-snippet:-1","max-image-preview":"max-image-preview:large","max-video-preview":"max-video-preview:-1"},"canonical":"https:\/\/www.impacta.com.br\/blog\/tocando-a-nuvem-cloud-pessoal-e-o-ultimo-estagio-da-evolucao\/","og_locale":"pt_BR","og_type":"article","og_title":"Cloud pessoal e o \u00faltimo est\u00e1gio da evolu\u00e7\u00e3o","og_description":"O Cloud ir\u00e1 se tornar uma parte indispens\u00e1vel na vida das pessoas, a era do Cloud Pessoal onde as pessoas exigem que seus arquivos possam estar junto.","og_url":"https:\/\/www.impacta.com.br\/blog\/tocando-a-nuvem-cloud-pessoal-e-o-ultimo-estagio-da-evolucao\/","og_site_name":"Blog Impacta - Dicas e Not\u00edcias sobre Carreira","article_published_time":"2013-11-18T21:00:03+00:00","article_modified_time":"2021-01-05T14:16:44+00:00","og_image":[{"width":473,"height":157,"url":"https:\/\/www.impacta.com.br\/blog\/wp-content\/uploads\/2020\/04\/blog_cloud2.jpg","type":"image\/jpeg"}],"author":"Reda\u00e7\u00e3o Impacta","twitter_card":"summary_large_image","twitter_misc":{"Written by":"Reda\u00e7\u00e3o Impacta","Est. reading time":"3 minutos"},"schema":{"@context":"https:\/\/schema.org","@graph":[{"@type":"WebPage","@id":"https:\/\/www.impacta.com.br\/blog\/tocando-a-nuvem-cloud-pessoal-e-o-ultimo-estagio-da-evolucao\/","url":"https:\/\/www.impacta.com.br\/blog\/tocando-a-nuvem-cloud-pessoal-e-o-ultimo-estagio-da-evolucao\/","name":"Cloud pessoal e o \u00faltimo est\u00e1gio da evolu\u00e7\u00e3o","isPartOf":{"@id":"https:\/\/www.impacta.com.br\/blog\/#website"},"primaryImageOfPage":{"@id":"https:\/\/www.impacta.com.br\/blog\/tocando-a-nuvem-cloud-pessoal-e-o-ultimo-estagio-da-evolucao\/#primaryimage"},"image":{"@id":"https:\/\/www.impacta.com.br\/blog\/tocando-a-nuvem-cloud-pessoal-e-o-ultimo-estagio-da-evolucao\/#primaryimage"},"thumbnailUrl":"https:\/\/www.impacta.com.br\/blog\/wp-content\/uploads\/2020\/04\/blog_cloud2.jpg","datePublished":"2013-11-18T21:00:03+00:00","dateModified":"2021-01-05T14:16:44+00:00","author":{"@id":"https:\/\/www.impacta.com.br\/blog\/#\/schema\/person\/2e0896bac7656da15b68f5ad2ddd0d8c"},"description":"O Cloud ir\u00e1 se tornar uma parte indispens\u00e1vel na vida das pessoas, a era do Cloud Pessoal onde as pessoas exigem que seus arquivos possam estar junto.","breadcrumb":{"@id":"https:\/\/www.impacta.com.br\/blog\/tocando-a-nuvem-cloud-pessoal-e-o-ultimo-estagio-da-evolucao\/#breadcrumb"},"inLanguage":"pt-BR","potentialAction":[{"@type":"ReadAction","target":["https:\/\/www.impacta.com.br\/blog\/tocando-a-nuvem-cloud-pessoal-e-o-ultimo-estagio-da-evolucao\/"]}]},{"@type":"ImageObject","inLanguage":"pt-BR","@id":"https:\/\/www.impacta.com.br\/blog\/tocando-a-nuvem-cloud-pessoal-e-o-ultimo-estagio-da-evolucao\/#primaryimage","url":"https:\/\/www.impacta.com.br\/blog\/wp-content\/uploads\/2020\/04\/blog_cloud2.jpg","contentUrl":"https:\/\/www.impacta.com.br\/blog\/wp-content\/uploads\/2020\/04\/blog_cloud2.jpg","width":473,"height":157},{"@type":"BreadcrumbList","@id":"https:\/\/www.impacta.com.br\/blog\/tocando-a-nuvem-cloud-pessoal-e-o-ultimo-estagio-da-evolucao\/#breadcrumb","itemListElement":[{"@type":"ListItem","position":1,"name":"In\u00edcio","item":"https:\/\/www.impacta.com.br\/blog\/"},{"@type":"ListItem","position":2,"name":"Computa\u00e7\u00e3o na Nuvem: cloud pessoal e o \u00faltimo est\u00e1gio da evolu\u00e7\u00e3o"}]},{"@type":"WebSite","@id":"https:\/\/www.impacta.com.br\/blog\/#website","url":"https:\/\/www.impacta.com.br\/blog\/","name":"Blog Impacta - Dicas e Not\u00edcias sobre Carreira","description":"Dicas, Not\u00edcias e Conte\u00fados sobre Carreira, Tecnologia, Design, Gest\u00e3o e Marketing. Conhe\u00e7a e Acompanhe o Blog Impacta","potentialAction":[{"@type":"SearchAction","target":{"@type":"EntryPoint","urlTemplate":"https:\/\/www.impacta.com.br\/blog\/?s={search_term_string}"},"query-input":{"@type":"PropertyValueSpecification","valueRequired":true,"valueName":"search_term_string"}}],"inLanguage":"pt-BR"},{"@type":"Person","@id":"https:\/\/www.impacta.com.br\/blog\/#\/schema\/person\/2e0896bac7656da15b68f5ad2ddd0d8c","name":"Reda\u00e7\u00e3o Impacta","image":{"@type":"ImageObject","inLanguage":"pt-BR","@id":"https:\/\/www.impacta.com.br\/blog\/#\/schema\/person\/image\/","url":"https:\/\/secure.gravatar.com\/avatar\/7443a59e479c8f31067628e3a4bed9ad?s=96&d=mm&r=g","contentUrl":"https:\/\/secure.gravatar.com\/avatar\/7443a59e479c8f31067628e3a4bed9ad?s=96&d=mm&r=g","caption":"Reda\u00e7\u00e3o Impacta"},"url":"https:\/\/www.impacta.com.br\/blog\/author\/redacao\/"}]}},"acf":{"post_description":null,"capa_mobile":null},"_links":{"self":[{"href":"https:\/\/www.impacta.com.br\/blog\/wp-json\/wp\/v2\/posts\/2360","targetHints":{"allow":["GET"]}}],"collection":[{"href":"https:\/\/www.impacta.com.br\/blog\/wp-json\/wp\/v2\/posts"}],"about":[{"href":"https:\/\/www.impacta.com.br\/blog\/wp-json\/wp\/v2\/types\/post"}],"author":[{"embeddable":true,"href":"https:\/\/www.impacta.com.br\/blog\/wp-json\/wp\/v2\/users\/2"}],"replies":[{"embeddable":true,"href":"https:\/\/www.impacta.com.br\/blog\/wp-json\/wp\/v2\/comments?post=2360"}],"version-history":[{"count":0,"href":"https:\/\/www.impacta.com.br\/blog\/wp-json\/wp\/v2\/posts\/2360\/revisions"}],"wp:featuredmedia":[{"embeddable":true,"href":"https:\/\/www.impacta.com.br\/blog\/wp-json\/wp\/v2\/media\/17630"}],"wp:attachment":[{"href":"https:\/\/www.impacta.com.br\/blog\/wp-json\/wp\/v2\/media?parent=2360"}],"wp:term":[{"taxonomy":"category","embeddable":true,"href":"https:\/\/www.impacta.com.br\/blog\/wp-json\/wp\/v2\/categories?post=2360"},{"taxonomy":"post_tag","embeddable":true,"href":"https:\/\/www.impacta.com.br\/blog\/wp-json\/wp\/v2\/tags?post=2360"}],"curies":[{"name":"wp","href":"https:\/\/api.w.org\/{rel}","templated":true}]}}