{"id":2195,"date":"2018-09-14T12:49:55","date_gmt":"2018-09-14T15:49:55","guid":{"rendered":"https:\/\/www.impacta.edu.br\/blog\/saiba-como-se-preparar-para-um-cargo-de-lideranca-na-empresa\/"},"modified":"2018-09-14T12:49:55","modified_gmt":"2018-09-14T15:49:55","slug":"saiba-como-se-preparar-para-um-cargo-de-lideranca-na-empresa","status":"publish","type":"post","link":"https:\/\/www.impacta.com.br\/blog\/saiba-como-se-preparar-para-um-cargo-de-lideranca-na-empresa\/","title":{"rendered":"Saiba como se preparar para um cargo de lideran\u00e7a na empresa"},"content":{"rendered":"<p>Curso de <a href=\"https:\/\/www.impacta.edu.br\/graduacao\" target=\"_blank\" rel=\"noopener noreferrer\">gradua\u00e7\u00e3o<\/a> finalizado, inserido no mercado de trabalho, sal\u00e1rio fixo no final do m\u00eas e fazendo o que gosta. Essa \u00e9 a vida profissional almejada pela maioria dos jovens na casa dos vinte e pouco anos. Se voc\u00ea est\u00e1 nessa posi\u00e7\u00e3o, maravilha! Agora \u00e9 hora de pensar em como se preparar para um cargo de lideran\u00e7a, para dar um up em sua carreira, crescer dentro da empresa e, consequentemente, alcan\u00e7ar um sal\u00e1rio melhor.<br \/>\nSabemos que buscar o crescimento profissional \u00e9 o objetivo de quase todos que est\u00e3o inseridos no mercado de trabalho, principalmente para os funcion\u00e1rios de alguma empresa. Um dos caminhos a ser trilhado nessa dire\u00e7\u00e3o\u00a0\u00e9 pleitear por um cargo de lideran\u00e7a. Entretanto, a experi\u00eancia mostra que n\u00e3o \u00e9 t\u00e3o f\u00e1cil assim chegar l\u00e1.<br \/>\nNeste texto, vamos apresentar dicas importantes de como se preparar para um cargo de lideran\u00e7a. S\u00e3o informa\u00e7\u00f5es relevantes para ajud\u00e1-lo (a) a estar preparado (a) quando essa oportunidade surgir e para que voc\u00ea possa\u00a0assumir a posi\u00e7\u00e3o na empresa em que trabalha. Confira!<\/p>\n<h2>Desenvolva o autoconhecimento<\/h2>\n<p>Al\u00e9m do certo glamour que um cargo de lideran\u00e7a pode trazer, ocupar uma posi\u00e7\u00e3o de destaque requer ser o (a) respons\u00e1vel por levar a equipe ao encontro dos objetivos da empresa. Ent\u00e3o, se o seu plano \u00e9 buscar esse tipo de coloca\u00e7\u00e3o na organiza\u00e7\u00e3o em que trabalha, fa\u00e7a a diferen\u00e7a e se destaque entre seus pares.<br \/>\nO primeiro passo que voc\u00ea deve seguir \u00e9 aprender\u00a0tudo sobre a seu respeito. Coloque no papel quais s\u00e3o suas caracter\u00edsticas comportamentais, destacando os pontos fortes e quais s\u00e3o aqueles que precisam ser aprimorados. Para se tornar um l\u00edder, primeiro \u00e9 preciso identificar quais s\u00e3o as suas facilidades, capacidades e habilidades, al\u00e9m das suas dificuldades e limites.<br \/>\nEsse exerc\u00edcio gera a reflex\u00e3o sobre quem \u00e9 voc\u00ea hoje, onde est\u00e1 e aonde quer chegar. Al\u00e9m disso, \u00e9 poss\u00edvel tamb\u00e9m identificar quais os gaps existentes entre o seu presente e o seu <a href=\"https:\/\/www.impacta.edu.br\/blog\/mercado-de-trabalho-do-futuro\/\" target=\"_blank\" rel=\"noopener noreferrer\">futuro profissional<\/a>. Dessa forma, \u00e9 poss\u00edvel saber como voc\u00ea \u00e9, age e pensa, identificando aquilo em que \u00e9 muito bom e o que ainda precisa desenvolver.<\/p>\n<h2>Informe-se<\/h2>\n<p>O pr\u00f3ximo passo \u00e9 a busca por informa\u00e7\u00f5es. A principal recomenda\u00e7\u00e3o aqui \u00e9: leia muito! Al\u00e9m disso, aprenda com a experi\u00eancia de outros profissionais. Corra\u00a0atr\u00e1s de <a href=\"https:\/\/www.impacta.com.br\" target=\"_blank\" rel=\"noopener noreferrer\">cursos<\/a>, testes, livros ou outras fontes de informa\u00e7\u00e3o e orienta\u00e7\u00e3o que mostrem novos caminhos.<br \/>\nAl\u00e9m, \u00e9 claro, da participa\u00e7\u00e3o em congressos, workshops, palestras e afins, principalmente em eventos sobre gest\u00e3o de pessoas e lideran\u00e7a. Com essa a\u00e7\u00e3o, voc\u00ea estar\u00e1 em constante aprendizagem e estar\u00e1 sempre apto a fazer as melhores escolhas. Tudo isso faz com que voc\u00ea seja um profissional qualificado e de amplo conhecimento.<br \/>\nUma boa dica tamb\u00e9m\u00a0\u00e9 conhecer de antem\u00e3o o perfil dos gestores da empresa em que trabalha. Procure entender se o seu perfil se ad\u00e9qua ao deles. Para isso, voc\u00ea deve conhecer a institui\u00e7\u00e3o e ficar por dentro da cultura organizacional da empresa. Al\u00e9m de buscar informa\u00e7\u00f5es sobre o que a organiza\u00e7\u00e3o espera de um l\u00edder e quais as compet\u00eancias exigidas para pleitear o cargo.<\/p>\n<h2>Fa\u00e7a escolhas<\/h2>\n<p>Depois de fazer a sua autoan\u00e1lise e de se informar sobre o tema e as possibilidades de carreira em sua empresa, \u00e9 necess\u00e1rio saber fazer escolhas. Isso significa abrir m\u00e3o de oportunidades que n\u00e3o est\u00e3o adequadas ao seu perfil, mesmo aquelas que sejam \u00f3timas propostas.<br \/>\nEscolha feita, n\u00e3o desista com os obst\u00e1culos! Com o crescimento, as dificuldades v\u00e3o ficando cada vez maiores. Mas a boa not\u00edcia \u00e9 que com os problemas, a possibilidade de aprendizado tamb\u00e9m \u00e9 maior e voc\u00ea se torna uma pessoa mais experiente e capaz de amenizar as situa\u00e7\u00f5es mais tensas.<\/p>\n<h2>Tenha atitudes certeiras<\/h2>\n<p>Como todos sabem, liderar equipes n\u00e3o \u00e9 uma tarefa f\u00e1cil. Sendo assim, \u00e9 fundamental desenvolver habilidades sociais como paci\u00eancia e empatia, por exemplo. Atitudes como essas s\u00e3o importantes para enfrentar as emo\u00e7\u00f5es individuais do dia a dia no ambiente de trabalho.<br \/>\nSaber se relacionar \u00e9 uma das compet\u00eancias fundamentais de uma lideran\u00e7a. Tenha em mente\u00a0que, ao liderar uma equipe, voc\u00ea vai se deparar com pessoas com personalidades diferentes. Esse talvez seja um dos maiores desafios para todo gestor.<\/p>\n<h2>Demonstre resultados<\/h2>\n<p>A capacidade de se destacar dentro da equipe \u00e9 outra caracter\u00edstica fundamental de um l\u00edder. Procure mostrar para o seu gestor que voc\u00ea est\u00e1 apto a liderar. Aceite desafios e mostre sua capacidade de resolu\u00e7\u00e3o de problemas. \u00c9 importante\u00a0ainda envolver seus pares na execu\u00e7\u00e3o da tarefa, influenciando-os positivamente.<br \/>\nUma boa iniciativa tamb\u00e9m \u00e9 procurar fazer al\u00e9m da sua obriga\u00e7\u00e3o. Apresente op\u00e7\u00f5es e a\u00e7\u00f5es efetivas que podem otimizar os resultados esperados. Geralmente, as pessoas n\u00e3o se tornam l\u00edderes sem antes mostrarem que est\u00e3o preparadas.<\/p>\n<h2>Invista em especializa\u00e7\u00f5es<\/h2>\n<p>Caso o seu objetivo seja\u00a0ser um l\u00edder, a <a href=\"https:\/\/www.impacta.com.br\/blog\/2018\/08\/10\/6-livros-sobre-gestao-de-pessoas-essenciais-para-sua-carreira\/\">habilidade de gest\u00e3o<\/a> ser\u00e1 t\u00e3o fundamental quanto suas capacidades t\u00e9cnicas. Quem deseja ocupar uma posi\u00e7\u00e3o de lideran\u00e7a tem que ter em mente que para se destacar \u00e9 necess\u00e1rio ser um especialista no assunto. Ou seja, seguir buscando conhecimento \u00e9 indispens\u00e1vel para se preparar para o cargo.<br \/>\nNessa dire\u00e7\u00e3o, o ideal \u00e9 investir em um curso de lideran\u00e7a, voltado \u00e0 gest\u00e3o de pessoas, por exemplo. Cursos de <a href=\"https:\/\/www.impacta.edu.br\/pos-e-mba\" target=\"_blank\" rel=\"noopener noreferrer\">p\u00f3s-gradua\u00e7\u00e3o ou MBA<\/a> s\u00e3o os mais indicados para os profissionais que procuram uma vis\u00e3o ampliada de como gerenciar melhor as pessoas.<br \/>\nOs desafios da lideran\u00e7a s\u00e3o cada vez maiores. Sendo assim, aumenta o n\u00famero de profissionais que\u00a0procuram\u00a0se especializar com cursos de p\u00f3s-gradua\u00e7\u00e3o e <a href=\"https:\/\/www.impacta.edu.br\/blog\/aumente-remuneracao-com-mba\/\" target=\"_blank\" rel=\"noopener noreferrer\">MBA<\/a>.<\/p>\n<h2>Prepare-se para assumir o cargo<\/h2>\n<p>\u00c9 hora de procurar um bom curso de especializa\u00e7\u00e3o que vai te ajudar nessa caminhada. Busque por credibilidade. Avalie se n\u00e3o \u00e9 melhor investir um pouco mais e garantir um diploma reconhecido do que gastar menos e correr o risco de perder tempo ou dinheiro.<br \/>\nA<a href=\"https:\/\/www.impacta.edu.br\/\" target=\"_blank\" rel=\"noopener noreferrer\"> Faculdade Impacta<\/a> \u00e9 uma institui\u00e7\u00e3o com know-how de mais de 15 anos e 98% dos alunos entram no mercado logo ap\u00f3s finalizar o\u00a0curso. S\u00e3o especializa\u00e7\u00f5es com certifica\u00e7\u00e3o, qualidade de ensino, metodologia diferenciada e tecnologia de ponta.<br \/>\nAl\u00e9m disso, oferecemos um excelente custo-benef\u00edcio e uma \u00f3tima localiza\u00e7\u00e3o. Gostou das nossas dicas de como se preparar para um cargo de lideran\u00e7a? Assine a nossa newsletter e receba conte\u00fados exclusivos!<\/p>\n<div class=\"sharing-default-minimal post-bottom\"><div class=\"nectar-social default\" data-position=\"\" data-rm-love=\"0\" data-color-override=\"override\"><div class=\"nectar-social-inner\"><a href=\"#\" class=\"nectar-love\" id=\"nectar-love-2195\" title=\"Love this\"> <i class=\"icon-salient-heart-2\"><\/i><span class=\"love-text\">Love<\/span><span class=\"total_loves\"><span class=\"nectar-love-count\">0<\/span><\/span><\/a><a class='facebook-share nectar-sharing' href='#' title='Share this'> <i class='fa fa-facebook'><\/i> <span class='social-text'>Share<\/span> <\/a><a class='twitter-share nectar-sharing' href='#' title='Share this'> <i class='fa icon-salient-x-twitter'><\/i> <span class='social-text'>Share<\/span> <\/a><a class='linkedin-share nectar-sharing' href='#' title='Share this'> <i class='fa fa-linkedin'><\/i> <span class='social-text'>Share<\/span> <\/a><a class='pinterest-share nectar-sharing' href='#' title='Pin this'> <i class='fa fa-pinterest'><\/i> <span class='social-text'>Pin<\/span> <\/a><\/div><\/div><\/div>","protected":false},"excerpt":{"rendered":"<p>Curso de gradua\u00e7\u00e3o finalizado, inserido no mercado de trabalho, sal\u00e1rio fixo no final do m\u00eas e fazendo o que gosta. Essa \u00e9 a vida profissional almejada pela maioria dos jovens na casa dos vinte e pouco anos. Se voc\u00ea est\u00e1 nessa posi\u00e7\u00e3o, maravilha! Agora \u00e9 hora de pensar em como se preparar para um cargo [&hellip;]<\/p>\n","protected":false},"author":58,"featured_media":17880,"comment_status":"open","ping_status":"open","sticky":false,"template":"","format":"standard","meta":{"footnotes":""},"categories":[13],"tags":[44,439],"class_list":["post-2195","post","type-post","status-publish","format-standard","has-post-thumbnail","hentry","category-carreira","tag-carreira-2","tag-lideranca"],"yoast_head":"<!-- This site is optimized with the Yoast SEO plugin v25.1 - https:\/\/yoast.com\/wordpress\/plugins\/seo\/ -->\r\n<title>Saiba como se preparar para um cargo de lideran\u00e7a na empresa<\/title>\r\n<meta name=\"description\" content=\"Curso de gradua\u00e7\u00e3o finalizado, inserido no mercado de trabalho, sal\u00e1rio fixo no final do m\u00eas e fazendo o que gosta. Essa \u00e9 a vida profissional almejada pela maioria dos jovens na casa dos vinte e pouco anos. Se voc\u00ea est\u00e1 nessa posi\u00e7\u00e3o, maravilha! Agora \u00e9 hora de pensar em como se preparar para um cargo de lideran\u00e7a.\" \/>\r\n<meta name=\"robots\" content=\"index, follow, max-snippet:-1, max-image-preview:large, max-video-preview:-1\" \/>\r\n<link rel=\"canonical\" href=\"https:\/\/www.impacta.com.br\/blog\/saiba-como-se-preparar-para-um-cargo-de-lideranca-na-empresa\/\" \/>\r\n<meta property=\"og:locale\" content=\"pt_BR\" \/>\r\n<meta property=\"og:type\" content=\"article\" \/>\r\n<meta property=\"og:title\" content=\"Saiba como se preparar para um cargo de lideran\u00e7a na empresa\" \/>\r\n<meta property=\"og:description\" content=\"Curso de gradua\u00e7\u00e3o finalizado, inserido no mercado de trabalho, sal\u00e1rio fixo no final do m\u00eas e fazendo o que gosta. Essa \u00e9 a vida profissional almejada pela maioria dos jovens na casa dos vinte e pouco anos. Se voc\u00ea est\u00e1 nessa posi\u00e7\u00e3o, maravilha! Agora \u00e9 hora de pensar em como se preparar para um cargo de lideran\u00e7a.\" \/>\r\n<meta property=\"og:url\" content=\"https:\/\/www.impacta.com.br\/blog\/saiba-como-se-preparar-para-um-cargo-de-lideranca-na-empresa\/\" \/>\r\n<meta property=\"og:site_name\" content=\"Blog Impacta - Dicas e Not\u00edcias sobre Carreira\" \/>\r\n<meta property=\"article:published_time\" content=\"2018-09-14T15:49:55+00:00\" \/>\r\n<meta property=\"og:image\" content=\"https:\/\/www.impacta.com.br\/blog\/wp-content\/uploads\/2020\/04\/220255-saiba-como-se-preparar-para-um-cargo-de-lideranca-na-empresa.jpg\" \/>\r\n\t<meta property=\"og:image:width\" content=\"2000\" \/>\r\n\t<meta property=\"og:image:height\" content=\"1334\" \/>\r\n\t<meta property=\"og:image:type\" content=\"image\/jpeg\" \/>\r\n<meta name=\"author\" content=\"Rog\u00e9rio Ramalho\" \/>\r\n<meta name=\"twitter:card\" content=\"summary_large_image\" \/>\r\n<meta name=\"twitter:label1\" content=\"Written by\" \/>\n\t<meta name=\"twitter:data1\" content=\"Rog\u00e9rio Ramalho\" \/>\n\t<meta name=\"twitter:label2\" content=\"Est. reading time\" \/>\n\t<meta name=\"twitter:data2\" content=\"6 minutos\" \/>\r\n<script type=\"application\/ld+json\" class=\"yoast-schema-graph\">{\"@context\":\"https:\/\/schema.org\",\"@graph\":[{\"@type\":\"WebPage\",\"@id\":\"https:\/\/www.impacta.com.br\/blog\/saiba-como-se-preparar-para-um-cargo-de-lideranca-na-empresa\/\",\"url\":\"https:\/\/www.impacta.com.br\/blog\/saiba-como-se-preparar-para-um-cargo-de-lideranca-na-empresa\/\",\"name\":\"Saiba como se preparar para um cargo de lideran\u00e7a na empresa\",\"isPartOf\":{\"@id\":\"https:\/\/www.impacta.com.br\/blog\/#website\"},\"primaryImageOfPage\":{\"@id\":\"https:\/\/www.impacta.com.br\/blog\/saiba-como-se-preparar-para-um-cargo-de-lideranca-na-empresa\/#primaryimage\"},\"image\":{\"@id\":\"https:\/\/www.impacta.com.br\/blog\/saiba-como-se-preparar-para-um-cargo-de-lideranca-na-empresa\/#primaryimage\"},\"thumbnailUrl\":\"https:\/\/www.impacta.com.br\/blog\/wp-content\/uploads\/2020\/04\/220255-saiba-como-se-preparar-para-um-cargo-de-lideranca-na-empresa.jpg\",\"datePublished\":\"2018-09-14T15:49:55+00:00\",\"author\":{\"@id\":\"https:\/\/www.impacta.com.br\/blog\/#\/schema\/person\/5e02b3b20773de48448ac8abf2acee0b\"},\"description\":\"Curso de gradua\u00e7\u00e3o finalizado, inserido no mercado de trabalho, sal\u00e1rio fixo no final do m\u00eas e fazendo o que gosta. Essa \u00e9 a vida profissional almejada pela maioria dos jovens na casa dos vinte e pouco anos. Se voc\u00ea est\u00e1 nessa posi\u00e7\u00e3o, maravilha! Agora \u00e9 hora de pensar em como se preparar para um cargo de lideran\u00e7a.\",\"breadcrumb\":{\"@id\":\"https:\/\/www.impacta.com.br\/blog\/saiba-como-se-preparar-para-um-cargo-de-lideranca-na-empresa\/#breadcrumb\"},\"inLanguage\":\"pt-BR\",\"potentialAction\":[{\"@type\":\"ReadAction\",\"target\":[\"https:\/\/www.impacta.com.br\/blog\/saiba-como-se-preparar-para-um-cargo-de-lideranca-na-empresa\/\"]}]},{\"@type\":\"ImageObject\",\"inLanguage\":\"pt-BR\",\"@id\":\"https:\/\/www.impacta.com.br\/blog\/saiba-como-se-preparar-para-um-cargo-de-lideranca-na-empresa\/#primaryimage\",\"url\":\"https:\/\/www.impacta.com.br\/blog\/wp-content\/uploads\/2020\/04\/220255-saiba-como-se-preparar-para-um-cargo-de-lideranca-na-empresa.jpg\",\"contentUrl\":\"https:\/\/www.impacta.com.br\/blog\/wp-content\/uploads\/2020\/04\/220255-saiba-como-se-preparar-para-um-cargo-de-lideranca-na-empresa.jpg\",\"width\":2000,\"height\":1334},{\"@type\":\"BreadcrumbList\",\"@id\":\"https:\/\/www.impacta.com.br\/blog\/saiba-como-se-preparar-para-um-cargo-de-lideranca-na-empresa\/#breadcrumb\",\"itemListElement\":[{\"@type\":\"ListItem\",\"position\":1,\"name\":\"In\u00edcio\",\"item\":\"https:\/\/www.impacta.com.br\/blog\/\"},{\"@type\":\"ListItem\",\"position\":2,\"name\":\"Saiba como se preparar para um cargo de lideran\u00e7a na empresa\"}]},{\"@type\":\"WebSite\",\"@id\":\"https:\/\/www.impacta.com.br\/blog\/#website\",\"url\":\"https:\/\/www.impacta.com.br\/blog\/\",\"name\":\"Blog Impacta - Dicas e Not\u00edcias sobre Carreira\",\"description\":\"Dicas, Not\u00edcias e Conte\u00fados sobre Carreira, Tecnologia, Design, Gest\u00e3o e Marketing. Conhe\u00e7a e Acompanhe o Blog Impacta\",\"potentialAction\":[{\"@type\":\"SearchAction\",\"target\":{\"@type\":\"EntryPoint\",\"urlTemplate\":\"https:\/\/www.impacta.com.br\/blog\/?s={search_term_string}\"},\"query-input\":{\"@type\":\"PropertyValueSpecification\",\"valueRequired\":true,\"valueName\":\"search_term_string\"}}],\"inLanguage\":\"pt-BR\"},{\"@type\":\"Person\",\"@id\":\"https:\/\/www.impacta.com.br\/blog\/#\/schema\/person\/5e02b3b20773de48448ac8abf2acee0b\",\"name\":\"Rog\u00e9rio Ramalho\",\"image\":{\"@type\":\"ImageObject\",\"inLanguage\":\"pt-BR\",\"@id\":\"https:\/\/www.impacta.com.br\/blog\/#\/schema\/person\/image\/\",\"url\":\"https:\/\/secure.gravatar.com\/avatar\/7b09a9cd945ac4c87c41f1a552fd10e8?s=96&d=mm&r=g\",\"contentUrl\":\"https:\/\/secure.gravatar.com\/avatar\/7b09a9cd945ac4c87c41f1a552fd10e8?s=96&d=mm&r=g\",\"caption\":\"Rog\u00e9rio Ramalho\"},\"url\":\"https:\/\/www.impacta.com.br\/blog\/author\/rfonseca\/\"}]}<\/script>\r\n<!-- \/ Yoast SEO plugin. -->","yoast_head_json":{"title":"Saiba como se preparar para um cargo de lideran\u00e7a na empresa","description":"Curso de gradua\u00e7\u00e3o finalizado, inserido no mercado de trabalho, sal\u00e1rio fixo no final do m\u00eas e fazendo o que gosta. Essa \u00e9 a vida profissional almejada pela maioria dos jovens na casa dos vinte e pouco anos. Se voc\u00ea est\u00e1 nessa posi\u00e7\u00e3o, maravilha! Agora \u00e9 hora de pensar em como se preparar para um cargo de lideran\u00e7a.","robots":{"index":"index","follow":"follow","max-snippet":"max-snippet:-1","max-image-preview":"max-image-preview:large","max-video-preview":"max-video-preview:-1"},"canonical":"https:\/\/www.impacta.com.br\/blog\/saiba-como-se-preparar-para-um-cargo-de-lideranca-na-empresa\/","og_locale":"pt_BR","og_type":"article","og_title":"Saiba como se preparar para um cargo de lideran\u00e7a na empresa","og_description":"Curso de gradua\u00e7\u00e3o finalizado, inserido no mercado de trabalho, sal\u00e1rio fixo no final do m\u00eas e fazendo o que gosta. Essa \u00e9 a vida profissional almejada pela maioria dos jovens na casa dos vinte e pouco anos. Se voc\u00ea est\u00e1 nessa posi\u00e7\u00e3o, maravilha! Agora \u00e9 hora de pensar em como se preparar para um cargo de lideran\u00e7a.","og_url":"https:\/\/www.impacta.com.br\/blog\/saiba-como-se-preparar-para-um-cargo-de-lideranca-na-empresa\/","og_site_name":"Blog Impacta - Dicas e Not\u00edcias sobre Carreira","article_published_time":"2018-09-14T15:49:55+00:00","og_image":[{"width":2000,"height":1334,"url":"https:\/\/www.impacta.com.br\/blog\/wp-content\/uploads\/2020\/04\/220255-saiba-como-se-preparar-para-um-cargo-de-lideranca-na-empresa.jpg","type":"image\/jpeg"}],"author":"Rog\u00e9rio Ramalho","twitter_card":"summary_large_image","twitter_misc":{"Written by":"Rog\u00e9rio Ramalho","Est. reading time":"6 minutos"},"schema":{"@context":"https:\/\/schema.org","@graph":[{"@type":"WebPage","@id":"https:\/\/www.impacta.com.br\/blog\/saiba-como-se-preparar-para-um-cargo-de-lideranca-na-empresa\/","url":"https:\/\/www.impacta.com.br\/blog\/saiba-como-se-preparar-para-um-cargo-de-lideranca-na-empresa\/","name":"Saiba como se preparar para um cargo de lideran\u00e7a na empresa","isPartOf":{"@id":"https:\/\/www.impacta.com.br\/blog\/#website"},"primaryImageOfPage":{"@id":"https:\/\/www.impacta.com.br\/blog\/saiba-como-se-preparar-para-um-cargo-de-lideranca-na-empresa\/#primaryimage"},"image":{"@id":"https:\/\/www.impacta.com.br\/blog\/saiba-como-se-preparar-para-um-cargo-de-lideranca-na-empresa\/#primaryimage"},"thumbnailUrl":"https:\/\/www.impacta.com.br\/blog\/wp-content\/uploads\/2020\/04\/220255-saiba-como-se-preparar-para-um-cargo-de-lideranca-na-empresa.jpg","datePublished":"2018-09-14T15:49:55+00:00","author":{"@id":"https:\/\/www.impacta.com.br\/blog\/#\/schema\/person\/5e02b3b20773de48448ac8abf2acee0b"},"description":"Curso de gradua\u00e7\u00e3o finalizado, inserido no mercado de trabalho, sal\u00e1rio fixo no final do m\u00eas e fazendo o que gosta. Essa \u00e9 a vida profissional almejada pela maioria dos jovens na casa dos vinte e pouco anos. Se voc\u00ea est\u00e1 nessa posi\u00e7\u00e3o, maravilha! Agora \u00e9 hora de pensar em como se preparar para um cargo de lideran\u00e7a.","breadcrumb":{"@id":"https:\/\/www.impacta.com.br\/blog\/saiba-como-se-preparar-para-um-cargo-de-lideranca-na-empresa\/#breadcrumb"},"inLanguage":"pt-BR","potentialAction":[{"@type":"ReadAction","target":["https:\/\/www.impacta.com.br\/blog\/saiba-como-se-preparar-para-um-cargo-de-lideranca-na-empresa\/"]}]},{"@type":"ImageObject","inLanguage":"pt-BR","@id":"https:\/\/www.impacta.com.br\/blog\/saiba-como-se-preparar-para-um-cargo-de-lideranca-na-empresa\/#primaryimage","url":"https:\/\/www.impacta.com.br\/blog\/wp-content\/uploads\/2020\/04\/220255-saiba-como-se-preparar-para-um-cargo-de-lideranca-na-empresa.jpg","contentUrl":"https:\/\/www.impacta.com.br\/blog\/wp-content\/uploads\/2020\/04\/220255-saiba-como-se-preparar-para-um-cargo-de-lideranca-na-empresa.jpg","width":2000,"height":1334},{"@type":"BreadcrumbList","@id":"https:\/\/www.impacta.com.br\/blog\/saiba-como-se-preparar-para-um-cargo-de-lideranca-na-empresa\/#breadcrumb","itemListElement":[{"@type":"ListItem","position":1,"name":"In\u00edcio","item":"https:\/\/www.impacta.com.br\/blog\/"},{"@type":"ListItem","position":2,"name":"Saiba como se preparar para um cargo de lideran\u00e7a na empresa"}]},{"@type":"WebSite","@id":"https:\/\/www.impacta.com.br\/blog\/#website","url":"https:\/\/www.impacta.com.br\/blog\/","name":"Blog Impacta - Dicas e Not\u00edcias sobre Carreira","description":"Dicas, Not\u00edcias e Conte\u00fados sobre Carreira, Tecnologia, Design, Gest\u00e3o e Marketing. Conhe\u00e7a e Acompanhe o Blog Impacta","potentialAction":[{"@type":"SearchAction","target":{"@type":"EntryPoint","urlTemplate":"https:\/\/www.impacta.com.br\/blog\/?s={search_term_string}"},"query-input":{"@type":"PropertyValueSpecification","valueRequired":true,"valueName":"search_term_string"}}],"inLanguage":"pt-BR"},{"@type":"Person","@id":"https:\/\/www.impacta.com.br\/blog\/#\/schema\/person\/5e02b3b20773de48448ac8abf2acee0b","name":"Rog\u00e9rio Ramalho","image":{"@type":"ImageObject","inLanguage":"pt-BR","@id":"https:\/\/www.impacta.com.br\/blog\/#\/schema\/person\/image\/","url":"https:\/\/secure.gravatar.com\/avatar\/7b09a9cd945ac4c87c41f1a552fd10e8?s=96&d=mm&r=g","contentUrl":"https:\/\/secure.gravatar.com\/avatar\/7b09a9cd945ac4c87c41f1a552fd10e8?s=96&d=mm&r=g","caption":"Rog\u00e9rio Ramalho"},"url":"https:\/\/www.impacta.com.br\/blog\/author\/rfonseca\/"}]}},"acf":{"post_description":null,"capa_mobile":null},"_links":{"self":[{"href":"https:\/\/www.impacta.com.br\/blog\/wp-json\/wp\/v2\/posts\/2195","targetHints":{"allow":["GET"]}}],"collection":[{"href":"https:\/\/www.impacta.com.br\/blog\/wp-json\/wp\/v2\/posts"}],"about":[{"href":"https:\/\/www.impacta.com.br\/blog\/wp-json\/wp\/v2\/types\/post"}],"author":[{"embeddable":true,"href":"https:\/\/www.impacta.com.br\/blog\/wp-json\/wp\/v2\/users\/58"}],"replies":[{"embeddable":true,"href":"https:\/\/www.impacta.com.br\/blog\/wp-json\/wp\/v2\/comments?post=2195"}],"version-history":[{"count":0,"href":"https:\/\/www.impacta.com.br\/blog\/wp-json\/wp\/v2\/posts\/2195\/revisions"}],"wp:featuredmedia":[{"embeddable":true,"href":"https:\/\/www.impacta.com.br\/blog\/wp-json\/wp\/v2\/media\/17880"}],"wp:attachment":[{"href":"https:\/\/www.impacta.com.br\/blog\/wp-json\/wp\/v2\/media?parent=2195"}],"wp:term":[{"taxonomy":"category","embeddable":true,"href":"https:\/\/www.impacta.com.br\/blog\/wp-json\/wp\/v2\/categories?post=2195"},{"taxonomy":"post_tag","embeddable":true,"href":"https:\/\/www.impacta.com.br\/blog\/wp-json\/wp\/v2\/tags?post=2195"}],"curies":[{"name":"wp","href":"https:\/\/api.w.org\/{rel}","templated":true}]}}