{"id":2158,"date":"2018-09-04T11:56:13","date_gmt":"2018-09-04T14:56:13","guid":{"rendered":"https:\/\/www.impacta.edu.br\/blog\/?p=2158"},"modified":"2018-09-04T11:56:13","modified_gmt":"2018-09-04T14:56:13","slug":"pos-em-cloud-computing-fecha-parceria-com-a-cisco","status":"publish","type":"post","link":"https:\/\/www.impacta.com.br\/blog\/pos-em-cloud-computing-fecha-parceria-com-a-cisco\/","title":{"rendered":"P\u00f3s em Cloud Computing fecha parceria com a Cisco"},"content":{"rendered":"<p><span style=\"font-size: 12pt;\">A <a href=\"https:\/\/www.impacta.edu.br\/pos\/pos-graduacao-em-cloud-computing\">p\u00f3s-gradua\u00e7\u00e3o em Cloud Computing<\/a> da Faculdade Impacta Tecnologia deu mais um\u00a0passo para aprimorar a forma\u00e7\u00e3o de seus alunos e fechou <a href=\"https:\/\/www.impacta.edu.br\/blog\/faculdade-impacta-fecha-parceria-com-a-cisco\/\">parceria com a Cisco<\/a>, l\u00edder\u00a0mundial em TI.<\/span><br \/>\n<span style=\"font-size: 12pt;\">Assim como o curso de <a href=\"https:\/\/www.impacta.edu.br\/graduacoes\/redes-de-computadores\">Redes de Computadores<\/a>, a p\u00f3s tamb\u00e9m passou a fazer parte\u00a0do Cisco Networking Academy, que \u00e9 o programa de responsabilidade social\u00a0corporativa da empresa, que tem o objetivo de desenvolver habilidades e carreiras de Tecnologia.<\/span><\/p>\n<h2>Como funciona<\/h2>\n<p><span style=\"font-size: 12pt;\">Os alunos ingressantes ganham um login de acesso \u00e0 plataforma da Cisco Networking\u00a0Academy, com o objetivo de estudarem o curso PCAP: Programming Essentials in\u00a0Python, assim como outros cursos gratuitos.<\/span><br \/>\n<span style=\"font-size: 12pt;\">Al\u00e9m disso, se os alunos atenderem aos requisitos de notas deste curso, poder\u00e3o, ao\u00a0final, receber um voucher de 51% para realiza\u00e7\u00e3o da certifica\u00e7\u00e3o Certified Associate\u00a0in Python Programming, em que o Instituto Python \u00e9 o respons\u00e1vel.<\/span><br \/>\n<span style=\"font-size: 12pt;\">\u201cO aluno poder\u00e1 se preparar para algumas certifica\u00e7\u00f5es da Cisco enquanto\u00a0estuda\u00a0para o curso de <a href=\"https:\/\/www.impacta.edu.br\/blog\/quais-as-vantagens-de-fazer-uma-pos-em-cloud-computing\/\">Cloud Computing<\/a>. As certifica\u00e7\u00f5es t\u00eam peso importante na\u00a0empregabilidade dos profissionais\u201d, afirma\u00a0Pedro Paulo Alves, diretor executivo da\u00a0Faculdade Impacta.<\/span><\/p>\n<div class=\"sharing-default-minimal post-bottom\"><div class=\"nectar-social default\" data-position=\"\" data-rm-love=\"0\" data-color-override=\"override\"><div class=\"nectar-social-inner\"><a href=\"#\" class=\"nectar-love\" id=\"nectar-love-2158\" title=\"Love this\"> <i class=\"icon-salient-heart-2\"><\/i><span class=\"love-text\">Love<\/span><span class=\"total_loves\"><span class=\"nectar-love-count\">0<\/span><\/span><\/a><a class='facebook-share nectar-sharing' href='#' title='Share this'> <i class='fa fa-facebook'><\/i> <span class='social-text'>Share<\/span> <\/a><a class='twitter-share nectar-sharing' href='#' title='Share this'> <i class='fa icon-salient-x-twitter'><\/i> <span class='social-text'>Share<\/span> <\/a><a class='linkedin-share nectar-sharing' href='#' title='Share this'> <i class='fa fa-linkedin'><\/i> <span class='social-text'>Share<\/span> <\/a><a class='pinterest-share nectar-sharing' href='#' title='Pin this'> <i class='fa fa-pinterest'><\/i> <span class='social-text'>Pin<\/span> <\/a><\/div><\/div><\/div>","protected":false},"excerpt":{"rendered":"<p>A p\u00f3s-gradua\u00e7\u00e3o em Cloud Computing da Faculdade Impacta Tecnologia deu mais um\u00a0passo para aprimorar a forma\u00e7\u00e3o de seus alunos e fechou parceria com a Cisco, l\u00edder\u00a0mundial em TI. Assim como o curso de Redes de Computadores, a p\u00f3s tamb\u00e9m passou a fazer parte\u00a0do Cisco Networking Academy, que \u00e9 o programa de responsabilidade social\u00a0corporativa da empresa, [&hellip;]<\/p>\n","protected":false},"author":57,"featured_media":18027,"comment_status":"open","ping_status":"open","sticky":false,"template":"","format":"standard","meta":{"footnotes":""},"categories":[13,3],"tags":[44],"class_list":["post-2158","post","type-post","status-publish","format-standard","has-post-thumbnail","hentry","category-carreira","category-tecnologia","tag-carreira-2"],"yoast_head":"<!-- This site is optimized with the Yoast SEO plugin v25.1 - https:\/\/yoast.com\/wordpress\/plugins\/seo\/ -->\r\n<title>P\u00f3s em Cloud Computing fecha parceria com a Cisco<\/title>\r\n<meta name=\"description\" content=\"A p\u00f3s-gradua\u00e7\u00e3o em Cloud Computing da Faculdade Impacta Tecnologia deu mais um\u00a0passo para aprimorar a forma\u00e7\u00e3o de seus alunos e fechou parceria com a Cisco, l\u00edder\u00a0mundial em TI.\" \/>\r\n<meta name=\"robots\" content=\"index, follow, max-snippet:-1, max-image-preview:large, max-video-preview:-1\" \/>\r\n<link rel=\"canonical\" href=\"https:\/\/www.impacta.com.br\/blog\/pos-em-cloud-computing-fecha-parceria-com-a-cisco\/\" \/>\r\n<meta property=\"og:locale\" content=\"pt_BR\" \/>\r\n<meta property=\"og:type\" content=\"article\" \/>\r\n<meta property=\"og:title\" content=\"P\u00f3s em Cloud Computing fecha parceria com a Cisco\" \/>\r\n<meta property=\"og:description\" content=\"A p\u00f3s-gradua\u00e7\u00e3o em Cloud Computing da Faculdade Impacta Tecnologia deu mais um\u00a0passo para aprimorar a forma\u00e7\u00e3o de seus alunos e fechou parceria com a Cisco, l\u00edder\u00a0mundial em TI.\" \/>\r\n<meta property=\"og:url\" content=\"https:\/\/www.impacta.com.br\/blog\/pos-em-cloud-computing-fecha-parceria-com-a-cisco\/\" \/>\r\n<meta property=\"og:site_name\" content=\"Blog Impacta - Dicas e Not\u00edcias sobre Carreira\" \/>\r\n<meta property=\"article:published_time\" content=\"2018-09-04T14:56:13+00:00\" \/>\r\n<meta property=\"og:image\" content=\"https:\/\/www.impacta.com.br\/blog\/wp-content\/uploads\/2020\/04\/cisco-capa-blog.png\" \/>\r\n\t<meta property=\"og:image:width\" content=\"644\" \/>\r\n\t<meta property=\"og:image:height\" content=\"234\" \/>\r\n\t<meta property=\"og:image:type\" content=\"image\/png\" \/>\r\n<meta name=\"author\" content=\"J\u00e9ssica Lima\" \/>\r\n<meta name=\"twitter:card\" content=\"summary_large_image\" \/>\r\n<meta name=\"twitter:label1\" content=\"Written by\" \/>\n\t<meta name=\"twitter:data1\" content=\"J\u00e9ssica Lima\" \/>\n\t<meta name=\"twitter:label2\" content=\"Est. reading time\" \/>\n\t<meta name=\"twitter:data2\" content=\"1 minuto\" \/>\r\n<script type=\"application\/ld+json\" class=\"yoast-schema-graph\">{\"@context\":\"https:\/\/schema.org\",\"@graph\":[{\"@type\":\"WebPage\",\"@id\":\"https:\/\/www.impacta.com.br\/blog\/pos-em-cloud-computing-fecha-parceria-com-a-cisco\/\",\"url\":\"https:\/\/www.impacta.com.br\/blog\/pos-em-cloud-computing-fecha-parceria-com-a-cisco\/\",\"name\":\"P\u00f3s em Cloud Computing fecha parceria com a Cisco\",\"isPartOf\":{\"@id\":\"https:\/\/www.impacta.com.br\/blog\/#website\"},\"primaryImageOfPage\":{\"@id\":\"https:\/\/www.impacta.com.br\/blog\/pos-em-cloud-computing-fecha-parceria-com-a-cisco\/#primaryimage\"},\"image\":{\"@id\":\"https:\/\/www.impacta.com.br\/blog\/pos-em-cloud-computing-fecha-parceria-com-a-cisco\/#primaryimage\"},\"thumbnailUrl\":\"https:\/\/www.impacta.com.br\/blog\/wp-content\/uploads\/2020\/04\/cisco-capa-blog.png\",\"datePublished\":\"2018-09-04T14:56:13+00:00\",\"author\":{\"@id\":\"https:\/\/www.impacta.com.br\/blog\/#\/schema\/person\/8f4b311598e2f343bad8eb692b11d39d\"},\"description\":\"A p\u00f3s-gradua\u00e7\u00e3o em Cloud Computing da Faculdade Impacta Tecnologia deu mais um\u00a0passo para aprimorar a forma\u00e7\u00e3o de seus alunos e fechou parceria com a Cisco, l\u00edder\u00a0mundial em TI.\",\"breadcrumb\":{\"@id\":\"https:\/\/www.impacta.com.br\/blog\/pos-em-cloud-computing-fecha-parceria-com-a-cisco\/#breadcrumb\"},\"inLanguage\":\"pt-BR\",\"potentialAction\":[{\"@type\":\"ReadAction\",\"target\":[\"https:\/\/www.impacta.com.br\/blog\/pos-em-cloud-computing-fecha-parceria-com-a-cisco\/\"]}]},{\"@type\":\"ImageObject\",\"inLanguage\":\"pt-BR\",\"@id\":\"https:\/\/www.impacta.com.br\/blog\/pos-em-cloud-computing-fecha-parceria-com-a-cisco\/#primaryimage\",\"url\":\"https:\/\/www.impacta.com.br\/blog\/wp-content\/uploads\/2020\/04\/cisco-capa-blog.png\",\"contentUrl\":\"https:\/\/www.impacta.com.br\/blog\/wp-content\/uploads\/2020\/04\/cisco-capa-blog.png\",\"width\":644,\"height\":234},{\"@type\":\"BreadcrumbList\",\"@id\":\"https:\/\/www.impacta.com.br\/blog\/pos-em-cloud-computing-fecha-parceria-com-a-cisco\/#breadcrumb\",\"itemListElement\":[{\"@type\":\"ListItem\",\"position\":1,\"name\":\"In\u00edcio\",\"item\":\"https:\/\/www.impacta.com.br\/blog\/\"},{\"@type\":\"ListItem\",\"position\":2,\"name\":\"P\u00f3s em Cloud Computing fecha parceria com a Cisco\"}]},{\"@type\":\"WebSite\",\"@id\":\"https:\/\/www.impacta.com.br\/blog\/#website\",\"url\":\"https:\/\/www.impacta.com.br\/blog\/\",\"name\":\"Blog Impacta - Dicas e Not\u00edcias sobre Carreira\",\"description\":\"Dicas, Not\u00edcias e Conte\u00fados sobre Carreira, Tecnologia, Design, Gest\u00e3o e Marketing. Conhe\u00e7a e Acompanhe o Blog Impacta\",\"potentialAction\":[{\"@type\":\"SearchAction\",\"target\":{\"@type\":\"EntryPoint\",\"urlTemplate\":\"https:\/\/www.impacta.com.br\/blog\/?s={search_term_string}\"},\"query-input\":{\"@type\":\"PropertyValueSpecification\",\"valueRequired\":true,\"valueName\":\"search_term_string\"}}],\"inLanguage\":\"pt-BR\"},{\"@type\":\"Person\",\"@id\":\"https:\/\/www.impacta.com.br\/blog\/#\/schema\/person\/8f4b311598e2f343bad8eb692b11d39d\",\"name\":\"J\u00e9ssica Lima\",\"image\":{\"@type\":\"ImageObject\",\"inLanguage\":\"pt-BR\",\"@id\":\"https:\/\/www.impacta.com.br\/blog\/#\/schema\/person\/image\/\",\"url\":\"https:\/\/secure.gravatar.com\/avatar\/bae38fda68ae34b80e3d01e4b8be10c8?s=96&d=mm&r=g\",\"contentUrl\":\"https:\/\/secure.gravatar.com\/avatar\/bae38fda68ae34b80e3d01e4b8be10c8?s=96&d=mm&r=g\",\"caption\":\"J\u00e9ssica Lima\"},\"url\":\"https:\/\/www.impacta.com.br\/blog\/author\/jessica-lima\/\"}]}<\/script>\r\n<!-- \/ Yoast SEO plugin. -->","yoast_head_json":{"title":"P\u00f3s em Cloud Computing fecha parceria com a Cisco","description":"A p\u00f3s-gradua\u00e7\u00e3o em Cloud Computing da Faculdade Impacta Tecnologia deu mais um\u00a0passo para aprimorar a forma\u00e7\u00e3o de seus alunos e fechou parceria com a Cisco, l\u00edder\u00a0mundial em TI.","robots":{"index":"index","follow":"follow","max-snippet":"max-snippet:-1","max-image-preview":"max-image-preview:large","max-video-preview":"max-video-preview:-1"},"canonical":"https:\/\/www.impacta.com.br\/blog\/pos-em-cloud-computing-fecha-parceria-com-a-cisco\/","og_locale":"pt_BR","og_type":"article","og_title":"P\u00f3s em Cloud Computing fecha parceria com a Cisco","og_description":"A p\u00f3s-gradua\u00e7\u00e3o em Cloud Computing da Faculdade Impacta Tecnologia deu mais um\u00a0passo para aprimorar a forma\u00e7\u00e3o de seus alunos e fechou parceria com a Cisco, l\u00edder\u00a0mundial em TI.","og_url":"https:\/\/www.impacta.com.br\/blog\/pos-em-cloud-computing-fecha-parceria-com-a-cisco\/","og_site_name":"Blog Impacta - Dicas e Not\u00edcias sobre Carreira","article_published_time":"2018-09-04T14:56:13+00:00","og_image":[{"width":644,"height":234,"url":"https:\/\/www.impacta.com.br\/blog\/wp-content\/uploads\/2020\/04\/cisco-capa-blog.png","type":"image\/png"}],"author":"J\u00e9ssica Lima","twitter_card":"summary_large_image","twitter_misc":{"Written by":"J\u00e9ssica Lima","Est. reading time":"1 minuto"},"schema":{"@context":"https:\/\/schema.org","@graph":[{"@type":"WebPage","@id":"https:\/\/www.impacta.com.br\/blog\/pos-em-cloud-computing-fecha-parceria-com-a-cisco\/","url":"https:\/\/www.impacta.com.br\/blog\/pos-em-cloud-computing-fecha-parceria-com-a-cisco\/","name":"P\u00f3s em Cloud Computing fecha parceria com a Cisco","isPartOf":{"@id":"https:\/\/www.impacta.com.br\/blog\/#website"},"primaryImageOfPage":{"@id":"https:\/\/www.impacta.com.br\/blog\/pos-em-cloud-computing-fecha-parceria-com-a-cisco\/#primaryimage"},"image":{"@id":"https:\/\/www.impacta.com.br\/blog\/pos-em-cloud-computing-fecha-parceria-com-a-cisco\/#primaryimage"},"thumbnailUrl":"https:\/\/www.impacta.com.br\/blog\/wp-content\/uploads\/2020\/04\/cisco-capa-blog.png","datePublished":"2018-09-04T14:56:13+00:00","author":{"@id":"https:\/\/www.impacta.com.br\/blog\/#\/schema\/person\/8f4b311598e2f343bad8eb692b11d39d"},"description":"A p\u00f3s-gradua\u00e7\u00e3o em Cloud Computing da Faculdade Impacta Tecnologia deu mais um\u00a0passo para aprimorar a forma\u00e7\u00e3o de seus alunos e fechou parceria com a Cisco, l\u00edder\u00a0mundial em TI.","breadcrumb":{"@id":"https:\/\/www.impacta.com.br\/blog\/pos-em-cloud-computing-fecha-parceria-com-a-cisco\/#breadcrumb"},"inLanguage":"pt-BR","potentialAction":[{"@type":"ReadAction","target":["https:\/\/www.impacta.com.br\/blog\/pos-em-cloud-computing-fecha-parceria-com-a-cisco\/"]}]},{"@type":"ImageObject","inLanguage":"pt-BR","@id":"https:\/\/www.impacta.com.br\/blog\/pos-em-cloud-computing-fecha-parceria-com-a-cisco\/#primaryimage","url":"https:\/\/www.impacta.com.br\/blog\/wp-content\/uploads\/2020\/04\/cisco-capa-blog.png","contentUrl":"https:\/\/www.impacta.com.br\/blog\/wp-content\/uploads\/2020\/04\/cisco-capa-blog.png","width":644,"height":234},{"@type":"BreadcrumbList","@id":"https:\/\/www.impacta.com.br\/blog\/pos-em-cloud-computing-fecha-parceria-com-a-cisco\/#breadcrumb","itemListElement":[{"@type":"ListItem","position":1,"name":"In\u00edcio","item":"https:\/\/www.impacta.com.br\/blog\/"},{"@type":"ListItem","position":2,"name":"P\u00f3s em Cloud Computing fecha parceria com a Cisco"}]},{"@type":"WebSite","@id":"https:\/\/www.impacta.com.br\/blog\/#website","url":"https:\/\/www.impacta.com.br\/blog\/","name":"Blog Impacta - Dicas e Not\u00edcias sobre Carreira","description":"Dicas, Not\u00edcias e Conte\u00fados sobre Carreira, Tecnologia, Design, Gest\u00e3o e Marketing. Conhe\u00e7a e Acompanhe o Blog Impacta","potentialAction":[{"@type":"SearchAction","target":{"@type":"EntryPoint","urlTemplate":"https:\/\/www.impacta.com.br\/blog\/?s={search_term_string}"},"query-input":{"@type":"PropertyValueSpecification","valueRequired":true,"valueName":"search_term_string"}}],"inLanguage":"pt-BR"},{"@type":"Person","@id":"https:\/\/www.impacta.com.br\/blog\/#\/schema\/person\/8f4b311598e2f343bad8eb692b11d39d","name":"J\u00e9ssica Lima","image":{"@type":"ImageObject","inLanguage":"pt-BR","@id":"https:\/\/www.impacta.com.br\/blog\/#\/schema\/person\/image\/","url":"https:\/\/secure.gravatar.com\/avatar\/bae38fda68ae34b80e3d01e4b8be10c8?s=96&d=mm&r=g","contentUrl":"https:\/\/secure.gravatar.com\/avatar\/bae38fda68ae34b80e3d01e4b8be10c8?s=96&d=mm&r=g","caption":"J\u00e9ssica Lima"},"url":"https:\/\/www.impacta.com.br\/blog\/author\/jessica-lima\/"}]}},"acf":{"post_description":null,"capa_mobile":null},"_links":{"self":[{"href":"https:\/\/www.impacta.com.br\/blog\/wp-json\/wp\/v2\/posts\/2158","targetHints":{"allow":["GET"]}}],"collection":[{"href":"https:\/\/www.impacta.com.br\/blog\/wp-json\/wp\/v2\/posts"}],"about":[{"href":"https:\/\/www.impacta.com.br\/blog\/wp-json\/wp\/v2\/types\/post"}],"author":[{"embeddable":true,"href":"https:\/\/www.impacta.com.br\/blog\/wp-json\/wp\/v2\/users\/57"}],"replies":[{"embeddable":true,"href":"https:\/\/www.impacta.com.br\/blog\/wp-json\/wp\/v2\/comments?post=2158"}],"version-history":[{"count":0,"href":"https:\/\/www.impacta.com.br\/blog\/wp-json\/wp\/v2\/posts\/2158\/revisions"}],"wp:featuredmedia":[{"embeddable":true,"href":"https:\/\/www.impacta.com.br\/blog\/wp-json\/wp\/v2\/media\/18027"}],"wp:attachment":[{"href":"https:\/\/www.impacta.com.br\/blog\/wp-json\/wp\/v2\/media?parent=2158"}],"wp:term":[{"taxonomy":"category","embeddable":true,"href":"https:\/\/www.impacta.com.br\/blog\/wp-json\/wp\/v2\/categories?post=2158"},{"taxonomy":"post_tag","embeddable":true,"href":"https:\/\/www.impacta.com.br\/blog\/wp-json\/wp\/v2\/tags?post=2158"}],"curies":[{"name":"wp","href":"https:\/\/api.w.org\/{rel}","templated":true}]}}