{"id":2041,"date":"2013-07-02T16:13:27","date_gmt":"2013-07-02T19:13:27","guid":{"rendered":"http:\/\/blogimpacta.com.br\/?p=2041"},"modified":"2013-07-02T16:13:27","modified_gmt":"2013-07-02T19:13:27","slug":"producao-multimidia-desafios-e-solucoes-de-comunicacao","status":"publish","type":"post","link":"https:\/\/www.impacta.com.br\/blog\/producao-multimidia-desafios-e-solucoes-de-comunicacao\/","title":{"rendered":"Produ\u00e7\u00e3o multim\u00eddia \u2013 Desafios e solu\u00e7\u00f5es de comunica\u00e7\u00e3o"},"content":{"rendered":"<p><span style=\"font-size: 14pt;\">A <strong>produ\u00e7\u00e3o multim\u00eddia<\/strong> consiste na gera\u00e7\u00e3o de conte\u00fado a partir de diversas m\u00eddias. De acordo com te\u00f3ricos de comunica\u00e7\u00e3o, multim\u00eddia \u00e9 a jun\u00e7\u00e3o de mais de um tipo de m\u00eddia na transmiss\u00e3o de alguma mensagem. O grande trunfo \u00e9 combinar \u201cexperi\u00eancias sensoriais\u201d distintas, como m\u00eddias visuais e sonoras, texto e imagem, \u00e1udio e v\u00eddeo, etc.<\/span><br \/>\n<span style=\"font-size: 14pt;\">No mundo globalizado e informatizado, somos constantemente bombardeados por informa\u00e7\u00e3o. Por todos os lados, propaganda, conte\u00fado, not\u00edcias, perguntas e respostas generalizadas nos rodeiam, de modo que nos condicionamos a reter apenas o que nos interessa, em meio a tanta informa\u00e7\u00e3o.<\/span><br \/>\n<span style=\"font-size: 14pt;\"> Nosso n\u00edvel de dispers\u00e3o, portanto, aumentou exponencialmente nos \u00faltimos anos, e \u00e9 cada vez mais dif\u00edcil reter a aten\u00e7\u00e3o de algu\u00e9m para o que queremos comunicar.<\/span><br \/>\n<span style=\"font-size: 14pt;\">A produ\u00e7\u00e3o multim\u00eddia e os conceitos de comunica\u00e7\u00e3o integrada s\u00e3o uma alternativa positiva a esse impasse que aflige diversos comunic\u00f3logos. Por atrair a aten\u00e7\u00e3o multissensorial do receptor &#8211; ou seja, mais sentidos da pessoa est\u00e3o conectados \u00e0 sua mensagem &#8211; \u00e9 mais f\u00e1cil manter seu interesse at\u00e9 o fim da mesma.<\/span><br \/>\n<span style=\"font-size: 14pt;\">Nesse sentido, \u00e9 de suma import\u00e2ncia no mundo e no mercado de hoje em dia, que dominemos as t\u00e9cnicas de produ\u00e7\u00e3o e transmiss\u00e3o de nossas mensagens e conte\u00fado em m\u00eddias diversas, sobretudo as digitais, para onde toda a comunica\u00e7\u00e3o tem convergido nos \u00faltimos anos.<\/span><br \/>\n<span style=\"font-size: 14pt;\">Por conta dessa converg\u00eancia, o mercado de m\u00eddias digitais est\u00e1 cada vez mais aquecido e competitivo, demandando um preparo e conhecimento cada vez maior por parte de quem nele atua. O maior desafio nas m\u00eddias digitais \u00e9 a gera\u00e7\u00e3o de conte\u00fado relevante com design atraente e de destaque, e a soma desses conceitos pode trazer resultados muito efetivos a qualquer a\u00e7\u00e3o de marketing.<\/span><br \/>\n<span style=\"font-size: 14pt;\">A grande quest\u00e3o-chave \u00e9 a compreens\u00e3o dos interesses do consumidor final. Em tempos de personaliza\u00e7\u00e3o da informa\u00e7\u00e3o e surgimento de conceitos como a hiperm\u00eddia (linguagem que re\u00fane m\u00eddias distintas com foco na intera\u00e7\u00e3o do receptor com a mensagem transmitida), e de tanto ru\u00eddo e dispers\u00e3o, atingir e impactar seu p\u00fablico pode n\u00e3o ser uma tarefa f\u00e1cil.<\/span><br \/>\n<span style=\"font-size: 14pt;\">\u00c9 imprescind\u00edvel, portanto, atualizar-se em diversos pontos: tend\u00eancias comunicacionais, refer\u00eancias diversas de conte\u00fado para desenvolvimento de repert\u00f3rio, e, sobretudo, conhecimentos t\u00e9cnicos que forne\u00e7am capacidade de por em pr\u00e1tica os conceitos de produ\u00e7\u00e3o multim\u00eddia. <\/span><br \/>\n<span style=\"font-size: 14pt;\">Dessa forma, \u00e9 poss\u00edvel transmitir mensagens e gerar \u201cexperi\u00eancias\u201d sensoriais efetivas, que atinjam o p\u00fablico correto, com o m\u00ednimo de dispers\u00e3o poss\u00edvel, levando a ele o conte\u00fado que ele deseja receber e trazendo a n\u00f3s o retorno desejado.<\/span><br \/>\n<span style=\"font-size: 14pt;\">Curtiu o post? Deixe seu coment\u00e1rios nos contando se o conte\u00fado foi relevante para voc\u00ea ou caso tenha ficado alguma d\u00favida!<\/span><\/p>\n<div class=\"sharing-default-minimal post-bottom\"><div class=\"nectar-social default\" data-position=\"\" data-rm-love=\"0\" data-color-override=\"override\"><div class=\"nectar-social-inner\"><a href=\"#\" class=\"nectar-love\" id=\"nectar-love-2041\" title=\"Love this\"> <i class=\"icon-salient-heart-2\"><\/i><span class=\"love-text\">Love<\/span><span class=\"total_loves\"><span class=\"nectar-love-count\">0<\/span><\/span><\/a><a class='facebook-share nectar-sharing' href='#' title='Share this'> <i class='fa fa-facebook'><\/i> <span class='social-text'>Share<\/span> <\/a><a class='twitter-share nectar-sharing' href='#' title='Share this'> <i class='fa icon-salient-x-twitter'><\/i> <span class='social-text'>Share<\/span> <\/a><a class='linkedin-share nectar-sharing' href='#' title='Share this'> <i class='fa fa-linkedin'><\/i> <span class='social-text'>Share<\/span> <\/a><a class='pinterest-share nectar-sharing' href='#' title='Pin this'> <i class='fa fa-pinterest'><\/i> <span class='social-text'>Pin<\/span> <\/a><\/div><\/div><\/div>","protected":false},"excerpt":{"rendered":"<p>A produ\u00e7\u00e3o multim\u00eddia consiste na gera\u00e7\u00e3o de conte\u00fado a partir de diversas m\u00eddias. De acordo com te\u00f3ricos de comunica\u00e7\u00e3o, multim\u00eddia \u00e9 a jun\u00e7\u00e3o de mais de um tipo de m\u00eddia na transmiss\u00e3o de alguma mensagem. O grande trunfo \u00e9 combinar \u201cexperi\u00eancias sensoriais\u201d distintas, como m\u00eddias visuais e sonoras, texto e imagem, \u00e1udio e v\u00eddeo, etc. [&hellip;]<\/p>\n","protected":false},"author":2,"featured_media":17823,"comment_status":"open","ping_status":"open","sticky":false,"template":"","format":"standard","meta":{"footnotes":""},"categories":[26],"tags":[103,101],"class_list":["post-2041","post","type-post","status-publish","format-standard","has-post-thumbnail","hentry","category-arte-design","tag-producao-multimidia","tag-video"],"yoast_head":"<!-- This site is optimized with the Yoast SEO plugin v25.1 - https:\/\/yoast.com\/wordpress\/plugins\/seo\/ -->\r\n<title>Produ\u00e7\u00e3o multim\u00eddia \u2013 Desafios e solu\u00e7\u00f5es de comunica\u00e7\u00e3o<\/title>\r\n<meta name=\"description\" content=\"A produ\u00e7\u00e3o multim\u00eddia consiste na jun\u00e7\u00e3o de diferentes m\u00eddias dentro de uma plataforma, apenas, sendo muito interessante a combina\u00e7\u00e3o de experi\u00eancias.\" \/>\r\n<meta name=\"robots\" content=\"index, follow, max-snippet:-1, max-image-preview:large, max-video-preview:-1\" \/>\r\n<link rel=\"canonical\" href=\"https:\/\/www.impacta.com.br\/blog\/producao-multimidia-desafios-e-solucoes-de-comunicacao\/\" \/>\r\n<meta property=\"og:locale\" content=\"pt_BR\" \/>\r\n<meta property=\"og:type\" content=\"article\" \/>\r\n<meta property=\"og:title\" content=\"Produ\u00e7\u00e3o multim\u00eddia \u2013 Desafios e solu\u00e7\u00f5es de comunica\u00e7\u00e3o\" \/>\r\n<meta property=\"og:description\" content=\"A produ\u00e7\u00e3o multim\u00eddia consiste na jun\u00e7\u00e3o de diferentes m\u00eddias dentro de uma plataforma, apenas, sendo muito interessante a combina\u00e7\u00e3o de experi\u00eancias.\" \/>\r\n<meta property=\"og:url\" content=\"https:\/\/www.impacta.com.br\/blog\/producao-multimidia-desafios-e-solucoes-de-comunicacao\/\" \/>\r\n<meta property=\"og:site_name\" content=\"Blog Impacta - Dicas e Not\u00edcias sobre Carreira\" \/>\r\n<meta property=\"article:published_time\" content=\"2013-07-02T19:13:27+00:00\" \/>\r\n<meta property=\"og:image\" content=\"https:\/\/www.impacta.com.br\/blog\/wp-content\/uploads\/2020\/04\/producao_midias2.jpg\" \/>\r\n\t<meta property=\"og:image:width\" content=\"473\" \/>\r\n\t<meta property=\"og:image:height\" content=\"157\" \/>\r\n\t<meta property=\"og:image:type\" content=\"image\/jpeg\" \/>\r\n<meta name=\"author\" content=\"Reda\u00e7\u00e3o Impacta\" \/>\r\n<meta name=\"twitter:card\" content=\"summary_large_image\" \/>\r\n<meta name=\"twitter:label1\" content=\"Written by\" \/>\n\t<meta name=\"twitter:data1\" content=\"Reda\u00e7\u00e3o Impacta\" \/>\n\t<meta name=\"twitter:label2\" content=\"Est. reading time\" \/>\n\t<meta name=\"twitter:data2\" content=\"2 minutos\" \/>\r\n<script type=\"application\/ld+json\" class=\"yoast-schema-graph\">{\"@context\":\"https:\/\/schema.org\",\"@graph\":[{\"@type\":\"WebPage\",\"@id\":\"https:\/\/www.impacta.com.br\/blog\/producao-multimidia-desafios-e-solucoes-de-comunicacao\/\",\"url\":\"https:\/\/www.impacta.com.br\/blog\/producao-multimidia-desafios-e-solucoes-de-comunicacao\/\",\"name\":\"Produ\u00e7\u00e3o multim\u00eddia \u2013 Desafios e solu\u00e7\u00f5es de comunica\u00e7\u00e3o\",\"isPartOf\":{\"@id\":\"https:\/\/www.impacta.com.br\/blog\/#website\"},\"primaryImageOfPage\":{\"@id\":\"https:\/\/www.impacta.com.br\/blog\/producao-multimidia-desafios-e-solucoes-de-comunicacao\/#primaryimage\"},\"image\":{\"@id\":\"https:\/\/www.impacta.com.br\/blog\/producao-multimidia-desafios-e-solucoes-de-comunicacao\/#primaryimage\"},\"thumbnailUrl\":\"https:\/\/www.impacta.com.br\/blog\/wp-content\/uploads\/2020\/04\/producao_midias2.jpg\",\"datePublished\":\"2013-07-02T19:13:27+00:00\",\"author\":{\"@id\":\"https:\/\/www.impacta.com.br\/blog\/#\/schema\/person\/2e0896bac7656da15b68f5ad2ddd0d8c\"},\"description\":\"A produ\u00e7\u00e3o multim\u00eddia consiste na jun\u00e7\u00e3o de diferentes m\u00eddias dentro de uma plataforma, apenas, sendo muito interessante a combina\u00e7\u00e3o de experi\u00eancias.\",\"breadcrumb\":{\"@id\":\"https:\/\/www.impacta.com.br\/blog\/producao-multimidia-desafios-e-solucoes-de-comunicacao\/#breadcrumb\"},\"inLanguage\":\"pt-BR\",\"potentialAction\":[{\"@type\":\"ReadAction\",\"target\":[\"https:\/\/www.impacta.com.br\/blog\/producao-multimidia-desafios-e-solucoes-de-comunicacao\/\"]}]},{\"@type\":\"ImageObject\",\"inLanguage\":\"pt-BR\",\"@id\":\"https:\/\/www.impacta.com.br\/blog\/producao-multimidia-desafios-e-solucoes-de-comunicacao\/#primaryimage\",\"url\":\"https:\/\/www.impacta.com.br\/blog\/wp-content\/uploads\/2020\/04\/producao_midias2.jpg\",\"contentUrl\":\"https:\/\/www.impacta.com.br\/blog\/wp-content\/uploads\/2020\/04\/producao_midias2.jpg\",\"width\":473,\"height\":157},{\"@type\":\"BreadcrumbList\",\"@id\":\"https:\/\/www.impacta.com.br\/blog\/producao-multimidia-desafios-e-solucoes-de-comunicacao\/#breadcrumb\",\"itemListElement\":[{\"@type\":\"ListItem\",\"position\":1,\"name\":\"In\u00edcio\",\"item\":\"https:\/\/www.impacta.com.br\/blog\/\"},{\"@type\":\"ListItem\",\"position\":2,\"name\":\"Produ\u00e7\u00e3o multim\u00eddia \u2013 Desafios e solu\u00e7\u00f5es de comunica\u00e7\u00e3o\"}]},{\"@type\":\"WebSite\",\"@id\":\"https:\/\/www.impacta.com.br\/blog\/#website\",\"url\":\"https:\/\/www.impacta.com.br\/blog\/\",\"name\":\"Blog Impacta - Dicas e Not\u00edcias sobre Carreira\",\"description\":\"Dicas, Not\u00edcias e Conte\u00fados sobre Carreira, Tecnologia, Design, Gest\u00e3o e Marketing. Conhe\u00e7a e Acompanhe o Blog Impacta\",\"potentialAction\":[{\"@type\":\"SearchAction\",\"target\":{\"@type\":\"EntryPoint\",\"urlTemplate\":\"https:\/\/www.impacta.com.br\/blog\/?s={search_term_string}\"},\"query-input\":{\"@type\":\"PropertyValueSpecification\",\"valueRequired\":true,\"valueName\":\"search_term_string\"}}],\"inLanguage\":\"pt-BR\"},{\"@type\":\"Person\",\"@id\":\"https:\/\/www.impacta.com.br\/blog\/#\/schema\/person\/2e0896bac7656da15b68f5ad2ddd0d8c\",\"name\":\"Reda\u00e7\u00e3o Impacta\",\"image\":{\"@type\":\"ImageObject\",\"inLanguage\":\"pt-BR\",\"@id\":\"https:\/\/www.impacta.com.br\/blog\/#\/schema\/person\/image\/\",\"url\":\"https:\/\/secure.gravatar.com\/avatar\/7443a59e479c8f31067628e3a4bed9ad?s=96&d=mm&r=g\",\"contentUrl\":\"https:\/\/secure.gravatar.com\/avatar\/7443a59e479c8f31067628e3a4bed9ad?s=96&d=mm&r=g\",\"caption\":\"Reda\u00e7\u00e3o Impacta\"},\"url\":\"https:\/\/www.impacta.com.br\/blog\/author\/redacao\/\"}]}<\/script>\r\n<!-- \/ Yoast SEO plugin. -->","yoast_head_json":{"title":"Produ\u00e7\u00e3o multim\u00eddia \u2013 Desafios e solu\u00e7\u00f5es de comunica\u00e7\u00e3o","description":"A produ\u00e7\u00e3o multim\u00eddia consiste na jun\u00e7\u00e3o de diferentes m\u00eddias dentro de uma plataforma, apenas, sendo muito interessante a combina\u00e7\u00e3o de experi\u00eancias.","robots":{"index":"index","follow":"follow","max-snippet":"max-snippet:-1","max-image-preview":"max-image-preview:large","max-video-preview":"max-video-preview:-1"},"canonical":"https:\/\/www.impacta.com.br\/blog\/producao-multimidia-desafios-e-solucoes-de-comunicacao\/","og_locale":"pt_BR","og_type":"article","og_title":"Produ\u00e7\u00e3o multim\u00eddia \u2013 Desafios e solu\u00e7\u00f5es de comunica\u00e7\u00e3o","og_description":"A produ\u00e7\u00e3o multim\u00eddia consiste na jun\u00e7\u00e3o de diferentes m\u00eddias dentro de uma plataforma, apenas, sendo muito interessante a combina\u00e7\u00e3o de experi\u00eancias.","og_url":"https:\/\/www.impacta.com.br\/blog\/producao-multimidia-desafios-e-solucoes-de-comunicacao\/","og_site_name":"Blog Impacta - Dicas e Not\u00edcias sobre Carreira","article_published_time":"2013-07-02T19:13:27+00:00","og_image":[{"width":473,"height":157,"url":"https:\/\/www.impacta.com.br\/blog\/wp-content\/uploads\/2020\/04\/producao_midias2.jpg","type":"image\/jpeg"}],"author":"Reda\u00e7\u00e3o Impacta","twitter_card":"summary_large_image","twitter_misc":{"Written by":"Reda\u00e7\u00e3o Impacta","Est. reading time":"2 minutos"},"schema":{"@context":"https:\/\/schema.org","@graph":[{"@type":"WebPage","@id":"https:\/\/www.impacta.com.br\/blog\/producao-multimidia-desafios-e-solucoes-de-comunicacao\/","url":"https:\/\/www.impacta.com.br\/blog\/producao-multimidia-desafios-e-solucoes-de-comunicacao\/","name":"Produ\u00e7\u00e3o multim\u00eddia \u2013 Desafios e solu\u00e7\u00f5es de comunica\u00e7\u00e3o","isPartOf":{"@id":"https:\/\/www.impacta.com.br\/blog\/#website"},"primaryImageOfPage":{"@id":"https:\/\/www.impacta.com.br\/blog\/producao-multimidia-desafios-e-solucoes-de-comunicacao\/#primaryimage"},"image":{"@id":"https:\/\/www.impacta.com.br\/blog\/producao-multimidia-desafios-e-solucoes-de-comunicacao\/#primaryimage"},"thumbnailUrl":"https:\/\/www.impacta.com.br\/blog\/wp-content\/uploads\/2020\/04\/producao_midias2.jpg","datePublished":"2013-07-02T19:13:27+00:00","author":{"@id":"https:\/\/www.impacta.com.br\/blog\/#\/schema\/person\/2e0896bac7656da15b68f5ad2ddd0d8c"},"description":"A produ\u00e7\u00e3o multim\u00eddia consiste na jun\u00e7\u00e3o de diferentes m\u00eddias dentro de uma plataforma, apenas, sendo muito interessante a combina\u00e7\u00e3o de experi\u00eancias.","breadcrumb":{"@id":"https:\/\/www.impacta.com.br\/blog\/producao-multimidia-desafios-e-solucoes-de-comunicacao\/#breadcrumb"},"inLanguage":"pt-BR","potentialAction":[{"@type":"ReadAction","target":["https:\/\/www.impacta.com.br\/blog\/producao-multimidia-desafios-e-solucoes-de-comunicacao\/"]}]},{"@type":"ImageObject","inLanguage":"pt-BR","@id":"https:\/\/www.impacta.com.br\/blog\/producao-multimidia-desafios-e-solucoes-de-comunicacao\/#primaryimage","url":"https:\/\/www.impacta.com.br\/blog\/wp-content\/uploads\/2020\/04\/producao_midias2.jpg","contentUrl":"https:\/\/www.impacta.com.br\/blog\/wp-content\/uploads\/2020\/04\/producao_midias2.jpg","width":473,"height":157},{"@type":"BreadcrumbList","@id":"https:\/\/www.impacta.com.br\/blog\/producao-multimidia-desafios-e-solucoes-de-comunicacao\/#breadcrumb","itemListElement":[{"@type":"ListItem","position":1,"name":"In\u00edcio","item":"https:\/\/www.impacta.com.br\/blog\/"},{"@type":"ListItem","position":2,"name":"Produ\u00e7\u00e3o multim\u00eddia \u2013 Desafios e solu\u00e7\u00f5es de comunica\u00e7\u00e3o"}]},{"@type":"WebSite","@id":"https:\/\/www.impacta.com.br\/blog\/#website","url":"https:\/\/www.impacta.com.br\/blog\/","name":"Blog Impacta - Dicas e Not\u00edcias sobre Carreira","description":"Dicas, Not\u00edcias e Conte\u00fados sobre Carreira, Tecnologia, Design, Gest\u00e3o e Marketing. Conhe\u00e7a e Acompanhe o Blog Impacta","potentialAction":[{"@type":"SearchAction","target":{"@type":"EntryPoint","urlTemplate":"https:\/\/www.impacta.com.br\/blog\/?s={search_term_string}"},"query-input":{"@type":"PropertyValueSpecification","valueRequired":true,"valueName":"search_term_string"}}],"inLanguage":"pt-BR"},{"@type":"Person","@id":"https:\/\/www.impacta.com.br\/blog\/#\/schema\/person\/2e0896bac7656da15b68f5ad2ddd0d8c","name":"Reda\u00e7\u00e3o Impacta","image":{"@type":"ImageObject","inLanguage":"pt-BR","@id":"https:\/\/www.impacta.com.br\/blog\/#\/schema\/person\/image\/","url":"https:\/\/secure.gravatar.com\/avatar\/7443a59e479c8f31067628e3a4bed9ad?s=96&d=mm&r=g","contentUrl":"https:\/\/secure.gravatar.com\/avatar\/7443a59e479c8f31067628e3a4bed9ad?s=96&d=mm&r=g","caption":"Reda\u00e7\u00e3o Impacta"},"url":"https:\/\/www.impacta.com.br\/blog\/author\/redacao\/"}]}},"acf":{"post_description":null,"capa_mobile":null},"_links":{"self":[{"href":"https:\/\/www.impacta.com.br\/blog\/wp-json\/wp\/v2\/posts\/2041","targetHints":{"allow":["GET"]}}],"collection":[{"href":"https:\/\/www.impacta.com.br\/blog\/wp-json\/wp\/v2\/posts"}],"about":[{"href":"https:\/\/www.impacta.com.br\/blog\/wp-json\/wp\/v2\/types\/post"}],"author":[{"embeddable":true,"href":"https:\/\/www.impacta.com.br\/blog\/wp-json\/wp\/v2\/users\/2"}],"replies":[{"embeddable":true,"href":"https:\/\/www.impacta.com.br\/blog\/wp-json\/wp\/v2\/comments?post=2041"}],"version-history":[{"count":0,"href":"https:\/\/www.impacta.com.br\/blog\/wp-json\/wp\/v2\/posts\/2041\/revisions"}],"wp:featuredmedia":[{"embeddable":true,"href":"https:\/\/www.impacta.com.br\/blog\/wp-json\/wp\/v2\/media\/17823"}],"wp:attachment":[{"href":"https:\/\/www.impacta.com.br\/blog\/wp-json\/wp\/v2\/media?parent=2041"}],"wp:term":[{"taxonomy":"category","embeddable":true,"href":"https:\/\/www.impacta.com.br\/blog\/wp-json\/wp\/v2\/categories?post=2041"},{"taxonomy":"post_tag","embeddable":true,"href":"https:\/\/www.impacta.com.br\/blog\/wp-json\/wp\/v2\/tags?post=2041"}],"curies":[{"name":"wp","href":"https:\/\/api.w.org\/{rel}","templated":true}]}}