{"id":19951,"date":"2021-08-02T19:07:51","date_gmt":"2021-08-02T22:07:51","guid":{"rendered":"https:\/\/www.impacta.com.br\/blog\/?p=19951"},"modified":"2023-03-05T20:54:47","modified_gmt":"2023-03-05T23:54:47","slug":"tecnologia-areas-mais-aquecidas-cargos","status":"publish","type":"post","link":"https:\/\/www.impacta.com.br\/blog\/tecnologia-areas-mais-aquecidas-cargos\/","title":{"rendered":"Tecnologia ainda \u00e9 uma das \u00e1reas  mais aquecidas no mundo. Saiba quais cargos est\u00e3o em alta!"},"content":{"rendered":"\n<p>Na \u00faltima semana de julho a consultoria de recrutamento Robert Half lan\u00e7ou o seu relat\u00f3rio \u201c<a href=\"https:\/\/www.roberthalf.com.br\/central-do-conhecimento\/demanda-por-talentos\" target=\"_blank\" rel=\"noreferrer noopener\">Demanda por talentos no cen\u00e1rio atual<\/a>\u201d, que aponta quais as \u00e1reas e cargos s\u00e3o tend\u00eancia na oferta de empregos no segundo semestre de 2021. E os setores de tecnologia e e-commerce est\u00e3o presentes!<\/p>\n\n\n\n<p>Para saber quais ind\u00fastrias devem contratar mais,  a pesquisa, que foi realizada em mar\u00e7o de 2021, contou com 1.500 executivos entrevistados ao redor do mundo, incluindo pa\u00edses como Alemanha, B\u00e9lgica, Brasil, Fran\u00e7a e Reino Unido!<\/p>\n\n\n\n<p>Al\u00e9m disso, a Robert Half tamb\u00e9m ouviu CIOs, CTOs e CFOs, al\u00e9m de gerentes de contrata\u00e7\u00e3o em geral, em entrevistas online para elencar quais as fun\u00e7\u00f5es e habilidades estar\u00e3o mais em alta nos pr\u00f3ximos meses. Vamos ver os resultados!<\/p>\n\n\n\n<h2 class=\"wp-block-heading\"><strong>5 \u00e1reas mais aquecidas para o segundo semestre<\/strong><\/h2>\n\n\n\n<p>Os setores mais aquecidos segundo o levantamento s\u00e3o:<\/p>\n\n\n\n<ul class=\"wp-block-list\"><li>Servi\u00e7os financeiros<\/li><li>Tecnologia<\/li><li>E-business \/ E-commerce<\/li><li>Sa\u00fade<\/li><li>Constru\u00e7\u00e3o<\/li><\/ul>\n\n\n\n<p>A \u00e1rea de tecnologia foi uma das poucas a se manter em alta mesmo durante a pandemia e que deve continuar em alta para acompanhar a transforma\u00e7\u00e3o digital do mercado. <\/p>\n\n\n\n<p>Vale destacar ainda o crescimento do setor de Varejo Online, ou os e-commerces, que teve forte e abrupta expans\u00e3o no \u00faltimo ano e agora busca profissionais e especialistas para dar suporte e estrat\u00e9gia para o opera\u00e7\u00e3o.<\/p>\n\n\n\n<p>Segundo os recrutadores entrevistados, essa r\u00e1pida transforma\u00e7\u00e3o do mercado gerou impactos nos processos de sele\u00e7\u00e3o, como uma busca por candidatos  com um conjunto de habilidades mais abrangentes e estrat\u00e9gicas.<\/p>\n\n\n\n<p>Planejamento e a capacidade de atuar de forma flex\u00edvel &#8211; como no trabalho remoto ou h\u00edbrido tamb\u00e9m foram bastante consideradas.<\/p>\n\n\n\n<p>Al\u00e9m disso, as chamadas <a href=\"https:\/\/www.impacta.com.br\/blog\/soft-skills-habilidades-procuradas-quarentena\/\" target=\"_blank\" rel=\"noreferrer noopener\">Soft skills<\/a> tamb\u00e9m est\u00e3o em alta. S\u00e3o as habilidades pessoais, como capacidade de lideran\u00e7a, boa <a href=\"https:\/\/www.impacta.com.br\/blog\/comunicacao-sincrona-e-assincrona-comunicar-melhor-com-clientes\/\" target=\"_blank\" rel=\"noreferrer noopener\">comunica\u00e7\u00e3o <\/a>e pensamento criativo.<\/p>\n\n\n\n<h3 class=\"wp-block-heading\"><strong>Quais cargos e fun\u00e7\u00f5es est\u00e3o em alta?<\/strong><\/h3>\n\n\n\n<p>Para listar os cargos e fun\u00e7\u00f5es mais demandadas para o segundo semestre de 2021, a Robert Half ouviu gerentes de contrata\u00e7\u00e3o em geral, mas tamb\u00e9m os CTOs\/CIOs e CFOs. <\/p>\n\n\n\n<p>\u00c9 poss\u00edvel dividir ainda as posi\u00e7\u00f5es abertas entre as que devem ser permanentes e as que devem ocorrem em contratos especializados, algo que aqui no Brasil seria como contrata\u00e7\u00f5es via CLT ou como prestador de servi\u00e7o. Vejam quais s\u00e3o:<\/p>\n\n\n\n<h4 class=\"wp-block-heading\"><strong>Cargos mais buscados por gerentes de contrata\u00e7\u00e3o em geral:<\/strong><\/h4>\n\n\n\n<p>Para as posi\u00e7\u00f5es permanentes: <\/p>\n\n\n\n<ol class=\"wp-block-list\"><li>Pessoal de Vendas (incluindo televendas)<\/li><li>Gest\u00e3o\/Administra\u00e7\u00e3o<\/li><li><a href=\"https:\/\/www.impacta.com.br\/blog\/como-fazer-uma-gestao-de-projetos-de-ti-eficiente\/\" target=\"_blank\" rel=\"noreferrer noopener\">Gest\u00e3o de Projetos<\/a><\/li><li>Recursos Humanos<\/li><li><a href=\"https:\/\/www.impacta.com.br\/blog\/afinal-por-que-realizar-um-curso-de-e-commerce\/\" target=\"_blank\" rel=\"noreferrer noopener\">E-commerce<\/a>\/Marketing Digital<\/li><\/ol>\n\n\n\n<p>Nos cargos para contratos especializados a \u00fanica diferen\u00e7a na lista \u00e9 que a 4\u00aa posi\u00e7\u00e3o (Recursos Humanos) d\u00e1 lugar ao <strong>Talent Acquisition<\/strong>, indicando a import\u00e2ncia que o setor de RH e contrata\u00e7\u00e3o tem no atual momento. <\/p>\n\n\n\n<h4 class=\"wp-block-heading\"><strong>Para os CTOs e CIOs<\/strong><\/h4>\n\n\n\n<p><strong>Posi\u00e7\u00f5es permanentes: <\/strong><\/p>\n\n\n\n<ol class=\"wp-block-list\"><li>Seguran\u00e7a de dados<\/li><li><a href=\"https:\/\/www.impacta.com.br\/blog\/business-intelligence-o-que-e-e-como-pode-impactar-a-sua-carreira\/\" target=\"_blank\" rel=\"noreferrer noopener\">Business Intelligence<\/a><\/li><li>Cloud Computing<\/li><li>Administra\u00e7\u00e3o de banco de dados<\/li><li>Gerenciamento de redes\/sistemas;<\/li><\/ol>\n\n\n\n<p>J\u00e1 para <strong>cinco principais posi\u00e7\u00f5es para contratos especializados<\/strong> algumas ordem se alteram e surge a \u00e1rea de <a href=\"https:\/\/www.impacta.com.br\/blog\/6-habilidades-programacao-todo-profissional-deve-ter\/\" target=\"_blank\" rel=\"noreferrer noopener\">programa\u00e7\u00e3o<\/a>: <\/p>\n\n\n\n<ol class=\"wp-block-list\"><li><a href=\"https:\/\/www.impacta.com.br\/blog\/dpo-guia-do-profissional-da-lei-geral-de-protecao-de-dados-ebook\/\" target=\"_blank\" rel=\"noreferrer noopener\">Seguran\u00e7a de dados<\/a><\/li><li>Business Intelligence<\/li><li>Gerenciamento de redes\/sistemas<\/li><li>Cloud<\/li><li>Desenvolvimento<\/li><\/ol>\n\n\n\n<h4 class=\"wp-block-heading\">Posi\u00e7\u00f5es buscadas pelos CFOs:<\/h4>\n\n\n\n<p><strong>Cargos permanentes: <\/strong><\/p>\n\n\n\n<ol class=\"wp-block-list\"><li>Planejamento Financeiro<\/li><li>An\u00e1lise Financeira<\/li><li>Gest\u00e3o cont\u00e1bil<\/li><li>Payroll<\/li><li>Gest\u00e3o fiscal<\/li><\/ol>\n\n\n\n<p><strong>Posi\u00e7\u00f5es para contratos especializados:<\/strong><\/p>\n\n\n\n<ol class=\"wp-block-list\"><li>An\u00e1lise Financeira<\/li><li>Planejamento Financeiro<\/li><li><a href=\"https:\/\/www.impacta.com.br\/blog\/ferramentas-de-analise-para-product-managers\/\" target=\"_blank\" rel=\"noreferrer noopener\">Relat\u00f3rios<\/a><\/li><li>Gest\u00e3o fiscal<\/li><li>Auditoria<\/li><\/ol>\n\n\n\n<h2 class=\"wp-block-heading\"><strong>Habilidades necess\u00e1rias<\/strong><\/h2>\n\n\n\n<p>Al\u00e9m das soft skills que j\u00e1 citamos no come\u00e7o do texto, como ter uma comunica\u00e7\u00e3o mais assertiva e colaborativa com a equipe, o levantamento tamb\u00e9m aponta que saber utilizar alguns dispositivos e softwares espec\u00edficos tamb\u00e9m \u00e9 importante.<\/p>\n\n\n\n<p>Outras habilidades para os candidatos em cargos no geral s\u00e3o a capacidade de processar e analisar dados e o conhecimento em ferramentas de colabora\u00e7\u00e3o e comunica\u00e7\u00e3o, que s\u00e3o fundamentais para o trabalho home-office. <\/p>\n\n\n\n<p>Por\u00e9m, \u00e9 poss\u00edvel destacar tamb\u00e9m algumas ferramentas ou pr\u00e1ticas que s\u00e3o valorizadas por cada \u00e1rea. Confira!<\/p>\n\n\n\n<p><strong>Para cargos em Tecnologia:  <\/strong><\/p>\n\n\n\n<ul class=\"wp-block-list\"><li>Linguagens Java\/.Net\/PHP <\/li><li>Experi\u00eancia em cloud (Azure)<\/li><li><a href=\"https:\/\/www.impacta.com.br\/blog\/cybersecurity-mercado-trabalho-desafios\/\" target=\"_blank\" rel=\"noreferrer noopener\">Cybersecurity <\/a><\/li><\/ul>\n\n\n\n<p><strong>Para fun\u00e7\u00f5es Financeiras e Cont\u00e1beis: <\/strong><\/p>\n\n\n\n<ul class=\"wp-block-list\"><li>Especialistas em <a href=\"https:\/\/www.impacta.com.br\/blog\/habilidades-essenciais-para-product-manager\/\" target=\"_blank\" rel=\"noreferrer noopener\">ferramentas de BI<\/a><\/li><li>Foco em transforma\u00e7\u00e3o digital para a \u00e1rea de Finan\u00e7as<\/li><\/ul>\n\n\n\n<p><strong>Para cargos Administrativos: <\/strong><\/p>\n\n\n\n<ul class=\"wp-block-list\"><li>Conhecimentos em <a href=\"https:\/\/www.impacta.com.br\/blog\/como-comecar-na-area-de-programacao-e-desenvolvimento\/\" target=\"_blank\" rel=\"noreferrer noopener\">programa\u00e7\u00e3o<\/a>, an\u00e1lise de neg\u00f3cios e tecnologia da informa\u00e7\u00e3o<\/li><\/ul>\n\n\n\n<p><strong>Para as \u00e1reas ligadas ao Marketing e Comunica\u00e7\u00e3o: <\/strong><\/p>\n\n\n\n<ul class=\"wp-block-list\"><li>Ferramentas de an\u00e1lise de dados<\/li><li>Social media<\/li><li><a href=\"https:\/\/www.impacta.com.br\/blog\/como-o-marketing-de-conteudo-e-aplicado-no-e-commerce\/\" target=\"_blank\" rel=\"noreferrer noopener\">Content marketing<\/a><\/li><li>Gest\u00e3o de projetos<\/li><li>Gest\u00e3o de performance<\/li><\/ul>\n\n\n\n<h2 class=\"wp-block-heading\"><strong>Qualifica\u00e7\u00e3o \u00e9 a chave para preencher as \u00e1reas mais aquecidas<\/strong><\/h2>\n\n\n\n<p>O relat\u00f3rio apontou ainda que 69% dos profissionais entrevistados acreditam que a transforma\u00e7\u00e3o digital vai exigir mais qualifica\u00e7\u00e3o dos candidatos.<\/p>\n\n\n\n<p>Por outro lado, 49% dos profissionais disseram que n\u00e3o receberam treinamento adequado por parte de seus gestores para lidar com as novas tecnologias no trabalho nos \u00faltimos meses.<\/p>\n\n\n\n<p>Para resolver essas lacunas a solu\u00e7\u00e3o para muito dos entrevistados ser\u00e1 focar no <a href=\"https:\/\/www.impacta.com.br\/blog\/quando-o-treinamento-de-equipe-da-minha-empresa-e-necessario\/\" target=\"_blank\" rel=\"noreferrer noopener\">treinamento das equipes<\/a> durante o semestre. Nesse contexto, 37% dos profissionais afirmaram que desejam aperfei\u00e7oar habilidades tecnol\u00f3gicas at\u00e9 o final do ano.<\/p>\n\n\n\n<p>J\u00e1 para 32% a prioridade ser\u00e1 melhorar as compet\u00eancias de comunica\u00e7\u00e3o. E para 28% os esfor\u00e7os ser\u00e3o em treinamentos para ajudar no planejamento e organiza\u00e7\u00e3o.<\/p>\n\n\n\n<p><strong>Forma de aprendizado<\/strong><\/p>\n\n\n\n<p>Com o treinamento sendo uma necessidade muito apontada, o estudo tamb\u00e9m quis saber quais as formas ideais de assist\u00eancia de treinamento para o semestre final de 2021: <\/p>\n\n\n\n<ul class=\"wp-block-list\"><li><strong>38%<\/strong> &#8211; Treinamentos pr\u00e1ticos <\/li><li><strong>36%<\/strong> &#8211; Mentoria<\/li><li><strong>24%<\/strong> &#8211; Consultorias especializadas<\/li><\/ul>\n\n\n\n<p>Quer ficar sempre por dentro das melhor dicas e novidades para sua carreira? <\/p>\n\n\n\n<p>Ent\u00e3o acompanhe o Blog Impacta, assine a nossa newsletter e receba todo m\u00eas uma sele\u00e7\u00e3o dos nossos melhores conte\u00fados, de acordo com a sua \u00e1rea de interesse! <\/p>\n<div class=\"sharing-default-minimal post-bottom\"><div class=\"nectar-social default\" data-position=\"\" data-rm-love=\"0\" data-color-override=\"override\"><div class=\"nectar-social-inner\"><a href=\"#\" class=\"nectar-love\" id=\"nectar-love-19951\" title=\"Love this\"> <i class=\"icon-salient-heart-2\"><\/i><span class=\"love-text\">Love<\/span><span class=\"total_loves\"><span class=\"nectar-love-count\">0<\/span><\/span><\/a><a class='facebook-share nectar-sharing' href='#' title='Share this'> <i class='fa fa-facebook'><\/i> <span class='social-text'>Share<\/span> <\/a><a class='twitter-share nectar-sharing' href='#' title='Share this'> <i class='fa icon-salient-x-twitter'><\/i> <span class='social-text'>Share<\/span> <\/a><a class='linkedin-share nectar-sharing' href='#' title='Share this'> <i class='fa fa-linkedin'><\/i> <span class='social-text'>Share<\/span> <\/a><a class='pinterest-share nectar-sharing' href='#' title='Pin this'> <i class='fa fa-pinterest'><\/i> <span class='social-text'>Pin<\/span> <\/a><\/div><\/div><\/div>","protected":false},"excerpt":{"rendered":"<p>Na \u00faltima semana de julho a consultoria de recrutamento Robert Half lan\u00e7ou o seu relat\u00f3rio \u201cDemanda por talentos no cen\u00e1rio atual\u201d, que aponta quais as \u00e1reas e cargos s\u00e3o tend\u00eancia na oferta de empregos no segundo semestre de 2021. E os setores de tecnologia e e-commerce est\u00e3o presentes! Para saber quais ind\u00fastrias devem contratar mais, [&hellip;]<\/p>\n","protected":false},"author":23,"featured_media":19954,"comment_status":"open","ping_status":"closed","sticky":false,"template":"","format":"standard","meta":{"footnotes":""},"categories":[13,3],"tags":[44,409,2,410,11,982],"class_list":["post-19951","post","type-post","status-publish","format-standard","has-post-thumbnail","hentry","category-carreira","category-tecnologia","tag-carreira-2","tag-carreira-em-ti","tag-emprego","tag-qualificacao-profissional","tag-tecnologia","tag-vagas"],"yoast_head":"<!-- This site is optimized with the Yoast SEO plugin v25.1 - https:\/\/yoast.com\/wordpress\/plugins\/seo\/ -->\r\n<title>Tecnologia \u00e9 uma das \u00e1reas mais aquecidas no semestre. Veja cargos!<\/title>\r\n<meta name=\"description\" content=\"Algumas ind\u00fastria v\u00e3o se destacar na oferta de vagas no segundo semestre de 2021. A \u00e1rea de Tecnologia e E-commerce se destacam. Confira tudo!\" \/>\r\n<meta name=\"robots\" content=\"index, follow, max-snippet:-1, max-image-preview:large, max-video-preview:-1\" \/>\r\n<link rel=\"canonical\" href=\"https:\/\/www.impacta.com.br\/blog\/tecnologia-areas-mais-aquecidas-cargos\/\" \/>\r\n<meta property=\"og:locale\" content=\"pt_BR\" \/>\r\n<meta property=\"og:type\" content=\"article\" \/>\r\n<meta property=\"og:title\" content=\"Tecnologia \u00e9 uma das \u00e1reas mais aquecidas no semestre. Veja cargos!\" \/>\r\n<meta property=\"og:description\" content=\"Algumas ind\u00fastria v\u00e3o se destacar na oferta de vagas no segundo semestre de 2021. A \u00e1rea de Tecnologia e E-commerce se destacam. Confira tudo!\" \/>\r\n<meta property=\"og:url\" content=\"https:\/\/www.impacta.com.br\/blog\/tecnologia-areas-mais-aquecidas-cargos\/\" \/>\r\n<meta property=\"og:site_name\" content=\"Blog Impacta - Dicas e Not\u00edcias sobre Carreira\" \/>\r\n<meta property=\"article:published_time\" content=\"2021-08-02T22:07:51+00:00\" \/>\r\n<meta property=\"article:modified_time\" content=\"2023-03-05T23:54:47+00:00\" \/>\r\n<meta property=\"og:image\" content=\"https:\/\/www.impacta.com.br\/blog\/wp-content\/uploads\/2021\/08\/areas_mais_aquecidas.png\" \/>\r\n\t<meta property=\"og:image:width\" content=\"1280\" \/>\r\n\t<meta property=\"og:image:height\" content=\"800\" \/>\r\n\t<meta property=\"og:image:type\" content=\"image\/png\" \/>\r\n<meta name=\"author\" content=\"Reda\u00e7\u00e3o Impacta\" \/>\r\n<meta name=\"twitter:card\" content=\"summary_large_image\" \/>\r\n<meta name=\"twitter:label1\" content=\"Written by\" \/>\n\t<meta name=\"twitter:data1\" content=\"Reda\u00e7\u00e3o Impacta\" \/>\n\t<meta name=\"twitter:label2\" content=\"Est. reading time\" \/>\n\t<meta name=\"twitter:data2\" content=\"4 minutos\" \/>\r\n<script type=\"application\/ld+json\" class=\"yoast-schema-graph\">{\"@context\":\"https:\/\/schema.org\",\"@graph\":[{\"@type\":\"WebPage\",\"@id\":\"https:\/\/www.impacta.com.br\/blog\/tecnologia-areas-mais-aquecidas-cargos\/\",\"url\":\"https:\/\/www.impacta.com.br\/blog\/tecnologia-areas-mais-aquecidas-cargos\/\",\"name\":\"Tecnologia \u00e9 uma das \u00e1reas mais aquecidas no semestre. Veja cargos!\",\"isPartOf\":{\"@id\":\"https:\/\/www.impacta.com.br\/blog\/#website\"},\"primaryImageOfPage\":{\"@id\":\"https:\/\/www.impacta.com.br\/blog\/tecnologia-areas-mais-aquecidas-cargos\/#primaryimage\"},\"image\":{\"@id\":\"https:\/\/www.impacta.com.br\/blog\/tecnologia-areas-mais-aquecidas-cargos\/#primaryimage\"},\"thumbnailUrl\":\"https:\/\/www.impacta.com.br\/blog\/wp-content\/uploads\/2021\/08\/areas_mais_aquecidas.png\",\"datePublished\":\"2021-08-02T22:07:51+00:00\",\"dateModified\":\"2023-03-05T23:54:47+00:00\",\"author\":{\"@id\":\"https:\/\/www.impacta.com.br\/blog\/#\/schema\/person\/3882324164f9237ab7e8d7ac28ecfe79\"},\"description\":\"Algumas ind\u00fastria v\u00e3o se destacar na oferta de vagas no segundo semestre de 2021. A \u00e1rea de Tecnologia e E-commerce se destacam. Confira tudo!\",\"breadcrumb\":{\"@id\":\"https:\/\/www.impacta.com.br\/blog\/tecnologia-areas-mais-aquecidas-cargos\/#breadcrumb\"},\"inLanguage\":\"pt-BR\",\"potentialAction\":[{\"@type\":\"ReadAction\",\"target\":[\"https:\/\/www.impacta.com.br\/blog\/tecnologia-areas-mais-aquecidas-cargos\/\"]}]},{\"@type\":\"ImageObject\",\"inLanguage\":\"pt-BR\",\"@id\":\"https:\/\/www.impacta.com.br\/blog\/tecnologia-areas-mais-aquecidas-cargos\/#primaryimage\",\"url\":\"https:\/\/www.impacta.com.br\/blog\/wp-content\/uploads\/2021\/08\/areas_mais_aquecidas.png\",\"contentUrl\":\"https:\/\/www.impacta.com.br\/blog\/wp-content\/uploads\/2021\/08\/areas_mais_aquecidas.png\",\"width\":1280,\"height\":800,\"caption\":\"\u00e1reas mais aquecidas\"},{\"@type\":\"BreadcrumbList\",\"@id\":\"https:\/\/www.impacta.com.br\/blog\/tecnologia-areas-mais-aquecidas-cargos\/#breadcrumb\",\"itemListElement\":[{\"@type\":\"ListItem\",\"position\":1,\"name\":\"In\u00edcio\",\"item\":\"https:\/\/www.impacta.com.br\/blog\/\"},{\"@type\":\"ListItem\",\"position\":2,\"name\":\"Tecnologia ainda \u00e9 uma das \u00e1reas mais aquecidas no mundo. Saiba quais cargos est\u00e3o em alta!\"}]},{\"@type\":\"WebSite\",\"@id\":\"https:\/\/www.impacta.com.br\/blog\/#website\",\"url\":\"https:\/\/www.impacta.com.br\/blog\/\",\"name\":\"Blog Impacta - Dicas e Not\u00edcias sobre Carreira\",\"description\":\"Dicas, Not\u00edcias e Conte\u00fados sobre Carreira, Tecnologia, Design, Gest\u00e3o e Marketing. Conhe\u00e7a e Acompanhe o Blog Impacta\",\"potentialAction\":[{\"@type\":\"SearchAction\",\"target\":{\"@type\":\"EntryPoint\",\"urlTemplate\":\"https:\/\/www.impacta.com.br\/blog\/?s={search_term_string}\"},\"query-input\":{\"@type\":\"PropertyValueSpecification\",\"valueRequired\":true,\"valueName\":\"search_term_string\"}}],\"inLanguage\":\"pt-BR\"},{\"@type\":\"Person\",\"@id\":\"https:\/\/www.impacta.com.br\/blog\/#\/schema\/person\/3882324164f9237ab7e8d7ac28ecfe79\",\"name\":\"Reda\u00e7\u00e3o Impacta\",\"image\":{\"@type\":\"ImageObject\",\"inLanguage\":\"pt-BR\",\"@id\":\"https:\/\/www.impacta.com.br\/blog\/#\/schema\/person\/image\/\",\"url\":\"https:\/\/secure.gravatar.com\/avatar\/2532096eed25696c0e117e2cbb2f2e7c?s=96&d=mm&r=g\",\"contentUrl\":\"https:\/\/secure.gravatar.com\/avatar\/2532096eed25696c0e117e2cbb2f2e7c?s=96&d=mm&r=g\",\"caption\":\"Reda\u00e7\u00e3o Impacta\"},\"url\":\"https:\/\/www.impacta.com.br\/blog\/author\/redacao_impacta\/\"}]}<\/script>\r\n<!-- \/ Yoast SEO plugin. -->","yoast_head_json":{"title":"Tecnologia \u00e9 uma das \u00e1reas mais aquecidas no semestre. Veja cargos!","description":"Algumas ind\u00fastria v\u00e3o se destacar na oferta de vagas no segundo semestre de 2021. A \u00e1rea de Tecnologia e E-commerce se destacam. Confira tudo!","robots":{"index":"index","follow":"follow","max-snippet":"max-snippet:-1","max-image-preview":"max-image-preview:large","max-video-preview":"max-video-preview:-1"},"canonical":"https:\/\/www.impacta.com.br\/blog\/tecnologia-areas-mais-aquecidas-cargos\/","og_locale":"pt_BR","og_type":"article","og_title":"Tecnologia \u00e9 uma das \u00e1reas mais aquecidas no semestre. Veja cargos!","og_description":"Algumas ind\u00fastria v\u00e3o se destacar na oferta de vagas no segundo semestre de 2021. A \u00e1rea de Tecnologia e E-commerce se destacam. Confira tudo!","og_url":"https:\/\/www.impacta.com.br\/blog\/tecnologia-areas-mais-aquecidas-cargos\/","og_site_name":"Blog Impacta - Dicas e Not\u00edcias sobre Carreira","article_published_time":"2021-08-02T22:07:51+00:00","article_modified_time":"2023-03-05T23:54:47+00:00","og_image":[{"width":1280,"height":800,"url":"https:\/\/www.impacta.com.br\/blog\/wp-content\/uploads\/2021\/08\/areas_mais_aquecidas.png","type":"image\/png"}],"author":"Reda\u00e7\u00e3o Impacta","twitter_card":"summary_large_image","twitter_misc":{"Written by":"Reda\u00e7\u00e3o Impacta","Est. reading time":"4 minutos"},"schema":{"@context":"https:\/\/schema.org","@graph":[{"@type":"WebPage","@id":"https:\/\/www.impacta.com.br\/blog\/tecnologia-areas-mais-aquecidas-cargos\/","url":"https:\/\/www.impacta.com.br\/blog\/tecnologia-areas-mais-aquecidas-cargos\/","name":"Tecnologia \u00e9 uma das \u00e1reas mais aquecidas no semestre. Veja cargos!","isPartOf":{"@id":"https:\/\/www.impacta.com.br\/blog\/#website"},"primaryImageOfPage":{"@id":"https:\/\/www.impacta.com.br\/blog\/tecnologia-areas-mais-aquecidas-cargos\/#primaryimage"},"image":{"@id":"https:\/\/www.impacta.com.br\/blog\/tecnologia-areas-mais-aquecidas-cargos\/#primaryimage"},"thumbnailUrl":"https:\/\/www.impacta.com.br\/blog\/wp-content\/uploads\/2021\/08\/areas_mais_aquecidas.png","datePublished":"2021-08-02T22:07:51+00:00","dateModified":"2023-03-05T23:54:47+00:00","author":{"@id":"https:\/\/www.impacta.com.br\/blog\/#\/schema\/person\/3882324164f9237ab7e8d7ac28ecfe79"},"description":"Algumas ind\u00fastria v\u00e3o se destacar na oferta de vagas no segundo semestre de 2021. A \u00e1rea de Tecnologia e E-commerce se destacam. Confira tudo!","breadcrumb":{"@id":"https:\/\/www.impacta.com.br\/blog\/tecnologia-areas-mais-aquecidas-cargos\/#breadcrumb"},"inLanguage":"pt-BR","potentialAction":[{"@type":"ReadAction","target":["https:\/\/www.impacta.com.br\/blog\/tecnologia-areas-mais-aquecidas-cargos\/"]}]},{"@type":"ImageObject","inLanguage":"pt-BR","@id":"https:\/\/www.impacta.com.br\/blog\/tecnologia-areas-mais-aquecidas-cargos\/#primaryimage","url":"https:\/\/www.impacta.com.br\/blog\/wp-content\/uploads\/2021\/08\/areas_mais_aquecidas.png","contentUrl":"https:\/\/www.impacta.com.br\/blog\/wp-content\/uploads\/2021\/08\/areas_mais_aquecidas.png","width":1280,"height":800,"caption":"\u00e1reas mais aquecidas"},{"@type":"BreadcrumbList","@id":"https:\/\/www.impacta.com.br\/blog\/tecnologia-areas-mais-aquecidas-cargos\/#breadcrumb","itemListElement":[{"@type":"ListItem","position":1,"name":"In\u00edcio","item":"https:\/\/www.impacta.com.br\/blog\/"},{"@type":"ListItem","position":2,"name":"Tecnologia ainda \u00e9 uma das \u00e1reas mais aquecidas no mundo. Saiba quais cargos est\u00e3o em alta!"}]},{"@type":"WebSite","@id":"https:\/\/www.impacta.com.br\/blog\/#website","url":"https:\/\/www.impacta.com.br\/blog\/","name":"Blog Impacta - Dicas e Not\u00edcias sobre Carreira","description":"Dicas, Not\u00edcias e Conte\u00fados sobre Carreira, Tecnologia, Design, Gest\u00e3o e Marketing. Conhe\u00e7a e Acompanhe o Blog Impacta","potentialAction":[{"@type":"SearchAction","target":{"@type":"EntryPoint","urlTemplate":"https:\/\/www.impacta.com.br\/blog\/?s={search_term_string}"},"query-input":{"@type":"PropertyValueSpecification","valueRequired":true,"valueName":"search_term_string"}}],"inLanguage":"pt-BR"},{"@type":"Person","@id":"https:\/\/www.impacta.com.br\/blog\/#\/schema\/person\/3882324164f9237ab7e8d7ac28ecfe79","name":"Reda\u00e7\u00e3o Impacta","image":{"@type":"ImageObject","inLanguage":"pt-BR","@id":"https:\/\/www.impacta.com.br\/blog\/#\/schema\/person\/image\/","url":"https:\/\/secure.gravatar.com\/avatar\/2532096eed25696c0e117e2cbb2f2e7c?s=96&d=mm&r=g","contentUrl":"https:\/\/secure.gravatar.com\/avatar\/2532096eed25696c0e117e2cbb2f2e7c?s=96&d=mm&r=g","caption":"Reda\u00e7\u00e3o Impacta"},"url":"https:\/\/www.impacta.com.br\/blog\/author\/redacao_impacta\/"}]}},"acf":{"post_description":"","capa_mobile":false},"_links":{"self":[{"href":"https:\/\/www.impacta.com.br\/blog\/wp-json\/wp\/v2\/posts\/19951","targetHints":{"allow":["GET"]}}],"collection":[{"href":"https:\/\/www.impacta.com.br\/blog\/wp-json\/wp\/v2\/posts"}],"about":[{"href":"https:\/\/www.impacta.com.br\/blog\/wp-json\/wp\/v2\/types\/post"}],"author":[{"embeddable":true,"href":"https:\/\/www.impacta.com.br\/blog\/wp-json\/wp\/v2\/users\/23"}],"replies":[{"embeddable":true,"href":"https:\/\/www.impacta.com.br\/blog\/wp-json\/wp\/v2\/comments?post=19951"}],"version-history":[{"count":2,"href":"https:\/\/www.impacta.com.br\/blog\/wp-json\/wp\/v2\/posts\/19951\/revisions"}],"predecessor-version":[{"id":20450,"href":"https:\/\/www.impacta.com.br\/blog\/wp-json\/wp\/v2\/posts\/19951\/revisions\/20450"}],"wp:featuredmedia":[{"embeddable":true,"href":"https:\/\/www.impacta.com.br\/blog\/wp-json\/wp\/v2\/media\/19954"}],"wp:attachment":[{"href":"https:\/\/www.impacta.com.br\/blog\/wp-json\/wp\/v2\/media?parent=19951"}],"wp:term":[{"taxonomy":"category","embeddable":true,"href":"https:\/\/www.impacta.com.br\/blog\/wp-json\/wp\/v2\/categories?post=19951"},{"taxonomy":"post_tag","embeddable":true,"href":"https:\/\/www.impacta.com.br\/blog\/wp-json\/wp\/v2\/tags?post=19951"}],"curies":[{"name":"wp","href":"https:\/\/api.w.org\/{rel}","templated":true}]}}