{"id":19119,"date":"2021-03-01T08:09:00","date_gmt":"2021-03-01T11:09:00","guid":{"rendered":"https:\/\/www.impacta.com.br\/blog\/?p=19119"},"modified":"2021-02-25T10:13:45","modified_gmt":"2021-02-25T13:13:45","slug":"como-aproveitar-a-epoca-das-transferencias-de-faculdade","status":"publish","type":"post","link":"https:\/\/www.impacta.com.br\/blog\/como-aproveitar-a-epoca-das-transferencias-de-faculdade\/","title":{"rendered":"Como aproveitar a \u00e9poca das transfer\u00eancias de Faculdade?"},"content":{"rendered":"<p><span style=\"font-weight: 400;\">Pois \u00e9, o ano come\u00e7ou, daqui a pouco as aulas j\u00e1 est\u00e3o recome\u00e7ando e voc\u00ea ainda n\u00e3o resolveu a quest\u00e3o da sua <a href=\"https:\/\/www.impacta.com.br\/blog\/entenda-agora-como-funciona-a-transferencia-de-faculdade\/\" target=\"_blank\" rel=\"noopener\">transfer\u00eancia de faculdade<\/a>, n\u00e3o \u00e9? <\/span><span style=\"font-weight: 400;\">Que bom!<\/span><\/p>\n<p><span style=\"font-weight: 400;\">T\u00eam coisas que realmente demandam maior tempo para serem decididas\/escolhidas e a transfer\u00eancia \u00e9 uma delas.<\/span><\/p>\n<p><span style=\"font-weight: 400;\">Afinal de contas, <a href=\"https:\/\/www.impacta.com.br\/blog\/mudar-cidade-para-fazer-faculdade-vale-pena\/\" target=\"_blank\" rel=\"noopener\">mudar de faculdade ou de curso<\/a> n\u00e3o \u00e9 simplesmente uma troca, \u00e9 mais do que isso: \u00e9 a mudan\u00e7a da rotina di\u00e1ria tamb\u00e9m. <\/span><\/p>\n<p><span style=\"font-weight: 400;\">E a\u00ed, fatores como dist\u00e2ncia de casa, dificuldade de acesso, insatisfa\u00e7\u00e3o com o m\u00e9todo de ensino, professores pouco qualificados, infraestrutura, dificuldade de adapta\u00e7\u00e3o, entre outros, podem ser decisivos.<\/span><\/p>\n<p><span style=\"font-weight: 400;\">Da mesma maneira, facilidades como a proximidade da faculdade aos principais meios de transporte p\u00fablico, investimento em tecnologia e corpo docente tamb\u00e9m contam pontos positivos na hora da decis\u00e3o.<\/span><\/p>\n<h2>Por que fazer Transfer\u00eancia de Faculdade?<\/h2>\n<p><span style=\"font-weight: 400;\">Antes de tudo, \u00e9 recomendado avaliar o real motivo para a mudan\u00e7a e, geralmente nesse momento, existem N situa\u00e7\u00f5es! <\/span><\/p>\n<p><span style=\"font-weight: 400;\">Por exemplo, quando voc\u00ea gosta do curso, mas o problema \u00e9 o campus, quando n\u00e3o gosta do campus, mas ele oferece o melhor e mais reconhecido curso da sua \u00e1rea de especializa\u00e7\u00e3o. <\/span><\/p>\n<p><span style=\"font-weight: 400;\">Ou ainda quando voc\u00ea n\u00e3o gosta do curso e quer <a href=\"https:\/\/www.impacta.com.br\/blog\/mudar-carreira-dicas-para-criar-coragem-capacitar\/\" target=\"_blank\" rel=\"noopener\">trocar de carreira<\/a>. <\/span><\/p>\n<p><span style=\"font-weight: 400;\">Em qualquer um desses casos, vale a pena pesquisar como a sua faculdade \u00e9 vista l\u00e1 fora antes de troc\u00e1-la por outra.<\/span><\/p>\n<p><img loading=\"lazy\" decoding=\"async\" class=\"aligncenter size-full wp-image-17915\" src=\"https:\/\/www.impacta.com.br\/blog\/wp-content\/uploads\/2020\/04\/266113-refacao-entenda-agora-como-funciona-a-transferencia-de-faculdade-e1614258264718.jpg\" alt=\"transferencia-de-faculdade\" width=\"600\" height=\"400\" \/><\/p>\n<h3><strong>Consultar outras Faculdades<\/strong><\/h3>\n<p><span style=\"font-weight: 400;\">Vale a pena tamb\u00e9m consultar a nova faculdade sobre o regulamento para transfer\u00eancia, os documentos exigidos e o calend\u00e1rio, pois cada institui\u00e7\u00e3o tem a sua pol\u00edtica <a href=\"https:\/\/www.impacta.edu.br\/transferencia\/\">pr\u00f3pria de transfer\u00eancias <\/a>e, por isso, \u00e9 importante avaliar essas condi\u00e7\u00f5es estabelecidas e ainda as suas vantagens antes de decidir.<\/span><\/p>\n<p><span style=\"font-weight: 400;\">Supondo que a decis\u00e3o j\u00e1 esteja tomada e que voc\u00ea esteja de mochila e livros preparado para ir para outro curso ou faculdade, antes de realmente dar adeus, busque informa\u00e7\u00f5es sobre as vantagens de ser aluno de tal institui\u00e7\u00e3o, bem como as facilidades que isso poder\u00e1 reservar.<\/span><\/p>\n<h4><strong>Veja outras dicas para fazer antes da transfer\u00eancia:<\/strong><\/h4>\n<ul>\n<li><span style=\"font-weight: 400;\">Converse com alunos e ex-alunos para ajudar a ter uma opini\u00e3o sobre a \u201cexperi\u00eancia do usu\u00e1rio\u201d.<br \/>\n<\/span><\/li>\n<li><span style=\"font-weight: 400;\"><strong>Busque descontos:<\/strong> muitas faculdades acabam fazendo campanhas onde alunos transferidos ganham <a href=\"https:\/\/www.impacta.edu.br\/blog\/faculdade-impacta-recebera-o-gdg-devfest-2016-em-novembro\/\">desconto nas mensalidades<\/a> e, com isso, quem ganha \u00e9 voc\u00ea!<br \/>\n<\/span><\/li>\n<\/ul>\n<p><span style=\"font-weight: 400;\">Afinal, nada melhor que trocar de faculdade e ainda conseguir economizar nas mensalidades, n\u00e3o \u00e9?<\/span><\/p>\n<h3><b>Aten\u00e7\u00e3o com as grades e curr\u00edculos<\/b><\/h3>\n<p><span style=\"font-weight: 400;\">Como os curr\u00edculos podem variar de institui\u00e7\u00e3o para institui\u00e7\u00e3o, \u00e9 importante saber como \u00e9 o processo seletivo para a faculdade em que est\u00e1 interessado e se preparar para cursar algumas disciplinas que n\u00e3o est\u00e3o na grade da atual.<\/span><\/p>\n<p><span style=\"font-weight: 400;\">Em contrapartida verifique o aproveitamento, pois quando \u00e9 realizada a transfer\u00eancia, existem sempre aquelas disciplinas que podem ser eliminadas, o que pode ser motivo para mais descontos na mensalidade.<\/span><\/p>\n<p><span style=\"font-weight: 400;\">Outra dica importante \u00e9 ficar atento \u00e0s mat\u00e9rias que cursou, pois n\u00e3o h\u00e1 necessidade de repeti-las. <\/span><\/p>\n<p><span style=\"font-weight: 400;\">E por fim, uma das dicas mais importantes: n\u00e3o deixe de ver como \u00e9 o procedimento para <a href=\"https:\/\/www.impacta.edu.br\/transferencia\/\">transfer\u00eancia para a Faculdade Impacta:<\/a> <strong>temos condi\u00e7\u00f5es especiais!<\/strong><\/span><\/p>\n<div class=\"sharing-default-minimal post-bottom\"><div class=\"nectar-social default\" data-position=\"\" data-rm-love=\"0\" data-color-override=\"override\"><div class=\"nectar-social-inner\"><a href=\"#\" class=\"nectar-love\" id=\"nectar-love-19119\" title=\"Love this\"> <i class=\"icon-salient-heart-2\"><\/i><span class=\"love-text\">Love<\/span><span class=\"total_loves\"><span class=\"nectar-love-count\">0<\/span><\/span><\/a><a class='facebook-share nectar-sharing' href='#' title='Share this'> <i class='fa fa-facebook'><\/i> <span class='social-text'>Share<\/span> <\/a><a class='twitter-share nectar-sharing' href='#' title='Share this'> <i class='fa icon-salient-x-twitter'><\/i> <span class='social-text'>Share<\/span> <\/a><a class='linkedin-share nectar-sharing' href='#' title='Share this'> <i class='fa fa-linkedin'><\/i> <span class='social-text'>Share<\/span> <\/a><a class='pinterest-share nectar-sharing' href='#' title='Pin this'> <i class='fa fa-pinterest'><\/i> <span class='social-text'>Pin<\/span> <\/a><\/div><\/div><\/div>","protected":false},"excerpt":{"rendered":"<p>Pois \u00e9, o ano come\u00e7ou, daqui a pouco as aulas j\u00e1 est\u00e3o recome\u00e7ando e voc\u00ea ainda n\u00e3o resolveu a quest\u00e3o da sua transfer\u00eancia de faculdade, n\u00e3o \u00e9? Que bom! T\u00eam coisas que realmente demandam maior tempo para serem decididas\/escolhidas e a transfer\u00eancia \u00e9 uma delas. Afinal de contas, mudar de faculdade ou de curso n\u00e3o [&hellip;]<\/p>\n","protected":false},"author":23,"featured_media":19122,"comment_status":"open","ping_status":"open","sticky":false,"template":"","format":"standard","meta":{"footnotes":""},"categories":[1091],"tags":[338,30,1031,1132],"class_list":["post-19119","post","type-post","status-publish","format-standard","has-post-thumbnail","hentry","category-vestibular-e-estudos","tag-estudos","tag-faculdade-2","tag-graduacao","tag-transferencia"],"yoast_head":"<!-- This site is optimized with the Yoast SEO plugin v25.1 - https:\/\/yoast.com\/wordpress\/plugins\/seo\/ -->\r\n<title>Como aproveitar a \u00e9poca das transfer\u00eancias de Faculdade? - Impacta<\/title>\r\n<meta name=\"description\" content=\"Come\u00e7o de ano \u00e9 \u00e9poca de matr\u00edcula, mas tamb\u00e9m de Transfer\u00eancia de Faculdade. Mas o que avaliar antes de mudar? Veja Dicas\" \/>\r\n<meta name=\"robots\" content=\"index, follow, max-snippet:-1, max-image-preview:large, max-video-preview:-1\" \/>\r\n<link rel=\"canonical\" href=\"https:\/\/www.impacta.com.br\/blog\/como-aproveitar-a-epoca-das-transferencias-de-faculdade\/\" \/>\r\n<meta property=\"og:locale\" content=\"pt_BR\" \/>\r\n<meta property=\"og:type\" content=\"article\" \/>\r\n<meta property=\"og:title\" content=\"Como aproveitar a \u00e9poca das transfer\u00eancias de Faculdade? - Impacta\" \/>\r\n<meta property=\"og:description\" content=\"Come\u00e7o de ano \u00e9 \u00e9poca de matr\u00edcula, mas tamb\u00e9m de Transfer\u00eancia de Faculdade. Mas o que avaliar antes de mudar? Veja Dicas\" \/>\r\n<meta property=\"og:url\" content=\"https:\/\/www.impacta.com.br\/blog\/como-aproveitar-a-epoca-das-transferencias-de-faculdade\/\" \/>\r\n<meta property=\"og:site_name\" content=\"Blog Impacta - Dicas e Not\u00edcias sobre Carreira\" \/>\r\n<meta property=\"article:published_time\" content=\"2021-03-01T11:09:00+00:00\" \/>\r\n<meta property=\"og:image\" content=\"https:\/\/www.impacta.com.br\/blog\/wp-content\/uploads\/2021\/02\/transferencia_faculdade.png\" \/>\r\n\t<meta property=\"og:image:width\" content=\"1280\" \/>\r\n\t<meta property=\"og:image:height\" content=\"800\" \/>\r\n\t<meta property=\"og:image:type\" content=\"image\/png\" \/>\r\n<meta name=\"author\" content=\"Reda\u00e7\u00e3o Impacta\" \/>\r\n<meta name=\"twitter:card\" content=\"summary_large_image\" \/>\r\n<meta name=\"twitter:label1\" content=\"Written by\" \/>\n\t<meta name=\"twitter:data1\" content=\"Reda\u00e7\u00e3o Impacta\" \/>\n\t<meta name=\"twitter:label2\" content=\"Est. reading time\" \/>\n\t<meta name=\"twitter:data2\" content=\"3 minutos\" \/>\r\n<script type=\"application\/ld+json\" class=\"yoast-schema-graph\">{\"@context\":\"https:\/\/schema.org\",\"@graph\":[{\"@type\":\"WebPage\",\"@id\":\"https:\/\/www.impacta.com.br\/blog\/como-aproveitar-a-epoca-das-transferencias-de-faculdade\/\",\"url\":\"https:\/\/www.impacta.com.br\/blog\/como-aproveitar-a-epoca-das-transferencias-de-faculdade\/\",\"name\":\"Como aproveitar a \u00e9poca das transfer\u00eancias de Faculdade? - Impacta\",\"isPartOf\":{\"@id\":\"https:\/\/www.impacta.com.br\/blog\/#website\"},\"primaryImageOfPage\":{\"@id\":\"https:\/\/www.impacta.com.br\/blog\/como-aproveitar-a-epoca-das-transferencias-de-faculdade\/#primaryimage\"},\"image\":{\"@id\":\"https:\/\/www.impacta.com.br\/blog\/como-aproveitar-a-epoca-das-transferencias-de-faculdade\/#primaryimage\"},\"thumbnailUrl\":\"https:\/\/www.impacta.com.br\/blog\/wp-content\/uploads\/2021\/02\/transferencia_faculdade.png\",\"datePublished\":\"2021-03-01T11:09:00+00:00\",\"author\":{\"@id\":\"https:\/\/www.impacta.com.br\/blog\/#\/schema\/person\/3882324164f9237ab7e8d7ac28ecfe79\"},\"description\":\"Come\u00e7o de ano \u00e9 \u00e9poca de matr\u00edcula, mas tamb\u00e9m de Transfer\u00eancia de Faculdade. Mas o que avaliar antes de mudar? Veja Dicas\",\"breadcrumb\":{\"@id\":\"https:\/\/www.impacta.com.br\/blog\/como-aproveitar-a-epoca-das-transferencias-de-faculdade\/#breadcrumb\"},\"inLanguage\":\"pt-BR\",\"potentialAction\":[{\"@type\":\"ReadAction\",\"target\":[\"https:\/\/www.impacta.com.br\/blog\/como-aproveitar-a-epoca-das-transferencias-de-faculdade\/\"]}]},{\"@type\":\"ImageObject\",\"inLanguage\":\"pt-BR\",\"@id\":\"https:\/\/www.impacta.com.br\/blog\/como-aproveitar-a-epoca-das-transferencias-de-faculdade\/#primaryimage\",\"url\":\"https:\/\/www.impacta.com.br\/blog\/wp-content\/uploads\/2021\/02\/transferencia_faculdade.png\",\"contentUrl\":\"https:\/\/www.impacta.com.br\/blog\/wp-content\/uploads\/2021\/02\/transferencia_faculdade.png\",\"width\":1280,\"height\":800},{\"@type\":\"BreadcrumbList\",\"@id\":\"https:\/\/www.impacta.com.br\/blog\/como-aproveitar-a-epoca-das-transferencias-de-faculdade\/#breadcrumb\",\"itemListElement\":[{\"@type\":\"ListItem\",\"position\":1,\"name\":\"In\u00edcio\",\"item\":\"https:\/\/www.impacta.com.br\/blog\/\"},{\"@type\":\"ListItem\",\"position\":2,\"name\":\"Como aproveitar a \u00e9poca das transfer\u00eancias de Faculdade?\"}]},{\"@type\":\"WebSite\",\"@id\":\"https:\/\/www.impacta.com.br\/blog\/#website\",\"url\":\"https:\/\/www.impacta.com.br\/blog\/\",\"name\":\"Blog Impacta - Dicas e Not\u00edcias sobre Carreira\",\"description\":\"Dicas, Not\u00edcias e Conte\u00fados sobre Carreira, Tecnologia, Design, Gest\u00e3o e Marketing. Conhe\u00e7a e Acompanhe o Blog Impacta\",\"potentialAction\":[{\"@type\":\"SearchAction\",\"target\":{\"@type\":\"EntryPoint\",\"urlTemplate\":\"https:\/\/www.impacta.com.br\/blog\/?s={search_term_string}\"},\"query-input\":{\"@type\":\"PropertyValueSpecification\",\"valueRequired\":true,\"valueName\":\"search_term_string\"}}],\"inLanguage\":\"pt-BR\"},{\"@type\":\"Person\",\"@id\":\"https:\/\/www.impacta.com.br\/blog\/#\/schema\/person\/3882324164f9237ab7e8d7ac28ecfe79\",\"name\":\"Reda\u00e7\u00e3o Impacta\",\"image\":{\"@type\":\"ImageObject\",\"inLanguage\":\"pt-BR\",\"@id\":\"https:\/\/www.impacta.com.br\/blog\/#\/schema\/person\/image\/\",\"url\":\"https:\/\/secure.gravatar.com\/avatar\/2532096eed25696c0e117e2cbb2f2e7c?s=96&d=mm&r=g\",\"contentUrl\":\"https:\/\/secure.gravatar.com\/avatar\/2532096eed25696c0e117e2cbb2f2e7c?s=96&d=mm&r=g\",\"caption\":\"Reda\u00e7\u00e3o Impacta\"},\"url\":\"https:\/\/www.impacta.com.br\/blog\/author\/redacao_impacta\/\"}]}<\/script>\r\n<!-- \/ Yoast SEO plugin. -->","yoast_head_json":{"title":"Como aproveitar a \u00e9poca das transfer\u00eancias de Faculdade? - Impacta","description":"Come\u00e7o de ano \u00e9 \u00e9poca de matr\u00edcula, mas tamb\u00e9m de Transfer\u00eancia de Faculdade. Mas o que avaliar antes de mudar? Veja Dicas","robots":{"index":"index","follow":"follow","max-snippet":"max-snippet:-1","max-image-preview":"max-image-preview:large","max-video-preview":"max-video-preview:-1"},"canonical":"https:\/\/www.impacta.com.br\/blog\/como-aproveitar-a-epoca-das-transferencias-de-faculdade\/","og_locale":"pt_BR","og_type":"article","og_title":"Como aproveitar a \u00e9poca das transfer\u00eancias de Faculdade? - Impacta","og_description":"Come\u00e7o de ano \u00e9 \u00e9poca de matr\u00edcula, mas tamb\u00e9m de Transfer\u00eancia de Faculdade. Mas o que avaliar antes de mudar? Veja Dicas","og_url":"https:\/\/www.impacta.com.br\/blog\/como-aproveitar-a-epoca-das-transferencias-de-faculdade\/","og_site_name":"Blog Impacta - Dicas e Not\u00edcias sobre Carreira","article_published_time":"2021-03-01T11:09:00+00:00","og_image":[{"width":1280,"height":800,"url":"https:\/\/www.impacta.com.br\/blog\/wp-content\/uploads\/2021\/02\/transferencia_faculdade.png","type":"image\/png"}],"author":"Reda\u00e7\u00e3o Impacta","twitter_card":"summary_large_image","twitter_misc":{"Written by":"Reda\u00e7\u00e3o Impacta","Est. reading time":"3 minutos"},"schema":{"@context":"https:\/\/schema.org","@graph":[{"@type":"WebPage","@id":"https:\/\/www.impacta.com.br\/blog\/como-aproveitar-a-epoca-das-transferencias-de-faculdade\/","url":"https:\/\/www.impacta.com.br\/blog\/como-aproveitar-a-epoca-das-transferencias-de-faculdade\/","name":"Como aproveitar a \u00e9poca das transfer\u00eancias de Faculdade? - Impacta","isPartOf":{"@id":"https:\/\/www.impacta.com.br\/blog\/#website"},"primaryImageOfPage":{"@id":"https:\/\/www.impacta.com.br\/blog\/como-aproveitar-a-epoca-das-transferencias-de-faculdade\/#primaryimage"},"image":{"@id":"https:\/\/www.impacta.com.br\/blog\/como-aproveitar-a-epoca-das-transferencias-de-faculdade\/#primaryimage"},"thumbnailUrl":"https:\/\/www.impacta.com.br\/blog\/wp-content\/uploads\/2021\/02\/transferencia_faculdade.png","datePublished":"2021-03-01T11:09:00+00:00","author":{"@id":"https:\/\/www.impacta.com.br\/blog\/#\/schema\/person\/3882324164f9237ab7e8d7ac28ecfe79"},"description":"Come\u00e7o de ano \u00e9 \u00e9poca de matr\u00edcula, mas tamb\u00e9m de Transfer\u00eancia de Faculdade. Mas o que avaliar antes de mudar? Veja Dicas","breadcrumb":{"@id":"https:\/\/www.impacta.com.br\/blog\/como-aproveitar-a-epoca-das-transferencias-de-faculdade\/#breadcrumb"},"inLanguage":"pt-BR","potentialAction":[{"@type":"ReadAction","target":["https:\/\/www.impacta.com.br\/blog\/como-aproveitar-a-epoca-das-transferencias-de-faculdade\/"]}]},{"@type":"ImageObject","inLanguage":"pt-BR","@id":"https:\/\/www.impacta.com.br\/blog\/como-aproveitar-a-epoca-das-transferencias-de-faculdade\/#primaryimage","url":"https:\/\/www.impacta.com.br\/blog\/wp-content\/uploads\/2021\/02\/transferencia_faculdade.png","contentUrl":"https:\/\/www.impacta.com.br\/blog\/wp-content\/uploads\/2021\/02\/transferencia_faculdade.png","width":1280,"height":800},{"@type":"BreadcrumbList","@id":"https:\/\/www.impacta.com.br\/blog\/como-aproveitar-a-epoca-das-transferencias-de-faculdade\/#breadcrumb","itemListElement":[{"@type":"ListItem","position":1,"name":"In\u00edcio","item":"https:\/\/www.impacta.com.br\/blog\/"},{"@type":"ListItem","position":2,"name":"Como aproveitar a \u00e9poca das transfer\u00eancias de Faculdade?"}]},{"@type":"WebSite","@id":"https:\/\/www.impacta.com.br\/blog\/#website","url":"https:\/\/www.impacta.com.br\/blog\/","name":"Blog Impacta - Dicas e Not\u00edcias sobre Carreira","description":"Dicas, Not\u00edcias e Conte\u00fados sobre Carreira, Tecnologia, Design, Gest\u00e3o e Marketing. Conhe\u00e7a e Acompanhe o Blog Impacta","potentialAction":[{"@type":"SearchAction","target":{"@type":"EntryPoint","urlTemplate":"https:\/\/www.impacta.com.br\/blog\/?s={search_term_string}"},"query-input":{"@type":"PropertyValueSpecification","valueRequired":true,"valueName":"search_term_string"}}],"inLanguage":"pt-BR"},{"@type":"Person","@id":"https:\/\/www.impacta.com.br\/blog\/#\/schema\/person\/3882324164f9237ab7e8d7ac28ecfe79","name":"Reda\u00e7\u00e3o Impacta","image":{"@type":"ImageObject","inLanguage":"pt-BR","@id":"https:\/\/www.impacta.com.br\/blog\/#\/schema\/person\/image\/","url":"https:\/\/secure.gravatar.com\/avatar\/2532096eed25696c0e117e2cbb2f2e7c?s=96&d=mm&r=g","contentUrl":"https:\/\/secure.gravatar.com\/avatar\/2532096eed25696c0e117e2cbb2f2e7c?s=96&d=mm&r=g","caption":"Reda\u00e7\u00e3o Impacta"},"url":"https:\/\/www.impacta.com.br\/blog\/author\/redacao_impacta\/"}]}},"acf":{"post_description":"","capa_mobile":false},"_links":{"self":[{"href":"https:\/\/www.impacta.com.br\/blog\/wp-json\/wp\/v2\/posts\/19119","targetHints":{"allow":["GET"]}}],"collection":[{"href":"https:\/\/www.impacta.com.br\/blog\/wp-json\/wp\/v2\/posts"}],"about":[{"href":"https:\/\/www.impacta.com.br\/blog\/wp-json\/wp\/v2\/types\/post"}],"author":[{"embeddable":true,"href":"https:\/\/www.impacta.com.br\/blog\/wp-json\/wp\/v2\/users\/23"}],"replies":[{"embeddable":true,"href":"https:\/\/www.impacta.com.br\/blog\/wp-json\/wp\/v2\/comments?post=19119"}],"version-history":[{"count":0,"href":"https:\/\/www.impacta.com.br\/blog\/wp-json\/wp\/v2\/posts\/19119\/revisions"}],"wp:featuredmedia":[{"embeddable":true,"href":"https:\/\/www.impacta.com.br\/blog\/wp-json\/wp\/v2\/media\/19122"}],"wp:attachment":[{"href":"https:\/\/www.impacta.com.br\/blog\/wp-json\/wp\/v2\/media?parent=19119"}],"wp:term":[{"taxonomy":"category","embeddable":true,"href":"https:\/\/www.impacta.com.br\/blog\/wp-json\/wp\/v2\/categories?post=19119"},{"taxonomy":"post_tag","embeddable":true,"href":"https:\/\/www.impacta.com.br\/blog\/wp-json\/wp\/v2\/tags?post=19119"}],"curies":[{"name":"wp","href":"https:\/\/api.w.org\/{rel}","templated":true}]}}