{"id":19048,"date":"2020-08-14T09:11:34","date_gmt":"2020-08-14T12:11:34","guid":{"rendered":"https:\/\/www.impacta.com.br\/blog\/?p=17226"},"modified":"2021-03-31T17:02:40","modified_gmt":"2021-03-31T20:02:40","slug":"dia-informatica-por-que-nocoes-que-significa","status":"publish","type":"post","link":"https:\/\/www.impacta.com.br\/blog\/dia-informatica-por-que-nocoes-que-significa\/","title":{"rendered":"Dia da Inform\u00e1tica: por que ter no\u00e7\u00f5es e o que isso significa?"},"content":{"rendered":"<pre><em>Que tal ouvir esse conte\u00fado? Inscreva-se abaixe e ou\u00e7a agora mesmo:<\/em><\/pre>\n<p><iframe loading=\"lazy\" width=\"100%\" height=\"83\" scrolling=\"no\" src=\"https:\/\/go.vooozer.com\/embed\/f9900a16\" frameborder=\"0\" style=\"height: 83px !important;\" allowfullscreen=\"\"><\/iframe><\/p>\n<p><span style=\"font-size: 14pt;\"><span style=\"font-weight: 400;\">Em 15 de agosto \u00e9 comemorado o <\/span><b>Dia Internacional da Inform\u00e1tica<\/b><span style=\"font-weight: 400;\">, data que homenageia a cria\u00e7\u00e3o e revela\u00e7\u00e3o do <\/span><b>ENIAC<\/b><span style=\"font-weight: 400;\"> (sigla em ingl\u00eas para Electronic Numerical Integrator and Computer ), que \u00e9 considerado o <\/span><b>primeiro computador moderno<\/b><span style=\"font-weight: 400;\">, sendo capaz de realizar c\u00e1lculos em grande escala.<\/span><\/span><\/p>\n<p><span style=\"font-size: 14pt;\"><span style=\"font-weight: 400;\">Apesar de ter sido criado secretamente para o Ex\u00e9rcito dos EUA durante a Segunda Guerra, em 1943, o aparelho eletr\u00f4nico s\u00f3 foi revelado ap\u00f3s o fim dos combates, em <\/span><b>15 de fevereiro de 1946<\/b><span style=\"font-weight: 400;\"> pelos norte-americanos John Eckert e John Mauchly.<\/span><\/span><\/p>\n<p><span style=\"font-size: 14pt;\"><span style=\"font-weight: 400;\">O ENIAC, que em tradu\u00e7\u00e3o ao portugu\u00eas significa <\/span><b>computador integrador num\u00e9rico eletr\u00f4nico<\/b><span style=\"font-weight: 400;\">, tinha capacidade de processar 5 mil opera\u00e7\u00f5es por segundo, com 160w de pot\u00eancia e 17.466. Tudo isso em uma \u00e1rea de cerca de 180m\u00b2 pesando 30 toneladas, j\u00e1 imaginou?<\/span><\/span><\/p>\n<p><strong><span style=\"font-size: 14pt;\"><a href=\"https:\/\/youtu.be\/o2giLh8SGTU?t=34\" target=\"_blank\" rel=\"noopener\">&gt;&gt; Conhe\u00e7a o Museu do Computador!<\/a><\/span><\/strong><\/p>\n<p><span style=\"font-weight: 400; font-size: 14pt;\">O lan\u00e7amento do computador marcou o come\u00e7o de uma verdadeira transforma\u00e7\u00e3o que nos trouxe at\u00e9 o mundo digital e inovador que vivemos hoje, impactando diretamente nossas rela\u00e7\u00f5es sociais e, \u00e9 claro, a forma como trabalhamos.<\/span><strong><strong>&nbsp;<\/strong><\/strong><\/p>\n<p><span style=\"font-weight: 400; font-size: 14pt;\">N\u00e3o \u00e9 \u00e0 toa que tantas vagas de empregos solicitem no\u00e7\u00f5es de inform\u00e1tica at\u00e9 hoje, n\u00e3o \u00e9 mesmo?&nbsp;<\/span><\/p>\n<p><span style=\"font-size: 14pt;\"><b>Mas o que isso significa? Quais os conhecimentos em inform\u00e1tica necess\u00e1rios no mercado atual?<\/b><span style=\"font-weight: 400;\"> Vamos te ajudar a responder tudo isso!&nbsp;<\/span><\/span><\/p>\n<h2><span style=\"font-size: 14pt;\"><b>O que \u00e9 Inform\u00e1tica?<\/b><\/span><\/h2>\n<p><span style=\"font-size: 14pt;\"><span style=\"font-weight: 400;\">O termo Inform\u00e1tica deriva do alem\u00e3o \u201cinformatika\u201d, cunhado em 1956 pelo cientista da computa\u00e7\u00e3o Karl Steinbuch com o sentido de <\/span><b>processamento autom\u00e1tico de informa\u00e7\u00e3o<\/b><span style=\"font-weight: 400;\">.<\/span><\/span><\/p>\n<p><span style=\"font-weight: 400; font-size: 14pt;\">Atualmente por\u00e9m, inform\u00e1tica pode ser definida como um conjunto de conhecimentos e estudos no desenvolvimento de tecnologias de informa\u00e7\u00e3o e suas rela\u00e7\u00f5es com a sociedade, pessoas e organiza\u00e7\u00f5es.&nbsp;&nbsp;<\/span><\/p>\n<p><span style=\"font-size: 14pt;\"><span style=\"font-weight: 400;\">Portanto, a \u00e1rea de inform\u00e1tica agrega desde a<\/span><b> coleta, armazenamento e processamento, at\u00e9 a transmiss\u00e3o de uma informa\u00e7\u00e3o digital e sua interface<\/b><span style=\"font-weight: 400;\">, com o objetivo de automatiza\u00e7\u00e3o e solu\u00e7\u00e3o de problemas.<\/span><\/span><\/p>\n<p><span style=\"font-weight: 400; font-size: 14pt;\">A inform\u00e1tica evoluiu muito ap\u00f3s a populariza\u00e7\u00e3o dos computadores e, principalmente, com a <strong>chegada da internet em 1969<\/strong>, tornando os sistemas informatizados cada vez mais comuns e indispens\u00e1veis para nossas vidas e atividades profissionais.&nbsp;<\/span><\/p>\n<p><span style=\"font-weight: 400; font-size: 14pt;\">Al\u00e9m de ter gerado uma s\u00e9rie de profiss\u00f5es focadas na \u00e1rea de <a href=\"https:\/\/www.impacta.edu.br\/blog\/tecnologia-da-informacao-tudo-o-que-voce-precisa-saber-sobre-a-area\/\" target=\"_blank\" rel=\"noopener\">tecnologia da informa\u00e7\u00e3o<\/a>, computa\u00e7\u00e3o ou que atuam no cen\u00e1rio digital, ter no\u00e7\u00f5es de inform\u00e1tica \u00e9 fundamental para praticamente todos que est\u00e3o no mercado de trabalho.&nbsp;<\/span><\/p>\n<p><span style=\"font-weight: 400; font-size: 14pt;\">Afinal, todas os setores atualmente podem lidar com algum sistema ou programa informatizado. Mas voc\u00ea sabe o que isso significa na pr\u00e1tica? O que as empresas esperam de conhecimento quando solicitam no\u00e7\u00f5es b\u00e1sicas de inform\u00e1tica?&nbsp;<\/span><\/p>\n<p><span style=\"font-weight: 400; font-size: 14pt;\">A seguir vamos explicar justamente isso, continue a leitura!<\/span><\/p>\n<h3><span style=\"font-size: 14pt;\"><b>No\u00e7\u00f5es B\u00e1sicas de Inform\u00e1tica: quais s\u00e3o?<\/b><\/span><\/h3>\n<p><span style=\"font-weight: 400; font-size: 14pt;\">Como dito acima, a inform\u00e1tica e a computa\u00e7\u00e3o originaram diversas \u00e1reas de estudo e de atua\u00e7\u00e3o no mercado no atual, sempre com foco na tecnologia, no processamento de informa\u00e7\u00f5es e na inova\u00e7\u00e3o.&nbsp;<\/span><\/p>\n<p><span style=\"font-weight: 400; font-size: 14pt;\">Portanto, para profissionais e estudantes de setores como <a href=\"https:\/\/www.impacta.edu.br\/blog\/guia-de-carreira-conheca-tudo-sobre-o-cientista-da-computacao\/\" target=\"_blank\" rel=\"noopener\">Ci\u00eancias da Computa\u00e7\u00e3o<\/a>, Redes, Desenvolvimento de softwares, <a title=\"Saiba como \u00e9 o mercado de trabalho para programa\u00e7\u00e3o\" href=\"https:\/\/www.impacta.com.br\/blog\/2018\/06\/04\/saiba-como-e-o-mercado-de-trabalho-para-programacao\/\" target=\"_blank\" rel=\"noopener\">Programa\u00e7\u00e3o<\/a>, <a title=\"Intelig\u00eancia Artificial e o mercado de trabalho\" href=\"https:\/\/www.impacta.com.br\/blog\/2018\/08\/28\/inteligencia-artificial-e-o-mercado-trabalho-preparar-para-futuro\/\" target=\"_blank\" rel=\"noopener\">Intelig\u00eancia Artificial<\/a>, An\u00e1lise de Sistemas, Banco de dados e muitos outros, a inform\u00e1tica ser\u00e1 a base de todos os estudos durante a forma\u00e7\u00e3o.&nbsp;<\/span><\/p>\n<p><span style=\"font-weight: 400; font-size: 14pt;\">Por\u00e9m, para muitos outros empregos &#8211; nas mais distintas \u00e1reas &#8211; s\u00e3o solicitados o que \u00e9 muitas vezes chamado de \u201cNo\u00e7\u00f5es b\u00e1sicas de inform\u00e1tica\u201d no an\u00fancio da vaga.&nbsp;<\/span><\/p>\n<p><span style=\"font-weight: 400; font-size: 14pt;\">H\u00e1 casos em que os conhecimentos desejados s\u00e3o melhor detalhados pelos recrutadores, mas no geral, as empresas costumam se referir a algumas habilidades de inclus\u00e3o digital e para o trabalho com alguns dos programas e softwares mais comuns do mercado, como \u00e9 o caso do pacote <a title=\"Entrevista do porque Office \u00e9 t\u00e3o valorizado no Curr\u00edculo\" href=\"https:\/\/www.impacta.com.br\/blog\/2019\/11\/06\/por-que-o-office-e-tao-valorizado-no-curriculo-entrevista-com-fernando-navarro\/\" target=\"_blank\" rel=\"noopener\">Microsoft Office<\/a>.<\/span><\/p>\n<p><span style=\"font-weight: 400; font-size: 14pt;\">Vamos ver alguns desses conhecimentos mais solicitados em inform\u00e1tica:<\/span><\/p>\n<ul>\n<li style=\"font-weight: 400;\"><span style=\"font-size: 14pt;\"><b>B\u00e1sico em <a title=\"O que \u00e9 necess\u00e1rio para ser um bom profissional de hardware?\" href=\"https:\/\/www.impacta.com.br\/blog\/2016\/10\/03\/o-que-e-necessario-para-ser-um-bom-profissional-de-hardware-2\/\" target=\"_blank\" rel=\"noopener\">Hardware<\/a>:<\/b><span style=\"font-weight: 400;\"> conhecimento das pe\u00e7as fundamentais para o uso de computadores;<\/span><\/span><\/li>\n<li style=\"font-weight: 400;\"><span style=\"font-size: 14pt;\"><b><a title=\"Passo a passo para implementar o cabeamento estruturado!\" href=\"https:\/\/www.impacta.com.br\/blog\/2017\/10\/20\/e-book-passo-a-passo-implementar-cabeamento-estruturado\/\" target=\"_blank\" rel=\"noopener\">Cabeamento <\/a>e redes<\/b><span style=\"font-weight: 400;\">: funcionamento de cabos, fios e conex\u00f5es, bem como a configura\u00e7\u00e3o b\u00e1sica de internet wi-fi;<\/span><\/span><\/li>\n<li style=\"font-weight: 400;\"><span style=\"font-size: 14pt;\"><b>Internet<\/b><span style=\"font-weight: 400;\">: navega\u00e7\u00e3o na web por meio dos principais navegadores;<\/span><\/span><\/li>\n<li style=\"font-weight: 400;\"><span style=\"font-size: 14pt;\"><b>Utiliza\u00e7\u00e3o de E-mails: <\/b><span style=\"font-weight: 400;\">uso dos principais sistemas de e-mails, como Outlook ou gmail, fazendo o <a title=\"Como escrever um e-mail formal e ser melhor compreendido\" href=\"https:\/\/www.impacta.com.br\/blog\/2017\/08\/11\/como-escrever-um-e-mail-formal-e-ser-melhor-compreendido\/\" target=\"_blank\" rel=\"noopener\">envio<\/a>, controle e configura\u00e7\u00e3o b\u00e1sica;<\/span><\/span><\/li>\n<li style=\"font-weight: 400;\"><span style=\"font-size: 14pt;\"><b>Softwares<\/b><span style=\"font-weight: 400;\">: utiliza\u00e7\u00e3o dos principais softwares que podem ser uma padr\u00e3o de mercado &#8211; como \u00e9 caso do <a title=\"Conhe\u00e7a 6 motivos para aprender Excel!\" href=\"https:\/\/www.impacta.com.br\/blog\/2018\/12\/12\/chega-de-desculpas-conheca-6-motivos-para-voce-aprender-excel\/\" target=\"_blank\" rel=\"noopener\">Excel <\/a>no trabalho de tabelas, gr\u00e1ficos e planilhas &#8211; ou de uso espec\u00edfico na empresa.&nbsp;<\/span><\/span><\/li>\n<\/ul>\n<p><span style=\"font-weight: 400; font-size: 14pt;\">Vale ressaltar que apesar de muitas vagas usarem o termo \u201cno\u00e7\u00f5es de inform\u00e1tica\u201d, indicando um conhecimento b\u00e1sico, ele precisa ser real.&nbsp;<\/span><\/p>\n<p><span style=\"font-weight: 400; font-size: 14pt;\">Infelizmente, ainda \u00e9 muito comum no mercado de trabalho encontrar candidatos que acabam <a title=\"Por que mentir no curr\u00edculo \u00e9 t\u00e3o comum \u2013 e t\u00e3o ruim?\" href=\"https:\/\/www.impacta.com.br\/blog\/2019\/05\/29\/por-que-mentir-no-curriculo-comum-ruim-entenda\/\" target=\"_blank\" rel=\"noopener\">mentindo <\/a>ou que acreditam que possuem os requisitos, mas na pr\u00e1tica profissional acabam encontrando dificuldades.<\/span><\/p>\n<p><span style=\"font-weight: 400; font-size: 14pt;\">Por isso, <a title=\"Cursos r\u00e1pidos: um guia para turbinar a sua carreira!\" href=\"https:\/\/www.impacta.com.br\/blog\/2019\/10\/23\/cursos-rapidos-um-guia-para-turbinar-a-sua-carreira-com-velocidade\/\" target=\"_blank\" rel=\"noopener\">cursos <\/a>e estudos para aprender os primeiros passos no mundo dos computadores ou mesmo na utiliza\u00e7\u00e3o dos programas da linha Office, podem ser muito importantes e um grande diferencial para os recrutadores.&nbsp;<\/span><\/p>\n<p><span style=\"font-size: 14pt;\"><span style=\"font-weight: 400;\">E a\u00ed, quer saber como come\u00e7ar a Carreira em TI? Confira o <\/span><b><a href=\"https:\/\/conteudo.impacta.edu.br\/primeiro-emprego-mercado-de-ti\" target=\"_blank\" rel=\"noopener\">Guia completo do primeiro emprego no mercado de TI!<\/a><\/b><\/span><\/p>\n<div class=\"sharing-default-minimal post-bottom\"><div class=\"nectar-social default\" data-position=\"\" data-rm-love=\"0\" data-color-override=\"override\"><div class=\"nectar-social-inner\"><a href=\"#\" class=\"nectar-love\" id=\"nectar-love-19048\" title=\"Love this\"> <i class=\"icon-salient-heart-2\"><\/i><span class=\"love-text\">Love<\/span><span class=\"total_loves\"><span class=\"nectar-love-count\">0<\/span><\/span><\/a><a class='facebook-share nectar-sharing' href='#' title='Share this'> <i class='fa fa-facebook'><\/i> <span class='social-text'>Share<\/span> <\/a><a class='twitter-share nectar-sharing' href='#' title='Share this'> <i class='fa icon-salient-x-twitter'><\/i> <span class='social-text'>Share<\/span> <\/a><a class='linkedin-share nectar-sharing' href='#' title='Share this'> <i class='fa fa-linkedin'><\/i> <span class='social-text'>Share<\/span> <\/a><a class='pinterest-share nectar-sharing' href='#' title='Pin this'> <i class='fa fa-pinterest'><\/i> <span class='social-text'>Pin<\/span> <\/a><\/div><\/div><\/div>","protected":false},"excerpt":{"rendered":"<p>Que tal ouvir esse conte\u00fado? Inscreva-se abaixe e ou\u00e7a agora mesmo: Em 15 de agosto \u00e9 comemorado o Dia Internacional da Inform\u00e1tica, data que homenageia a cria\u00e7\u00e3o e revela\u00e7\u00e3o do ENIAC (sigla em ingl\u00eas para Electronic Numerical Integrator and Computer ), que \u00e9 considerado o primeiro computador moderno, sendo capaz de realizar c\u00e1lculos em grande [&hellip;]<\/p>\n","protected":false},"author":23,"featured_media":17229,"comment_status":"open","ping_status":"open","sticky":false,"template":"","format":"standard","meta":{"footnotes":""},"categories":[3],"tags":[1529,1530,273],"class_list":["post-19048","post","type-post","status-publish","format-standard","has-post-thumbnail","hentry","category-tecnologia","tag-informatica","tag-nocoes-de-informatica","tag-tecnologia-da-informacao"],"yoast_head":"<!-- This site is optimized with the Yoast SEO plugin v25.1 - https:\/\/yoast.com\/wordpress\/plugins\/seo\/ -->\r\n<title>Dia da Inform\u00e1tica: por que ter no\u00e7\u00f5es e o que isso significa?<\/title>\r\n<meta name=\"description\" content=\"No Dia da Inform\u00e1tica explicamos o que \u00e9 o termo, porque tantas vagas pedem no\u00e7\u00f5es na \u00e1rea e o que isso quer dizer na pr\u00e1tica. Veja aqui!\" \/>\r\n<meta name=\"robots\" content=\"index, follow, max-snippet:-1, max-image-preview:large, max-video-preview:-1\" \/>\r\n<link rel=\"canonical\" href=\"https:\/\/www.impacta.com.br\/blog\/dia-informatica-por-que-nocoes-que-significa\/\" \/>\r\n<meta property=\"og:locale\" content=\"pt_BR\" \/>\r\n<meta property=\"og:type\" content=\"article\" \/>\r\n<meta property=\"og:title\" content=\"Dia da Inform\u00e1tica: por que ter no\u00e7\u00f5es e o que isso significa?\" \/>\r\n<meta property=\"og:description\" content=\"No Dia da Inform\u00e1tica explicamos o que \u00e9 o termo, porque tantas vagas pedem no\u00e7\u00f5es na \u00e1rea e o que isso quer dizer na pr\u00e1tica. Veja aqui!\" \/>\r\n<meta property=\"og:url\" content=\"https:\/\/www.impacta.com.br\/blog\/dia-informatica-por-que-nocoes-que-significa\/\" \/>\r\n<meta property=\"og:site_name\" content=\"Blog Impacta - Dicas e Not\u00edcias sobre Carreira\" \/>\r\n<meta property=\"article:published_time\" content=\"2020-08-14T12:11:34+00:00\" \/>\r\n<meta property=\"article:modified_time\" content=\"2021-03-31T20:02:40+00:00\" \/>\r\n<meta property=\"og:image\" content=\"https:\/\/www.impacta.com.br\/blog\/wp-content\/uploads\/2020\/04\/ux_writer.jpg\" \/>\r\n\t<meta property=\"og:image:width\" content=\"850\" \/>\r\n\t<meta property=\"og:image:height\" content=\"284\" \/>\r\n\t<meta property=\"og:image:type\" content=\"image\/jpeg\" \/>\r\n<meta name=\"author\" content=\"Reda\u00e7\u00e3o Impacta\" \/>\r\n<meta name=\"twitter:card\" content=\"summary_large_image\" \/>\r\n<meta name=\"twitter:label1\" content=\"Written by\" \/>\n\t<meta name=\"twitter:data1\" content=\"Reda\u00e7\u00e3o Impacta\" \/>\n\t<meta name=\"twitter:label2\" content=\"Est. reading time\" \/>\n\t<meta name=\"twitter:data2\" content=\"4 minutos\" \/>\r\n<script type=\"application\/ld+json\" class=\"yoast-schema-graph\">{\"@context\":\"https:\/\/schema.org\",\"@graph\":[{\"@type\":\"WebPage\",\"@id\":\"https:\/\/www.impacta.com.br\/blog\/dia-informatica-por-que-nocoes-que-significa\/\",\"url\":\"https:\/\/www.impacta.com.br\/blog\/dia-informatica-por-que-nocoes-que-significa\/\",\"name\":\"Dia da Inform\u00e1tica: por que ter no\u00e7\u00f5es e o que isso significa?\",\"isPartOf\":{\"@id\":\"https:\/\/www.impacta.com.br\/blog\/#website\"},\"primaryImageOfPage\":{\"@id\":\"https:\/\/www.impacta.com.br\/blog\/dia-informatica-por-que-nocoes-que-significa\/#primaryimage\"},\"image\":{\"@id\":\"https:\/\/www.impacta.com.br\/blog\/dia-informatica-por-que-nocoes-que-significa\/#primaryimage\"},\"thumbnailUrl\":\"https:\/\/www.impacta.com.br\/blog\/wp-content\/uploads\/2020\/04\/ux_writer.jpg\",\"datePublished\":\"2020-08-14T12:11:34+00:00\",\"dateModified\":\"2021-03-31T20:02:40+00:00\",\"author\":{\"@id\":\"https:\/\/www.impacta.com.br\/blog\/#\/schema\/person\/3882324164f9237ab7e8d7ac28ecfe79\"},\"description\":\"No Dia da Inform\u00e1tica explicamos o que \u00e9 o termo, porque tantas vagas pedem no\u00e7\u00f5es na \u00e1rea e o que isso quer dizer na pr\u00e1tica. Veja aqui!\",\"breadcrumb\":{\"@id\":\"https:\/\/www.impacta.com.br\/blog\/dia-informatica-por-que-nocoes-que-significa\/#breadcrumb\"},\"inLanguage\":\"pt-BR\",\"potentialAction\":[{\"@type\":\"ReadAction\",\"target\":[\"https:\/\/www.impacta.com.br\/blog\/dia-informatica-por-que-nocoes-que-significa\/\"]}]},{\"@type\":\"ImageObject\",\"inLanguage\":\"pt-BR\",\"@id\":\"https:\/\/www.impacta.com.br\/blog\/dia-informatica-por-que-nocoes-que-significa\/#primaryimage\",\"url\":\"https:\/\/www.impacta.com.br\/blog\/wp-content\/uploads\/2020\/04\/ux_writer.jpg\",\"contentUrl\":\"https:\/\/www.impacta.com.br\/blog\/wp-content\/uploads\/2020\/04\/ux_writer.jpg\",\"width\":850,\"height\":284},{\"@type\":\"BreadcrumbList\",\"@id\":\"https:\/\/www.impacta.com.br\/blog\/dia-informatica-por-que-nocoes-que-significa\/#breadcrumb\",\"itemListElement\":[{\"@type\":\"ListItem\",\"position\":1,\"name\":\"In\u00edcio\",\"item\":\"https:\/\/www.impacta.com.br\/blog\/\"},{\"@type\":\"ListItem\",\"position\":2,\"name\":\"Dia da Inform\u00e1tica: por que ter no\u00e7\u00f5es e o que isso significa?\"}]},{\"@type\":\"WebSite\",\"@id\":\"https:\/\/www.impacta.com.br\/blog\/#website\",\"url\":\"https:\/\/www.impacta.com.br\/blog\/\",\"name\":\"Blog Impacta - Dicas e Not\u00edcias sobre Carreira\",\"description\":\"Dicas, Not\u00edcias e Conte\u00fados sobre Carreira, Tecnologia, Design, Gest\u00e3o e Marketing. Conhe\u00e7a e Acompanhe o Blog Impacta\",\"potentialAction\":[{\"@type\":\"SearchAction\",\"target\":{\"@type\":\"EntryPoint\",\"urlTemplate\":\"https:\/\/www.impacta.com.br\/blog\/?s={search_term_string}\"},\"query-input\":{\"@type\":\"PropertyValueSpecification\",\"valueRequired\":true,\"valueName\":\"search_term_string\"}}],\"inLanguage\":\"pt-BR\"},{\"@type\":\"Person\",\"@id\":\"https:\/\/www.impacta.com.br\/blog\/#\/schema\/person\/3882324164f9237ab7e8d7ac28ecfe79\",\"name\":\"Reda\u00e7\u00e3o Impacta\",\"image\":{\"@type\":\"ImageObject\",\"inLanguage\":\"pt-BR\",\"@id\":\"https:\/\/www.impacta.com.br\/blog\/#\/schema\/person\/image\/\",\"url\":\"https:\/\/secure.gravatar.com\/avatar\/2532096eed25696c0e117e2cbb2f2e7c?s=96&d=mm&r=g\",\"contentUrl\":\"https:\/\/secure.gravatar.com\/avatar\/2532096eed25696c0e117e2cbb2f2e7c?s=96&d=mm&r=g\",\"caption\":\"Reda\u00e7\u00e3o Impacta\"},\"url\":\"https:\/\/www.impacta.com.br\/blog\/author\/redacao_impacta\/\"}]}<\/script>\r\n<!-- \/ Yoast SEO plugin. -->","yoast_head_json":{"title":"Dia da Inform\u00e1tica: por que ter no\u00e7\u00f5es e o que isso significa?","description":"No Dia da Inform\u00e1tica explicamos o que \u00e9 o termo, porque tantas vagas pedem no\u00e7\u00f5es na \u00e1rea e o que isso quer dizer na pr\u00e1tica. Veja aqui!","robots":{"index":"index","follow":"follow","max-snippet":"max-snippet:-1","max-image-preview":"max-image-preview:large","max-video-preview":"max-video-preview:-1"},"canonical":"https:\/\/www.impacta.com.br\/blog\/dia-informatica-por-que-nocoes-que-significa\/","og_locale":"pt_BR","og_type":"article","og_title":"Dia da Inform\u00e1tica: por que ter no\u00e7\u00f5es e o que isso significa?","og_description":"No Dia da Inform\u00e1tica explicamos o que \u00e9 o termo, porque tantas vagas pedem no\u00e7\u00f5es na \u00e1rea e o que isso quer dizer na pr\u00e1tica. Veja aqui!","og_url":"https:\/\/www.impacta.com.br\/blog\/dia-informatica-por-que-nocoes-que-significa\/","og_site_name":"Blog Impacta - Dicas e Not\u00edcias sobre Carreira","article_published_time":"2020-08-14T12:11:34+00:00","article_modified_time":"2021-03-31T20:02:40+00:00","og_image":[{"width":850,"height":284,"url":"https:\/\/www.impacta.com.br\/blog\/wp-content\/uploads\/2020\/04\/ux_writer.jpg","type":"image\/jpeg"}],"author":"Reda\u00e7\u00e3o Impacta","twitter_card":"summary_large_image","twitter_misc":{"Written by":"Reda\u00e7\u00e3o Impacta","Est. reading time":"4 minutos"},"schema":{"@context":"https:\/\/schema.org","@graph":[{"@type":"WebPage","@id":"https:\/\/www.impacta.com.br\/blog\/dia-informatica-por-que-nocoes-que-significa\/","url":"https:\/\/www.impacta.com.br\/blog\/dia-informatica-por-que-nocoes-que-significa\/","name":"Dia da Inform\u00e1tica: por que ter no\u00e7\u00f5es e o que isso significa?","isPartOf":{"@id":"https:\/\/www.impacta.com.br\/blog\/#website"},"primaryImageOfPage":{"@id":"https:\/\/www.impacta.com.br\/blog\/dia-informatica-por-que-nocoes-que-significa\/#primaryimage"},"image":{"@id":"https:\/\/www.impacta.com.br\/blog\/dia-informatica-por-que-nocoes-que-significa\/#primaryimage"},"thumbnailUrl":"https:\/\/www.impacta.com.br\/blog\/wp-content\/uploads\/2020\/04\/ux_writer.jpg","datePublished":"2020-08-14T12:11:34+00:00","dateModified":"2021-03-31T20:02:40+00:00","author":{"@id":"https:\/\/www.impacta.com.br\/blog\/#\/schema\/person\/3882324164f9237ab7e8d7ac28ecfe79"},"description":"No Dia da Inform\u00e1tica explicamos o que \u00e9 o termo, porque tantas vagas pedem no\u00e7\u00f5es na \u00e1rea e o que isso quer dizer na pr\u00e1tica. Veja aqui!","breadcrumb":{"@id":"https:\/\/www.impacta.com.br\/blog\/dia-informatica-por-que-nocoes-que-significa\/#breadcrumb"},"inLanguage":"pt-BR","potentialAction":[{"@type":"ReadAction","target":["https:\/\/www.impacta.com.br\/blog\/dia-informatica-por-que-nocoes-que-significa\/"]}]},{"@type":"ImageObject","inLanguage":"pt-BR","@id":"https:\/\/www.impacta.com.br\/blog\/dia-informatica-por-que-nocoes-que-significa\/#primaryimage","url":"https:\/\/www.impacta.com.br\/blog\/wp-content\/uploads\/2020\/04\/ux_writer.jpg","contentUrl":"https:\/\/www.impacta.com.br\/blog\/wp-content\/uploads\/2020\/04\/ux_writer.jpg","width":850,"height":284},{"@type":"BreadcrumbList","@id":"https:\/\/www.impacta.com.br\/blog\/dia-informatica-por-que-nocoes-que-significa\/#breadcrumb","itemListElement":[{"@type":"ListItem","position":1,"name":"In\u00edcio","item":"https:\/\/www.impacta.com.br\/blog\/"},{"@type":"ListItem","position":2,"name":"Dia da Inform\u00e1tica: por que ter no\u00e7\u00f5es e o que isso significa?"}]},{"@type":"WebSite","@id":"https:\/\/www.impacta.com.br\/blog\/#website","url":"https:\/\/www.impacta.com.br\/blog\/","name":"Blog Impacta - Dicas e Not\u00edcias sobre Carreira","description":"Dicas, Not\u00edcias e Conte\u00fados sobre Carreira, Tecnologia, Design, Gest\u00e3o e Marketing. Conhe\u00e7a e Acompanhe o Blog Impacta","potentialAction":[{"@type":"SearchAction","target":{"@type":"EntryPoint","urlTemplate":"https:\/\/www.impacta.com.br\/blog\/?s={search_term_string}"},"query-input":{"@type":"PropertyValueSpecification","valueRequired":true,"valueName":"search_term_string"}}],"inLanguage":"pt-BR"},{"@type":"Person","@id":"https:\/\/www.impacta.com.br\/blog\/#\/schema\/person\/3882324164f9237ab7e8d7ac28ecfe79","name":"Reda\u00e7\u00e3o Impacta","image":{"@type":"ImageObject","inLanguage":"pt-BR","@id":"https:\/\/www.impacta.com.br\/blog\/#\/schema\/person\/image\/","url":"https:\/\/secure.gravatar.com\/avatar\/2532096eed25696c0e117e2cbb2f2e7c?s=96&d=mm&r=g","contentUrl":"https:\/\/secure.gravatar.com\/avatar\/2532096eed25696c0e117e2cbb2f2e7c?s=96&d=mm&r=g","caption":"Reda\u00e7\u00e3o Impacta"},"url":"https:\/\/www.impacta.com.br\/blog\/author\/redacao_impacta\/"}]}},"acf":{"post_description":"","capa_mobile":false},"_links":{"self":[{"href":"https:\/\/www.impacta.com.br\/blog\/wp-json\/wp\/v2\/posts\/19048","targetHints":{"allow":["GET"]}}],"collection":[{"href":"https:\/\/www.impacta.com.br\/blog\/wp-json\/wp\/v2\/posts"}],"about":[{"href":"https:\/\/www.impacta.com.br\/blog\/wp-json\/wp\/v2\/types\/post"}],"author":[{"embeddable":true,"href":"https:\/\/www.impacta.com.br\/blog\/wp-json\/wp\/v2\/users\/23"}],"replies":[{"embeddable":true,"href":"https:\/\/www.impacta.com.br\/blog\/wp-json\/wp\/v2\/comments?post=19048"}],"version-history":[{"count":0,"href":"https:\/\/www.impacta.com.br\/blog\/wp-json\/wp\/v2\/posts\/19048\/revisions"}],"wp:featuredmedia":[{"embeddable":true,"href":"https:\/\/www.impacta.com.br\/blog\/wp-json\/wp\/v2\/media\/17229"}],"wp:attachment":[{"href":"https:\/\/www.impacta.com.br\/blog\/wp-json\/wp\/v2\/media?parent=19048"}],"wp:term":[{"taxonomy":"category","embeddable":true,"href":"https:\/\/www.impacta.com.br\/blog\/wp-json\/wp\/v2\/categories?post=19048"},{"taxonomy":"post_tag","embeddable":true,"href":"https:\/\/www.impacta.com.br\/blog\/wp-json\/wp\/v2\/tags?post=19048"}],"curies":[{"name":"wp","href":"https:\/\/api.w.org\/{rel}","templated":true}]}}