{"id":19035,"date":"2020-07-15T08:43:06","date_gmt":"2020-07-15T11:43:06","guid":{"rendered":"https:\/\/www.impacta.com.br\/blog\/?p=17143"},"modified":"2020-07-15T08:43:06","modified_gmt":"2020-07-15T11:43:06","slug":"lei-geral-protecao-de-dados-voce-precisa-saber","status":"publish","type":"post","link":"https:\/\/www.impacta.com.br\/blog\/lei-geral-protecao-de-dados-voce-precisa-saber\/","title":{"rendered":"Lei Geral de Prote\u00e7\u00e3o de Dados: o que voc\u00ea precisa saber?"},"content":{"rendered":"<p><span style=\"font-size: 14pt;\"><em>N\u00e3o pode ler esse artigo agora? Ou\u00e7a a mat\u00e9ria no Player abaixo:<\/em><\/span><\/p>\n<p><iframe loading=\"lazy\" width=\"100%\" height=\"83\" scrolling=\"no\" src=\"https:\/\/go.vooozer.com\/embed\/f8370a08\" frameborder=\"0\" style=\"height: 83px !important;\" allowfullscreen><\/iframe><\/p>\n<p><span style=\"font-size: 14pt;\">Voc\u00ea sabe qual \u00e9 o objetivo da Lei Geral de Prote\u00e7\u00e3o de Dados (LGPD)? A nova legisla\u00e7\u00e3o exige que empresas e demais institui\u00e7\u00f5es sigam regras espec\u00edficas para coletar, armazenar e compartilhar os dados pessoais de seus clientes. Esse passo ser\u00e1 imprescind\u00edvel para garantir maior seguran\u00e7a e privacidade.<\/span><\/p>\n<p><span style=\"font-size: 14pt;\">Mesmo que a lei ainda n\u00e3o esteja em vigor, as organiza\u00e7\u00f5es devem buscar se adequar o quanto antes, a fim de garantir a devida <a href=\"https:\/\/www.impacta.com.br\/blog\/2020\/05\/29\/protecao-dados-tempos-quarentena\/\" target=\"_blank\" rel=\"noopener noreferrer\">prote\u00e7\u00e3o de dados<\/a> dos usu\u00e1rios, sem que haja riscos para o neg\u00f3cio. Conhecer tudo o que diz a LGPD, portanto, \u00e9 fundamental para ter mais seguran\u00e7a ao lidar com as informa\u00e7\u00f5es de terceiros.\u00a0<\/span><\/p>\n<p><span style=\"font-size: 14pt;\">Pensando nisso, preparamos este post para que voc\u00ea entenda o que \u00e9 a Lei Geral de Prote\u00e7\u00e3o de Dados e como ela pode impactar a sua carreira. Confira mais sobre o assunto a seguir!<\/span><\/p>\n<h2><strong><span style=\"font-size: 14pt;\">O que \u00e9 a Lei Geral de Prote\u00e7\u00e3o de Dados?<\/span><\/strong><\/h2>\n<p><span style=\"font-size: 14pt;\">A <a href=\"https:\/\/www.impacta.com.br\/blog\/2019\/06\/19\/lgpd-veja-como-as-empresas-precisam-se-preparar\/\" target=\"_blank\" rel=\"noopener noreferrer\">LGPD<\/a> \u00e9 uma norma nacional que busca regulamentar a utiliza\u00e7\u00e3o dos dados de pessoas f\u00edsicas pelas institui\u00e7\u00f5es e empresas. Com ela, foram criadas regras para que as organiza\u00e7\u00f5es coletem, armazenem e compartilhem as informa\u00e7\u00f5es dos usu\u00e1rios; tudo isso com o objetivo de garantir um melhor controle e impedir a <a title=\"Confira dicas para evitar invas\u00e3o de celular e exposi\u00e7\u00e3o de dados\" href=\"https:\/\/www.impacta.com.br\/blog\/2020\/06\/08\/dicas-para-evitar-invasao-celular-exposicao-dados\/\" target=\"_blank\" rel=\"noopener\">viola\u00e7\u00e3o de dados<\/a>.<\/span><\/p>\n<p><span style=\"font-size: 14pt;\">Nesse sentido, a nova lei exige adapta\u00e7\u00e3o para tomar as devidas medidas de seguran\u00e7a no gerenciamento dos dados. Isso porque a LGPD institui que as pessoas tenham maior controle sobre o processamento de seus dados, contando com transpar\u00eancia para ter maior privacidade.<\/span><\/p>\n<p><span style=\"font-size: 14pt;\">Para atender aos requisitos da Lei Geral de Prote\u00e7\u00e3o de Dados, portanto, as empresas ter\u00e3o que investir recursos no departamento de TI para evitar poss\u00edveis penalidades. O caminho mais indicado \u00e9 contar com uma boa ferramenta de gest\u00e3o para processar as informa\u00e7\u00f5es dos consumidores da melhor forma.<\/span><\/p>\n<p><span style=\"font-size: 14pt;\">Diversos estabelecimentos e empreendimentos j\u00e1 est\u00e3o dando o passo inicial e implementando sistemas inteligentes para dar conta da alta quantidade de dados. Softwares de <a href=\"https:\/\/www.impacta.com.br\/blog\/2020\/05\/15\/como-reconhecimento-facial-combate-criminalidade\/\" target=\"_blank\" rel=\"noopener noreferrer\">reconhecimento facial<\/a> e biometria, por exemplo, s\u00e3o formas de combater a criminalidade, principalmente os recorrentes crimes virtuais, como o roubo de senhas.<\/span><\/p>\n<h2><strong><span style=\"font-size: 14pt;\">Quando ela entra em vigor?<\/span><\/strong><\/h2>\n<p><span style=\"font-size: 14pt;\">Nos \u00faltimos anos, a implementa\u00e7\u00e3o da LGPD tem sofrido uma s\u00e9rie de adiamentos, sobretudo devido ao debate pol\u00edtico acerca da quest\u00e3o. Mesmo assim, recentemente o Senado Federal aprovou o Projeto de Lei n.\u00ba 1.179\/20 que mant\u00e9m a data de entrada em vigor da LGPD para 14 de agosto de 2020.<\/span><\/p>\n<p><span style=\"font-size: 14pt;\">No entanto, as san\u00e7\u00f5es administrativas da lei ficaram marcadas para ocorrerem apenas a partir de agosto de 2021. Esse \u00e9 o tempo necess\u00e1rio para que as empresas se adaptem \u00e0 normativa, mantendo rela\u00e7\u00f5es comerciais mais transparentes e seguras com os seus clientes e consumidores.<\/span><\/p>\n<h2><strong><span style=\"font-size: 14pt;\">Quais s\u00e3o as principais mudan\u00e7as para profissionais de Tecnologia?<\/span><\/strong><\/h2>\n<p><span style=\"font-size: 14pt;\">Para atender a todos os requisitos da LGPD, ser\u00e1 preciso seguir algumas obriga\u00e7\u00f5es e normas, a fim de garantir que os usu\u00e1rios finais tenham maior controle e conhecimento de seus dados armazenados.\u00a0<\/span><\/p>\n<p><span style=\"font-size: 14pt;\">Assim, para manter a conformidade e n\u00e3o ter problemas jur\u00eddicos, quem trabalha diretamente com tecnologia dever\u00e1 tomar uma s\u00e9rie de cuidados. A seguir, listamos quais s\u00e3o os principais.<\/span><\/p>\n<h3><strong><span style=\"font-size: 14pt;\">Atualiza\u00e7\u00e3o das pol\u00edticas de privacidade<\/span><\/strong><\/h3>\n<p><span style=\"font-size: 14pt;\">Para elaborar uma pol\u00edtica de privacidade aderente \u00e0 LGPD, \u00e9 fundamental entender o contexto do tratamento de dados pessoais e como os princ\u00edpios da lei podem ser atendidos no sistema ou software.<\/span><\/p>\n<p><span style=\"font-size: 14pt;\">Para isso, ser\u00e1 preciso contar com o aconselhamento da \u00e1rea jur\u00eddica para verificar a adequa\u00e7\u00e3o das defini\u00e7\u00f5es \u00e0 LGPD e avaliar outras legisla\u00e7\u00f5es e regulamenta\u00e7\u00f5es relacionadas ao tema, que podem ser aplic\u00e1veis ao setor de atua\u00e7\u00e3o da empresa.<\/span><\/p>\n<h3><strong><span style=\"font-size: 14pt;\">Consentimento do usu\u00e1rio<\/span><\/strong><\/h3>\n<p><span style=\"font-size: 14pt;\">Outro ponto bastante discutido \u00e9 em rela\u00e7\u00e3o ao consentimento do usu\u00e1rio quanto ao uso de suas informa\u00e7\u00f5es pessoais. Para atender \u00e0 LGPD, o tratamento de dados dever\u00e1, obrigatoriamente, passar pela aceita\u00e7\u00e3o dos titulares a fim de garantir a privacidade. Isso significa, portanto, que o usu\u00e1rio deve ser informado de forma clara e transparente sobre como suas informa\u00e7\u00f5es ser\u00e3o utilizadas.<\/span><\/p>\n<h3><strong><span style=\"font-size: 14pt;\">Maior autonomia do usu\u00e1rio sobre seus dados<\/span><\/strong><\/h3>\n<p><span style=\"font-size: 14pt;\">Com a LGPD, as pessoas passam a ter maior autonomia sobre seus dados, tendo a possibilidade de obter respostas e tomar decis\u00f5es com mais agilidade. As empresas, com isso, devem adotar solu\u00e7\u00f5es inteligentes para gerar mais produtividade no atendimento, investindo em tecnologias, como o <a href=\"https:\/\/www.impacta.com.br\/blog\/2020\/03\/25\/machine-learning-na-investigacao-de-dados-entenda\/\" target=\"_blank\" rel=\"noopener noreferrer\">machine learning<\/a>, para conseguir tratar grandes volumes de dados e oferecer um servi\u00e7o mais eficiente.<\/span><\/p>\n<h3><strong><span style=\"font-size: 14pt;\">Transpar\u00eancia em casos de vazamento de dados<\/span><\/strong><\/h3>\n<p><span style=\"font-size: 14pt;\">A LGPD tamb\u00e9m traz a necessidade de as empresas ajustarem seus bancos de dados para garantir a seguran\u00e7a e integridade e, com isso, evitar o vazamento das informa\u00e7\u00f5es. Caso o incidente ocorra, ser\u00e1 preciso comunicar ao usu\u00e1rio, dentro de um prazo determinado, os motivos e os poss\u00edveis riscos oferecidos pela viola\u00e7\u00e3o.\u00a0<\/span><\/p>\n<p><img loading=\"lazy\" decoding=\"async\" class=\"aligncenter size-full wp-image-14693\" src=\"https:\/\/www.impacta.com.br\/blog\/wp-content\/uploads\/2019\/09\/shutterstock_505694416.jpg\" alt=\"Prote\u00e7\u00e3o de Dados\" width=\"850\" height=\"284\" \/><\/p>\n<h2><strong><span style=\"font-size: 14pt;\">Quais s\u00e3o as oportunidades?<\/span><\/strong><\/h2>\n<p><span style=\"font-size: 14pt;\">A institui\u00e7\u00e3o da Lei Geral de Prote\u00e7\u00e3o de Dados \u00e9 uma excelente oportunidade para fomentar o crescimento dos neg\u00f3cios e da carreira dos profissionais de Tecnologia. Por isso, diversas organiza\u00e7\u00f5es j\u00e1 t\u00eam atentado para a import\u00e2ncia de contratar colaboradores de TI para compor as equipes de trabalho.\u00a0<\/span><\/p>\n<p><span style=\"font-size: 14pt;\">Atualmente, todas as empresas que tratam informa\u00e7\u00f5es pessoais de consumidores ter\u00e3o que contar com um colaborador respons\u00e1vel pela <a href=\"https:\/\/www.impacta.com.br\/blog\/2019\/09\/02\/protecao-de-dados-entenda-mais-sobre-o-assunto\/\" target=\"_blank\" rel=\"noopener noreferrer\">prote\u00e7\u00e3o dos dados<\/a>. Isso exige que as organiza\u00e7\u00f5es implementem novos cargos, como \u00e9 o caso do <a href=\"https:\/\/www.impacta.com.br\/blog\/2019\/09\/27\/desmistificando-o-dpo-data-protection-officer-principais-duvidas\/\" target=\"_blank\" rel=\"noopener noreferrer\">Data Protection Officer<\/a> (DPO).\u00a0<\/span><\/p>\n<p><span style=\"font-size: 14pt;\">Isso representa que a empregabilidade no setor de TI deve aumentar ainda mais nos pr\u00f3ximos anos, exigindo que o profissional se qualifique e conhe\u00e7a detalhadamente as diretrizes da nova lei. Por isso, quem se adaptar e se especializar no ramo o quanto antes ter\u00e1 maior possibilidade de contar com ganhos promissores e ser mais valorizado no mercado.<\/span><\/p>\n<p><span style=\"font-size: 14pt;\">Entender o que diz a Lei Geral de Prote\u00e7\u00e3o de Dados \u00e9 imprescind\u00edvel para quem deseja ter sucesso atuando no setor de Tecnologia. Al\u00e9m de garantir maior seguran\u00e7a para os usu\u00e1rios, a nova legisla\u00e7\u00e3o tamb\u00e9m \u00e9 um passo importante para empresas e institui\u00e7\u00f5es se adequarem \u00e0 atual realidade virtual, aumentando as chances de o neg\u00f3cio prosperar e contar com um maior diferencial competitivo.<\/span><\/p>\n<p><span style=\"font-size: 14pt;\">Gostou do conte\u00fado? Ent\u00e3o, conhe\u00e7a a <a href=\"https:\/\/www.impacta.com.br\/carreira-dpo\" target=\"_blank\" rel=\"noopener\"><strong>Forma\u00e7\u00e3o DPO da Impacta<\/strong><\/a>!<\/span><\/p>\n<div class=\"sharing-default-minimal post-bottom\"><div class=\"nectar-social default\" data-position=\"\" data-rm-love=\"0\" data-color-override=\"override\"><div class=\"nectar-social-inner\"><a href=\"#\" class=\"nectar-love\" id=\"nectar-love-19035\" title=\"Love this\"> <i class=\"icon-salient-heart-2\"><\/i><span class=\"love-text\">Love<\/span><span class=\"total_loves\"><span class=\"nectar-love-count\">0<\/span><\/span><\/a><a class='facebook-share nectar-sharing' href='#' title='Share this'> <i class='fa fa-facebook'><\/i> <span class='social-text'>Share<\/span> <\/a><a class='twitter-share nectar-sharing' href='#' title='Share this'> <i class='fa icon-salient-x-twitter'><\/i> <span class='social-text'>Share<\/span> <\/a><a class='linkedin-share nectar-sharing' href='#' title='Share this'> <i class='fa fa-linkedin'><\/i> <span class='social-text'>Share<\/span> <\/a><a class='pinterest-share nectar-sharing' href='#' title='Pin this'> <i class='fa fa-pinterest'><\/i> <span class='social-text'>Pin<\/span> <\/a><\/div><\/div><\/div>","protected":false},"excerpt":{"rendered":"<p>N\u00e3o pode ler esse artigo agora? Ou\u00e7a a mat\u00e9ria no Player abaixo: Voc\u00ea sabe qual \u00e9 o objetivo da Lei Geral de Prote\u00e7\u00e3o de Dados (LGPD)? A nova legisla\u00e7\u00e3o exige que empresas e demais institui\u00e7\u00f5es sigam regras espec\u00edficas para coletar, armazenar e compartilhar os dados pessoais de seus clientes. Esse passo ser\u00e1 imprescind\u00edvel para garantir [&hellip;]<\/p>\n","protected":false},"author":23,"featured_media":17145,"comment_status":"open","ping_status":"open","sticky":false,"template":"","format":"standard","meta":{"footnotes":""},"categories":[13,1407,3],"tags":[895,114,806],"class_list":["post-19035","post","type-post","status-publish","format-standard","has-post-thumbnail","hentry","category-carreira","category-gestao","category-tecnologia","tag-lei-geral-de-protecao-de-dados","tag-lgpd","tag-protecao-de-dados"],"yoast_head":"<!-- This site is optimized with the Yoast SEO plugin v25.1 - https:\/\/yoast.com\/wordpress\/plugins\/seo\/ -->\r\n<title>Lei Geral de Prote\u00e7\u00e3o de Dados: o que voc\u00ea precisa saber?<\/title>\r\n<meta name=\"description\" content=\"A Lei Geral de Prote\u00e7\u00e3o de Dados j\u00e1 est\u00e1 exigindo adapta\u00e7\u00f5es de empresas e profissionais. Veja Tudo o que Voc\u00ea Precisa Saber para entender a LGPD!\" \/>\r\n<meta name=\"robots\" content=\"index, follow, max-snippet:-1, max-image-preview:large, max-video-preview:-1\" \/>\r\n<link rel=\"canonical\" href=\"https:\/\/www.impacta.com.br\/blog\/lei-geral-protecao-de-dados-voce-precisa-saber\/\" \/>\r\n<meta property=\"og:locale\" content=\"pt_BR\" \/>\r\n<meta property=\"og:type\" content=\"article\" \/>\r\n<meta property=\"og:title\" content=\"Lei Geral de Prote\u00e7\u00e3o de Dados: o que voc\u00ea precisa saber?\" \/>\r\n<meta property=\"og:description\" content=\"A Lei Geral de Prote\u00e7\u00e3o de Dados j\u00e1 est\u00e1 exigindo adapta\u00e7\u00f5es de empresas e profissionais. Veja Tudo o que Voc\u00ea Precisa Saber para entender a LGPD!\" \/>\r\n<meta property=\"og:url\" content=\"https:\/\/www.impacta.com.br\/blog\/lei-geral-protecao-de-dados-voce-precisa-saber\/\" \/>\r\n<meta property=\"og:site_name\" content=\"Blog Impacta - Dicas e Not\u00edcias sobre Carreira\" \/>\r\n<meta property=\"article:published_time\" content=\"2020-07-15T11:43:06+00:00\" \/>\r\n<meta property=\"og:image\" content=\"https:\/\/www.impacta.com.br\/blog\/wp-content\/uploads\/2020\/04\/shutterstock_280517897.jpg\" \/>\r\n\t<meta property=\"og:image:width\" content=\"850\" \/>\r\n\t<meta property=\"og:image:height\" content=\"284\" \/>\r\n\t<meta property=\"og:image:type\" content=\"image\/jpeg\" \/>\r\n<meta name=\"author\" content=\"Reda\u00e7\u00e3o Impacta\" \/>\r\n<meta name=\"twitter:card\" content=\"summary_large_image\" \/>\r\n<meta name=\"twitter:label1\" content=\"Written by\" \/>\n\t<meta name=\"twitter:data1\" content=\"Reda\u00e7\u00e3o Impacta\" \/>\n\t<meta name=\"twitter:label2\" content=\"Est. reading time\" \/>\n\t<meta name=\"twitter:data2\" content=\"5 minutos\" \/>\r\n<script type=\"application\/ld+json\" class=\"yoast-schema-graph\">{\"@context\":\"https:\/\/schema.org\",\"@graph\":[{\"@type\":\"WebPage\",\"@id\":\"https:\/\/www.impacta.com.br\/blog\/lei-geral-protecao-de-dados-voce-precisa-saber\/\",\"url\":\"https:\/\/www.impacta.com.br\/blog\/lei-geral-protecao-de-dados-voce-precisa-saber\/\",\"name\":\"Lei Geral de Prote\u00e7\u00e3o de Dados: o que voc\u00ea precisa saber?\",\"isPartOf\":{\"@id\":\"https:\/\/www.impacta.com.br\/blog\/#website\"},\"primaryImageOfPage\":{\"@id\":\"https:\/\/www.impacta.com.br\/blog\/lei-geral-protecao-de-dados-voce-precisa-saber\/#primaryimage\"},\"image\":{\"@id\":\"https:\/\/www.impacta.com.br\/blog\/lei-geral-protecao-de-dados-voce-precisa-saber\/#primaryimage\"},\"thumbnailUrl\":\"https:\/\/www.impacta.com.br\/blog\/wp-content\/uploads\/2020\/04\/shutterstock_280517897.jpg\",\"datePublished\":\"2020-07-15T11:43:06+00:00\",\"author\":{\"@id\":\"https:\/\/www.impacta.com.br\/blog\/#\/schema\/person\/3882324164f9237ab7e8d7ac28ecfe79\"},\"description\":\"A Lei Geral de Prote\u00e7\u00e3o de Dados j\u00e1 est\u00e1 exigindo adapta\u00e7\u00f5es de empresas e profissionais. Veja Tudo o que Voc\u00ea Precisa Saber para entender a LGPD!\",\"breadcrumb\":{\"@id\":\"https:\/\/www.impacta.com.br\/blog\/lei-geral-protecao-de-dados-voce-precisa-saber\/#breadcrumb\"},\"inLanguage\":\"pt-BR\",\"potentialAction\":[{\"@type\":\"ReadAction\",\"target\":[\"https:\/\/www.impacta.com.br\/blog\/lei-geral-protecao-de-dados-voce-precisa-saber\/\"]}]},{\"@type\":\"ImageObject\",\"inLanguage\":\"pt-BR\",\"@id\":\"https:\/\/www.impacta.com.br\/blog\/lei-geral-protecao-de-dados-voce-precisa-saber\/#primaryimage\",\"url\":\"https:\/\/www.impacta.com.br\/blog\/wp-content\/uploads\/2020\/04\/shutterstock_280517897.jpg\",\"contentUrl\":\"https:\/\/www.impacta.com.br\/blog\/wp-content\/uploads\/2020\/04\/shutterstock_280517897.jpg\",\"width\":850,\"height\":284},{\"@type\":\"BreadcrumbList\",\"@id\":\"https:\/\/www.impacta.com.br\/blog\/lei-geral-protecao-de-dados-voce-precisa-saber\/#breadcrumb\",\"itemListElement\":[{\"@type\":\"ListItem\",\"position\":1,\"name\":\"In\u00edcio\",\"item\":\"https:\/\/www.impacta.com.br\/blog\/\"},{\"@type\":\"ListItem\",\"position\":2,\"name\":\"Lei Geral de Prote\u00e7\u00e3o de Dados: o que voc\u00ea precisa saber?\"}]},{\"@type\":\"WebSite\",\"@id\":\"https:\/\/www.impacta.com.br\/blog\/#website\",\"url\":\"https:\/\/www.impacta.com.br\/blog\/\",\"name\":\"Blog Impacta - Dicas e Not\u00edcias sobre Carreira\",\"description\":\"Dicas, Not\u00edcias e Conte\u00fados sobre Carreira, Tecnologia, Design, Gest\u00e3o e Marketing. Conhe\u00e7a e Acompanhe o Blog Impacta\",\"potentialAction\":[{\"@type\":\"SearchAction\",\"target\":{\"@type\":\"EntryPoint\",\"urlTemplate\":\"https:\/\/www.impacta.com.br\/blog\/?s={search_term_string}\"},\"query-input\":{\"@type\":\"PropertyValueSpecification\",\"valueRequired\":true,\"valueName\":\"search_term_string\"}}],\"inLanguage\":\"pt-BR\"},{\"@type\":\"Person\",\"@id\":\"https:\/\/www.impacta.com.br\/blog\/#\/schema\/person\/3882324164f9237ab7e8d7ac28ecfe79\",\"name\":\"Reda\u00e7\u00e3o Impacta\",\"image\":{\"@type\":\"ImageObject\",\"inLanguage\":\"pt-BR\",\"@id\":\"https:\/\/www.impacta.com.br\/blog\/#\/schema\/person\/image\/\",\"url\":\"https:\/\/secure.gravatar.com\/avatar\/2532096eed25696c0e117e2cbb2f2e7c?s=96&d=mm&r=g\",\"contentUrl\":\"https:\/\/secure.gravatar.com\/avatar\/2532096eed25696c0e117e2cbb2f2e7c?s=96&d=mm&r=g\",\"caption\":\"Reda\u00e7\u00e3o Impacta\"},\"url\":\"https:\/\/www.impacta.com.br\/blog\/author\/redacao_impacta\/\"}]}<\/script>\r\n<!-- \/ Yoast SEO plugin. -->","yoast_head_json":{"title":"Lei Geral de Prote\u00e7\u00e3o de Dados: o que voc\u00ea precisa saber?","description":"A Lei Geral de Prote\u00e7\u00e3o de Dados j\u00e1 est\u00e1 exigindo adapta\u00e7\u00f5es de empresas e profissionais. Veja Tudo o que Voc\u00ea Precisa Saber para entender a LGPD!","robots":{"index":"index","follow":"follow","max-snippet":"max-snippet:-1","max-image-preview":"max-image-preview:large","max-video-preview":"max-video-preview:-1"},"canonical":"https:\/\/www.impacta.com.br\/blog\/lei-geral-protecao-de-dados-voce-precisa-saber\/","og_locale":"pt_BR","og_type":"article","og_title":"Lei Geral de Prote\u00e7\u00e3o de Dados: o que voc\u00ea precisa saber?","og_description":"A Lei Geral de Prote\u00e7\u00e3o de Dados j\u00e1 est\u00e1 exigindo adapta\u00e7\u00f5es de empresas e profissionais. Veja Tudo o que Voc\u00ea Precisa Saber para entender a LGPD!","og_url":"https:\/\/www.impacta.com.br\/blog\/lei-geral-protecao-de-dados-voce-precisa-saber\/","og_site_name":"Blog Impacta - Dicas e Not\u00edcias sobre Carreira","article_published_time":"2020-07-15T11:43:06+00:00","og_image":[{"width":850,"height":284,"url":"https:\/\/www.impacta.com.br\/blog\/wp-content\/uploads\/2020\/04\/shutterstock_280517897.jpg","type":"image\/jpeg"}],"author":"Reda\u00e7\u00e3o Impacta","twitter_card":"summary_large_image","twitter_misc":{"Written by":"Reda\u00e7\u00e3o Impacta","Est. reading time":"5 minutos"},"schema":{"@context":"https:\/\/schema.org","@graph":[{"@type":"WebPage","@id":"https:\/\/www.impacta.com.br\/blog\/lei-geral-protecao-de-dados-voce-precisa-saber\/","url":"https:\/\/www.impacta.com.br\/blog\/lei-geral-protecao-de-dados-voce-precisa-saber\/","name":"Lei Geral de Prote\u00e7\u00e3o de Dados: o que voc\u00ea precisa saber?","isPartOf":{"@id":"https:\/\/www.impacta.com.br\/blog\/#website"},"primaryImageOfPage":{"@id":"https:\/\/www.impacta.com.br\/blog\/lei-geral-protecao-de-dados-voce-precisa-saber\/#primaryimage"},"image":{"@id":"https:\/\/www.impacta.com.br\/blog\/lei-geral-protecao-de-dados-voce-precisa-saber\/#primaryimage"},"thumbnailUrl":"https:\/\/www.impacta.com.br\/blog\/wp-content\/uploads\/2020\/04\/shutterstock_280517897.jpg","datePublished":"2020-07-15T11:43:06+00:00","author":{"@id":"https:\/\/www.impacta.com.br\/blog\/#\/schema\/person\/3882324164f9237ab7e8d7ac28ecfe79"},"description":"A Lei Geral de Prote\u00e7\u00e3o de Dados j\u00e1 est\u00e1 exigindo adapta\u00e7\u00f5es de empresas e profissionais. Veja Tudo o que Voc\u00ea Precisa Saber para entender a LGPD!","breadcrumb":{"@id":"https:\/\/www.impacta.com.br\/blog\/lei-geral-protecao-de-dados-voce-precisa-saber\/#breadcrumb"},"inLanguage":"pt-BR","potentialAction":[{"@type":"ReadAction","target":["https:\/\/www.impacta.com.br\/blog\/lei-geral-protecao-de-dados-voce-precisa-saber\/"]}]},{"@type":"ImageObject","inLanguage":"pt-BR","@id":"https:\/\/www.impacta.com.br\/blog\/lei-geral-protecao-de-dados-voce-precisa-saber\/#primaryimage","url":"https:\/\/www.impacta.com.br\/blog\/wp-content\/uploads\/2020\/04\/shutterstock_280517897.jpg","contentUrl":"https:\/\/www.impacta.com.br\/blog\/wp-content\/uploads\/2020\/04\/shutterstock_280517897.jpg","width":850,"height":284},{"@type":"BreadcrumbList","@id":"https:\/\/www.impacta.com.br\/blog\/lei-geral-protecao-de-dados-voce-precisa-saber\/#breadcrumb","itemListElement":[{"@type":"ListItem","position":1,"name":"In\u00edcio","item":"https:\/\/www.impacta.com.br\/blog\/"},{"@type":"ListItem","position":2,"name":"Lei Geral de Prote\u00e7\u00e3o de Dados: o que voc\u00ea precisa saber?"}]},{"@type":"WebSite","@id":"https:\/\/www.impacta.com.br\/blog\/#website","url":"https:\/\/www.impacta.com.br\/blog\/","name":"Blog Impacta - Dicas e Not\u00edcias sobre Carreira","description":"Dicas, Not\u00edcias e Conte\u00fados sobre Carreira, Tecnologia, Design, Gest\u00e3o e Marketing. Conhe\u00e7a e Acompanhe o Blog Impacta","potentialAction":[{"@type":"SearchAction","target":{"@type":"EntryPoint","urlTemplate":"https:\/\/www.impacta.com.br\/blog\/?s={search_term_string}"},"query-input":{"@type":"PropertyValueSpecification","valueRequired":true,"valueName":"search_term_string"}}],"inLanguage":"pt-BR"},{"@type":"Person","@id":"https:\/\/www.impacta.com.br\/blog\/#\/schema\/person\/3882324164f9237ab7e8d7ac28ecfe79","name":"Reda\u00e7\u00e3o Impacta","image":{"@type":"ImageObject","inLanguage":"pt-BR","@id":"https:\/\/www.impacta.com.br\/blog\/#\/schema\/person\/image\/","url":"https:\/\/secure.gravatar.com\/avatar\/2532096eed25696c0e117e2cbb2f2e7c?s=96&d=mm&r=g","contentUrl":"https:\/\/secure.gravatar.com\/avatar\/2532096eed25696c0e117e2cbb2f2e7c?s=96&d=mm&r=g","caption":"Reda\u00e7\u00e3o Impacta"},"url":"https:\/\/www.impacta.com.br\/blog\/author\/redacao_impacta\/"}]}},"acf":{"post_description":null,"capa_mobile":null},"_links":{"self":[{"href":"https:\/\/www.impacta.com.br\/blog\/wp-json\/wp\/v2\/posts\/19035","targetHints":{"allow":["GET"]}}],"collection":[{"href":"https:\/\/www.impacta.com.br\/blog\/wp-json\/wp\/v2\/posts"}],"about":[{"href":"https:\/\/www.impacta.com.br\/blog\/wp-json\/wp\/v2\/types\/post"}],"author":[{"embeddable":true,"href":"https:\/\/www.impacta.com.br\/blog\/wp-json\/wp\/v2\/users\/23"}],"replies":[{"embeddable":true,"href":"https:\/\/www.impacta.com.br\/blog\/wp-json\/wp\/v2\/comments?post=19035"}],"version-history":[{"count":0,"href":"https:\/\/www.impacta.com.br\/blog\/wp-json\/wp\/v2\/posts\/19035\/revisions"}],"wp:featuredmedia":[{"embeddable":true,"href":"https:\/\/www.impacta.com.br\/blog\/wp-json\/wp\/v2\/media\/17145"}],"wp:attachment":[{"href":"https:\/\/www.impacta.com.br\/blog\/wp-json\/wp\/v2\/media?parent=19035"}],"wp:term":[{"taxonomy":"category","embeddable":true,"href":"https:\/\/www.impacta.com.br\/blog\/wp-json\/wp\/v2\/categories?post=19035"},{"taxonomy":"post_tag","embeddable":true,"href":"https:\/\/www.impacta.com.br\/blog\/wp-json\/wp\/v2\/tags?post=19035"}],"curies":[{"name":"wp","href":"https:\/\/api.w.org\/{rel}","templated":true}]}}