{"id":19030,"date":"2020-07-03T08:30:20","date_gmt":"2020-07-03T11:30:20","guid":{"rendered":"https:\/\/www.impacta.com.br\/blog\/?p=17111"},"modified":"2020-07-03T08:30:20","modified_gmt":"2020-07-03T11:30:20","slug":"futuro-trabalho-guia-profissional-mundo-pos-pandemia","status":"publish","type":"post","link":"https:\/\/www.impacta.com.br\/blog\/futuro-trabalho-guia-profissional-mundo-pos-pandemia\/","title":{"rendered":"Futuro do Trabalho: um guia para o profissional no mundo p\u00f3s-pandemia"},"content":{"rendered":"<p><span style=\"font-size: 14pt;\">Al\u00e9m da maior preocupa\u00e7\u00e3o no que se refere ao Coronav\u00edrus, que \u00e9 com a sa\u00fade das pessoas, outro fato de apreens\u00e3o \u00e9 saber como ser\u00e1 o cen\u00e1rio p\u00f3s-pandemia nos diferentes setores do mercado de trabalho.<\/span><\/p>\n<p><span style=\"font-size: 14pt;\">Afinal, a chegada precoce da <a title=\"A Transforma\u00e7\u00e3o Digital para a produtividade no ambiente de trabalho\" href=\"https:\/\/www.impacta.com.br\/blog\/2019\/09\/20\/a-transformacao-digital-produtividade-trabalho\/\" target=\"_blank\" rel=\"noopener\">transforma\u00e7\u00e3o digital<\/a> \u00e0 maioria das empresas tra\u00e7ou novos rumos e dire\u00e7\u00f5es. E a crise causada pela\u00a0pandemia do COVID-19 acelerou esse movimento e as organiza\u00e7\u00f5es precisaram aprender, na pr\u00e1tica, como a tecnologia \u00e9 importante para salvar os neg\u00f3cios \u2014 que precisar\u00e3o ser mais digitais e, provavelmente, usar\u00e3o a <a title=\"Qual \u00e9 o papel da intelig\u00eancia de dados em um mundo VUCA?\" href=\"https:\/\/www.impacta.com.br\/blog\/2020\/06\/24\/inteligencia-de-dados-mundo-vuca\/\" target=\"_blank\" rel=\"noopener\">intelig\u00eancia de dados<\/a> para sobreviver.<\/span><\/p>\n<p><span style=\"font-size: 14pt;\">Al\u00e9m das empresas, que aprenderam que devem ser mais \u00e1geis, resilientes e adapt\u00e1veis, os trabalhadores tamb\u00e9m precisar\u00e3o se reinventar em suas carreiras ou at\u00e9 mesmo aprender uma nova profiss\u00e3o. Para isso, \u00e9 fundamental desenvolver habilidades que v\u00e3o ajudar nesse processo. <\/span><\/p>\n<p><span style=\"font-size: 14pt;\">Foi pensando nisso que preparamos este e-book, que vai\u00a0te ajudar a saber como se preparar para o novo perfil profissional exigido em um futuro pr\u00f3ximo.\u00a0Vem ver!<\/span><\/p>\n<h2><span style=\"font-size: 14pt;\"><strong>Futuro do Trabalho:\u00a0um Guia para entender\u00a0o profissional no mundo p\u00f3s-pandemia<\/strong><\/span><\/h2>\n<p>&nbsp;<\/p>\n<p><a href=\"https:\/\/conteudo.impacta.com.br\/quem-e-profissional-no-mundo-pos-pandemia\" target=\"_blank\" rel=\"noopener\"><img loading=\"lazy\" decoding=\"async\" class=\"aligncenter wp-image-17115\" title=\"futuro do trabalho - guia profissional pos pandemia\" src=\"https:\/\/www.impacta.com.br\/blog\/wp-content\/uploads\/2020\/07\/Mockup_quem-e-profissional-no-mundo-pos-pandemia.png\" alt=\"futuro do trabalho_quem-e-profissional-no-mundo-pos-pandemia\" width=\"600\" height=\"440\" \/><\/a><\/p>\n<p><span style=\"font-size: 14pt;\">Se cadastrando para receber o seu guia, voc\u00ea vai ver:<\/span><\/p>\n<ul class=\"section--list\">\n<li>\n<div id=\"topics-first-text\" class=\"topic--text\" data-editable=\"true\" data-content=\"html\" data-field-name=\"landing_page[values[topics-first-text]]\">\n<h3><strong><span style=\"font-size: 14pt;\">Caracter\u00edsticas do mundo p\u00f3s-pandemia<\/span><\/strong><\/h3>\n<p><span style=\"font-size: 14pt;\">O mundo em que vivemos n\u00e3o ser\u00e1 mais o mesmo. Saiba quais s\u00e3o as tend\u00eancias globais do cen\u00e1rio p\u00f3s-pandemia e como elas devem impactar os neg\u00f3cios, e a vida das pessoas em um futuro pr\u00f3ximo.<\/span><\/p>\n<\/div>\n<\/li>\n<li>\n<h3 class=\"section--list-icon\"><span style=\"font-size: 14pt;\"><strong>Habilidades profissionais essenciais neste cen\u00e1rio<\/strong><\/span><\/h3>\n<div id=\"topics-second-text\" class=\"topic--text\" data-editable=\"true\" data-content=\"html\" data-field-name=\"landing_page[values[topics-second-text]]\">\n<p><span style=\"font-size: 14pt;\">Transforma\u00e7\u00f5es nos neg\u00f3cios implicam mudan\u00e7as no perfil dos profissionais. Conhe\u00e7a as habilidades essenciais para aqueles que v\u00e3o atuar em um novo mercado de trabalho e a import\u00e2ncia de desenvolv\u00ea-las para manter a empregabilidade.<\/span><\/p>\n<\/div>\n<\/li>\n<li>\n<h3 class=\"section--list-icon\"><strong><span style=\"font-size: 14pt;\">\u00a0Carreiras mais promissoras no futuro<\/span><\/strong><\/h3>\n<div id=\"topics-third-text\" class=\"topic--text\" data-editable=\"true\" data-content=\"html\" data-field-name=\"landing_page[values[topics-third-text]]\">\n<p><span style=\"font-size: 14pt;\">A educa\u00e7\u00e3o tamb\u00e9m vai sofrer impactos significativos, resultando em novas profiss\u00f5es promissoras. Confira as algumas das carreiras com maiores chances de crescimento depois da pandemia.<\/span><\/p>\n<p><span style=\"font-size: 14pt;\">Est\u00e1 esperando o que para baixar o seu? <a href=\"quem-e-profissional-no-mundo-pos-pandemia\" target=\"_blank\" rel=\"noopener\">CONFIRA AQUI<\/a><\/span><\/p>\n<\/div>\n<\/li>\n<\/ul>\n<div class=\"sharing-default-minimal post-bottom\"><div class=\"nectar-social default\" data-position=\"\" data-rm-love=\"0\" data-color-override=\"override\"><div class=\"nectar-social-inner\"><a href=\"#\" class=\"nectar-love\" id=\"nectar-love-19030\" title=\"Love this\"> <i class=\"icon-salient-heart-2\"><\/i><span class=\"love-text\">Love<\/span><span class=\"total_loves\"><span class=\"nectar-love-count\">0<\/span><\/span><\/a><a class='facebook-share nectar-sharing' href='#' title='Share this'> <i class='fa fa-facebook'><\/i> <span class='social-text'>Share<\/span> <\/a><a class='twitter-share nectar-sharing' href='#' title='Share this'> <i class='fa icon-salient-x-twitter'><\/i> <span class='social-text'>Share<\/span> <\/a><a class='linkedin-share nectar-sharing' href='#' title='Share this'> <i class='fa fa-linkedin'><\/i> <span class='social-text'>Share<\/span> <\/a><a class='pinterest-share nectar-sharing' href='#' title='Pin this'> <i class='fa fa-pinterest'><\/i> <span class='social-text'>Pin<\/span> <\/a><\/div><\/div><\/div>","protected":false},"excerpt":{"rendered":"<p>Al\u00e9m da maior preocupa\u00e7\u00e3o no que se refere ao Coronav\u00edrus, que \u00e9 com a sa\u00fade das pessoas, outro fato de apreens\u00e3o \u00e9 saber como ser\u00e1 o cen\u00e1rio p\u00f3s-pandemia nos diferentes setores do mercado de trabalho. Afinal, a chegada precoce da transforma\u00e7\u00e3o digital \u00e0 maioria das empresas tra\u00e7ou novos rumos e dire\u00e7\u00f5es. E a crise causada [&hellip;]<\/p>\n","protected":false},"author":23,"featured_media":17117,"comment_status":"open","ping_status":"open","sticky":false,"template":"","format":"standard","meta":{"footnotes":""},"categories":[13,3],"tags":[761,1491,15,96],"class_list":["post-19030","post","type-post","status-publish","format-standard","has-post-thumbnail","hentry","category-carreira","category-tecnologia","tag-empregos-do-futuro","tag-futuro-do-trabalho","tag-mercado-de-trabalho","tag-pos-graduacao"],"yoast_head":"<!-- This site is optimized with the Yoast SEO plugin v25.1 - https:\/\/yoast.com\/wordpress\/plugins\/seo\/ -->\r\n<title>Futuro do Trabalho: Guia para o profissional p\u00f3s-pandemia<\/title>\r\n<meta name=\"description\" content=\"O impacto da Covid-19 no mercado \u00e9 enorme e nos perguntamos qual ser\u00e1 o Futuro do Trabalho. Confira Guia Gratuito para entender o Profissional p\u00f3s-pandemia\" \/>\r\n<meta name=\"robots\" content=\"index, follow, max-snippet:-1, max-image-preview:large, max-video-preview:-1\" \/>\r\n<link rel=\"canonical\" href=\"https:\/\/www.impacta.com.br\/blog\/futuro-trabalho-guia-profissional-mundo-pos-pandemia\/\" \/>\r\n<meta property=\"og:locale\" content=\"pt_BR\" \/>\r\n<meta property=\"og:type\" content=\"article\" \/>\r\n<meta property=\"og:title\" content=\"Futuro do Trabalho: Guia para o profissional p\u00f3s-pandemia\" \/>\r\n<meta property=\"og:description\" content=\"O impacto da Covid-19 no mercado \u00e9 enorme e nos perguntamos qual ser\u00e1 o Futuro do Trabalho. Confira Guia Gratuito para entender o Profissional p\u00f3s-pandemia\" \/>\r\n<meta property=\"og:url\" content=\"https:\/\/www.impacta.com.br\/blog\/futuro-trabalho-guia-profissional-mundo-pos-pandemia\/\" \/>\r\n<meta property=\"og:site_name\" content=\"Blog Impacta - Dicas e Not\u00edcias sobre Carreira\" \/>\r\n<meta property=\"article:published_time\" content=\"2020-07-03T11:30:20+00:00\" \/>\r\n<meta property=\"og:image\" content=\"https:\/\/www.impacta.com.br\/blog\/wp-content\/uploads\/2020\/04\/shutterstock_1182760660.jpg\" \/>\r\n\t<meta property=\"og:image:width\" content=\"850\" \/>\r\n\t<meta property=\"og:image:height\" content=\"284\" \/>\r\n\t<meta property=\"og:image:type\" content=\"image\/jpeg\" \/>\r\n<meta name=\"author\" content=\"Reda\u00e7\u00e3o Impacta\" \/>\r\n<meta name=\"twitter:card\" content=\"summary_large_image\" \/>\r\n<meta name=\"twitter:label1\" content=\"Written by\" \/>\n\t<meta name=\"twitter:data1\" content=\"Reda\u00e7\u00e3o Impacta\" \/>\n\t<meta name=\"twitter:label2\" content=\"Est. reading time\" \/>\n\t<meta name=\"twitter:data2\" content=\"2 minutos\" \/>\r\n<script type=\"application\/ld+json\" class=\"yoast-schema-graph\">{\"@context\":\"https:\/\/schema.org\",\"@graph\":[{\"@type\":\"WebPage\",\"@id\":\"https:\/\/www.impacta.com.br\/blog\/futuro-trabalho-guia-profissional-mundo-pos-pandemia\/\",\"url\":\"https:\/\/www.impacta.com.br\/blog\/futuro-trabalho-guia-profissional-mundo-pos-pandemia\/\",\"name\":\"Futuro do Trabalho: Guia para o profissional p\u00f3s-pandemia\",\"isPartOf\":{\"@id\":\"https:\/\/www.impacta.com.br\/blog\/#website\"},\"primaryImageOfPage\":{\"@id\":\"https:\/\/www.impacta.com.br\/blog\/futuro-trabalho-guia-profissional-mundo-pos-pandemia\/#primaryimage\"},\"image\":{\"@id\":\"https:\/\/www.impacta.com.br\/blog\/futuro-trabalho-guia-profissional-mundo-pos-pandemia\/#primaryimage\"},\"thumbnailUrl\":\"https:\/\/www.impacta.com.br\/blog\/wp-content\/uploads\/2020\/04\/shutterstock_1182760660.jpg\",\"datePublished\":\"2020-07-03T11:30:20+00:00\",\"author\":{\"@id\":\"https:\/\/www.impacta.com.br\/blog\/#\/schema\/person\/3882324164f9237ab7e8d7ac28ecfe79\"},\"description\":\"O impacto da Covid-19 no mercado \u00e9 enorme e nos perguntamos qual ser\u00e1 o Futuro do Trabalho. Confira Guia Gratuito para entender o Profissional p\u00f3s-pandemia\",\"breadcrumb\":{\"@id\":\"https:\/\/www.impacta.com.br\/blog\/futuro-trabalho-guia-profissional-mundo-pos-pandemia\/#breadcrumb\"},\"inLanguage\":\"pt-BR\",\"potentialAction\":[{\"@type\":\"ReadAction\",\"target\":[\"https:\/\/www.impacta.com.br\/blog\/futuro-trabalho-guia-profissional-mundo-pos-pandemia\/\"]}]},{\"@type\":\"ImageObject\",\"inLanguage\":\"pt-BR\",\"@id\":\"https:\/\/www.impacta.com.br\/blog\/futuro-trabalho-guia-profissional-mundo-pos-pandemia\/#primaryimage\",\"url\":\"https:\/\/www.impacta.com.br\/blog\/wp-content\/uploads\/2020\/04\/shutterstock_1182760660.jpg\",\"contentUrl\":\"https:\/\/www.impacta.com.br\/blog\/wp-content\/uploads\/2020\/04\/shutterstock_1182760660.jpg\",\"width\":850,\"height\":284},{\"@type\":\"BreadcrumbList\",\"@id\":\"https:\/\/www.impacta.com.br\/blog\/futuro-trabalho-guia-profissional-mundo-pos-pandemia\/#breadcrumb\",\"itemListElement\":[{\"@type\":\"ListItem\",\"position\":1,\"name\":\"In\u00edcio\",\"item\":\"https:\/\/www.impacta.com.br\/blog\/\"},{\"@type\":\"ListItem\",\"position\":2,\"name\":\"Futuro do Trabalho: um guia para o profissional no mundo p\u00f3s-pandemia\"}]},{\"@type\":\"WebSite\",\"@id\":\"https:\/\/www.impacta.com.br\/blog\/#website\",\"url\":\"https:\/\/www.impacta.com.br\/blog\/\",\"name\":\"Blog Impacta - Dicas e Not\u00edcias sobre Carreira\",\"description\":\"Dicas, Not\u00edcias e Conte\u00fados sobre Carreira, Tecnologia, Design, Gest\u00e3o e Marketing. Conhe\u00e7a e Acompanhe o Blog Impacta\",\"potentialAction\":[{\"@type\":\"SearchAction\",\"target\":{\"@type\":\"EntryPoint\",\"urlTemplate\":\"https:\/\/www.impacta.com.br\/blog\/?s={search_term_string}\"},\"query-input\":{\"@type\":\"PropertyValueSpecification\",\"valueRequired\":true,\"valueName\":\"search_term_string\"}}],\"inLanguage\":\"pt-BR\"},{\"@type\":\"Person\",\"@id\":\"https:\/\/www.impacta.com.br\/blog\/#\/schema\/person\/3882324164f9237ab7e8d7ac28ecfe79\",\"name\":\"Reda\u00e7\u00e3o Impacta\",\"image\":{\"@type\":\"ImageObject\",\"inLanguage\":\"pt-BR\",\"@id\":\"https:\/\/www.impacta.com.br\/blog\/#\/schema\/person\/image\/\",\"url\":\"https:\/\/secure.gravatar.com\/avatar\/2532096eed25696c0e117e2cbb2f2e7c?s=96&d=mm&r=g\",\"contentUrl\":\"https:\/\/secure.gravatar.com\/avatar\/2532096eed25696c0e117e2cbb2f2e7c?s=96&d=mm&r=g\",\"caption\":\"Reda\u00e7\u00e3o Impacta\"},\"url\":\"https:\/\/www.impacta.com.br\/blog\/author\/redacao_impacta\/\"}]}<\/script>\r\n<!-- \/ Yoast SEO plugin. -->","yoast_head_json":{"title":"Futuro do Trabalho: Guia para o profissional p\u00f3s-pandemia","description":"O impacto da Covid-19 no mercado \u00e9 enorme e nos perguntamos qual ser\u00e1 o Futuro do Trabalho. Confira Guia Gratuito para entender o Profissional p\u00f3s-pandemia","robots":{"index":"index","follow":"follow","max-snippet":"max-snippet:-1","max-image-preview":"max-image-preview:large","max-video-preview":"max-video-preview:-1"},"canonical":"https:\/\/www.impacta.com.br\/blog\/futuro-trabalho-guia-profissional-mundo-pos-pandemia\/","og_locale":"pt_BR","og_type":"article","og_title":"Futuro do Trabalho: Guia para o profissional p\u00f3s-pandemia","og_description":"O impacto da Covid-19 no mercado \u00e9 enorme e nos perguntamos qual ser\u00e1 o Futuro do Trabalho. Confira Guia Gratuito para entender o Profissional p\u00f3s-pandemia","og_url":"https:\/\/www.impacta.com.br\/blog\/futuro-trabalho-guia-profissional-mundo-pos-pandemia\/","og_site_name":"Blog Impacta - Dicas e Not\u00edcias sobre Carreira","article_published_time":"2020-07-03T11:30:20+00:00","og_image":[{"width":850,"height":284,"url":"https:\/\/www.impacta.com.br\/blog\/wp-content\/uploads\/2020\/04\/shutterstock_1182760660.jpg","type":"image\/jpeg"}],"author":"Reda\u00e7\u00e3o Impacta","twitter_card":"summary_large_image","twitter_misc":{"Written by":"Reda\u00e7\u00e3o Impacta","Est. reading time":"2 minutos"},"schema":{"@context":"https:\/\/schema.org","@graph":[{"@type":"WebPage","@id":"https:\/\/www.impacta.com.br\/blog\/futuro-trabalho-guia-profissional-mundo-pos-pandemia\/","url":"https:\/\/www.impacta.com.br\/blog\/futuro-trabalho-guia-profissional-mundo-pos-pandemia\/","name":"Futuro do Trabalho: Guia para o profissional p\u00f3s-pandemia","isPartOf":{"@id":"https:\/\/www.impacta.com.br\/blog\/#website"},"primaryImageOfPage":{"@id":"https:\/\/www.impacta.com.br\/blog\/futuro-trabalho-guia-profissional-mundo-pos-pandemia\/#primaryimage"},"image":{"@id":"https:\/\/www.impacta.com.br\/blog\/futuro-trabalho-guia-profissional-mundo-pos-pandemia\/#primaryimage"},"thumbnailUrl":"https:\/\/www.impacta.com.br\/blog\/wp-content\/uploads\/2020\/04\/shutterstock_1182760660.jpg","datePublished":"2020-07-03T11:30:20+00:00","author":{"@id":"https:\/\/www.impacta.com.br\/blog\/#\/schema\/person\/3882324164f9237ab7e8d7ac28ecfe79"},"description":"O impacto da Covid-19 no mercado \u00e9 enorme e nos perguntamos qual ser\u00e1 o Futuro do Trabalho. Confira Guia Gratuito para entender o Profissional p\u00f3s-pandemia","breadcrumb":{"@id":"https:\/\/www.impacta.com.br\/blog\/futuro-trabalho-guia-profissional-mundo-pos-pandemia\/#breadcrumb"},"inLanguage":"pt-BR","potentialAction":[{"@type":"ReadAction","target":["https:\/\/www.impacta.com.br\/blog\/futuro-trabalho-guia-profissional-mundo-pos-pandemia\/"]}]},{"@type":"ImageObject","inLanguage":"pt-BR","@id":"https:\/\/www.impacta.com.br\/blog\/futuro-trabalho-guia-profissional-mundo-pos-pandemia\/#primaryimage","url":"https:\/\/www.impacta.com.br\/blog\/wp-content\/uploads\/2020\/04\/shutterstock_1182760660.jpg","contentUrl":"https:\/\/www.impacta.com.br\/blog\/wp-content\/uploads\/2020\/04\/shutterstock_1182760660.jpg","width":850,"height":284},{"@type":"BreadcrumbList","@id":"https:\/\/www.impacta.com.br\/blog\/futuro-trabalho-guia-profissional-mundo-pos-pandemia\/#breadcrumb","itemListElement":[{"@type":"ListItem","position":1,"name":"In\u00edcio","item":"https:\/\/www.impacta.com.br\/blog\/"},{"@type":"ListItem","position":2,"name":"Futuro do Trabalho: um guia para o profissional no mundo p\u00f3s-pandemia"}]},{"@type":"WebSite","@id":"https:\/\/www.impacta.com.br\/blog\/#website","url":"https:\/\/www.impacta.com.br\/blog\/","name":"Blog Impacta - Dicas e Not\u00edcias sobre Carreira","description":"Dicas, Not\u00edcias e Conte\u00fados sobre Carreira, Tecnologia, Design, Gest\u00e3o e Marketing. Conhe\u00e7a e Acompanhe o Blog Impacta","potentialAction":[{"@type":"SearchAction","target":{"@type":"EntryPoint","urlTemplate":"https:\/\/www.impacta.com.br\/blog\/?s={search_term_string}"},"query-input":{"@type":"PropertyValueSpecification","valueRequired":true,"valueName":"search_term_string"}}],"inLanguage":"pt-BR"},{"@type":"Person","@id":"https:\/\/www.impacta.com.br\/blog\/#\/schema\/person\/3882324164f9237ab7e8d7ac28ecfe79","name":"Reda\u00e7\u00e3o Impacta","image":{"@type":"ImageObject","inLanguage":"pt-BR","@id":"https:\/\/www.impacta.com.br\/blog\/#\/schema\/person\/image\/","url":"https:\/\/secure.gravatar.com\/avatar\/2532096eed25696c0e117e2cbb2f2e7c?s=96&d=mm&r=g","contentUrl":"https:\/\/secure.gravatar.com\/avatar\/2532096eed25696c0e117e2cbb2f2e7c?s=96&d=mm&r=g","caption":"Reda\u00e7\u00e3o Impacta"},"url":"https:\/\/www.impacta.com.br\/blog\/author\/redacao_impacta\/"}]}},"acf":{"post_description":null,"capa_mobile":null},"_links":{"self":[{"href":"https:\/\/www.impacta.com.br\/blog\/wp-json\/wp\/v2\/posts\/19030","targetHints":{"allow":["GET"]}}],"collection":[{"href":"https:\/\/www.impacta.com.br\/blog\/wp-json\/wp\/v2\/posts"}],"about":[{"href":"https:\/\/www.impacta.com.br\/blog\/wp-json\/wp\/v2\/types\/post"}],"author":[{"embeddable":true,"href":"https:\/\/www.impacta.com.br\/blog\/wp-json\/wp\/v2\/users\/23"}],"replies":[{"embeddable":true,"href":"https:\/\/www.impacta.com.br\/blog\/wp-json\/wp\/v2\/comments?post=19030"}],"version-history":[{"count":0,"href":"https:\/\/www.impacta.com.br\/blog\/wp-json\/wp\/v2\/posts\/19030\/revisions"}],"wp:featuredmedia":[{"embeddable":true,"href":"https:\/\/www.impacta.com.br\/blog\/wp-json\/wp\/v2\/media\/17117"}],"wp:attachment":[{"href":"https:\/\/www.impacta.com.br\/blog\/wp-json\/wp\/v2\/media?parent=19030"}],"wp:term":[{"taxonomy":"category","embeddable":true,"href":"https:\/\/www.impacta.com.br\/blog\/wp-json\/wp\/v2\/categories?post=19030"},{"taxonomy":"post_tag","embeddable":true,"href":"https:\/\/www.impacta.com.br\/blog\/wp-json\/wp\/v2\/tags?post=19030"}],"curies":[{"name":"wp","href":"https:\/\/api.w.org\/{rel}","templated":true}]}}