{"id":19010,"date":"2020-05-18T08:57:11","date_gmt":"2020-05-18T11:57:11","guid":{"rendered":"https:\/\/www.impacta.com.br\/blog\/?p=16969"},"modified":"2020-05-18T08:57:11","modified_gmt":"2020-05-18T11:57:11","slug":"reinvencao-marketing-digital-apos-covid-19","status":"publish","type":"post","link":"https:\/\/www.impacta.com.br\/blog\/reinvencao-marketing-digital-apos-covid-19\/","title":{"rendered":"A Reinven\u00e7\u00e3o do Marketing Digital ap\u00f3s o COVID-19 &#8211; V\u00eddeo"},"content":{"rendered":"<p><span style=\"font-size: 14pt;\">Aproveitando o Dia do Marketing, comemorado\u00a0em\u00a008 de maio,\u00a0a Impacta realizou\u00a0uma live com o nosso diretor dos<a title=\"Cursos de Marketing Digital: quais fazer?\" href=\"https:\/\/www.impacta.com.br\/blog\/2018\/04\/23\/cursos-de-marketing-digital-fazer-profissional\/\" target=\"_blank\" rel=\"noopener\"> Cursos de MKT Digital<\/a> e E-commerce, <strong>Daniel Cardoso<\/strong>, para falar sobre a \u00e1rea, trazer dicas e discutir as mudan\u00e7as e impactados no setor com a pandemia do novo coronav\u00edrus.<\/span><\/p>\n<p><span style=\"font-size: 14pt;\">Respondendo a d\u00favidas previamente enviadas pelos alunos e usu\u00e1rios o especialista, que soma mais de duas d\u00e9cadas de atua\u00e7\u00e3o no mercado de Marketing, Com\u00e9rcio Eletr\u00f4nico e Transforma\u00e7\u00e3o Digital de Marcas e Neg\u00f3cios, falou sobre com a nova realidade mudou o jeito de se consumir m\u00eddia e produtos, apontando exemplos de casos de empresas que conseguiram se adequar bem ao cen\u00e1rio.<\/span><\/p>\n<h2><strong><span style=\"font-size: 14pt;\">A Reinven\u00e7\u00e3o do Marketing Digital ap\u00f3s o COVID-19<\/span><\/strong><\/h2>\n<p><span style=\"font-size: 14pt;\">Durante a live, falou ainda sobre a import\u00e2ncia que o\u00a0Marketing Digital passa a ter para as mais variadas empresas, expandindo pr\u00e1ticas e ferramentas para neg\u00f3cios que ainda n\u00e3o as utilizavam, como, por exemplo, o investimento em <a title=\"Videomarketing: 7 motivos para investir nessa tend\u00eancia\" href=\"https:\/\/www.impacta.com.br\/blog\/2019\/01\/04\/videomarketing-7-motivos-para-investir-nessa-tendencia\/\" target=\"_blank\" rel=\"noopener\">v\u00eddeos<\/a>.<\/span><\/p>\n<p><span style=\"font-size: 14pt;\">Al\u00e9m disso, apontou tend\u00eancias como a necessidade das\u00a0empresas digitalizarem seus servi\u00e7os e estrat\u00e9gias, com a cria\u00e7\u00e3o de\u00a0<a title=\"Produtos digitais: um guia simples para quem deseja trabalhar na \u00e1rea\" href=\"https:\/\/www.impacta.com.br\/blog\/2020\/05\/13\/produtos-digitais-guia-para-trabalhar-area\/\" target=\"_blank\" rel=\"noopener\">produtos digitais<\/a> ou mesmo passando a vender online.\u00a0<\/span><\/p>\n<p><span style=\"font-size: 14pt;\">Daniel Cardoso ainda chama a aten\u00e7\u00e3o para novas realidades geradas durante a crise, como o crescimento de termos como\u00a0<strong>Emotional brand<\/strong>, a explos\u00e3o de lives que transformaram o mercado de entretenimento e m\u00fasica, ou mesmo o crescimento do <a title=\"Afinal, por que realizar um curso de e-commerce?\" href=\"https:\/\/www.impacta.com.br\/blog\/2019\/11\/11\/afinal-por-que-realizar-um-curso-de-e-commerce\/\" target=\"_blank\" rel=\"noopener\">e-commerce<\/a> de supermercados e produtos essenciais.<\/span><\/p>\n<p style=\"text-align: center;\"><span style=\"font-size: 14pt;\">Outras dicas como o aumento no uso de canais como Telegram e TikTok,<\/span><br \/>\n<span style=\"font-size: 14pt;\">voc\u00ea pode conferir <strong>assistindo o bate-papo completo<\/strong>! Veja:<\/span><\/p>\n<p style=\"text-align: center;\"><span style=\"font-size: 14pt;\"><iframe loading=\"lazy\" width=\"425\" height=\"350\" src=\"\/\/www.youtube.com\/embed\/6K3rNJaGoBA\"><\/iframe><\/span><\/p>\n<p style=\"text-align: center;\"><span style=\"font-size: 14pt;\"><strong>Quer saber mais sobre Marketing Digital e se preparar para o novo mercado? <\/strong><br \/>\nEnt\u00e3o n\u00e3o deixe de conhecer tamb\u00e9m a Forma\u00e7\u00e3o Exclusiva da Impacta:<\/span><\/p>\n<p style=\"text-align: center;\"><a href=\"https:\/\/www.impacta.com.br\/carreira-marketing-digital\/\"><img loading=\"lazy\" decoding=\"async\" class=\"aligncenter size-full wp-image-16971\" src=\"https:\/\/www.impacta.com.br\/blog\/wp-content\/uploads\/2020\/05\/twitter-mkt-dital.jpg\" alt=\"formacao - marketing digital\" width=\"900\" height=\"450\" \/><\/a><\/p>\n<p style=\"text-align: center;\"><span style=\"font-size: 14pt;\">Deixe seu coment\u00e1rio!<\/span><\/p>\n<div class=\"sharing-default-minimal post-bottom\"><div class=\"nectar-social default\" data-position=\"\" data-rm-love=\"0\" data-color-override=\"override\"><div class=\"nectar-social-inner\"><a href=\"#\" class=\"nectar-love\" id=\"nectar-love-19010\" title=\"Love this\"> <i class=\"icon-salient-heart-2\"><\/i><span class=\"love-text\">Love<\/span><span class=\"total_loves\"><span class=\"nectar-love-count\">0<\/span><\/span><\/a><a class='facebook-share nectar-sharing' href='#' title='Share this'> <i class='fa fa-facebook'><\/i> <span class='social-text'>Share<\/span> <\/a><a class='twitter-share nectar-sharing' href='#' title='Share this'> <i class='fa icon-salient-x-twitter'><\/i> <span class='social-text'>Share<\/span> <\/a><a class='linkedin-share nectar-sharing' href='#' title='Share this'> <i class='fa fa-linkedin'><\/i> <span class='social-text'>Share<\/span> <\/a><a class='pinterest-share nectar-sharing' href='#' title='Pin this'> <i class='fa fa-pinterest'><\/i> <span class='social-text'>Pin<\/span> <\/a><\/div><\/div><\/div>","protected":false},"excerpt":{"rendered":"<p>Aproveitando o Dia do Marketing, comemorado\u00a0em\u00a008 de maio,\u00a0a Impacta realizou\u00a0uma live com o nosso diretor dos Cursos de MKT Digital e E-commerce, Daniel Cardoso, para falar sobre a \u00e1rea, trazer dicas e discutir as mudan\u00e7as e impactados no setor com a pandemia do novo coronav\u00edrus. Respondendo a d\u00favidas previamente enviadas pelos alunos e usu\u00e1rios o [&hellip;]<\/p>\n","protected":false},"author":23,"featured_media":16973,"comment_status":"open","ping_status":"open","sticky":false,"template":"","format":"standard","meta":{"footnotes":""},"categories":[62],"tags":[1077,1454,37,175,31,1455],"class_list":["post-19010","post","type-post","status-publish","format-standard","has-post-thumbnail","hentry","category-marketing-digital","tag-coronavirus","tag-covid","tag-e-commerce","tag-marketing","tag-marketing-digital","tag-marketing-digital-apos-o-covid-19"],"yoast_head":"<!-- This site is optimized with the Yoast SEO plugin v25.1 - https:\/\/yoast.com\/wordpress\/plugins\/seo\/ -->\r\n<title>A Reinven\u00e7\u00e3o do Marketing Digital ap\u00f3s o COVID-19 - V\u00eddeo<\/title>\r\n<meta name=\"description\" content=\"Como fica o Marketing Digital ap\u00f3s o COVID-19? Quais os impactos, onde apostar, como fazer? Daniel Cardoso debate essas e outras quest\u00f5es em V\u00cdDEO. Confira!\" \/>\r\n<meta name=\"robots\" content=\"index, follow, max-snippet:-1, max-image-preview:large, max-video-preview:-1\" \/>\r\n<link rel=\"canonical\" href=\"https:\/\/www.impacta.com.br\/blog\/reinvencao-marketing-digital-apos-covid-19\/\" \/>\r\n<meta property=\"og:locale\" content=\"pt_BR\" \/>\r\n<meta property=\"og:type\" content=\"article\" \/>\r\n<meta property=\"og:title\" content=\"A Reinven\u00e7\u00e3o do Marketing Digital ap\u00f3s o COVID-19 - V\u00eddeo\" \/>\r\n<meta property=\"og:description\" content=\"Como fica o Marketing Digital ap\u00f3s o COVID-19? Quais os impactos, onde apostar, como fazer? Daniel Cardoso debate essas e outras quest\u00f5es em V\u00cdDEO. Confira!\" \/>\r\n<meta property=\"og:url\" content=\"https:\/\/www.impacta.com.br\/blog\/reinvencao-marketing-digital-apos-covid-19\/\" \/>\r\n<meta property=\"og:site_name\" content=\"Blog Impacta - Dicas e Not\u00edcias sobre Carreira\" \/>\r\n<meta property=\"article:published_time\" content=\"2020-05-18T11:57:11+00:00\" \/>\r\n<meta property=\"og:image\" content=\"https:\/\/www.impacta.com.br\/blog\/wp-content\/uploads\/2020\/04\/ecomia-criativa-profissoes.jpg\" \/>\r\n\t<meta property=\"og:image:width\" content=\"850\" \/>\r\n\t<meta property=\"og:image:height\" content=\"284\" \/>\r\n\t<meta property=\"og:image:type\" content=\"image\/jpeg\" \/>\r\n<meta name=\"author\" content=\"Reda\u00e7\u00e3o Impacta\" \/>\r\n<meta name=\"twitter:card\" content=\"summary_large_image\" \/>\r\n<meta name=\"twitter:label1\" content=\"Written by\" \/>\n\t<meta name=\"twitter:data1\" content=\"Reda\u00e7\u00e3o Impacta\" \/>\n\t<meta name=\"twitter:label2\" content=\"Est. reading time\" \/>\n\t<meta name=\"twitter:data2\" content=\"2 minutos\" \/>\r\n<script type=\"application\/ld+json\" class=\"yoast-schema-graph\">{\"@context\":\"https:\/\/schema.org\",\"@graph\":[{\"@type\":\"WebPage\",\"@id\":\"https:\/\/www.impacta.com.br\/blog\/reinvencao-marketing-digital-apos-covid-19\/\",\"url\":\"https:\/\/www.impacta.com.br\/blog\/reinvencao-marketing-digital-apos-covid-19\/\",\"name\":\"A Reinven\u00e7\u00e3o do Marketing Digital ap\u00f3s o COVID-19 - V\u00eddeo\",\"isPartOf\":{\"@id\":\"https:\/\/www.impacta.com.br\/blog\/#website\"},\"primaryImageOfPage\":{\"@id\":\"https:\/\/www.impacta.com.br\/blog\/reinvencao-marketing-digital-apos-covid-19\/#primaryimage\"},\"image\":{\"@id\":\"https:\/\/www.impacta.com.br\/blog\/reinvencao-marketing-digital-apos-covid-19\/#primaryimage\"},\"thumbnailUrl\":\"https:\/\/www.impacta.com.br\/blog\/wp-content\/uploads\/2020\/04\/ecomia-criativa-profissoes.jpg\",\"datePublished\":\"2020-05-18T11:57:11+00:00\",\"author\":{\"@id\":\"https:\/\/www.impacta.com.br\/blog\/#\/schema\/person\/3882324164f9237ab7e8d7ac28ecfe79\"},\"description\":\"Como fica o Marketing Digital ap\u00f3s o COVID-19? Quais os impactos, onde apostar, como fazer? Daniel Cardoso debate essas e outras quest\u00f5es em V\u00cdDEO. Confira!\",\"breadcrumb\":{\"@id\":\"https:\/\/www.impacta.com.br\/blog\/reinvencao-marketing-digital-apos-covid-19\/#breadcrumb\"},\"inLanguage\":\"pt-BR\",\"potentialAction\":[{\"@type\":\"ReadAction\",\"target\":[\"https:\/\/www.impacta.com.br\/blog\/reinvencao-marketing-digital-apos-covid-19\/\"]}]},{\"@type\":\"ImageObject\",\"inLanguage\":\"pt-BR\",\"@id\":\"https:\/\/www.impacta.com.br\/blog\/reinvencao-marketing-digital-apos-covid-19\/#primaryimage\",\"url\":\"https:\/\/www.impacta.com.br\/blog\/wp-content\/uploads\/2020\/04\/ecomia-criativa-profissoes.jpg\",\"contentUrl\":\"https:\/\/www.impacta.com.br\/blog\/wp-content\/uploads\/2020\/04\/ecomia-criativa-profissoes.jpg\",\"width\":850,\"height\":284},{\"@type\":\"BreadcrumbList\",\"@id\":\"https:\/\/www.impacta.com.br\/blog\/reinvencao-marketing-digital-apos-covid-19\/#breadcrumb\",\"itemListElement\":[{\"@type\":\"ListItem\",\"position\":1,\"name\":\"In\u00edcio\",\"item\":\"https:\/\/www.impacta.com.br\/blog\/\"},{\"@type\":\"ListItem\",\"position\":2,\"name\":\"A Reinven\u00e7\u00e3o do Marketing Digital ap\u00f3s o COVID-19 &#8211; V\u00eddeo\"}]},{\"@type\":\"WebSite\",\"@id\":\"https:\/\/www.impacta.com.br\/blog\/#website\",\"url\":\"https:\/\/www.impacta.com.br\/blog\/\",\"name\":\"Blog Impacta - Dicas e Not\u00edcias sobre Carreira\",\"description\":\"Dicas, Not\u00edcias e Conte\u00fados sobre Carreira, Tecnologia, Design, Gest\u00e3o e Marketing. Conhe\u00e7a e Acompanhe o Blog Impacta\",\"potentialAction\":[{\"@type\":\"SearchAction\",\"target\":{\"@type\":\"EntryPoint\",\"urlTemplate\":\"https:\/\/www.impacta.com.br\/blog\/?s={search_term_string}\"},\"query-input\":{\"@type\":\"PropertyValueSpecification\",\"valueRequired\":true,\"valueName\":\"search_term_string\"}}],\"inLanguage\":\"pt-BR\"},{\"@type\":\"Person\",\"@id\":\"https:\/\/www.impacta.com.br\/blog\/#\/schema\/person\/3882324164f9237ab7e8d7ac28ecfe79\",\"name\":\"Reda\u00e7\u00e3o Impacta\",\"image\":{\"@type\":\"ImageObject\",\"inLanguage\":\"pt-BR\",\"@id\":\"https:\/\/www.impacta.com.br\/blog\/#\/schema\/person\/image\/\",\"url\":\"https:\/\/secure.gravatar.com\/avatar\/2532096eed25696c0e117e2cbb2f2e7c?s=96&d=mm&r=g\",\"contentUrl\":\"https:\/\/secure.gravatar.com\/avatar\/2532096eed25696c0e117e2cbb2f2e7c?s=96&d=mm&r=g\",\"caption\":\"Reda\u00e7\u00e3o Impacta\"},\"url\":\"https:\/\/www.impacta.com.br\/blog\/author\/redacao_impacta\/\"}]}<\/script>\r\n<!-- \/ Yoast SEO plugin. -->","yoast_head_json":{"title":"A Reinven\u00e7\u00e3o do Marketing Digital ap\u00f3s o COVID-19 - V\u00eddeo","description":"Como fica o Marketing Digital ap\u00f3s o COVID-19? Quais os impactos, onde apostar, como fazer? Daniel Cardoso debate essas e outras quest\u00f5es em V\u00cdDEO. Confira!","robots":{"index":"index","follow":"follow","max-snippet":"max-snippet:-1","max-image-preview":"max-image-preview:large","max-video-preview":"max-video-preview:-1"},"canonical":"https:\/\/www.impacta.com.br\/blog\/reinvencao-marketing-digital-apos-covid-19\/","og_locale":"pt_BR","og_type":"article","og_title":"A Reinven\u00e7\u00e3o do Marketing Digital ap\u00f3s o COVID-19 - V\u00eddeo","og_description":"Como fica o Marketing Digital ap\u00f3s o COVID-19? Quais os impactos, onde apostar, como fazer? Daniel Cardoso debate essas e outras quest\u00f5es em V\u00cdDEO. Confira!","og_url":"https:\/\/www.impacta.com.br\/blog\/reinvencao-marketing-digital-apos-covid-19\/","og_site_name":"Blog Impacta - Dicas e Not\u00edcias sobre Carreira","article_published_time":"2020-05-18T11:57:11+00:00","og_image":[{"width":850,"height":284,"url":"https:\/\/www.impacta.com.br\/blog\/wp-content\/uploads\/2020\/04\/ecomia-criativa-profissoes.jpg","type":"image\/jpeg"}],"author":"Reda\u00e7\u00e3o Impacta","twitter_card":"summary_large_image","twitter_misc":{"Written by":"Reda\u00e7\u00e3o Impacta","Est. reading time":"2 minutos"},"schema":{"@context":"https:\/\/schema.org","@graph":[{"@type":"WebPage","@id":"https:\/\/www.impacta.com.br\/blog\/reinvencao-marketing-digital-apos-covid-19\/","url":"https:\/\/www.impacta.com.br\/blog\/reinvencao-marketing-digital-apos-covid-19\/","name":"A Reinven\u00e7\u00e3o do Marketing Digital ap\u00f3s o COVID-19 - V\u00eddeo","isPartOf":{"@id":"https:\/\/www.impacta.com.br\/blog\/#website"},"primaryImageOfPage":{"@id":"https:\/\/www.impacta.com.br\/blog\/reinvencao-marketing-digital-apos-covid-19\/#primaryimage"},"image":{"@id":"https:\/\/www.impacta.com.br\/blog\/reinvencao-marketing-digital-apos-covid-19\/#primaryimage"},"thumbnailUrl":"https:\/\/www.impacta.com.br\/blog\/wp-content\/uploads\/2020\/04\/ecomia-criativa-profissoes.jpg","datePublished":"2020-05-18T11:57:11+00:00","author":{"@id":"https:\/\/www.impacta.com.br\/blog\/#\/schema\/person\/3882324164f9237ab7e8d7ac28ecfe79"},"description":"Como fica o Marketing Digital ap\u00f3s o COVID-19? Quais os impactos, onde apostar, como fazer? Daniel Cardoso debate essas e outras quest\u00f5es em V\u00cdDEO. Confira!","breadcrumb":{"@id":"https:\/\/www.impacta.com.br\/blog\/reinvencao-marketing-digital-apos-covid-19\/#breadcrumb"},"inLanguage":"pt-BR","potentialAction":[{"@type":"ReadAction","target":["https:\/\/www.impacta.com.br\/blog\/reinvencao-marketing-digital-apos-covid-19\/"]}]},{"@type":"ImageObject","inLanguage":"pt-BR","@id":"https:\/\/www.impacta.com.br\/blog\/reinvencao-marketing-digital-apos-covid-19\/#primaryimage","url":"https:\/\/www.impacta.com.br\/blog\/wp-content\/uploads\/2020\/04\/ecomia-criativa-profissoes.jpg","contentUrl":"https:\/\/www.impacta.com.br\/blog\/wp-content\/uploads\/2020\/04\/ecomia-criativa-profissoes.jpg","width":850,"height":284},{"@type":"BreadcrumbList","@id":"https:\/\/www.impacta.com.br\/blog\/reinvencao-marketing-digital-apos-covid-19\/#breadcrumb","itemListElement":[{"@type":"ListItem","position":1,"name":"In\u00edcio","item":"https:\/\/www.impacta.com.br\/blog\/"},{"@type":"ListItem","position":2,"name":"A Reinven\u00e7\u00e3o do Marketing Digital ap\u00f3s o COVID-19 &#8211; V\u00eddeo"}]},{"@type":"WebSite","@id":"https:\/\/www.impacta.com.br\/blog\/#website","url":"https:\/\/www.impacta.com.br\/blog\/","name":"Blog Impacta - Dicas e Not\u00edcias sobre Carreira","description":"Dicas, Not\u00edcias e Conte\u00fados sobre Carreira, Tecnologia, Design, Gest\u00e3o e Marketing. Conhe\u00e7a e Acompanhe o Blog Impacta","potentialAction":[{"@type":"SearchAction","target":{"@type":"EntryPoint","urlTemplate":"https:\/\/www.impacta.com.br\/blog\/?s={search_term_string}"},"query-input":{"@type":"PropertyValueSpecification","valueRequired":true,"valueName":"search_term_string"}}],"inLanguage":"pt-BR"},{"@type":"Person","@id":"https:\/\/www.impacta.com.br\/blog\/#\/schema\/person\/3882324164f9237ab7e8d7ac28ecfe79","name":"Reda\u00e7\u00e3o Impacta","image":{"@type":"ImageObject","inLanguage":"pt-BR","@id":"https:\/\/www.impacta.com.br\/blog\/#\/schema\/person\/image\/","url":"https:\/\/secure.gravatar.com\/avatar\/2532096eed25696c0e117e2cbb2f2e7c?s=96&d=mm&r=g","contentUrl":"https:\/\/secure.gravatar.com\/avatar\/2532096eed25696c0e117e2cbb2f2e7c?s=96&d=mm&r=g","caption":"Reda\u00e7\u00e3o Impacta"},"url":"https:\/\/www.impacta.com.br\/blog\/author\/redacao_impacta\/"}]}},"acf":{"post_description":null,"capa_mobile":null},"_links":{"self":[{"href":"https:\/\/www.impacta.com.br\/blog\/wp-json\/wp\/v2\/posts\/19010","targetHints":{"allow":["GET"]}}],"collection":[{"href":"https:\/\/www.impacta.com.br\/blog\/wp-json\/wp\/v2\/posts"}],"about":[{"href":"https:\/\/www.impacta.com.br\/blog\/wp-json\/wp\/v2\/types\/post"}],"author":[{"embeddable":true,"href":"https:\/\/www.impacta.com.br\/blog\/wp-json\/wp\/v2\/users\/23"}],"replies":[{"embeddable":true,"href":"https:\/\/www.impacta.com.br\/blog\/wp-json\/wp\/v2\/comments?post=19010"}],"version-history":[{"count":0,"href":"https:\/\/www.impacta.com.br\/blog\/wp-json\/wp\/v2\/posts\/19010\/revisions"}],"wp:featuredmedia":[{"embeddable":true,"href":"https:\/\/www.impacta.com.br\/blog\/wp-json\/wp\/v2\/media\/16973"}],"wp:attachment":[{"href":"https:\/\/www.impacta.com.br\/blog\/wp-json\/wp\/v2\/media?parent=19010"}],"wp:term":[{"taxonomy":"category","embeddable":true,"href":"https:\/\/www.impacta.com.br\/blog\/wp-json\/wp\/v2\/categories?post=19010"},{"taxonomy":"post_tag","embeddable":true,"href":"https:\/\/www.impacta.com.br\/blog\/wp-json\/wp\/v2\/tags?post=19010"}],"curies":[{"name":"wp","href":"https:\/\/api.w.org\/{rel}","templated":true}]}}