{"id":18956,"date":"2021-02-10T08:00:00","date_gmt":"2021-02-10T11:00:00","guid":{"rendered":"https:\/\/www.impacta.com.br\/blog\/?p=18956"},"modified":"2021-02-09T13:57:41","modified_gmt":"2021-02-09T16:57:41","slug":"administracao-processos-gerenciais-qual-o-curso-ideal","status":"publish","type":"post","link":"https:\/\/www.impacta.com.br\/blog\/administracao-processos-gerenciais-qual-o-curso-ideal\/","title":{"rendered":"Administra\u00e7\u00e3o ou Processos Gerenciais: qual o curso ideal? Veja no Guia!"},"content":{"rendered":"\n<p>A maior d\u00favida entre os estudantes que est\u00e3o saindo do ensino m\u00e9dio e come\u00e7ando o processo de ingressar no <a href=\"https:\/\/www.impacta.com.br\/blog\/guia-de-profissoes-o-que-devo-fazer-ao-sair-do-ensino-medio\/\" target=\"_blank\" rel=\"noreferrer noopener\">ensino superior<\/a> \u00e9 decidir qual \u00e1rea escolher, n\u00e3o \u00e9 mesmo? <\/p>\n\n\n\n<p>Essa importante escolha nem sempre \u00e9 f\u00e1cil e, para piorar, ainda h\u00e1 cursos relacionados que geram ainda mais d\u00favidas.<\/p>\n\n\n\n<p>Entre as gradua\u00e7\u00f5es mais procuradas, temos dois exemplos que costumam deixar os estudantes confusos na hora da escolha: <strong>o curso de <a href=\"https:\/\/www.impacta.com.br\/blog\/administracao-e-tecnologia-entenda-a-relacao\/\" target=\"_blank\" rel=\"noreferrer noopener\">Administra\u00e7\u00e3o <\/a>e o curso de <a href=\"https:\/\/www.impacta.com.br\/blog\/processos-gerenciais-e-mercado-de-trabalho\/\" target=\"_blank\" rel=\"noreferrer noopener\">Processos Gerenciais<\/a><\/strong>. <\/p>\n\n\n\n<p>Voc\u00ea deve saber que, apesar de parecidos e ambos estarem relacionados ao ambiente empresarial, tratam-se de cursos diferentes, com formatos, objetivos e at\u00e9 mesmo algumas op\u00e7\u00f5es de atua\u00e7\u00e3o distintas.<\/p>\n\n\n\n<p><strong>Os dois cursos s\u00e3o uma \u00f3tima escolha para quem busca boas oportunidades no mercado, por\u00e9m qual delas escolher?<\/strong> <\/p>\n\n\n\n<p>Para ajudar na sua escolha, criamos este e-book que detalha mais informa\u00e7\u00f5es sobre cada um dos cursos. Confira!<\/p>\n\n\n\n<h2 class=\"wp-block-heading\"><strong>Administra\u00e7\u00e3o ou Processos Gerenciais: qual o curso ideal? Baixe o E-book:<\/strong><\/h2>\n\n\n\n<div class=\"wp-block-image\"><figure class=\"aligncenter size-large\"><a href=\"https:\/\/conteudo.impacta.edu.br\/e-book-administracao-ou-processos-gerenciais\" target=\"_blank\" rel=\"https:\/\/conteudo.impacta.edu.br\/e-book-administracao-ou-processos-gerenciais noopener\"><img loading=\"lazy\" decoding=\"async\" width=\"395\" height=\"552\" src=\"https:\/\/www.impacta.com.br\/blog\/wp-content\/uploads\/2021\/02\/e-book_administracao_processos_gerenciais.png\" alt=\"e-book_administracao_processos_gerenciais\" class=\"wp-image-18957\"\/><\/a><\/figure><\/div>\n\n\n\n<h3 class=\"wp-block-heading\"><strong>O que voc\u00ea ver\u00e1 no E-book Gratuito:<\/strong><\/h3>\n\n\n\n<ul class=\"wp-block-list\"><li>&nbsp;<strong>Como \u00e9 o Curso de Administra\u00e7\u00e3o?<\/strong><\/li><\/ul>\n\n\n\n<p>Conhe\u00e7a a \u00e1rea e entenda quais as op\u00e7\u00f5es atuais para o profissional formado em Administra\u00e7\u00e3o.<\/p>\n\n\n\n<ul class=\"wp-block-list\"><li><strong>Como \u00e9 o Curso de Processos Gerenciais?<\/strong><\/li><\/ul>\n\n\n\n<p>Entenda melhor o que se aprende e quais as op\u00e7\u00f5es de atua\u00e7\u00e3o no mercado para esse especialista.<\/p>\n\n\n\n<ul class=\"wp-block-list\"><li><strong>Diferen\u00e7as e como escolher<\/strong><\/li><\/ul>\n\n\n\n<p>Confira as principais diferen\u00e7as entre as duas \u00e1reas e veja dicas para ajudar na sua escolha!<\/p>\n\n\n\n<p><strong><a href=\"https:\/\/conteudo.impacta.edu.br\/e-book-administracao-ou-processos-gerenciais\" target=\"_blank\" rel=\"noreferrer noopener\">Baixe agora o seu Guia Gratuito e saiba qual curso escolher!<\/a><\/strong><\/p>\n<div class=\"sharing-default-minimal post-bottom\"><div class=\"nectar-social default\" data-position=\"\" data-rm-love=\"0\" data-color-override=\"override\"><div class=\"nectar-social-inner\"><a href=\"#\" class=\"nectar-love\" id=\"nectar-love-18956\" title=\"Love this\"> <i class=\"icon-salient-heart-2\"><\/i><span class=\"love-text\">Love<\/span><span class=\"total_loves\"><span class=\"nectar-love-count\">0<\/span><\/span><\/a><a class='facebook-share nectar-sharing' href='#' title='Share this'> <i class='fa fa-facebook'><\/i> <span class='social-text'>Share<\/span> <\/a><a class='twitter-share nectar-sharing' href='#' title='Share this'> <i class='fa icon-salient-x-twitter'><\/i> <span class='social-text'>Share<\/span> <\/a><a class='linkedin-share nectar-sharing' href='#' title='Share this'> <i class='fa fa-linkedin'><\/i> <span class='social-text'>Share<\/span> <\/a><a class='pinterest-share nectar-sharing' href='#' title='Pin this'> <i class='fa fa-pinterest'><\/i> <span class='social-text'>Pin<\/span> <\/a><\/div><\/div><\/div>","protected":false},"excerpt":{"rendered":"<p>A maior d\u00favida entre os estudantes que est\u00e3o saindo do ensino m\u00e9dio e come\u00e7ando o processo de ingressar no ensino superior \u00e9 decidir qual \u00e1rea escolher, n\u00e3o \u00e9 mesmo? Essa importante escolha nem sempre \u00e9 f\u00e1cil e, para piorar, ainda h\u00e1 cursos relacionados que geram ainda mais d\u00favidas. Entre as gradua\u00e7\u00f5es mais procuradas, temos dois [&hellip;]<\/p>\n","protected":false},"author":23,"featured_media":18960,"comment_status":"open","ping_status":"open","sticky":false,"template":"","format":"standard","meta":{"footnotes":""},"categories":[13,1091],"tags":[92,1031,1110],"class_list":["post-18956","post","type-post","status-publish","format-standard","has-post-thumbnail","hentry","category-carreira","category-vestibular-e-estudos","tag-administracao","tag-graduacao","tag-processos-gerenciais"],"yoast_head":"<!-- This site is optimized with the Yoast SEO plugin v25.1 - https:\/\/yoast.com\/wordpress\/plugins\/seo\/ -->\r\n<title>Administra\u00e7\u00e3o ou Processos Gerenciais: qual o curso ideal? Veja no Guia!<\/title>\r\n<meta name=\"description\" content=\"Est\u00e1 na D\u00favidas entre os Cursos de Administra\u00e7\u00e3o ou Processos Gerenciais? Confira o E-book Gratuito e Saiba Qual \u00e9 o Ideal para voc\u00ea!\" \/>\r\n<meta name=\"robots\" content=\"index, follow, max-snippet:-1, max-image-preview:large, max-video-preview:-1\" \/>\r\n<link rel=\"canonical\" href=\"https:\/\/www.impacta.com.br\/blog\/administracao-processos-gerenciais-qual-o-curso-ideal\/\" \/>\r\n<meta property=\"og:locale\" content=\"pt_BR\" \/>\r\n<meta property=\"og:type\" content=\"article\" \/>\r\n<meta property=\"og:title\" content=\"Administra\u00e7\u00e3o ou Processos Gerenciais: qual o curso ideal? Veja no Guia!\" \/>\r\n<meta property=\"og:description\" content=\"Est\u00e1 na D\u00favidas entre os Cursos de Administra\u00e7\u00e3o ou Processos Gerenciais? Confira o E-book Gratuito e Saiba Qual \u00e9 o Ideal para voc\u00ea!\" \/>\r\n<meta property=\"og:url\" content=\"https:\/\/www.impacta.com.br\/blog\/administracao-processos-gerenciais-qual-o-curso-ideal\/\" \/>\r\n<meta property=\"og:site_name\" content=\"Blog Impacta - Dicas e Not\u00edcias sobre Carreira\" \/>\r\n<meta property=\"article:published_time\" content=\"2021-02-10T11:00:00+00:00\" \/>\r\n<meta property=\"og:image\" content=\"https:\/\/www.impacta.com.br\/blog\/wp-content\/uploads\/2021\/02\/mapu2ww0gl.png\" \/>\r\n\t<meta property=\"og:image:width\" content=\"1000\" \/>\r\n\t<meta property=\"og:image:height\" content=\"667\" \/>\r\n\t<meta property=\"og:image:type\" content=\"image\/png\" \/>\r\n<meta name=\"author\" content=\"Reda\u00e7\u00e3o Impacta\" \/>\r\n<meta name=\"twitter:card\" content=\"summary_large_image\" \/>\r\n<meta name=\"twitter:label1\" content=\"Written by\" \/>\n\t<meta name=\"twitter:data1\" content=\"Reda\u00e7\u00e3o Impacta\" \/>\n\t<meta name=\"twitter:label2\" content=\"Est. reading time\" \/>\n\t<meta name=\"twitter:data2\" content=\"2 minutos\" \/>\r\n<script type=\"application\/ld+json\" class=\"yoast-schema-graph\">{\"@context\":\"https:\/\/schema.org\",\"@graph\":[{\"@type\":\"WebPage\",\"@id\":\"https:\/\/www.impacta.com.br\/blog\/administracao-processos-gerenciais-qual-o-curso-ideal\/\",\"url\":\"https:\/\/www.impacta.com.br\/blog\/administracao-processos-gerenciais-qual-o-curso-ideal\/\",\"name\":\"Administra\u00e7\u00e3o ou Processos Gerenciais: qual o curso ideal? Veja no Guia!\",\"isPartOf\":{\"@id\":\"https:\/\/www.impacta.com.br\/blog\/#website\"},\"primaryImageOfPage\":{\"@id\":\"https:\/\/www.impacta.com.br\/blog\/administracao-processos-gerenciais-qual-o-curso-ideal\/#primaryimage\"},\"image\":{\"@id\":\"https:\/\/www.impacta.com.br\/blog\/administracao-processos-gerenciais-qual-o-curso-ideal\/#primaryimage\"},\"thumbnailUrl\":\"https:\/\/www.impacta.com.br\/blog\/wp-content\/uploads\/2021\/02\/mapu2ww0gl.png\",\"datePublished\":\"2021-02-10T11:00:00+00:00\",\"author\":{\"@id\":\"https:\/\/www.impacta.com.br\/blog\/#\/schema\/person\/3882324164f9237ab7e8d7ac28ecfe79\"},\"description\":\"Est\u00e1 na D\u00favidas entre os Cursos de Administra\u00e7\u00e3o ou Processos Gerenciais? Confira o E-book Gratuito e Saiba Qual \u00e9 o Ideal para voc\u00ea!\",\"breadcrumb\":{\"@id\":\"https:\/\/www.impacta.com.br\/blog\/administracao-processos-gerenciais-qual-o-curso-ideal\/#breadcrumb\"},\"inLanguage\":\"pt-BR\",\"potentialAction\":[{\"@type\":\"ReadAction\",\"target\":[\"https:\/\/www.impacta.com.br\/blog\/administracao-processos-gerenciais-qual-o-curso-ideal\/\"]}]},{\"@type\":\"ImageObject\",\"inLanguage\":\"pt-BR\",\"@id\":\"https:\/\/www.impacta.com.br\/blog\/administracao-processos-gerenciais-qual-o-curso-ideal\/#primaryimage\",\"url\":\"https:\/\/www.impacta.com.br\/blog\/wp-content\/uploads\/2021\/02\/mapu2ww0gl.png\",\"contentUrl\":\"https:\/\/www.impacta.com.br\/blog\/wp-content\/uploads\/2021\/02\/mapu2ww0gl.png\",\"width\":1000,\"height\":667,\"caption\":\"Administra\u00e7\u00e3o ou Processos Gerenciais: qual o curso ideal? Veja no Guia!\"},{\"@type\":\"BreadcrumbList\",\"@id\":\"https:\/\/www.impacta.com.br\/blog\/administracao-processos-gerenciais-qual-o-curso-ideal\/#breadcrumb\",\"itemListElement\":[{\"@type\":\"ListItem\",\"position\":1,\"name\":\"In\u00edcio\",\"item\":\"https:\/\/www.impacta.com.br\/blog\/\"},{\"@type\":\"ListItem\",\"position\":2,\"name\":\"Administra\u00e7\u00e3o ou Processos Gerenciais: qual o curso ideal? Veja no Guia!\"}]},{\"@type\":\"WebSite\",\"@id\":\"https:\/\/www.impacta.com.br\/blog\/#website\",\"url\":\"https:\/\/www.impacta.com.br\/blog\/\",\"name\":\"Blog Impacta - Dicas e Not\u00edcias sobre Carreira\",\"description\":\"Dicas, Not\u00edcias e Conte\u00fados sobre Carreira, Tecnologia, Design, Gest\u00e3o e Marketing. Conhe\u00e7a e Acompanhe o Blog Impacta\",\"potentialAction\":[{\"@type\":\"SearchAction\",\"target\":{\"@type\":\"EntryPoint\",\"urlTemplate\":\"https:\/\/www.impacta.com.br\/blog\/?s={search_term_string}\"},\"query-input\":{\"@type\":\"PropertyValueSpecification\",\"valueRequired\":true,\"valueName\":\"search_term_string\"}}],\"inLanguage\":\"pt-BR\"},{\"@type\":\"Person\",\"@id\":\"https:\/\/www.impacta.com.br\/blog\/#\/schema\/person\/3882324164f9237ab7e8d7ac28ecfe79\",\"name\":\"Reda\u00e7\u00e3o Impacta\",\"image\":{\"@type\":\"ImageObject\",\"inLanguage\":\"pt-BR\",\"@id\":\"https:\/\/www.impacta.com.br\/blog\/#\/schema\/person\/image\/\",\"url\":\"https:\/\/secure.gravatar.com\/avatar\/2532096eed25696c0e117e2cbb2f2e7c?s=96&d=mm&r=g\",\"contentUrl\":\"https:\/\/secure.gravatar.com\/avatar\/2532096eed25696c0e117e2cbb2f2e7c?s=96&d=mm&r=g\",\"caption\":\"Reda\u00e7\u00e3o Impacta\"},\"url\":\"https:\/\/www.impacta.com.br\/blog\/author\/redacao_impacta\/\"}]}<\/script>\r\n<!-- \/ Yoast SEO plugin. -->","yoast_head_json":{"title":"Administra\u00e7\u00e3o ou Processos Gerenciais: qual o curso ideal? Veja no Guia!","description":"Est\u00e1 na D\u00favidas entre os Cursos de Administra\u00e7\u00e3o ou Processos Gerenciais? Confira o E-book Gratuito e Saiba Qual \u00e9 o Ideal para voc\u00ea!","robots":{"index":"index","follow":"follow","max-snippet":"max-snippet:-1","max-image-preview":"max-image-preview:large","max-video-preview":"max-video-preview:-1"},"canonical":"https:\/\/www.impacta.com.br\/blog\/administracao-processos-gerenciais-qual-o-curso-ideal\/","og_locale":"pt_BR","og_type":"article","og_title":"Administra\u00e7\u00e3o ou Processos Gerenciais: qual o curso ideal? Veja no Guia!","og_description":"Est\u00e1 na D\u00favidas entre os Cursos de Administra\u00e7\u00e3o ou Processos Gerenciais? Confira o E-book Gratuito e Saiba Qual \u00e9 o Ideal para voc\u00ea!","og_url":"https:\/\/www.impacta.com.br\/blog\/administracao-processos-gerenciais-qual-o-curso-ideal\/","og_site_name":"Blog Impacta - Dicas e Not\u00edcias sobre Carreira","article_published_time":"2021-02-10T11:00:00+00:00","og_image":[{"width":1000,"height":667,"url":"https:\/\/www.impacta.com.br\/blog\/wp-content\/uploads\/2021\/02\/mapu2ww0gl.png","type":"image\/png"}],"author":"Reda\u00e7\u00e3o Impacta","twitter_card":"summary_large_image","twitter_misc":{"Written by":"Reda\u00e7\u00e3o Impacta","Est. reading time":"2 minutos"},"schema":{"@context":"https:\/\/schema.org","@graph":[{"@type":"WebPage","@id":"https:\/\/www.impacta.com.br\/blog\/administracao-processos-gerenciais-qual-o-curso-ideal\/","url":"https:\/\/www.impacta.com.br\/blog\/administracao-processos-gerenciais-qual-o-curso-ideal\/","name":"Administra\u00e7\u00e3o ou Processos Gerenciais: qual o curso ideal? Veja no Guia!","isPartOf":{"@id":"https:\/\/www.impacta.com.br\/blog\/#website"},"primaryImageOfPage":{"@id":"https:\/\/www.impacta.com.br\/blog\/administracao-processos-gerenciais-qual-o-curso-ideal\/#primaryimage"},"image":{"@id":"https:\/\/www.impacta.com.br\/blog\/administracao-processos-gerenciais-qual-o-curso-ideal\/#primaryimage"},"thumbnailUrl":"https:\/\/www.impacta.com.br\/blog\/wp-content\/uploads\/2021\/02\/mapu2ww0gl.png","datePublished":"2021-02-10T11:00:00+00:00","author":{"@id":"https:\/\/www.impacta.com.br\/blog\/#\/schema\/person\/3882324164f9237ab7e8d7ac28ecfe79"},"description":"Est\u00e1 na D\u00favidas entre os Cursos de Administra\u00e7\u00e3o ou Processos Gerenciais? Confira o E-book Gratuito e Saiba Qual \u00e9 o Ideal para voc\u00ea!","breadcrumb":{"@id":"https:\/\/www.impacta.com.br\/blog\/administracao-processos-gerenciais-qual-o-curso-ideal\/#breadcrumb"},"inLanguage":"pt-BR","potentialAction":[{"@type":"ReadAction","target":["https:\/\/www.impacta.com.br\/blog\/administracao-processos-gerenciais-qual-o-curso-ideal\/"]}]},{"@type":"ImageObject","inLanguage":"pt-BR","@id":"https:\/\/www.impacta.com.br\/blog\/administracao-processos-gerenciais-qual-o-curso-ideal\/#primaryimage","url":"https:\/\/www.impacta.com.br\/blog\/wp-content\/uploads\/2021\/02\/mapu2ww0gl.png","contentUrl":"https:\/\/www.impacta.com.br\/blog\/wp-content\/uploads\/2021\/02\/mapu2ww0gl.png","width":1000,"height":667,"caption":"Administra\u00e7\u00e3o ou Processos Gerenciais: qual o curso ideal? Veja no Guia!"},{"@type":"BreadcrumbList","@id":"https:\/\/www.impacta.com.br\/blog\/administracao-processos-gerenciais-qual-o-curso-ideal\/#breadcrumb","itemListElement":[{"@type":"ListItem","position":1,"name":"In\u00edcio","item":"https:\/\/www.impacta.com.br\/blog\/"},{"@type":"ListItem","position":2,"name":"Administra\u00e7\u00e3o ou Processos Gerenciais: qual o curso ideal? Veja no Guia!"}]},{"@type":"WebSite","@id":"https:\/\/www.impacta.com.br\/blog\/#website","url":"https:\/\/www.impacta.com.br\/blog\/","name":"Blog Impacta - Dicas e Not\u00edcias sobre Carreira","description":"Dicas, Not\u00edcias e Conte\u00fados sobre Carreira, Tecnologia, Design, Gest\u00e3o e Marketing. Conhe\u00e7a e Acompanhe o Blog Impacta","potentialAction":[{"@type":"SearchAction","target":{"@type":"EntryPoint","urlTemplate":"https:\/\/www.impacta.com.br\/blog\/?s={search_term_string}"},"query-input":{"@type":"PropertyValueSpecification","valueRequired":true,"valueName":"search_term_string"}}],"inLanguage":"pt-BR"},{"@type":"Person","@id":"https:\/\/www.impacta.com.br\/blog\/#\/schema\/person\/3882324164f9237ab7e8d7ac28ecfe79","name":"Reda\u00e7\u00e3o Impacta","image":{"@type":"ImageObject","inLanguage":"pt-BR","@id":"https:\/\/www.impacta.com.br\/blog\/#\/schema\/person\/image\/","url":"https:\/\/secure.gravatar.com\/avatar\/2532096eed25696c0e117e2cbb2f2e7c?s=96&d=mm&r=g","contentUrl":"https:\/\/secure.gravatar.com\/avatar\/2532096eed25696c0e117e2cbb2f2e7c?s=96&d=mm&r=g","caption":"Reda\u00e7\u00e3o Impacta"},"url":"https:\/\/www.impacta.com.br\/blog\/author\/redacao_impacta\/"}]}},"acf":{"post_description":"","capa_mobile":false},"_links":{"self":[{"href":"https:\/\/www.impacta.com.br\/blog\/wp-json\/wp\/v2\/posts\/18956","targetHints":{"allow":["GET"]}}],"collection":[{"href":"https:\/\/www.impacta.com.br\/blog\/wp-json\/wp\/v2\/posts"}],"about":[{"href":"https:\/\/www.impacta.com.br\/blog\/wp-json\/wp\/v2\/types\/post"}],"author":[{"embeddable":true,"href":"https:\/\/www.impacta.com.br\/blog\/wp-json\/wp\/v2\/users\/23"}],"replies":[{"embeddable":true,"href":"https:\/\/www.impacta.com.br\/blog\/wp-json\/wp\/v2\/comments?post=18956"}],"version-history":[{"count":0,"href":"https:\/\/www.impacta.com.br\/blog\/wp-json\/wp\/v2\/posts\/18956\/revisions"}],"wp:featuredmedia":[{"embeddable":true,"href":"https:\/\/www.impacta.com.br\/blog\/wp-json\/wp\/v2\/media\/18960"}],"wp:attachment":[{"href":"https:\/\/www.impacta.com.br\/blog\/wp-json\/wp\/v2\/media?parent=18956"}],"wp:term":[{"taxonomy":"category","embeddable":true,"href":"https:\/\/www.impacta.com.br\/blog\/wp-json\/wp\/v2\/categories?post=18956"},{"taxonomy":"post_tag","embeddable":true,"href":"https:\/\/www.impacta.com.br\/blog\/wp-json\/wp\/v2\/tags?post=18956"}],"curies":[{"name":"wp","href":"https:\/\/api.w.org\/{rel}","templated":true}]}}