{"id":18577,"date":"2020-11-06T08:00:45","date_gmt":"2020-11-06T11:00:45","guid":{"rendered":"https:\/\/www.impacta.com.br\/blog\/?p=17462"},"modified":"2020-11-06T08:00:45","modified_gmt":"2020-11-06T11:00:45","slug":"power-bi-no-mundo-corporativo-atual","status":"publish","type":"post","link":"https:\/\/www.impacta.com.br\/blog\/power-bi-no-mundo-corporativo-atual\/","title":{"rendered":"Power BI no Mundo Corporativo Atual &#8211; Live com Caio Ludovice"},"content":{"rendered":"<p><span style=\"font-size: 14pt;\">O <a title=\"O que \u00e9 e quais s\u00e3o as vantagens de usar o Power BI?\" href=\"https:\/\/www.impacta.com.br\/blog\/o-que-e-e-quais-sao-os-beneficios-de-usar-o-power-bi\/\" target=\"_blank\" rel=\"noopener noreferrer\">Power BI<\/a> \u00e9 uma das ferramentas mais acess\u00edveis e completas para quem trabalha com\u00a0 a \u00e1rea de BI &#8211; Business Intelligence &#8211; uma das mais promissoras do mercado e com diversas oportunidades nos pr\u00f3ximos anos.<\/span><\/p>\n<p><span style=\"font-size: 14pt;\">N\u00e3o \u00e9 \u00e0 toa que o programa da Microsoft j\u00e1 \u00e9 l\u00edder de mercado nas empresas, garantindo a comunica\u00e7\u00e3o entre diversos departamentos e facilitando a apresenta\u00e7\u00e3o de dados importantes para a tomada de decis\u00e3o.<\/span><\/p>\n<p><span style=\"font-size: 14pt;\">Mas na pr\u00e1tica, o que o mercado corporativo mais utiliza ou necessita que o Power BI \u00e9 capaz de fazer? Quando ele ser\u00e1 a ferramenta ideal para a sua empresa?<\/span><\/p>\n<p><span style=\"font-size: 14pt;\">Para respondermos essas e outras perguntas, convidamos o instrutor especialista em Microsoft e Intelig\u00eancia de Neg\u00f3cios, <strong>Caio Ludovice<\/strong>, para uma Live Especial aqui na Impacta. Assista agora!<\/span><\/p>\n<h2><strong><span style=\"font-size: 14pt;\">Power BI: o que o mercado pede?<\/span><\/strong><\/h2>\n<p><iframe loading=\"lazy\" width=\"650\" height=\"350\" src=\"\/\/www.youtube.com\/embed\/nOVZArrjwsA\"><\/iframe><\/p>\n<h3><strong><span style=\"font-size: 14pt;\">O que voc\u00ea ver\u00e1 no v\u00eddeo de Power BI:<\/span><\/strong><\/h3>\n<ul>\n<li id=\"rd-text-jsden005\" class=\"bricks--component bricks--component-text rd-text\"><span style=\"font-size: 14pt;\">Onde o Power BI est\u00e1 posicionado no mercado em compara\u00e7\u00e3o com as outras ferramentas de BI?<\/span><\/li>\n<li id=\"rd-text-kevgpiip\" class=\"bricks--component bricks--component-text rd-text\"><span style=\"font-size: 14pt;\">O que as empresas esperam de conhecimento de Power BI dos seus colaboradores?<\/span><\/li>\n<li id=\"rd-text-kevgq4ya\" class=\"bricks--component bricks--component-text rd-text\"><span style=\"font-size: 14pt;\">P\u00fablico-alvo que pode utilizar a ferramenta no mercado<\/span><\/li>\n<li id=\"rd-text-kevgqltw\" class=\"bricks--component bricks--component-text rd-text\"><span style=\"font-size: 14pt;\">Exemplos pr\u00e1ticos de alguns relat\u00f3rios de mercado<\/span><\/li>\n<li id=\"rd-text-kevgr1fg\" class=\"bricks--component bricks--component-text rd-text\"><span style=\"font-size: 14pt;\">Relat\u00f3rios na m\u00e1quina x na nuvem<\/span><\/li>\n<\/ul>\n<p><span style=\"font-size: 14pt;\"><strong>Quer saber mais sobre o Power BI?<\/strong> Confira o nosso<\/span><a href=\"https:\/\/conteudo.impacta.com.br\/guia-do-power-bi\" target=\"_blank\" rel=\"noopener noreferrer\"><strong><span style=\"font-size: 14pt;\"> Guia Completo e Gratuito aqui!<\/span><\/strong><\/a><\/p>\n<div class=\"sharing-default-minimal post-bottom\"><div class=\"nectar-social default\" data-position=\"\" data-rm-love=\"0\" data-color-override=\"override\"><div class=\"nectar-social-inner\"><a href=\"#\" class=\"nectar-love\" id=\"nectar-love-18577\" title=\"Love this\"> <i class=\"icon-salient-heart-2\"><\/i><span class=\"love-text\">Love<\/span><span class=\"total_loves\"><span class=\"nectar-love-count\">0<\/span><\/span><\/a><a class='facebook-share nectar-sharing' href='#' title='Share this'> <i class='fa fa-facebook'><\/i> <span class='social-text'>Share<\/span> <\/a><a class='twitter-share nectar-sharing' href='#' title='Share this'> <i class='fa icon-salient-x-twitter'><\/i> <span class='social-text'>Share<\/span> <\/a><a class='linkedin-share nectar-sharing' href='#' title='Share this'> <i class='fa fa-linkedin'><\/i> <span class='social-text'>Share<\/span> <\/a><a class='pinterest-share nectar-sharing' href='#' title='Pin this'> <i class='fa fa-pinterest'><\/i> <span class='social-text'>Pin<\/span> <\/a><\/div><\/div><\/div>","protected":false},"excerpt":{"rendered":"<p>O Power BI \u00e9 uma das ferramentas mais acess\u00edveis e completas para quem trabalha com\u00a0 a \u00e1rea de BI &#8211; Business Intelligence &#8211; uma das mais promissoras do mercado e com diversas oportunidades nos pr\u00f3ximos anos. N\u00e3o \u00e9 \u00e0 toa que o programa da Microsoft j\u00e1 \u00e9 l\u00edder de mercado nas empresas, garantindo a comunica\u00e7\u00e3o [&hellip;]<\/p>\n","protected":false},"author":23,"featured_media":17465,"comment_status":"open","ping_status":"open","sticky":false,"template":"","format":"standard","meta":{"footnotes":""},"categories":[13,72,3],"tags":[15,161,519],"class_list":["post-18577","post","type-post","status-publish","format-standard","has-post-thumbnail","hentry","category-carreira","category-office","category-tecnologia","tag-mercado-de-trabalho","tag-microsoft","tag-power-bi"],"yoast_head":"<!-- This site is optimized with the Yoast SEO plugin v25.1 - https:\/\/yoast.com\/wordpress\/plugins\/seo\/ -->\r\n<title>Power BI no Mundo Corporativo Atual - Live com Caio Ludovice<\/title>\r\n<meta name=\"description\" content=\"Assista ao V\u00eddeo: Power BI no Mundo Corporativo Atual, Com Caio Ludovice! Saiba o que as Empresas Procuram e Esperam da Ferramenta da Microsoft.\" \/>\r\n<meta name=\"robots\" content=\"index, follow, max-snippet:-1, max-image-preview:large, max-video-preview:-1\" \/>\r\n<link rel=\"canonical\" href=\"https:\/\/www.impacta.com.br\/blog\/power-bi-no-mundo-corporativo-atual\/\" \/>\r\n<meta property=\"og:locale\" content=\"pt_BR\" \/>\r\n<meta property=\"og:type\" content=\"article\" \/>\r\n<meta property=\"og:title\" content=\"Power BI no Mundo Corporativo Atual - Live com Caio Ludovice\" \/>\r\n<meta property=\"og:description\" content=\"Assista ao V\u00eddeo: Power BI no Mundo Corporativo Atual, Com Caio Ludovice! Saiba o que as Empresas Procuram e Esperam da Ferramenta da Microsoft.\" \/>\r\n<meta property=\"og:url\" content=\"https:\/\/www.impacta.com.br\/blog\/power-bi-no-mundo-corporativo-atual\/\" \/>\r\n<meta property=\"og:site_name\" content=\"Blog Impacta - Dicas e Not\u00edcias sobre Carreira\" \/>\r\n<meta property=\"article:published_time\" content=\"2020-11-06T11:00:45+00:00\" \/>\r\n<meta property=\"og:image\" content=\"https:\/\/www.impacta.com.br\/blog\/wp-content\/uploads\/2020\/04\/header_governanca_em_TI-1.jpg\" \/>\r\n\t<meta property=\"og:image:width\" content=\"850\" \/>\r\n\t<meta property=\"og:image:height\" content=\"284\" \/>\r\n\t<meta property=\"og:image:type\" content=\"image\/jpeg\" \/>\r\n<meta name=\"author\" content=\"Reda\u00e7\u00e3o Impacta\" \/>\r\n<meta name=\"twitter:card\" content=\"summary_large_image\" \/>\r\n<meta name=\"twitter:label1\" content=\"Written by\" \/>\n\t<meta name=\"twitter:data1\" content=\"Reda\u00e7\u00e3o Impacta\" \/>\n\t<meta name=\"twitter:label2\" content=\"Est. reading time\" \/>\n\t<meta name=\"twitter:data2\" content=\"1 minuto\" \/>\r\n<script type=\"application\/ld+json\" class=\"yoast-schema-graph\">{\"@context\":\"https:\/\/schema.org\",\"@graph\":[{\"@type\":\"WebPage\",\"@id\":\"https:\/\/www.impacta.com.br\/blog\/power-bi-no-mundo-corporativo-atual\/\",\"url\":\"https:\/\/www.impacta.com.br\/blog\/power-bi-no-mundo-corporativo-atual\/\",\"name\":\"Power BI no Mundo Corporativo Atual - Live com Caio Ludovice\",\"isPartOf\":{\"@id\":\"https:\/\/www.impacta.com.br\/blog\/#website\"},\"primaryImageOfPage\":{\"@id\":\"https:\/\/www.impacta.com.br\/blog\/power-bi-no-mundo-corporativo-atual\/#primaryimage\"},\"image\":{\"@id\":\"https:\/\/www.impacta.com.br\/blog\/power-bi-no-mundo-corporativo-atual\/#primaryimage\"},\"thumbnailUrl\":\"https:\/\/www.impacta.com.br\/blog\/wp-content\/uploads\/2020\/04\/header_governanca_em_TI-1.jpg\",\"datePublished\":\"2020-11-06T11:00:45+00:00\",\"author\":{\"@id\":\"https:\/\/www.impacta.com.br\/blog\/#\/schema\/person\/3882324164f9237ab7e8d7ac28ecfe79\"},\"description\":\"Assista ao V\u00eddeo: Power BI no Mundo Corporativo Atual, Com Caio Ludovice! Saiba o que as Empresas Procuram e Esperam da Ferramenta da Microsoft.\",\"breadcrumb\":{\"@id\":\"https:\/\/www.impacta.com.br\/blog\/power-bi-no-mundo-corporativo-atual\/#breadcrumb\"},\"inLanguage\":\"pt-BR\",\"potentialAction\":[{\"@type\":\"ReadAction\",\"target\":[\"https:\/\/www.impacta.com.br\/blog\/power-bi-no-mundo-corporativo-atual\/\"]}]},{\"@type\":\"ImageObject\",\"inLanguage\":\"pt-BR\",\"@id\":\"https:\/\/www.impacta.com.br\/blog\/power-bi-no-mundo-corporativo-atual\/#primaryimage\",\"url\":\"https:\/\/www.impacta.com.br\/blog\/wp-content\/uploads\/2020\/04\/header_governanca_em_TI-1.jpg\",\"contentUrl\":\"https:\/\/www.impacta.com.br\/blog\/wp-content\/uploads\/2020\/04\/header_governanca_em_TI-1.jpg\",\"width\":850,\"height\":284},{\"@type\":\"BreadcrumbList\",\"@id\":\"https:\/\/www.impacta.com.br\/blog\/power-bi-no-mundo-corporativo-atual\/#breadcrumb\",\"itemListElement\":[{\"@type\":\"ListItem\",\"position\":1,\"name\":\"In\u00edcio\",\"item\":\"https:\/\/www.impacta.com.br\/blog\/\"},{\"@type\":\"ListItem\",\"position\":2,\"name\":\"Power BI no Mundo Corporativo Atual &#8211; Live com Caio Ludovice\"}]},{\"@type\":\"WebSite\",\"@id\":\"https:\/\/www.impacta.com.br\/blog\/#website\",\"url\":\"https:\/\/www.impacta.com.br\/blog\/\",\"name\":\"Blog Impacta - Dicas e Not\u00edcias sobre Carreira\",\"description\":\"Dicas, Not\u00edcias e Conte\u00fados sobre Carreira, Tecnologia, Design, Gest\u00e3o e Marketing. Conhe\u00e7a e Acompanhe o Blog Impacta\",\"potentialAction\":[{\"@type\":\"SearchAction\",\"target\":{\"@type\":\"EntryPoint\",\"urlTemplate\":\"https:\/\/www.impacta.com.br\/blog\/?s={search_term_string}\"},\"query-input\":{\"@type\":\"PropertyValueSpecification\",\"valueRequired\":true,\"valueName\":\"search_term_string\"}}],\"inLanguage\":\"pt-BR\"},{\"@type\":\"Person\",\"@id\":\"https:\/\/www.impacta.com.br\/blog\/#\/schema\/person\/3882324164f9237ab7e8d7ac28ecfe79\",\"name\":\"Reda\u00e7\u00e3o Impacta\",\"image\":{\"@type\":\"ImageObject\",\"inLanguage\":\"pt-BR\",\"@id\":\"https:\/\/www.impacta.com.br\/blog\/#\/schema\/person\/image\/\",\"url\":\"https:\/\/secure.gravatar.com\/avatar\/2532096eed25696c0e117e2cbb2f2e7c?s=96&d=mm&r=g\",\"contentUrl\":\"https:\/\/secure.gravatar.com\/avatar\/2532096eed25696c0e117e2cbb2f2e7c?s=96&d=mm&r=g\",\"caption\":\"Reda\u00e7\u00e3o Impacta\"},\"url\":\"https:\/\/www.impacta.com.br\/blog\/author\/redacao_impacta\/\"}]}<\/script>\r\n<!-- \/ Yoast SEO plugin. -->","yoast_head_json":{"title":"Power BI no Mundo Corporativo Atual - Live com Caio Ludovice","description":"Assista ao V\u00eddeo: Power BI no Mundo Corporativo Atual, Com Caio Ludovice! Saiba o que as Empresas Procuram e Esperam da Ferramenta da Microsoft.","robots":{"index":"index","follow":"follow","max-snippet":"max-snippet:-1","max-image-preview":"max-image-preview:large","max-video-preview":"max-video-preview:-1"},"canonical":"https:\/\/www.impacta.com.br\/blog\/power-bi-no-mundo-corporativo-atual\/","og_locale":"pt_BR","og_type":"article","og_title":"Power BI no Mundo Corporativo Atual - Live com Caio Ludovice","og_description":"Assista ao V\u00eddeo: Power BI no Mundo Corporativo Atual, Com Caio Ludovice! Saiba o que as Empresas Procuram e Esperam da Ferramenta da Microsoft.","og_url":"https:\/\/www.impacta.com.br\/blog\/power-bi-no-mundo-corporativo-atual\/","og_site_name":"Blog Impacta - Dicas e Not\u00edcias sobre Carreira","article_published_time":"2020-11-06T11:00:45+00:00","og_image":[{"width":850,"height":284,"url":"https:\/\/www.impacta.com.br\/blog\/wp-content\/uploads\/2020\/04\/header_governanca_em_TI-1.jpg","type":"image\/jpeg"}],"author":"Reda\u00e7\u00e3o Impacta","twitter_card":"summary_large_image","twitter_misc":{"Written by":"Reda\u00e7\u00e3o Impacta","Est. reading time":"1 minuto"},"schema":{"@context":"https:\/\/schema.org","@graph":[{"@type":"WebPage","@id":"https:\/\/www.impacta.com.br\/blog\/power-bi-no-mundo-corporativo-atual\/","url":"https:\/\/www.impacta.com.br\/blog\/power-bi-no-mundo-corporativo-atual\/","name":"Power BI no Mundo Corporativo Atual - Live com Caio Ludovice","isPartOf":{"@id":"https:\/\/www.impacta.com.br\/blog\/#website"},"primaryImageOfPage":{"@id":"https:\/\/www.impacta.com.br\/blog\/power-bi-no-mundo-corporativo-atual\/#primaryimage"},"image":{"@id":"https:\/\/www.impacta.com.br\/blog\/power-bi-no-mundo-corporativo-atual\/#primaryimage"},"thumbnailUrl":"https:\/\/www.impacta.com.br\/blog\/wp-content\/uploads\/2020\/04\/header_governanca_em_TI-1.jpg","datePublished":"2020-11-06T11:00:45+00:00","author":{"@id":"https:\/\/www.impacta.com.br\/blog\/#\/schema\/person\/3882324164f9237ab7e8d7ac28ecfe79"},"description":"Assista ao V\u00eddeo: Power BI no Mundo Corporativo Atual, Com Caio Ludovice! Saiba o que as Empresas Procuram e Esperam da Ferramenta da Microsoft.","breadcrumb":{"@id":"https:\/\/www.impacta.com.br\/blog\/power-bi-no-mundo-corporativo-atual\/#breadcrumb"},"inLanguage":"pt-BR","potentialAction":[{"@type":"ReadAction","target":["https:\/\/www.impacta.com.br\/blog\/power-bi-no-mundo-corporativo-atual\/"]}]},{"@type":"ImageObject","inLanguage":"pt-BR","@id":"https:\/\/www.impacta.com.br\/blog\/power-bi-no-mundo-corporativo-atual\/#primaryimage","url":"https:\/\/www.impacta.com.br\/blog\/wp-content\/uploads\/2020\/04\/header_governanca_em_TI-1.jpg","contentUrl":"https:\/\/www.impacta.com.br\/blog\/wp-content\/uploads\/2020\/04\/header_governanca_em_TI-1.jpg","width":850,"height":284},{"@type":"BreadcrumbList","@id":"https:\/\/www.impacta.com.br\/blog\/power-bi-no-mundo-corporativo-atual\/#breadcrumb","itemListElement":[{"@type":"ListItem","position":1,"name":"In\u00edcio","item":"https:\/\/www.impacta.com.br\/blog\/"},{"@type":"ListItem","position":2,"name":"Power BI no Mundo Corporativo Atual &#8211; Live com Caio Ludovice"}]},{"@type":"WebSite","@id":"https:\/\/www.impacta.com.br\/blog\/#website","url":"https:\/\/www.impacta.com.br\/blog\/","name":"Blog Impacta - Dicas e Not\u00edcias sobre Carreira","description":"Dicas, Not\u00edcias e Conte\u00fados sobre Carreira, Tecnologia, Design, Gest\u00e3o e Marketing. Conhe\u00e7a e Acompanhe o Blog Impacta","potentialAction":[{"@type":"SearchAction","target":{"@type":"EntryPoint","urlTemplate":"https:\/\/www.impacta.com.br\/blog\/?s={search_term_string}"},"query-input":{"@type":"PropertyValueSpecification","valueRequired":true,"valueName":"search_term_string"}}],"inLanguage":"pt-BR"},{"@type":"Person","@id":"https:\/\/www.impacta.com.br\/blog\/#\/schema\/person\/3882324164f9237ab7e8d7ac28ecfe79","name":"Reda\u00e7\u00e3o Impacta","image":{"@type":"ImageObject","inLanguage":"pt-BR","@id":"https:\/\/www.impacta.com.br\/blog\/#\/schema\/person\/image\/","url":"https:\/\/secure.gravatar.com\/avatar\/2532096eed25696c0e117e2cbb2f2e7c?s=96&d=mm&r=g","contentUrl":"https:\/\/secure.gravatar.com\/avatar\/2532096eed25696c0e117e2cbb2f2e7c?s=96&d=mm&r=g","caption":"Reda\u00e7\u00e3o Impacta"},"url":"https:\/\/www.impacta.com.br\/blog\/author\/redacao_impacta\/"}]}},"acf":{"post_description":null,"capa_mobile":null},"_links":{"self":[{"href":"https:\/\/www.impacta.com.br\/blog\/wp-json\/wp\/v2\/posts\/18577","targetHints":{"allow":["GET"]}}],"collection":[{"href":"https:\/\/www.impacta.com.br\/blog\/wp-json\/wp\/v2\/posts"}],"about":[{"href":"https:\/\/www.impacta.com.br\/blog\/wp-json\/wp\/v2\/types\/post"}],"author":[{"embeddable":true,"href":"https:\/\/www.impacta.com.br\/blog\/wp-json\/wp\/v2\/users\/23"}],"replies":[{"embeddable":true,"href":"https:\/\/www.impacta.com.br\/blog\/wp-json\/wp\/v2\/comments?post=18577"}],"version-history":[{"count":0,"href":"https:\/\/www.impacta.com.br\/blog\/wp-json\/wp\/v2\/posts\/18577\/revisions"}],"wp:featuredmedia":[{"embeddable":true,"href":"https:\/\/www.impacta.com.br\/blog\/wp-json\/wp\/v2\/media\/17465"}],"wp:attachment":[{"href":"https:\/\/www.impacta.com.br\/blog\/wp-json\/wp\/v2\/media?parent=18577"}],"wp:term":[{"taxonomy":"category","embeddable":true,"href":"https:\/\/www.impacta.com.br\/blog\/wp-json\/wp\/v2\/categories?post=18577"},{"taxonomy":"post_tag","embeddable":true,"href":"https:\/\/www.impacta.com.br\/blog\/wp-json\/wp\/v2\/tags?post=18577"}],"curies":[{"name":"wp","href":"https:\/\/api.w.org\/{rel}","templated":true}]}}