{"id":18568,"date":"2023-02-06T08:00:00","date_gmt":"2023-02-06T11:00:00","guid":{"rendered":"https:\/\/www.impacta.com.br\/blog\/?p=17389"},"modified":"2023-11-01T12:52:28","modified_gmt":"2023-11-01T15:52:28","slug":"formacao-analista-de-dados-em-2023-por-que-investir-na-profissao-ainda-esse-ano","status":"publish","type":"post","link":"https:\/\/www.impacta.com.br\/blog\/formacao-analista-de-dados-em-2023-por-que-investir-na-profissao-ainda-esse-ano\/","title":{"rendered":"Forma\u00e7\u00e3o Analista de Dados em 2023: por que investir na profiss\u00e3o ainda esse ano?"},"content":{"rendered":"\n<p><span style=\"font-size: 14pt;\">Em tempos de &#8220;empresas&nbsp;<a title=\"Data Driven: como me tornar um profissional orientado por dados?\" href=\"https:\/\/www.impacta.com.br\/blog\/2020\/02\/03\/data-driven-como-me-tornar-um-profissional-orientado-por-dados\/\" target=\"_blank\" rel=\"noopener noreferrer\">Data Driven<\/a>&#8221;&nbsp; e &#8220;<a title=\"Quem s\u00e3o os profissionais que trabalham com dados?\" href=\"https:\/\/www.impacta.com.br\/blog\/2020\/09\/21\/quem-sao-profissionais-trabalham-com-dados\/\" target=\"_blank\" rel=\"noopener noreferrer\">Profissionais Orientados por Dados<\/a>&#8220;, um dos cargos mais procurados no mercado, sem d\u00favidas, \u00e9 o do Analista de Dados.<\/span><\/p>\n\n\n\n<p>Temos que levar em conta que, ultimamente est\u00e3o acontecendo muitas demiss\u00f5es em todas as partes do mundo, de empresas de tecnologia de grande a baixa escala.<\/p>\n\n\n\n<p>Sem tempo para ler? Clique no play abaixo para ouvir o conte\u00fado!<\/p>\n\n\n\n<iframe loading=\"lazy\" width=\"100%\" height=\"83\" scrolling=\"no\" src=\"https:\/\/go.vooozer.com\/embed\/03830a46\" frameborder=\"0\" title=\"Narra\u00e7\u00e3o humana do artigo\" style=\"height: 83px !important;\" allowfullscreen><\/iframe>\n\n\n\n<p><span style=\"font-size: 14pt;\">Contudo, o analista de dados continua sendo muito importante para as empresas, visto que \u00e9 respons\u00e1vel por realizar a coleta, compilar e interpretar as informa\u00e7\u00f5es dispon\u00edveis para obter insights que possam direcionar a tomada de decis\u00f5es em um neg\u00f3cio. <\/span><\/p>\n\n\n\n<p><span style=\"font-size: 14pt;\">Podendo estar focado em determinada \u00e1rea ou departamento da empresa, o profissional ter\u00e1 o objetivo de monitorar processos e detectar poss\u00edveis altera\u00e7\u00f5es ou situa\u00e7\u00f5es que&nbsp;demandam a\u00e7\u00f5es.<\/span><\/p>\n\n\n\n<p><span style=\"font-size: 18.6667px;\">Al\u00e9m de que, uma fun\u00e7\u00e3o para a qual \u00e9 poss\u00edvel fazer a transi\u00e7\u00e3o para ter uma vantagem neste momento tumultuado,&nbsp; \u00e9 a fun\u00e7\u00e3o <strong>Engenharia Anal\u00edtica<\/strong>.<\/span><\/p>\n\n\n\n<p>Acompanhe a leitura do artigo a seguir e saiba como entrar na \u00e1rea dados e aproveitar a forma\u00e7\u00e3o para expandir as possibilidades no mercado!<\/p>\n\n\n\n<h2 class=\"wp-block-heading\">O que faz um Engenheiro Anal\u00edtico?<\/h2>\n\n\n\n<div class=\"wp-block-image\"><figure class=\"aligncenter\"><img loading=\"lazy\" decoding=\"async\" width=\"600\" height=\"600\" src=\"https:\/\/www.impacta.com.br\/blog\/wp-content\/uploads\/2020\/10\/Profissao-analista-de-dados-saiba-mais-600x600.jpg\" alt=\"\" class=\"wp-image-20414\" srcset=\"https:\/\/www.impacta.com.br\/blog\/wp-content\/uploads\/2020\/10\/Profissao-analista-de-dados-saiba-mais-600x600.jpg 600w, https:\/\/www.impacta.com.br\/blog\/wp-content\/uploads\/2020\/10\/Profissao-analista-de-dados-saiba-mais-800x800.jpg 800w, https:\/\/www.impacta.com.br\/blog\/wp-content\/uploads\/2020\/10\/Profissao-analista-de-dados-saiba-mais-768x768.jpg 768w, https:\/\/www.impacta.com.br\/blog\/wp-content\/uploads\/2020\/10\/Profissao-analista-de-dados-saiba-mais.jpg 1080w\" sizes=\"auto, (max-width: 600px) 100vw, 600px\" \/><\/figure><\/div>\n\n\n\n<p class=\"pw-post-body-paragraph ix iy gw iz b ja jb hx jc jd je ia jf jg jh ji jj jk jl jm jn jo jp jq jr js gp bi\" id=\"ef52\">O engenheiro anal\u00edtico atua como a ponte entre engenheiros de dados e analistas de dados. Algumas de suas fun\u00e7\u00f5es s\u00e3o:<\/p>\n\n\n\n<ul class=\"wp-block-list\"><li id=\"d807\" class=\"ky kz gw iz b ja jb jd je jg la jk lb jo lc js ld le lf lg bi\" data-selectable-paragraph=\"\">Construir conjuntos de&nbsp;<strong class=\"iz gx\">dados atualizados <\/strong>para que os outros setores da empresa possam us\u00e1-los para responder suas d\u00favidas.<\/li><li id=\"de7c\" class=\"ky kz gw iz b ja lh jd li jg lj jk lk jo ll js ld le lf lg bi\" data-selectable-paragraph=\"\">Aplicar <strong class=\"iz gx\">as melhores pr\u00e1ticas de engenharia de software<\/strong>&nbsp;em seus modelos de dados, como controle de vers\u00e3o e CI\/CD.<\/li><li id=\"8e3d\" class=\"ky kz gw iz b ja lh jd li jg lj jk lk jo ll js ld le lf lg bi\" data-selectable-paragraph=\"\">Atuar como&nbsp;<strong class=\"iz gx\">facilitadores<\/strong>&nbsp;entre as equipes de neg\u00f3cios e t\u00e9cnicas e&nbsp;<strong class=\"iz gx\">traduzir as necessidades estrat\u00e9gicas de neg\u00f3cios<\/strong>&nbsp;em modelos de dados e visualiza\u00e7\u00f5es de dados.<\/li><\/ul>\n\n\n\n<p><span style=\"font-size: 14pt;\"><strong>O que faz um Analista de Dados?<\/strong><\/span><\/p>\n\n\n\n<p>O Analista de Dados \u00e9 o respons\u00e1vel pela seguran\u00e7a dos dados de uma organiza\u00e7\u00e3o, para que as partes interessadas possam entend\u00ea-los e us\u00e1-los para tomar decis\u00f5es estrat\u00e9gicas de neg\u00f3cios.<\/p>\n\n\n\n<p>\u00c9 uma fun\u00e7\u00e3o t\u00e9cnica mas que requer uma vis\u00e3o de neg\u00f3cio para ajudar os tomadores de decis\u00e3o a compreenderem os resultados das an\u00e1lises.<span style=\"font-size: 14pt;\"> Algumas caracter\u00edsticas e habilidades se destacam:<\/span><\/p>\n\n\n\n<ul class=\"wp-block-list\"><li><span style=\"font-size: 14pt;\"><strong>Racioc\u00ednio l\u00f3gico&nbsp;e interpreta\u00e7\u00e3o<\/strong>:<\/span><br><span style=\"font-size: 14pt;\"> O analista de dados precisa ter capacidade anal\u00edtica apurada, o que depende do pensamento l\u00f3gico. Conhecer essas bases&nbsp;e ter a chamada <a title=\"Alfabetiza\u00e7\u00e3o de Dados: o que \u00e9 e por que \u00e9 t\u00e3o importante aos profissionais do futuro?\" href=\"https:\/\/www.impacta.com.br\/blog\/2020\/09\/07\/alfabetizacao-de-dados-o-que-e\/\" target=\"_blank\" rel=\"noopener noreferrer\">alfabetiza\u00e7\u00e3o em dados <\/a>para saber interpret\u00e1-los corretamente \u00e9 essencial.<\/span><\/li><li><span style=\"font-size: 14pt;\"><strong>Conhecimento em linguagens de programa\u00e7\u00e3o<\/strong>:<\/span><br><span style=\"font-size: 14pt;\"> esses profissionais&nbsp;precisam conhecer ao menos um b\u00e1sico&nbsp;de l\u00f3gica e linguagens de programa\u00e7\u00e3o, o que&nbsp;pode variar de acordo com a \u00e1rea ou tecnologia utilizada nas empresas.<\/span><\/li><li><span style=\"font-size: 14pt;\"><strong>Banco de dados<\/strong>:<\/span><br><span style=\"font-size: 14pt;\"> dominar ao menos um tipo de banco de dados \u00e9 um conhecimento essencial para o analista de dados. No mercado, o SQL (Structured Query Language)<\/span><\/li><\/ul>\n\n\n\n<p><span style=\"font-size: 14pt;\">Veja como come\u00e7ar sua Trilha:<\/span><\/p>\n\n\n\n<h3 class=\"wp-block-heading\"><span style=\"font-size: 14pt;\"><strong>Excel: do b\u00e1sico ao avan\u00e7ado<\/strong><\/span><\/h3>\n\n\n\n<p><span style=\"font-size: 14pt;\">O Excel \u00e9 uma das ferramentas mais utilizadas no mercado de trabalho e na \u00e1rea de An\u00e1lise de Dados tamb\u00e9m. <\/span><\/p>\n\n\n\n<p><span style=\"font-size: 14pt;\">Conhecendo os recursos b\u00e1sicos e avan\u00e7ados, as planilhas s\u00e3o grande aliadas no trabalho desse profissional, sendo capaz de organizar os dados com controle e agilidade.<\/span><\/p>\n\n\n\n<p><span style=\"font-size: 14pt;\">Para isso, \u00e9 indicado fazer um <a href=\"https:\/\/impacta.com.br\/curso\/Excel-2019-Modulo-I.php\" target=\"_blank\" rel=\"noopener noreferrer\"><strong>Curso de Excel 1<\/strong><\/a> e <strong><a href=\"https:\/\/impacta.com.br\/curso\/Excel-2019-Modulo-II.php\" target=\"_blank\" rel=\"noopener noreferrer\">Curso de Excel 2<\/a><\/strong>, garantindo assim a capacidade de&nbsp;importa\u00e7\u00e3o de dados, fun\u00e7\u00f5es,&nbsp;cria\u00e7\u00e3o de&nbsp;macros e formul\u00e1rios personalizados.<\/span><\/p>\n\n\n\n<h3 class=\"wp-block-heading\"><strong><span style=\"font-size: 14pt;\">L\u00f3gica de Programa\u00e7\u00e3o<\/span><\/strong><\/h3>\n\n\n\n<p><span style=\"font-size: 14pt;\">Com um <a href=\"https:\/\/impacta.com.br\/curso\/Introducao-a-Logica-de-Programacao.php\" target=\"_blank\" rel=\"noopener noreferrer\">Curso de Introdu\u00e7\u00e3o \u00e0 L\u00f3gica de Programa\u00e7\u00e3o<\/a>, o profissional vai desenvolver&nbsp;o racioc\u00ednio l\u00f3gico, habilidade fundamental para a \u00e1rea. <\/span><\/p>\n\n\n\n<p><span style=\"font-size: 14pt;\">E ainda conhece os princ\u00edpios b\u00e1sicos de desenvolvimento como <strong>algoritmos<\/strong>, <strong>sistemas de numera\u00e7\u00e3o, vari\u00e1veis<\/strong>, que v\u00e3o permitir a sua compreens\u00e3o de linguagens de programa\u00e7\u00e3o importantes para a \u00e1rea, como <a title=\"Python: melhor linguagem para Machine Learning. Entenda!\" href=\"https:\/\/www.impacta.com.br\/blog\/2020\/04\/06\/python-melhor-linguagem-para-machine-learning-entenda\/\" target=\"_blank\" rel=\"noopener noreferrer\">Python<\/a>.<\/span><\/p>\n\n\n\n<h3 class=\"wp-block-heading\"><span style=\"font-size: 14pt;\"><strong>Banco de Dados SQL<\/strong><\/span><\/h3>\n\n\n\n<p><span style=\"font-size: 14pt;\">Como falamos acima, saber trabalhar com banco de dados \u00e9 fundamental para se tornar um Analista de Dados. <\/span><\/p>\n\n\n\n<p><span style=\"font-size: 14pt;\">H\u00e1 diversos tipos, mas nesse mercado, sem d\u00favidas que quem se destaca entra op\u00e7\u00f5es relacionais \u00e9 a&nbsp;linguagem <a href=\"https:\/\/impacta.com.br\/curso\/SQL-2019-Modulo-I.php\" target=\"_blank\" rel=\"noopener noreferrer\">SQL<\/a>.<\/span><\/p>\n\n\n\n<p><span style=\"font-size: 14pt;\">Por isso,&nbsp;conhecer os recursos com objetos, cl\u00e1usulas, tipos de relacionamento, integridade e consist\u00eancia de dados pode ser um diferencial no curr\u00edculo. &nbsp;<\/span><\/p>\n\n\n\n<p><strong><span style=\"font-size: 14pt;\">Power BI<\/span><\/strong><\/p>\n\n\n\n<p><span style=\"font-size: 14pt;\">Se tem uma ferramenta que cresce conforme a expans\u00e3o da an\u00e1lise de dados no mercado \u00e9 o Power BI! <\/span><\/p>\n\n\n\n<p><span style=\"font-size: 14pt;\">Conhecer o programa da Microsoft&nbsp;\u00e9 ideal a todos que pretendem&nbsp;atuar com Business Intelligence (BI), dominando&nbsp;ferramentas de ETL (Power Query Editor), modelagem de dados (Power Pivot) e a cria\u00e7\u00e3o de relat\u00f3rios.<\/span><\/p>\n\n\n\n<p><span style=\"font-size: 14pt;\">Com um&nbsp;<a href=\"https:\/\/impacta.com.br\/curso\/Power-BI-2019.php\" target=\"_blank\" rel=\"noopener noreferrer\"><strong>treinamento em Power BI<\/strong><\/a>,&nbsp;o aluno t\u00e9cnicas e pr\u00e1ticas para gerar e manipular rapidamente relat\u00f3rios avan\u00e7ados e interligados, com rapidez e liberdade. <\/span><\/p>\n\n\n\n<p><span style=\"font-size: 14pt;\">Sem falar que ter um certificado na ferramenta com certeza vai chamar a aten\u00e7\u00e3o de recrutadores!<\/span><\/p>\n\n\n\n<p><strong><span style=\"font-size: 14pt;\">Est\u00e1 esperando o que para se tornar um Analista de Dados em 2023? <\/span><\/strong><\/p>\n\n\n\n<p><span style=\"font-size: 14pt;\">Venha conversar com os Consultores Educacionais da Impacta que eles v\u00e3o te apresentar tudo para voc\u00ea j\u00e1 come\u00e7ar a estudar: <a href=\"https:\/\/api.whatsapp.com\/send?phone=5511976216187\" target=\"_blank\" rel=\"noopener noreferrer\"><strong>FALE AGORA NO WHATSAPP<\/strong><\/a><\/span><\/p>\n<div class=\"sharing-default-minimal post-bottom\"><div class=\"nectar-social default\" data-position=\"\" data-rm-love=\"0\" data-color-override=\"override\"><div class=\"nectar-social-inner\"><a href=\"#\" class=\"nectar-love\" id=\"nectar-love-18568\" title=\"Love this\"> <i class=\"icon-salient-heart-2\"><\/i><span class=\"love-text\">Love<\/span><span class=\"total_loves\"><span class=\"nectar-love-count\">0<\/span><\/span><\/a><a class='facebook-share nectar-sharing' href='#' title='Share this'> <i class='fa fa-facebook'><\/i> <span class='social-text'>Share<\/span> <\/a><a class='twitter-share nectar-sharing' href='#' title='Share this'> <i class='fa icon-salient-x-twitter'><\/i> <span class='social-text'>Share<\/span> <\/a><a class='linkedin-share nectar-sharing' href='#' title='Share this'> <i class='fa fa-linkedin'><\/i> <span class='social-text'>Share<\/span> <\/a><a class='pinterest-share nectar-sharing' href='#' title='Pin this'> <i class='fa fa-pinterest'><\/i> <span class='social-text'>Pin<\/span> <\/a><\/div><\/div><\/div>","protected":false},"excerpt":{"rendered":"<p>Em tempos de &#8220;empresas&nbsp;Data Driven&#8221;&nbsp; e &#8220;Profissionais Orientados por Dados&#8220;, um dos cargos mais procurados no mercado, sem d\u00favidas, \u00e9 o do Analista de Dados. Temos que levar em conta que, ultimamente est\u00e3o acontecendo muitas demiss\u00f5es em todas as partes do mundo, de empresas de tecnologia de grande a baixa escala. Sem tempo para ler? [&hellip;]<\/p>\n","protected":false},"author":23,"featured_media":20426,"comment_status":"open","ping_status":"closed","sticky":false,"template":"","format":"standard","meta":{"footnotes":""},"categories":[13,3],"tags":[165,1214,1348,1349],"class_list":["post-18568","post","type-post","status-publish","format-standard","has-post-thumbnail","hentry","category-carreira","category-tecnologia","tag-analise-de-dados","tag-analista-de-dados","tag-formacao-analise-de-dados","tag-formacao-analista-de-dados"],"yoast_head":"<!-- This site is optimized with the Yoast SEO plugin v25.1 - https:\/\/yoast.com\/wordpress\/plugins\/seo\/ -->\r\n<title>Forma\u00e7\u00e3o Analista de Dados: o que e como aprender?<\/title>\r\n<meta name=\"description\" content=\"O Analista de Dados \u00e9 um dos Cargos que mais Crescem no Mercado. Mas o que \u00e9 Preciso Aprender para ser esse Profissional? Confira no artigo!\" \/>\r\n<meta name=\"robots\" content=\"index, follow, max-snippet:-1, max-image-preview:large, max-video-preview:-1\" \/>\r\n<link rel=\"canonical\" href=\"https:\/\/www.impacta.com.br\/blog\/formacao-analista-de-dados-em-2023-por-que-investir-na-profissao-ainda-esse-ano\/\" \/>\r\n<meta property=\"og:locale\" content=\"pt_BR\" \/>\r\n<meta property=\"og:type\" content=\"article\" \/>\r\n<meta property=\"og:title\" content=\"Forma\u00e7\u00e3o Analista de Dados: o que e como aprender?\" \/>\r\n<meta property=\"og:description\" content=\"O Analista de Dados \u00e9 um dos Cargos que mais Crescem no Mercado. Mas o que \u00e9 Preciso Aprender para ser esse Profissional? Confira no artigo!\" \/>\r\n<meta property=\"og:url\" content=\"https:\/\/www.impacta.com.br\/blog\/formacao-analista-de-dados-em-2023-por-que-investir-na-profissao-ainda-esse-ano\/\" \/>\r\n<meta property=\"og:site_name\" content=\"Blog Impacta - Dicas e Not\u00edcias sobre Carreira\" \/>\r\n<meta property=\"article:published_time\" content=\"2023-02-06T11:00:00+00:00\" \/>\r\n<meta property=\"article:modified_time\" content=\"2023-11-01T15:52:28+00:00\" \/>\r\n<meta property=\"og:image\" content=\"https:\/\/www.impacta.com.br\/blog\/wp-content\/uploads\/2023\/02\/Formacao-Analista-de-Dados-em-2023-por-que-investir-na-profissao-ainda-esse-ano.png\" \/>\r\n\t<meta property=\"og:image:width\" content=\"700\" \/>\r\n\t<meta property=\"og:image:height\" content=\"368\" \/>\r\n\t<meta property=\"og:image:type\" content=\"image\/png\" \/>\r\n<meta name=\"author\" content=\"Reda\u00e7\u00e3o Impacta\" \/>\r\n<meta name=\"twitter:card\" content=\"summary_large_image\" \/>\r\n<meta name=\"twitter:label1\" content=\"Written by\" \/>\n\t<meta name=\"twitter:data1\" content=\"Reda\u00e7\u00e3o Impacta\" \/>\n\t<meta name=\"twitter:label2\" content=\"Est. reading time\" \/>\n\t<meta name=\"twitter:data2\" content=\"4 minutos\" \/>\r\n<script type=\"application\/ld+json\" class=\"yoast-schema-graph\">{\"@context\":\"https:\/\/schema.org\",\"@graph\":[{\"@type\":\"WebPage\",\"@id\":\"https:\/\/www.impacta.com.br\/blog\/formacao-analista-de-dados-em-2023-por-que-investir-na-profissao-ainda-esse-ano\/\",\"url\":\"https:\/\/www.impacta.com.br\/blog\/formacao-analista-de-dados-em-2023-por-que-investir-na-profissao-ainda-esse-ano\/\",\"name\":\"Forma\u00e7\u00e3o Analista de Dados: o que e como aprender?\",\"isPartOf\":{\"@id\":\"https:\/\/www.impacta.com.br\/blog\/#website\"},\"primaryImageOfPage\":{\"@id\":\"https:\/\/www.impacta.com.br\/blog\/formacao-analista-de-dados-em-2023-por-que-investir-na-profissao-ainda-esse-ano\/#primaryimage\"},\"image\":{\"@id\":\"https:\/\/www.impacta.com.br\/blog\/formacao-analista-de-dados-em-2023-por-que-investir-na-profissao-ainda-esse-ano\/#primaryimage\"},\"thumbnailUrl\":\"https:\/\/www.impacta.com.br\/blog\/wp-content\/uploads\/2023\/02\/Formacao-Analista-de-Dados-em-2023-por-que-investir-na-profissao-ainda-esse-ano.png\",\"datePublished\":\"2023-02-06T11:00:00+00:00\",\"dateModified\":\"2023-11-01T15:52:28+00:00\",\"author\":{\"@id\":\"https:\/\/www.impacta.com.br\/blog\/#\/schema\/person\/3882324164f9237ab7e8d7ac28ecfe79\"},\"description\":\"O Analista de Dados \u00e9 um dos Cargos que mais Crescem no Mercado. Mas o que \u00e9 Preciso Aprender para ser esse Profissional? Confira no artigo!\",\"breadcrumb\":{\"@id\":\"https:\/\/www.impacta.com.br\/blog\/formacao-analista-de-dados-em-2023-por-que-investir-na-profissao-ainda-esse-ano\/#breadcrumb\"},\"inLanguage\":\"pt-BR\",\"potentialAction\":[{\"@type\":\"ReadAction\",\"target\":[\"https:\/\/www.impacta.com.br\/blog\/formacao-analista-de-dados-em-2023-por-que-investir-na-profissao-ainda-esse-ano\/\"]}]},{\"@type\":\"ImageObject\",\"inLanguage\":\"pt-BR\",\"@id\":\"https:\/\/www.impacta.com.br\/blog\/formacao-analista-de-dados-em-2023-por-que-investir-na-profissao-ainda-esse-ano\/#primaryimage\",\"url\":\"https:\/\/www.impacta.com.br\/blog\/wp-content\/uploads\/2023\/02\/Formacao-Analista-de-Dados-em-2023-por-que-investir-na-profissao-ainda-esse-ano.png\",\"contentUrl\":\"https:\/\/www.impacta.com.br\/blog\/wp-content\/uploads\/2023\/02\/Formacao-Analista-de-Dados-em-2023-por-que-investir-na-profissao-ainda-esse-ano.png\",\"width\":700,\"height\":368,\"caption\":\"Forma\u00e7\u00e3o Analista de Dados em 2023 por que investir na profiss\u00e3o ainda esse ano\"},{\"@type\":\"BreadcrumbList\",\"@id\":\"https:\/\/www.impacta.com.br\/blog\/formacao-analista-de-dados-em-2023-por-que-investir-na-profissao-ainda-esse-ano\/#breadcrumb\",\"itemListElement\":[{\"@type\":\"ListItem\",\"position\":1,\"name\":\"In\u00edcio\",\"item\":\"https:\/\/www.impacta.com.br\/blog\/\"},{\"@type\":\"ListItem\",\"position\":2,\"name\":\"Forma\u00e7\u00e3o Analista de Dados em 2023: por que investir na profiss\u00e3o ainda esse ano?\"}]},{\"@type\":\"WebSite\",\"@id\":\"https:\/\/www.impacta.com.br\/blog\/#website\",\"url\":\"https:\/\/www.impacta.com.br\/blog\/\",\"name\":\"Blog Impacta - Dicas e Not\u00edcias sobre Carreira\",\"description\":\"Dicas, Not\u00edcias e Conte\u00fados sobre Carreira, Tecnologia, Design, Gest\u00e3o e Marketing. Conhe\u00e7a e Acompanhe o Blog Impacta\",\"potentialAction\":[{\"@type\":\"SearchAction\",\"target\":{\"@type\":\"EntryPoint\",\"urlTemplate\":\"https:\/\/www.impacta.com.br\/blog\/?s={search_term_string}\"},\"query-input\":{\"@type\":\"PropertyValueSpecification\",\"valueRequired\":true,\"valueName\":\"search_term_string\"}}],\"inLanguage\":\"pt-BR\"},{\"@type\":\"Person\",\"@id\":\"https:\/\/www.impacta.com.br\/blog\/#\/schema\/person\/3882324164f9237ab7e8d7ac28ecfe79\",\"name\":\"Reda\u00e7\u00e3o Impacta\",\"image\":{\"@type\":\"ImageObject\",\"inLanguage\":\"pt-BR\",\"@id\":\"https:\/\/www.impacta.com.br\/blog\/#\/schema\/person\/image\/\",\"url\":\"https:\/\/secure.gravatar.com\/avatar\/2532096eed25696c0e117e2cbb2f2e7c?s=96&d=mm&r=g\",\"contentUrl\":\"https:\/\/secure.gravatar.com\/avatar\/2532096eed25696c0e117e2cbb2f2e7c?s=96&d=mm&r=g\",\"caption\":\"Reda\u00e7\u00e3o Impacta\"},\"url\":\"https:\/\/www.impacta.com.br\/blog\/author\/redacao_impacta\/\"}]}<\/script>\r\n<!-- \/ Yoast SEO plugin. -->","yoast_head_json":{"title":"Forma\u00e7\u00e3o Analista de Dados: o que e como aprender?","description":"O Analista de Dados \u00e9 um dos Cargos que mais Crescem no Mercado. Mas o que \u00e9 Preciso Aprender para ser esse Profissional? Confira no artigo!","robots":{"index":"index","follow":"follow","max-snippet":"max-snippet:-1","max-image-preview":"max-image-preview:large","max-video-preview":"max-video-preview:-1"},"canonical":"https:\/\/www.impacta.com.br\/blog\/formacao-analista-de-dados-em-2023-por-que-investir-na-profissao-ainda-esse-ano\/","og_locale":"pt_BR","og_type":"article","og_title":"Forma\u00e7\u00e3o Analista de Dados: o que e como aprender?","og_description":"O Analista de Dados \u00e9 um dos Cargos que mais Crescem no Mercado. Mas o que \u00e9 Preciso Aprender para ser esse Profissional? Confira no artigo!","og_url":"https:\/\/www.impacta.com.br\/blog\/formacao-analista-de-dados-em-2023-por-que-investir-na-profissao-ainda-esse-ano\/","og_site_name":"Blog Impacta - Dicas e Not\u00edcias sobre Carreira","article_published_time":"2023-02-06T11:00:00+00:00","article_modified_time":"2023-11-01T15:52:28+00:00","og_image":[{"width":700,"height":368,"url":"https:\/\/www.impacta.com.br\/blog\/wp-content\/uploads\/2023\/02\/Formacao-Analista-de-Dados-em-2023-por-que-investir-na-profissao-ainda-esse-ano.png","type":"image\/png"}],"author":"Reda\u00e7\u00e3o Impacta","twitter_card":"summary_large_image","twitter_misc":{"Written by":"Reda\u00e7\u00e3o Impacta","Est. reading time":"4 minutos"},"schema":{"@context":"https:\/\/schema.org","@graph":[{"@type":"WebPage","@id":"https:\/\/www.impacta.com.br\/blog\/formacao-analista-de-dados-em-2023-por-que-investir-na-profissao-ainda-esse-ano\/","url":"https:\/\/www.impacta.com.br\/blog\/formacao-analista-de-dados-em-2023-por-que-investir-na-profissao-ainda-esse-ano\/","name":"Forma\u00e7\u00e3o Analista de Dados: o que e como aprender?","isPartOf":{"@id":"https:\/\/www.impacta.com.br\/blog\/#website"},"primaryImageOfPage":{"@id":"https:\/\/www.impacta.com.br\/blog\/formacao-analista-de-dados-em-2023-por-que-investir-na-profissao-ainda-esse-ano\/#primaryimage"},"image":{"@id":"https:\/\/www.impacta.com.br\/blog\/formacao-analista-de-dados-em-2023-por-que-investir-na-profissao-ainda-esse-ano\/#primaryimage"},"thumbnailUrl":"https:\/\/www.impacta.com.br\/blog\/wp-content\/uploads\/2023\/02\/Formacao-Analista-de-Dados-em-2023-por-que-investir-na-profissao-ainda-esse-ano.png","datePublished":"2023-02-06T11:00:00+00:00","dateModified":"2023-11-01T15:52:28+00:00","author":{"@id":"https:\/\/www.impacta.com.br\/blog\/#\/schema\/person\/3882324164f9237ab7e8d7ac28ecfe79"},"description":"O Analista de Dados \u00e9 um dos Cargos que mais Crescem no Mercado. Mas o que \u00e9 Preciso Aprender para ser esse Profissional? Confira no artigo!","breadcrumb":{"@id":"https:\/\/www.impacta.com.br\/blog\/formacao-analista-de-dados-em-2023-por-que-investir-na-profissao-ainda-esse-ano\/#breadcrumb"},"inLanguage":"pt-BR","potentialAction":[{"@type":"ReadAction","target":["https:\/\/www.impacta.com.br\/blog\/formacao-analista-de-dados-em-2023-por-que-investir-na-profissao-ainda-esse-ano\/"]}]},{"@type":"ImageObject","inLanguage":"pt-BR","@id":"https:\/\/www.impacta.com.br\/blog\/formacao-analista-de-dados-em-2023-por-que-investir-na-profissao-ainda-esse-ano\/#primaryimage","url":"https:\/\/www.impacta.com.br\/blog\/wp-content\/uploads\/2023\/02\/Formacao-Analista-de-Dados-em-2023-por-que-investir-na-profissao-ainda-esse-ano.png","contentUrl":"https:\/\/www.impacta.com.br\/blog\/wp-content\/uploads\/2023\/02\/Formacao-Analista-de-Dados-em-2023-por-que-investir-na-profissao-ainda-esse-ano.png","width":700,"height":368,"caption":"Forma\u00e7\u00e3o Analista de Dados em 2023 por que investir na profiss\u00e3o ainda esse ano"},{"@type":"BreadcrumbList","@id":"https:\/\/www.impacta.com.br\/blog\/formacao-analista-de-dados-em-2023-por-que-investir-na-profissao-ainda-esse-ano\/#breadcrumb","itemListElement":[{"@type":"ListItem","position":1,"name":"In\u00edcio","item":"https:\/\/www.impacta.com.br\/blog\/"},{"@type":"ListItem","position":2,"name":"Forma\u00e7\u00e3o Analista de Dados em 2023: por que investir na profiss\u00e3o ainda esse ano?"}]},{"@type":"WebSite","@id":"https:\/\/www.impacta.com.br\/blog\/#website","url":"https:\/\/www.impacta.com.br\/blog\/","name":"Blog Impacta - Dicas e Not\u00edcias sobre Carreira","description":"Dicas, Not\u00edcias e Conte\u00fados sobre Carreira, Tecnologia, Design, Gest\u00e3o e Marketing. Conhe\u00e7a e Acompanhe o Blog Impacta","potentialAction":[{"@type":"SearchAction","target":{"@type":"EntryPoint","urlTemplate":"https:\/\/www.impacta.com.br\/blog\/?s={search_term_string}"},"query-input":{"@type":"PropertyValueSpecification","valueRequired":true,"valueName":"search_term_string"}}],"inLanguage":"pt-BR"},{"@type":"Person","@id":"https:\/\/www.impacta.com.br\/blog\/#\/schema\/person\/3882324164f9237ab7e8d7ac28ecfe79","name":"Reda\u00e7\u00e3o Impacta","image":{"@type":"ImageObject","inLanguage":"pt-BR","@id":"https:\/\/www.impacta.com.br\/blog\/#\/schema\/person\/image\/","url":"https:\/\/secure.gravatar.com\/avatar\/2532096eed25696c0e117e2cbb2f2e7c?s=96&d=mm&r=g","contentUrl":"https:\/\/secure.gravatar.com\/avatar\/2532096eed25696c0e117e2cbb2f2e7c?s=96&d=mm&r=g","caption":"Reda\u00e7\u00e3o Impacta"},"url":"https:\/\/www.impacta.com.br\/blog\/author\/redacao_impacta\/"}]}},"acf":{"post_description":"","capa_mobile":false},"_links":{"self":[{"href":"https:\/\/www.impacta.com.br\/blog\/wp-json\/wp\/v2\/posts\/18568","targetHints":{"allow":["GET"]}}],"collection":[{"href":"https:\/\/www.impacta.com.br\/blog\/wp-json\/wp\/v2\/posts"}],"about":[{"href":"https:\/\/www.impacta.com.br\/blog\/wp-json\/wp\/v2\/types\/post"}],"author":[{"embeddable":true,"href":"https:\/\/www.impacta.com.br\/blog\/wp-json\/wp\/v2\/users\/23"}],"replies":[{"embeddable":true,"href":"https:\/\/www.impacta.com.br\/blog\/wp-json\/wp\/v2\/comments?post=18568"}],"version-history":[{"count":1,"href":"https:\/\/www.impacta.com.br\/blog\/wp-json\/wp\/v2\/posts\/18568\/revisions"}],"predecessor-version":[{"id":20759,"href":"https:\/\/www.impacta.com.br\/blog\/wp-json\/wp\/v2\/posts\/18568\/revisions\/20759"}],"wp:featuredmedia":[{"embeddable":true,"href":"https:\/\/www.impacta.com.br\/blog\/wp-json\/wp\/v2\/media\/20426"}],"wp:attachment":[{"href":"https:\/\/www.impacta.com.br\/blog\/wp-json\/wp\/v2\/media?parent=18568"}],"wp:term":[{"taxonomy":"category","embeddable":true,"href":"https:\/\/www.impacta.com.br\/blog\/wp-json\/wp\/v2\/categories?post=18568"},{"taxonomy":"post_tag","embeddable":true,"href":"https:\/\/www.impacta.com.br\/blog\/wp-json\/wp\/v2\/tags?post=18568"}],"curies":[{"name":"wp","href":"https:\/\/api.w.org\/{rel}","templated":true}]}}