{"id":1815,"date":"2013-01-17T15:41:40","date_gmt":"2013-01-17T18:41:40","guid":{"rendered":"http:\/\/blogimpacta.com.br\/?p=1815"},"modified":"2013-01-17T15:41:40","modified_gmt":"2013-01-17T18:41:40","slug":"fotografia-porque-35mm","status":"publish","type":"post","link":"https:\/\/www.impacta.com.br\/blog\/fotografia-porque-35mm\/","title":{"rendered":"Fotografia: Por que 35mm?"},"content":{"rendered":"<p style=\"text-align: left;\"><span style=\"font-size: 14pt;\">Ol\u00e1 galera! Muitos perguntam por que se deve aprender <strong>fotografia com c\u00e2mera 35mm<\/strong>. \u00a0H\u00e1 muitas respostas. Mas talvez seria melhor entender antes, o que \u00e9 35 mm.<\/span><\/p>\n<p style=\"text-align: left;\"><span style=\"font-size: 14pt;\">\u00c9 importante frisar, antes de mais nada, que o objetivo desse estudo n\u00e3o \u00e9 o de credenciar ou descredenciar qualquer marca ou modelo de c\u00e2mera. Pelo contr\u00e1rio, queremos apenas destacar caracter\u00edsticas positivas e negativas em favor do &#8220;aprender fotografia&#8221;.<\/span><\/p>\n<p style=\"text-align: left;\"><span style=\"font-size: 14pt;\">Em r\u00e1pidas palavras o 35 mm \u00e9 a \u00e1rea \u00fatil dispon\u00edvel para a sensibiliza\u00e7\u00e3o da imagem no filme a cada click.<\/span><\/p>\n<p style=\"text-align: left;\">\n<p style=\"text-align: left;\"><span style=\"font-size: 14pt;\">Observe que as dimens\u00f5es do filme 35mm s\u00e3o de 24&#215;36 mm cuja diagonal \u00e9 35mm.<\/span><\/p>\n<p style=\"text-align: left;\"><span style=\"font-size: 14pt;\">Na c\u00e2mera digital temos simplificadamente:<\/span><\/p>\n<p style=\"text-align: left;\">\n<p style=\"text-align: left;\"><span style=\"font-size: 14pt;\">Ou seja, o sensor digital ocupa a mesma \u00e1rea \u00fatil do filme. Isso em tese pois, h\u00e1 configura\u00e7\u00f5es especiais em que se pode configurar o &#8220;ratio&#8221; para 3:2 ou mesmo 16:9 de propor\u00e7\u00f5es.<\/span><\/p>\n<p style=\"text-align: left;\"><span style=\"font-size: 14pt;\">No entanto, o tamanho deste sensor \u00e9 frequentemente um pouco menor do que o que vimos acima (ao qual chamamos de full frame) e que \u00e9 considerado o tamanho APS-C. Ele \u00e9 um pouco menor do que o full frame e \u00e9 geralmente\u00a0 medido como 1,5 (Nikon, Sony, etc.) vezes menor ou 1,6 (Canon) vezes menor.<\/span><\/p>\n<p style=\"text-align: left;\"><span style=\"font-size: 14pt;\">H\u00e1 implica\u00e7\u00f5es diretas sobre este redimensionamento, o que n\u00e3o \u00e9 bem o objetivo deste pequeno estudo. Mas sim, a diferen\u00e7a entre um sensor full frame de uma 35 mm e o de uma c\u00e2mera compacta, ou mesmo de um celular.<\/span><\/p>\n<p style=\"text-align: left;\"><span style=\"font-size: 14pt;\">O tamanho do sensor \u00e9 muito menor como indica a figura:<\/span><\/p>\n<p style=\"text-align: left;\">\n<p style=\"text-align: left;\"><span style=\"font-size: 14pt;\">Ou seja, entre os v\u00e1rios formatos, o sensor mais ao meio da imagem, \u00e9 tipicamente o sensor de uma compacta e por conta de seu tamanho, <strong>\u00e9 tipicamente um CCD<\/strong>.<\/span><\/p>\n<p style=\"text-align: left;\"><span style=\"font-size: 14pt;\">As implica\u00e7\u00f5es mais diretas s\u00e3o: n\u00e3o permitem explorar, como o 35mm, a profundidade de campo, ou seja, o desfoque utilizado na fotografia para v\u00e1rias finalidades como por exemplo, separar a curtas dist\u00e2ncias,\u00a0 o &#8220;assunto&#8221; principal, do fundo como na imagem:<br \/>\n<\/span><\/p>\n<p style=\"text-align: left;\"><span style=\"font-size: 14pt;\">Observe que a \u00e1rea de nitidez est\u00e1 mais ao rosto feminino e come\u00e7a a ficar menos n\u00edtido mais a frente na blusa e posteriormente no cabelo do rosto masculino.<\/span><\/p>\n<h2 style=\"text-align: left;\"><span style=\"font-size: 14pt;\"><strong>\u00c9 poss\u00edvel obter o mesmo resultado com uma compacta?<\/strong> <\/span><\/h2>\n<p style=\"text-align: left;\"><span style=\"font-size: 14pt;\">N\u00e3o, um pouco se voc\u00ea se afastar bastante do retratado (isso se sua compacta tiver zoom suficiente). Obviamente que isso tamb\u00e9m \u00e9 poss\u00edvel no photoshop, mas voc\u00ea vai precisar entender um pouco mais de lentes para obter esse resultado natural (j\u00e1 que n\u00e3o \u00e9 apenas um gaussian blur) obtido em um simples click com uma 35mm e uma lente de aproximadamente 300 reais fixa 50mm f\/1.8 que bem conservada dura v\u00e1rios anos.<\/span><\/p>\n<p style=\"text-align: left;\"><span style=\"font-size: 14pt;\">Por outro lado, o sensor menor ainda carrega um grande fardo: o ru\u00eddo. Em situa\u00e7\u00e3o de pouca luz, pode estar certo que ele se faz presente e \u00e9 literalmente &#8220;feio&#8221;. Alguns o comparam a granula\u00e7\u00e3o do filme, o que absolutamente n\u00e3o tem nada a ver. Geralmente aparece &#8220;gritante&#8221; nas \u00e1reas mais escuras da imagem e quando clareadas ent\u00e3o, nem se fala. Geralmente algumas c\u00e2meras demoram muito tempo at\u00e9 liberar outro click processando a imagem para diminuir esse ru\u00eddo.<\/span><\/p>\n<h2 style=\"text-align: left;\"><span style=\"font-size: 14pt;\"><strong>Mas principalmente, voltando ao 35 mm, temos outros pontos discut\u00edveis:<\/strong><\/span><\/h2>\n<p style=\"text-align: left;\"><span style=\"font-size: 14pt;\">1- compacta<\/span><\/p>\n<p style=\"text-align: left;\"><span style=\"font-size: 14pt;\">2- compacta com lente e sensor do 35mm<\/span><\/p>\n<p style=\"text-align: left;\"><span style=\"font-size: 14pt;\">3- compacta avan\u00e7ada<\/span><\/p>\n<p style=\"text-align: left;\"><span style=\"font-size: 14pt;\">4- 35mm digital sem a lente<\/span><\/p>\n<h2 style=\"text-align: left;\"><span style=\"font-size: 14pt;\"><strong>O tamanho da c\u00e2mera pode ser visto como vantagem ou como problema:<\/strong><\/span><\/h2>\n<p style=\"text-align: left;\"><span style=\"font-size: 14pt;\">1) Se voc\u00ea procura uma c\u00e2mera com dimens\u00f5es reduzidas, as pequenas compactas s\u00e3o extremamente pr\u00e1ticas e foram projetadas para se adequarem ao bolso. E nisso elas s\u00e3o realmente fant\u00e1sticas pois o mecanismo da lente que ocupa razo\u00e1vel espa\u00e7o, em alguns modelos, tende a se recolher ainda mais e tornar a c\u00e2mera um pequeno &#8220;card&#8221;. <\/span><\/p>\n<p style=\"text-align: left;\"><span style=\"font-size: 14pt;\">Essa praticidade tem um custo: a ergonomia. Geralmente \u00e9 necess\u00e1rio usar as 2 m\u00e3os (na ponta dos dedos) para segurar e fazer um click. J\u00e1 que pode escapar facilmente das m\u00e3os, n\u00e3o \u00e9 incomum deix\u00e1-la cair, instante em que a falta daquela al\u00e7a passada no pulso, \u00e9 o principal fator de uma &#8220;curta durabilidade&#8221;.<\/span><\/p>\n<p style=\"text-align: left;\"><span style=\"font-size: 14pt;\">2) Uma nova tend\u00eancia \u00e9 a de se usar nessas pequenas compactas, a lente e o sensor APS-C da digital 35mm de suas irm\u00e3s maiores. E nisso a sempre criativa fabricante Sony encarou muito bem. <\/span><\/p>\n<p style=\"text-align: left;\"><span style=\"font-size: 14pt;\">Restaura-se a capacidade e a possibilidade de fotografia criativa. Por\u00e9m h\u00e1 um custo discut\u00edvel que \u00e9 o de ocupar mais espa\u00e7o. O compromisso com a praticidade passa a ser fator determinante. Mas o resultado \u00e9 o de um passo adiante na expectativa de se obter belas imagens com poder de criatividade aumentado em favor da possibilidade de se trocar de lente e de se obter resultados diferenciados. <\/span><\/p>\n<p style=\"text-align: left;\"><span style=\"font-size: 14pt;\">A c\u00e2mera passa a ter caracter\u00edsticas de amador avan\u00e7ado. E pode se utilizar dos resultados de um diafragma mais fechado em fun\u00e7\u00e3o de ter um sensor maior que o das compactas comuns que s\u00f3 chegam a diafragma 8. Ou de desfoques naturais causados pelo diafragma mais aberto, brincando com os planos.<\/span><\/p>\n<p style=\"text-align: left;\"><span style=\"font-size: 14pt;\">E ainda pode contar com o foco manual.<\/span><\/p>\n<p style=\"text-align: left;\"><span style=\"font-size: 14pt;\">3) Amador avan\u00e7ado, essas c\u00e2meras geralmente contam com recursos de lente zoom incr\u00edveis. Se voc\u00ea deseja fotografar o Tigre Branco bem de pertinho, andando para l\u00e1 e para c\u00e1 no Zool\u00f3gico, esta \u00e9 uma boa pedida pois h\u00e1 modelos de c\u00e2meras que simulam zoom de 800mm (ou mais). D\u00e1 para fazer um retrato do &#8220;gatinho&#8221;!<\/span><\/p>\n<p style=\"text-align: left;\">\n<p style=\"text-align: left;\"><span style=\"font-size: 14pt;\">Essas c\u00e2meras ainda compactas contam com processadores mais r\u00e1pidos que agilizam o rendimento da fotografia melhorando seu desempenho. Mas geralmente s\u00e3o c\u00e2meras com sensores pequenos e em alguns casos, perdem algum tempo processando a imagem buscando amenizar o ru\u00eddo.\u00a0E geralmente tem uma ergonomia melhor possibilitando fotografar usando-se apenas uma das m\u00e3os. Elas at\u00e9 s\u00e3o parecidas com c\u00e2meras maiores 35mm.<\/span><\/p>\n<p style=\"text-align: left;\"><span style=\"font-size: 14pt;\">4) A c\u00e2mera 35 mm tem, com rela\u00e7\u00e3o as suas irm\u00e3s menores, uma s\u00e9rie de diferen\u00e7as.<\/span><\/p>\n<p style=\"text-align: left;\"><span style=\"font-size: 14pt;\"><strong>Natureza<\/strong><\/span><\/p>\n<p style=\"text-align: left;\"><span style=\"font-size: 14pt;\">A come\u00e7ar pelo tamanho, s\u00e3o maiores e bem mais pesadas. Do ponto de vista da praticidade: pode ser considerada um trambolh\u00e3o. Mas do ponto de vista do aprender fotografia, ela tem um \u00f3timo tamanho. E seu peso d\u00e1 estabilidade.<\/span><\/p>\n<p style=\"text-align: left;\"><span style=\"font-size: 14pt;\">Tem ergonomia para se fotografar at\u00e9 com uma das m\u00e3os. Tem acesso r\u00e1pido (bot\u00f5es) a fun\u00e7\u00f5es cruciais para o ato fotogr\u00e1fico: velocidade e abertura. Conta ainda, dependendo do modelo, com outros bot\u00f5es para acesso r\u00e1pido a escolha de ponto de foco, ISO, informa\u00e7\u00f5es de exposi\u00e7\u00e3o, foco autom\u00e1tico ou manual, modalidade de foco, e uma s\u00e9rie de outros recursos para agilizar a velocidade e intui\u00e7\u00e3o t\u00e9cnica de uma foto.<\/span><\/p>\n<p style=\"text-align: left;\"><span style=\"font-size: 14pt;\">O sistema de troca das lentes. Isso propicia a obten\u00e7\u00e3o de qualquer tipo de fotografia para qual voc\u00ea tem mais prefer\u00eancia ou voca\u00e7\u00e3o. Perto e muito perto, longe e muito longe, grande angular ou super tele, etc.<\/span><\/p>\n<p style=\"text-align: left;\"><span style=\"font-size: 14pt;\">Obviamente \u00e9 mais cara. Possui menos ru\u00eddo que uma compacta. Tem sistema de foco muito r\u00e1pido (algumas compactas tamb\u00e9m tem). Adapta-se a qualquer situa\u00e7\u00e3o de fotografia, inclusive ao est\u00fadio. Basta ligar a c\u00e2mera e em fra\u00e7\u00e3o de segundo ela est\u00e1 pronta para clicar.<\/span><\/p>\n<h2 style=\"text-align: left;\"><span style=\"font-size: 14pt;\"><strong>D\u00ea uma olhada novamente na imagem &#8220;natureza&#8221; anteriormente. Talvez voc\u00ea n\u00e3o tenha notado que:<\/strong><\/span><\/h2>\n<p style=\"text-align: left;\"><span style=\"font-size: 14pt;\">a) o foco est\u00e1 evidenciando um segundo plano. Na c\u00e2mera 35 mm ideal para se aprender fotografia, voc\u00ea pode escolher a qualquer instante onde ser\u00e1 o foco. Com isso h\u00e1 uma flor mais pr\u00f3xima da c\u00e2mera que est\u00e1 em desfoque, uma segunda flor em foco e em terceiro plano, o fundo. <\/span><\/p>\n<p style=\"text-align: left;\"><span style=\"font-size: 14pt;\">Uma c\u00e2mera compacta procura naturalmente o objeto mais pr\u00f3ximo para fazer foco. Muitas vezes \u00e9 preciso engan\u00e1-la para mudar o foco. E ainda, a essa dist\u00e2ncia entre c\u00e2mera e assunto, n\u00e3o ter\u00edamos o mesmo desfoque. A maioria esmagadora de modelos, n\u00e3o tem foco manual. E quando tem n\u00e3o \u00e9 pratico pois \u00e9 eletr\u00f4nico.<\/span><\/p>\n<p style=\"text-align: left;\"><span style=\"font-size: 14pt;\">b) Fotografia, n\u00e3o \u00e9 apenas escolher um assunto, no caso as flores, e clicar. Nela entra tamb\u00e9m o fundo que neste caso \u00e9 bem escuro. A tend\u00eancia natural de uma c\u00e2mera compacta \u00e9 de avaliar a cena toda e &#8220;calcular&#8221; que h\u00e1 mais da metade de pixels na foto predominantemente escuros. A c\u00e2mera n\u00e3o tem poder de decis\u00e3o para &#8220;clarear&#8221; somente os pixels escuros da foto. Ent\u00e3o ela calcula a m\u00e9dia para que a foto todinha seja mais clara. <\/span><\/p>\n<p style=\"text-align: left;\"><span style=\"font-size: 14pt;\">Com isso, a flor mais a direita, que recebe mais luz, tender\u00e1 a receber mais luz ainda. Perde-se textura e cor. Em uma c\u00e2mera DSLR (Digital Single Lens Reflex), voc\u00ea pode escolher um tipo de leitura de luz em que pode-se apontar para uma pequena \u00e1rea e marc\u00e1-la como refer\u00eancia de exposi\u00e7\u00e3o. Com isso, ela n\u00e3o far\u00e1 avalia\u00e7\u00e3o do restante da imagem, possibilitando essa foto j\u00e1 estar perfeita no ato do click.<\/span><\/p>\n<p style=\"text-align: left;\"><span style=\"font-size: 14pt;\">Uma outra quest\u00e3o que envolve as <strong>c\u00e2meras DSLR<\/strong> \u00e9 o seu pre\u00e7o. N\u00e3o s\u00e3o baratas, mas tamb\u00e9m n\u00e3o s\u00e3o t\u00e3o caras como muita gente pensa. Pesquisando na Internet encontramos alguns pre\u00e7os. \u00c9 importante frisar que n\u00e3o conhecemos estes fornecedores indicados nos sites. Voc\u00ea pode tamb\u00e9m ir direto a locais como na R. Conselheiro Crispiniano em S\u00e3o Paulo e dar uma caminhada pesquisando pre\u00e7o e condi\u00e7\u00f5es de pagamento.<\/span><\/p>\n<p style=\"text-align: left;\"><span style=\"font-size: 14pt;\">Uma <strong>Nikon D3000<\/strong> de entrada pode ser encontrada na internet pelo pre\u00e7o de R$ 1.265,15. E pode ter garantia e assist\u00eancia t\u00e9cnica aqui no Brasil. \u00c9 uma c\u00e2mera pequena, com &#8220;pegada&#8221; mais apropriada para as m\u00e3os menores. Vem com a lente b\u00e1sica 18-55mm (dist\u00e2ncia focal). \u00c9 \u00f3tima para o aprender a fotografar. Muito pr\u00e1tica e de f\u00e1cil uso.<\/span><\/p>\n<p style=\"text-align: left;\"><span style=\"font-size: 14pt;\">Se voc\u00ea pensar que sem qualquer interpola\u00e7\u00e3o, uma c\u00e2mera de 8 megpixels gera um arquivo praticamente nas dimens\u00f5es do A4, com os 10 dessa c\u00e2mera voc\u00ea poder\u00e1 dar asas a sua imagina\u00e7\u00e3o.<\/span><\/p>\n<p style=\"text-align: left;\"><span style=\"font-size: 14pt;\">J\u00e1 a Canon tem um modelo de entrada que custa um pouco mais. \u00c9 a T3 (ainda fabricada). Ela conta com 12 megapixels\u00a0 e tamb\u00e9m vem com a lente b\u00e1sica 18-55mm. Tamb\u00e9m tem assist\u00eancia t\u00e9cnica nacional. Tem uma &#8220;pegada&#8221; um pouco maior, mas conhe\u00e7o muitas fotografas que n\u00e3o abrem m\u00e3o desse tamanho do corpo da c\u00e2mera. \u00c9 comercializada nos EUA a U$ 645,00.<\/span><\/p>\n<p style=\"text-align: left;\"><span style=\"font-size: 14pt;\"><strong>Canon T3 de 12 megapixels por\u00a0 R$ 1.372,55<\/strong><\/span><\/p>\n<p style=\"text-align: left;\"><span style=\"text-align: center; font-size: 14pt;\">J\u00e1 a Sony tem seu modelo (mais simples) no Brasil vendida diretamente da f\u00e1brica, uma SLT-A35K cujo pre\u00e7o bem mais salgado, \u00e9 de R$ 2.999,00.<\/span><\/p>\n<p style=\"text-align: left;\"><span style=\"font-size: 14pt;\">E por n\u00e3o utilizar o espelho esta c\u00e2mera tem alta velocidade de disparos em modo burst.<\/span><\/p>\n<p style=\"text-align: left;\"><span style=\"font-size: 14pt;\">H\u00e1 muitas outras marcas e modelos no mercado. \u00c9 muito importante pesquisar pre\u00e7os e caracter\u00edsticas da c\u00e2mera.<\/span><\/p>\n<p style=\"text-align: left;\"><span style=\"font-size: 14pt;\">Ao consultar algum amigo fot\u00f3grafo, provavelmente ele vai indicar algo super &#8220;sophisticated&#8221;. Bem isso n\u00e3o \u00e9 nenhum pecado, mas d\u00e1 para entender o seguinte: voc\u00ea j\u00e1 est\u00e1 achando que investir numa c\u00e2mera digital por esses pre\u00e7os j\u00e1 \u00e9 uma grana, para que gastar R$ 5.000,00 em algo que voc\u00ea n\u00e3o tem certeza de que se dar\u00e1 bem?\u00a0 Por outro lado ele tamb\u00e9m dir\u00e1 que esse modelo que voc\u00ea est\u00e1 pensando n\u00e3o consegue fazer quase nada. <\/span><\/p>\n<p style=\"text-align: left;\"><span style=\"font-size: 14pt;\">N\u00e3o \u00e9 bem assim. Com uma c\u00e2mera fotogr\u00e1fica de uso profissional, seu maior investimento nem \u00e9 no &#8220;corpo&#8221; da c\u00e2mera, mas sim nas lentes. O resultado que o amador iniciante, que est\u00e1 ainda aprendendo a fotografar, \u00e9 muito diferente daquele que um profissional quer. E n\u00e3o faz sentido gastar 3, 4, 5 mil reais (ou at\u00e9 muitas vezes mais do que isso) em uma lente que serve apenas para uma determinada condi\u00e7\u00e3o. E pode ter certeza, que se voc\u00ea avan\u00e7ar na fotografia, esta primeira c\u00e2mera ainda continuar\u00e1 sendo \u00fatil. Aprenda fotografia, e entenda seu investimento.<\/span><\/p>\n<p style=\"text-align: left;\"><span style=\"font-size: 14pt;\">Vale a pena comprar uma camera usada? Sim, desde que voc\u00ea conhe\u00e7a a sua origem, e que n\u00e3o tenha um grande n\u00famero de disparos j\u00e1 feitos: uma DSLR, facilmente dispara 20, 30, 40 mil clicks.\u00a0\u00a0 Geralmente os fabricantes garantem algo em torno de 60 mil a 100 mil. Nas profissionais este n\u00famero pode chegar at\u00e9 a 200 mil. Pontos estes em que o mecanismo do espelho (algumas c\u00e2mera j\u00e1 n\u00e3o tem) e do obturador podem come\u00e7ar a apresentar problemas. <\/span><\/p>\n<p style=\"text-align: left;\"><span style=\"font-size: 14pt;\">Nas Lentes o que pega \u00e9 a possibilidade do\u00a0 fungo (que come\u00e7a como pequenos pontos na \u00e1rea interna da lente), e ainda o desgaste do mecanismo de zoom, ou ainda problemas com o sistema de foco.<\/span><\/p>\n<p style=\"text-align: left;\"><span style=\"font-size: 14pt;\">Vale a pena comprar l\u00e1 fora? Infelizmente aqui, os impostos para comercializa\u00e7\u00e3o de material fotogr\u00e1fico s\u00e3o absurdos. Uma Nikon D3100 (14 megapixels e lente b\u00e1sica) custa menos do que 600 d\u00f3lares. Ali\u00e1s \u00e9 um referencial de pre\u00e7os procurar na\u00a0<a href=\"https:\/\/www.bhphotovideo.com\/\">www.bhphotovideo.com<\/a>\u00a0que \u00e9 uma loja em NY que vende de tudo na \u00e1rea de fotografia.<\/span><\/p>\n<h2 style=\"text-align: left;\"><span style=\"font-size: 14pt;\"><strong><em>E por que 35 mm?<\/em><\/strong><\/span><\/h2>\n<p style=\"text-align: left;\"><span style=\"font-size: 14pt;\">Cada coisa no seu lugar. Uma c\u00e2mera 35mm DSLR est\u00e1 o tempo todo pronta para receber o seu comando. Ela tem bot\u00f5es de r\u00e1pido acesso. Tem controles avan\u00e7ados e precisos de luz, foco e zoom. Um fotojornalista a prepara para um click sem praticamente olhar para ela.<\/span><\/p>\n<p style=\"text-align: left;\"><span style=\"font-size: 14pt;\">Uma c\u00e2mera digital compacta b\u00e1sica ou avan\u00e7ada, \u00e9 muito diferente j\u00e1 que a proposta dela (e elas cumprem isso muito bem) \u00e9 a de tentar &#8220;adivinhar&#8221; o que voc\u00ea est\u00e1 tentando fotografar. Sim, os engenheiros s\u00e3o incr\u00edveis preparando esquemas espec\u00edficos de configura\u00e7\u00e3o para que voc\u00ea fotografe uma crian\u00e7a, ou um esportista, ou uma pequena flor, ou algu\u00e9m na frente do lago iluminado \u00e0 noite, e etc.<\/span><\/p>\n<p style=\"text-align: left;\"><span style=\"font-size: 14pt;\">Por\u00e9m voc\u00ea briga o tempo todo, porque n\u00e3o leu o manual, para configurar sua c\u00e2mera para essas situa\u00e7\u00f5es onde geralmente envolve uma sequ\u00eancia &#8221; bot\u00e3o-menu\/ submenu\/ op\u00e7\u00e3o A, B ou C com possibilidade de associar a fun\u00e7\u00e3o D&#8221; em seus dois ou tr\u00eas bot\u00f5es.<\/span><\/p>\n<p style=\"text-align: left;\"><span style=\"font-size: 14pt;\">Na camera DSLR, existem at\u00e9 algumas fun\u00e7\u00f5es totalmente autom\u00e1ticas dessas, mas na real, ela simplesmente acredita no que\u00a0<span style=\"text-decoration: underline;\">voc\u00ea<\/span>\u00a0faz. Ela n\u00e3o questiona. Ent\u00e3o, se no momento do disparo algo n\u00e3o est\u00e1 dentro dos padr\u00f5es normais computados pela c\u00e2mera, ela mesmo assim n\u00e3o te bloqueia, ela simplesmente faz a foto. Os par\u00e2metros s\u00e3o definidos por voc\u00ea, segundo as condi\u00e7\u00f5es de luz que voc\u00ea viu na cena. Basicamente ela s\u00f3 te te avisa: luz ok ou falta luz ou luz excessiva, e o foco foi alcan\u00e7ado em &#8220;tal&#8221; ponto. A compreens\u00e3o da cena \u00e9 totalmente sua. E ai voc\u00ea comp\u00f4s sua super foto, a sua poesia.<\/span><\/p>\n<p style=\"text-align: left;\"><span style=\"font-size: 14pt;\">E ainda, nas DSLR voc\u00ea pode trocar de lente, e obter resultados surpreendentes em fun\u00e7\u00e3o de suas caracter\u00edsticas de fotografia.<\/span><\/p>\n<p style=\"text-align: left;\"><span style=\"font-size: 14pt;\">D\u00e1 para fazer algo parecido na sua compacta avan\u00e7ada? At\u00e9 d\u00e1, mas pela proposta de constru\u00e7\u00e3o da c\u00e2mera, como j\u00e1 dissemos,\u00a0 isso \u00e9 bastante fora do comum. N\u00e3o \u00e9 pr\u00e1tico, e nem \u00e9 r\u00e1pido. E por vezes, at\u00e9 invi\u00e1vel.<\/span><\/p>\n<p style=\"text-align: left;\"><span style=\"font-size: 14pt;\">Mesmo fotografando uma simples crian\u00e7a eu posso fazer uma foto melhor com uma DSLR? &#8230;\u00a0\u00a0 \u00d4 se pode!\u00a0 E muito provavelmente, voc\u00ea n\u00e3o vai mais querer saber de &#8220;face detection&#8221;!<\/span><\/p>\n<p style=\"text-align: left;\"><span style=\"font-size: 14pt;\">Esse \u00e9 o diferencial, uma compacta tenta te ajudar o tempo todo enquanto que uma DSLR &#8211; n\u00e3o.\u00a0\u00a0 Se voc\u00ea n\u00e3o entende nada de fotografia e luz, \u00e9 uma ajuda muito bem vinda. Mas n\u00e3o \u00e9 por ela \u00e9 que se aprende fotografia.<\/span><\/p>\n<p style=\"text-align: left;\"><span style=\"font-size: 14pt;\">\u00c9 por uma 35mm que voc\u00ea passa a entender o que acontece com a luz e que julgamento faz.<\/span><\/p>\n<p style=\"text-align: left;\"><span style=\"font-size: 14pt;\">E a t\u00e9cnica transforma-se numa intui\u00e7\u00e3o; &#8220;como um tocar de ouvido&#8221;!<\/span><\/p>\n<p style=\"text-align: left;\"><span style=\"font-size: 14pt;\">Um grande abra\u00e7o a todos.<\/span><\/p>\n<p style=\"text-align: left;\"><span style=\"font-size: 14pt;\">OBS: Este artigo foi produzido no ano de 2012.<\/span><\/p>\n<div class=\"sharing-default-minimal post-bottom\"><div class=\"nectar-social default\" data-position=\"\" data-rm-love=\"0\" data-color-override=\"override\"><div class=\"nectar-social-inner\"><a href=\"#\" class=\"nectar-love\" id=\"nectar-love-1815\" title=\"Love this\"> <i class=\"icon-salient-heart-2\"><\/i><span class=\"love-text\">Love<\/span><span class=\"total_loves\"><span class=\"nectar-love-count\">0<\/span><\/span><\/a><a class='facebook-share nectar-sharing' href='#' title='Share this'> <i class='fa fa-facebook'><\/i> <span class='social-text'>Share<\/span> <\/a><a class='twitter-share nectar-sharing' href='#' title='Share this'> <i class='fa icon-salient-x-twitter'><\/i> <span class='social-text'>Share<\/span> <\/a><a class='linkedin-share nectar-sharing' href='#' title='Share this'> <i class='fa fa-linkedin'><\/i> <span class='social-text'>Share<\/span> <\/a><a class='pinterest-share nectar-sharing' href='#' title='Pin this'> <i class='fa fa-pinterest'><\/i> <span class='social-text'>Pin<\/span> <\/a><\/div><\/div><\/div>","protected":false},"excerpt":{"rendered":"<p>Ol\u00e1 galera! Muitos perguntam por que se deve aprender fotografia com c\u00e2mera 35mm. \u00a0H\u00e1 muitas respostas. Mas talvez seria melhor entender antes, o que \u00e9 35 mm. \u00c9 importante frisar, antes de mais nada, que o objetivo desse estudo n\u00e3o \u00e9 o de credenciar ou descredenciar qualquer marca ou modelo de c\u00e2mera. Pelo contr\u00e1rio, queremos [&hellip;]<\/p>\n","protected":false},"author":7,"featured_media":17604,"comment_status":"open","ping_status":"open","sticky":false,"template":"","format":"standard","meta":{"footnotes":""},"categories":[26],"tags":[50],"class_list":["post-1815","post","type-post","status-publish","format-standard","has-post-thumbnail","hentry","category-arte-design","tag-fotografia"],"yoast_head":"<!-- This site is optimized with the Yoast SEO plugin v25.1 - https:\/\/yoast.com\/wordpress\/plugins\/seo\/ -->\r\n<title>Fotografia: por que c\u00e2mera 35mm?<\/title>\r\n<meta name=\"description\" content=\"Fotografia: por que usar uma c\u00e2mera 35mm? Entenda!\" \/>\r\n<meta name=\"robots\" content=\"index, follow, max-snippet:-1, max-image-preview:large, max-video-preview:-1\" \/>\r\n<link rel=\"canonical\" href=\"https:\/\/www.impacta.com.br\/blog\/fotografia-porque-35mm\/\" \/>\r\n<meta property=\"og:locale\" content=\"pt_BR\" \/>\r\n<meta property=\"og:type\" content=\"article\" \/>\r\n<meta property=\"og:title\" content=\"Fotografia: por que c\u00e2mera 35mm?\" \/>\r\n<meta property=\"og:description\" content=\"Fotografia: por que usar uma c\u00e2mera 35mm? Entenda!\" \/>\r\n<meta property=\"og:url\" content=\"https:\/\/www.impacta.com.br\/blog\/fotografia-porque-35mm\/\" \/>\r\n<meta property=\"og:site_name\" content=\"Blog Impacta - Dicas e Not\u00edcias sobre Carreira\" \/>\r\n<meta property=\"article:published_time\" content=\"2013-01-17T18:41:40+00:00\" \/>\r\n<meta property=\"og:image\" content=\"https:\/\/www.impacta.com.br\/blog\/wp-content\/uploads\/2020\/04\/Header_fotografia35mm.jpg\" \/>\r\n\t<meta property=\"og:image:width\" content=\"850\" \/>\r\n\t<meta property=\"og:image:height\" content=\"283\" \/>\r\n\t<meta property=\"og:image:type\" content=\"image\/jpeg\" \/>\r\n<meta name=\"author\" content=\"Paulo Cesar\" \/>\r\n<meta name=\"twitter:card\" content=\"summary_large_image\" \/>\r\n<meta name=\"twitter:label1\" content=\"Written by\" \/>\n\t<meta name=\"twitter:data1\" content=\"Paulo Cesar\" \/>\n\t<meta name=\"twitter:label2\" content=\"Est. reading time\" \/>\n\t<meta name=\"twitter:data2\" content=\"13 minutos\" \/>\r\n<script type=\"application\/ld+json\" class=\"yoast-schema-graph\">{\"@context\":\"https:\/\/schema.org\",\"@graph\":[{\"@type\":\"WebPage\",\"@id\":\"https:\/\/www.impacta.com.br\/blog\/fotografia-porque-35mm\/\",\"url\":\"https:\/\/www.impacta.com.br\/blog\/fotografia-porque-35mm\/\",\"name\":\"Fotografia: por que c\u00e2mera 35mm?\",\"isPartOf\":{\"@id\":\"https:\/\/www.impacta.com.br\/blog\/#website\"},\"primaryImageOfPage\":{\"@id\":\"https:\/\/www.impacta.com.br\/blog\/fotografia-porque-35mm\/#primaryimage\"},\"image\":{\"@id\":\"https:\/\/www.impacta.com.br\/blog\/fotografia-porque-35mm\/#primaryimage\"},\"thumbnailUrl\":\"https:\/\/www.impacta.com.br\/blog\/wp-content\/uploads\/2020\/04\/Header_fotografia35mm.jpg\",\"datePublished\":\"2013-01-17T18:41:40+00:00\",\"author\":{\"@id\":\"https:\/\/www.impacta.com.br\/blog\/#\/schema\/person\/51028f2715d3ef762a93aa36e1a61242\"},\"description\":\"Fotografia: por que usar uma c\u00e2mera 35mm? Entenda!\",\"breadcrumb\":{\"@id\":\"https:\/\/www.impacta.com.br\/blog\/fotografia-porque-35mm\/#breadcrumb\"},\"inLanguage\":\"pt-BR\",\"potentialAction\":[{\"@type\":\"ReadAction\",\"target\":[\"https:\/\/www.impacta.com.br\/blog\/fotografia-porque-35mm\/\"]}]},{\"@type\":\"ImageObject\",\"inLanguage\":\"pt-BR\",\"@id\":\"https:\/\/www.impacta.com.br\/blog\/fotografia-porque-35mm\/#primaryimage\",\"url\":\"https:\/\/www.impacta.com.br\/blog\/wp-content\/uploads\/2020\/04\/Header_fotografia35mm.jpg\",\"contentUrl\":\"https:\/\/www.impacta.com.br\/blog\/wp-content\/uploads\/2020\/04\/Header_fotografia35mm.jpg\",\"width\":850,\"height\":283},{\"@type\":\"BreadcrumbList\",\"@id\":\"https:\/\/www.impacta.com.br\/blog\/fotografia-porque-35mm\/#breadcrumb\",\"itemListElement\":[{\"@type\":\"ListItem\",\"position\":1,\"name\":\"In\u00edcio\",\"item\":\"https:\/\/www.impacta.com.br\/blog\/\"},{\"@type\":\"ListItem\",\"position\":2,\"name\":\"Fotografia: Por que 35mm?\"}]},{\"@type\":\"WebSite\",\"@id\":\"https:\/\/www.impacta.com.br\/blog\/#website\",\"url\":\"https:\/\/www.impacta.com.br\/blog\/\",\"name\":\"Blog Impacta - Dicas e Not\u00edcias sobre Carreira\",\"description\":\"Dicas, Not\u00edcias e Conte\u00fados sobre Carreira, Tecnologia, Design, Gest\u00e3o e Marketing. Conhe\u00e7a e Acompanhe o Blog Impacta\",\"potentialAction\":[{\"@type\":\"SearchAction\",\"target\":{\"@type\":\"EntryPoint\",\"urlTemplate\":\"https:\/\/www.impacta.com.br\/blog\/?s={search_term_string}\"},\"query-input\":{\"@type\":\"PropertyValueSpecification\",\"valueRequired\":true,\"valueName\":\"search_term_string\"}}],\"inLanguage\":\"pt-BR\"},{\"@type\":\"Person\",\"@id\":\"https:\/\/www.impacta.com.br\/blog\/#\/schema\/person\/51028f2715d3ef762a93aa36e1a61242\",\"name\":\"Paulo Cesar\",\"image\":{\"@type\":\"ImageObject\",\"inLanguage\":\"pt-BR\",\"@id\":\"https:\/\/www.impacta.com.br\/blog\/#\/schema\/person\/image\/\",\"url\":\"https:\/\/secure.gravatar.com\/avatar\/b1fbf6ce1a3192c713697447ed5407da?s=96&d=mm&r=g\",\"contentUrl\":\"https:\/\/secure.gravatar.com\/avatar\/b1fbf6ce1a3192c713697447ed5407da?s=96&d=mm&r=g\",\"caption\":\"Paulo Cesar\"},\"url\":\"https:\/\/www.impacta.com.br\/blog\/author\/paulo-cesar\/\"}]}<\/script>\r\n<!-- \/ Yoast SEO plugin. -->","yoast_head_json":{"title":"Fotografia: por que c\u00e2mera 35mm?","description":"Fotografia: por que usar uma c\u00e2mera 35mm? Entenda!","robots":{"index":"index","follow":"follow","max-snippet":"max-snippet:-1","max-image-preview":"max-image-preview:large","max-video-preview":"max-video-preview:-1"},"canonical":"https:\/\/www.impacta.com.br\/blog\/fotografia-porque-35mm\/","og_locale":"pt_BR","og_type":"article","og_title":"Fotografia: por que c\u00e2mera 35mm?","og_description":"Fotografia: por que usar uma c\u00e2mera 35mm? Entenda!","og_url":"https:\/\/www.impacta.com.br\/blog\/fotografia-porque-35mm\/","og_site_name":"Blog Impacta - Dicas e Not\u00edcias sobre Carreira","article_published_time":"2013-01-17T18:41:40+00:00","og_image":[{"width":850,"height":283,"url":"https:\/\/www.impacta.com.br\/blog\/wp-content\/uploads\/2020\/04\/Header_fotografia35mm.jpg","type":"image\/jpeg"}],"author":"Paulo Cesar","twitter_card":"summary_large_image","twitter_misc":{"Written by":"Paulo Cesar","Est. reading time":"13 minutos"},"schema":{"@context":"https:\/\/schema.org","@graph":[{"@type":"WebPage","@id":"https:\/\/www.impacta.com.br\/blog\/fotografia-porque-35mm\/","url":"https:\/\/www.impacta.com.br\/blog\/fotografia-porque-35mm\/","name":"Fotografia: por que c\u00e2mera 35mm?","isPartOf":{"@id":"https:\/\/www.impacta.com.br\/blog\/#website"},"primaryImageOfPage":{"@id":"https:\/\/www.impacta.com.br\/blog\/fotografia-porque-35mm\/#primaryimage"},"image":{"@id":"https:\/\/www.impacta.com.br\/blog\/fotografia-porque-35mm\/#primaryimage"},"thumbnailUrl":"https:\/\/www.impacta.com.br\/blog\/wp-content\/uploads\/2020\/04\/Header_fotografia35mm.jpg","datePublished":"2013-01-17T18:41:40+00:00","author":{"@id":"https:\/\/www.impacta.com.br\/blog\/#\/schema\/person\/51028f2715d3ef762a93aa36e1a61242"},"description":"Fotografia: por que usar uma c\u00e2mera 35mm? Entenda!","breadcrumb":{"@id":"https:\/\/www.impacta.com.br\/blog\/fotografia-porque-35mm\/#breadcrumb"},"inLanguage":"pt-BR","potentialAction":[{"@type":"ReadAction","target":["https:\/\/www.impacta.com.br\/blog\/fotografia-porque-35mm\/"]}]},{"@type":"ImageObject","inLanguage":"pt-BR","@id":"https:\/\/www.impacta.com.br\/blog\/fotografia-porque-35mm\/#primaryimage","url":"https:\/\/www.impacta.com.br\/blog\/wp-content\/uploads\/2020\/04\/Header_fotografia35mm.jpg","contentUrl":"https:\/\/www.impacta.com.br\/blog\/wp-content\/uploads\/2020\/04\/Header_fotografia35mm.jpg","width":850,"height":283},{"@type":"BreadcrumbList","@id":"https:\/\/www.impacta.com.br\/blog\/fotografia-porque-35mm\/#breadcrumb","itemListElement":[{"@type":"ListItem","position":1,"name":"In\u00edcio","item":"https:\/\/www.impacta.com.br\/blog\/"},{"@type":"ListItem","position":2,"name":"Fotografia: Por que 35mm?"}]},{"@type":"WebSite","@id":"https:\/\/www.impacta.com.br\/blog\/#website","url":"https:\/\/www.impacta.com.br\/blog\/","name":"Blog Impacta - Dicas e Not\u00edcias sobre Carreira","description":"Dicas, Not\u00edcias e Conte\u00fados sobre Carreira, Tecnologia, Design, Gest\u00e3o e Marketing. Conhe\u00e7a e Acompanhe o Blog Impacta","potentialAction":[{"@type":"SearchAction","target":{"@type":"EntryPoint","urlTemplate":"https:\/\/www.impacta.com.br\/blog\/?s={search_term_string}"},"query-input":{"@type":"PropertyValueSpecification","valueRequired":true,"valueName":"search_term_string"}}],"inLanguage":"pt-BR"},{"@type":"Person","@id":"https:\/\/www.impacta.com.br\/blog\/#\/schema\/person\/51028f2715d3ef762a93aa36e1a61242","name":"Paulo Cesar","image":{"@type":"ImageObject","inLanguage":"pt-BR","@id":"https:\/\/www.impacta.com.br\/blog\/#\/schema\/person\/image\/","url":"https:\/\/secure.gravatar.com\/avatar\/b1fbf6ce1a3192c713697447ed5407da?s=96&d=mm&r=g","contentUrl":"https:\/\/secure.gravatar.com\/avatar\/b1fbf6ce1a3192c713697447ed5407da?s=96&d=mm&r=g","caption":"Paulo Cesar"},"url":"https:\/\/www.impacta.com.br\/blog\/author\/paulo-cesar\/"}]}},"acf":{"post_description":null,"capa_mobile":null},"_links":{"self":[{"href":"https:\/\/www.impacta.com.br\/blog\/wp-json\/wp\/v2\/posts\/1815","targetHints":{"allow":["GET"]}}],"collection":[{"href":"https:\/\/www.impacta.com.br\/blog\/wp-json\/wp\/v2\/posts"}],"about":[{"href":"https:\/\/www.impacta.com.br\/blog\/wp-json\/wp\/v2\/types\/post"}],"author":[{"embeddable":true,"href":"https:\/\/www.impacta.com.br\/blog\/wp-json\/wp\/v2\/users\/7"}],"replies":[{"embeddable":true,"href":"https:\/\/www.impacta.com.br\/blog\/wp-json\/wp\/v2\/comments?post=1815"}],"version-history":[{"count":0,"href":"https:\/\/www.impacta.com.br\/blog\/wp-json\/wp\/v2\/posts\/1815\/revisions"}],"wp:featuredmedia":[{"embeddable":true,"href":"https:\/\/www.impacta.com.br\/blog\/wp-json\/wp\/v2\/media\/17604"}],"wp:attachment":[{"href":"https:\/\/www.impacta.com.br\/blog\/wp-json\/wp\/v2\/media?parent=1815"}],"wp:term":[{"taxonomy":"category","embeddable":true,"href":"https:\/\/www.impacta.com.br\/blog\/wp-json\/wp\/v2\/categories?post=1815"},{"taxonomy":"post_tag","embeddable":true,"href":"https:\/\/www.impacta.com.br\/blog\/wp-json\/wp\/v2\/tags?post=1815"}],"curies":[{"name":"wp","href":"https:\/\/api.w.org\/{rel}","templated":true}]}}