{"id":16868,"date":"2018-12-12T11:39:25","date_gmt":"2018-12-12T13:39:25","guid":{"rendered":"https:\/\/www.impacta.edu.br\/blog\/desenvolvimento-de-carreira-como-crescer-no-mercado-de-trabalho\/"},"modified":"2018-12-12T11:39:25","modified_gmt":"2018-12-12T13:39:25","slug":"desenvolvimento-de-carreira-como-crescer-no-mercado-de-trabalho","status":"publish","type":"post","link":"https:\/\/www.impacta.com.br\/blog\/desenvolvimento-de-carreira-como-crescer-no-mercado-de-trabalho\/","title":{"rendered":"Desenvolvimento de carreira: como crescer no mercado de trabalho?"},"content":{"rendered":"<p>Grandes carreiras n\u00e3o caem do c\u00e9u. O desenvolvimento de carreira depende de trabalho duro, vontade de aprender e um bom planejamento. Sem um plano, voc\u00ea se coloca numa posi\u00e7\u00e3o de seguir um caminho lento e doloroso para uma vida profissional ruim.<br \/>\nEstagnar numa profiss\u00e3o, realizando sempre as mesmas tarefas para as quais foi treinado ou contratado, ser\u00e1 um golpe duro para a sua motiva\u00e7\u00e3o, autorrealiza\u00e7\u00e3o e autoestima. Infeliz num cargo, em pouco tempo, voc\u00ea desenvolver\u00e1 estresse, ansiedade e depress\u00e3o.<br \/>\nTodo mundo busca conquistar desafios, alcan\u00e7ando novas posi\u00e7\u00f5es de emprego. Ningu\u00e9m quer trabalhar em algo que n\u00e3o gosta. E voc\u00ea n\u00e3o pode ser uma exce\u00e7\u00e3o. Pensando nisso, neste artigo, voc\u00ea encontra algumas dicas de desenvolvimento de carreira que ajudam voc\u00ea a crescer no mercado de trabalho. Vamos l\u00e1?<\/p>\n<h2>Criar um plano de carreira<\/h2>\n<p>Para come\u00e7ar, voc\u00ea precisa ter um <a href=\"https:\/\/www.impacta.com.br\/blog\/2016\/10\/28\/4-erros-comuns-ao-construir-um-plano-de-carreira-que-voce-deve-evitar\/\" target=\"_blank\" rel=\"noopener noreferrer\">plano de carreira<\/a>. O crescimento profissional exige um planejamento pr\u00e9vio, que indica a sua posi\u00e7\u00e3o atual e qual a dire\u00e7\u00e3o desejada para a sua carreira. Com essa vis\u00e3o clara, \u00e9 poss\u00edvel mapear o caminho, passo a passo, para voc\u00ea atingir os seus objetivos.<br \/>\nNesse plano, voc\u00ea precisa definir diversas metas e\u00a0pontos que v\u00e3o ajudar no seu desenvolvimento. Por exemplo, se voc\u00ea trabalha na <a href=\"https:\/\/www.impacta.edu.br\/graduacoes\/administracao\" target=\"_blank\" rel=\"noopener noreferrer\">\u00e1rea administrativa<\/a>, no cargo de analista, mas deseja ter um cargo de lideran\u00e7a e ganhar um sal\u00e1rio melhor, defina metas como, por exemplo, solicitar ao seu gestor alguma tarefa extra que melhore suas habilidades, fazer um curso de gerenciamento de pessoas, come\u00e7ar uma p\u00f3s em <a href=\"https:\/\/daryus.com.br\/course\/mba-gestao-de-projetos\/\" target=\"_blank\" rel=\"noopener noreferrer\">gest\u00e3o de projetos<\/a> e assim por diante.<br \/>\nSeu roteiro pode mudar ao longo do caminho. Seu destino tamb\u00e9m. Por isso, \u00e9 importante sempre ir ajustando o planejamento e suas metas conforme voc\u00ea avan\u00e7a nos seus objetivos. Dessa forma, voc\u00ea aproveita mais as oportunidades profissionais que surgem.<\/p>\n<h2>Melhorar a qualifica\u00e7\u00e3o<\/h2>\n<p>Todo profissional que deseja crescer em sua carreira precisa investir em qualifica\u00e7\u00e3o. Cada vez mais, as oportunidades de trabalho est\u00e3o exigindo in\u00fameras habilidades e compet\u00eancias para atender aos requisitos espec\u00edficos de cada organiza\u00e7\u00e3o. Desenvolver suas qualifica\u00e7\u00f5es por meio de cursos e treinamentos lhe oferece\u00a0uma vantagem competitiva em rela\u00e7\u00e3o aos outros candidatos.<br \/>\nHoje, at\u00e9 mesmo vagas de emprego do n\u00edvel j\u00fanior exigem uma s\u00e9rie de qualifica\u00e7\u00f5es b\u00e1sicas. Somente a experi\u00eancia, em muitos casos, n\u00e3o \u00e9 suficiente quando os empregadores querem montar as suas equipes. Ao investir em conhecimento, a possibilidade de se ter um emprego bom \u00e9 maior.<br \/>\nAo fazer uma <a href=\"https:\/\/www.impacta.edu.br\/graduacao\" target=\"_blank\" rel=\"noopener noreferrer\">gradua\u00e7\u00e3o<\/a> ou uma <a href=\"https:\/\/www.impacta.edu.br\/pos-e-mba\" target=\"_blank\" rel=\"noopener noreferrer\">p\u00f3s<\/a>, al\u00e9m de adquirir conhecimento te\u00f3rico, voc\u00ea tem a oportunidade de aprender na pr\u00e1tica a <a href=\"https:\/\/www.impacta.com.br\/blog\/2016\/08\/24\/como-incorporar-o-excel-na-sua-rotina-de-trabalho\/\" target=\"_blank\" rel=\"noopener noreferrer\">rotina de trabalho<\/a>. O networking com seus colegas de faculdade tamb\u00e9m ser\u00e1 fundamental para que voc\u00ea tenha novas ideias quanto ao desenvolvimento de carreira e, at\u00e9 mesmo, conseguir uma indica\u00e7\u00e3o para um emprego melhor.<br \/>\n&nbsp;<br \/>\n<a href=\"https:\/\/www.impacta.edu.br\/pos-e-mba\" target=\"_blank\" rel=\"noopener noreferrer\"><img loading=\"lazy\" decoding=\"async\" class=\"aligncenter wp-image-2965 size-full\" src=\"https:\/\/www.impacta.edu.br\/blog\/wp-content\/uploads\/2019\/09\/cta-posemba-1.png\" alt=\"\" width=\"800\" height=\"60\" \/><\/a><br \/>\n&nbsp;<br \/>\n&nbsp;<\/p>\n<h2>Ter disciplina<\/h2>\n<p>Quando voc\u00ea se tornar uma pessoa disciplinada, dedicada \u00e0 sua ocupa\u00e7\u00e3o, sabendo que o seu crescimento depende de um esfor\u00e7o di\u00e1rio e consistente, ser\u00e1 mais f\u00e1cil estabelecer um padr\u00e3o de sucesso profissional. No caminho inverso, voc\u00ea enfrentar\u00e1 erros, frustra\u00e7\u00f5es e falta de motiva\u00e7\u00e3o.<br \/>\nA autodisciplina busca ter uma perspectiva l\u00f3gica de estar no controle de suas a\u00e7\u00f5es, a todo momento. Essa habilidade ajuda a estimular a sua evolu\u00e7\u00e3o, por meio de h\u00e1bitos produtivos. Com isso, voc\u00ea consegue otimizar seu tempo e alcan\u00e7ar picos de produtividade.<br \/>\nEntretanto, \u00e9 importante frisar que deve haver uma consci\u00eancia para concluir suas tarefas sempre da melhor maneira poss\u00edvel e\u00a0n\u00e3o deve existir a obriga\u00e7\u00e3o de ter que entregar um trabalho perfeito. A perfei\u00e7\u00e3o n\u00e3o existe\u00a0e a sua busca incessante levar\u00e1 \u00e0 procrastina\u00e7\u00e3o e autossabotagem.<br \/>\nDessa forma, a disciplina envolve manter o controle sobre sua atitude, mentalidade, emo\u00e7\u00f5es e pensamentos. Sem ela, \u00e9 mais prov\u00e1vel que voc\u00ea tome iniciativas impulsivas, agindo a partir de respostas emocionais provocadas por circunst\u00e2ncias do cotidiano, tirando o foco da sua carreira.<\/p>\n<h2>Fazer trabalho social<\/h2>\n<p>Envolver-se em causas e trabalhos sociais \u00e9 uma experi\u00eancia de aprendizagem que envolve um compromisso com a educa\u00e7\u00e3o continuada, busca de oportunidades de progresso profissional e contato com pessoas de diversas \u00e1reas.<br \/>\nAl\u00e9m disso, voc\u00ea trabalhar\u00e1 o seu lado humano\u00a0ao compreender o outro e que somos respons\u00e1veis por todos aqueles que est\u00e3o \u00e0 nossa volta. Ser\u00e1 um exerc\u00edcio constante da empatia, uma habilidade que tem sido cada vez mais exigida pelas organiza\u00e7\u00f5es.<br \/>\nNo trabalho social, cada dia \u00e9 completamente diferente. As situa\u00e7\u00f5es s\u00e3o \u00fanicas e muitas vezes extremas. A todo momento haver\u00e1 desafios inesperados para voc\u00ea lidar, permitindo que voc\u00ea desenvolva <a href=\"https:\/\/www.impacta.com.br\/blog\/2016\/08\/29\/quais-as-habilidades-profissionais-mais-importantes-para-o-seu-crescimento-no-mercado\/\" target=\"_blank\" rel=\"noopener noreferrer\">habilidades profissionais<\/a> al\u00e9m das quais voc\u00ea est\u00e1 acostumado a trabalhar.<br \/>\nNem sempre voc\u00ea receber\u00e1 um reconhecimento pelo seu esfor\u00e7o, mas saber que voc\u00ea est\u00e1 ajudando algu\u00e9m em um momento de dificuldade\u00a0ser\u00e1 uma das maiores recompensas que ter\u00e1 para voc\u00ea continuar a desenvolver sua carreira.<\/p>\n<h2>Reconhecer o seu valor<\/h2>\n<p>\u00c9 fundamental que voc\u00ea tire um tempo para refletir sobre o que \u00e9 realmente importante em sua vida e por que deve ser grato por aquilo que j\u00e1 conquistou. \u00c9 muito comum as pessoas valorizarem as coisas que n\u00e3o t\u00eam e esquecerem daquilo que j\u00e1 conseguiram.<br \/>\nTrabalhar duro e persistir \u00e9 a espinha dorsal de qualquer profiss\u00e3o. Mesmo que voc\u00ea esteja infeliz com a sua posi\u00e7\u00e3o de trabalho atual, todo o seu esfor\u00e7o at\u00e9 este momento n\u00e3o foi em v\u00e3o, pois ele est\u00e1 te levando mais pr\u00f3ximo dos seus futuros objetivos profissionais. E, quando voc\u00ea atingir essas metas, muito provavelmente\u00a0voc\u00ea come\u00e7ar\u00e1 a pensar em desafios maiores. Isso \u00e9 absolutamente natural e esperado, pois far\u00e1 com que voc\u00ea continue a evoluir.<br \/>\nDesta forma, continue lutando pela pr\u00f3xima grande coisa que voc\u00ea quer conquistar e reconhe\u00e7a as dificuldades superadas de cada etapa do processo\u00a0ao longo do seu desenvolvimento de carreira. Ao faz\u00ea-lo, voc\u00ea entender\u00e1 o valor de todas as coisas que s\u00e3o importantes para voc\u00ea e para o seu bem-estar, pavimentando o seu caminho para o sucesso.<br \/>\nEst\u00e1 pretendendo\u00a0investir no desenvolvimento de carreira? Que tal conhecer o curso de gradua\u00e7\u00e3o de Administra\u00e7\u00e3o? Descubra mais sobre ele em <a href=\"https:\/\/www.impacta.edu.br\/artigo\/administracao-focado-em-tecnologia-trashed\" target=\"_blank\" rel=\"noopener noreferrer\">nosso<\/a> <a href=\"https:\/\/www.impacta.edu.br\/artigo\/administracao-focado-em-tecnologia-trashed\" target=\"_blank\" rel=\"noopener noreferrer\">post espec\u00edfico sobre o tema<\/a>.\u00a0At\u00e9 a pr\u00f3xima!<br \/>\n&nbsp;<br \/>\n<a href=\"https:\/\/faculdade-impacta.rds.land\/alcancar-o-desenvolvimento-na-carreira\" target=\"_blank\" rel=\"noopener noreferrer\"><img loading=\"lazy\" decoding=\"async\" class=\"aligncenter wp-image-2981 size-full\" src=\"https:\/\/www.impacta.edu.br\/blog\/wp-content\/uploads\/2019\/08\/CTA.png\" alt=\"\" width=\"660\" height=\"190\" \/><\/a><\/p>\n<div class=\"sharing-default-minimal post-bottom\"><div class=\"nectar-social default\" data-position=\"\" data-rm-love=\"0\" data-color-override=\"override\"><div class=\"nectar-social-inner\"><a href=\"#\" class=\"nectar-love\" id=\"nectar-love-16868\" title=\"Love this\"> <i class=\"icon-salient-heart-2\"><\/i><span class=\"love-text\">Love<\/span><span class=\"total_loves\"><span class=\"nectar-love-count\">0<\/span><\/span><\/a><a class='facebook-share nectar-sharing' href='#' title='Share this'> <i class='fa fa-facebook'><\/i> <span class='social-text'>Share<\/span> <\/a><a class='twitter-share nectar-sharing' href='#' title='Share this'> <i class='fa icon-salient-x-twitter'><\/i> <span class='social-text'>Share<\/span> <\/a><a class='linkedin-share nectar-sharing' href='#' title='Share this'> <i class='fa fa-linkedin'><\/i> <span class='social-text'>Share<\/span> <\/a><a class='pinterest-share nectar-sharing' href='#' title='Pin this'> <i class='fa fa-pinterest'><\/i> <span class='social-text'>Pin<\/span> <\/a><\/div><\/div><\/div>","protected":false},"excerpt":{"rendered":"<p>Grandes carreiras n\u00e3o caem do c\u00e9u. O desenvolvimento de carreira depende de trabalho duro, vontade de aprender e um bom planejamento. Sem um plano, voc\u00ea se coloca numa posi\u00e7\u00e3o de seguir um caminho lento e doloroso para uma vida profissional ruim. Estagnar numa profiss\u00e3o, realizando sempre as mesmas tarefas para as quais foi treinado ou [&hellip;]<\/p>\n","protected":false},"author":58,"featured_media":17867,"comment_status":"open","ping_status":"open","sticky":false,"template":"","format":"standard","meta":{"footnotes":""},"categories":[13],"tags":[44],"class_list":["post-16868","post","type-post","status-publish","format-standard","has-post-thumbnail","hentry","category-carreira","tag-carreira-2"],"yoast_head":"<!-- This site is optimized with the Yoast SEO plugin v25.1 - https:\/\/yoast.com\/wordpress\/plugins\/seo\/ -->\r\n<title>Desenvolvimento de carreira: como crescer no mercado de trabalho?<\/title>\r\n<meta name=\"description\" content=\"Grandes carreiras n\u00e3o caem do c\u00e9u. O desenvolvimento de carreira depende de trabalho duro, vontade de aprender e um bom planejamento. Sem um plano, voc\u00ea se coloca numa posi\u00e7\u00e3o de seguir um caminho lento e doloroso para uma vida profissional ruim\" \/>\r\n<meta name=\"robots\" content=\"index, follow, max-snippet:-1, max-image-preview:large, max-video-preview:-1\" \/>\r\n<link rel=\"canonical\" href=\"https:\/\/www.impacta.com.br\/blog\/desenvolvimento-de-carreira-como-crescer-no-mercado-de-trabalho\/\" \/>\r\n<meta property=\"og:locale\" content=\"pt_BR\" \/>\r\n<meta property=\"og:type\" content=\"article\" \/>\r\n<meta property=\"og:title\" content=\"Desenvolvimento de carreira: como crescer no mercado de trabalho?\" \/>\r\n<meta property=\"og:description\" content=\"Grandes carreiras n\u00e3o caem do c\u00e9u. O desenvolvimento de carreira depende de trabalho duro, vontade de aprender e um bom planejamento. Sem um plano, voc\u00ea se coloca numa posi\u00e7\u00e3o de seguir um caminho lento e doloroso para uma vida profissional ruim\" \/>\r\n<meta property=\"og:url\" content=\"https:\/\/www.impacta.com.br\/blog\/desenvolvimento-de-carreira-como-crescer-no-mercado-de-trabalho\/\" \/>\r\n<meta property=\"og:site_name\" content=\"Blog Impacta - Dicas e Not\u00edcias sobre Carreira\" \/>\r\n<meta property=\"article:published_time\" content=\"2018-12-12T13:39:25+00:00\" \/>\r\n<meta property=\"og:image\" content=\"https:\/\/www.impacta.com.br\/blog\/wp-content\/uploads\/2020\/04\/199295-desenvolvimento-de-carreira-como-crescer-no-mercado-de-trabalho.jpg\" \/>\r\n\t<meta property=\"og:image:width\" content=\"1000\" \/>\r\n\t<meta property=\"og:image:height\" content=\"667\" \/>\r\n\t<meta property=\"og:image:type\" content=\"image\/jpeg\" \/>\r\n<meta name=\"author\" content=\"Rog\u00e9rio Ramalho\" \/>\r\n<meta name=\"twitter:card\" content=\"summary_large_image\" \/>\r\n<meta name=\"twitter:label1\" content=\"Written by\" \/>\n\t<meta name=\"twitter:data1\" content=\"Rog\u00e9rio Ramalho\" \/>\n\t<meta name=\"twitter:label2\" content=\"Est. reading time\" \/>\n\t<meta name=\"twitter:data2\" content=\"5 minutos\" \/>\r\n<script type=\"application\/ld+json\" class=\"yoast-schema-graph\">{\"@context\":\"https:\/\/schema.org\",\"@graph\":[{\"@type\":\"WebPage\",\"@id\":\"https:\/\/www.impacta.com.br\/blog\/desenvolvimento-de-carreira-como-crescer-no-mercado-de-trabalho\/\",\"url\":\"https:\/\/www.impacta.com.br\/blog\/desenvolvimento-de-carreira-como-crescer-no-mercado-de-trabalho\/\",\"name\":\"Desenvolvimento de carreira: como crescer no mercado de trabalho?\",\"isPartOf\":{\"@id\":\"https:\/\/www.impacta.com.br\/blog\/#website\"},\"primaryImageOfPage\":{\"@id\":\"https:\/\/www.impacta.com.br\/blog\/desenvolvimento-de-carreira-como-crescer-no-mercado-de-trabalho\/#primaryimage\"},\"image\":{\"@id\":\"https:\/\/www.impacta.com.br\/blog\/desenvolvimento-de-carreira-como-crescer-no-mercado-de-trabalho\/#primaryimage\"},\"thumbnailUrl\":\"https:\/\/www.impacta.com.br\/blog\/wp-content\/uploads\/2020\/04\/199295-desenvolvimento-de-carreira-como-crescer-no-mercado-de-trabalho.jpg\",\"datePublished\":\"2018-12-12T13:39:25+00:00\",\"author\":{\"@id\":\"https:\/\/www.impacta.com.br\/blog\/#\/schema\/person\/5e02b3b20773de48448ac8abf2acee0b\"},\"description\":\"Grandes carreiras n\u00e3o caem do c\u00e9u. O desenvolvimento de carreira depende de trabalho duro, vontade de aprender e um bom planejamento. Sem um plano, voc\u00ea se coloca numa posi\u00e7\u00e3o de seguir um caminho lento e doloroso para uma vida profissional ruim\",\"breadcrumb\":{\"@id\":\"https:\/\/www.impacta.com.br\/blog\/desenvolvimento-de-carreira-como-crescer-no-mercado-de-trabalho\/#breadcrumb\"},\"inLanguage\":\"pt-BR\",\"potentialAction\":[{\"@type\":\"ReadAction\",\"target\":[\"https:\/\/www.impacta.com.br\/blog\/desenvolvimento-de-carreira-como-crescer-no-mercado-de-trabalho\/\"]}]},{\"@type\":\"ImageObject\",\"inLanguage\":\"pt-BR\",\"@id\":\"https:\/\/www.impacta.com.br\/blog\/desenvolvimento-de-carreira-como-crescer-no-mercado-de-trabalho\/#primaryimage\",\"url\":\"https:\/\/www.impacta.com.br\/blog\/wp-content\/uploads\/2020\/04\/199295-desenvolvimento-de-carreira-como-crescer-no-mercado-de-trabalho.jpg\",\"contentUrl\":\"https:\/\/www.impacta.com.br\/blog\/wp-content\/uploads\/2020\/04\/199295-desenvolvimento-de-carreira-como-crescer-no-mercado-de-trabalho.jpg\",\"width\":1000,\"height\":667},{\"@type\":\"BreadcrumbList\",\"@id\":\"https:\/\/www.impacta.com.br\/blog\/desenvolvimento-de-carreira-como-crescer-no-mercado-de-trabalho\/#breadcrumb\",\"itemListElement\":[{\"@type\":\"ListItem\",\"position\":1,\"name\":\"In\u00edcio\",\"item\":\"https:\/\/www.impacta.com.br\/blog\/\"},{\"@type\":\"ListItem\",\"position\":2,\"name\":\"Desenvolvimento de carreira: como crescer no mercado de trabalho?\"}]},{\"@type\":\"WebSite\",\"@id\":\"https:\/\/www.impacta.com.br\/blog\/#website\",\"url\":\"https:\/\/www.impacta.com.br\/blog\/\",\"name\":\"Blog Impacta - Dicas e Not\u00edcias sobre Carreira\",\"description\":\"Dicas, Not\u00edcias e Conte\u00fados sobre Carreira, Tecnologia, Design, Gest\u00e3o e Marketing. Conhe\u00e7a e Acompanhe o Blog Impacta\",\"potentialAction\":[{\"@type\":\"SearchAction\",\"target\":{\"@type\":\"EntryPoint\",\"urlTemplate\":\"https:\/\/www.impacta.com.br\/blog\/?s={search_term_string}\"},\"query-input\":{\"@type\":\"PropertyValueSpecification\",\"valueRequired\":true,\"valueName\":\"search_term_string\"}}],\"inLanguage\":\"pt-BR\"},{\"@type\":\"Person\",\"@id\":\"https:\/\/www.impacta.com.br\/blog\/#\/schema\/person\/5e02b3b20773de48448ac8abf2acee0b\",\"name\":\"Rog\u00e9rio Ramalho\",\"image\":{\"@type\":\"ImageObject\",\"inLanguage\":\"pt-BR\",\"@id\":\"https:\/\/www.impacta.com.br\/blog\/#\/schema\/person\/image\/\",\"url\":\"https:\/\/secure.gravatar.com\/avatar\/7b09a9cd945ac4c87c41f1a552fd10e8?s=96&d=mm&r=g\",\"contentUrl\":\"https:\/\/secure.gravatar.com\/avatar\/7b09a9cd945ac4c87c41f1a552fd10e8?s=96&d=mm&r=g\",\"caption\":\"Rog\u00e9rio Ramalho\"},\"url\":\"https:\/\/www.impacta.com.br\/blog\/author\/rfonseca\/\"}]}<\/script>\r\n<!-- \/ Yoast SEO plugin. -->","yoast_head_json":{"title":"Desenvolvimento de carreira: como crescer no mercado de trabalho?","description":"Grandes carreiras n\u00e3o caem do c\u00e9u. O desenvolvimento de carreira depende de trabalho duro, vontade de aprender e um bom planejamento. Sem um plano, voc\u00ea se coloca numa posi\u00e7\u00e3o de seguir um caminho lento e doloroso para uma vida profissional ruim","robots":{"index":"index","follow":"follow","max-snippet":"max-snippet:-1","max-image-preview":"max-image-preview:large","max-video-preview":"max-video-preview:-1"},"canonical":"https:\/\/www.impacta.com.br\/blog\/desenvolvimento-de-carreira-como-crescer-no-mercado-de-trabalho\/","og_locale":"pt_BR","og_type":"article","og_title":"Desenvolvimento de carreira: como crescer no mercado de trabalho?","og_description":"Grandes carreiras n\u00e3o caem do c\u00e9u. O desenvolvimento de carreira depende de trabalho duro, vontade de aprender e um bom planejamento. Sem um plano, voc\u00ea se coloca numa posi\u00e7\u00e3o de seguir um caminho lento e doloroso para uma vida profissional ruim","og_url":"https:\/\/www.impacta.com.br\/blog\/desenvolvimento-de-carreira-como-crescer-no-mercado-de-trabalho\/","og_site_name":"Blog Impacta - Dicas e Not\u00edcias sobre Carreira","article_published_time":"2018-12-12T13:39:25+00:00","og_image":[{"width":1000,"height":667,"url":"https:\/\/www.impacta.com.br\/blog\/wp-content\/uploads\/2020\/04\/199295-desenvolvimento-de-carreira-como-crescer-no-mercado-de-trabalho.jpg","type":"image\/jpeg"}],"author":"Rog\u00e9rio Ramalho","twitter_card":"summary_large_image","twitter_misc":{"Written by":"Rog\u00e9rio Ramalho","Est. reading time":"5 minutos"},"schema":{"@context":"https:\/\/schema.org","@graph":[{"@type":"WebPage","@id":"https:\/\/www.impacta.com.br\/blog\/desenvolvimento-de-carreira-como-crescer-no-mercado-de-trabalho\/","url":"https:\/\/www.impacta.com.br\/blog\/desenvolvimento-de-carreira-como-crescer-no-mercado-de-trabalho\/","name":"Desenvolvimento de carreira: como crescer no mercado de trabalho?","isPartOf":{"@id":"https:\/\/www.impacta.com.br\/blog\/#website"},"primaryImageOfPage":{"@id":"https:\/\/www.impacta.com.br\/blog\/desenvolvimento-de-carreira-como-crescer-no-mercado-de-trabalho\/#primaryimage"},"image":{"@id":"https:\/\/www.impacta.com.br\/blog\/desenvolvimento-de-carreira-como-crescer-no-mercado-de-trabalho\/#primaryimage"},"thumbnailUrl":"https:\/\/www.impacta.com.br\/blog\/wp-content\/uploads\/2020\/04\/199295-desenvolvimento-de-carreira-como-crescer-no-mercado-de-trabalho.jpg","datePublished":"2018-12-12T13:39:25+00:00","author":{"@id":"https:\/\/www.impacta.com.br\/blog\/#\/schema\/person\/5e02b3b20773de48448ac8abf2acee0b"},"description":"Grandes carreiras n\u00e3o caem do c\u00e9u. O desenvolvimento de carreira depende de trabalho duro, vontade de aprender e um bom planejamento. Sem um plano, voc\u00ea se coloca numa posi\u00e7\u00e3o de seguir um caminho lento e doloroso para uma vida profissional ruim","breadcrumb":{"@id":"https:\/\/www.impacta.com.br\/blog\/desenvolvimento-de-carreira-como-crescer-no-mercado-de-trabalho\/#breadcrumb"},"inLanguage":"pt-BR","potentialAction":[{"@type":"ReadAction","target":["https:\/\/www.impacta.com.br\/blog\/desenvolvimento-de-carreira-como-crescer-no-mercado-de-trabalho\/"]}]},{"@type":"ImageObject","inLanguage":"pt-BR","@id":"https:\/\/www.impacta.com.br\/blog\/desenvolvimento-de-carreira-como-crescer-no-mercado-de-trabalho\/#primaryimage","url":"https:\/\/www.impacta.com.br\/blog\/wp-content\/uploads\/2020\/04\/199295-desenvolvimento-de-carreira-como-crescer-no-mercado-de-trabalho.jpg","contentUrl":"https:\/\/www.impacta.com.br\/blog\/wp-content\/uploads\/2020\/04\/199295-desenvolvimento-de-carreira-como-crescer-no-mercado-de-trabalho.jpg","width":1000,"height":667},{"@type":"BreadcrumbList","@id":"https:\/\/www.impacta.com.br\/blog\/desenvolvimento-de-carreira-como-crescer-no-mercado-de-trabalho\/#breadcrumb","itemListElement":[{"@type":"ListItem","position":1,"name":"In\u00edcio","item":"https:\/\/www.impacta.com.br\/blog\/"},{"@type":"ListItem","position":2,"name":"Desenvolvimento de carreira: como crescer no mercado de trabalho?"}]},{"@type":"WebSite","@id":"https:\/\/www.impacta.com.br\/blog\/#website","url":"https:\/\/www.impacta.com.br\/blog\/","name":"Blog Impacta - Dicas e Not\u00edcias sobre Carreira","description":"Dicas, Not\u00edcias e Conte\u00fados sobre Carreira, Tecnologia, Design, Gest\u00e3o e Marketing. Conhe\u00e7a e Acompanhe o Blog Impacta","potentialAction":[{"@type":"SearchAction","target":{"@type":"EntryPoint","urlTemplate":"https:\/\/www.impacta.com.br\/blog\/?s={search_term_string}"},"query-input":{"@type":"PropertyValueSpecification","valueRequired":true,"valueName":"search_term_string"}}],"inLanguage":"pt-BR"},{"@type":"Person","@id":"https:\/\/www.impacta.com.br\/blog\/#\/schema\/person\/5e02b3b20773de48448ac8abf2acee0b","name":"Rog\u00e9rio Ramalho","image":{"@type":"ImageObject","inLanguage":"pt-BR","@id":"https:\/\/www.impacta.com.br\/blog\/#\/schema\/person\/image\/","url":"https:\/\/secure.gravatar.com\/avatar\/7b09a9cd945ac4c87c41f1a552fd10e8?s=96&d=mm&r=g","contentUrl":"https:\/\/secure.gravatar.com\/avatar\/7b09a9cd945ac4c87c41f1a552fd10e8?s=96&d=mm&r=g","caption":"Rog\u00e9rio Ramalho"},"url":"https:\/\/www.impacta.com.br\/blog\/author\/rfonseca\/"}]}},"acf":{"post_description":null,"capa_mobile":null},"_links":{"self":[{"href":"https:\/\/www.impacta.com.br\/blog\/wp-json\/wp\/v2\/posts\/16868","targetHints":{"allow":["GET"]}}],"collection":[{"href":"https:\/\/www.impacta.com.br\/blog\/wp-json\/wp\/v2\/posts"}],"about":[{"href":"https:\/\/www.impacta.com.br\/blog\/wp-json\/wp\/v2\/types\/post"}],"author":[{"embeddable":true,"href":"https:\/\/www.impacta.com.br\/blog\/wp-json\/wp\/v2\/users\/58"}],"replies":[{"embeddable":true,"href":"https:\/\/www.impacta.com.br\/blog\/wp-json\/wp\/v2\/comments?post=16868"}],"version-history":[{"count":0,"href":"https:\/\/www.impacta.com.br\/blog\/wp-json\/wp\/v2\/posts\/16868\/revisions"}],"wp:featuredmedia":[{"embeddable":true,"href":"https:\/\/www.impacta.com.br\/blog\/wp-json\/wp\/v2\/media\/17867"}],"wp:attachment":[{"href":"https:\/\/www.impacta.com.br\/blog\/wp-json\/wp\/v2\/media?parent=16868"}],"wp:term":[{"taxonomy":"category","embeddable":true,"href":"https:\/\/www.impacta.com.br\/blog\/wp-json\/wp\/v2\/categories?post=16868"},{"taxonomy":"post_tag","embeddable":true,"href":"https:\/\/www.impacta.com.br\/blog\/wp-json\/wp\/v2\/tags?post=16868"}],"curies":[{"name":"wp","href":"https:\/\/api.w.org\/{rel}","templated":true}]}}