{"id":14915,"date":"2019-10-25T11:25:06","date_gmt":"2019-10-25T14:25:06","guid":{"rendered":"https:\/\/www.impacta.com.br\/blog\/?p=14915"},"modified":"2019-10-25T11:25:06","modified_gmt":"2019-10-25T14:25:06","slug":"dpo-guia-do-profissional-da-lei-geral-de-protecao-de-dados-ebook","status":"publish","type":"post","link":"https:\/\/www.impacta.com.br\/blog\/dpo-guia-do-profissional-da-lei-geral-de-protecao-de-dados-ebook\/","title":{"rendered":"DPO: Guia do Profissional da Lei Geral de Prote\u00e7\u00e3o de Dados"},"content":{"rendered":"<p><span style=\"font-size: 14pt;\"><a title=\"Prote\u00e7\u00e3o de dados: entenda mais sobre o assunto!\" href=\"https:\/\/www.impacta.com.br\/blog\/2019\/09\/02\/protecao-de-dados-entenda-mais-sobre-o-assunto\/\" target=\"_blank\" rel=\"noopener noreferrer\">Prote\u00e7\u00e3o de dados<\/a> e <a href=\"https:\/\/www.impacta.edu.br\/graduacoes\/defesa-cibernetica\" target=\"_blank\" rel=\"noopener noreferrer\">seguran\u00e7a cibern\u00e9tica<\/a> s\u00e3o assuntos cada vez mais presentes em c\u00edrculos de discuss\u00e3o, mesmo\u00a0<\/span><span style=\"font-size: 14pt;\">para quem n\u00e3o \u00e9 especialista em TI ou atua na \u00e1rea. Com os avan\u00e7os acelerados da tecnologia, novos modelos de neg\u00f3cio surgiram e a informa\u00e7\u00e3o passou a ser tratada como um verdadeiro ativo para as empresas, especialmente no ambiente eletr\u00f4nico.<\/span><br \/>\n<span style=\"font-size: 14pt;\">Por um lado, essa nova fase, conhecida como transforma\u00e7\u00e3o digital, trouxe uma s\u00e9rie de benef\u00edcios para as empresas, formando mercados completamente novos.<\/span><br \/>\n<span style=\"font-size: 14pt;\">Por outro, a demanda pela prote\u00e7\u00e3o de dados tamb\u00e9m cresceu. Afinal, o vazamento de informa\u00e7\u00f5es e a pr\u00f3pria instabilidade da infraestrutura de TI podem colocar em risco toda a opera\u00e7\u00e3o.\u00a0Uma cultura de ciberseguran\u00e7a passou, ent\u00e3o, a integrar as estrat\u00e9gias de neg\u00f3cios, sendo personificada na figura do <strong>Data Protection Officer (DPO).<\/strong><\/span><\/p>\n<h2><strong><span style=\"font-size: 14pt;\">Mas, afinal, o que faz um DPO?<\/span><\/strong><\/h2>\n<p style=\"text-align: left;\"><span style=\"font-size: 14pt;\">Para responder a essa pergunta, criamos este <strong>guia completo<\/strong> sobre tudo o que envolve a atua\u00e7\u00e3o desse profissional:<\/span><\/p>\n<p style=\"text-align: center;\"><a href=\"https:\/\/conteudo.impacta.com.br\/data-protection-officer\" target=\"_blank\" rel=\"noopener noreferrer\"><img loading=\"lazy\" decoding=\"async\" class=\"aligncenter wp-image-14916\" src=\"https:\/\/www.impacta.com.br\/blog\/wp-content\/uploads\/2019\/10\/1080x1080-dpo-guia-profissional-300x300.gif\" alt=\"Guia do DPO\" width=\"300\" height=\"300\" \/><\/a><\/p>\n<p style=\"text-align: center;\"><a href=\"https:\/\/conteudo.impacta.com.br\/data-protection-officer\" target=\"_blank\" rel=\"noopener noreferrer\"><strong><span style=\"font-size: 14pt;\">INSCREVA-SE E RECEBA O SEU<\/span><\/strong><\/a><\/p>\n<p><strong><span style=\"font-size: 14pt;\">O que voc\u00ea ver\u00e1?<\/span><\/strong><\/p>\n<ul>\n<li><span style=\"font-size: 14pt;\">Entenda o conceito de prote\u00e7\u00e3o de dados:<\/span><\/li>\n<li><span style=\"font-size: 14pt;\">Aplica\u00e7\u00e3o no Brasil e no mundo:<\/span><\/li>\n<li><span style=\"font-size: 14pt;\">Caracter\u00edsticas e atribui\u00e7\u00f5es do DPO;<\/span><\/li>\n<li><span style=\"font-size: 14pt;\">Import\u00e2ncia do papel e o processo de forma\u00e7\u00e3o do DPO.<\/span><\/li>\n<\/ul>\n<p><span style=\"font-size: 14pt;\"> Se voc\u00ea quer se aprofundar no assunto de forma r\u00e1pida e did\u00e1tica, este \u00e9 o material ideal. <a href=\"https:\/\/conteudo.impacta.com.br\/data-protection-officer\" target=\"_blank\" rel=\"noopener noreferrer\"><strong>Confira e Boa leitura<\/strong><\/a>!<\/span><\/p>\n<div class=\"sharing-default-minimal post-bottom\"><div class=\"nectar-social default\" data-position=\"\" data-rm-love=\"0\" data-color-override=\"override\"><div class=\"nectar-social-inner\"><a href=\"#\" class=\"nectar-love\" id=\"nectar-love-14915\" title=\"Love this\"> <i class=\"icon-salient-heart-2\"><\/i><span class=\"love-text\">Love<\/span><span class=\"total_loves\"><span class=\"nectar-love-count\">0<\/span><\/span><\/a><a class='facebook-share nectar-sharing' href='#' title='Share this'> <i class='fa fa-facebook'><\/i> <span class='social-text'>Share<\/span> <\/a><a class='twitter-share nectar-sharing' href='#' title='Share this'> <i class='fa icon-salient-x-twitter'><\/i> <span class='social-text'>Share<\/span> <\/a><a class='linkedin-share nectar-sharing' href='#' title='Share this'> <i class='fa fa-linkedin'><\/i> <span class='social-text'>Share<\/span> <\/a><a class='pinterest-share nectar-sharing' href='#' title='Pin this'> <i class='fa fa-pinterest'><\/i> <span class='social-text'>Pin<\/span> <\/a><\/div><\/div><\/div>","protected":false},"excerpt":{"rendered":"<p>Prote\u00e7\u00e3o de dados e seguran\u00e7a cibern\u00e9tica s\u00e3o assuntos cada vez mais presentes em c\u00edrculos de discuss\u00e3o, mesmo\u00a0para quem n\u00e3o \u00e9 especialista em TI ou atua na \u00e1rea. Com os avan\u00e7os acelerados da tecnologia, novos modelos de neg\u00f3cio surgiram e a informa\u00e7\u00e3o passou a ser tratada como um verdadeiro ativo para as empresas, especialmente no ambiente [&hellip;]<\/p>\n","protected":false},"author":23,"featured_media":17021,"comment_status":"open","ping_status":"open","sticky":false,"template":"","format":"standard","meta":{"footnotes":""},"categories":[13,3],"tags":[878,879,976,895,114,806],"class_list":["post-14915","post","type-post","status-publish","format-standard","has-post-thumbnail","hentry","category-carreira","category-tecnologia","tag-data-protection-officer","tag-dpo","tag-guia-do-dpo","tag-lei-geral-de-protecao-de-dados","tag-lgpd","tag-protecao-de-dados"],"yoast_head":"<!-- This site is optimized with the Yoast SEO plugin v25.1 - https:\/\/yoast.com\/wordpress\/plugins\/seo\/ -->\r\n<title>DPO: Guia do Profissional da Lei Geral de Prote\u00e7\u00e3o de Dados<\/title>\r\n<meta name=\"description\" content=\"Com a Lei Geral de Prote\u00e7\u00e3o de Dados chegando, a figura do DPO - Data Protection Officer \u00e9 cada vez mais importante. Entenda tudo no Guia completo!\" \/>\r\n<meta name=\"robots\" content=\"index, follow, max-snippet:-1, max-image-preview:large, max-video-preview:-1\" \/>\r\n<link rel=\"canonical\" href=\"https:\/\/www.impacta.com.br\/blog\/dpo-guia-do-profissional-da-lei-geral-de-protecao-de-dados-ebook\/\" \/>\r\n<meta property=\"og:locale\" content=\"pt_BR\" \/>\r\n<meta property=\"og:type\" content=\"article\" \/>\r\n<meta property=\"og:title\" content=\"DPO: Guia do Profissional da Lei Geral de Prote\u00e7\u00e3o de Dados\" \/>\r\n<meta property=\"og:description\" content=\"Com a Lei Geral de Prote\u00e7\u00e3o de Dados chegando, a figura do DPO - Data Protection Officer \u00e9 cada vez mais importante. Entenda tudo no Guia completo!\" \/>\r\n<meta property=\"og:url\" content=\"https:\/\/www.impacta.com.br\/blog\/dpo-guia-do-profissional-da-lei-geral-de-protecao-de-dados-ebook\/\" \/>\r\n<meta property=\"og:site_name\" content=\"Blog Impacta - Dicas e Not\u00edcias sobre Carreira\" \/>\r\n<meta property=\"article:published_time\" content=\"2019-10-25T14:25:06+00:00\" \/>\r\n<meta property=\"og:image\" content=\"https:\/\/www.impacta.com.br\/blog\/wp-content\/uploads\/2020\/04\/header_guia-do-dpo.jpg\" \/>\r\n\t<meta property=\"og:image:width\" content=\"850\" \/>\r\n\t<meta property=\"og:image:height\" content=\"284\" \/>\r\n\t<meta property=\"og:image:type\" content=\"image\/jpeg\" \/>\r\n<meta name=\"author\" content=\"Reda\u00e7\u00e3o Impacta\" \/>\r\n<meta name=\"twitter:card\" content=\"summary_large_image\" \/>\r\n<meta name=\"twitter:label1\" content=\"Written by\" \/>\n\t<meta name=\"twitter:data1\" content=\"Reda\u00e7\u00e3o Impacta\" \/>\n\t<meta name=\"twitter:label2\" content=\"Est. reading time\" \/>\n\t<meta name=\"twitter:data2\" content=\"1 minuto\" \/>\r\n<script type=\"application\/ld+json\" class=\"yoast-schema-graph\">{\"@context\":\"https:\/\/schema.org\",\"@graph\":[{\"@type\":\"WebPage\",\"@id\":\"https:\/\/www.impacta.com.br\/blog\/dpo-guia-do-profissional-da-lei-geral-de-protecao-de-dados-ebook\/\",\"url\":\"https:\/\/www.impacta.com.br\/blog\/dpo-guia-do-profissional-da-lei-geral-de-protecao-de-dados-ebook\/\",\"name\":\"DPO: Guia do Profissional da Lei Geral de Prote\u00e7\u00e3o de Dados\",\"isPartOf\":{\"@id\":\"https:\/\/www.impacta.com.br\/blog\/#website\"},\"primaryImageOfPage\":{\"@id\":\"https:\/\/www.impacta.com.br\/blog\/dpo-guia-do-profissional-da-lei-geral-de-protecao-de-dados-ebook\/#primaryimage\"},\"image\":{\"@id\":\"https:\/\/www.impacta.com.br\/blog\/dpo-guia-do-profissional-da-lei-geral-de-protecao-de-dados-ebook\/#primaryimage\"},\"thumbnailUrl\":\"https:\/\/www.impacta.com.br\/blog\/wp-content\/uploads\/2020\/04\/header_guia-do-dpo.jpg\",\"datePublished\":\"2019-10-25T14:25:06+00:00\",\"author\":{\"@id\":\"https:\/\/www.impacta.com.br\/blog\/#\/schema\/person\/3882324164f9237ab7e8d7ac28ecfe79\"},\"description\":\"Com a Lei Geral de Prote\u00e7\u00e3o de Dados chegando, a figura do DPO - Data Protection Officer \u00e9 cada vez mais importante. Entenda tudo no Guia completo!\",\"breadcrumb\":{\"@id\":\"https:\/\/www.impacta.com.br\/blog\/dpo-guia-do-profissional-da-lei-geral-de-protecao-de-dados-ebook\/#breadcrumb\"},\"inLanguage\":\"pt-BR\",\"potentialAction\":[{\"@type\":\"ReadAction\",\"target\":[\"https:\/\/www.impacta.com.br\/blog\/dpo-guia-do-profissional-da-lei-geral-de-protecao-de-dados-ebook\/\"]}]},{\"@type\":\"ImageObject\",\"inLanguage\":\"pt-BR\",\"@id\":\"https:\/\/www.impacta.com.br\/blog\/dpo-guia-do-profissional-da-lei-geral-de-protecao-de-dados-ebook\/#primaryimage\",\"url\":\"https:\/\/www.impacta.com.br\/blog\/wp-content\/uploads\/2020\/04\/header_guia-do-dpo.jpg\",\"contentUrl\":\"https:\/\/www.impacta.com.br\/blog\/wp-content\/uploads\/2020\/04\/header_guia-do-dpo.jpg\",\"width\":850,\"height\":284},{\"@type\":\"BreadcrumbList\",\"@id\":\"https:\/\/www.impacta.com.br\/blog\/dpo-guia-do-profissional-da-lei-geral-de-protecao-de-dados-ebook\/#breadcrumb\",\"itemListElement\":[{\"@type\":\"ListItem\",\"position\":1,\"name\":\"In\u00edcio\",\"item\":\"https:\/\/www.impacta.com.br\/blog\/\"},{\"@type\":\"ListItem\",\"position\":2,\"name\":\"DPO: Guia do Profissional da Lei Geral de Prote\u00e7\u00e3o de Dados\"}]},{\"@type\":\"WebSite\",\"@id\":\"https:\/\/www.impacta.com.br\/blog\/#website\",\"url\":\"https:\/\/www.impacta.com.br\/blog\/\",\"name\":\"Blog Impacta - Dicas e Not\u00edcias sobre Carreira\",\"description\":\"Dicas, Not\u00edcias e Conte\u00fados sobre Carreira, Tecnologia, Design, Gest\u00e3o e Marketing. Conhe\u00e7a e Acompanhe o Blog Impacta\",\"potentialAction\":[{\"@type\":\"SearchAction\",\"target\":{\"@type\":\"EntryPoint\",\"urlTemplate\":\"https:\/\/www.impacta.com.br\/blog\/?s={search_term_string}\"},\"query-input\":{\"@type\":\"PropertyValueSpecification\",\"valueRequired\":true,\"valueName\":\"search_term_string\"}}],\"inLanguage\":\"pt-BR\"},{\"@type\":\"Person\",\"@id\":\"https:\/\/www.impacta.com.br\/blog\/#\/schema\/person\/3882324164f9237ab7e8d7ac28ecfe79\",\"name\":\"Reda\u00e7\u00e3o Impacta\",\"image\":{\"@type\":\"ImageObject\",\"inLanguage\":\"pt-BR\",\"@id\":\"https:\/\/www.impacta.com.br\/blog\/#\/schema\/person\/image\/\",\"url\":\"https:\/\/secure.gravatar.com\/avatar\/2532096eed25696c0e117e2cbb2f2e7c?s=96&d=mm&r=g\",\"contentUrl\":\"https:\/\/secure.gravatar.com\/avatar\/2532096eed25696c0e117e2cbb2f2e7c?s=96&d=mm&r=g\",\"caption\":\"Reda\u00e7\u00e3o Impacta\"},\"url\":\"https:\/\/www.impacta.com.br\/blog\/author\/redacao_impacta\/\"}]}<\/script>\r\n<!-- \/ Yoast SEO plugin. -->","yoast_head_json":{"title":"DPO: Guia do Profissional da Lei Geral de Prote\u00e7\u00e3o de Dados","description":"Com a Lei Geral de Prote\u00e7\u00e3o de Dados chegando, a figura do DPO - Data Protection Officer \u00e9 cada vez mais importante. Entenda tudo no Guia completo!","robots":{"index":"index","follow":"follow","max-snippet":"max-snippet:-1","max-image-preview":"max-image-preview:large","max-video-preview":"max-video-preview:-1"},"canonical":"https:\/\/www.impacta.com.br\/blog\/dpo-guia-do-profissional-da-lei-geral-de-protecao-de-dados-ebook\/","og_locale":"pt_BR","og_type":"article","og_title":"DPO: Guia do Profissional da Lei Geral de Prote\u00e7\u00e3o de Dados","og_description":"Com a Lei Geral de Prote\u00e7\u00e3o de Dados chegando, a figura do DPO - Data Protection Officer \u00e9 cada vez mais importante. Entenda tudo no Guia completo!","og_url":"https:\/\/www.impacta.com.br\/blog\/dpo-guia-do-profissional-da-lei-geral-de-protecao-de-dados-ebook\/","og_site_name":"Blog Impacta - Dicas e Not\u00edcias sobre Carreira","article_published_time":"2019-10-25T14:25:06+00:00","og_image":[{"width":850,"height":284,"url":"https:\/\/www.impacta.com.br\/blog\/wp-content\/uploads\/2020\/04\/header_guia-do-dpo.jpg","type":"image\/jpeg"}],"author":"Reda\u00e7\u00e3o Impacta","twitter_card":"summary_large_image","twitter_misc":{"Written by":"Reda\u00e7\u00e3o Impacta","Est. reading time":"1 minuto"},"schema":{"@context":"https:\/\/schema.org","@graph":[{"@type":"WebPage","@id":"https:\/\/www.impacta.com.br\/blog\/dpo-guia-do-profissional-da-lei-geral-de-protecao-de-dados-ebook\/","url":"https:\/\/www.impacta.com.br\/blog\/dpo-guia-do-profissional-da-lei-geral-de-protecao-de-dados-ebook\/","name":"DPO: Guia do Profissional da Lei Geral de Prote\u00e7\u00e3o de Dados","isPartOf":{"@id":"https:\/\/www.impacta.com.br\/blog\/#website"},"primaryImageOfPage":{"@id":"https:\/\/www.impacta.com.br\/blog\/dpo-guia-do-profissional-da-lei-geral-de-protecao-de-dados-ebook\/#primaryimage"},"image":{"@id":"https:\/\/www.impacta.com.br\/blog\/dpo-guia-do-profissional-da-lei-geral-de-protecao-de-dados-ebook\/#primaryimage"},"thumbnailUrl":"https:\/\/www.impacta.com.br\/blog\/wp-content\/uploads\/2020\/04\/header_guia-do-dpo.jpg","datePublished":"2019-10-25T14:25:06+00:00","author":{"@id":"https:\/\/www.impacta.com.br\/blog\/#\/schema\/person\/3882324164f9237ab7e8d7ac28ecfe79"},"description":"Com a Lei Geral de Prote\u00e7\u00e3o de Dados chegando, a figura do DPO - Data Protection Officer \u00e9 cada vez mais importante. Entenda tudo no Guia completo!","breadcrumb":{"@id":"https:\/\/www.impacta.com.br\/blog\/dpo-guia-do-profissional-da-lei-geral-de-protecao-de-dados-ebook\/#breadcrumb"},"inLanguage":"pt-BR","potentialAction":[{"@type":"ReadAction","target":["https:\/\/www.impacta.com.br\/blog\/dpo-guia-do-profissional-da-lei-geral-de-protecao-de-dados-ebook\/"]}]},{"@type":"ImageObject","inLanguage":"pt-BR","@id":"https:\/\/www.impacta.com.br\/blog\/dpo-guia-do-profissional-da-lei-geral-de-protecao-de-dados-ebook\/#primaryimage","url":"https:\/\/www.impacta.com.br\/blog\/wp-content\/uploads\/2020\/04\/header_guia-do-dpo.jpg","contentUrl":"https:\/\/www.impacta.com.br\/blog\/wp-content\/uploads\/2020\/04\/header_guia-do-dpo.jpg","width":850,"height":284},{"@type":"BreadcrumbList","@id":"https:\/\/www.impacta.com.br\/blog\/dpo-guia-do-profissional-da-lei-geral-de-protecao-de-dados-ebook\/#breadcrumb","itemListElement":[{"@type":"ListItem","position":1,"name":"In\u00edcio","item":"https:\/\/www.impacta.com.br\/blog\/"},{"@type":"ListItem","position":2,"name":"DPO: Guia do Profissional da Lei Geral de Prote\u00e7\u00e3o de Dados"}]},{"@type":"WebSite","@id":"https:\/\/www.impacta.com.br\/blog\/#website","url":"https:\/\/www.impacta.com.br\/blog\/","name":"Blog Impacta - Dicas e Not\u00edcias sobre Carreira","description":"Dicas, Not\u00edcias e Conte\u00fados sobre Carreira, Tecnologia, Design, Gest\u00e3o e Marketing. Conhe\u00e7a e Acompanhe o Blog Impacta","potentialAction":[{"@type":"SearchAction","target":{"@type":"EntryPoint","urlTemplate":"https:\/\/www.impacta.com.br\/blog\/?s={search_term_string}"},"query-input":{"@type":"PropertyValueSpecification","valueRequired":true,"valueName":"search_term_string"}}],"inLanguage":"pt-BR"},{"@type":"Person","@id":"https:\/\/www.impacta.com.br\/blog\/#\/schema\/person\/3882324164f9237ab7e8d7ac28ecfe79","name":"Reda\u00e7\u00e3o Impacta","image":{"@type":"ImageObject","inLanguage":"pt-BR","@id":"https:\/\/www.impacta.com.br\/blog\/#\/schema\/person\/image\/","url":"https:\/\/secure.gravatar.com\/avatar\/2532096eed25696c0e117e2cbb2f2e7c?s=96&d=mm&r=g","contentUrl":"https:\/\/secure.gravatar.com\/avatar\/2532096eed25696c0e117e2cbb2f2e7c?s=96&d=mm&r=g","caption":"Reda\u00e7\u00e3o Impacta"},"url":"https:\/\/www.impacta.com.br\/blog\/author\/redacao_impacta\/"}]}},"acf":{"post_description":null,"capa_mobile":null},"_links":{"self":[{"href":"https:\/\/www.impacta.com.br\/blog\/wp-json\/wp\/v2\/posts\/14915","targetHints":{"allow":["GET"]}}],"collection":[{"href":"https:\/\/www.impacta.com.br\/blog\/wp-json\/wp\/v2\/posts"}],"about":[{"href":"https:\/\/www.impacta.com.br\/blog\/wp-json\/wp\/v2\/types\/post"}],"author":[{"embeddable":true,"href":"https:\/\/www.impacta.com.br\/blog\/wp-json\/wp\/v2\/users\/23"}],"replies":[{"embeddable":true,"href":"https:\/\/www.impacta.com.br\/blog\/wp-json\/wp\/v2\/comments?post=14915"}],"version-history":[{"count":0,"href":"https:\/\/www.impacta.com.br\/blog\/wp-json\/wp\/v2\/posts\/14915\/revisions"}],"wp:featuredmedia":[{"embeddable":true,"href":"https:\/\/www.impacta.com.br\/blog\/wp-json\/wp\/v2\/media\/17021"}],"wp:attachment":[{"href":"https:\/\/www.impacta.com.br\/blog\/wp-json\/wp\/v2\/media?parent=14915"}],"wp:term":[{"taxonomy":"category","embeddable":true,"href":"https:\/\/www.impacta.com.br\/blog\/wp-json\/wp\/v2\/categories?post=14915"},{"taxonomy":"post_tag","embeddable":true,"href":"https:\/\/www.impacta.com.br\/blog\/wp-json\/wp\/v2\/tags?post=14915"}],"curies":[{"name":"wp","href":"https:\/\/api.w.org\/{rel}","templated":true}]}}