{"id":14769,"date":"2019-10-02T11:53:37","date_gmt":"2019-10-02T14:53:37","guid":{"rendered":"https:\/\/www.impacta.com.br\/blog\/?p=14769"},"modified":"2019-10-02T11:53:37","modified_gmt":"2019-10-02T14:53:37","slug":"qual-peso-certificacao-profissional-mercado-trabalho","status":"publish","type":"post","link":"https:\/\/www.impacta.com.br\/blog\/qual-peso-certificacao-profissional-mercado-trabalho\/","title":{"rendered":"Qual o peso da certifica\u00e7\u00e3o profissional no mercado?"},"content":{"rendered":"<p><span style=\"font-size: 14pt;\"><em>N\u00e3o pode ler esse artigo agora? Ou\u00e7a a mat\u00e9ria no Player abaixo:<\/em><\/span><br \/>\n<iframe loading=\"lazy\" width=\"100%\" height=\"83\" scrolling=\"no\" src=\"https:\/\/app.vooozer.com\/embed\/02480a3c\" frameborder=\"0\" style=\"height: 83px !important;\" allowfullscreen><\/iframe><\/p>\n<div class=\"content-article\">\n<div id=\"read-only-article\">\n<div>\n<span style=\"font-size: 14pt;\">Diante de um mercado de trabalho exigente, a pessoa que busca por certifica\u00e7\u00e3o profissional tem mais chances de alcan\u00e7ar destaque na carreira. A todo momento, novas tend\u00eancias surgem e logo se percebe que estar preparado para acompanhar cada uma delas \u00e9 imprescind\u00edvel. Al\u00e9m disso, o caminho da descoberta e aprendizado \u00e9 mais eficiente e traz seguran\u00e7a para o aluno.<\/span><br \/>\n<span style=\"font-size: 14pt;\">Nesse sentido, existem diversos tipos de\u00a0<a href=\"https:\/\/www.impacta.com.br\/blog\/2019\/06\/07\/qual-a-importancia-de-apostar-em-cursos-livres-na-minha-carreira\/\" target=\"_blank\" rel=\"noopener noreferrer\">cursos livres<\/a>\u00a0que s\u00e3o verdadeiras oportunidades para enriquecer o curr\u00edculo. At\u00e9 porque muitos recrutadores prestam aten\u00e7\u00e3o, justamente, nesses diferenciais na hora de contratar seus colaboradores. Uma certifica\u00e7\u00e3o durante um processo de sele\u00e7\u00e3o apresenta o dom\u00ednio sobre determinados conhecimentos e demonstra a vontade da pessoa em se desenvolver.<\/span><br \/>\n<span style=\"font-size: 14pt;\">Por isso mesmo, separamos a seguir as principais vantagens de conquistar certifica\u00e7\u00e3o profissional para alavancar a sua\u00a0<a href=\"https:\/\/www.impacta.com.br\/blog\/2019\/12\/06\/dicas-de-como-buscar-novos-conhecimentos-para-carreiras\/\" target=\"_blank\" rel=\"noopener noreferrer\">carreira<\/a>. Confira!<\/span><\/p>\n<h2><span style=\"font-size: 14pt;\">\u00a0 \u00a0 <strong>Por que \u00e9 importante realizar cursos que oferecem certificados?<\/strong><\/span><\/h2>\n<p><span style=\"font-size: 14pt;\">Grande parte das empresas, atualmente, est\u00e3o em busca de pessoas competentes e que apresentam disposi\u00e7\u00e3o para aprender novos conhecimentos. Ou seja, \u00e9 preciso demonstrar\u00a0<a href=\"https:\/\/www.impacta.com.br\/blog\/2017\/07\/24\/qualificacao-profissional-como-se-capacitar-antes-mesmo-da-faculdade\/\" target=\"_blank\" rel=\"noopener noreferrer\">qualifica\u00e7\u00e3o profissional<\/a>\u00a0e diferencial para que o recrutador perceba o seu esfor\u00e7o em contribuir para o crescimento da organiza\u00e7\u00e3o.<\/span><br \/>\n<span style=\"font-size: 14pt;\">Nesse cen\u00e1rio, pode ter certeza de que as certifica\u00e7\u00f5es e experi\u00eancias ser\u00e3o analisadas antes de uma contrata\u00e7\u00e3o. Isso faz com que voc\u00ea comprove a sua capacidade para exercer determinadas fun\u00e7\u00f5es em certa \u00e1rea de atua\u00e7\u00e3o, al\u00e9m de indicar que atende \u00e0s exig\u00eancias do mercado, proporcionando mais destaque em rela\u00e7\u00e3o a outros profissionais.\u00a0<\/span><br \/>\n<span style=\"font-size: 14pt;\">Como um processo seletivo normalmente acontece em diversas fases e a an\u00e1lise de curr\u00edculo costuma ser uma das primeiras \u2014 vindo antes de din\u00e2micas de grupo e entrevistas \u2014 ter cursos certificados costuma ser um diferencial competitivo fundamental. Voc\u00ea sabe quais s\u00e3o as principais vantagens de realizar cursos que oferecem certificados para o curr\u00edculo?\u00a0<\/span><\/p>\n<ul>\n<li><strong><span style=\"font-size: 14pt;\">Incentiva promo\u00e7\u00f5es no trabalho<\/span><\/strong><\/li>\n<\/ul>\n<p><span style=\"font-size: 14pt;\">Colaboradores que contam com certifica\u00e7\u00f5es elevam as chances de conseguir uma\u00a0<a href=\"https:\/\/www.impacta.com.br\/blog\/2016\/11\/14\/aprenda-como-conquistar-uma-promocao-no-trabalho\/\" target=\"_blank\" rel=\"noopener noreferrer\">promo\u00e7\u00e3o no trabalho<\/a>. Afinal, o certificado conta que eles realmente se interessam pela \u00e1rea e levam a s\u00e9rio o trabalho desempenhado. Isso demonstra diferencia\u00e7\u00e3o profissional, o que \u00e9 extremamente vantajoso ao passar por um processo de sele\u00e7\u00e3o para determinados cargos.\u00a0<\/span><br \/>\n<span style=\"font-size: 14pt;\">At\u00e9 porque os recrutadores est\u00e3o preocupados com os detalhes \u2014 e se voc\u00ea tem um ou mais certificados na \u00e1rea que pretende seguir, saiba que \u00e9 poss\u00edvel estar muito \u00e0 frente dos concorrentes. Assim, torna-se mais f\u00e1cil alcan\u00e7ar uma posi\u00e7\u00e3o mais elevada no mercado.\u00a0<\/span><\/p>\n<ul>\n<li><strong><span style=\"font-size: 14pt;\">Contribui para aumento de sal\u00e1rio<\/span><\/strong><\/li>\n<\/ul>\n<p><span style=\"font-size: 14pt;\">Um dos principais motivos que fazem com que as pessoas busquem por certificados para agregar valor em seus curr\u00edculos est\u00e1, justamente, no aumento de sal\u00e1rio. Por meio de cursos, voc\u00ea demonstra aptid\u00e3o e\u00a0<a href=\"https:\/\/www.impacta.com.br\/blog\/2016\/08\/29\/quais-as-habilidades-profissionais-mais-importantes-para-o-seu-crescimento-no-mercado\/\" target=\"_blank\" rel=\"noopener noreferrer\">habilidades profissionais<\/a>\u00a0para atuar em diversos cargos, evidenciando que est\u00e1 por dentro das novidades da sua \u00e1rea de atua\u00e7\u00e3o.<\/span><br \/>\n<span style=\"font-size: 14pt;\">Uma das maiores recompensas, nesse caso, \u00e9 ser mais valorizado enquanto profissional. Com isso, \u00e9 poss\u00edvel conquistar a confian\u00e7a e o respeito dos l\u00edderes empresariais, al\u00e9m de reconhecimento pelo bom curr\u00edculo apresentado. Algumas \u00e1reas como a doc\u00eancia j\u00e1 t\u00eam um plano de gratifica\u00e7\u00f5es predeterminado de acordo com os cursos que o professor conclui.<\/span><br \/>\n<span style=\"font-size: 14pt;\">Sendo assim, se um professor precisa ter apenas gradua\u00e7\u00e3o para trabalhar, ao concluir uma p\u00f3s ou MBA na \u00e1rea, ele receber\u00e1 um adicional como reconhecimento pela dedica\u00e7\u00e3o.<\/span><\/p>\n<ul>\n<li><strong><span style=\"font-size: 14pt;\">Promove recoloca\u00e7\u00e3o profissional<\/span><\/strong><\/li>\n<\/ul>\n<p><span style=\"font-size: 14pt;\">Muitas vezes, atingir recoloca\u00e7\u00e3o profissional \u00e9 um caminho que oferece diversos obst\u00e1culos, n\u00e3o \u00e9 mesmo? Por\u00e9m, a tarefa n\u00e3o \u00e9 imposs\u00edvel \u2014 e contando com bons certificados, \u00e9 poss\u00edvel conseguir excelentes oportunidades de crescimento.<\/span><br \/>\n<span style=\"font-size: 14pt;\">O mercado hoje se adapta constantemente e as profiss\u00f5es, muitas vezes, precisam acompanhar. Ent\u00e3o, \u00e0s vezes o profissional tem estabilidade na sua \u00e1rea, mas precisa realizar uma\u00a0<a href=\"https:\/\/www.impacta.com.br\/blog\/2019\/09\/30\/mudar-carreira-dicas-para-criar-coragem-capacitar\/\" target=\"_blank\" rel=\"noopener noreferrer\">mudan\u00e7a de carreira<\/a>, adaptando-se \u00e0s novas demandas.<\/span><br \/>\n<span style=\"font-size: 14pt;\">Vale lembrar que os colaboradores buscados pelas empresas devem ter habilidades para assumir diferentes fun\u00e7\u00f5es e disposi\u00e7\u00e3o para levar solu\u00e7\u00f5es e resultados ao neg\u00f3cio. Nesse sentido, uma boa certifica\u00e7\u00e3o \u00e9 uma excelente oportunidade de demonstrar que voc\u00ea se preocupa com a aquisi\u00e7\u00e3o de conhecimentos e com o n\u00edvel de produtividade que pode oferecer.<\/span><\/p>\n<ul>\n<li><strong><span style=\"font-size: 14pt;\">Enriquece o curr\u00edculo<\/span><\/strong><\/li>\n<\/ul>\n<p><span style=\"font-size: 14pt;\">Outro ponto bastante favor\u00e1vel \u00e9 o\u00a0<a href=\"https:\/\/www.impacta.com.br\/blog\/2019\/10\/09\/dicas-para-criar-um-curriculo-sem-experiencia-profissional\/\" target=\"_blank\" rel=\"noopener noreferrer\">enriquecimento do curr\u00edculo<\/a>, uma vez que os certificados transmitem a informa\u00e7\u00e3o de que o profissional consegue executar determinadas tarefas e assumir responsabilidades dentro da empresa.<\/span><br \/>\n<span style=\"font-size: 14pt;\">Para isso, ele deve entregar todos as certifica\u00e7\u00f5es para o setor de RH, a fim de que sejam validadas e reconhecidas pelos l\u00edderes. Isso ainda aumenta a chance de conseguir um novo cargo ou fun\u00e7\u00e3o, principalmente por demonstrar engajamento para manter-se atualizado com as novidades de sua \u00e1rea de atua\u00e7\u00e3o.\u00a0<\/span><br \/>\n<span style=\"font-size: 14pt;\">No caso de quem est\u00e1 come\u00e7ando a carreira, a certifica\u00e7\u00e3o pode ser um motivo de contato com empresas estrat\u00e9gicas para a realiza\u00e7\u00e3o de est\u00e1gios. Assim, al\u00e9m de conseguir experi\u00eancias relevantes para o curr\u00edculo, podem surgir oportunidades de contrata\u00e7\u00e3o ao longo do caminho.<\/span><\/p>\n<ul>\n<li><strong><span style=\"font-size: 14pt;\">Agrega valor para o profissional<\/span><\/strong><\/li>\n<\/ul>\n<p><span style=\"font-size: 14pt;\">Obter certifica\u00e7\u00f5es acaba por agregar mais valor \u00e0s suas experi\u00eancias, sendo uma \u00f3tima maneira de comprovar conhecimentos em determinada \u00e1rea. Ou seja, o colaborador passa a ter mais credibilidade diante das lideran\u00e7as empresariais.<\/span><br \/>\n<span style=\"font-size: 14pt;\">Isso o torna diferenciado e competitivo, garantindo boas vagas de emprego no futuro. Sem contar que as chances de ser indicado para algum cargo superior aumentam, favorecendo tanto a vida pessoal quanto a profissional.<\/span><br \/>\n<span style=\"font-size: 14pt;\">Como uma das tend\u00eancias do mercado \u00e9 o trabalho independente, as certifica\u00e7\u00f5es tamb\u00e9m se apresentam como um diferencial do profissional. Afinal, os clientes costumam ser ainda mais criteriosos para a contrata\u00e7\u00e3o e as certifica\u00e7\u00f5es profissionais atestam que quem est\u00e1 oferecendo o servi\u00e7o tem a compet\u00eancia para realiz\u00e1-lo.<\/span><\/p>\n<ul>\n<li><strong><span style=\"font-size: 14pt;\">Demonstra diferencial para as empresas<\/span><\/strong><\/li>\n<\/ul>\n<p><span style=\"font-size: 14pt;\">As companhias est\u00e3o cada vez mais exigentes, e adquirir uma certifica\u00e7\u00e3o para agregar \u00e0 sua forma\u00e7\u00e3o e curr\u00edculo contribuem significativamente para que voc\u00ea consiga alcan\u00e7ar diferencial. At\u00e9 porque a atitude de aprender cada vez mais demonstra que voc\u00ea deseja levar as melhores solu\u00e7\u00f5es para os l\u00edderes.<\/span><br \/>\n<span style=\"font-size: 14pt;\">Com isso, \u00e9 poss\u00edvel obter melhores resultados na fun\u00e7\u00e3o que desempenha, al\u00e9m de uma maior satisfa\u00e7\u00e3o profissional. Muitos gestores est\u00e3o em busca, justamente, de colaboradores eficientes para os seus neg\u00f3cios, principalmente por enxergar neles um potencial fora do comum, muito devido ao constante investimento direcionado para a expans\u00e3o da carreira.<\/span><\/p>\n<ul>\n<li><strong><span style=\"font-size: 14pt;\">Ajuda na resolu\u00e7\u00e3o de problemas complexos<\/span><\/strong><\/li>\n<\/ul>\n<p><span style=\"font-size: 14pt;\">Voc\u00ea j\u00e1 deve ter percebido que quanto mais especialista um profissional \u00e9, maior a sua remunera\u00e7\u00e3o. Isso acontece por um motivo simples: as especializa\u00e7\u00f5es permitem a resolu\u00e7\u00e3o de quest\u00f5es que outras pessoas que possuem apenas a forma\u00e7\u00e3o mais abrangente n\u00e3o conseguem oferecer. Por isso, uma certifica\u00e7\u00e3o pode destacar voc\u00ea dos concorrentes na sua \u00e1rea.<\/span><br \/>\n<span style=\"font-size: 14pt;\">Se um recrutador exige uma gradua\u00e7\u00e3o em tecnologia da informa\u00e7\u00e3o, mas encontra no processo seletivo um profissional que tem alguns\u00a0<a href=\"https:\/\/www.impacta.com.br\/blog\/2019\/10\/23\/cursos-rapidos-um-guia-para-turbinar-a-sua-carreira-com-velocidade\/\" target=\"_blank\" rel=\"noopener noreferrer\">cursos r\u00e1pidos<\/a>\u00a0que s\u00e3o relevantes e complementam a forma\u00e7\u00e3o, certamente perceber\u00e1 valor nessa pessoa. <\/span><br \/>\n<span style=\"font-size: 14pt;\">Cada certifica\u00e7\u00e3o est\u00e1 contando que aquele colaborador est\u00e1 capacitado para solucionar quest\u00f5es que os demais n\u00e3o conseguem comprovar se conseguem ou n\u00e3o.\u00a0<\/span><\/p>\n<ul>\n<li><strong><span style=\"font-size: 14pt;\">Possibilita a flu\u00eancia em mais ferramentas de TI<\/span><\/strong><\/li>\n<\/ul>\n<p><span style=\"font-size: 14pt;\">Pensando no recorte espec\u00edfico das pessoas que desenvolvem a carreira na \u00e1rea de tecnologia da informa\u00e7\u00e3o, sabemos que os programas s\u00e3o constantemente atualizados e os recursos em cada um deles s\u00e3o muitos. Um profissional de qualidade deve ter capacidade de usar as diversas ferramentas oferecidas no mercado.<\/span><br \/>\n<span style=\"font-size: 14pt;\"> \u00c0s vezes, elas podem ser um atalho que facilita processos, em outros casos s\u00e3o a \u00fanica forma de desenvolver o trabalho.<\/span><br \/>\n<span style=\"font-size: 14pt;\">Al\u00e9m disso, existem determinadas empresas, linguagens e programas como\u00a0<a href=\"https:\/\/www.impacta.com.br\/ics\/ICS-Java-Programmer.php\" target=\"_blank\" rel=\"noopener noreferrer\">Java<\/a>,\u00a0<a href=\"https:\/\/www.impacta.com.br\/ics\/ICS-PHP-Developer.php\" target=\"_blank\" rel=\"noopener noreferrer\">PHP<\/a>\u00a0e Oracle que est\u00e3o consolidadas no mercado. Um curso com certifica\u00e7\u00e3o nessa \u00e1rea \u00e9 extremamente valioso e proporciona o dom\u00ednio de ferramentas ao aluno.<\/span><br \/>\n<span style=\"font-size: 14pt;\">Ainda surgem novas tend\u00eancias constantemente, como o desenvolvimento para plataforma mobile\u00a0<a href=\"https:\/\/www.impacta.com.br\/ics\/ICS-Android.php\" target=\"_blank\" rel=\"noopener noreferrer\">Android<\/a>. Elas se apresentam como uma oportunidade de entrar em um mercado em amplo crescimento, muita demanda e pouca oferta de profissionais realmente capacitados para atender \u00e0s novidades.<\/span><\/p>\n<h3><span style=\"font-size: 14pt;\">\u00a0 \u00a0 <strong>Como funcionam as certifica\u00e7\u00f5es?<\/strong><\/span><\/h3>\n<p><span style=\"font-size: 14pt;\">As certifica\u00e7\u00f5es profissionais s\u00e3o relevantes para as mais diversas \u00e1reas de trabalho. Por exemplo, um profissional de artes gr\u00e1ficas que domina o\u00a0<a href=\"https:\/\/www.impacta.com.br\/curso\/InDesign-CC.php\" target=\"_blank\" rel=\"noopener noreferrer\">InDesign<\/a>\u00a0demonstra melhor preparo para o recrutador do que aquele que n\u00e3o tem uma certifica\u00e7\u00e3o. Al\u00e9m disso, cursos de qualidade ajudam o profissional a desenvolver\u00a0<a href=\"https:\/\/www.impacta.com.br\/blog\/2019\/09\/16\/quais-sao-habilidades-interpessoais-mais-valorizadas-mercado\/\" target=\"_blank\" rel=\"noopener noreferrer\">habilidades interpessoais<\/a>\u00a0relevantes ao segmento de mercado.<\/span><br \/>\n<span style=\"font-size: 14pt;\">No caso da \u00e1rea de tecnologia da informa\u00e7\u00e3o isso \u00e9 ainda mais destacado. Talvez voc\u00ea j\u00e1 tenha ouvido falar ou mesmo vivenciado alguma situa\u00e7\u00e3o em que uma certifica\u00e7\u00e3o tem mais peso na contrata\u00e7\u00e3o do que a pr\u00f3pria gradua\u00e7\u00e3o. <\/span><br \/>\n<span style=\"font-size: 14pt;\">Talvez isso pare\u00e7a estranho, mas \u00e9 porque na TI existem muitas especificidades e com a certifica\u00e7\u00e3o o profissional mostra aptid\u00e3o para desenvolver determinadas tarefas.<\/span><\/p>\n<ul>\n<li><strong><span style=\"font-size: 14pt;\">Concess\u00e3o pelas empresas<\/span><\/strong><\/li>\n<\/ul>\n<p><span style=\"font-size: 14pt;\">Algumas empresas como a Microsoft, Oracle e Adobe apresentaram solu\u00e7\u00f5es t\u00e3o relevantes para o mercado que elas mesmas decidiram se tornar uma fonte de certifica\u00e7\u00e3o para os profissionais. Isso significa que a empresa dona das ferramentas atesta para o recrutador se o candidato ou colaborador \u00e9 capaz de executar determinadas fun\u00e7\u00f5es.<\/span><br \/>\n<span style=\"font-size: 14pt;\">Dessa forma, eles criam uma rede de credenciamento com determinadas empresas para que elas possam oferecer a certifica\u00e7\u00e3o. Isso significa que uma pessoa pode fazer um curso para ser um desenvolvedor Oracle SQL, mas n\u00e3o ter a certifica\u00e7\u00e3o profissional com esse aprendizado. Apenas as empresas que s\u00e3o parceiras podem oferecer as\u00a0<a href=\"https:\/\/www.impacta.com.br\/certificacao-ics.php\" target=\"_blank\" rel=\"noopener noreferrer\">certifica\u00e7\u00f5es<\/a>\u00a0que tem esse valor no mercado que, inclusive, pode substituir a experi\u00eancia profissional.<\/span><\/p>\n<ul>\n<li><strong><span style=\"font-size: 14pt;\">Tempo de validade<\/span><\/strong><\/li>\n<\/ul>\n<p><span style=\"font-size: 14pt;\">As\u00a0<a href=\"https:\/\/www.impacta.com.br\/blog\/2019\/12\/16\/7-habilidades-profissionais-que-serao-buscadas-em-2020\/\" target=\"_blank\" rel=\"noopener noreferrer\">habilidades profissionais<\/a>\u00a0mudam constantemente e os n\u00edveis e requisitos de conhecimento tamb\u00e9m. Um programador que ficou sem trabalhar nos \u00faltimos 10 anos pode ser um excelente profissional e se lembrar muito bem das suas compet\u00eancias que ter\u00e1 grande dificuldade em acompanhar a demanda apresentada no mercado atual.<\/span><br \/>\n<span style=\"font-size: 14pt;\">Por esse motivo, muitas pessoas costumam perguntar sobre o prazo de validade das certifica\u00e7\u00f5es. Esse \u00e9 um tema que varia para cada curso e voc\u00ea pode procurar as informa\u00e7\u00f5es para entender como funciona. Os cursos da Microsoft, por exemplo, n\u00e3o expiram. Entretanto, pode acontecer de a certifica\u00e7\u00e3o perder a import\u00e2ncia quando o conte\u00fado do curso n\u00e3o tem mais relev\u00e2ncia para o mercado.<\/span><br \/>\n<span style=\"font-size: 14pt;\">J\u00e1 no caso da Oracle, as certifica\u00e7\u00f5es agora duram por apenas um per\u00edodo e existe o processo de recertifica\u00e7\u00e3o, para atualizar o profissional.<\/span><\/p>\n<h2><span style=\"font-size: 14pt;\">\u00a0 \u00a0 <strong>Como obter certifica\u00e7\u00f5es?<\/strong><\/span><\/h2>\n<p><span style=\"font-size: 14pt;\">Antes de\u00a0<a href=\"https:\/\/www.impacta.com.br\/blog\/2016\/09\/05\/quais-fatores-pesar-na-hora-de-escolher-um-curso-novo\/\" target=\"_blank\" rel=\"noopener noreferrer\">escolher um curso<\/a>, \u00e9 fundamental levar em considera\u00e7\u00e3o alguns fatores. Por exemplo, \u00e9 interessante que a certifica\u00e7\u00e3o esteja alinhada aos seus objetivos profissionais e, tamb\u00e9m, de acordo com os conhecimentos que o mercado exige. Al\u00e9m disso, \u00e9 preciso buscar por institui\u00e7\u00f5es reconhecidas e que contem com lideran\u00e7as na \u00e1rea em que atuam.<\/span><br \/>\n<span style=\"font-size: 14pt;\">Existem diversos tipos de certifica\u00e7\u00f5es: elas podem ser nacionais, por meio de cursos livres, de extens\u00e3o e\u00a0<a href=\"https:\/\/www.impacta.com.br\/blog\/2015\/10\/13\/como-escolher-uma-pos-graduacao\/\" target=\"_blank\" rel=\"noopener noreferrer\">p\u00f3s-gradua\u00e7\u00e3o<\/a>, e internacionais, com cursos de idiomas, profici\u00eancia e universidades que oferecem cursos online. Voc\u00ea pode, ainda,\u00a0<a href=\"https:\/\/www.impacta.com.br\/blog\/2019\/07\/26\/melhores-cursos-online-para-fazer-durante-as-ferias\/\" target=\"_blank\" rel=\"noopener noreferrer\">aproveitar o tempo livre das f\u00e9rias para estudar<\/a>\u00a0e investir em sua carreira, a\u00e7\u00e3o que certamente saltar\u00e1 diante dos olhos dos recrutadores.<\/span><br \/>\n<span style=\"font-size: 14pt;\">Nesse sentido, n\u00f3s oferecemos um grande diferencial, sobretudo por causa da nossa miss\u00e3o de treinar profissionais para assumir posi\u00e7\u00f5es de\u00a0<a href=\"https:\/\/www.impacta.com.br\/blog\/2019\/08\/14\/8-livros-sobre-lideranca-para-se-inspirar\/\" target=\"_blank\" rel=\"noopener noreferrer\">lideran\u00e7a<\/a>\u00a0no mercado de trabalho. Al\u00e9m disso, disponibilizamos um amplo portf\u00f3lio de cursos especializados em tecnologia e mercado digital, o que nos torna uma das institui\u00e7\u00f5es mais completas da Am\u00e9rica Latina.<\/span><br \/>\n<span style=\"font-size: 14pt;\">Tamb\u00e9m garantimos uma alta qualifica\u00e7\u00e3o dos nossos instrutores, que utilizam uma metodologia de ensino considerada como refer\u00eancia por diversas entidades no pa\u00eds. <\/span><br \/>\n<span style=\"font-size: 14pt;\">Os pr\u00eamios e conquistas atingidos pela companhia apenas demonstram a nossa seriedade em treinar pessoas, principalmente com o objetivo de que se tornem aptas a desenvolverem as suas melhores habilidades.<\/span><\/p>\n<h2><strong><span style=\"font-size: 14pt;\">\u00a0 \u00a0 Quais as certifica\u00e7\u00f5es mais valorizadas atualmente no mercado de tecnologia da informa\u00e7\u00e3o?<\/span><\/strong><\/h2>\n<p><span style=\"font-size: 14pt;\">Em uma r\u00e1pida pesquisa, voc\u00ea perceber\u00e1 que existem muitas certifica\u00e7\u00f5es dispon\u00edveis. \u00c9 importante entender qual sua \u00e1rea de especializa\u00e7\u00e3o. Com as tend\u00eancias, os cursos mais valorizados hoje s\u00e3o:<\/span><\/p>\n<ul>\n<li><span style=\"font-size: 14pt;\"><strong>engenharia e arquitetura de dados<\/strong> \u2014 atendendo \u00e0s necessidades ligadas \u00e0 ci\u00eancia de dados e Big Data;<\/span><\/li>\n<li><span style=\"font-size: 14pt;\"><strong>MCITP<\/strong> (Microsoft Certified Information Technology Professional), com diversas especialidades da empresa como o\u00a0<a href=\"https:\/\/www.impacta.com.br\/ics\/ICS-Windows-Server.php\" target=\"_blank\" rel=\"noopener noreferrer\">Windows Server<\/a>;<\/span><\/li>\n<li><span style=\"font-size: 14pt;\"><strong>LPIC<\/strong> (Linux Professional Institute) apresentando certifica\u00e7\u00f5es em Linux como o\u00a0<a href=\"https:\/\/www.impacta.com.br\/ics\/ICS-Linux-LPI-Network-Engineer.php\" target=\"_blank\" rel=\"noopener noreferrer\">Linux Network Engineer<\/a>.<\/span><\/li>\n<\/ul>\n<p><span style=\"font-size: 14pt;\">Voc\u00ea deve ter percebido que buscar por certifica\u00e7\u00e3o profissional pode ser uma excelente oportunidade para alavancar a sua carreira. <\/span><br \/>\n<span style=\"font-size: 14pt;\">Desse modo, o colaborador preocupado com a reciclagem de seus conhecimentos tem mais chances de conquistar destaque no mercado de trabalho, fazendo com que obtenha competitividade e boas vagas nas empresas. Al\u00e9m disso, as certifica\u00e7\u00f5es s\u00e3o tamb\u00e9m uma boa chance para conseguir promo\u00e7\u00f5es e desenvolver a carreira.<\/span><br \/>\n<span style=\"font-size: 14pt;\">gostou\u00a0do post? Se voc\u00ea\u00a0quer mais dicas sobre o desenvolvimento profissional, com segredos para alavancar a carreira, n\u00e3o esque\u00e7a de deixar nos coment\u00e1rios!<\/span>\n<\/div>\n<\/div>\n<\/div>\n<div class=\"content-images\"><\/div>\n<p>&nbsp;<\/p>\n<div class=\"sharing-default-minimal post-bottom\"><div class=\"nectar-social default\" data-position=\"\" data-rm-love=\"0\" data-color-override=\"override\"><div class=\"nectar-social-inner\"><a href=\"#\" class=\"nectar-love\" id=\"nectar-love-14769\" title=\"Love this\"> <i class=\"icon-salient-heart-2\"><\/i><span class=\"love-text\">Love<\/span><span class=\"total_loves\"><span class=\"nectar-love-count\">0<\/span><\/span><\/a><a class='facebook-share nectar-sharing' href='#' title='Share this'> <i class='fa fa-facebook'><\/i> <span class='social-text'>Share<\/span> <\/a><a class='twitter-share nectar-sharing' href='#' title='Share this'> <i class='fa icon-salient-x-twitter'><\/i> <span class='social-text'>Share<\/span> <\/a><a class='linkedin-share nectar-sharing' href='#' title='Share this'> <i class='fa fa-linkedin'><\/i> <span class='social-text'>Share<\/span> <\/a><a class='pinterest-share nectar-sharing' href='#' title='Pin this'> <i class='fa fa-pinterest'><\/i> <span class='social-text'>Pin<\/span> <\/a><\/div><\/div><\/div>","protected":false},"excerpt":{"rendered":"<p>N\u00e3o pode ler esse artigo agora? Ou\u00e7a a mat\u00e9ria no Player abaixo: Diante de um mercado de trabalho exigente, a pessoa que busca por certifica\u00e7\u00e3o profissional tem mais chances de alcan\u00e7ar destaque na carreira. A todo momento, novas tend\u00eancias surgem e logo se percebe que estar preparado para acompanhar cada uma delas \u00e9 imprescind\u00edvel. Al\u00e9m [&hellip;]<\/p>\n","protected":false},"author":23,"featured_media":17030,"comment_status":"open","ping_status":"open","sticky":false,"template":"","format":"standard","meta":{"footnotes":""},"categories":[13],"tags":[44,45,959,960,15],"class_list":["post-14769","post","type-post","status-publish","format-standard","has-post-thumbnail","hentry","category-carreira","tag-carreira-2","tag-certificacao","tag-certificacao-profissional","tag-cursos-e-certificacoes","tag-mercado-de-trabalho"],"yoast_head":"<!-- This site is optimized with the Yoast SEO plugin v25.1 - https:\/\/yoast.com\/wordpress\/plugins\/seo\/ -->\r\n<title>Qual o peso da certifica\u00e7\u00e3o profissional no mercado?<\/title>\r\n<meta name=\"description\" content=\"A Certifica\u00e7\u00e3o Profissional ainda \u00e9 um dos maiores diferenciais para quem busca crescer no mercado. Entenda tudo no artigo completo!\" \/>\r\n<meta name=\"robots\" content=\"index, follow, max-snippet:-1, max-image-preview:large, max-video-preview:-1\" \/>\r\n<link rel=\"canonical\" href=\"https:\/\/www.impacta.com.br\/blog\/qual-peso-certificacao-profissional-mercado-trabalho\/\" \/>\r\n<meta property=\"og:locale\" content=\"pt_BR\" \/>\r\n<meta property=\"og:type\" content=\"article\" \/>\r\n<meta property=\"og:title\" content=\"Qual o peso da certifica\u00e7\u00e3o profissional no mercado?\" \/>\r\n<meta property=\"og:description\" content=\"A Certifica\u00e7\u00e3o Profissional ainda \u00e9 um dos maiores diferenciais para quem busca crescer no mercado. Entenda tudo no artigo completo!\" \/>\r\n<meta property=\"og:url\" content=\"https:\/\/www.impacta.com.br\/blog\/qual-peso-certificacao-profissional-mercado-trabalho\/\" \/>\r\n<meta property=\"og:site_name\" content=\"Blog Impacta - Dicas e Not\u00edcias sobre Carreira\" \/>\r\n<meta property=\"article:published_time\" content=\"2019-10-02T14:53:37+00:00\" \/>\r\n<meta property=\"og:image\" content=\"https:\/\/www.impacta.com.br\/blog\/wp-content\/uploads\/2020\/04\/header_peso_certificacao_mercado.jpg\" \/>\r\n\t<meta property=\"og:image:width\" content=\"850\" \/>\r\n\t<meta property=\"og:image:height\" content=\"284\" \/>\r\n\t<meta property=\"og:image:type\" content=\"image\/jpeg\" \/>\r\n<meta name=\"author\" content=\"Reda\u00e7\u00e3o Impacta\" \/>\r\n<meta name=\"twitter:card\" content=\"summary_large_image\" \/>\r\n<meta name=\"twitter:label1\" content=\"Written by\" \/>\n\t<meta name=\"twitter:data1\" content=\"Reda\u00e7\u00e3o Impacta\" \/>\n\t<meta name=\"twitter:label2\" content=\"Est. reading time\" \/>\n\t<meta name=\"twitter:data2\" content=\"11 minutos\" \/>\r\n<script type=\"application\/ld+json\" class=\"yoast-schema-graph\">{\"@context\":\"https:\/\/schema.org\",\"@graph\":[{\"@type\":\"WebPage\",\"@id\":\"https:\/\/www.impacta.com.br\/blog\/qual-peso-certificacao-profissional-mercado-trabalho\/\",\"url\":\"https:\/\/www.impacta.com.br\/blog\/qual-peso-certificacao-profissional-mercado-trabalho\/\",\"name\":\"Qual o peso da certifica\u00e7\u00e3o profissional no mercado?\",\"isPartOf\":{\"@id\":\"https:\/\/www.impacta.com.br\/blog\/#website\"},\"primaryImageOfPage\":{\"@id\":\"https:\/\/www.impacta.com.br\/blog\/qual-peso-certificacao-profissional-mercado-trabalho\/#primaryimage\"},\"image\":{\"@id\":\"https:\/\/www.impacta.com.br\/blog\/qual-peso-certificacao-profissional-mercado-trabalho\/#primaryimage\"},\"thumbnailUrl\":\"https:\/\/www.impacta.com.br\/blog\/wp-content\/uploads\/2020\/04\/header_peso_certificacao_mercado.jpg\",\"datePublished\":\"2019-10-02T14:53:37+00:00\",\"author\":{\"@id\":\"https:\/\/www.impacta.com.br\/blog\/#\/schema\/person\/3882324164f9237ab7e8d7ac28ecfe79\"},\"description\":\"A Certifica\u00e7\u00e3o Profissional ainda \u00e9 um dos maiores diferenciais para quem busca crescer no mercado. Entenda tudo no artigo completo!\",\"breadcrumb\":{\"@id\":\"https:\/\/www.impacta.com.br\/blog\/qual-peso-certificacao-profissional-mercado-trabalho\/#breadcrumb\"},\"inLanguage\":\"pt-BR\",\"potentialAction\":[{\"@type\":\"ReadAction\",\"target\":[\"https:\/\/www.impacta.com.br\/blog\/qual-peso-certificacao-profissional-mercado-trabalho\/\"]}]},{\"@type\":\"ImageObject\",\"inLanguage\":\"pt-BR\",\"@id\":\"https:\/\/www.impacta.com.br\/blog\/qual-peso-certificacao-profissional-mercado-trabalho\/#primaryimage\",\"url\":\"https:\/\/www.impacta.com.br\/blog\/wp-content\/uploads\/2020\/04\/header_peso_certificacao_mercado.jpg\",\"contentUrl\":\"https:\/\/www.impacta.com.br\/blog\/wp-content\/uploads\/2020\/04\/header_peso_certificacao_mercado.jpg\",\"width\":850,\"height\":284},{\"@type\":\"BreadcrumbList\",\"@id\":\"https:\/\/www.impacta.com.br\/blog\/qual-peso-certificacao-profissional-mercado-trabalho\/#breadcrumb\",\"itemListElement\":[{\"@type\":\"ListItem\",\"position\":1,\"name\":\"In\u00edcio\",\"item\":\"https:\/\/www.impacta.com.br\/blog\/\"},{\"@type\":\"ListItem\",\"position\":2,\"name\":\"Qual o peso da certifica\u00e7\u00e3o profissional no mercado?\"}]},{\"@type\":\"WebSite\",\"@id\":\"https:\/\/www.impacta.com.br\/blog\/#website\",\"url\":\"https:\/\/www.impacta.com.br\/blog\/\",\"name\":\"Blog Impacta - Dicas e Not\u00edcias sobre Carreira\",\"description\":\"Dicas, Not\u00edcias e Conte\u00fados sobre Carreira, Tecnologia, Design, Gest\u00e3o e Marketing. Conhe\u00e7a e Acompanhe o Blog Impacta\",\"potentialAction\":[{\"@type\":\"SearchAction\",\"target\":{\"@type\":\"EntryPoint\",\"urlTemplate\":\"https:\/\/www.impacta.com.br\/blog\/?s={search_term_string}\"},\"query-input\":{\"@type\":\"PropertyValueSpecification\",\"valueRequired\":true,\"valueName\":\"search_term_string\"}}],\"inLanguage\":\"pt-BR\"},{\"@type\":\"Person\",\"@id\":\"https:\/\/www.impacta.com.br\/blog\/#\/schema\/person\/3882324164f9237ab7e8d7ac28ecfe79\",\"name\":\"Reda\u00e7\u00e3o Impacta\",\"image\":{\"@type\":\"ImageObject\",\"inLanguage\":\"pt-BR\",\"@id\":\"https:\/\/www.impacta.com.br\/blog\/#\/schema\/person\/image\/\",\"url\":\"https:\/\/secure.gravatar.com\/avatar\/2532096eed25696c0e117e2cbb2f2e7c?s=96&d=mm&r=g\",\"contentUrl\":\"https:\/\/secure.gravatar.com\/avatar\/2532096eed25696c0e117e2cbb2f2e7c?s=96&d=mm&r=g\",\"caption\":\"Reda\u00e7\u00e3o Impacta\"},\"url\":\"https:\/\/www.impacta.com.br\/blog\/author\/redacao_impacta\/\"}]}<\/script>\r\n<!-- \/ Yoast SEO plugin. -->","yoast_head_json":{"title":"Qual o peso da certifica\u00e7\u00e3o profissional no mercado?","description":"A Certifica\u00e7\u00e3o Profissional ainda \u00e9 um dos maiores diferenciais para quem busca crescer no mercado. Entenda tudo no artigo completo!","robots":{"index":"index","follow":"follow","max-snippet":"max-snippet:-1","max-image-preview":"max-image-preview:large","max-video-preview":"max-video-preview:-1"},"canonical":"https:\/\/www.impacta.com.br\/blog\/qual-peso-certificacao-profissional-mercado-trabalho\/","og_locale":"pt_BR","og_type":"article","og_title":"Qual o peso da certifica\u00e7\u00e3o profissional no mercado?","og_description":"A Certifica\u00e7\u00e3o Profissional ainda \u00e9 um dos maiores diferenciais para quem busca crescer no mercado. Entenda tudo no artigo completo!","og_url":"https:\/\/www.impacta.com.br\/blog\/qual-peso-certificacao-profissional-mercado-trabalho\/","og_site_name":"Blog Impacta - Dicas e Not\u00edcias sobre Carreira","article_published_time":"2019-10-02T14:53:37+00:00","og_image":[{"width":850,"height":284,"url":"https:\/\/www.impacta.com.br\/blog\/wp-content\/uploads\/2020\/04\/header_peso_certificacao_mercado.jpg","type":"image\/jpeg"}],"author":"Reda\u00e7\u00e3o Impacta","twitter_card":"summary_large_image","twitter_misc":{"Written by":"Reda\u00e7\u00e3o Impacta","Est. reading time":"11 minutos"},"schema":{"@context":"https:\/\/schema.org","@graph":[{"@type":"WebPage","@id":"https:\/\/www.impacta.com.br\/blog\/qual-peso-certificacao-profissional-mercado-trabalho\/","url":"https:\/\/www.impacta.com.br\/blog\/qual-peso-certificacao-profissional-mercado-trabalho\/","name":"Qual o peso da certifica\u00e7\u00e3o profissional no mercado?","isPartOf":{"@id":"https:\/\/www.impacta.com.br\/blog\/#website"},"primaryImageOfPage":{"@id":"https:\/\/www.impacta.com.br\/blog\/qual-peso-certificacao-profissional-mercado-trabalho\/#primaryimage"},"image":{"@id":"https:\/\/www.impacta.com.br\/blog\/qual-peso-certificacao-profissional-mercado-trabalho\/#primaryimage"},"thumbnailUrl":"https:\/\/www.impacta.com.br\/blog\/wp-content\/uploads\/2020\/04\/header_peso_certificacao_mercado.jpg","datePublished":"2019-10-02T14:53:37+00:00","author":{"@id":"https:\/\/www.impacta.com.br\/blog\/#\/schema\/person\/3882324164f9237ab7e8d7ac28ecfe79"},"description":"A Certifica\u00e7\u00e3o Profissional ainda \u00e9 um dos maiores diferenciais para quem busca crescer no mercado. Entenda tudo no artigo completo!","breadcrumb":{"@id":"https:\/\/www.impacta.com.br\/blog\/qual-peso-certificacao-profissional-mercado-trabalho\/#breadcrumb"},"inLanguage":"pt-BR","potentialAction":[{"@type":"ReadAction","target":["https:\/\/www.impacta.com.br\/blog\/qual-peso-certificacao-profissional-mercado-trabalho\/"]}]},{"@type":"ImageObject","inLanguage":"pt-BR","@id":"https:\/\/www.impacta.com.br\/blog\/qual-peso-certificacao-profissional-mercado-trabalho\/#primaryimage","url":"https:\/\/www.impacta.com.br\/blog\/wp-content\/uploads\/2020\/04\/header_peso_certificacao_mercado.jpg","contentUrl":"https:\/\/www.impacta.com.br\/blog\/wp-content\/uploads\/2020\/04\/header_peso_certificacao_mercado.jpg","width":850,"height":284},{"@type":"BreadcrumbList","@id":"https:\/\/www.impacta.com.br\/blog\/qual-peso-certificacao-profissional-mercado-trabalho\/#breadcrumb","itemListElement":[{"@type":"ListItem","position":1,"name":"In\u00edcio","item":"https:\/\/www.impacta.com.br\/blog\/"},{"@type":"ListItem","position":2,"name":"Qual o peso da certifica\u00e7\u00e3o profissional no mercado?"}]},{"@type":"WebSite","@id":"https:\/\/www.impacta.com.br\/blog\/#website","url":"https:\/\/www.impacta.com.br\/blog\/","name":"Blog Impacta - Dicas e Not\u00edcias sobre Carreira","description":"Dicas, Not\u00edcias e Conte\u00fados sobre Carreira, Tecnologia, Design, Gest\u00e3o e Marketing. Conhe\u00e7a e Acompanhe o Blog Impacta","potentialAction":[{"@type":"SearchAction","target":{"@type":"EntryPoint","urlTemplate":"https:\/\/www.impacta.com.br\/blog\/?s={search_term_string}"},"query-input":{"@type":"PropertyValueSpecification","valueRequired":true,"valueName":"search_term_string"}}],"inLanguage":"pt-BR"},{"@type":"Person","@id":"https:\/\/www.impacta.com.br\/blog\/#\/schema\/person\/3882324164f9237ab7e8d7ac28ecfe79","name":"Reda\u00e7\u00e3o Impacta","image":{"@type":"ImageObject","inLanguage":"pt-BR","@id":"https:\/\/www.impacta.com.br\/blog\/#\/schema\/person\/image\/","url":"https:\/\/secure.gravatar.com\/avatar\/2532096eed25696c0e117e2cbb2f2e7c?s=96&d=mm&r=g","contentUrl":"https:\/\/secure.gravatar.com\/avatar\/2532096eed25696c0e117e2cbb2f2e7c?s=96&d=mm&r=g","caption":"Reda\u00e7\u00e3o Impacta"},"url":"https:\/\/www.impacta.com.br\/blog\/author\/redacao_impacta\/"}]}},"acf":{"post_description":null,"capa_mobile":null},"_links":{"self":[{"href":"https:\/\/www.impacta.com.br\/blog\/wp-json\/wp\/v2\/posts\/14769","targetHints":{"allow":["GET"]}}],"collection":[{"href":"https:\/\/www.impacta.com.br\/blog\/wp-json\/wp\/v2\/posts"}],"about":[{"href":"https:\/\/www.impacta.com.br\/blog\/wp-json\/wp\/v2\/types\/post"}],"author":[{"embeddable":true,"href":"https:\/\/www.impacta.com.br\/blog\/wp-json\/wp\/v2\/users\/23"}],"replies":[{"embeddable":true,"href":"https:\/\/www.impacta.com.br\/blog\/wp-json\/wp\/v2\/comments?post=14769"}],"version-history":[{"count":0,"href":"https:\/\/www.impacta.com.br\/blog\/wp-json\/wp\/v2\/posts\/14769\/revisions"}],"wp:featuredmedia":[{"embeddable":true,"href":"https:\/\/www.impacta.com.br\/blog\/wp-json\/wp\/v2\/media\/17030"}],"wp:attachment":[{"href":"https:\/\/www.impacta.com.br\/blog\/wp-json\/wp\/v2\/media?parent=14769"}],"wp:term":[{"taxonomy":"category","embeddable":true,"href":"https:\/\/www.impacta.com.br\/blog\/wp-json\/wp\/v2\/categories?post=14769"},{"taxonomy":"post_tag","embeddable":true,"href":"https:\/\/www.impacta.com.br\/blog\/wp-json\/wp\/v2\/tags?post=14769"}],"curies":[{"name":"wp","href":"https:\/\/api.w.org\/{rel}","templated":true}]}}