{"id":14691,"date":"2019-09-02T17:28:52","date_gmt":"2019-09-02T20:28:52","guid":{"rendered":"https:\/\/www.impacta.com.br\/blog\/?p=14691"},"modified":"2019-09-02T17:28:52","modified_gmt":"2019-09-02T20:28:52","slug":"protecao-de-dados-entenda-mais-sobre-o-assunto","status":"publish","type":"post","link":"https:\/\/www.impacta.com.br\/blog\/protecao-de-dados-entenda-mais-sobre-o-assunto\/","title":{"rendered":"Prote\u00e7\u00e3o de dados: entenda mais sobre o assunto!"},"content":{"rendered":"<p><span style=\"font-size: 14pt;\"><em>N\u00e3o pode ler esse artigo agora? Ou\u00e7a a mat\u00e9ria no Player abaixo:<\/em><\/span><br \/>\n<span style=\"font-size: 14pt;\"><iframe loading=\"lazy\" width=\"100%\" height=\"83\" style=\"height: 83px !important;\" scrolling=\"no\" src=\"https:\/\/go.vooozer.com\/embed\/05ec0a5a\" frameborder=\"0\" allowfullscreen=\"allowfullscreen\"><\/iframe><\/span><\/p>\n<div class=\"content-article\">\n<div id=\"read-only-article\">\n<div>\n<span style=\"font-size: 14pt;\">Voc\u00ea sabe qual \u00e9 o objetivo de existir uma lei que trata sobre a prote\u00e7\u00e3o de dados? De forma geral, o regulamento permite que os cidad\u00e3os tenham mais controle sobre como as suas informa\u00e7\u00f5es s\u00e3o utilizadas por empresas, organiza\u00e7\u00f5es e, at\u00e9 mesmo, pelo governo.<\/span><br \/>\n<span style=\"font-size: 14pt;\">Isso porque, com a globaliza\u00e7\u00e3o digital, facilmente os dados pessoais s\u00e3o veiculados sem que haja consentimento ou autoriza\u00e7\u00e3o. Dessa maneira, o marco surge para\u00a0<a href=\"https:\/\/www.impacta.com.br\/blog\/2015\/03\/17\/redes-e-seguranca-da-informacao-por-que-se-especializar\/\" target=\"_blank\" rel=\"noopener noreferrer\">defender os direitos referentes \u00e0 privacidade e liberdade de express\u00e3o<\/a>.<\/span><br \/>\n<span style=\"font-size: 14pt;\">Ficou curioso sobre o assunto? Ent\u00e3o, continue a leitura, entenda o que \u00e9 a prote\u00e7\u00e3o de dados e quais s\u00e3o as principais \u00e1reas de atua\u00e7\u00e3o profissional que devem estar atentas a esse aspecto da legisla\u00e7\u00e3o. Confira!<\/span><\/p>\n<h2><strong><span style=\"font-size: 14pt;\">Saiba o que \u00e9 a prote\u00e7\u00e3o de dados<\/span><\/strong><\/h2>\n<p><span style=\"font-size: 14pt;\">A prote\u00e7\u00e3o de dados consiste, de forma geral, em uma s\u00e9rie de informa\u00e7\u00f5es que levam \u00e0 identifica\u00e7\u00e3o de uma pessoa. Atualmente, diversas empresas utilizam esses dados com o intuito de monitorar o perfil de um determinado p\u00fablico e extrair insights para seu neg\u00f3cio.\u00a0<\/span><br \/>\n<span style=\"font-size: 14pt;\">Com isso, podem ser armazenados os dados pessoais, como nome, e-mail, endere\u00e7o e n\u00famero de identifica\u00e7\u00e3o de uma pessoa. Da mesma forma, \u00e9 poss\u00edvel mapear os websites, os cookies e o endere\u00e7o IP da m\u00e1quina de um usu\u00e1rio que\u00a0<a href=\"https:\/\/www.impacta.com.br\/blog\/2011\/05\/20\/seguranca-no-e-commerce-confira-dicas-para-proteger-os-dados-de-seus-clientes\/\" target=\"_blank\" rel=\"noopener noreferrer\">acessa a Internet regularmente<\/a>.<\/span><br \/>\n<span style=\"font-size: 14pt;\">O termo \u00e9 empregado para definir o desenvolvimento de uma tecnologia voltada para a coleta de informa\u00e7\u00f5es. Por essa raz\u00e3o, a legisla\u00e7\u00e3o reconhece a import\u00e2ncia da exist\u00eancia de marcos regulat\u00f3rios que tenham como objetivo realizar um controle mais efetivo sobre os dados pessoais dos cidad\u00e3os.<\/span><br \/>\n<span style=\"font-size: 14pt;\">Esse passo \u00e9 fundamental para o pleno exerc\u00edcio da democracia e tamb\u00e9m para a garantia da liberdade de express\u00e3o. At\u00e9 porque o ambiente digital \u00e9 um espa\u00e7o de extrema exposi\u00e7\u00e3o, que permite um monitoramento constante das atividades de quem o utiliza rotineiramente.<\/span><br \/>\n<span style=\"font-size: 14pt;\">Cada vez mais exige-se que os pa\u00edses elaborem pol\u00edticas p\u00fablicas voltadas para a prote\u00e7\u00e3o da privacidade de sua popula\u00e7\u00e3o. Panoramicamente, muitas das informa\u00e7\u00f5es podem acabar sendo usadas por empresas para tra\u00e7ar um perfil de consumo de seus clientes, chegando at\u00e9 mesmo a transferir, copiar, transmitir ou compartilhar os dados de um ambiente virtual para outro sem que haja autoriza\u00e7\u00e3o ou consentimento.<\/span><\/p>\n<h2><strong><span style=\"font-size: 14pt;\">Entenda sobre a LGPD<\/span><\/strong><\/h2>\n<p><span style=\"font-size: 14pt;\">Em agosto de 2018, instituiu-se a\u00a0<a href=\"https:\/\/www.impacta.com.br\/blog\/2019\/06\/19\/lgpd-veja-como-as-empresas-precisam-se-preparar\/\" target=\"_blank\" rel=\"noopener noreferrer\">Lei Geral de Prote\u00e7\u00e3o de Dados Pessoais (LGPD)<\/a>. O regulamento entrar\u00e1 em vigor apenas em agosto de 2020, sendo que o maior intuito \u00e9 impedir que o tratamento das informa\u00e7\u00f5es de clientes e usu\u00e1rios ocorram por parte de empresas p\u00fablicas e privadas.<\/span><br \/>\n<span style=\"font-size: 14pt;\">Assim, todos os procedimentos que envolvem a utiliza\u00e7\u00e3o dos dados pessoais, como coleta, classifica\u00e7\u00e3o, processamento, armazenamento, compartilhamento, transfer\u00eancia, elimina\u00e7\u00e3o, entre outras a\u00e7\u00f5es, devem <a title=\"DPO: Guia do Profissional da Lei Geral de Prote\u00e7\u00e3o de Dados\" href=\"https:\/\/www.impacta.com.br\/blog\/2019\/10\/25\/dpo-guia-do-profissional-da-lei-geral-de-protecao-de-dados-ebook\/\" target=\"_blank\" rel=\"noopener noreferrer\">enquadrar-se na lei<\/a>. Os usu\u00e1rios tamb\u00e9m podem exigir que as organiza\u00e7\u00f5es informem quais s\u00e3o os seus dados coletados, solicitando que a armazenagem seja eliminada.\u00a0<\/span><br \/>\n<span style=\"font-size: 14pt;\">No ano de 2020, espera-se que as empresas sigam os procedimentos previstos na nova lei. Quem n\u00e3o cumprir com as exig\u00eancias da LGPD estar\u00e1 sujeito a uma multa de at\u00e9 2% de seu faturamento, podendo chegar a custar at\u00e9 50 milh\u00f5es de reais. O prazo foi dado para que as organiza\u00e7\u00f5es consigam se estruturar e colocar em pr\u00e1tica as novas exig\u00eancias de prote\u00e7\u00e3o e transpar\u00eancia at\u00e9 a data de vig\u00eancia estipulada.<\/span><br \/>\n<span style=\"font-size: 14pt;\">Para as companhias, ser\u00e1 necess\u00e1rio realizar investimentos para a implementa\u00e7\u00e3o de uma pol\u00edtica interna que assegure a prote\u00e7\u00e3o efetiva dos dados pessoais de seus clientes. Assim, o primeiro passo \u00e9 contar com uma equipe que fa\u00e7a um levantamento da an\u00e1lise de risco e impacto da nova lei. Com isso, ser\u00e1 poss\u00edvel verificar quais s\u00e3o os pontos mais vulner\u00e1veis de seus sistemas, constatando os maiores fatores de risco.<\/span><br \/>\n<span style=\"font-size: 14pt;\">Diante desse contexto, as pequenas empresas podem acabar sofrendo dificuldades e, at\u00e9 mesmo, inviabilizando o bom andamento do neg\u00f3cio. Para isso, \u00e9 fundamental investir em programas de treinamento para os colaboradores sobre a nova legisla\u00e7\u00e3o, uma vez que isso contribui para o fortalecimento da pol\u00edtica e tamb\u00e9m para atingir um diferencial positivo no\u00a0<a href=\"https:\/\/www.impacta.com.br\/blog\/2019\/12\/26\/e-book-tendencias-do-mercado-de-tecnologia\/\" target=\"_blank\" rel=\"noopener noreferrer\">novo cen\u00e1rio do mercado<\/a>.<\/span><br \/>\n<img loading=\"lazy\" decoding=\"async\" class=\"aligncenter wp-image-14692 size-medium\" src=\"https:\/\/www.impacta.com.br\/blog\/wp-content\/uploads\/2019\/09\/305356-protecao-de-dados-entenda-mais-sobre-o-assunto-300x201.jpg\" alt=\"305356-protecao-de-dados-entenda-mais-sobre-o-assunto\" width=\"300\" height=\"201\" \/><\/p>\n<h2><strong><span style=\"font-size: 14pt;\">Descubra quais \u00e1reas devem ter a prote\u00e7\u00e3o de dados<\/span><\/strong><\/h2>\n<p><span style=\"font-size: 14pt;\">A LGPD tamb\u00e9m tem impacto direto sobre o relacionamento das institui\u00e7\u00f5es de ensino com a comunidade escolar, como colaboradores, professores, alunos e seus respons\u00e1veis. Assim, tendo acesso a dados pessoais, \u00e9 preciso investir parte do or\u00e7amento na implementa\u00e7\u00e3o de tecnologias voltadas para a revis\u00e3o dos processos de tratamento das informa\u00e7\u00f5es.<\/span><br \/>\n<span style=\"font-size: 14pt;\">De acordo com a lei, as institui\u00e7\u00f5es devem ter o consentimento expresso de ao menos um dos pais ou do respons\u00e1vel legal para tratar os dados dos estudantes. As informa\u00e7\u00f5es pessoais devem continuar sendo armazenadas por obriga\u00e7\u00e3o legal \u2014 por\u00e9m, tendo bem claros quais ser\u00e3o os fins de utiliza\u00e7\u00e3o.<\/span><br \/>\n<span style=\"font-size: 14pt;\">Os principais desafios para as institui\u00e7\u00f5es de ensino est\u00e3o, justamente, na conscientiza\u00e7\u00e3o dos diretores escolares sobre a import\u00e2ncia de se observar e seguir a LGPD. \u00c9 preciso, no entanto, criar um grupo espec\u00edfico de trabalho que possa identificar o\u00a0<a href=\"https:\/\/www.impacta.com.br\/blog\/2017\/03\/01\/por-que-voce-deveria-fazer-um-curso-de-banco-de-dados\/https:\/\/www.impacta.com.br\/blog\/2017\/03\/01\/por-que-voce-deveria-fazer-um-curso-de-banco-de-dados\/\">banco de dados<\/a>, or\u00e7ando quais ser\u00e3o as tecnologias e mecanismos de controle mais efetivos para alcan\u00e7ar a seguran\u00e7a sobre as informa\u00e7\u00f5es.\u00a0<\/span><br \/>\n<span style=\"font-size: 14pt;\">Desse modo, os estudantes podem ter acesso, solicitar c\u00f3pias ou migrar seus dados com o intuito de viabilizar ou n\u00e3o a autoriza\u00e7\u00e3o para o seu uso. A institui\u00e7\u00e3o, nesse sentido, tem a obriga\u00e7\u00e3o de realizar uma supervis\u00e3o rigorosa, assim como prestar esclarecimentos para a comunidade escolar, salvaguardando seu direito \u00e0 privacidade.\u00a0<\/span><br \/>\n<span style=\"font-size: 14pt;\">Outros tipos de neg\u00f3cios, como pequenas e m\u00e9dias empresas, tamb\u00e9m devem se adequar \u00e0 nova lei. Isso vale, principalmente, para as organiza\u00e7\u00f5es que atuam no mercado internacional, por exemplo, com parcerias estrangeiras.\u00a0<\/span><br \/>\n<span style=\"font-size: 14pt;\">A fim de garantir a seguran\u00e7a dos dados, \u00e9 preciso eleger um profissional encarregado para receber reclama\u00e7\u00f5es, orientar os colaboradores e realizar comunica\u00e7\u00f5es com os mais diversos setores. A depender da \u00e1rea de atua\u00e7\u00e3o, ele precisa demonstrar conhecimento sobre os principais padr\u00f5es de seguran\u00e7a, colaborando diretamente com a diminui\u00e7\u00e3o de danos e sofistica\u00e7\u00e3o das estrat\u00e9gias.<\/span><br \/>\n<span style=\"font-size: 14pt;\">O ideal \u00e9 que o profissional seja um\u00a0<a href=\"https:\/\/www.impacta.com.br\/blog\/2019\/05\/31\/como-ser-um-data-protection-officer-dpo-entenda\/\" target=\"_blank\" rel=\"noopener noreferrer\">DPO \u2014 Data Protection Officer<\/a>, tornando-se um especialista nas pr\u00e1ticas e m\u00e9todos de prote\u00e7\u00e3o dos dados. \u00c9 indicado ainda que tenha uma linguagem clara, concisa e transparente. Assim, qualquer pessoa pode compreender as informa\u00e7\u00f5es, inclusive para que seja poss\u00edvel verificar se est\u00e1 ocorrendo a viola\u00e7\u00e3o sobre a liberdade de express\u00e3o.<\/span><br \/>\n<span style=\"font-size: 14pt;\">At\u00e9 porque a LGPD deve garantir que as pessoas entendam a finalidade da coleta dos dados, tornando poss\u00edvel solicitar a exclus\u00e3o ou interrup\u00e7\u00e3o das informa\u00e7\u00f5es a qualquer momento e quando achar necess\u00e1rio.<\/span><\/p>\n<h2><strong><span style=\"font-size: 14pt;\">Conhe\u00e7a a carreira em seguran\u00e7a da informa\u00e7\u00e3o e dados<\/span><\/strong><\/h2>\n<p><span style=\"font-size: 14pt;\">A expans\u00e3o do cen\u00e1rio de amea\u00e7as e a falta de profissionais capacitados para evit\u00e1-las faz surgir grandes oportunidades para quem gosta da \u00e1rea de\u00a0<a href=\"https:\/\/www.impacta.com.br\/blog\/2020\/01\/17\/consultor-de-tecnologia-da-informacao-prepare-se-2\/\" target=\"_blank\" rel=\"noopener noreferrer\">Tecnologia da Informa\u00e7\u00e3o<\/a>\u00a0(TI) e est\u00e1 pronto para conhecer e enfrentar os desafios da nova era.<\/span><br \/>\n<span style=\"font-size: 14pt;\">Entre as fun\u00e7\u00f5es dessas profiss\u00f5es, est\u00e3o manter dados cr\u00edticos inacess\u00edveis a usu\u00e1rios n\u00e3o autorizados, evitando danos l\u00f3gicos e f\u00edsicos aos sistemas. Al\u00e9m de exigir a conscientiza\u00e7\u00e3o dos usu\u00e1rios, essa atividade necessita da capacidade dos profissionais de seguran\u00e7a da informa\u00e7\u00e3o de reduzir esses riscos. Saiba mais sobre essa carreira a seguir!<\/span><\/p>\n<h3><strong><span style=\"font-size: 14pt;\">A import\u00e2ncia da profiss\u00e3o em prote\u00e7\u00e3o de dados<\/span><\/strong><\/h3>\n<p><span style=\"font-size: 14pt;\">Garantir a seguran\u00e7a dos dados pessoais processados ou armazenados pela empresa deve ser um assunto tratado com seriedade. Por esse motivo, seguir as determina\u00e7\u00f5es da LGPD\u00a0\u00e9 o primeiro passo para assegurar essa a\u00e7\u00e3o, al\u00e9m de certificar para os seus parceiros, fornecedores e consumidores que est\u00e1 comprometido com a seguran\u00e7a dessas informa\u00e7\u00f5es.<\/span><br \/>\n<span style=\"font-size: 14pt;\">O armazenamento de dados pessoais \u00e9 um tema delicado, pois muitos usu\u00e1rios confiaram na organiza\u00e7\u00e3o no momento de disponibilizar essas informa\u00e7\u00f5es\u00a0\u2014 e existem muitas pessoas mal-intencionadas em busca desse acesso para utiliz\u00e1-las de maneira errada.<\/span><br \/>\n<span style=\"font-size: 14pt;\">Al\u00e9m disso, vimos que a LGPD\u00a0prev\u00ea o pagamento de multas em caso de descumprimento do regulamento. Embora esse cen\u00e1rio ainda seja mais prov\u00e1vel na Europa, com a vig\u00eancia do seu\u00a0Regulamento Geral sobre a Prote\u00e7\u00e3o de Dados (GDPR), a tend\u00eancia \u00e9 que as regras se tornem cada vez mais importantes em outros pa\u00edses. Por isso, o quanto antes a empresa se adaptar a essas condi\u00e7\u00f5es e normas, melhor para o neg\u00f3cio.<\/span><br \/>\n<span style=\"font-size: 14pt;\">Nesse cen\u00e1rio, o profissional respons\u00e1vel pela seguran\u00e7a dos dados tem muitas obriga\u00e7\u00f5es em seu escopo de trabalho e todas elas s\u00e3o de grande import\u00e2ncia para manter a seguran\u00e7a dos dados e informa\u00e7\u00f5es pessoais processadas ou armazenadas pelas empresas.<\/span><br \/>\n<span style=\"font-size: 14pt;\">\u00c9 por isso que \u00e9 fundamental contar com um profissional capacitado e de confian\u00e7a, que possa garantir a efici\u00eancia de todos os processos internos e trazer a certeza de que as regulamenta\u00e7\u00f5es\u00a0ser\u00e3o seguidas \u00e0 risca.<\/span><\/p>\n<h3><strong><span style=\"font-size: 14pt;\">O surgimento de um novo perfil profissional \u2014 o DPO<\/span><\/strong><\/h3>\n<p><span style=\"font-size: 14pt;\">Por se tratar de uma profiss\u00e3o in\u00e9dita, ainda n\u00e3o existem forma\u00e7\u00f5es espec\u00edficas para se tornar um Data Protection Officer (DPO) e muitos profissionais n\u00e3o est\u00e3o aptos a assumir tal cargo. Contudo, \u00e9 importante que o DPO seja um profissional interdisciplinar.<\/span><br \/>\n<span style=\"font-size: 14pt;\">Al\u00e9m de um\u00a0<a href=\"https:\/\/www.impacta.com.br\/blog\/2019\/12\/06\/dicas-de-como-buscar-novos-conhecimentos-para-carreiras\/\" target=\"_blank\" rel=\"noopener noreferrer\">vasto conhecimento<\/a>\u00a0das legisla\u00e7\u00f5es, ele deve ter dom\u00ednio de conceitos elementares de seguran\u00e7a da informa\u00e7\u00e3o, compet\u00eancias relacionadas \u00e0 governan\u00e7a de dados e uma boa capacidade de comunica\u00e7\u00e3o interpessoal \u2014 principalmente para se comunicar com a alta ger\u00eancia, as entidades reguladoras e os consumidores da empresa.<\/span><br \/>\n<span style=\"font-size: 14pt;\">O perfil mais procurado para assumir essa fun\u00e7\u00e3o \u00e9 o de algu\u00e9m que tenha experi\u00eancia em compliance e seguran\u00e7a da informa\u00e7\u00e3o, mas que tamb\u00e9m seja comunicativo e esteja preparado para absorver conhecimentos b\u00e1sicos da \u00e1rea jur\u00eddica. Afinal, o profissional deve saber passar, com clareza e autoridade, os comunicados que forem necess\u00e1rios tanto internamente quanto externamente.<\/span><\/p>\n<h3><strong><span style=\"font-size: 14pt;\">O que faz um DPO<\/span><\/strong><\/h3>\n<p><span style=\"font-size: 14pt;\">O\u00a0<a href=\"https:\/\/www.impacta.com.br\/blog\/2019\/10\/25\/dpo-guia-do-profissional-da-lei-geral-de-protecao-de-dados-ebook\/\" target=\"_blank\" rel=\"noopener noreferrer\">DPO<\/a>\u00a0\u00e9 descrito como o profissional que responde diretamente \u00e0 alta diretoria da empresa e tamb\u00e9m interage com os \u00f3rg\u00e3os locais de prote\u00e7\u00e3o de dados, atuando como uma ponte para assegurar que tudo est\u00e1 de acordo com a lei. Ele deve ser eleito com base em suas compet\u00eancias profissionais e, em particular, em seu conhecimento em leis de prote\u00e7\u00e3o da informa\u00e7\u00e3o.<\/span><br \/>\n<span style=\"font-size: 14pt;\">Dessa forma, o DPO tem como tarefa:<\/span><\/p>\n<ul>\n<li><span style=\"font-size: 14pt;\">supervisionar a infraestrutura de defesa de dados da empresa, podendo aconselhar a alta ger\u00eancia;<\/span><\/li>\n<li><span style=\"font-size: 14pt;\">aplicar auditorias;<\/span><\/li>\n<li><span style=\"font-size: 14pt;\">corrigir eventuais falhas \u00e0 legisla\u00e7\u00e3o vigente;<\/span><\/li>\n<li><span style=\"font-size: 14pt;\">garantir que a equipe t\u00e9cnica esteja adequadamente preparada para proteger as informa\u00e7\u00f5es;<\/span><\/li>\n<li><span style=\"font-size: 14pt;\">servir como base de contato com as autoridades locais, apresentando respostas aos inqu\u00e9ritos que podem ser direcionados \u00e0 organiza\u00e7\u00e3o; entre outras.<\/span><\/li>\n<\/ul>\n<p><span style=\"font-size: 14pt;\">Criada no fim de 2018, a autoridade local que fiscaliza as a\u00e7\u00f5es das empresas no Brasil \u00e9 a Ag\u00eancia Nacional de Prote\u00e7\u00e3o de Dados (ANPD). A LGPD n\u00e3o obriga que as organiza\u00e7\u00f5es tenham um encarregado de dados designado, ao contr\u00e1rio da lei europeia que aplica essa exig\u00eancia em casos espec\u00edficos, como\u00a0<a href=\"https:\/\/www.impacta.com.br\/blog\/2020\/01\/06\/conheca-a-open-banking-a-mais-nova-transformacao-digital-nos-bancos\/\" target=\"_blank\" rel=\"noopener noreferrer\">bancos<\/a>\u00a0e \u00f3rg\u00e3os p\u00fablicos.<\/span><br \/>\n<span style=\"font-size: 14pt;\">Apesar disso, contar com o apoio de tal profissional \u00e9 um importante diferencial competitivo que, al\u00e9m de passar mais confian\u00e7a ao mercado, evita diversos problemas judiciais e garante que o neg\u00f3cio trabalhar\u00e1 sempre com uma mentalidade de privacidade em primeiro lugar.<\/span><\/p>\n<h2><strong><span style=\"font-size: 14pt;\">Transforme-se em um profissional de seguran\u00e7a em dados<\/span><\/strong><\/h2>\n<p><span style=\"font-size: 14pt;\">Um DPO deve ter bons conhecimentos de leis e pr\u00e1ticas de prote\u00e7\u00e3o de dados. Por\u00e9m, isso n\u00e3o significa que ele deve ser bacharel em Direito. Esse profissional tamb\u00e9m deve ter um entendimento do funcionamento interno das bases de uma organiza\u00e7\u00e3o, dos processos de neg\u00f3cio que utilizam dados pessoais e dos sistemas de gerenciamento de informa\u00e7\u00f5es.<\/span><br \/>\n<span style=\"font-size: 14pt;\">Outras compet\u00eancias indispens\u00e1veis para lidar com a equipe interna \u2014 incluindo a alta ger\u00eancia \u2014 s\u00e3o\u00a0<a href=\"https:\/\/www.impacta.com.br\/blog\/2019\/12\/16\/7-habilidades-profissionais-que-serao-buscadas-em-2020\/\" target=\"_blank\" rel=\"noopener noreferrer\">habilidades<\/a>\u00a0de comunica\u00e7\u00e3o e de gest\u00e3o. Afinal, o Data Protection Officer deve ser o verdadeiro l\u00edder do setor de TI.<\/span><br \/>\n<span style=\"font-size: 14pt;\">Contratar um profissional de seguran\u00e7a de dados qualificado n\u00e3o \u00e9 tarefa simples, principalmente para empresas de pequeno e m\u00e9dio porte. O candidato deve ter experi\u00eancias em n\u00edvel gerencial em TI, seguran\u00e7a cibern\u00e9tica ou governan\u00e7a, conformidade e risco.<\/span><br \/>\n<span style=\"font-size: 14pt;\">Se a pessoa escolhida tiver um bom dom\u00ednio dos conceitos sobre seguran\u00e7a da informa\u00e7\u00e3o, mas n\u00e3o tiver conhecimento satisfat\u00f3rio sobre leis e pr\u00e1ticas de prote\u00e7\u00e3o de dados, \u00e9 poss\u00edvel investir em certifica\u00e7\u00f5es que ajudem a preencher essa lacuna.<\/span><br \/>\n<span style=\"font-size: 14pt;\">Como, em geral, empresas de pequeno e m\u00e9dio porte n\u00e3o t\u00eam profissionais qualificados internamente, \u00e9 comum a terceiriza\u00e7\u00e3o do trabalho do DPO a partir de escrit\u00f3rios de advocacia ou consultorias especializadas em prote\u00e7\u00e3o de dados.<\/span><\/p>\n<h3><strong><span style=\"font-size: 14pt;\">Qualifica\u00e7\u00f5es para DPOs<\/span><\/strong><\/h3>\n<p><span style=\"font-size: 14pt;\">Para atender a grande demanda de profissionais por parte das empresas tanto do Brasil como de outras partes do mundo, v\u00e1rios institutos de certifica\u00e7\u00e3o come\u00e7aram a oferecer programas de qualifica\u00e7\u00e3o profissional orientados para essa nova fun\u00e7\u00e3o.<\/span><br \/>\n<span style=\"font-size: 14pt;\">Entre os exames que re\u00fanem os conhecimentos b\u00e1sicos para os profissionais atuarem como DPOs em qualquer pa\u00eds, est\u00e3o:<\/span><\/p>\n<ul>\n<li><span style=\"font-size: 14pt;\">Information Security Foundation (ISO 27001);<\/span><\/li>\n<li><span style=\"font-size: 14pt;\">Privacy &amp; Data Protection Foundation (PDPF);<\/span><\/li>\n<li><span style=\"font-size: 14pt;\">Privacy &amp; Data Protection Practitioner (PDPP).<\/span><\/li>\n<\/ul>\n<p><span style=\"font-size: 14pt;\">Existem cursos que ajudam a preparar para essas certifica\u00e7\u00f5es. No Brasil, elas s\u00e3o oferecidas pelo instituto\u00a0<a href=\"https:\/\/www.exin.com\/br-pt\/\" target=\"_blank\" rel=\"noopener noreferrer\">EXIN<\/a>\u00a0e t\u00eam reconhecimento internacional. Ao passar nos tr\u00eas exames, o profissional recebe um certificado integrador.<\/span><br \/>\n<span style=\"font-size: 14pt;\">A prote\u00e7\u00e3o de dados \u00e9 uma lei fundamental para garantir o direito \u00e0 privacidade dos usu\u00e1rios das\u00a0<a href=\"https:\/\/www.impacta.com.br\/blog\/2017\/11\/22\/e-book-o-guia-da-gestao-de-midias-sociais\/\" target=\"_blank\" rel=\"noopener noreferrer\">m\u00eddias digitais<\/a>\u00a0no pa\u00eds. Por isso, tanto os cidad\u00e3os quanto as institui\u00e7\u00f5es devem se manter atentos ao regulamento, uma vez que as novas regras influenciam diretamente o armazenamento e monitoramento de informa\u00e7\u00f5es pessoais e intransfer\u00edveis.<\/span><br \/>\n<span style=\"font-size: 14pt;\">Gostou do nosso conte\u00fado? Ent\u00e3o, ajude-nos a espalhar essas valiosas informa\u00e7\u00f5es compartilhando o post em suas redes sociais!<\/span>\n<\/div>\n<\/div>\n<\/div>\n<div class=\"sharing-default-minimal post-bottom\"><div class=\"nectar-social default\" data-position=\"\" data-rm-love=\"0\" data-color-override=\"override\"><div class=\"nectar-social-inner\"><a href=\"#\" class=\"nectar-love\" id=\"nectar-love-14691\" title=\"Love this\"> <i class=\"icon-salient-heart-2\"><\/i><span class=\"love-text\">Love<\/span><span class=\"total_loves\"><span class=\"nectar-love-count\">0<\/span><\/span><\/a><a class='facebook-share nectar-sharing' href='#' title='Share this'> <i class='fa fa-facebook'><\/i> <span class='social-text'>Share<\/span> <\/a><a class='twitter-share nectar-sharing' href='#' title='Share this'> <i class='fa icon-salient-x-twitter'><\/i> <span class='social-text'>Share<\/span> <\/a><a class='linkedin-share nectar-sharing' href='#' title='Share this'> <i class='fa fa-linkedin'><\/i> <span class='social-text'>Share<\/span> <\/a><a class='pinterest-share nectar-sharing' href='#' title='Pin this'> <i class='fa fa-pinterest'><\/i> <span class='social-text'>Pin<\/span> <\/a><\/div><\/div><\/div>","protected":false},"excerpt":{"rendered":"<p>N\u00e3o pode ler esse artigo agora? Ou\u00e7a a mat\u00e9ria no Player abaixo: Voc\u00ea sabe qual \u00e9 o objetivo de existir uma lei que trata sobre a prote\u00e7\u00e3o de dados? De forma geral, o regulamento permite que os cidad\u00e3os tenham mais controle sobre como as suas informa\u00e7\u00f5es s\u00e3o utilizadas por empresas, organiza\u00e7\u00f5es e, at\u00e9 mesmo, pelo [&hellip;]<\/p>\n","protected":false},"author":23,"featured_media":17166,"comment_status":"open","ping_status":"open","sticky":false,"template":"","format":"standard","meta":{"footnotes":""},"categories":[62,3],"tags":[20,879,939,940,114,806],"class_list":["post-14691","post","type-post","status-publish","format-standard","has-post-thumbnail","hentry","category-marketing-digital","category-tecnologia","tag-dados","tag-dpo","tag-gpdr","tag-lei-de-dados","tag-lgpd","tag-protecao-de-dados"],"yoast_head":"<!-- This site is optimized with the Yoast SEO plugin v25.1 - https:\/\/yoast.com\/wordpress\/plugins\/seo\/ -->\r\n<title>Prote\u00e7\u00e3o de dados: entenda mais sobre o assunto!<\/title>\r\n<meta name=\"description\" content=\"Nunca o assunto Prote\u00e7\u00e3o de Dados esteve t\u00e3o em alta quanto agora. Venha entender um pouco mais no artigo completo!\" \/>\r\n<meta name=\"robots\" content=\"index, follow, max-snippet:-1, max-image-preview:large, max-video-preview:-1\" \/>\r\n<link rel=\"canonical\" href=\"https:\/\/www.impacta.com.br\/blog\/protecao-de-dados-entenda-mais-sobre-o-assunto\/\" \/>\r\n<meta property=\"og:locale\" content=\"pt_BR\" \/>\r\n<meta property=\"og:type\" content=\"article\" \/>\r\n<meta property=\"og:title\" content=\"Prote\u00e7\u00e3o de dados: entenda mais sobre o assunto!\" \/>\r\n<meta property=\"og:description\" content=\"Nunca o assunto Prote\u00e7\u00e3o de Dados esteve t\u00e3o em alta quanto agora. Venha entender um pouco mais no artigo completo!\" \/>\r\n<meta property=\"og:url\" content=\"https:\/\/www.impacta.com.br\/blog\/protecao-de-dados-entenda-mais-sobre-o-assunto\/\" \/>\r\n<meta property=\"og:site_name\" content=\"Blog Impacta - Dicas e Not\u00edcias sobre Carreira\" \/>\r\n<meta property=\"article:published_time\" content=\"2019-09-02T20:28:52+00:00\" \/>\r\n<meta property=\"og:image\" content=\"https:\/\/www.impacta.com.br\/blog\/wp-content\/uploads\/2020\/04\/shutterstock_505694416.jpg\" \/>\r\n\t<meta property=\"og:image:width\" content=\"850\" \/>\r\n\t<meta property=\"og:image:height\" content=\"284\" \/>\r\n\t<meta property=\"og:image:type\" content=\"image\/jpeg\" \/>\r\n<meta name=\"author\" content=\"Reda\u00e7\u00e3o Impacta\" \/>\r\n<meta name=\"twitter:card\" content=\"summary_large_image\" \/>\r\n<meta name=\"twitter:label1\" content=\"Written by\" \/>\n\t<meta name=\"twitter:data1\" content=\"Reda\u00e7\u00e3o Impacta\" \/>\n\t<meta name=\"twitter:label2\" content=\"Est. reading time\" \/>\n\t<meta name=\"twitter:data2\" content=\"12 minutos\" \/>\r\n<script type=\"application\/ld+json\" class=\"yoast-schema-graph\">{\"@context\":\"https:\/\/schema.org\",\"@graph\":[{\"@type\":\"WebPage\",\"@id\":\"https:\/\/www.impacta.com.br\/blog\/protecao-de-dados-entenda-mais-sobre-o-assunto\/\",\"url\":\"https:\/\/www.impacta.com.br\/blog\/protecao-de-dados-entenda-mais-sobre-o-assunto\/\",\"name\":\"Prote\u00e7\u00e3o de dados: entenda mais sobre o assunto!\",\"isPartOf\":{\"@id\":\"https:\/\/www.impacta.com.br\/blog\/#website\"},\"primaryImageOfPage\":{\"@id\":\"https:\/\/www.impacta.com.br\/blog\/protecao-de-dados-entenda-mais-sobre-o-assunto\/#primaryimage\"},\"image\":{\"@id\":\"https:\/\/www.impacta.com.br\/blog\/protecao-de-dados-entenda-mais-sobre-o-assunto\/#primaryimage\"},\"thumbnailUrl\":\"https:\/\/www.impacta.com.br\/blog\/wp-content\/uploads\/2020\/04\/shutterstock_505694416.jpg\",\"datePublished\":\"2019-09-02T20:28:52+00:00\",\"author\":{\"@id\":\"https:\/\/www.impacta.com.br\/blog\/#\/schema\/person\/3882324164f9237ab7e8d7ac28ecfe79\"},\"description\":\"Nunca o assunto Prote\u00e7\u00e3o de Dados esteve t\u00e3o em alta quanto agora. Venha entender um pouco mais no artigo completo!\",\"breadcrumb\":{\"@id\":\"https:\/\/www.impacta.com.br\/blog\/protecao-de-dados-entenda-mais-sobre-o-assunto\/#breadcrumb\"},\"inLanguage\":\"pt-BR\",\"potentialAction\":[{\"@type\":\"ReadAction\",\"target\":[\"https:\/\/www.impacta.com.br\/blog\/protecao-de-dados-entenda-mais-sobre-o-assunto\/\"]}]},{\"@type\":\"ImageObject\",\"inLanguage\":\"pt-BR\",\"@id\":\"https:\/\/www.impacta.com.br\/blog\/protecao-de-dados-entenda-mais-sobre-o-assunto\/#primaryimage\",\"url\":\"https:\/\/www.impacta.com.br\/blog\/wp-content\/uploads\/2020\/04\/shutterstock_505694416.jpg\",\"contentUrl\":\"https:\/\/www.impacta.com.br\/blog\/wp-content\/uploads\/2020\/04\/shutterstock_505694416.jpg\",\"width\":850,\"height\":284},{\"@type\":\"BreadcrumbList\",\"@id\":\"https:\/\/www.impacta.com.br\/blog\/protecao-de-dados-entenda-mais-sobre-o-assunto\/#breadcrumb\",\"itemListElement\":[{\"@type\":\"ListItem\",\"position\":1,\"name\":\"In\u00edcio\",\"item\":\"https:\/\/www.impacta.com.br\/blog\/\"},{\"@type\":\"ListItem\",\"position\":2,\"name\":\"Prote\u00e7\u00e3o de dados: entenda mais sobre o assunto!\"}]},{\"@type\":\"WebSite\",\"@id\":\"https:\/\/www.impacta.com.br\/blog\/#website\",\"url\":\"https:\/\/www.impacta.com.br\/blog\/\",\"name\":\"Blog Impacta - Dicas e Not\u00edcias sobre Carreira\",\"description\":\"Dicas, Not\u00edcias e Conte\u00fados sobre Carreira, Tecnologia, Design, Gest\u00e3o e Marketing. Conhe\u00e7a e Acompanhe o Blog Impacta\",\"potentialAction\":[{\"@type\":\"SearchAction\",\"target\":{\"@type\":\"EntryPoint\",\"urlTemplate\":\"https:\/\/www.impacta.com.br\/blog\/?s={search_term_string}\"},\"query-input\":{\"@type\":\"PropertyValueSpecification\",\"valueRequired\":true,\"valueName\":\"search_term_string\"}}],\"inLanguage\":\"pt-BR\"},{\"@type\":\"Person\",\"@id\":\"https:\/\/www.impacta.com.br\/blog\/#\/schema\/person\/3882324164f9237ab7e8d7ac28ecfe79\",\"name\":\"Reda\u00e7\u00e3o Impacta\",\"image\":{\"@type\":\"ImageObject\",\"inLanguage\":\"pt-BR\",\"@id\":\"https:\/\/www.impacta.com.br\/blog\/#\/schema\/person\/image\/\",\"url\":\"https:\/\/secure.gravatar.com\/avatar\/2532096eed25696c0e117e2cbb2f2e7c?s=96&d=mm&r=g\",\"contentUrl\":\"https:\/\/secure.gravatar.com\/avatar\/2532096eed25696c0e117e2cbb2f2e7c?s=96&d=mm&r=g\",\"caption\":\"Reda\u00e7\u00e3o Impacta\"},\"url\":\"https:\/\/www.impacta.com.br\/blog\/author\/redacao_impacta\/\"}]}<\/script>\r\n<!-- \/ Yoast SEO plugin. -->","yoast_head_json":{"title":"Prote\u00e7\u00e3o de dados: entenda mais sobre o assunto!","description":"Nunca o assunto Prote\u00e7\u00e3o de Dados esteve t\u00e3o em alta quanto agora. Venha entender um pouco mais no artigo completo!","robots":{"index":"index","follow":"follow","max-snippet":"max-snippet:-1","max-image-preview":"max-image-preview:large","max-video-preview":"max-video-preview:-1"},"canonical":"https:\/\/www.impacta.com.br\/blog\/protecao-de-dados-entenda-mais-sobre-o-assunto\/","og_locale":"pt_BR","og_type":"article","og_title":"Prote\u00e7\u00e3o de dados: entenda mais sobre o assunto!","og_description":"Nunca o assunto Prote\u00e7\u00e3o de Dados esteve t\u00e3o em alta quanto agora. Venha entender um pouco mais no artigo completo!","og_url":"https:\/\/www.impacta.com.br\/blog\/protecao-de-dados-entenda-mais-sobre-o-assunto\/","og_site_name":"Blog Impacta - Dicas e Not\u00edcias sobre Carreira","article_published_time":"2019-09-02T20:28:52+00:00","og_image":[{"width":850,"height":284,"url":"https:\/\/www.impacta.com.br\/blog\/wp-content\/uploads\/2020\/04\/shutterstock_505694416.jpg","type":"image\/jpeg"}],"author":"Reda\u00e7\u00e3o Impacta","twitter_card":"summary_large_image","twitter_misc":{"Written by":"Reda\u00e7\u00e3o Impacta","Est. reading time":"12 minutos"},"schema":{"@context":"https:\/\/schema.org","@graph":[{"@type":"WebPage","@id":"https:\/\/www.impacta.com.br\/blog\/protecao-de-dados-entenda-mais-sobre-o-assunto\/","url":"https:\/\/www.impacta.com.br\/blog\/protecao-de-dados-entenda-mais-sobre-o-assunto\/","name":"Prote\u00e7\u00e3o de dados: entenda mais sobre o assunto!","isPartOf":{"@id":"https:\/\/www.impacta.com.br\/blog\/#website"},"primaryImageOfPage":{"@id":"https:\/\/www.impacta.com.br\/blog\/protecao-de-dados-entenda-mais-sobre-o-assunto\/#primaryimage"},"image":{"@id":"https:\/\/www.impacta.com.br\/blog\/protecao-de-dados-entenda-mais-sobre-o-assunto\/#primaryimage"},"thumbnailUrl":"https:\/\/www.impacta.com.br\/blog\/wp-content\/uploads\/2020\/04\/shutterstock_505694416.jpg","datePublished":"2019-09-02T20:28:52+00:00","author":{"@id":"https:\/\/www.impacta.com.br\/blog\/#\/schema\/person\/3882324164f9237ab7e8d7ac28ecfe79"},"description":"Nunca o assunto Prote\u00e7\u00e3o de Dados esteve t\u00e3o em alta quanto agora. Venha entender um pouco mais no artigo completo!","breadcrumb":{"@id":"https:\/\/www.impacta.com.br\/blog\/protecao-de-dados-entenda-mais-sobre-o-assunto\/#breadcrumb"},"inLanguage":"pt-BR","potentialAction":[{"@type":"ReadAction","target":["https:\/\/www.impacta.com.br\/blog\/protecao-de-dados-entenda-mais-sobre-o-assunto\/"]}]},{"@type":"ImageObject","inLanguage":"pt-BR","@id":"https:\/\/www.impacta.com.br\/blog\/protecao-de-dados-entenda-mais-sobre-o-assunto\/#primaryimage","url":"https:\/\/www.impacta.com.br\/blog\/wp-content\/uploads\/2020\/04\/shutterstock_505694416.jpg","contentUrl":"https:\/\/www.impacta.com.br\/blog\/wp-content\/uploads\/2020\/04\/shutterstock_505694416.jpg","width":850,"height":284},{"@type":"BreadcrumbList","@id":"https:\/\/www.impacta.com.br\/blog\/protecao-de-dados-entenda-mais-sobre-o-assunto\/#breadcrumb","itemListElement":[{"@type":"ListItem","position":1,"name":"In\u00edcio","item":"https:\/\/www.impacta.com.br\/blog\/"},{"@type":"ListItem","position":2,"name":"Prote\u00e7\u00e3o de dados: entenda mais sobre o assunto!"}]},{"@type":"WebSite","@id":"https:\/\/www.impacta.com.br\/blog\/#website","url":"https:\/\/www.impacta.com.br\/blog\/","name":"Blog Impacta - Dicas e Not\u00edcias sobre Carreira","description":"Dicas, Not\u00edcias e Conte\u00fados sobre Carreira, Tecnologia, Design, Gest\u00e3o e Marketing. Conhe\u00e7a e Acompanhe o Blog Impacta","potentialAction":[{"@type":"SearchAction","target":{"@type":"EntryPoint","urlTemplate":"https:\/\/www.impacta.com.br\/blog\/?s={search_term_string}"},"query-input":{"@type":"PropertyValueSpecification","valueRequired":true,"valueName":"search_term_string"}}],"inLanguage":"pt-BR"},{"@type":"Person","@id":"https:\/\/www.impacta.com.br\/blog\/#\/schema\/person\/3882324164f9237ab7e8d7ac28ecfe79","name":"Reda\u00e7\u00e3o Impacta","image":{"@type":"ImageObject","inLanguage":"pt-BR","@id":"https:\/\/www.impacta.com.br\/blog\/#\/schema\/person\/image\/","url":"https:\/\/secure.gravatar.com\/avatar\/2532096eed25696c0e117e2cbb2f2e7c?s=96&d=mm&r=g","contentUrl":"https:\/\/secure.gravatar.com\/avatar\/2532096eed25696c0e117e2cbb2f2e7c?s=96&d=mm&r=g","caption":"Reda\u00e7\u00e3o Impacta"},"url":"https:\/\/www.impacta.com.br\/blog\/author\/redacao_impacta\/"}]}},"acf":{"post_description":null,"capa_mobile":null},"_links":{"self":[{"href":"https:\/\/www.impacta.com.br\/blog\/wp-json\/wp\/v2\/posts\/14691","targetHints":{"allow":["GET"]}}],"collection":[{"href":"https:\/\/www.impacta.com.br\/blog\/wp-json\/wp\/v2\/posts"}],"about":[{"href":"https:\/\/www.impacta.com.br\/blog\/wp-json\/wp\/v2\/types\/post"}],"author":[{"embeddable":true,"href":"https:\/\/www.impacta.com.br\/blog\/wp-json\/wp\/v2\/users\/23"}],"replies":[{"embeddable":true,"href":"https:\/\/www.impacta.com.br\/blog\/wp-json\/wp\/v2\/comments?post=14691"}],"version-history":[{"count":0,"href":"https:\/\/www.impacta.com.br\/blog\/wp-json\/wp\/v2\/posts\/14691\/revisions"}],"wp:featuredmedia":[{"embeddable":true,"href":"https:\/\/www.impacta.com.br\/blog\/wp-json\/wp\/v2\/media\/17166"}],"wp:attachment":[{"href":"https:\/\/www.impacta.com.br\/blog\/wp-json\/wp\/v2\/media?parent=14691"}],"wp:term":[{"taxonomy":"category","embeddable":true,"href":"https:\/\/www.impacta.com.br\/blog\/wp-json\/wp\/v2\/categories?post=14691"},{"taxonomy":"post_tag","embeddable":true,"href":"https:\/\/www.impacta.com.br\/blog\/wp-json\/wp\/v2\/tags?post=14691"}],"curies":[{"name":"wp","href":"https:\/\/api.w.org\/{rel}","templated":true}]}}