{"id":1458,"date":"2017-09-18T17:15:51","date_gmt":"2017-09-18T20:15:51","guid":{"rendered":"http:\/\/www.impacta.edu.br\/blog\/?p=1458"},"modified":"2017-09-18T17:15:51","modified_gmt":"2017-09-18T20:15:51","slug":"3-feira-recrutamento-impacta","status":"publish","type":"post","link":"https:\/\/www.impacta.com.br\/blog\/3-feira-recrutamento-impacta\/","title":{"rendered":"Faculdade Impacta realizar\u00e1 3.\u00aa Feira de Recrutamento em outubro"},"content":{"rendered":"<h4><em>A 3\u00aa Feira de Recrutamento contar\u00e1 com a participa\u00e7\u00e3o de algumas das maiores empresas do Brasil. Confira a programa\u00e7\u00e3o.<\/em><\/h4>\n<p>No dia 18 de outubro, a Faculdade Impacta Tecnologia realizar\u00e1 a 3.\u00aa Feira de Recrutamento, que vai contar com a participa\u00e7\u00e3o das maiores empresas do Pa\u00eds em busca de profissionais qualificados para suas vagas de est\u00e1gio ou emprego.<br \/>\nO evento, voltado a alunos da Impacta e alunos do ensino m\u00e9dio de escolas em geral, ser\u00e1 uma oportunidade para fazer conex\u00f5es com <strong>grandes empresas da \u00e1rea de TI, Gest\u00e3o, Comunica\u00e7\u00e3o e Design<\/strong>, conhecer os processos de recrutamento de cada uma delas, se candidatar \u00e0s vagas dispon\u00edveis e fazer networking com os profissionais presentes.<\/p>\n<h3><strong>Empresas participantes<\/strong><\/h3>\n<p>Durante a Feira, o p\u00fablico poder\u00e1 se atualizar sobre suas \u00e1reas de interesse, conhecer as tend\u00eancias do mercado e cadastrar o curr\u00edculo nos stands das empresas para concorrer \u00e0s oportunidades do mercado.<br \/>\nEntre as institui\u00e7\u00f5es participantes est\u00e3o: TOTVS, Indra Company, Ita\u00fa, Wipro, Cappta, Connectcom Teleinform\u00e1tica, Sonda do Brasil, T-Systems, Locaweb, Great Place to Work, BRQ, Ernst &amp; Young Terco e Impacta English School, esta \u00faltima com condi\u00e7\u00f5es especiais para cursos de ingl\u00eas. Al\u00e9m dessas, outras empresas de grande porte confirmar\u00e3o sua presen\u00e7a no evento nos pr\u00f3ximos dias.<\/p>\n<h3><strong>Como chegar? <\/strong><\/h3>\n<p>A 3.\u00aa Feira de Recrutamento acontecer\u00e1 no campus Barra Funda da Impacta, localizado <strong>na Avenida Rudge, 315, das 16h \u00e0s 20h no dia 18 de outubro para o p\u00fablico geral. Vale ressaltar que a entrada \u00e9 gratuita.<\/strong><br \/>\nA Impacta vai oferecer transporte de apoio ao p\u00fablico, que parte da esta\u00e7\u00e3o Palmeiras-Barra Funda do metr\u00f4, plataforma 4 do Terminal Tur\u00edstico. O servi\u00e7o \u00e9 realizado pela Ipojucatur.<\/p>\n<div class=\"sharing-default-minimal post-bottom\"><div class=\"nectar-social default\" data-position=\"\" data-rm-love=\"0\" data-color-override=\"override\"><div class=\"nectar-social-inner\"><a href=\"#\" class=\"nectar-love\" id=\"nectar-love-1458\" title=\"Love this\"> <i class=\"icon-salient-heart-2\"><\/i><span class=\"love-text\">Love<\/span><span class=\"total_loves\"><span class=\"nectar-love-count\">0<\/span><\/span><\/a><a class='facebook-share nectar-sharing' href='#' title='Share this'> <i class='fa fa-facebook'><\/i> <span class='social-text'>Share<\/span> <\/a><a class='twitter-share nectar-sharing' href='#' title='Share this'> <i class='fa icon-salient-x-twitter'><\/i> <span class='social-text'>Share<\/span> <\/a><a class='linkedin-share nectar-sharing' href='#' title='Share this'> <i class='fa fa-linkedin'><\/i> <span class='social-text'>Share<\/span> <\/a><a class='pinterest-share nectar-sharing' href='#' title='Pin this'> <i class='fa fa-pinterest'><\/i> <span class='social-text'>Pin<\/span> <\/a><\/div><\/div><\/div>","protected":false},"excerpt":{"rendered":"<p>A 3\u00aa Feira de Recrutamento contar\u00e1 com a participa\u00e7\u00e3o de algumas das maiores empresas do Brasil. Confira a programa\u00e7\u00e3o. No dia 18 de outubro, a Faculdade Impacta Tecnologia realizar\u00e1 a 3.\u00aa Feira de Recrutamento, que vai contar com a participa\u00e7\u00e3o das maiores empresas do Pa\u00eds em busca de profissionais qualificados para suas vagas de est\u00e1gio [&hellip;]<\/p>\n","protected":false},"author":57,"featured_media":18025,"comment_status":"open","ping_status":"open","sticky":false,"template":"","format":"standard","meta":{"footnotes":""},"categories":[1092],"tags":[700,281],"class_list":["post-1458","post","type-post","status-publish","format-standard","has-post-thumbnail","hentry","category-impacta","tag-eventos","tag-faculdade-impacta"],"yoast_head":"<!-- This site is optimized with the Yoast SEO plugin v25.1 - https:\/\/yoast.com\/wordpress\/plugins\/seo\/ -->\r\n<title>Faculdade Impacta realizar\u00e1 3.\u00aa Feira de Recrutamento em Outubro<\/title>\r\n<meta name=\"description\" content=\"A 3.\u00aa Feira de Recrutamento acontecer\u00e1 no campus Barra Funda da Impacta, localizado na Avenida Rudge, 315, das 11h \u00e0s 18h para o p\u00fablico geral.\" \/>\r\n<meta name=\"robots\" content=\"index, follow, max-snippet:-1, max-image-preview:large, max-video-preview:-1\" \/>\r\n<link rel=\"canonical\" href=\"https:\/\/www.impacta.com.br\/blog\/3-feira-recrutamento-impacta\/\" \/>\r\n<meta property=\"og:locale\" content=\"pt_BR\" \/>\r\n<meta property=\"og:type\" content=\"article\" \/>\r\n<meta property=\"og:title\" content=\"Faculdade Impacta realizar\u00e1 3.\u00aa Feira de Recrutamento em Outubro\" \/>\r\n<meta property=\"og:description\" content=\"A 3.\u00aa Feira de Recrutamento acontecer\u00e1 no campus Barra Funda da Impacta, localizado na Avenida Rudge, 315, das 11h \u00e0s 18h para o p\u00fablico geral.\" \/>\r\n<meta property=\"og:url\" content=\"https:\/\/www.impacta.com.br\/blog\/3-feira-recrutamento-impacta\/\" \/>\r\n<meta property=\"og:site_name\" content=\"Blog Impacta - Dicas e Not\u00edcias sobre Carreira\" \/>\r\n<meta property=\"article:published_time\" content=\"2017-09-18T20:15:51+00:00\" \/>\r\n<meta property=\"og:image\" content=\"https:\/\/www.impacta.com.br\/blog\/wp-content\/uploads\/2020\/04\/capa-blog.png\" \/>\r\n\t<meta property=\"og:image:width\" content=\"800\" \/>\r\n\t<meta property=\"og:image:height\" content=\"533\" \/>\r\n\t<meta property=\"og:image:type\" content=\"image\/png\" \/>\r\n<meta name=\"author\" content=\"J\u00e9ssica Lima\" \/>\r\n<meta name=\"twitter:card\" content=\"summary_large_image\" \/>\r\n<meta name=\"twitter:label1\" content=\"Written by\" \/>\n\t<meta name=\"twitter:data1\" content=\"J\u00e9ssica Lima\" \/>\n\t<meta name=\"twitter:label2\" content=\"Est. reading time\" \/>\n\t<meta name=\"twitter:data2\" content=\"1 minuto\" \/>\r\n<script type=\"application\/ld+json\" class=\"yoast-schema-graph\">{\"@context\":\"https:\/\/schema.org\",\"@graph\":[{\"@type\":\"WebPage\",\"@id\":\"https:\/\/www.impacta.com.br\/blog\/3-feira-recrutamento-impacta\/\",\"url\":\"https:\/\/www.impacta.com.br\/blog\/3-feira-recrutamento-impacta\/\",\"name\":\"Faculdade Impacta realizar\u00e1 3.\u00aa Feira de Recrutamento em Outubro\",\"isPartOf\":{\"@id\":\"https:\/\/www.impacta.com.br\/blog\/#website\"},\"primaryImageOfPage\":{\"@id\":\"https:\/\/www.impacta.com.br\/blog\/3-feira-recrutamento-impacta\/#primaryimage\"},\"image\":{\"@id\":\"https:\/\/www.impacta.com.br\/blog\/3-feira-recrutamento-impacta\/#primaryimage\"},\"thumbnailUrl\":\"https:\/\/www.impacta.com.br\/blog\/wp-content\/uploads\/2020\/04\/capa-blog.png\",\"datePublished\":\"2017-09-18T20:15:51+00:00\",\"author\":{\"@id\":\"https:\/\/www.impacta.com.br\/blog\/#\/schema\/person\/8f4b311598e2f343bad8eb692b11d39d\"},\"description\":\"A 3.\u00aa Feira de Recrutamento acontecer\u00e1 no campus Barra Funda da Impacta, localizado na Avenida Rudge, 315, das 11h \u00e0s 18h para o p\u00fablico geral.\",\"breadcrumb\":{\"@id\":\"https:\/\/www.impacta.com.br\/blog\/3-feira-recrutamento-impacta\/#breadcrumb\"},\"inLanguage\":\"pt-BR\",\"potentialAction\":[{\"@type\":\"ReadAction\",\"target\":[\"https:\/\/www.impacta.com.br\/blog\/3-feira-recrutamento-impacta\/\"]}]},{\"@type\":\"ImageObject\",\"inLanguage\":\"pt-BR\",\"@id\":\"https:\/\/www.impacta.com.br\/blog\/3-feira-recrutamento-impacta\/#primaryimage\",\"url\":\"https:\/\/www.impacta.com.br\/blog\/wp-content\/uploads\/2020\/04\/capa-blog.png\",\"contentUrl\":\"https:\/\/www.impacta.com.br\/blog\/wp-content\/uploads\/2020\/04\/capa-blog.png\",\"width\":800,\"height\":533},{\"@type\":\"BreadcrumbList\",\"@id\":\"https:\/\/www.impacta.com.br\/blog\/3-feira-recrutamento-impacta\/#breadcrumb\",\"itemListElement\":[{\"@type\":\"ListItem\",\"position\":1,\"name\":\"In\u00edcio\",\"item\":\"https:\/\/www.impacta.com.br\/blog\/\"},{\"@type\":\"ListItem\",\"position\":2,\"name\":\"Faculdade Impacta realizar\u00e1 3.\u00aa Feira de Recrutamento em outubro\"}]},{\"@type\":\"WebSite\",\"@id\":\"https:\/\/www.impacta.com.br\/blog\/#website\",\"url\":\"https:\/\/www.impacta.com.br\/blog\/\",\"name\":\"Blog Impacta - Dicas e Not\u00edcias sobre Carreira\",\"description\":\"Dicas, Not\u00edcias e Conte\u00fados sobre Carreira, Tecnologia, Design, Gest\u00e3o e Marketing. Conhe\u00e7a e Acompanhe o Blog Impacta\",\"potentialAction\":[{\"@type\":\"SearchAction\",\"target\":{\"@type\":\"EntryPoint\",\"urlTemplate\":\"https:\/\/www.impacta.com.br\/blog\/?s={search_term_string}\"},\"query-input\":{\"@type\":\"PropertyValueSpecification\",\"valueRequired\":true,\"valueName\":\"search_term_string\"}}],\"inLanguage\":\"pt-BR\"},{\"@type\":\"Person\",\"@id\":\"https:\/\/www.impacta.com.br\/blog\/#\/schema\/person\/8f4b311598e2f343bad8eb692b11d39d\",\"name\":\"J\u00e9ssica Lima\",\"image\":{\"@type\":\"ImageObject\",\"inLanguage\":\"pt-BR\",\"@id\":\"https:\/\/www.impacta.com.br\/blog\/#\/schema\/person\/image\/\",\"url\":\"https:\/\/secure.gravatar.com\/avatar\/bae38fda68ae34b80e3d01e4b8be10c8?s=96&d=mm&r=g\",\"contentUrl\":\"https:\/\/secure.gravatar.com\/avatar\/bae38fda68ae34b80e3d01e4b8be10c8?s=96&d=mm&r=g\",\"caption\":\"J\u00e9ssica Lima\"},\"url\":\"https:\/\/www.impacta.com.br\/blog\/author\/jessica-lima\/\"}]}<\/script>\r\n<!-- \/ Yoast SEO plugin. -->","yoast_head_json":{"title":"Faculdade Impacta realizar\u00e1 3.\u00aa Feira de Recrutamento em Outubro","description":"A 3.\u00aa Feira de Recrutamento acontecer\u00e1 no campus Barra Funda da Impacta, localizado na Avenida Rudge, 315, das 11h \u00e0s 18h para o p\u00fablico geral.","robots":{"index":"index","follow":"follow","max-snippet":"max-snippet:-1","max-image-preview":"max-image-preview:large","max-video-preview":"max-video-preview:-1"},"canonical":"https:\/\/www.impacta.com.br\/blog\/3-feira-recrutamento-impacta\/","og_locale":"pt_BR","og_type":"article","og_title":"Faculdade Impacta realizar\u00e1 3.\u00aa Feira de Recrutamento em Outubro","og_description":"A 3.\u00aa Feira de Recrutamento acontecer\u00e1 no campus Barra Funda da Impacta, localizado na Avenida Rudge, 315, das 11h \u00e0s 18h para o p\u00fablico geral.","og_url":"https:\/\/www.impacta.com.br\/blog\/3-feira-recrutamento-impacta\/","og_site_name":"Blog Impacta - Dicas e Not\u00edcias sobre Carreira","article_published_time":"2017-09-18T20:15:51+00:00","og_image":[{"width":800,"height":533,"url":"https:\/\/www.impacta.com.br\/blog\/wp-content\/uploads\/2020\/04\/capa-blog.png","type":"image\/png"}],"author":"J\u00e9ssica Lima","twitter_card":"summary_large_image","twitter_misc":{"Written by":"J\u00e9ssica Lima","Est. reading time":"1 minuto"},"schema":{"@context":"https:\/\/schema.org","@graph":[{"@type":"WebPage","@id":"https:\/\/www.impacta.com.br\/blog\/3-feira-recrutamento-impacta\/","url":"https:\/\/www.impacta.com.br\/blog\/3-feira-recrutamento-impacta\/","name":"Faculdade Impacta realizar\u00e1 3.\u00aa Feira de Recrutamento em Outubro","isPartOf":{"@id":"https:\/\/www.impacta.com.br\/blog\/#website"},"primaryImageOfPage":{"@id":"https:\/\/www.impacta.com.br\/blog\/3-feira-recrutamento-impacta\/#primaryimage"},"image":{"@id":"https:\/\/www.impacta.com.br\/blog\/3-feira-recrutamento-impacta\/#primaryimage"},"thumbnailUrl":"https:\/\/www.impacta.com.br\/blog\/wp-content\/uploads\/2020\/04\/capa-blog.png","datePublished":"2017-09-18T20:15:51+00:00","author":{"@id":"https:\/\/www.impacta.com.br\/blog\/#\/schema\/person\/8f4b311598e2f343bad8eb692b11d39d"},"description":"A 3.\u00aa Feira de Recrutamento acontecer\u00e1 no campus Barra Funda da Impacta, localizado na Avenida Rudge, 315, das 11h \u00e0s 18h para o p\u00fablico geral.","breadcrumb":{"@id":"https:\/\/www.impacta.com.br\/blog\/3-feira-recrutamento-impacta\/#breadcrumb"},"inLanguage":"pt-BR","potentialAction":[{"@type":"ReadAction","target":["https:\/\/www.impacta.com.br\/blog\/3-feira-recrutamento-impacta\/"]}]},{"@type":"ImageObject","inLanguage":"pt-BR","@id":"https:\/\/www.impacta.com.br\/blog\/3-feira-recrutamento-impacta\/#primaryimage","url":"https:\/\/www.impacta.com.br\/blog\/wp-content\/uploads\/2020\/04\/capa-blog.png","contentUrl":"https:\/\/www.impacta.com.br\/blog\/wp-content\/uploads\/2020\/04\/capa-blog.png","width":800,"height":533},{"@type":"BreadcrumbList","@id":"https:\/\/www.impacta.com.br\/blog\/3-feira-recrutamento-impacta\/#breadcrumb","itemListElement":[{"@type":"ListItem","position":1,"name":"In\u00edcio","item":"https:\/\/www.impacta.com.br\/blog\/"},{"@type":"ListItem","position":2,"name":"Faculdade Impacta realizar\u00e1 3.\u00aa Feira de Recrutamento em outubro"}]},{"@type":"WebSite","@id":"https:\/\/www.impacta.com.br\/blog\/#website","url":"https:\/\/www.impacta.com.br\/blog\/","name":"Blog Impacta - Dicas e Not\u00edcias sobre Carreira","description":"Dicas, Not\u00edcias e Conte\u00fados sobre Carreira, Tecnologia, Design, Gest\u00e3o e Marketing. Conhe\u00e7a e Acompanhe o Blog Impacta","potentialAction":[{"@type":"SearchAction","target":{"@type":"EntryPoint","urlTemplate":"https:\/\/www.impacta.com.br\/blog\/?s={search_term_string}"},"query-input":{"@type":"PropertyValueSpecification","valueRequired":true,"valueName":"search_term_string"}}],"inLanguage":"pt-BR"},{"@type":"Person","@id":"https:\/\/www.impacta.com.br\/blog\/#\/schema\/person\/8f4b311598e2f343bad8eb692b11d39d","name":"J\u00e9ssica Lima","image":{"@type":"ImageObject","inLanguage":"pt-BR","@id":"https:\/\/www.impacta.com.br\/blog\/#\/schema\/person\/image\/","url":"https:\/\/secure.gravatar.com\/avatar\/bae38fda68ae34b80e3d01e4b8be10c8?s=96&d=mm&r=g","contentUrl":"https:\/\/secure.gravatar.com\/avatar\/bae38fda68ae34b80e3d01e4b8be10c8?s=96&d=mm&r=g","caption":"J\u00e9ssica Lima"},"url":"https:\/\/www.impacta.com.br\/blog\/author\/jessica-lima\/"}]}},"acf":{"post_description":null,"capa_mobile":null},"_links":{"self":[{"href":"https:\/\/www.impacta.com.br\/blog\/wp-json\/wp\/v2\/posts\/1458","targetHints":{"allow":["GET"]}}],"collection":[{"href":"https:\/\/www.impacta.com.br\/blog\/wp-json\/wp\/v2\/posts"}],"about":[{"href":"https:\/\/www.impacta.com.br\/blog\/wp-json\/wp\/v2\/types\/post"}],"author":[{"embeddable":true,"href":"https:\/\/www.impacta.com.br\/blog\/wp-json\/wp\/v2\/users\/57"}],"replies":[{"embeddable":true,"href":"https:\/\/www.impacta.com.br\/blog\/wp-json\/wp\/v2\/comments?post=1458"}],"version-history":[{"count":0,"href":"https:\/\/www.impacta.com.br\/blog\/wp-json\/wp\/v2\/posts\/1458\/revisions"}],"wp:featuredmedia":[{"embeddable":true,"href":"https:\/\/www.impacta.com.br\/blog\/wp-json\/wp\/v2\/media\/18025"}],"wp:attachment":[{"href":"https:\/\/www.impacta.com.br\/blog\/wp-json\/wp\/v2\/media?parent=1458"}],"wp:term":[{"taxonomy":"category","embeddable":true,"href":"https:\/\/www.impacta.com.br\/blog\/wp-json\/wp\/v2\/categories?post=1458"},{"taxonomy":"post_tag","embeddable":true,"href":"https:\/\/www.impacta.com.br\/blog\/wp-json\/wp\/v2\/tags?post=1458"}],"curies":[{"name":"wp","href":"https:\/\/api.w.org\/{rel}","templated":true}]}}