{"id":14443,"date":"2019-05-29T14:38:53","date_gmt":"2019-05-29T17:38:53","guid":{"rendered":"http:\/\/www.impacta.com.br\/blog\/?p=14443"},"modified":"2019-05-29T14:38:53","modified_gmt":"2019-05-29T17:38:53","slug":"por-que-mentir-no-curriculo-comum-ruim-entenda","status":"publish","type":"post","link":"https:\/\/www.impacta.com.br\/blog\/por-que-mentir-no-curriculo-comum-ruim-entenda\/","title":{"rendered":"Por que mentir no curr\u00edculo \u00e9 t\u00e3o comum &#8211; e t\u00e3o ruim?"},"content":{"rendered":"<p><span style=\"font-size: 14pt;\">O que <strong>quatro ministros<\/strong>, uma renomada <strong>doutora em qu\u00edmica<\/strong>, um <strong>governador<\/strong> e centenas de <strong>profissionais<\/strong> t\u00eam em comum?<\/span><br \/>\n<span style=\"font-size: 14pt;\">Infelizmente a resposta n\u00e3o \u00e9 uma daquelas piadas de compara\u00e7\u00e3o, mas sim uma inconveniente verdade sobre o mercado brasileiro. Em todos os exemplos da pergunta acima as pessoas contam com, digamos,<strong> \u201cinforma\u00e7\u00f5es distorcidas\u201d em seus curr\u00edculos<\/strong>.<\/span><br \/>\n<span style=\"font-size: 14pt;\">Os casos envolvendo pol\u00edticos e pessoas p\u00fablicas ganharam grande repercuss\u00e3o nas \u00faltimas semanas devido \u00e0 descoberta de informa\u00e7\u00f5es inver\u00eddicas nos cadastros Lattes \u2013 sistema que armazena informa\u00e7\u00f5es de pesquisadores. Foram flagrados desde inexistentes Doutorados em Harvard (EUA), at\u00e9 publica\u00e7\u00f5es duplicadas \u2013 o chamado autopl\u00e1gio.<\/span><br \/>\n<span style=\"font-size: 14pt;\">Por\u00e9m, a verdade \u00e9 que a pr\u00e1tica n\u00e3o \u00e9 restrita aos altos t\u00edtulos e nem representa um comportamento novo no mercado de trabalho. Segundo <a href=\"https:\/\/exame.abril.com.br\/carreira\/a-professora-nao-estudou-em-harvard-75-dos-brasileiros-mentem-no-cv\/\" target=\"_blank\" rel=\"noopener noreferrer\">levantamento da consultoria DNA Outplacement<\/a>, mentir no curr\u00edculo \u00e9 mais comum do que pode parecer, j\u00e1 que acontece com cerca de <strong>75% dos profissionais brasileiros<\/strong>.<\/span><br \/>\n<span style=\"font-size: 14pt;\">Mas por que tantos profissionais mentem no curr\u00edculo? Quais os principais problemas disso? Vamos entender!<\/span><\/p>\n<h2><span style=\"font-size: 14pt;\"><strong>Os perigos de mentir no curr\u00edculo<\/strong><\/span><\/h2>\n<p><span style=\"font-size: 14pt;\">Ainda segundo a pesquisa da DNA, as mentiras mais comuns nos CVs brasileiros est\u00e3o relacionadas aos <strong>valores de sal\u00e1rio atual<\/strong> (48%) e ao <strong>dom\u00ednio do ingl\u00eas<\/strong> (41%). Por\u00e9m, h\u00e1 muitos casos tamb\u00e9m (12%) de pessoas que <strong>aumentam o grau de escolaridade<\/strong> ou incluem <strong>cursos falsos <\/strong>no curr\u00edculo.<\/span><br \/>\n<span style=\"font-size: 14pt;\">H\u00e1 tamb\u00e9m casos que costumam ser relativizados como \u201cpequenos floreios\u201d, como quando o profissional diz ter \u201cdom\u00ednio do <a href=\"https:\/\/www.impacta.com.br\/blog\/2017\/06\/05\/saiba-como-os-cursos-de-office-sao-valorizados-em-seu-curriculo\/\" target=\"_blank\" rel=\"noopener noreferrer\">Office<\/a>\u201d, mas na verdade conhece apenas o <a title=\"Conhe\u00e7a 12 truques do Microsoft Word\" href=\"https:\/\/www.impacta.com.br\/blog\/2018\/06\/08\/conheca-12-truques-do-microsoft-word\/\" target=\"_blank\" rel=\"noopener noreferrer\">Word <\/a>ou <a title=\"Curso de Powerpoint: entenda a import\u00e2ncia dessa ferramenta para o mercado\" href=\"https:\/\/www.impacta.com.br\/blog\/2017\/06\/26\/curso-de-powerpoint-entenda-a-importancia-dessa-ferramenta-para-o-mercado\/\" target=\"_blank\" rel=\"noopener noreferrer\">PowerPoint<\/a>, ou quando diz possuir conhecimento <a href=\"https:\/\/www.impacta.com.br\/blog\/2016\/08\/31\/guia-do-excel-basico-4-funcoes-para-iniciantes-na-arte-das-planilhas\/\" target=\"_blank\" rel=\"noopener noreferrer\">b\u00e1sico em Excel<\/a>, mas tem dificuldades com as planilhas.<\/span><br \/>\n<span style=\"font-size: 14pt;\">Por\u00e9m, por menor que seja a mentira no seu curr\u00edculo, ela pode ser descoberta e acabar colocando toda a carreira em risco.<\/span><br \/>\n<span style=\"font-size: 14pt;\">Al\u00e9m da quest\u00e3o de deslealdade com quem est\u00e1 disputando uma vaga de emprego com voc\u00ea, a pr\u00e1tica de dar uma \u201cajeitadinha\u201d fraudulenta no curr\u00edculo ainda imp\u00f5e alguns riscos. Veja alguns exemplos:<\/span><\/p>\n<h3><span style=\"font-size: 14pt;\"><strong>1 \u2013 Descr\u00e9dito profissional<\/strong><\/span><\/h3>\n<p><span style=\"font-size: 14pt;\">Ser pego na mentira nunca \u00e9 uma experi\u00eancia agrad\u00e1vel, mas no campo corporativo \u00e9 ainda pior. Al\u00e9m do poss\u00edvel constrangimento de ser descoberto em um processo seletivo, por exemplo, h\u00e1 sempre o risco do fato acabar \u201cqueimando\u201d o profissional com outros recrutadores e empresas.<\/span><\/p>\n<h3><span style=\"font-size: 14pt;\"><strong>2 \u2013 N\u00e3o conseguir realizar as tarefas do cargo<\/strong><\/span><\/h3>\n<p><span style=\"font-size: 14pt;\">De que adianta colocar no curr\u00edculo que tem dom\u00ednio em determinada \u00e1rea ou ferramenta, se na pr\u00e1tica do trabalho voc\u00ea n\u00e3o tiver o conhecimento necess\u00e1rio para desempenhar as tarefas?<\/span><br \/>\n<span style=\"font-size: 14pt;\"><strong>Como dizia sua m\u00e3e, a mentira tem perna curta<\/strong>. Ou seja, ningu\u00e9m consegue sustentar a defici\u00eancia por muito tempo e logo os superiores perceber\u00e3o que o profissional n\u00e3o foi totalmente honesto no curr\u00edculo e nas entrevistas.<\/span><br \/>\n<span style=\"font-size: 14pt;\">Pense bem se vale a pena: se o cargo pede especificamente uma habilidade que voc\u00ea n\u00e3o possui, dificilmente conseguir\u00e1 se sair bem na fun\u00e7\u00e3o.<\/span><br \/>\n<span style=\"font-size: 14pt;\">J\u00e1 se o cargo n\u00e3o pede esse conhecimento, pra que coloc\u00e1-lo no curr\u00edculo se n\u00e3o far\u00e1 diferen\u00e7a para o recrutador?<\/span><\/p>\n<h3><span style=\"font-size: 14pt;\"><strong>3 \u2013 Processos legais<\/strong><\/span><\/h3>\n<p><span style=\"font-size: 14pt;\">Em casos mais extremos, como na falsifica\u00e7\u00e3o de diplomas e certificados, o profissional que mente no curr\u00edculo pode at\u00e9 mesmo estar cometendo um crime.<\/span><br \/>\n<span style=\"font-size: 14pt;\">Se descoberto \u2013 ou melhor, quando descoberto -, o infrator pode sofrer processos judiciais, causando dificuldades para o seguimento da carreira.<\/span><\/p>\n<h2><span style=\"font-size: 14pt;\"><strong>Novos processos seletivos tentam limitar os \u201cPin\u00f3quios dos curr\u00edculos\u201d<\/strong><\/span><\/h2>\n<p><span style=\"font-size: 14pt;\">Al\u00e9m dos riscos j\u00e1 levantados, vale lembrar que muitas empresas \u2013 em especial as grandes e mais inovadoras \u2013 j\u00e1 contam com processos seletivos mais r\u00edgidos e anal\u00edticos para evitar aquele curr\u00edculo \u201cfloreado\u201d.<\/span><br \/>\n<span style=\"font-size: 14pt;\">Algumas \u00e1reas, como a de <a href=\"https:\/\/conteudo.impacta.edu.br\/gestao-tecnologia-da-informacao\" target=\"_blank\" rel=\"noopener noreferrer\">Tecnologia da Informa\u00e7\u00e3o<\/a>, optam por escolher apenas os profissionais que tenham <a href=\"https:\/\/www.impacta.com.br\/certificacao-ics.php\" target=\"_blank\" rel=\"noopener noreferrer\">certificados oficiais<\/a> com comprova\u00e7\u00e3o nas certificadoras ou por tecnologia <a href=\"https:\/\/www.impacta.com.br\/blog\/2018\/09\/19\/o-que-e-e-como-funciona-a-tecnologia-blockchain\/\" target=\"_blank\" rel=\"noopener noreferrer\">blockchain<\/a>, por exemplo.<\/span><br \/>\n<span style=\"font-size: 14pt;\">Em outros casos, realizam testes e provas para verificar o conhecimento informado, eliminando assim aqueles que falsificaram a informa\u00e7\u00e3o no curr\u00edculo.<\/span><br \/>\n<span style=\"font-size: 14pt;\">Conhecendo tudo isso, j\u00e1 d\u00e1 pra ver que aquela \u201cmentirinha b\u00e1sica\u201d n\u00e3o ajudar\u00e1 muito para que voc\u00ea consiga um bom emprego, n\u00e3o \u00e9 mesmo?<\/span><br \/>\n<span style=\"font-size: 14pt;\">Mas ent\u00e3o, como fazer para destacar seu curr\u00edculo em meio a tantos outros? Veja a seguir!<\/span><\/p>\n<h2 style=\"text-align: left;\"><span style=\"font-size: 14pt;\"><strong>5 dicas para turbinar o seu curr\u00edculo de verdade<\/strong><\/span><\/h2>\n<h3 style=\"text-align: left;\"><span style=\"font-size: 14pt;\"><strong>1 \u2013 Mantenha-se atualizado e preparado com cursos livres<\/strong><\/span><\/h3>\n<p><span style=\"font-size: 14pt;\">Os cursos e treinamentos em pr\u00e1ticas, metodologias e ferramentas espec\u00edficas, como em <a href=\"https:\/\/www.impacta.com.br\/escola\/Desenvolvimento-de-Aplica%C3%A7%C3%B5es\" target=\"_blank\" rel=\"noopener noreferrer\">linguagens de programa\u00e7\u00e3o<\/a> ou t\u00e9cnicas avan\u00e7adas de <a href=\"https:\/\/www.impacta.com.br\/escola\/Office?q=excel\" target=\"_blank\" rel=\"noopener noreferrer\">Excel<\/a>, s\u00e3o \u00f3timas op\u00e7\u00f5es para garantir conhecimento em pouco tempo. Se realizados em uma empresa reconhecida pelas organiza\u00e7\u00f5es, \u00e9 ainda melhor!<\/span><br \/>\n<span style=\"font-size: 14pt;\">Al\u00e9m de gerar um certificado que comprova o aprendizado, essa op\u00e7\u00e3o geralmente tem custos menores e garante bastante destaque entre os curr\u00edculos.<\/span><\/p>\n<h3><span style=\"font-size: 14pt;\"><strong>2 \u2013 Busque uma forma\u00e7\u00e3o superior de qualidade<\/strong><\/span><\/h3>\n<p><span style=\"font-size: 14pt;\">A <a href=\"https:\/\/www.impacta.edu.br\/graduacao\" target=\"_blank\" rel=\"noopener noreferrer\">gradua\u00e7\u00e3o<\/a> ou uma <a href=\"https:\/\/www.impacta.edu.br\/pos-e-mba\" target=\"_blank\" rel=\"noopener noreferrer\">p\u00f3s-gradua\u00e7\u00e3o<\/a> com certeza ainda s\u00e3o grandes diferenciais em um curr\u00edculo. A especializa\u00e7\u00e3o superior garante ao profissional uma forma\u00e7\u00e3o base que \u00e9 fundamental \u2013 e \u00e0s vezes eliminat\u00f3ria &#8211; para diversas \u00e1reas.<\/span><br \/>\n<span style=\"font-size: 14pt;\">Com a tecnologia, ficou muito mais f\u00e1cil para as recrutadoras checarem se um diploma \u00e9 verdadeiro ou mesmo se a forma\u00e7\u00e3o tem aprova\u00e7\u00e3o do MEC.<\/span><\/p>\n<h3><span style=\"font-size: 14pt;\"><strong>3 \u2013 Use um e-mail formal para sua vida profissional<\/strong><\/span><\/h3>\n<p><span style=\"font-size: 14pt;\">Nada de usar aquele e-mail do tempo de MSN, hein? N\u00e3o fica bem mandar um curr\u00edculo pelo e-mail nomeHtinha@xmail.com, n\u00e3o \u00e9 mesmo?<\/span><br \/>\n<span style=\"font-size: 14pt;\">Al\u00e9m de passar uma imagem bem mais s\u00e9ria e profissional, um <a href=\"https:\/\/www.impacta.com.br\/blog\/2017\/08\/11\/como-escrever-um-e-mail-formal-e-ser-melhor-compreendido\/\" target=\"_blank\" rel=\"noopener noreferrer\">e-mail simples e direto<\/a> com o seu nome ser\u00e1 bem mais f\u00e1cil de lembrar e evitar erros na hora do envio.<\/span><\/p>\n<h3><span style=\"font-size: 14pt;\"><strong>4 \u2013 Capriche no perfil do LinkedIn<\/strong><\/span><\/h3>\n<p><span style=\"font-size: 14pt;\">Hoje em dia, muitas empresas e recrutadoras preferem buscar ou analisar os perfis profissionais no LinkedIn. Por isso, criar uma conta e seguir as <a href=\"https:\/\/www.impacta.com.br\/blog\/2018\/04\/16\/veja-7-dicas-que-vao-te-ajudar-a-promover-o-perfil-no-linkedin\/\" target=\"_blank\" rel=\"noopener noreferrer\">melhores pr\u00e1ticas<\/a> para ter um bom perfil \u00e9 fundamental.<\/span><br \/>\n<span style=\"font-size: 14pt;\">E nem adianta pensar em mentir na plataforma, hein? Essas empresas tamb\u00e9m costumam analisar criteriosamente as informa\u00e7\u00f5es cadastradas!<\/span><\/p>\n<h3><span style=\"font-size: 14pt;\"><strong>5 \u2013 Tenha foco e deixe claro seus objetivos<\/strong><\/span><\/h3>\n<p><span style=\"font-size: 14pt;\">Um bom curr\u00edculo \u00e9 aquele que vai direto ao ponto e sabe destacar as habilidades, qualifica\u00e7\u00f5es e objetivos com a vaga. Documentos muito grandes e prolixos acabam confundindo os recrutadores.<\/span><br \/>\n<span style=\"font-size: 14pt;\">Procure destacar apenas as \u00faltimas ou mais relevantes experi\u00eancias. Se n\u00e3o tem muita rela\u00e7\u00e3o com o cargo pretendido, poder\u00e1 ter pouca import\u00e2ncia na hora da an\u00e1lise da empresa.<\/span><br \/>\n<span style=\"font-size: 14pt;\">\u00a0<\/span><br \/>\n<span style=\"font-size: 14pt;\">E a\u00ed, acha que com essas dicas j\u00e1 d\u00e1 para abandonar de vez a pr\u00e1tica da mentirinha no curr\u00edculo? Diga pra n\u00f3s o que achou aqui nos coment\u00e1rios!<\/span><\/p>\n<div class=\"sharing-default-minimal post-bottom\"><div class=\"nectar-social default\" data-position=\"\" data-rm-love=\"0\" data-color-override=\"override\"><div class=\"nectar-social-inner\"><a href=\"#\" class=\"nectar-love\" id=\"nectar-love-14443\" title=\"Love this\"> <i class=\"icon-salient-heart-2\"><\/i><span class=\"love-text\">Love<\/span><span class=\"total_loves\"><span class=\"nectar-love-count\">0<\/span><\/span><\/a><a class='facebook-share nectar-sharing' href='#' title='Share this'> <i class='fa fa-facebook'><\/i> <span class='social-text'>Share<\/span> <\/a><a class='twitter-share nectar-sharing' href='#' title='Share this'> <i class='fa icon-salient-x-twitter'><\/i> <span class='social-text'>Share<\/span> <\/a><a class='linkedin-share nectar-sharing' href='#' title='Share this'> <i class='fa fa-linkedin'><\/i> <span class='social-text'>Share<\/span> <\/a><a class='pinterest-share nectar-sharing' href='#' title='Pin this'> <i class='fa fa-pinterest'><\/i> <span class='social-text'>Pin<\/span> <\/a><\/div><\/div><\/div>","protected":false},"excerpt":{"rendered":"<p>O que quatro ministros, uma renomada doutora em qu\u00edmica, um governador e centenas de profissionais t\u00eam em comum? Infelizmente a resposta n\u00e3o \u00e9 uma daquelas piadas de compara\u00e7\u00e3o, mas sim uma inconveniente verdade sobre o mercado brasileiro. Em todos os exemplos da pergunta acima as pessoas contam com, digamos, \u201cinforma\u00e7\u00f5es distorcidas\u201d em seus curr\u00edculos. Os [&hellip;]<\/p>\n","protected":false},"author":14,"featured_media":17091,"comment_status":"open","ping_status":"open","sticky":false,"template":"","format":"standard","meta":{"footnotes":""},"categories":[13],"tags":[14,877,49],"class_list":["post-14443","post","type-post","status-publish","format-standard","has-post-thumbnail","hentry","category-carreira","tag-curriculo","tag-mentir-no-curriculo","tag-profissional"],"yoast_head":"<!-- This site is optimized with the Yoast SEO plugin v25.1 - https:\/\/yoast.com\/wordpress\/plugins\/seo\/ -->\r\n<title>Por que mentir no curr\u00edculo \u00e9 t\u00e3o comum - e t\u00e3o ruim?<\/title>\r\n<meta name=\"description\" content=\"Muitos profissionais brasileiros ainda seguem a pr\u00e1tica de mentir no curr\u00edculo. Mas por que isso acontece? Quais os riscos? Saiba como fugir dessa armadilha\" \/>\r\n<meta name=\"robots\" content=\"index, follow, max-snippet:-1, max-image-preview:large, max-video-preview:-1\" \/>\r\n<link rel=\"canonical\" href=\"https:\/\/www.impacta.com.br\/blog\/por-que-mentir-no-curriculo-comum-ruim-entenda\/\" \/>\r\n<meta property=\"og:locale\" content=\"pt_BR\" \/>\r\n<meta property=\"og:type\" content=\"article\" \/>\r\n<meta property=\"og:title\" content=\"Por que mentir no curr\u00edculo \u00e9 t\u00e3o comum - e t\u00e3o ruim?\" \/>\r\n<meta property=\"og:description\" content=\"Muitos profissionais brasileiros ainda seguem a pr\u00e1tica de mentir no curr\u00edculo. Mas por que isso acontece? Quais os riscos? Saiba como fugir dessa armadilha\" \/>\r\n<meta property=\"og:url\" content=\"https:\/\/www.impacta.com.br\/blog\/por-que-mentir-no-curriculo-comum-ruim-entenda\/\" \/>\r\n<meta property=\"og:site_name\" content=\"Blog Impacta - Dicas e Not\u00edcias sobre Carreira\" \/>\r\n<meta property=\"article:published_time\" content=\"2019-05-29T17:38:53+00:00\" \/>\r\n<meta property=\"og:image\" content=\"https:\/\/www.impacta.com.br\/blog\/wp-content\/uploads\/2020\/04\/shutterstock_1017665233.jpg\" \/>\r\n\t<meta property=\"og:image:width\" content=\"850\" \/>\r\n\t<meta property=\"og:image:height\" content=\"284\" \/>\r\n\t<meta property=\"og:image:type\" content=\"image\/jpeg\" \/>\r\n<meta name=\"author\" content=\"Bruno Saes\" \/>\r\n<meta name=\"twitter:card\" content=\"summary_large_image\" \/>\r\n<meta name=\"twitter:label1\" content=\"Written by\" \/>\n\t<meta name=\"twitter:data1\" content=\"Bruno Saes\" \/>\n\t<meta name=\"twitter:label2\" content=\"Est. reading time\" \/>\n\t<meta name=\"twitter:data2\" content=\"6 minutos\" \/>\r\n<script type=\"application\/ld+json\" class=\"yoast-schema-graph\">{\"@context\":\"https:\/\/schema.org\",\"@graph\":[{\"@type\":\"WebPage\",\"@id\":\"https:\/\/www.impacta.com.br\/blog\/por-que-mentir-no-curriculo-comum-ruim-entenda\/\",\"url\":\"https:\/\/www.impacta.com.br\/blog\/por-que-mentir-no-curriculo-comum-ruim-entenda\/\",\"name\":\"Por que mentir no curr\u00edculo \u00e9 t\u00e3o comum - e t\u00e3o ruim?\",\"isPartOf\":{\"@id\":\"https:\/\/www.impacta.com.br\/blog\/#website\"},\"primaryImageOfPage\":{\"@id\":\"https:\/\/www.impacta.com.br\/blog\/por-que-mentir-no-curriculo-comum-ruim-entenda\/#primaryimage\"},\"image\":{\"@id\":\"https:\/\/www.impacta.com.br\/blog\/por-que-mentir-no-curriculo-comum-ruim-entenda\/#primaryimage\"},\"thumbnailUrl\":\"https:\/\/www.impacta.com.br\/blog\/wp-content\/uploads\/2020\/04\/shutterstock_1017665233.jpg\",\"datePublished\":\"2019-05-29T17:38:53+00:00\",\"author\":{\"@id\":\"https:\/\/www.impacta.com.br\/blog\/#\/schema\/person\/a11cbe0acd0fe8d8904443861a5f215c\"},\"description\":\"Muitos profissionais brasileiros ainda seguem a pr\u00e1tica de mentir no curr\u00edculo. Mas por que isso acontece? Quais os riscos? Saiba como fugir dessa armadilha\",\"breadcrumb\":{\"@id\":\"https:\/\/www.impacta.com.br\/blog\/por-que-mentir-no-curriculo-comum-ruim-entenda\/#breadcrumb\"},\"inLanguage\":\"pt-BR\",\"potentialAction\":[{\"@type\":\"ReadAction\",\"target\":[\"https:\/\/www.impacta.com.br\/blog\/por-que-mentir-no-curriculo-comum-ruim-entenda\/\"]}]},{\"@type\":\"ImageObject\",\"inLanguage\":\"pt-BR\",\"@id\":\"https:\/\/www.impacta.com.br\/blog\/por-que-mentir-no-curriculo-comum-ruim-entenda\/#primaryimage\",\"url\":\"https:\/\/www.impacta.com.br\/blog\/wp-content\/uploads\/2020\/04\/shutterstock_1017665233.jpg\",\"contentUrl\":\"https:\/\/www.impacta.com.br\/blog\/wp-content\/uploads\/2020\/04\/shutterstock_1017665233.jpg\",\"width\":850,\"height\":284},{\"@type\":\"BreadcrumbList\",\"@id\":\"https:\/\/www.impacta.com.br\/blog\/por-que-mentir-no-curriculo-comum-ruim-entenda\/#breadcrumb\",\"itemListElement\":[{\"@type\":\"ListItem\",\"position\":1,\"name\":\"In\u00edcio\",\"item\":\"https:\/\/www.impacta.com.br\/blog\/\"},{\"@type\":\"ListItem\",\"position\":2,\"name\":\"Por que mentir no curr\u00edculo \u00e9 t\u00e3o comum &#8211; e t\u00e3o ruim?\"}]},{\"@type\":\"WebSite\",\"@id\":\"https:\/\/www.impacta.com.br\/blog\/#website\",\"url\":\"https:\/\/www.impacta.com.br\/blog\/\",\"name\":\"Blog Impacta - Dicas e Not\u00edcias sobre Carreira\",\"description\":\"Dicas, Not\u00edcias e Conte\u00fados sobre Carreira, Tecnologia, Design, Gest\u00e3o e Marketing. Conhe\u00e7a e Acompanhe o Blog Impacta\",\"potentialAction\":[{\"@type\":\"SearchAction\",\"target\":{\"@type\":\"EntryPoint\",\"urlTemplate\":\"https:\/\/www.impacta.com.br\/blog\/?s={search_term_string}\"},\"query-input\":{\"@type\":\"PropertyValueSpecification\",\"valueRequired\":true,\"valueName\":\"search_term_string\"}}],\"inLanguage\":\"pt-BR\"},{\"@type\":\"Person\",\"@id\":\"https:\/\/www.impacta.com.br\/blog\/#\/schema\/person\/a11cbe0acd0fe8d8904443861a5f215c\",\"name\":\"Bruno Saes\",\"image\":{\"@type\":\"ImageObject\",\"inLanguage\":\"pt-BR\",\"@id\":\"https:\/\/www.impacta.com.br\/blog\/#\/schema\/person\/image\/\",\"url\":\"https:\/\/secure.gravatar.com\/avatar\/a4f7799d79cbb7873b2b27e86e09f786?s=96&d=mm&r=g\",\"contentUrl\":\"https:\/\/secure.gravatar.com\/avatar\/a4f7799d79cbb7873b2b27e86e09f786?s=96&d=mm&r=g\",\"caption\":\"Bruno Saes\"},\"url\":\"https:\/\/www.impacta.com.br\/blog\/author\/bruno-saes\/\"}]}<\/script>\r\n<!-- \/ Yoast SEO plugin. -->","yoast_head_json":{"title":"Por que mentir no curr\u00edculo \u00e9 t\u00e3o comum - e t\u00e3o ruim?","description":"Muitos profissionais brasileiros ainda seguem a pr\u00e1tica de mentir no curr\u00edculo. Mas por que isso acontece? Quais os riscos? Saiba como fugir dessa armadilha","robots":{"index":"index","follow":"follow","max-snippet":"max-snippet:-1","max-image-preview":"max-image-preview:large","max-video-preview":"max-video-preview:-1"},"canonical":"https:\/\/www.impacta.com.br\/blog\/por-que-mentir-no-curriculo-comum-ruim-entenda\/","og_locale":"pt_BR","og_type":"article","og_title":"Por que mentir no curr\u00edculo \u00e9 t\u00e3o comum - e t\u00e3o ruim?","og_description":"Muitos profissionais brasileiros ainda seguem a pr\u00e1tica de mentir no curr\u00edculo. Mas por que isso acontece? Quais os riscos? Saiba como fugir dessa armadilha","og_url":"https:\/\/www.impacta.com.br\/blog\/por-que-mentir-no-curriculo-comum-ruim-entenda\/","og_site_name":"Blog Impacta - Dicas e Not\u00edcias sobre Carreira","article_published_time":"2019-05-29T17:38:53+00:00","og_image":[{"width":850,"height":284,"url":"https:\/\/www.impacta.com.br\/blog\/wp-content\/uploads\/2020\/04\/shutterstock_1017665233.jpg","type":"image\/jpeg"}],"author":"Bruno Saes","twitter_card":"summary_large_image","twitter_misc":{"Written by":"Bruno Saes","Est. reading time":"6 minutos"},"schema":{"@context":"https:\/\/schema.org","@graph":[{"@type":"WebPage","@id":"https:\/\/www.impacta.com.br\/blog\/por-que-mentir-no-curriculo-comum-ruim-entenda\/","url":"https:\/\/www.impacta.com.br\/blog\/por-que-mentir-no-curriculo-comum-ruim-entenda\/","name":"Por que mentir no curr\u00edculo \u00e9 t\u00e3o comum - e t\u00e3o ruim?","isPartOf":{"@id":"https:\/\/www.impacta.com.br\/blog\/#website"},"primaryImageOfPage":{"@id":"https:\/\/www.impacta.com.br\/blog\/por-que-mentir-no-curriculo-comum-ruim-entenda\/#primaryimage"},"image":{"@id":"https:\/\/www.impacta.com.br\/blog\/por-que-mentir-no-curriculo-comum-ruim-entenda\/#primaryimage"},"thumbnailUrl":"https:\/\/www.impacta.com.br\/blog\/wp-content\/uploads\/2020\/04\/shutterstock_1017665233.jpg","datePublished":"2019-05-29T17:38:53+00:00","author":{"@id":"https:\/\/www.impacta.com.br\/blog\/#\/schema\/person\/a11cbe0acd0fe8d8904443861a5f215c"},"description":"Muitos profissionais brasileiros ainda seguem a pr\u00e1tica de mentir no curr\u00edculo. Mas por que isso acontece? Quais os riscos? Saiba como fugir dessa armadilha","breadcrumb":{"@id":"https:\/\/www.impacta.com.br\/blog\/por-que-mentir-no-curriculo-comum-ruim-entenda\/#breadcrumb"},"inLanguage":"pt-BR","potentialAction":[{"@type":"ReadAction","target":["https:\/\/www.impacta.com.br\/blog\/por-que-mentir-no-curriculo-comum-ruim-entenda\/"]}]},{"@type":"ImageObject","inLanguage":"pt-BR","@id":"https:\/\/www.impacta.com.br\/blog\/por-que-mentir-no-curriculo-comum-ruim-entenda\/#primaryimage","url":"https:\/\/www.impacta.com.br\/blog\/wp-content\/uploads\/2020\/04\/shutterstock_1017665233.jpg","contentUrl":"https:\/\/www.impacta.com.br\/blog\/wp-content\/uploads\/2020\/04\/shutterstock_1017665233.jpg","width":850,"height":284},{"@type":"BreadcrumbList","@id":"https:\/\/www.impacta.com.br\/blog\/por-que-mentir-no-curriculo-comum-ruim-entenda\/#breadcrumb","itemListElement":[{"@type":"ListItem","position":1,"name":"In\u00edcio","item":"https:\/\/www.impacta.com.br\/blog\/"},{"@type":"ListItem","position":2,"name":"Por que mentir no curr\u00edculo \u00e9 t\u00e3o comum &#8211; e t\u00e3o ruim?"}]},{"@type":"WebSite","@id":"https:\/\/www.impacta.com.br\/blog\/#website","url":"https:\/\/www.impacta.com.br\/blog\/","name":"Blog Impacta - Dicas e Not\u00edcias sobre Carreira","description":"Dicas, Not\u00edcias e Conte\u00fados sobre Carreira, Tecnologia, Design, Gest\u00e3o e Marketing. Conhe\u00e7a e Acompanhe o Blog Impacta","potentialAction":[{"@type":"SearchAction","target":{"@type":"EntryPoint","urlTemplate":"https:\/\/www.impacta.com.br\/blog\/?s={search_term_string}"},"query-input":{"@type":"PropertyValueSpecification","valueRequired":true,"valueName":"search_term_string"}}],"inLanguage":"pt-BR"},{"@type":"Person","@id":"https:\/\/www.impacta.com.br\/blog\/#\/schema\/person\/a11cbe0acd0fe8d8904443861a5f215c","name":"Bruno Saes","image":{"@type":"ImageObject","inLanguage":"pt-BR","@id":"https:\/\/www.impacta.com.br\/blog\/#\/schema\/person\/image\/","url":"https:\/\/secure.gravatar.com\/avatar\/a4f7799d79cbb7873b2b27e86e09f786?s=96&d=mm&r=g","contentUrl":"https:\/\/secure.gravatar.com\/avatar\/a4f7799d79cbb7873b2b27e86e09f786?s=96&d=mm&r=g","caption":"Bruno Saes"},"url":"https:\/\/www.impacta.com.br\/blog\/author\/bruno-saes\/"}]}},"acf":{"post_description":null,"capa_mobile":null},"_links":{"self":[{"href":"https:\/\/www.impacta.com.br\/blog\/wp-json\/wp\/v2\/posts\/14443","targetHints":{"allow":["GET"]}}],"collection":[{"href":"https:\/\/www.impacta.com.br\/blog\/wp-json\/wp\/v2\/posts"}],"about":[{"href":"https:\/\/www.impacta.com.br\/blog\/wp-json\/wp\/v2\/types\/post"}],"author":[{"embeddable":true,"href":"https:\/\/www.impacta.com.br\/blog\/wp-json\/wp\/v2\/users\/14"}],"replies":[{"embeddable":true,"href":"https:\/\/www.impacta.com.br\/blog\/wp-json\/wp\/v2\/comments?post=14443"}],"version-history":[{"count":0,"href":"https:\/\/www.impacta.com.br\/blog\/wp-json\/wp\/v2\/posts\/14443\/revisions"}],"wp:featuredmedia":[{"embeddable":true,"href":"https:\/\/www.impacta.com.br\/blog\/wp-json\/wp\/v2\/media\/17091"}],"wp:attachment":[{"href":"https:\/\/www.impacta.com.br\/blog\/wp-json\/wp\/v2\/media?parent=14443"}],"wp:term":[{"taxonomy":"category","embeddable":true,"href":"https:\/\/www.impacta.com.br\/blog\/wp-json\/wp\/v2\/categories?post=14443"},{"taxonomy":"post_tag","embeddable":true,"href":"https:\/\/www.impacta.com.br\/blog\/wp-json\/wp\/v2\/tags?post=14443"}],"curies":[{"name":"wp","href":"https:\/\/api.w.org\/{rel}","templated":true}]}}