{"id":13578,"date":"2018-08-27T11:45:38","date_gmt":"2018-08-27T14:45:38","guid":{"rendered":"http:\/\/www.impacta.com.br\/blog\/?p=13578"},"modified":"2018-08-27T11:45:38","modified_gmt":"2018-08-27T14:45:38","slug":"guia-de-preparacao-para-uma-posicao-de-lideranca-e-book-gratuito","status":"publish","type":"post","link":"https:\/\/www.impacta.com.br\/blog\/guia-de-preparacao-para-uma-posicao-de-lideranca-e-book-gratuito\/","title":{"rendered":"Guia de prepara\u00e7\u00e3o para uma posi\u00e7\u00e3o de lideran\u00e7a"},"content":{"rendered":"<p><span style=\"font-size: 14pt;\">Eu n\u00e3o sei se voc\u00ea j\u00e1 reparou, mas n\u00e3o \u00e9 incomum ver nas redes sociais, blogs ou sites not\u00edcias e publica\u00e7\u00f5es com os dizeres &#8220;<strong>PROCURA-SE L\u00cdDERES<\/strong>&#8220;. N\u00e3o \u00e9 mesmo?\u00a0\u00a0Afinal, as empresas buscam cada vez mais perfis profissionais prontos para contribuir com excel\u00eancia e liderarem <a title=\"E-book \u2013 Guia da gest\u00e3o de projetos de sucesso\" href=\"https:\/\/www.impacta.com.br\/blog\/2017\/12\/20\/e-book-guia-da-gestao-de-projetos-de-sucesso\/\" target=\"_blank\" rel=\"noopener noreferrer\">projetos<\/a>, <a title=\"Os 5 pilares para ter uma gest\u00e3o de pessoas eficiente\" href=\"https:\/\/www.impacta.com.br\/blog\/2017\/09\/15\/os-5-pilares-para-ter-uma-gestao-de-pessoas-eficiente\/\" target=\"_blank\" rel=\"noopener noreferrer\">pessoas<\/a> e desafios da organiza\u00e7\u00e3o.<\/span><br \/>\n<span style=\"font-size: 14pt;\">Do outro lado est\u00e1 o profissional que, ao ingressar em\u00a0qualquer que seja\u00a0<a href=\"https:\/\/www.impacta.com.br\/blog\/2017\/12\/18\/diferenca-entre-carreira-e-emprego-seu-futuro-profissional\/\" target=\"_blank\" rel=\"noopener noreferrer\">carreira<\/a>, e por menor que seja o primeiro cargo,\u00a0sempre almeja o crescimento dentro da empresa e a conquista de promo\u00e7\u00f5es.<\/span><br \/>\n<span style=\"font-size: 14pt;\">Mas se tanto o profissional quer\u00a0uma posi\u00e7\u00e3o de lideran\u00e7a, quanto a empresa entende que precisa de colaboradores com esse perfil, o que falta? Justamente o entendimento do que\u00a0significa assumir o status de l\u00edder dentro de uma empresa!\u00a0<\/span><strong><span style=\"font-size: 14pt;\">O que \u00e9 preciso saber para liderar da melhor maneira? Quais caracter\u00edsticas e compet\u00eancias necess\u00e1rias e como busc\u00e1-las?<\/span><\/strong><\/p>\n<p style=\"text-align: left;\"><span style=\"font-size: 14pt;\">Neste e-book, voc\u00ea ver\u00e1 como se preparar para assumir cargos de controle e entender\u00e1 a diferen\u00e7a de um verdadeiro guia como esse e um simples chefe. <a href=\"https:\/\/bit.ly\/2Nt8gWE\" target=\"_blank\" rel=\"noopener noreferrer\">Cadastre-se<\/a>, receba o seu e alavanque sua carreira:<\/span><\/p>\n<p style=\"text-align: center;\"><a href=\"https:\/\/bit.ly\/2Nt8gWE\" target=\"_blank\" rel=\"noopener noreferrer\"><img loading=\"lazy\" decoding=\"async\" class=\"aligncenter wp-image-13579 size-full\" title=\"Guia-de-preparacao-para-uma-posicao-de-lideranca\" src=\"https:\/\/www.impacta.com.br\/blog\/wp-content\/uploads\/2018\/08\/CTA_Guia-de-preparacao-para-uma-posicao-de-lideranca_2.png\" alt=\"CTA_Guia-de-preparacao-para-uma-posicao-de-lideranca_2\" width=\"660\" height=\"190\" \/><\/a><\/p>\n<p style=\"text-align: left;\"><strong><span style=\"font-size: 14pt;\">Responda todas as suas d\u00favidas sobre lideran\u00e7a nesse material exclusivo:<\/span><\/strong><\/p>\n<ul>\n<li><span style=\"font-size: 14pt;\">Quer crescer profissionalmente e se tornar um l\u00edder? D\u00ea o primeiro passo agora!<\/span><\/li>\n<li><span style=\"font-size: 14pt;\">Quer saber como escolher\u00a0a qualifica\u00e7\u00e3o certa? Leia sobre isso neste e-book!<\/span><\/li>\n<li><span style=\"font-size: 14pt;\">Que tal entender\u00a0como ser simp\u00e1tico sem perder a voz de comando? Venha com a gente!<\/span><\/li>\n<\/ul>\n<p><span style=\"font-size: 14pt;\"><a href=\"https:\/\/bit.ly\/2Nt8gWE\" target=\"_blank\" rel=\"noopener noreferrer\">Clique aqui e confira<\/a>. Depois, nos diga o que achou do conte\u00fado!<\/span><\/p>\n<div class=\"sharing-default-minimal post-bottom\"><div class=\"nectar-social default\" data-position=\"\" data-rm-love=\"0\" data-color-override=\"override\"><div class=\"nectar-social-inner\"><a href=\"#\" class=\"nectar-love\" id=\"nectar-love-13578\" title=\"Love this\"> <i class=\"icon-salient-heart-2\"><\/i><span class=\"love-text\">Love<\/span><span class=\"total_loves\"><span class=\"nectar-love-count\">0<\/span><\/span><\/a><a class='facebook-share nectar-sharing' href='#' title='Share this'> <i class='fa fa-facebook'><\/i> <span class='social-text'>Share<\/span> <\/a><a class='twitter-share nectar-sharing' href='#' title='Share this'> <i class='fa icon-salient-x-twitter'><\/i> <span class='social-text'>Share<\/span> <\/a><a class='linkedin-share nectar-sharing' href='#' title='Share this'> <i class='fa fa-linkedin'><\/i> <span class='social-text'>Share<\/span> <\/a><a class='pinterest-share nectar-sharing' href='#' title='Pin this'> <i class='fa fa-pinterest'><\/i> <span class='social-text'>Pin<\/span> <\/a><\/div><\/div><\/div>","protected":false},"excerpt":{"rendered":"<p>Eu n\u00e3o sei se voc\u00ea j\u00e1 reparou, mas n\u00e3o \u00e9 incomum ver nas redes sociais, blogs ou sites not\u00edcias e publica\u00e7\u00f5es com os dizeres &#8220;PROCURA-SE L\u00cdDERES&#8220;. N\u00e3o \u00e9 mesmo?\u00a0\u00a0Afinal, as empresas buscam cada vez mais perfis profissionais prontos para contribuir com excel\u00eancia e liderarem projetos, pessoas e desafios da organiza\u00e7\u00e3o. Do outro lado est\u00e1 o [&hellip;]<\/p>\n","protected":false},"author":2,"featured_media":17048,"comment_status":"open","ping_status":"open","sticky":false,"template":"","format":"standard","meta":{"footnotes":""},"categories":[13],"tags":[44,656,439,657],"class_list":["post-13578","post","type-post","status-publish","format-standard","has-post-thumbnail","hentry","category-carreira","tag-carreira-2","tag-lider","tag-lideranca","tag-posicao-de-lideranca"],"yoast_head":"<!-- This site is optimized with the Yoast SEO plugin v25.1 - https:\/\/yoast.com\/wordpress\/plugins\/seo\/ -->\r\n<title>Guia de prepara\u00e7\u00e3o para uma posi\u00e7\u00e3o de lideran\u00e7a<\/title>\r\n<meta name=\"description\" content=\"As empresas precisam e os profissionais almejam a posi\u00e7\u00e3o de lideran\u00e7a. Ent\u00e3o, o que falta para termos mais l\u00edderes? Entenda e prepare-se com esse Guia!\" \/>\r\n<meta name=\"robots\" content=\"index, follow, max-snippet:-1, max-image-preview:large, max-video-preview:-1\" \/>\r\n<link rel=\"canonical\" href=\"https:\/\/www.impacta.com.br\/blog\/guia-de-preparacao-para-uma-posicao-de-lideranca-e-book-gratuito\/\" \/>\r\n<meta property=\"og:locale\" content=\"pt_BR\" \/>\r\n<meta property=\"og:type\" content=\"article\" \/>\r\n<meta property=\"og:title\" content=\"Guia de prepara\u00e7\u00e3o para uma posi\u00e7\u00e3o de lideran\u00e7a\" \/>\r\n<meta property=\"og:description\" content=\"As empresas precisam e os profissionais almejam a posi\u00e7\u00e3o de lideran\u00e7a. Ent\u00e3o, o que falta para termos mais l\u00edderes? Entenda e prepare-se com esse Guia!\" \/>\r\n<meta property=\"og:url\" content=\"https:\/\/www.impacta.com.br\/blog\/guia-de-preparacao-para-uma-posicao-de-lideranca-e-book-gratuito\/\" \/>\r\n<meta property=\"og:site_name\" content=\"Blog Impacta - Dicas e Not\u00edcias sobre Carreira\" \/>\r\n<meta property=\"article:published_time\" content=\"2018-08-27T14:45:38+00:00\" \/>\r\n<meta property=\"og:image\" content=\"https:\/\/www.impacta.com.br\/blog\/wp-content\/uploads\/2020\/04\/lideranca_ebook.jpg\" \/>\r\n\t<meta property=\"og:image:width\" content=\"850\" \/>\r\n\t<meta property=\"og:image:height\" content=\"284\" \/>\r\n\t<meta property=\"og:image:type\" content=\"image\/jpeg\" \/>\r\n<meta name=\"author\" content=\"Reda\u00e7\u00e3o Impacta\" \/>\r\n<meta name=\"twitter:card\" content=\"summary_large_image\" \/>\r\n<meta name=\"twitter:label1\" content=\"Written by\" \/>\n\t<meta name=\"twitter:data1\" content=\"Reda\u00e7\u00e3o Impacta\" \/>\n\t<meta name=\"twitter:label2\" content=\"Est. reading time\" \/>\n\t<meta name=\"twitter:data2\" content=\"1 minuto\" \/>\r\n<script type=\"application\/ld+json\" class=\"yoast-schema-graph\">{\"@context\":\"https:\/\/schema.org\",\"@graph\":[{\"@type\":\"WebPage\",\"@id\":\"https:\/\/www.impacta.com.br\/blog\/guia-de-preparacao-para-uma-posicao-de-lideranca-e-book-gratuito\/\",\"url\":\"https:\/\/www.impacta.com.br\/blog\/guia-de-preparacao-para-uma-posicao-de-lideranca-e-book-gratuito\/\",\"name\":\"Guia de prepara\u00e7\u00e3o para uma posi\u00e7\u00e3o de lideran\u00e7a\",\"isPartOf\":{\"@id\":\"https:\/\/www.impacta.com.br\/blog\/#website\"},\"primaryImageOfPage\":{\"@id\":\"https:\/\/www.impacta.com.br\/blog\/guia-de-preparacao-para-uma-posicao-de-lideranca-e-book-gratuito\/#primaryimage\"},\"image\":{\"@id\":\"https:\/\/www.impacta.com.br\/blog\/guia-de-preparacao-para-uma-posicao-de-lideranca-e-book-gratuito\/#primaryimage\"},\"thumbnailUrl\":\"https:\/\/www.impacta.com.br\/blog\/wp-content\/uploads\/2020\/04\/lideranca_ebook.jpg\",\"datePublished\":\"2018-08-27T14:45:38+00:00\",\"author\":{\"@id\":\"https:\/\/www.impacta.com.br\/blog\/#\/schema\/person\/2e0896bac7656da15b68f5ad2ddd0d8c\"},\"description\":\"As empresas precisam e os profissionais almejam a posi\u00e7\u00e3o de lideran\u00e7a. Ent\u00e3o, o que falta para termos mais l\u00edderes? Entenda e prepare-se com esse Guia!\",\"breadcrumb\":{\"@id\":\"https:\/\/www.impacta.com.br\/blog\/guia-de-preparacao-para-uma-posicao-de-lideranca-e-book-gratuito\/#breadcrumb\"},\"inLanguage\":\"pt-BR\",\"potentialAction\":[{\"@type\":\"ReadAction\",\"target\":[\"https:\/\/www.impacta.com.br\/blog\/guia-de-preparacao-para-uma-posicao-de-lideranca-e-book-gratuito\/\"]}]},{\"@type\":\"ImageObject\",\"inLanguage\":\"pt-BR\",\"@id\":\"https:\/\/www.impacta.com.br\/blog\/guia-de-preparacao-para-uma-posicao-de-lideranca-e-book-gratuito\/#primaryimage\",\"url\":\"https:\/\/www.impacta.com.br\/blog\/wp-content\/uploads\/2020\/04\/lideranca_ebook.jpg\",\"contentUrl\":\"https:\/\/www.impacta.com.br\/blog\/wp-content\/uploads\/2020\/04\/lideranca_ebook.jpg\",\"width\":850,\"height\":284},{\"@type\":\"BreadcrumbList\",\"@id\":\"https:\/\/www.impacta.com.br\/blog\/guia-de-preparacao-para-uma-posicao-de-lideranca-e-book-gratuito\/#breadcrumb\",\"itemListElement\":[{\"@type\":\"ListItem\",\"position\":1,\"name\":\"In\u00edcio\",\"item\":\"https:\/\/www.impacta.com.br\/blog\/\"},{\"@type\":\"ListItem\",\"position\":2,\"name\":\"Guia de prepara\u00e7\u00e3o para uma posi\u00e7\u00e3o de lideran\u00e7a\"}]},{\"@type\":\"WebSite\",\"@id\":\"https:\/\/www.impacta.com.br\/blog\/#website\",\"url\":\"https:\/\/www.impacta.com.br\/blog\/\",\"name\":\"Blog Impacta - Dicas e Not\u00edcias sobre Carreira\",\"description\":\"Dicas, Not\u00edcias e Conte\u00fados sobre Carreira, Tecnologia, Design, Gest\u00e3o e Marketing. Conhe\u00e7a e Acompanhe o Blog Impacta\",\"potentialAction\":[{\"@type\":\"SearchAction\",\"target\":{\"@type\":\"EntryPoint\",\"urlTemplate\":\"https:\/\/www.impacta.com.br\/blog\/?s={search_term_string}\"},\"query-input\":{\"@type\":\"PropertyValueSpecification\",\"valueRequired\":true,\"valueName\":\"search_term_string\"}}],\"inLanguage\":\"pt-BR\"},{\"@type\":\"Person\",\"@id\":\"https:\/\/www.impacta.com.br\/blog\/#\/schema\/person\/2e0896bac7656da15b68f5ad2ddd0d8c\",\"name\":\"Reda\u00e7\u00e3o Impacta\",\"image\":{\"@type\":\"ImageObject\",\"inLanguage\":\"pt-BR\",\"@id\":\"https:\/\/www.impacta.com.br\/blog\/#\/schema\/person\/image\/\",\"url\":\"https:\/\/secure.gravatar.com\/avatar\/7443a59e479c8f31067628e3a4bed9ad?s=96&d=mm&r=g\",\"contentUrl\":\"https:\/\/secure.gravatar.com\/avatar\/7443a59e479c8f31067628e3a4bed9ad?s=96&d=mm&r=g\",\"caption\":\"Reda\u00e7\u00e3o Impacta\"},\"url\":\"https:\/\/www.impacta.com.br\/blog\/author\/redacao\/\"}]}<\/script>\r\n<!-- \/ Yoast SEO plugin. -->","yoast_head_json":{"title":"Guia de prepara\u00e7\u00e3o para uma posi\u00e7\u00e3o de lideran\u00e7a","description":"As empresas precisam e os profissionais almejam a posi\u00e7\u00e3o de lideran\u00e7a. Ent\u00e3o, o que falta para termos mais l\u00edderes? Entenda e prepare-se com esse Guia!","robots":{"index":"index","follow":"follow","max-snippet":"max-snippet:-1","max-image-preview":"max-image-preview:large","max-video-preview":"max-video-preview:-1"},"canonical":"https:\/\/www.impacta.com.br\/blog\/guia-de-preparacao-para-uma-posicao-de-lideranca-e-book-gratuito\/","og_locale":"pt_BR","og_type":"article","og_title":"Guia de prepara\u00e7\u00e3o para uma posi\u00e7\u00e3o de lideran\u00e7a","og_description":"As empresas precisam e os profissionais almejam a posi\u00e7\u00e3o de lideran\u00e7a. Ent\u00e3o, o que falta para termos mais l\u00edderes? Entenda e prepare-se com esse Guia!","og_url":"https:\/\/www.impacta.com.br\/blog\/guia-de-preparacao-para-uma-posicao-de-lideranca-e-book-gratuito\/","og_site_name":"Blog Impacta - Dicas e Not\u00edcias sobre Carreira","article_published_time":"2018-08-27T14:45:38+00:00","og_image":[{"width":850,"height":284,"url":"https:\/\/www.impacta.com.br\/blog\/wp-content\/uploads\/2020\/04\/lideranca_ebook.jpg","type":"image\/jpeg"}],"author":"Reda\u00e7\u00e3o Impacta","twitter_card":"summary_large_image","twitter_misc":{"Written by":"Reda\u00e7\u00e3o Impacta","Est. reading time":"1 minuto"},"schema":{"@context":"https:\/\/schema.org","@graph":[{"@type":"WebPage","@id":"https:\/\/www.impacta.com.br\/blog\/guia-de-preparacao-para-uma-posicao-de-lideranca-e-book-gratuito\/","url":"https:\/\/www.impacta.com.br\/blog\/guia-de-preparacao-para-uma-posicao-de-lideranca-e-book-gratuito\/","name":"Guia de prepara\u00e7\u00e3o para uma posi\u00e7\u00e3o de lideran\u00e7a","isPartOf":{"@id":"https:\/\/www.impacta.com.br\/blog\/#website"},"primaryImageOfPage":{"@id":"https:\/\/www.impacta.com.br\/blog\/guia-de-preparacao-para-uma-posicao-de-lideranca-e-book-gratuito\/#primaryimage"},"image":{"@id":"https:\/\/www.impacta.com.br\/blog\/guia-de-preparacao-para-uma-posicao-de-lideranca-e-book-gratuito\/#primaryimage"},"thumbnailUrl":"https:\/\/www.impacta.com.br\/blog\/wp-content\/uploads\/2020\/04\/lideranca_ebook.jpg","datePublished":"2018-08-27T14:45:38+00:00","author":{"@id":"https:\/\/www.impacta.com.br\/blog\/#\/schema\/person\/2e0896bac7656da15b68f5ad2ddd0d8c"},"description":"As empresas precisam e os profissionais almejam a posi\u00e7\u00e3o de lideran\u00e7a. Ent\u00e3o, o que falta para termos mais l\u00edderes? Entenda e prepare-se com esse Guia!","breadcrumb":{"@id":"https:\/\/www.impacta.com.br\/blog\/guia-de-preparacao-para-uma-posicao-de-lideranca-e-book-gratuito\/#breadcrumb"},"inLanguage":"pt-BR","potentialAction":[{"@type":"ReadAction","target":["https:\/\/www.impacta.com.br\/blog\/guia-de-preparacao-para-uma-posicao-de-lideranca-e-book-gratuito\/"]}]},{"@type":"ImageObject","inLanguage":"pt-BR","@id":"https:\/\/www.impacta.com.br\/blog\/guia-de-preparacao-para-uma-posicao-de-lideranca-e-book-gratuito\/#primaryimage","url":"https:\/\/www.impacta.com.br\/blog\/wp-content\/uploads\/2020\/04\/lideranca_ebook.jpg","contentUrl":"https:\/\/www.impacta.com.br\/blog\/wp-content\/uploads\/2020\/04\/lideranca_ebook.jpg","width":850,"height":284},{"@type":"BreadcrumbList","@id":"https:\/\/www.impacta.com.br\/blog\/guia-de-preparacao-para-uma-posicao-de-lideranca-e-book-gratuito\/#breadcrumb","itemListElement":[{"@type":"ListItem","position":1,"name":"In\u00edcio","item":"https:\/\/www.impacta.com.br\/blog\/"},{"@type":"ListItem","position":2,"name":"Guia de prepara\u00e7\u00e3o para uma posi\u00e7\u00e3o de lideran\u00e7a"}]},{"@type":"WebSite","@id":"https:\/\/www.impacta.com.br\/blog\/#website","url":"https:\/\/www.impacta.com.br\/blog\/","name":"Blog Impacta - Dicas e Not\u00edcias sobre Carreira","description":"Dicas, Not\u00edcias e Conte\u00fados sobre Carreira, Tecnologia, Design, Gest\u00e3o e Marketing. Conhe\u00e7a e Acompanhe o Blog Impacta","potentialAction":[{"@type":"SearchAction","target":{"@type":"EntryPoint","urlTemplate":"https:\/\/www.impacta.com.br\/blog\/?s={search_term_string}"},"query-input":{"@type":"PropertyValueSpecification","valueRequired":true,"valueName":"search_term_string"}}],"inLanguage":"pt-BR"},{"@type":"Person","@id":"https:\/\/www.impacta.com.br\/blog\/#\/schema\/person\/2e0896bac7656da15b68f5ad2ddd0d8c","name":"Reda\u00e7\u00e3o Impacta","image":{"@type":"ImageObject","inLanguage":"pt-BR","@id":"https:\/\/www.impacta.com.br\/blog\/#\/schema\/person\/image\/","url":"https:\/\/secure.gravatar.com\/avatar\/7443a59e479c8f31067628e3a4bed9ad?s=96&d=mm&r=g","contentUrl":"https:\/\/secure.gravatar.com\/avatar\/7443a59e479c8f31067628e3a4bed9ad?s=96&d=mm&r=g","caption":"Reda\u00e7\u00e3o Impacta"},"url":"https:\/\/www.impacta.com.br\/blog\/author\/redacao\/"}]}},"acf":{"post_description":null,"capa_mobile":null},"_links":{"self":[{"href":"https:\/\/www.impacta.com.br\/blog\/wp-json\/wp\/v2\/posts\/13578","targetHints":{"allow":["GET"]}}],"collection":[{"href":"https:\/\/www.impacta.com.br\/blog\/wp-json\/wp\/v2\/posts"}],"about":[{"href":"https:\/\/www.impacta.com.br\/blog\/wp-json\/wp\/v2\/types\/post"}],"author":[{"embeddable":true,"href":"https:\/\/www.impacta.com.br\/blog\/wp-json\/wp\/v2\/users\/2"}],"replies":[{"embeddable":true,"href":"https:\/\/www.impacta.com.br\/blog\/wp-json\/wp\/v2\/comments?post=13578"}],"version-history":[{"count":0,"href":"https:\/\/www.impacta.com.br\/blog\/wp-json\/wp\/v2\/posts\/13578\/revisions"}],"wp:featuredmedia":[{"embeddable":true,"href":"https:\/\/www.impacta.com.br\/blog\/wp-json\/wp\/v2\/media\/17048"}],"wp:attachment":[{"href":"https:\/\/www.impacta.com.br\/blog\/wp-json\/wp\/v2\/media?parent=13578"}],"wp:term":[{"taxonomy":"category","embeddable":true,"href":"https:\/\/www.impacta.com.br\/blog\/wp-json\/wp\/v2\/categories?post=13578"},{"taxonomy":"post_tag","embeddable":true,"href":"https:\/\/www.impacta.com.br\/blog\/wp-json\/wp\/v2\/tags?post=13578"}],"curies":[{"name":"wp","href":"https:\/\/api.w.org\/{rel}","templated":true}]}}