{"id":13413,"date":"2018-07-06T11:34:43","date_gmt":"2018-07-06T14:34:43","guid":{"rendered":"http:\/\/www.impacta.com.br\/blog\/?p=13413"},"modified":"2018-07-06T11:34:43","modified_gmt":"2018-07-06T14:34:43","slug":"como-a-inteligencia-emocional-te-ajuda-no-desenvolvimento-da-carreira","status":"publish","type":"post","link":"https:\/\/www.impacta.com.br\/blog\/como-a-inteligencia-emocional-te-ajuda-no-desenvolvimento-da-carreira\/","title":{"rendered":"Como a intelig\u00eancia emocional te ajuda na carreira"},"content":{"rendered":"<p><span style=\"font-size: 14pt;\">Voc\u00ea j\u00e1 parou para pensar na import\u00e2ncia da intelig\u00eancia emocional no desenvolvimento da carreira? Assim como \u00e9 crucial estar sempre atualizado \u00e0s nuances de sua profiss\u00e3o, tamb\u00e9m \u00e9 preciso cultivar essa qualidade.<\/span><br \/>\n<span style=\"font-size: 14pt;\">Quem quer ser <a href=\"https:\/\/goo.gl\/966Nkv\" target=\"_blank\" rel=\"noopener noreferrer\">promovido <\/a>ou achar\u00a0novas chances de trabalho ter\u00e1 que\u00a0lidar muito\u00a0bem com as suas pr\u00f3prias emo\u00e7\u00f5es, especialmente em\u00a0circunst\u00e2ncias cr\u00edticas, nas quais \u00e9 mais dif\u00edcil se controlar.<\/span><br \/>\n<span style=\"font-size: 14pt;\">Al\u00e9m disso, ter intelig\u00eancia emocional \u00e9 reagir de forma positiva perante a conduta de colegas e superiores. Desse modo, para consegui-la, voc\u00ea ter\u00e1 que aprender a administrar os seus sentimentos, entendendo como eles oscilam diante de a\u00e7\u00f5es e sentimentos dos outros.<\/span><br \/>\n<span style=\"font-size: 14pt;\">Saiba que a intelig\u00eancia emocional \u00e9 pr\u00e9-requisito em quase todas as boas oportunidades de emprego. Ficou interessado? Ent\u00e3o veja neste texto qual \u00e9 o papel da intelig\u00eancia emocional no progresso da carreira. Venha com a gente!<\/span><\/p>\n<h2><strong><span style=\"font-size: 14pt;\">Obtenha mais condi\u00e7\u00f5es de competitividade<\/span><\/strong><\/h2>\n<p><span style=\"font-size: 14pt;\">O conceito de intelig\u00eancia emocional foi popularizado a partir de 1995, quando o autor norte-americano\u00a0<a href=\"https:\/\/pt-br.facebook.com\/danielgoleman\/\" target=\"_blank\" rel=\"noopener noreferrer\">Daniel Goleman<\/a>\u00a0lan\u00e7ou o livro\u00a0<a href=\"https:\/\/www.amazon.com.br\/Intelig%C3%AAncia-Emocional-Daniel-Goleman\/dp\/8573020806?tag=goog0ef-20&amp;smid=A1ZZFT5FULY4LN&amp;ascsubtag=ae471c03-c76a-45af-a9a3-7e7c5374d2b3\" target=\"_blank\" rel=\"noopener noreferrer\">\u201cIntelig\u00eancia Emocional\u201d<\/a>. Segundo esse escritor, trata-se da habilidade de perceber, compreender, administrar e alterar seu estado emocional ou de outra pessoa.<\/span><br \/>\n<span style=\"font-size: 14pt;\">Antes de essa defini\u00e7\u00e3o se propagar pelo mercado, os recrutadores usavam com mais frequ\u00eancia crit\u00e9rios t\u00e9cnicos, como experi\u00eancia e forma\u00e7\u00e3o acad\u00eamica, para selecionar seus candidatos. Eram aplicados testes de racioc\u00ednio l\u00f3gico, que buscavam medir o QI (Quociente Intelectual).<\/span><br \/>\n<span style=\"font-size: 14pt;\">Com a obra de Goleman, houve uma importante modifica\u00e7\u00e3o nas expectativas dos empregadores em rela\u00e7\u00e3o aos profissionais. Antes, praticamente apenas a experi\u00eancia e os atributos t\u00e9cnicos e acad\u00eamicos eram considerados durante os processos de entrevista.<\/span><br \/>\n<span style=\"font-size: 14pt;\">Agora, por\u00e9m, isso \u00e9 bem diferente, j\u00e1 que cada vez mais s\u00e3o exigidas dos colaboradores aptid\u00f5es subjetivas e male\u00e1veis.<\/span><br \/>\n<span style=\"font-size: 14pt;\">As pessoas com intelig\u00eancia emocional s\u00e3o mais determinadas, t\u00eam mais autoestima, s\u00e3o mais engajadas em suas tarefas, al\u00e9m de raramente perderem o controle. Por tudo isso, ela \u00e9 um grande\u00a0<a href=\"https:\/\/www.impacta.com.br\/blog\/2018\/04\/02\/por-que-a-apresentacao-e-oratoria-sao-um-diferencial-profissional\/\" target=\"_blank\" rel=\"noopener noreferrer\">diferencial no mercado de trabalho.<\/a><\/span><br \/>\n<span style=\"font-size: 14pt;\">Desse modo, um candidato a uma vaga consegue apresentar muito mais qualidades: versatilidade, perspectiva positiva, consci\u00eancia organizacional, aptid\u00e3o para influenciar subordinados e colegas, sagacidade no gerenciamento de conflitos e excel\u00eancia no trabalho em equipe.<\/span><\/p>\n<h2><strong><span style=\"font-size: 14pt;\">Conquiste\u00a0cargos de lideran\u00e7a\u00a0com a intelig\u00eancia emocional<\/span><\/strong><\/h2>\n<p><span style=\"font-size: 14pt;\">Al\u00e9m de muito \u00fatil na procura por uma nova vaga, a intelig\u00eancia emocional vai ajudar voc\u00ea a evoluir na carreira, conquistando postos mais altos nos n\u00edveis hier\u00e1rquicos da companhia.<\/span><br \/>\n<span style=\"font-size: 14pt;\">Essa qualidade, como j\u00e1 dissemos, \u00e9 um dos principais fatores observados atualmente pelas empresas. Se voc\u00ea tem pressa para alcan\u00e7ar uma independ\u00eancia financeira, com sal\u00e1rios melhores, ser\u00e1 fundamental se certificar de como anda seu equil\u00edbrio nesse sentido.<\/span><br \/>\n<span style=\"font-size: 14pt;\">Quando se conta com\u00a0esse valioso atributo, fica mais f\u00e1cil deixar o ambiente profissional harmonioso, o que torna toda a equipe bem mais <a title=\"6 dicas para estimular a produtividade em seus colaboradores\" href=\"https:\/\/www.impacta.com.br\/blog\/2015\/11\/24\/6-dicas-para-estimular-a-produtividade-em-seus-colaboradores\/\" target=\"_blank\" rel=\"noopener noreferrer\">produtiva<\/a>. Por essa raz\u00e3o, ter intelig\u00eancia emocional \u00e9 indispens\u00e1vel para desenvolver um bom trabalho e ser reconhecido.<\/span><br \/>\n<span style=\"font-size: 14pt;\">Os empregadores sabem que um l\u00edder influencia profundamente uma equipe, a tal ponto que um chefe desequilibrado, muito frequentemente, acaba resultando em times totalmente desorientados e improdutivos. Por isso, as companhias n\u00e3o querem pessoas com esse perfil nos cargos de chefia. Assim, para\u00a0se tornar um\u00a0<a href=\"https:\/\/www.impacta.com.br\/blog\/2018\/05\/14\/lideranca-corporativa-como-escolher-cursos-para-se-desenvolver\/\" target=\"_blank\" rel=\"noopener noreferrer\">l\u00edder corporativo<\/a>, \u00e9 preciso\u00a0apresentar essa habilidade.<\/span><br \/>\n<span style=\"font-size: 14pt;\">Em situa\u00e7\u00f5es cr\u00edticas, um gestor sem intelig\u00eancia emocional acaba agravando o quadro, podendo se tornar mais agressivo, autorit\u00e1rio e centralizador. Isso compromete a qualidade do\u00a0<a href=\"https:\/\/www.impacta.com.br\/blog\/2018\/05\/07\/gerenciamento-de-equipes-de-marketing-digital-como-contratar-e-gerir-com-eficiencia\/\" target=\"_blank\" rel=\"noopener noreferrer\">gerenciamento de equipes<\/a>. Outro ponto importante da intelig\u00eancia emocional para ascender na carreira: ter mais respaldo e confian\u00e7a para a tomada de decis\u00f5es estrat\u00e9gicas.<\/span><\/p>\n<h2><strong><span style=\"font-size: 14pt;\">Evite motivos para demiss\u00f5es<\/span><\/strong><\/h2>\n<p><span style=\"font-size: 14pt;\">\u00c9 muito comum no mercado de trabalho a velha m\u00e1xima de que as pessoas s\u00e3o admitidas por seus atributos t\u00e9cnicos para o exerc\u00edcio do cargo e s\u00e3o dispensadas por sua falta de equil\u00edbrio no trato com as emo\u00e7\u00f5es. Isso acontece por causa da aus\u00eancia de um\u00a0<a href=\"https:\/\/www.impacta.com.br\/blog\/2018\/03\/26\/como-seu-perfil-comportamental-interfere-em-entrevistas-de-emprego\/\" target=\"_blank\" rel=\"noopener noreferrer\">perfil comportamental<\/a>\u00a0equilibrado.<\/span><br \/>\n<span style=\"font-size: 14pt;\">Controlar os sentimentos \u00e9 algo difuso e complexo, principalmente diante de problemas e imprevistos, em que\u00a0manter o controle se torna um verdadeiro desafio. Com a crise econ\u00f4mica, por\u00e9m, a falta de intelig\u00eancia emocional pode deix\u00e1-lo mais vulner\u00e1vel a uma demiss\u00e3o.<\/span><\/p>\n<p style=\"text-align: left;\"><span style=\"font-size: 14pt;\">Isso porque, quando existe um per\u00edodo de recess\u00e3o, aumenta a press\u00e3o por efici\u00eancia, cortes de gastos e cumprimento de prazos. Como efeito, vem uma sobrecarga de tarefas para toda a equipe. \u00c9 justamente nesses instantes que seu\u00a0<a href=\"https:\/\/www.impacta.com.br\/blog\/2018\/02\/09\/desenvolvimento-pessoal-e-profissional-motivos-para-investir\/\" target=\"_blank\" rel=\"noopener noreferrer\">desenvolvimento pessoal e profissional<\/a>\u00a0podem ajud\u00e1-lo a enfrentar melhor alguns sentimentos negativos, como o estresse, a raiva, o medo, entre outros.<\/span><\/p>\n<p style=\"text-align: center;\"><img loading=\"lazy\" decoding=\"async\" class=\"aligncenter wp-image-13416\" src=\"https:\/\/www.impacta.com.br\/blog\/wp-content\/uploads\/2018\/07\/inteli.jpg\" alt=\"inteli\" width=\"450\" height=\"300\" \/><\/p>\n<h2 style=\"text-align: left;\"><strong><span style=\"font-size: 14pt;\">Veja quais s\u00e3o as qualidades de algu\u00e9m com\u00a0intelig\u00eancia emocional<\/span><\/strong><\/h2>\n<p><span style=\"font-size: 14pt;\">Entender o papel da intelig\u00eancia emocional no desenvolvimento da carreira \u00e9 algo imprescind\u00edvel e que deve ser feito ao longo de toda a vida. O ser humano est\u00e1 em permanente est\u00e1gio de evolu\u00e7\u00e3o.<\/span><br \/>\n<span style=\"font-size: 14pt;\">Se voc\u00ea trabalhar em um ambiente negativo, existir\u00e3o mais gatilhos para o descontrole. Nesse cen\u00e1rio, \u00e9 preciso estar preparado para n\u00e3o deixar o clima ruim\u00a0contaminar a sua rotina. Muitas vezes aquele antigo h\u00e1bito de dar uma volta e respirar fundo faz toda a diferen\u00e7a.<\/span><br \/>\n<span style=\"font-size: 14pt;\">Quando voc\u00ea cometer um erro, assuma. Empurrar a responsabilidade para outros colegas, al\u00e9m de n\u00e3o resolver, acentua o clima de animosidade. Se voc\u00ea n\u00e3o tem uma resposta para um problema, pe\u00e7a mais tempo. N\u00e3o adianta ser r\u00e1pido se a sua solu\u00e7\u00e3o n\u00e3o tiver o resultado\u00a0esperado.<\/span><br \/>\n<span style=\"font-size: 14pt;\">Para entender melhor, fa\u00e7a uma compara\u00e7\u00e3o com o el\u00e1stico, cuja propriedade conhecida como resili\u00eancia tem sido usada como analogia na conquista da intelig\u00eancia emocional. <strong>Voc\u00ea j\u00e1 ouviu falar da resili\u00eancia?<\/strong><\/span><br \/>\n<span style=\"font-size: 14pt;\">Quando um el\u00e1stico \u00e9 submetido \u00e0\u00a0alta press\u00e3o, ele se rompe ou retorna ao mesmo lugar de antes desse est\u00edmulo acentuado. Esse fen\u00f4meno \u00e9 conhecido como resili\u00eancia. Assim, as pessoas devem usar essa met\u00e1fora no cotidiano profissional. Isso significa se recuperar com facilidade depois de uma situa\u00e7\u00e3o complexa ou extremamente tensa.<\/span><br \/>\n<span style=\"font-size: 14pt;\">O escritor Goleman elencou algumas caracter\u00edsticas essenciais para conquistar a intelig\u00eancia emocional. Abaixo, confira como elas podem\u00a0<a href=\"https:\/\/www.impacta.com.br\/blog\/2018\/02\/21\/guia-de-carreira-tudo-que-voce-precisa-saber-para-se-tornar-um-cto\/\" target=\"_blank\" rel=\"noopener noreferrer\">guiar a sua carreira<\/a>!<\/span><\/p>\n<h3><strong><span style=\"font-size: 14pt;\">Autoconhecimento<\/span><\/strong><\/h3>\n<p><span style=\"font-size: 14pt;\">Conhecer a si mesmo e refletir sobre os motivos que o tiram do s\u00e9rio \u00e9 indispens\u00e1vel nesse processo. Assim, percebendo o que pode estimular uma rea\u00e7\u00e3o desequilibrada, voc\u00ea pode criar situa\u00e7\u00f5es para preveni-la. Por exemplo: se tem uma pessoa que o irrita muito, antes de interagir com ela em momentos cr\u00edticos, fa\u00e7a aquele exerc\u00edcio de dar uma volta e\u00a0respirar profundamente.<\/span><\/p>\n<h3><strong><span style=\"font-size: 14pt;\">Autogest\u00e3o<\/span><\/strong><\/h3>\n<p><span style=\"font-size: 14pt;\">Ser\u00e1 fundamental ainda administrar qualidades e vulnerabilidades, potencializando as primeiras e minimizando as segundas. Fa\u00e7a uma lista com seus atributos e defeitos e outra sobre o que voc\u00ea pode fazer para melhorar, pelo menos um pouco, em cada um deles.<\/span><\/p>\n<h3><strong><span style=\"font-size: 14pt;\">Motiva\u00e7\u00e3o<\/span><\/strong><\/h3>\n<p><span style=\"font-size: 14pt;\">Procure encontrar tarefas desafiadoras, das quais voc\u00ea goste, para sempre ter \u00e2nimo e mostrar engajamento. S\u00f3 tem um por\u00e9m: lembre-se de que o perfeccionismo exacerbado leva \u00e0 queda de produtividade e ao des\u00e2nimo. Por essa raz\u00e3o, tenha metas alcan\u00e7\u00e1veis.<\/span><\/p>\n<h3><strong><span style=\"font-size: 14pt;\">Empatia<\/span><\/strong><\/h3>\n<p><span style=\"font-size: 14pt;\">Os profissionais com essa qualidade se relacionam bem melhor com os colegas. Assim, a empatia ajuda a deixar um clima saud\u00e1vel na empresa e tamb\u00e9m a neutralizar a influ\u00eancia de pessoas negativas.<\/span><\/p>\n<h3><strong><span style=\"font-size: 14pt;\">Habilidades sociais<\/span><\/strong><\/h3>\n<p><span style=\"font-size: 14pt;\">\u00c9 preciso ter sensibilidade na forma como voc\u00ea julga as pessoas ao seu redor para identificar quem s\u00e3o seus aliados e seus supostos advers\u00e1rios. Isso significa lapidar a capacidade de interagir com as pessoas mais pr\u00f3ximas, aproveitando o poss\u00edvel dessas boas rela\u00e7\u00f5es.<\/span><br \/>\n<span style=\"font-size: 14pt;\">Al\u00e9m disso, ter<a title=\"Soft skills: entenda porque elas s\u00e3o importantes para o futuro do trabalho!\" href=\"https:\/\/www.impacta.com.br\/blog\/2018\/02\/12\/soft-skills-entenda-porque-importantes-futuro-do-trabalho\/\" target=\"_blank\" rel=\"noopener noreferrer\"> habilidades sociais<\/a> vai contribuir para voc\u00ea se proteger de colegas que eventualmente possam prejudic\u00e1-lo, sem perder a linha e a postura.\u00a0Dessa forma, voc\u00ea consegue classificar as personalidades dos demais colaboradores e vai aprendendo a lidar melhor com elas.<\/span><br \/>\n<span style=\"font-size: 14pt;\">Como voc\u00ea p\u00f4de notar, reconhecer a import\u00e2ncia da intelig\u00eancia emocional no desenvolvimento da carreira \u00e9 essencial para crescer. Ao prestar mais aten\u00e7\u00e3o no seu comportamento, voc\u00ea vai deixar a sua intelig\u00eancia emocional cada vez mais s\u00f3lida.<\/span><br \/>\n<span style=\"font-size: 14pt;\">Assim, vai ficar mais f\u00e1cil aprimorar seu poder de\u00a0lideran\u00e7a, o que pode abrir muitas portas. Quer dividir nosso conte\u00fado com os amigos? Ent\u00e3o compartilhe este artigo em suas redes sociais!<\/span><\/p>\n<div class=\"sharing-default-minimal post-bottom\"><div class=\"nectar-social default\" data-position=\"\" data-rm-love=\"0\" data-color-override=\"override\"><div class=\"nectar-social-inner\"><a href=\"#\" class=\"nectar-love\" id=\"nectar-love-13413\" title=\"Love this\"> <i class=\"icon-salient-heart-2\"><\/i><span class=\"love-text\">Love<\/span><span class=\"total_loves\"><span class=\"nectar-love-count\">0<\/span><\/span><\/a><a class='facebook-share nectar-sharing' href='#' title='Share this'> <i class='fa fa-facebook'><\/i> <span class='social-text'>Share<\/span> <\/a><a class='twitter-share nectar-sharing' href='#' title='Share this'> <i class='fa icon-salient-x-twitter'><\/i> <span class='social-text'>Share<\/span> <\/a><a class='linkedin-share nectar-sharing' href='#' title='Share this'> <i class='fa fa-linkedin'><\/i> <span class='social-text'>Share<\/span> <\/a><a class='pinterest-share nectar-sharing' href='#' title='Pin this'> <i class='fa fa-pinterest'><\/i> <span class='social-text'>Pin<\/span> <\/a><\/div><\/div><\/div>","protected":false},"excerpt":{"rendered":"<p>Voc\u00ea j\u00e1 parou para pensar na import\u00e2ncia da intelig\u00eancia emocional no desenvolvimento da carreira? Assim como \u00e9 crucial estar sempre atualizado \u00e0s nuances de sua profiss\u00e3o, tamb\u00e9m \u00e9 preciso cultivar essa qualidade. Quem quer ser promovido ou achar\u00a0novas chances de trabalho ter\u00e1 que\u00a0lidar muito\u00a0bem com as suas pr\u00f3prias emo\u00e7\u00f5es, especialmente em\u00a0circunst\u00e2ncias cr\u00edticas, nas quais \u00e9 [&hellip;]<\/p>\n","protected":false},"author":2,"featured_media":17041,"comment_status":"open","ping_status":"open","sticky":false,"template":"","format":"standard","meta":{"footnotes":""},"categories":[13],"tags":[44,635],"class_list":["post-13413","post","type-post","status-publish","format-standard","has-post-thumbnail","hentry","category-carreira","tag-carreira-2","tag-inteligencia-emocional"],"yoast_head":"<!-- This site is optimized with the Yoast SEO plugin v25.1 - https:\/\/yoast.com\/wordpress\/plugins\/seo\/ -->\r\n<title>Como a intelig\u00eancia emocional te ajuda na carreira<\/title>\r\n<meta name=\"description\" content=\"Muitas empresas ainda se preocupam apenas com as habilidades t\u00e9cnicas e experi\u00eancia, deixando a intelig\u00eancia emocional de lado. Veja porque isso \u00e9 um erro!\" \/>\r\n<meta name=\"robots\" content=\"index, follow, max-snippet:-1, max-image-preview:large, max-video-preview:-1\" \/>\r\n<link rel=\"canonical\" href=\"https:\/\/www.impacta.com.br\/blog\/como-a-inteligencia-emocional-te-ajuda-no-desenvolvimento-da-carreira\/\" \/>\r\n<meta property=\"og:locale\" content=\"pt_BR\" \/>\r\n<meta property=\"og:type\" content=\"article\" \/>\r\n<meta property=\"og:title\" content=\"Como a intelig\u00eancia emocional te ajuda na carreira\" \/>\r\n<meta property=\"og:description\" content=\"Muitas empresas ainda se preocupam apenas com as habilidades t\u00e9cnicas e experi\u00eancia, deixando a intelig\u00eancia emocional de lado. Veja porque isso \u00e9 um erro!\" \/>\r\n<meta property=\"og:url\" content=\"https:\/\/www.impacta.com.br\/blog\/como-a-inteligencia-emocional-te-ajuda-no-desenvolvimento-da-carreira\/\" \/>\r\n<meta property=\"og:site_name\" content=\"Blog Impacta - Dicas e Not\u00edcias sobre Carreira\" \/>\r\n<meta property=\"article:published_time\" content=\"2018-07-06T14:34:43+00:00\" \/>\r\n<meta property=\"og:image\" content=\"https:\/\/www.impacta.com.br\/blog\/wp-content\/uploads\/2020\/04\/inteligencia_emocional_carreira.jpg\" \/>\r\n\t<meta property=\"og:image:width\" content=\"850\" \/>\r\n\t<meta property=\"og:image:height\" content=\"284\" \/>\r\n\t<meta property=\"og:image:type\" content=\"image\/jpeg\" \/>\r\n<meta name=\"author\" content=\"Reda\u00e7\u00e3o Impacta\" \/>\r\n<meta name=\"twitter:card\" content=\"summary_large_image\" \/>\r\n<meta name=\"twitter:label1\" content=\"Written by\" \/>\n\t<meta name=\"twitter:data1\" content=\"Reda\u00e7\u00e3o Impacta\" \/>\n\t<meta name=\"twitter:label2\" content=\"Est. reading time\" \/>\n\t<meta name=\"twitter:data2\" content=\"7 minutos\" \/>\r\n<script type=\"application\/ld+json\" class=\"yoast-schema-graph\">{\"@context\":\"https:\/\/schema.org\",\"@graph\":[{\"@type\":\"WebPage\",\"@id\":\"https:\/\/www.impacta.com.br\/blog\/como-a-inteligencia-emocional-te-ajuda-no-desenvolvimento-da-carreira\/\",\"url\":\"https:\/\/www.impacta.com.br\/blog\/como-a-inteligencia-emocional-te-ajuda-no-desenvolvimento-da-carreira\/\",\"name\":\"Como a intelig\u00eancia emocional te ajuda na carreira\",\"isPartOf\":{\"@id\":\"https:\/\/www.impacta.com.br\/blog\/#website\"},\"primaryImageOfPage\":{\"@id\":\"https:\/\/www.impacta.com.br\/blog\/como-a-inteligencia-emocional-te-ajuda-no-desenvolvimento-da-carreira\/#primaryimage\"},\"image\":{\"@id\":\"https:\/\/www.impacta.com.br\/blog\/como-a-inteligencia-emocional-te-ajuda-no-desenvolvimento-da-carreira\/#primaryimage\"},\"thumbnailUrl\":\"https:\/\/www.impacta.com.br\/blog\/wp-content\/uploads\/2020\/04\/inteligencia_emocional_carreira.jpg\",\"datePublished\":\"2018-07-06T14:34:43+00:00\",\"author\":{\"@id\":\"https:\/\/www.impacta.com.br\/blog\/#\/schema\/person\/2e0896bac7656da15b68f5ad2ddd0d8c\"},\"description\":\"Muitas empresas ainda se preocupam apenas com as habilidades t\u00e9cnicas e experi\u00eancia, deixando a intelig\u00eancia emocional de lado. Veja porque isso \u00e9 um erro!\",\"breadcrumb\":{\"@id\":\"https:\/\/www.impacta.com.br\/blog\/como-a-inteligencia-emocional-te-ajuda-no-desenvolvimento-da-carreira\/#breadcrumb\"},\"inLanguage\":\"pt-BR\",\"potentialAction\":[{\"@type\":\"ReadAction\",\"target\":[\"https:\/\/www.impacta.com.br\/blog\/como-a-inteligencia-emocional-te-ajuda-no-desenvolvimento-da-carreira\/\"]}]},{\"@type\":\"ImageObject\",\"inLanguage\":\"pt-BR\",\"@id\":\"https:\/\/www.impacta.com.br\/blog\/como-a-inteligencia-emocional-te-ajuda-no-desenvolvimento-da-carreira\/#primaryimage\",\"url\":\"https:\/\/www.impacta.com.br\/blog\/wp-content\/uploads\/2020\/04\/inteligencia_emocional_carreira.jpg\",\"contentUrl\":\"https:\/\/www.impacta.com.br\/blog\/wp-content\/uploads\/2020\/04\/inteligencia_emocional_carreira.jpg\",\"width\":850,\"height\":284},{\"@type\":\"BreadcrumbList\",\"@id\":\"https:\/\/www.impacta.com.br\/blog\/como-a-inteligencia-emocional-te-ajuda-no-desenvolvimento-da-carreira\/#breadcrumb\",\"itemListElement\":[{\"@type\":\"ListItem\",\"position\":1,\"name\":\"In\u00edcio\",\"item\":\"https:\/\/www.impacta.com.br\/blog\/\"},{\"@type\":\"ListItem\",\"position\":2,\"name\":\"Como a intelig\u00eancia emocional te ajuda na carreira\"}]},{\"@type\":\"WebSite\",\"@id\":\"https:\/\/www.impacta.com.br\/blog\/#website\",\"url\":\"https:\/\/www.impacta.com.br\/blog\/\",\"name\":\"Blog Impacta - Dicas e Not\u00edcias sobre Carreira\",\"description\":\"Dicas, Not\u00edcias e Conte\u00fados sobre Carreira, Tecnologia, Design, Gest\u00e3o e Marketing. Conhe\u00e7a e Acompanhe o Blog Impacta\",\"potentialAction\":[{\"@type\":\"SearchAction\",\"target\":{\"@type\":\"EntryPoint\",\"urlTemplate\":\"https:\/\/www.impacta.com.br\/blog\/?s={search_term_string}\"},\"query-input\":{\"@type\":\"PropertyValueSpecification\",\"valueRequired\":true,\"valueName\":\"search_term_string\"}}],\"inLanguage\":\"pt-BR\"},{\"@type\":\"Person\",\"@id\":\"https:\/\/www.impacta.com.br\/blog\/#\/schema\/person\/2e0896bac7656da15b68f5ad2ddd0d8c\",\"name\":\"Reda\u00e7\u00e3o Impacta\",\"image\":{\"@type\":\"ImageObject\",\"inLanguage\":\"pt-BR\",\"@id\":\"https:\/\/www.impacta.com.br\/blog\/#\/schema\/person\/image\/\",\"url\":\"https:\/\/secure.gravatar.com\/avatar\/7443a59e479c8f31067628e3a4bed9ad?s=96&d=mm&r=g\",\"contentUrl\":\"https:\/\/secure.gravatar.com\/avatar\/7443a59e479c8f31067628e3a4bed9ad?s=96&d=mm&r=g\",\"caption\":\"Reda\u00e7\u00e3o Impacta\"},\"url\":\"https:\/\/www.impacta.com.br\/blog\/author\/redacao\/\"}]}<\/script>\r\n<!-- \/ Yoast SEO plugin. -->","yoast_head_json":{"title":"Como a intelig\u00eancia emocional te ajuda na carreira","description":"Muitas empresas ainda se preocupam apenas com as habilidades t\u00e9cnicas e experi\u00eancia, deixando a intelig\u00eancia emocional de lado. Veja porque isso \u00e9 um erro!","robots":{"index":"index","follow":"follow","max-snippet":"max-snippet:-1","max-image-preview":"max-image-preview:large","max-video-preview":"max-video-preview:-1"},"canonical":"https:\/\/www.impacta.com.br\/blog\/como-a-inteligencia-emocional-te-ajuda-no-desenvolvimento-da-carreira\/","og_locale":"pt_BR","og_type":"article","og_title":"Como a intelig\u00eancia emocional te ajuda na carreira","og_description":"Muitas empresas ainda se preocupam apenas com as habilidades t\u00e9cnicas e experi\u00eancia, deixando a intelig\u00eancia emocional de lado. Veja porque isso \u00e9 um erro!","og_url":"https:\/\/www.impacta.com.br\/blog\/como-a-inteligencia-emocional-te-ajuda-no-desenvolvimento-da-carreira\/","og_site_name":"Blog Impacta - Dicas e Not\u00edcias sobre Carreira","article_published_time":"2018-07-06T14:34:43+00:00","og_image":[{"width":850,"height":284,"url":"https:\/\/www.impacta.com.br\/blog\/wp-content\/uploads\/2020\/04\/inteligencia_emocional_carreira.jpg","type":"image\/jpeg"}],"author":"Reda\u00e7\u00e3o Impacta","twitter_card":"summary_large_image","twitter_misc":{"Written by":"Reda\u00e7\u00e3o Impacta","Est. reading time":"7 minutos"},"schema":{"@context":"https:\/\/schema.org","@graph":[{"@type":"WebPage","@id":"https:\/\/www.impacta.com.br\/blog\/como-a-inteligencia-emocional-te-ajuda-no-desenvolvimento-da-carreira\/","url":"https:\/\/www.impacta.com.br\/blog\/como-a-inteligencia-emocional-te-ajuda-no-desenvolvimento-da-carreira\/","name":"Como a intelig\u00eancia emocional te ajuda na carreira","isPartOf":{"@id":"https:\/\/www.impacta.com.br\/blog\/#website"},"primaryImageOfPage":{"@id":"https:\/\/www.impacta.com.br\/blog\/como-a-inteligencia-emocional-te-ajuda-no-desenvolvimento-da-carreira\/#primaryimage"},"image":{"@id":"https:\/\/www.impacta.com.br\/blog\/como-a-inteligencia-emocional-te-ajuda-no-desenvolvimento-da-carreira\/#primaryimage"},"thumbnailUrl":"https:\/\/www.impacta.com.br\/blog\/wp-content\/uploads\/2020\/04\/inteligencia_emocional_carreira.jpg","datePublished":"2018-07-06T14:34:43+00:00","author":{"@id":"https:\/\/www.impacta.com.br\/blog\/#\/schema\/person\/2e0896bac7656da15b68f5ad2ddd0d8c"},"description":"Muitas empresas ainda se preocupam apenas com as habilidades t\u00e9cnicas e experi\u00eancia, deixando a intelig\u00eancia emocional de lado. Veja porque isso \u00e9 um erro!","breadcrumb":{"@id":"https:\/\/www.impacta.com.br\/blog\/como-a-inteligencia-emocional-te-ajuda-no-desenvolvimento-da-carreira\/#breadcrumb"},"inLanguage":"pt-BR","potentialAction":[{"@type":"ReadAction","target":["https:\/\/www.impacta.com.br\/blog\/como-a-inteligencia-emocional-te-ajuda-no-desenvolvimento-da-carreira\/"]}]},{"@type":"ImageObject","inLanguage":"pt-BR","@id":"https:\/\/www.impacta.com.br\/blog\/como-a-inteligencia-emocional-te-ajuda-no-desenvolvimento-da-carreira\/#primaryimage","url":"https:\/\/www.impacta.com.br\/blog\/wp-content\/uploads\/2020\/04\/inteligencia_emocional_carreira.jpg","contentUrl":"https:\/\/www.impacta.com.br\/blog\/wp-content\/uploads\/2020\/04\/inteligencia_emocional_carreira.jpg","width":850,"height":284},{"@type":"BreadcrumbList","@id":"https:\/\/www.impacta.com.br\/blog\/como-a-inteligencia-emocional-te-ajuda-no-desenvolvimento-da-carreira\/#breadcrumb","itemListElement":[{"@type":"ListItem","position":1,"name":"In\u00edcio","item":"https:\/\/www.impacta.com.br\/blog\/"},{"@type":"ListItem","position":2,"name":"Como a intelig\u00eancia emocional te ajuda na carreira"}]},{"@type":"WebSite","@id":"https:\/\/www.impacta.com.br\/blog\/#website","url":"https:\/\/www.impacta.com.br\/blog\/","name":"Blog Impacta - Dicas e Not\u00edcias sobre Carreira","description":"Dicas, Not\u00edcias e Conte\u00fados sobre Carreira, Tecnologia, Design, Gest\u00e3o e Marketing. Conhe\u00e7a e Acompanhe o Blog Impacta","potentialAction":[{"@type":"SearchAction","target":{"@type":"EntryPoint","urlTemplate":"https:\/\/www.impacta.com.br\/blog\/?s={search_term_string}"},"query-input":{"@type":"PropertyValueSpecification","valueRequired":true,"valueName":"search_term_string"}}],"inLanguage":"pt-BR"},{"@type":"Person","@id":"https:\/\/www.impacta.com.br\/blog\/#\/schema\/person\/2e0896bac7656da15b68f5ad2ddd0d8c","name":"Reda\u00e7\u00e3o Impacta","image":{"@type":"ImageObject","inLanguage":"pt-BR","@id":"https:\/\/www.impacta.com.br\/blog\/#\/schema\/person\/image\/","url":"https:\/\/secure.gravatar.com\/avatar\/7443a59e479c8f31067628e3a4bed9ad?s=96&d=mm&r=g","contentUrl":"https:\/\/secure.gravatar.com\/avatar\/7443a59e479c8f31067628e3a4bed9ad?s=96&d=mm&r=g","caption":"Reda\u00e7\u00e3o Impacta"},"url":"https:\/\/www.impacta.com.br\/blog\/author\/redacao\/"}]}},"acf":{"post_description":null,"capa_mobile":null},"_links":{"self":[{"href":"https:\/\/www.impacta.com.br\/blog\/wp-json\/wp\/v2\/posts\/13413","targetHints":{"allow":["GET"]}}],"collection":[{"href":"https:\/\/www.impacta.com.br\/blog\/wp-json\/wp\/v2\/posts"}],"about":[{"href":"https:\/\/www.impacta.com.br\/blog\/wp-json\/wp\/v2\/types\/post"}],"author":[{"embeddable":true,"href":"https:\/\/www.impacta.com.br\/blog\/wp-json\/wp\/v2\/users\/2"}],"replies":[{"embeddable":true,"href":"https:\/\/www.impacta.com.br\/blog\/wp-json\/wp\/v2\/comments?post=13413"}],"version-history":[{"count":0,"href":"https:\/\/www.impacta.com.br\/blog\/wp-json\/wp\/v2\/posts\/13413\/revisions"}],"wp:featuredmedia":[{"embeddable":true,"href":"https:\/\/www.impacta.com.br\/blog\/wp-json\/wp\/v2\/media\/17041"}],"wp:attachment":[{"href":"https:\/\/www.impacta.com.br\/blog\/wp-json\/wp\/v2\/media?parent=13413"}],"wp:term":[{"taxonomy":"category","embeddable":true,"href":"https:\/\/www.impacta.com.br\/blog\/wp-json\/wp\/v2\/categories?post=13413"},{"taxonomy":"post_tag","embeddable":true,"href":"https:\/\/www.impacta.com.br\/blog\/wp-json\/wp\/v2\/tags?post=13413"}],"curies":[{"name":"wp","href":"https:\/\/api.w.org\/{rel}","templated":true}]}}