{"id":13289,"date":"2018-06-06T10:42:16","date_gmt":"2018-06-06T13:42:16","guid":{"rendered":"http:\/\/www.impacta.com.br\/blog\/?p=13289"},"modified":"2018-06-06T10:42:16","modified_gmt":"2018-06-06T13:42:16","slug":"impacta-no-wwdc-2018-a-conferencia-da-apple-para-desenvolvedores","status":"publish","type":"post","link":"https:\/\/www.impacta.com.br\/blog\/impacta-no-wwdc-2018-a-conferencia-da-apple-para-desenvolvedores\/","title":{"rendered":"WWDC 2018: a confer\u00eancia da Apple para desenvolvedores!"},"content":{"rendered":"<p><span style=\"font-weight: 400; font-size: 14pt;\">O WWDC \u00e9 a confer\u00eancia anual da Apple voltada ao desenvolvimento de software para seus dispositivos. \u00c9 no eventos que a empresa lan\u00e7a as novidades e melhorias dos sistemas operacionais iOS, watchOS, tvOS e macOS. \u00c9 a menina dos olhos de qualquer desenvolvedor \ud83d\ude1b<\/span><\/p>\n<p style=\"text-align: left;\"><span style=\"font-size: 14pt;\">E, esse ano, a professora dos cursos de <a href=\"https:\/\/www.impacta.edu.br\/graduacoes\/sistemas-de-informacao\" target=\"_blank\" rel=\"noopener noreferrer\">Sistema da Informa\u00e7\u00e3o<\/a> e <a href=\"https:\/\/www.impacta.edu.br\/graduacoes\/analise-e-desenvolvimento-de-sistemas\" target=\"_blank\" rel=\"noopener noreferrer\">An\u00e1lise e Desenvolvimento de Sistemas da Faculdade Impaca<\/a>, Ilana Concilio, foi acompanhar as novidades e traz o seu relato dos primeiros dias do evento para n\u00f3s! Confira tudo:<\/span><\/p>\n<p style=\"text-align: center;\"><span style=\"font-size: 14pt;\"><img loading=\"lazy\" decoding=\"async\" class=\"aligncenter wp-image-13291\" title=\"Professora Ilana Conc\u00edlia est\u00e1 no WWDC 2018\" src=\"https:\/\/www.impacta.com.br\/blog\/wp-content\/uploads\/2018\/06\/professoraWWDC-1024x843.jpg\" alt=\"Professora Ilana Conc\u00edlia est\u00e1 no WWDC 2018\" width=\"364\" height=\"300\" \/><\/span><\/p>\n<h2 style=\"text-align: center;\"><strong><span style=\"font-size: 14pt;\">Chegando ao WWDC 2018!<\/span><\/strong><\/h2>\n<p><span style=\"font-weight: 400; font-size: 14pt;\">At\u00e9 2016, o WWDC acontecia em San Francisco, mas a partir de 2017, passou a ser realizado em San Jose, a terceira cidade mais populosa da Calif\u00f3rnia, no condado de Santa Clara.<\/span><br \/>\n<span style=\"font-weight: 400; font-size: 14pt;\">Durante a semana do evento, a cidade de San Jose fica agitada, pois apenas na confer\u00eancia desse\u00a0ano s\u00e3o <strong>6000 inscritos de 77 pa\u00edses<\/strong>. Em paralelo, acontecem tamb\u00e9m outros eventos de\u00a0desenvolvimento e tecnologia como o <a href=\"https:\/\/altconf.com\/\" target=\"_blank\" rel=\"noopener noreferrer\">AltConf<\/a>, <a href=\"https:\/\/layers.is\/\" target=\"_blank\" rel=\"noopener noreferrer\">Layers <\/a>e <a href=\"https:\/\/www.tryswift.co\/events\/2018\/sanjose\/\" target=\"_blank\" rel=\"noopener noreferrer\">try! Swift Conference<\/a>.<\/span><\/p>\n<p style=\"text-align: left;\"><span style=\"font-size: 14pt;\">N\u00e3o \u00e0 toa, a cidade exala tecnologia. Algumas pessoas exibem seus &#8220;brinquedos&#8221;, mas a maioria est\u00e1 com sede de novidades e muita expectativa!<\/span><\/p>\n<p style=\"text-align: center;\"><a href=\"https:\/\/www.impacta.com.br\/blog\/wp-content\/uploads\/2018\/06\/sanjose1.png\" target=\"_blank\" rel=\"noopener noreferrer\"><img loading=\"lazy\" decoding=\"async\" class=\"aligncenter wp-image-13290\" title=\"Durante o WWDC 2018, a cidade de San Jose exala tecnologia\" src=\"https:\/\/www.impacta.com.br\/blog\/wp-content\/uploads\/2018\/06\/sanjose1-768x1024.png\" alt=\"Durante o WWDC 2018, a cidade de San Jose exala tecnologia\" width=\"450\" height=\"600\" \/><\/a><\/p>\n<p style=\"text-align: left;\"><span style=\"font-size: 14pt;\"><strong><span style=\"font-weight: 400;\">Sediado no McEnery Convention Center, o WWDC \u00e9\u00a0puro software e desenvolvimento\u2026 e fotos! Fotos e muitas fotos! A Apple consegue encantar a todos com alguns detalhes que nos deixam como crian\u00e7as.<\/span><\/strong><\/span><\/p>\n<p>&nbsp;<\/p>\n<p style=\"text-align: left;\"><span style=\"font-weight: 400; font-size: 14pt;\">A alegria j\u00e1 come\u00e7a no checkin. \ud83d\ude42 Cada inscrito ganha uma jaqueta Levi\u2019s com o pin do WWDC 2018\u00a0e um pacote de pins que \u00e9 a sensa\u00e7\u00e3o do evento! Cada um ganha tamb\u00e9m um pin com a bandeira de seu pa\u00eds e, durante toda a confer\u00eancia, as pessoas tentam trocar ou obter mais.<\/span><\/p>\n<p style=\"text-align: center;\"><a href=\"https:\/\/www.impacta.com.br\/blog\/wp-content\/uploads\/2018\/06\/wwdc.jpg\" target=\"_blank\" rel=\"noopener noreferrer\"><img loading=\"lazy\" decoding=\"async\" class=\"aligncenter wp-image-13293\" title=\"wwdc\" src=\"https:\/\/www.impacta.com.br\/blog\/wp-content\/uploads\/2018\/06\/wwdc.jpg\" alt=\"wwdc\" width=\"430\" height=\"600\" \/><\/a><\/p>\n<p style=\"text-align: left;\"><span style=\"font-size: 14pt;\">Na entrada, ao passar o crach\u00e1, totens com iPads d\u00e3o boas vindas a cada um\u2026 &lt;3 Sem falar dos funcion\u00e1rios que recepcionam a todos com muito carinho e energia positiva!<\/span><\/p>\n<p>&nbsp;<br \/>\n<span style=\"font-weight: 400; font-size: 14pt;\">\u00c9 tudo muito organizado do come\u00e7o ao fim, a Apple como sempre est\u00e1 de parab\u00e9ns.<\/span><\/p>\n<h2><strong><span style=\"font-size: 14pt;\">Come\u00e7ou o WWDC 2018: Keynote principal!<\/span><\/strong><\/h2>\n<p><span style=\"font-weight: 400; font-size: 14pt;\">O primeiro dia do WWDC se iniciou com o t\u00e3o esperado Keynote principal, comandado por <strong>Tim Cook<\/strong>, CEO da Apple, e <strong>Craig Federighi<\/strong>, vice-presidente s\u00eanior de Engenharia de Software da Apple. Nesta se\u00e7\u00e3o s\u00e3o apresentados todas as novidades de Software e, a partir da\u00ed, os temas das palestras s\u00e3o disponibilizados aos inscritos.<\/span><\/p>\n<p style=\"text-align: left;\"><span style=\"font-weight: 400; font-size: 14pt;\">A expectativa para o keynote \u00e9 t\u00e3o grande que formam-se longas filas. Alguns\u00a0f\u00e3s chegam a fazer plant\u00e3o desde a madrugada para conseguir melhores lugares no audit\u00f3rio. E, realmente, \u00e9 muita emo\u00e7\u00e3o estar aqui!<\/span><\/p>\n<p style=\"text-align: center;\"><a href=\"https:\/\/www.impacta.com.br\/blog\/wp-content\/uploads\/2018\/06\/filakeynote.jpg\" target=\"_blank\" rel=\"noopener noreferrer\"><img loading=\"lazy\" decoding=\"async\" class=\"aligncenter wp-image-13294\" title=\"1\u00aa keynote do WWDC gera fila\" src=\"https:\/\/www.impacta.com.br\/blog\/wp-content\/uploads\/2018\/06\/filakeynote-1024x499.jpg\" alt=\"1\u00aa keynote do WWDC gera fila\" width=\"600\" height=\"293\" \/><\/a><\/p>\n<p style=\"text-align: left;\"><span style=\"font-weight: 400; font-size: 14pt;\">Vamos falar ent\u00e3o do keynote. Para n\u00f3s desenvolvedores, n\u00e3o foram tantas novidades assim\u2026 mas para n\u00f3s usu\u00e1rios, sim! Veja:<\/span><\/p>\n<h3><strong><span style=\"font-size: 14pt;\">iOS 12<\/span><\/strong><\/h3>\n<p><span style=\"font-weight: 400; font-size: 14pt;\">Sim, mais uma vers\u00e3o do sistema operacional foi lan\u00e7ada. Ainda em\u00a0fase beta, a vers\u00e3o 12 possui o dobro de performance e parece funcionar em dispositivos lan\u00e7ados\u00a0a partir de 2013. Ou seja, se voc\u00ea tem o iPhone 6S, poder\u00e1 aproveitar a nova vers\u00e3o.<\/span><br \/>\n<span style=\"font-weight: 400; font-size: 14pt;\">Al\u00e9m das vers\u00f5es do <strong>ARKit 2<\/strong>, que agora permite multi-usu\u00e1rios \ud83d\ude42 e <strong>CoreML 2<\/strong>, algumas melhorias receberam destaque, como a indexa\u00e7\u00e3o de fotos. Ao tirar uma foto, o sistema reconhece alguns objetos e automaticamente cria tags, facilitando a busca e organiza\u00e7\u00e3o no celular. <\/span><\/p>\n<p style=\"text-align: left;\"><span style=\"font-weight: 400; font-size: 14pt;\">Isso facilita tamb\u00e9m o compartilhamento de imagens, pois na hora de enviar para algu\u00e9m, o sistema j\u00e1 sugere fotos de mesma tag e, para quem as recebe, fotos semelhantes para a outra pessoa te enviar tamb\u00e9m.<\/span><\/p>\n<p style=\"text-align: center;\"><a href=\"https:\/\/www.impacta.com.br\/blog\/wp-content\/uploads\/2018\/06\/apps-e-novidades.jpg\" target=\"_blank\" rel=\"noopener noreferrer\"><img loading=\"lazy\" decoding=\"async\" class=\"aligncenter wp-image-13295\" title=\"Apps e novidades da Apple no WWDC\" src=\"https:\/\/www.impacta.com.br\/blog\/wp-content\/uploads\/2018\/06\/apps-e-novidades-1024x411.jpg\" alt=\"Apps e novidades da Apple no WWDC\" width=\"600\" height=\"241\" \/><\/a><\/p>\n<h3 style=\"text-align: left;\"><strong><span style=\"font-size: 14pt;\">APPS<\/span><\/strong><\/h3>\n<p><span style=\"font-weight: 400; font-size: 14pt;\">Aplicativos como o <strong>Home, News, Stocks e Voice Memos<\/strong> agora tamb\u00e9m receberam algumas melhorias e funcionar\u00e3o em iPads e MacOS. O app <strong>Do Not Disturb<\/strong> permite bloquear o recebimento de notifica\u00e7\u00f5es por exemplo em um evento, at\u00e9 voc\u00ea chegar em\u00a0determinado destino\u00a0ou durante algum tempo.<\/span><br \/>\n<span style=\"font-weight: 400; font-size: 14pt;\">Outro\u00a0aplicativo interessante \u00e9 o <strong>Screen Time,<\/strong>\u00a0que te permite analisar e controlar o uso do iPhone e\/ou aplicativos, mostrando quando e como voc\u00ea usa. \u00c9 poss\u00edvel agora determinar um tempo limite de uso de um aplicativo e voc\u00ea recebe notifica\u00e7\u00f5es quando esse tempo estiver acabando. \u00c9 uma excelente ferramenta para uso familiar, pois, a partir de seu pr\u00f3prio dispositivo, os pais podem acompanhar e controlar o uso dos filhos. Muito bom, n\u00e3o acha?<\/span><\/p>\n<h3><strong><span style=\"font-size: 14pt;\">SIRI<\/span><\/strong><\/h3>\n<p><span style=\"font-weight: 400; font-size: 14pt;\">A queridinha da Apple, tamb\u00e9m est\u00e1 com tudo! \u00c9 poss\u00edvel agora adicionar shortcuts \u00e0 ela e alguns aplicativos como o <strong>Kayak<\/strong> permitem esta integra\u00e7\u00e3o. Por exemplo, quando voc\u00ea tem uma viagem programada, Siri te avisa hor\u00e1rio do e de informa\u00e7\u00f5es importantes do voo e, quando voc\u00ea chega na cidade de destino, ela te fala sobre sua reserva no hotel e at\u00e9 mesmo o caminho at\u00e9 l\u00e1. Existem shortcuts j\u00e1 pr\u00e9-definidos e voc\u00ea pode customiza-los atrav\u00e9s de um aplicativo.<\/span><\/p>\n<h3><strong><span style=\"font-size: 14pt;\">E os animojis?<\/span><\/strong><\/h3>\n<p style=\"text-align: left;\"><span style=\"font-weight: 400; font-size: 14pt;\">No WWDC 2017, Craig Federighi apresentou este recurso do Messages, que cria personagens animados a partir do seu reconhecimento facial. Lan\u00e7aram agora 4 novos animojis que permitem detec\u00e7\u00e3o da l\u00edngua e podem ser customizados pelo usu\u00e1rio, conhecidos como <strong>Memojis<\/strong>. Voc\u00ea tamb\u00e9m pode us\u00e1-los em v\u00eddeos e fotos em tempo real no Facetime que, nesta vers\u00e3o do iOS 12 pode ser usado em grupos de at\u00e9 32 pessoas.<\/span><\/p>\n<p style=\"text-align: center;\"><a href=\"https:\/\/www.impacta.com.br\/blog\/wp-content\/uploads\/2018\/06\/keynote3.jpg\" target=\"_blank\" rel=\"noopener noreferrer\"><img loading=\"lazy\" decoding=\"async\" class=\"aligncenter wp-image-13296\" title=\"keynote - wwdc 2018\" src=\"https:\/\/www.impacta.com.br\/blog\/wp-content\/uploads\/2018\/06\/keynote3-1024x437.jpg\" alt=\"keynote - wwdc 2018\" width=\"600\" height=\"256\" \/><\/a><\/p>\n<h2 style=\"text-align: left;\"><span style=\"font-size: 14pt;\"><strong>MacOS<\/strong><\/span><\/h2>\n<p><span style=\"font-size: 14pt;\"><span style=\"font-weight: 400;\">O mais esperado sempre fica para o final: o <strong>novo sistema operacional MacOS<\/strong>. Fugindo um pouco de nomes relacionados ao Yosemite National Park, mas ainda mantendo a indiscut\u00edvel beleza da Calif\u00f3rnia, foi apresentado o <strong>Mojave<\/strong>.\u00a0<\/span>Lindo em sua vers\u00e3o Dark Mode, permite agrupamento de documentos do desktop por data, tipo ou tag.<\/span><br \/>\n<span style=\"font-size: 14pt;\">O <strong>Finder<\/strong> oferece agora a op\u00e7\u00e3o de galeria para as pastas e arquivos, al\u00e9m de visualiza\u00e7\u00e3o de todo os metadados, mas o mais legal \u00e9 que agora \u00e9 poss\u00edvel gerar a\u00e7\u00f5es r\u00e1pidas como editar fotos no modo &#8220;quicklook&#8221;. Ah\u2026 e apenas selecionando e arrastando um conjunto de arquivos e\/ou imagens, voc\u00ea pode criar um\u00a0PDF\u00a0com eles :).\u00a0 \u00c9 f\u00e1cil tamb\u00e9m compartilhar fotos e arquivos escaneados direto do celular para o Mac.<\/span><\/p>\n<h3><strong><span style=\"font-size: 14pt;\">WatchOS 5<\/span><\/strong><\/h3>\n<p><span style=\"font-weight: 400; font-size: 14pt;\">O WatchOS 5 tamb\u00e9m foi lan\u00e7ado, recebendo refor\u00e7o nos recursos para sa\u00fade e fitness como a cria\u00e7\u00e3o de competi\u00e7\u00f5es entre multi-usu\u00e1rios, acompanhamento de progresso e premia\u00e7\u00f5es. \u00c9 poss\u00edvel usar o Apple Watch agora como um walkie-talkie e tamb\u00e9m como ID de estudante, j\u00e1 em sua vers\u00e3o beta em algumas universidades americanas.<\/span><br \/>\n<span style=\"font-weight: 400; font-size: 14pt;\">O ponto fraco do Keynote foi a AppleTV, sem nenhuma melhoria consider\u00e1vel, apenas destacaram a qualidade de v\u00eddeo 4k e \u00e1udio 3D.<\/span><br \/>\n<span style=\"font-size: 14pt;\">E a\u00ed, gostou das novidades do primeiro dia do WWDC 2018? Fique ligado no Blog Impacta que teremos mais coisas legais do que est\u00e1 acontecendo no evento da Apple!<\/span><\/p>\n<div class=\"sharing-default-minimal post-bottom\"><div class=\"nectar-social default\" data-position=\"\" data-rm-love=\"0\" data-color-override=\"override\"><div class=\"nectar-social-inner\"><a href=\"#\" class=\"nectar-love\" id=\"nectar-love-13289\" title=\"Love this\"> <i class=\"icon-salient-heart-2\"><\/i><span class=\"love-text\">Love<\/span><span class=\"total_loves\"><span class=\"nectar-love-count\">0<\/span><\/span><\/a><a class='facebook-share nectar-sharing' href='#' title='Share this'> <i class='fa fa-facebook'><\/i> <span class='social-text'>Share<\/span> <\/a><a class='twitter-share nectar-sharing' href='#' title='Share this'> <i class='fa icon-salient-x-twitter'><\/i> <span class='social-text'>Share<\/span> <\/a><a class='linkedin-share nectar-sharing' href='#' title='Share this'> <i class='fa fa-linkedin'><\/i> <span class='social-text'>Share<\/span> <\/a><a class='pinterest-share nectar-sharing' href='#' title='Pin this'> <i class='fa fa-pinterest'><\/i> <span class='social-text'>Pin<\/span> <\/a><\/div><\/div><\/div>","protected":false},"excerpt":{"rendered":"<p>O WWDC \u00e9 a confer\u00eancia anual da Apple voltada ao desenvolvimento de software para seus dispositivos. \u00c9 no eventos que a empresa lan\u00e7a as novidades e melhorias dos sistemas operacionais iOS, watchOS, tvOS e macOS. \u00c9 a menina dos olhos de qualquer desenvolvedor \ud83d\ude1b E, esse ano, a professora dos cursos de Sistema da Informa\u00e7\u00e3o [&hellip;]<\/p>\n","protected":false},"author":41,"featured_media":17036,"comment_status":"open","ping_status":"open","sticky":false,"template":"","format":"standard","meta":{"footnotes":""},"categories":[10,3],"tags":[59,98,614],"class_list":["post-13289","post","type-post","status-publish","format-standard","has-post-thumbnail","hentry","category-desenvolvimento","category-tecnologia","tag-apple","tag-ios","tag-wwdc"],"yoast_head":"<!-- This site is optimized with the Yoast SEO plugin v25.1 - https:\/\/yoast.com\/wordpress\/plugins\/seo\/ -->\r\n<title>WWDC 2018: a confer\u00eancia da Apple para desenvolvedores!<\/title>\r\n<meta name=\"description\" content=\"A professora Ilana Concilio est\u00e1 no WWDC 2018 e traz os bastidores e novidades mais legais da confer\u00eancia da Apple para desenvolvedores. Confira o 1\u00ba dia!\" \/>\r\n<meta name=\"robots\" content=\"index, follow, max-snippet:-1, max-image-preview:large, max-video-preview:-1\" \/>\r\n<link rel=\"canonical\" href=\"https:\/\/www.impacta.com.br\/blog\/impacta-no-wwdc-2018-a-conferencia-da-apple-para-desenvolvedores\/\" \/>\r\n<meta property=\"og:locale\" content=\"pt_BR\" \/>\r\n<meta property=\"og:type\" content=\"article\" \/>\r\n<meta property=\"og:title\" content=\"WWDC 2018: a confer\u00eancia da Apple para desenvolvedores!\" \/>\r\n<meta property=\"og:description\" content=\"A professora Ilana Concilio est\u00e1 no WWDC 2018 e traz os bastidores e novidades mais legais da confer\u00eancia da Apple para desenvolvedores. Confira o 1\u00ba dia!\" \/>\r\n<meta property=\"og:url\" content=\"https:\/\/www.impacta.com.br\/blog\/impacta-no-wwdc-2018-a-conferencia-da-apple-para-desenvolvedores\/\" \/>\r\n<meta property=\"og:site_name\" content=\"Blog Impacta - Dicas e Not\u00edcias sobre Carreira\" \/>\r\n<meta property=\"article:published_time\" content=\"2018-06-06T13:42:16+00:00\" \/>\r\n<meta property=\"og:image\" content=\"https:\/\/www.impacta.com.br\/blog\/wp-content\/uploads\/2020\/04\/header_wwdc_2018.jpg\" \/>\r\n\t<meta property=\"og:image:width\" content=\"850\" \/>\r\n\t<meta property=\"og:image:height\" content=\"284\" \/>\r\n\t<meta property=\"og:image:type\" content=\"image\/jpeg\" \/>\r\n<meta name=\"author\" content=\"Ilana Concilio\" \/>\r\n<meta name=\"twitter:card\" content=\"summary_large_image\" \/>\r\n<meta name=\"twitter:label1\" content=\"Written by\" \/>\n\t<meta name=\"twitter:data1\" content=\"Ilana Concilio\" \/>\n\t<meta name=\"twitter:label2\" content=\"Est. reading time\" \/>\n\t<meta name=\"twitter:data2\" content=\"6 minutos\" \/>\r\n<script type=\"application\/ld+json\" class=\"yoast-schema-graph\">{\"@context\":\"https:\/\/schema.org\",\"@graph\":[{\"@type\":\"WebPage\",\"@id\":\"https:\/\/www.impacta.com.br\/blog\/impacta-no-wwdc-2018-a-conferencia-da-apple-para-desenvolvedores\/\",\"url\":\"https:\/\/www.impacta.com.br\/blog\/impacta-no-wwdc-2018-a-conferencia-da-apple-para-desenvolvedores\/\",\"name\":\"WWDC 2018: a confer\u00eancia da Apple para desenvolvedores!\",\"isPartOf\":{\"@id\":\"https:\/\/www.impacta.com.br\/blog\/#website\"},\"primaryImageOfPage\":{\"@id\":\"https:\/\/www.impacta.com.br\/blog\/impacta-no-wwdc-2018-a-conferencia-da-apple-para-desenvolvedores\/#primaryimage\"},\"image\":{\"@id\":\"https:\/\/www.impacta.com.br\/blog\/impacta-no-wwdc-2018-a-conferencia-da-apple-para-desenvolvedores\/#primaryimage\"},\"thumbnailUrl\":\"https:\/\/www.impacta.com.br\/blog\/wp-content\/uploads\/2020\/04\/header_wwdc_2018.jpg\",\"datePublished\":\"2018-06-06T13:42:16+00:00\",\"author\":{\"@id\":\"https:\/\/www.impacta.com.br\/blog\/#\/schema\/person\/f4f60e967a50bc83b9b8f5e269dbd28b\"},\"description\":\"A professora Ilana Concilio est\u00e1 no WWDC 2018 e traz os bastidores e novidades mais legais da confer\u00eancia da Apple para desenvolvedores. Confira o 1\u00ba dia!\",\"breadcrumb\":{\"@id\":\"https:\/\/www.impacta.com.br\/blog\/impacta-no-wwdc-2018-a-conferencia-da-apple-para-desenvolvedores\/#breadcrumb\"},\"inLanguage\":\"pt-BR\",\"potentialAction\":[{\"@type\":\"ReadAction\",\"target\":[\"https:\/\/www.impacta.com.br\/blog\/impacta-no-wwdc-2018-a-conferencia-da-apple-para-desenvolvedores\/\"]}]},{\"@type\":\"ImageObject\",\"inLanguage\":\"pt-BR\",\"@id\":\"https:\/\/www.impacta.com.br\/blog\/impacta-no-wwdc-2018-a-conferencia-da-apple-para-desenvolvedores\/#primaryimage\",\"url\":\"https:\/\/www.impacta.com.br\/blog\/wp-content\/uploads\/2020\/04\/header_wwdc_2018.jpg\",\"contentUrl\":\"https:\/\/www.impacta.com.br\/blog\/wp-content\/uploads\/2020\/04\/header_wwdc_2018.jpg\",\"width\":850,\"height\":284},{\"@type\":\"BreadcrumbList\",\"@id\":\"https:\/\/www.impacta.com.br\/blog\/impacta-no-wwdc-2018-a-conferencia-da-apple-para-desenvolvedores\/#breadcrumb\",\"itemListElement\":[{\"@type\":\"ListItem\",\"position\":1,\"name\":\"In\u00edcio\",\"item\":\"https:\/\/www.impacta.com.br\/blog\/\"},{\"@type\":\"ListItem\",\"position\":2,\"name\":\"WWDC 2018: a confer\u00eancia da Apple para desenvolvedores!\"}]},{\"@type\":\"WebSite\",\"@id\":\"https:\/\/www.impacta.com.br\/blog\/#website\",\"url\":\"https:\/\/www.impacta.com.br\/blog\/\",\"name\":\"Blog Impacta - Dicas e Not\u00edcias sobre Carreira\",\"description\":\"Dicas, Not\u00edcias e Conte\u00fados sobre Carreira, Tecnologia, Design, Gest\u00e3o e Marketing. Conhe\u00e7a e Acompanhe o Blog Impacta\",\"potentialAction\":[{\"@type\":\"SearchAction\",\"target\":{\"@type\":\"EntryPoint\",\"urlTemplate\":\"https:\/\/www.impacta.com.br\/blog\/?s={search_term_string}\"},\"query-input\":{\"@type\":\"PropertyValueSpecification\",\"valueRequired\":true,\"valueName\":\"search_term_string\"}}],\"inLanguage\":\"pt-BR\"},{\"@type\":\"Person\",\"@id\":\"https:\/\/www.impacta.com.br\/blog\/#\/schema\/person\/f4f60e967a50bc83b9b8f5e269dbd28b\",\"name\":\"Ilana Concilio\",\"image\":{\"@type\":\"ImageObject\",\"inLanguage\":\"pt-BR\",\"@id\":\"https:\/\/www.impacta.com.br\/blog\/#\/schema\/person\/image\/\",\"url\":\"https:\/\/secure.gravatar.com\/avatar\/bacd46469e0a4908b48c8f5ba66899e2?s=96&d=mm&r=g\",\"contentUrl\":\"https:\/\/secure.gravatar.com\/avatar\/bacd46469e0a4908b48c8f5ba66899e2?s=96&d=mm&r=g\",\"caption\":\"Ilana Concilio\"},\"url\":\"https:\/\/www.impacta.com.br\/blog\/author\/ilana-concilio\/\"}]}<\/script>\r\n<!-- \/ Yoast SEO plugin. -->","yoast_head_json":{"title":"WWDC 2018: a confer\u00eancia da Apple para desenvolvedores!","description":"A professora Ilana Concilio est\u00e1 no WWDC 2018 e traz os bastidores e novidades mais legais da confer\u00eancia da Apple para desenvolvedores. Confira o 1\u00ba dia!","robots":{"index":"index","follow":"follow","max-snippet":"max-snippet:-1","max-image-preview":"max-image-preview:large","max-video-preview":"max-video-preview:-1"},"canonical":"https:\/\/www.impacta.com.br\/blog\/impacta-no-wwdc-2018-a-conferencia-da-apple-para-desenvolvedores\/","og_locale":"pt_BR","og_type":"article","og_title":"WWDC 2018: a confer\u00eancia da Apple para desenvolvedores!","og_description":"A professora Ilana Concilio est\u00e1 no WWDC 2018 e traz os bastidores e novidades mais legais da confer\u00eancia da Apple para desenvolvedores. Confira o 1\u00ba dia!","og_url":"https:\/\/www.impacta.com.br\/blog\/impacta-no-wwdc-2018-a-conferencia-da-apple-para-desenvolvedores\/","og_site_name":"Blog Impacta - Dicas e Not\u00edcias sobre Carreira","article_published_time":"2018-06-06T13:42:16+00:00","og_image":[{"width":850,"height":284,"url":"https:\/\/www.impacta.com.br\/blog\/wp-content\/uploads\/2020\/04\/header_wwdc_2018.jpg","type":"image\/jpeg"}],"author":"Ilana Concilio","twitter_card":"summary_large_image","twitter_misc":{"Written by":"Ilana Concilio","Est. reading time":"6 minutos"},"schema":{"@context":"https:\/\/schema.org","@graph":[{"@type":"WebPage","@id":"https:\/\/www.impacta.com.br\/blog\/impacta-no-wwdc-2018-a-conferencia-da-apple-para-desenvolvedores\/","url":"https:\/\/www.impacta.com.br\/blog\/impacta-no-wwdc-2018-a-conferencia-da-apple-para-desenvolvedores\/","name":"WWDC 2018: a confer\u00eancia da Apple para desenvolvedores!","isPartOf":{"@id":"https:\/\/www.impacta.com.br\/blog\/#website"},"primaryImageOfPage":{"@id":"https:\/\/www.impacta.com.br\/blog\/impacta-no-wwdc-2018-a-conferencia-da-apple-para-desenvolvedores\/#primaryimage"},"image":{"@id":"https:\/\/www.impacta.com.br\/blog\/impacta-no-wwdc-2018-a-conferencia-da-apple-para-desenvolvedores\/#primaryimage"},"thumbnailUrl":"https:\/\/www.impacta.com.br\/blog\/wp-content\/uploads\/2020\/04\/header_wwdc_2018.jpg","datePublished":"2018-06-06T13:42:16+00:00","author":{"@id":"https:\/\/www.impacta.com.br\/blog\/#\/schema\/person\/f4f60e967a50bc83b9b8f5e269dbd28b"},"description":"A professora Ilana Concilio est\u00e1 no WWDC 2018 e traz os bastidores e novidades mais legais da confer\u00eancia da Apple para desenvolvedores. Confira o 1\u00ba dia!","breadcrumb":{"@id":"https:\/\/www.impacta.com.br\/blog\/impacta-no-wwdc-2018-a-conferencia-da-apple-para-desenvolvedores\/#breadcrumb"},"inLanguage":"pt-BR","potentialAction":[{"@type":"ReadAction","target":["https:\/\/www.impacta.com.br\/blog\/impacta-no-wwdc-2018-a-conferencia-da-apple-para-desenvolvedores\/"]}]},{"@type":"ImageObject","inLanguage":"pt-BR","@id":"https:\/\/www.impacta.com.br\/blog\/impacta-no-wwdc-2018-a-conferencia-da-apple-para-desenvolvedores\/#primaryimage","url":"https:\/\/www.impacta.com.br\/blog\/wp-content\/uploads\/2020\/04\/header_wwdc_2018.jpg","contentUrl":"https:\/\/www.impacta.com.br\/blog\/wp-content\/uploads\/2020\/04\/header_wwdc_2018.jpg","width":850,"height":284},{"@type":"BreadcrumbList","@id":"https:\/\/www.impacta.com.br\/blog\/impacta-no-wwdc-2018-a-conferencia-da-apple-para-desenvolvedores\/#breadcrumb","itemListElement":[{"@type":"ListItem","position":1,"name":"In\u00edcio","item":"https:\/\/www.impacta.com.br\/blog\/"},{"@type":"ListItem","position":2,"name":"WWDC 2018: a confer\u00eancia da Apple para desenvolvedores!"}]},{"@type":"WebSite","@id":"https:\/\/www.impacta.com.br\/blog\/#website","url":"https:\/\/www.impacta.com.br\/blog\/","name":"Blog Impacta - Dicas e Not\u00edcias sobre Carreira","description":"Dicas, Not\u00edcias e Conte\u00fados sobre Carreira, Tecnologia, Design, Gest\u00e3o e Marketing. Conhe\u00e7a e Acompanhe o Blog Impacta","potentialAction":[{"@type":"SearchAction","target":{"@type":"EntryPoint","urlTemplate":"https:\/\/www.impacta.com.br\/blog\/?s={search_term_string}"},"query-input":{"@type":"PropertyValueSpecification","valueRequired":true,"valueName":"search_term_string"}}],"inLanguage":"pt-BR"},{"@type":"Person","@id":"https:\/\/www.impacta.com.br\/blog\/#\/schema\/person\/f4f60e967a50bc83b9b8f5e269dbd28b","name":"Ilana Concilio","image":{"@type":"ImageObject","inLanguage":"pt-BR","@id":"https:\/\/www.impacta.com.br\/blog\/#\/schema\/person\/image\/","url":"https:\/\/secure.gravatar.com\/avatar\/bacd46469e0a4908b48c8f5ba66899e2?s=96&d=mm&r=g","contentUrl":"https:\/\/secure.gravatar.com\/avatar\/bacd46469e0a4908b48c8f5ba66899e2?s=96&d=mm&r=g","caption":"Ilana Concilio"},"url":"https:\/\/www.impacta.com.br\/blog\/author\/ilana-concilio\/"}]}},"acf":{"post_description":null,"capa_mobile":null},"_links":{"self":[{"href":"https:\/\/www.impacta.com.br\/blog\/wp-json\/wp\/v2\/posts\/13289","targetHints":{"allow":["GET"]}}],"collection":[{"href":"https:\/\/www.impacta.com.br\/blog\/wp-json\/wp\/v2\/posts"}],"about":[{"href":"https:\/\/www.impacta.com.br\/blog\/wp-json\/wp\/v2\/types\/post"}],"author":[{"embeddable":true,"href":"https:\/\/www.impacta.com.br\/blog\/wp-json\/wp\/v2\/users\/41"}],"replies":[{"embeddable":true,"href":"https:\/\/www.impacta.com.br\/blog\/wp-json\/wp\/v2\/comments?post=13289"}],"version-history":[{"count":0,"href":"https:\/\/www.impacta.com.br\/blog\/wp-json\/wp\/v2\/posts\/13289\/revisions"}],"wp:featuredmedia":[{"embeddable":true,"href":"https:\/\/www.impacta.com.br\/blog\/wp-json\/wp\/v2\/media\/17036"}],"wp:attachment":[{"href":"https:\/\/www.impacta.com.br\/blog\/wp-json\/wp\/v2\/media?parent=13289"}],"wp:term":[{"taxonomy":"category","embeddable":true,"href":"https:\/\/www.impacta.com.br\/blog\/wp-json\/wp\/v2\/categories?post=13289"},{"taxonomy":"post_tag","embeddable":true,"href":"https:\/\/www.impacta.com.br\/blog\/wp-json\/wp\/v2\/tags?post=13289"}],"curies":[{"name":"wp","href":"https:\/\/api.w.org\/{rel}","templated":true}]}}