{"id":13204,"date":"2018-05-14T11:15:12","date_gmt":"2018-05-14T14:15:12","guid":{"rendered":"http:\/\/www.impacta.com.br\/blog\/?p=13204"},"modified":"2018-05-14T11:15:12","modified_gmt":"2018-05-14T14:15:12","slug":"lideranca-corporativa-como-escolher-cursos-para-se-desenvolver","status":"publish","type":"post","link":"https:\/\/www.impacta.com.br\/blog\/lideranca-corporativa-como-escolher-cursos-para-se-desenvolver\/","title":{"rendered":"Lideran\u00e7a corporativa: como escolher cursos e se capacitar?"},"content":{"rendered":"<p><span style=\"font-size: 14pt;\">Atualmente, \u00e9 muito importante investir em desenvolvimento de\u00a0lideran\u00e7a corporativa para a forma\u00e7\u00e3o\u00a0<a href=\"https:\/\/www.impacta.com.br\/blog\/2018\/02\/09\/desenvolvimento-pessoal-e-profissional-motivos-para-investir\/\" target=\"_blank\" rel=\"noopener noreferrer\">pessoal e profissional<\/a>, uma vez que as grandes empresas buscam por pessoas capacitadas que possam contribuir com excel\u00eancia para o trabalho da organiza\u00e7\u00e3o.<\/span><br \/>\n<span style=\"font-size: 14pt;\">Quem deseja ser\u00a0<a href=\"https:\/\/www.impacta.com.br\/blog\/2018\/02\/14\/6-licoes-de-lideres-da-area-de-gestao-sobre-modelos-de-negocios\/\" target=\"_blank\" rel=\"noopener noreferrer\">um l\u00edder<\/a>\u00a0e conquistar grandes oportunidades de trabalho deve\u00a0investir em cursos de capacita\u00e7\u00e3o para aprender sobre lideran\u00e7a corporativa e se destacar no mercado de trabalho.\u00a0<\/span><br \/>\n<span style=\"font-size: 14pt;\">Dessa forma, vamos aprender neste post sobre\u00a0alguns dos principais cursos para se desenvolver na lideran\u00e7a corporativa. Boa leitura!\u00a0\u00a0\u00a0<\/span><\/p>\n<h2><strong><span style=\"font-size: 14pt;\">Cursos\u00a0de lideran\u00e7a<\/span><\/strong><\/h2>\n<p><span style=\"font-size: 14pt;\">Os cursos de lideran\u00e7a s\u00e3o essenciais para quem deseja aprender mais sobre como ser um bom l\u00edder. Veja abaixo alguns dos aspectos que voc\u00ea poder\u00e1 encontrar nesses cursos.<\/span><\/p>\n<h3><strong><span style=\"font-size: 14pt;\">Administrar o tempo<\/span><\/strong><\/h3>\n<p><span style=\"font-size: 14pt;\">Saber administrar o tempo n\u00e3o \u00e9 uma tarefa f\u00e1cil para quem deseja exercer uma boa lideran\u00e7a corporativa. Toda empresa tem prazos a cumprir e demandas a serem entregues no tempo determinado.\u00a0<\/span><br \/>\n<span style=\"font-size: 14pt;\">Um bom l\u00edder n\u00e3o somente vai saber\u00a0<a href=\"https:\/\/www.impacta.com.br\/blog\/2017\/11\/16\/como-gerenciar-seu-tempo-para-conseguir-se-qualificar-profissionalmente\/\" target=\"_blank\" rel=\"noopener noreferrer\">administrar o seu tempo<\/a>\u00a0com excel\u00eancia, como tamb\u00e9m vai conduzir a sua equipe de trabalho para que ela possa cumprir, com anteced\u00eancia,\u00a0os prazos estabelecidos.<\/span><br \/>\n<span style=\"font-size: 14pt;\">Por isso, realizar um curso de lideran\u00e7a que ensine sobre a conduta em torno do tempo \u00e9 uma boa op\u00e7\u00e3o.\u00a0<\/span><\/p>\n<h3><strong><span style=\"font-size: 14pt;\">Administrar conflitos<\/span><\/strong><\/h3>\n<p><span style=\"font-size: 14pt;\">Outra caracter\u00edstica dos cursos de lideran\u00e7a \u00e9 poder ter a habilidade de administrar conflitos. N\u00e3o \u00e9 f\u00e1cil lidar com as rela\u00e7\u00f5es humanas. Geralmente, h\u00e1 muitos conflitos no ambiente empresarial, uma vez que estamos diante de pessoas com pensamentos distintos e ideias opostas. Dessa forma,\u00a0<a href=\"https:\/\/www.impacta.com.br\/blog\/2017\/11\/10\/startups-o-que-essas-empresas-estao-buscando-no-mercado\/\" target=\"_blank\" rel=\"noopener noreferrer\">as empresas<\/a>\u00a0precisam de um l\u00edder que seja pacificador e saiba resolver as diferen\u00e7as.<\/span><br \/>\n<span style=\"font-size: 14pt;\">Os cursos de lideran\u00e7a podem ajud\u00e1-lo com estrat\u00e9gias que visem a solu\u00e7\u00e3o dos conflitos. O importante \u00e9 que o l\u00edder\u00a0n\u00e3o deixe o ressentimento alimentar as desaven\u00e7as\u00a0a cada circunst\u00e2ncia.<\/span><\/p>\n<h3><strong><span style=\"font-size: 14pt;\">Administrar recursos financeiros<\/span><\/strong><\/h3>\n<p><span style=\"font-size: 14pt;\">Outro aspecto que as grandes empresas buscam em quem exerce a lideran\u00e7a corporativa \u00e9 saber administrar os <a title=\"E-book: O Guia para gerenciar seus ativos financeiros\" href=\"https:\/\/www.impacta.com.br\/blog\/2018\/01\/31\/e-book-o-guia-para-gerenciar-seus-ativos-financeiros\/\" target=\"_blank\" rel=\"noopener noreferrer\">recursos financeiros<\/a> com prud\u00eancia. O bom l\u00edder vai entender quais s\u00e3o as melhores op\u00e7\u00f5es para a empresa investir.\u00a0<\/span><br \/>\n<span style=\"font-size: 14pt;\">Nos cursos de lideran\u00e7a voc\u00ea ser\u00e1 desafiado a realizar or\u00e7amentos e a calcular quanto uma empresa pode gastar de seu lucro para expandir a sua marca e os seus produtos. Voc\u00ea ter\u00e1 intelig\u00eancia para pode fazer com que a sua empresa fa\u00e7a bons neg\u00f3cios e obtenha uma porcentagem de lucro maior.<\/span><\/p>\n<p style=\"text-align: left;\"><span style=\"font-size: 14pt;\">Al\u00e9m disso, devido \u00e0 crise econ\u00f4mica que sufoca a nossa na\u00e7\u00e3o, os cursos de lideran\u00e7a s\u00e3o fundamentais para que o l\u00edder possa saber reduzir custos com sabedoria. Voc\u00ea vai entender, por exemplo, como a sua empresa pode cortar gastos sem perder a qualidade de trabalho que oferece para os seus clientes.<\/span><\/p>\n<p style=\"text-align: center;\"><a href=\"https:\/\/conteudo.impacta.com.br\/guia-preparacao-para-uma-posicao-de-lideranca\" target=\"_blank\" rel=\"noopener noreferrer\"><img loading=\"lazy\" decoding=\"async\" class=\"aligncenter wp-image-13206\" title=\"Saiba como se preparar para uma posicao de lideranca\" src=\"https:\/\/www.impacta.com.br\/blog\/wp-content\/uploads\/2018\/05\/CTA_Guia-de-preparacao-para-uma-posicao-de-lideranca_2.png\" alt=\"CTA_Guia-de-preparacao-para-uma-posicao-de-lideranca_2\" width=\"350\" height=\"101\" \/><\/a><\/p>\n<h2 style=\"text-align: left;\"><strong><span style=\"font-size: 14pt;\">Treinamento para gestores<\/span><\/strong><\/h2>\n<p><span style=\"font-size: 14pt;\">Outro tipo de curso para lideran\u00e7a corporativa muito procurado \u00e9 o <a title=\"6 motivos para investir no treinamento e capacita\u00e7\u00e3o dos colaboradores. E lucrar com isso!\" href=\"https:\/\/www.impacta.com.br\/blog\/2016\/09\/23\/6-motivos-para-investir-no-treinamento-e-capacitacao-dos-colaboradores-e-lucrar-com-isso\/\" target=\"_blank\" rel=\"noopener noreferrer\">treinamento para gestores<\/a>. Com ele, voc\u00ea aprender\u00e1 a otimizar o trabalho e os resultados da empresa. Veja abaixo alguns dos aspectos encontrados nesse\u00a0tipo de curso.\u00a0<\/span><\/p>\n<h3><strong><span style=\"font-size: 14pt;\">Construir um planejamento<\/span><\/strong><\/h3>\n<p><span style=\"font-size: 14pt;\">Um bom l\u00edder precisa saber construir\u00a0<a href=\"https:\/\/www.impacta.com.br\/blog\/2017\/10\/06\/como-iniciar-planejamento-estrategico-empresa\/\" target=\"_blank\" rel=\"noopener noreferrer\">planejamentos eficientes<\/a>, que levem em considera\u00e7\u00e3o todas as pessoas envolvidas na vida da empresa, como funcion\u00e1rios, clientes, etc.\u00a0<\/span><br \/>\n<span style=\"font-size: 14pt;\">Dessa forma, em um curso de treinamento para gestores voc\u00ea aprender\u00e1 sobre a import\u00e2ncia de estabelecer metas e objetivos a serem alcan\u00e7ados para o sucesso da sua empresa e do seu planejamento.<\/span><br \/>\n<span style=\"font-size: 14pt;\">Ademais, voc\u00ea ver\u00e1 que \u00e9 importante monitorar os resultados conquistados\u00a0por meio de constantes an\u00e1lises. Para isso,\u00a0aprender\u00e1 que existem os indicadores-chave de desempenho\u00a0que facilitam\u00a0o seu acompanhamento. Voc\u00ea pode usar, por exemplo:\u00a0<strong>n\u00edvel de satisfa\u00e7\u00e3o dos clientes (NPS),\u00a0evas\u00e3o de clientes (Churn),\u00a0retorno sobre o investimento (ROI)<\/strong>, etc.\u00a0<\/span><\/p>\n<h3><strong><span style=\"font-size: 14pt;\">Conduzir reuni\u00f5es eficazes<\/span><\/strong><\/h3>\n<p><span style=\"font-size: 14pt;\">Outra caracter\u00edstica\u00a0do treinamento para gestores \u00e9 a aprendizagem para saber conduzir <a title=\"Quanto custa uma reuni\u00e3o de trabalho? Saiba como calcular!\" href=\"https:\/\/www.impacta.com.br\/blog\/2016\/01\/15\/quanto-custa-uma-reuniao-de-trabalho-saiba-como-calcular\/\" target=\"_blank\" rel=\"noopener noreferrer\">reuni\u00f5es eficazes<\/a>. Isso \u00e9 algo em que muitos l\u00edderes encontram dificuldades.\u00a0<\/span><br \/>\n<span style=\"font-size: 14pt;\">Por isso, realizar o treinamento para gestores \u00e9 importante para que voc\u00ea aprenda a tra\u00e7ar estrat\u00e9gias que possibilitam melhores resultados com a condu\u00e7\u00e3o de reuni\u00f5es.\u00a0\u00a0<\/span><\/p>\n<h3><strong><span style=\"font-size: 14pt;\">Analisar problemas e tomar decis\u00f5es em equipe<\/span><\/strong><\/h3>\n<p><span style=\"font-size: 14pt;\">N\u00e3o \u00e9 f\u00e1cil para quem deseja ter\u00a0uma boa lideran\u00e7a corporativa analisar os problemas e tomar decis\u00f5es em <a title=\"E-book: Quais KPI\u2019s devo analisar ao treinar minha equipe\" href=\"https:\/\/www.impacta.com.br\/blog\/2017\/11\/13\/e-book-quais-kpis-devo-analisar-ao-treinar-minha-equipe\/\" target=\"_blank\" rel=\"noopener noreferrer\">equipe<\/a>. Por isso, o\u00a0curso\u00a0de treinamento para\u00a0gestores vai ajud\u00e1-lo a compreender a import\u00e2ncia do consenso para tomar as melhores decis\u00f5es em conjunto.\u00a0<\/span><\/p>\n<p style=\"text-align: left;\"><span style=\"font-size: 14pt;\">Voc\u00ea tamb\u00e9m ser\u00e1 capacitado para ouvir o que os outros t\u00eam a dizer, as suas opini\u00f5es e sugest\u00f5es,\u00a0antes de tomar a decis\u00e3o final.<\/span><\/p>\n<p><a href=\"https:\/\/www.impacta.com.br\/blog\/wp-content\/uploads\/2018\/03\/solucoes_corporativas_universidade.jpg\" target=\"_blank\" rel=\"noopener noreferrer\"><img loading=\"lazy\" decoding=\"async\" class=\"aligncenter wp-image-13010\" title=\"solucoes_corporativas_universidade\" src=\"https:\/\/www.impacta.com.br\/blog\/wp-content\/uploads\/2018\/03\/solucoes_corporativas_universidade.jpg\" alt=\"solucoes_corporativas_universidade\" width=\"350\" height=\"233\" \/><\/a><\/p>\n<h2 style=\"text-align: left;\"><strong><span style=\"font-size: 14pt;\">Universidades corporativas<\/span><\/strong><\/h2>\n<p><span style=\"font-size: 14pt;\">Tamb\u00e9m existe a possibilidade de uma empresa montar uma universidade corporativa para formar l\u00edderes. A Universidade Corporativa oferece cursos espec\u00edficos que v\u00e3o ao encontro dos objetivos da organiza\u00e7\u00e3o para\u00a0<a href=\"https:\/\/www.impacta.com.br\/blog\/2017\/12\/08\/4-maneiras-de-treinar-funcionarios-com-inovacao\/\" target=\"_blank\" rel=\"noopener noreferrer\">a forma\u00e7\u00e3o da sua equipe de trabalho<\/a>. Veja abaixo os seus principais aspectos:<\/span><\/p>\n<h3><strong><span style=\"font-size: 14pt;\">Desenvolvimento de compet\u00eancias<\/span><\/strong><\/h3>\n<p><span style=\"font-size: 14pt;\">Um dos principais objetivos da Universidade Corporativa \u00e9 o desenvolvimento de compet\u00eancias para que os seus gestores encontrem novos talentos que possam servir \u00e0\u00a0empresa.<\/span><br \/>\n<span style=\"font-size: 14pt;\">Por exemplo:\u00a0algo muito procurado pelas empresas \u00e9 o gestor que tem vis\u00e3o estrat\u00e9gica, que sabe os melhores caminhos para conquistar o mercado e sair na frente da concorr\u00eancia.\u00a0<\/span><br \/>\n<span style=\"font-size: 14pt;\">A Universidade Corporativa vai ajudar a sua empresa a formar\u00a0<a href=\"https:\/\/www.impacta.com.br\/blog\/2017\/11\/17\/4-dicas-para-desenvolver-a-criatividade\/\" target=\"_blank\" rel=\"noopener noreferrer\">profissionais criativos<\/a>, que sabem tra\u00e7ar estrat\u00e9gias para vencer os desafios impostos \u00e0 empresa.\u00a0\u00a0<\/span><\/p>\n<h3><strong><span style=\"font-size: 14pt;\">Foco em gest\u00e3o de resultados<\/span><\/strong><\/h3>\n<p><span style=\"font-size: 14pt;\">Al\u00e9m do desenvolvimento de compet\u00eancias, a <a href=\"https:\/\/www.impacta.com.br\/corporativo\/\" target=\"_blank\" rel=\"noopener noreferrer\">Universidade Corporativa<\/a> tamb\u00e9m focar\u00e1 em gest\u00e3o de resultados. Isso quer dizer que a sua empresa capacitar\u00e1 os seus funcion\u00e1rios para terem como objetivo o cumprimento de metas.\u00a0<\/span><\/p>\n<h3><strong><span style=\"font-size: 14pt;\">Capacita\u00e7\u00e3o direcionada ao seu neg\u00f3cio<\/span><\/strong><\/h3>\n<p><span style=\"font-size: 14pt;\">Por fim, outra vantagem da Universidade Corporativa para forma\u00e7\u00e3o dos gestores da sua empresa \u00e9 a capacita\u00e7\u00e3o direcionada ao seu neg\u00f3cio. Como dito antes, toda a aprendizagem leva em considera\u00e7\u00e3o as pol\u00edticas, as estrat\u00e9gias e os objetivos empresariais da sua organiza\u00e7\u00e3o.<\/span><br \/>\n<span style=\"font-size: 14pt;\">Portanto, aprendemos neste post sobre as melhores op\u00e7\u00f5es de cursos para se desenvolver em lideran\u00e7a corporativa, com o intuito de que essa forma\u00e7\u00e3o possa contribuir para que voc\u00ea se capacite e seja um bom l\u00edder em sua empresa. Tamb\u00e9m sugerimos que voc\u00ea apresente para a sua organiza\u00e7\u00e3o a possibilidade de contratar o servi\u00e7o de uma\u00a0<a href=\"https:\/\/www.impacta.com.br\/corporativo\/\" target=\"_blank\" rel=\"noopener noreferrer\">empresa especializada em Universidade Corporativa<\/a>\u00a0para capacitar todos os funcion\u00e1rios.\u00a0<\/span><br \/>\n<span style=\"font-size: 14pt;\">E a\u00ed? Gostou do nosso texto sobre algumas oportunidades de cursos para desenvolver a lideran\u00e7a corporativa? Agora leia o post sobre\u00a0<a href=\"https:\/\/www.impacta.com.br\/blog\/2016\/05\/09\/como-desenvolver-espirito-de-lideranca\/\" target=\"_blank\" rel=\"noopener noreferrer\">como desenvolver o esp\u00edrito de lideran\u00e7a<\/a>\u00a0e aprofunde o seu conhecimento!\u00a0<\/span><\/p>\n<div class=\"sharing-default-minimal post-bottom\"><div class=\"nectar-social default\" data-position=\"\" data-rm-love=\"0\" data-color-override=\"override\"><div class=\"nectar-social-inner\"><a href=\"#\" class=\"nectar-love\" id=\"nectar-love-13204\" title=\"Love this\"> <i class=\"icon-salient-heart-2\"><\/i><span class=\"love-text\">Love<\/span><span class=\"total_loves\"><span class=\"nectar-love-count\">0<\/span><\/span><\/a><a class='facebook-share nectar-sharing' href='#' title='Share this'> <i class='fa fa-facebook'><\/i> <span class='social-text'>Share<\/span> <\/a><a class='twitter-share nectar-sharing' href='#' title='Share this'> <i class='fa icon-salient-x-twitter'><\/i> <span class='social-text'>Share<\/span> <\/a><a class='linkedin-share nectar-sharing' href='#' title='Share this'> <i class='fa fa-linkedin'><\/i> <span class='social-text'>Share<\/span> <\/a><a class='pinterest-share nectar-sharing' href='#' title='Pin this'> <i class='fa fa-pinterest'><\/i> <span class='social-text'>Pin<\/span> <\/a><\/div><\/div><\/div>","protected":false},"excerpt":{"rendered":"<p>Atualmente, \u00e9 muito importante investir em desenvolvimento de\u00a0lideran\u00e7a corporativa para a forma\u00e7\u00e3o\u00a0pessoal e profissional, uma vez que as grandes empresas buscam por pessoas capacitadas que possam contribuir com excel\u00eancia para o trabalho da organiza\u00e7\u00e3o. Quem deseja ser\u00a0um l\u00edder\u00a0e conquistar grandes oportunidades de trabalho deve\u00a0investir em cursos de capacita\u00e7\u00e3o para aprender sobre lideran\u00e7a corporativa e se [&hellip;]<\/p>\n","protected":false},"author":2,"featured_media":17047,"comment_status":"open","ping_status":"open","sticky":false,"template":"","format":"standard","meta":{"footnotes":""},"categories":[13,300],"tags":[600,439,601,602],"class_list":["post-13204","post","type-post","status-publish","format-standard","has-post-thumbnail","hentry","category-carreira","category-gestao_negocios","tag-corporativa","tag-lideranca","tag-lideranca-corporativa","tag-universidade-corporativa"],"yoast_head":"<!-- This site is optimized with the Yoast SEO plugin v25.1 - https:\/\/yoast.com\/wordpress\/plugins\/seo\/ -->\r\n<title>Lideran\u00e7a corporativa: como escolher cursos e se capacitar?<\/title>\r\n<meta name=\"description\" content=\"Conseguir uma posi\u00e7\u00e3o de lideran\u00e7a corporativa pode ser muito recompensador, mas \u00e9 precisa se preparar. Saiba como alguns treinamentos para carreira ajudam!\" \/>\r\n<meta name=\"robots\" content=\"index, follow, max-snippet:-1, max-image-preview:large, max-video-preview:-1\" \/>\r\n<link rel=\"canonical\" href=\"https:\/\/www.impacta.com.br\/blog\/lideranca-corporativa-como-escolher-cursos-para-se-desenvolver\/\" \/>\r\n<meta property=\"og:locale\" content=\"pt_BR\" \/>\r\n<meta property=\"og:type\" content=\"article\" \/>\r\n<meta property=\"og:title\" content=\"Lideran\u00e7a corporativa: como escolher cursos e se capacitar?\" \/>\r\n<meta property=\"og:description\" content=\"Conseguir uma posi\u00e7\u00e3o de lideran\u00e7a corporativa pode ser muito recompensador, mas \u00e9 precisa se preparar. Saiba como alguns treinamentos para carreira ajudam!\" \/>\r\n<meta property=\"og:url\" content=\"https:\/\/www.impacta.com.br\/blog\/lideranca-corporativa-como-escolher-cursos-para-se-desenvolver\/\" \/>\r\n<meta property=\"og:site_name\" content=\"Blog Impacta - Dicas e Not\u00edcias sobre Carreira\" \/>\r\n<meta property=\"article:published_time\" content=\"2018-05-14T14:15:12+00:00\" \/>\r\n<meta property=\"og:image\" content=\"https:\/\/www.impacta.com.br\/blog\/wp-content\/uploads\/2020\/04\/lideranca_corporativo.jpg\" \/>\r\n\t<meta property=\"og:image:width\" content=\"850\" \/>\r\n\t<meta property=\"og:image:height\" content=\"284\" \/>\r\n\t<meta property=\"og:image:type\" content=\"image\/jpeg\" \/>\r\n<meta name=\"author\" content=\"Reda\u00e7\u00e3o Impacta\" \/>\r\n<meta name=\"twitter:card\" content=\"summary_large_image\" \/>\r\n<meta name=\"twitter:label1\" content=\"Written by\" \/>\n\t<meta name=\"twitter:data1\" content=\"Reda\u00e7\u00e3o Impacta\" \/>\n\t<meta name=\"twitter:label2\" content=\"Est. reading time\" \/>\n\t<meta name=\"twitter:data2\" content=\"6 minutos\" \/>\r\n<script type=\"application\/ld+json\" class=\"yoast-schema-graph\">{\"@context\":\"https:\/\/schema.org\",\"@graph\":[{\"@type\":\"WebPage\",\"@id\":\"https:\/\/www.impacta.com.br\/blog\/lideranca-corporativa-como-escolher-cursos-para-se-desenvolver\/\",\"url\":\"https:\/\/www.impacta.com.br\/blog\/lideranca-corporativa-como-escolher-cursos-para-se-desenvolver\/\",\"name\":\"Lideran\u00e7a corporativa: como escolher cursos e se capacitar?\",\"isPartOf\":{\"@id\":\"https:\/\/www.impacta.com.br\/blog\/#website\"},\"primaryImageOfPage\":{\"@id\":\"https:\/\/www.impacta.com.br\/blog\/lideranca-corporativa-como-escolher-cursos-para-se-desenvolver\/#primaryimage\"},\"image\":{\"@id\":\"https:\/\/www.impacta.com.br\/blog\/lideranca-corporativa-como-escolher-cursos-para-se-desenvolver\/#primaryimage\"},\"thumbnailUrl\":\"https:\/\/www.impacta.com.br\/blog\/wp-content\/uploads\/2020\/04\/lideranca_corporativo.jpg\",\"datePublished\":\"2018-05-14T14:15:12+00:00\",\"author\":{\"@id\":\"https:\/\/www.impacta.com.br\/blog\/#\/schema\/person\/2e0896bac7656da15b68f5ad2ddd0d8c\"},\"description\":\"Conseguir uma posi\u00e7\u00e3o de lideran\u00e7a corporativa pode ser muito recompensador, mas \u00e9 precisa se preparar. Saiba como alguns treinamentos para carreira ajudam!\",\"breadcrumb\":{\"@id\":\"https:\/\/www.impacta.com.br\/blog\/lideranca-corporativa-como-escolher-cursos-para-se-desenvolver\/#breadcrumb\"},\"inLanguage\":\"pt-BR\",\"potentialAction\":[{\"@type\":\"ReadAction\",\"target\":[\"https:\/\/www.impacta.com.br\/blog\/lideranca-corporativa-como-escolher-cursos-para-se-desenvolver\/\"]}]},{\"@type\":\"ImageObject\",\"inLanguage\":\"pt-BR\",\"@id\":\"https:\/\/www.impacta.com.br\/blog\/lideranca-corporativa-como-escolher-cursos-para-se-desenvolver\/#primaryimage\",\"url\":\"https:\/\/www.impacta.com.br\/blog\/wp-content\/uploads\/2020\/04\/lideranca_corporativo.jpg\",\"contentUrl\":\"https:\/\/www.impacta.com.br\/blog\/wp-content\/uploads\/2020\/04\/lideranca_corporativo.jpg\",\"width\":850,\"height\":284},{\"@type\":\"BreadcrumbList\",\"@id\":\"https:\/\/www.impacta.com.br\/blog\/lideranca-corporativa-como-escolher-cursos-para-se-desenvolver\/#breadcrumb\",\"itemListElement\":[{\"@type\":\"ListItem\",\"position\":1,\"name\":\"In\u00edcio\",\"item\":\"https:\/\/www.impacta.com.br\/blog\/\"},{\"@type\":\"ListItem\",\"position\":2,\"name\":\"Lideran\u00e7a corporativa: como escolher cursos e se capacitar?\"}]},{\"@type\":\"WebSite\",\"@id\":\"https:\/\/www.impacta.com.br\/blog\/#website\",\"url\":\"https:\/\/www.impacta.com.br\/blog\/\",\"name\":\"Blog Impacta - Dicas e Not\u00edcias sobre Carreira\",\"description\":\"Dicas, Not\u00edcias e Conte\u00fados sobre Carreira, Tecnologia, Design, Gest\u00e3o e Marketing. Conhe\u00e7a e Acompanhe o Blog Impacta\",\"potentialAction\":[{\"@type\":\"SearchAction\",\"target\":{\"@type\":\"EntryPoint\",\"urlTemplate\":\"https:\/\/www.impacta.com.br\/blog\/?s={search_term_string}\"},\"query-input\":{\"@type\":\"PropertyValueSpecification\",\"valueRequired\":true,\"valueName\":\"search_term_string\"}}],\"inLanguage\":\"pt-BR\"},{\"@type\":\"Person\",\"@id\":\"https:\/\/www.impacta.com.br\/blog\/#\/schema\/person\/2e0896bac7656da15b68f5ad2ddd0d8c\",\"name\":\"Reda\u00e7\u00e3o Impacta\",\"image\":{\"@type\":\"ImageObject\",\"inLanguage\":\"pt-BR\",\"@id\":\"https:\/\/www.impacta.com.br\/blog\/#\/schema\/person\/image\/\",\"url\":\"https:\/\/secure.gravatar.com\/avatar\/7443a59e479c8f31067628e3a4bed9ad?s=96&d=mm&r=g\",\"contentUrl\":\"https:\/\/secure.gravatar.com\/avatar\/7443a59e479c8f31067628e3a4bed9ad?s=96&d=mm&r=g\",\"caption\":\"Reda\u00e7\u00e3o Impacta\"},\"url\":\"https:\/\/www.impacta.com.br\/blog\/author\/redacao\/\"}]}<\/script>\r\n<!-- \/ Yoast SEO plugin. -->","yoast_head_json":{"title":"Lideran\u00e7a corporativa: como escolher cursos e se capacitar?","description":"Conseguir uma posi\u00e7\u00e3o de lideran\u00e7a corporativa pode ser muito recompensador, mas \u00e9 precisa se preparar. Saiba como alguns treinamentos para carreira ajudam!","robots":{"index":"index","follow":"follow","max-snippet":"max-snippet:-1","max-image-preview":"max-image-preview:large","max-video-preview":"max-video-preview:-1"},"canonical":"https:\/\/www.impacta.com.br\/blog\/lideranca-corporativa-como-escolher-cursos-para-se-desenvolver\/","og_locale":"pt_BR","og_type":"article","og_title":"Lideran\u00e7a corporativa: como escolher cursos e se capacitar?","og_description":"Conseguir uma posi\u00e7\u00e3o de lideran\u00e7a corporativa pode ser muito recompensador, mas \u00e9 precisa se preparar. Saiba como alguns treinamentos para carreira ajudam!","og_url":"https:\/\/www.impacta.com.br\/blog\/lideranca-corporativa-como-escolher-cursos-para-se-desenvolver\/","og_site_name":"Blog Impacta - Dicas e Not\u00edcias sobre Carreira","article_published_time":"2018-05-14T14:15:12+00:00","og_image":[{"width":850,"height":284,"url":"https:\/\/www.impacta.com.br\/blog\/wp-content\/uploads\/2020\/04\/lideranca_corporativo.jpg","type":"image\/jpeg"}],"author":"Reda\u00e7\u00e3o Impacta","twitter_card":"summary_large_image","twitter_misc":{"Written by":"Reda\u00e7\u00e3o Impacta","Est. reading time":"6 minutos"},"schema":{"@context":"https:\/\/schema.org","@graph":[{"@type":"WebPage","@id":"https:\/\/www.impacta.com.br\/blog\/lideranca-corporativa-como-escolher-cursos-para-se-desenvolver\/","url":"https:\/\/www.impacta.com.br\/blog\/lideranca-corporativa-como-escolher-cursos-para-se-desenvolver\/","name":"Lideran\u00e7a corporativa: como escolher cursos e se capacitar?","isPartOf":{"@id":"https:\/\/www.impacta.com.br\/blog\/#website"},"primaryImageOfPage":{"@id":"https:\/\/www.impacta.com.br\/blog\/lideranca-corporativa-como-escolher-cursos-para-se-desenvolver\/#primaryimage"},"image":{"@id":"https:\/\/www.impacta.com.br\/blog\/lideranca-corporativa-como-escolher-cursos-para-se-desenvolver\/#primaryimage"},"thumbnailUrl":"https:\/\/www.impacta.com.br\/blog\/wp-content\/uploads\/2020\/04\/lideranca_corporativo.jpg","datePublished":"2018-05-14T14:15:12+00:00","author":{"@id":"https:\/\/www.impacta.com.br\/blog\/#\/schema\/person\/2e0896bac7656da15b68f5ad2ddd0d8c"},"description":"Conseguir uma posi\u00e7\u00e3o de lideran\u00e7a corporativa pode ser muito recompensador, mas \u00e9 precisa se preparar. Saiba como alguns treinamentos para carreira ajudam!","breadcrumb":{"@id":"https:\/\/www.impacta.com.br\/blog\/lideranca-corporativa-como-escolher-cursos-para-se-desenvolver\/#breadcrumb"},"inLanguage":"pt-BR","potentialAction":[{"@type":"ReadAction","target":["https:\/\/www.impacta.com.br\/blog\/lideranca-corporativa-como-escolher-cursos-para-se-desenvolver\/"]}]},{"@type":"ImageObject","inLanguage":"pt-BR","@id":"https:\/\/www.impacta.com.br\/blog\/lideranca-corporativa-como-escolher-cursos-para-se-desenvolver\/#primaryimage","url":"https:\/\/www.impacta.com.br\/blog\/wp-content\/uploads\/2020\/04\/lideranca_corporativo.jpg","contentUrl":"https:\/\/www.impacta.com.br\/blog\/wp-content\/uploads\/2020\/04\/lideranca_corporativo.jpg","width":850,"height":284},{"@type":"BreadcrumbList","@id":"https:\/\/www.impacta.com.br\/blog\/lideranca-corporativa-como-escolher-cursos-para-se-desenvolver\/#breadcrumb","itemListElement":[{"@type":"ListItem","position":1,"name":"In\u00edcio","item":"https:\/\/www.impacta.com.br\/blog\/"},{"@type":"ListItem","position":2,"name":"Lideran\u00e7a corporativa: como escolher cursos e se capacitar?"}]},{"@type":"WebSite","@id":"https:\/\/www.impacta.com.br\/blog\/#website","url":"https:\/\/www.impacta.com.br\/blog\/","name":"Blog Impacta - Dicas e Not\u00edcias sobre Carreira","description":"Dicas, Not\u00edcias e Conte\u00fados sobre Carreira, Tecnologia, Design, Gest\u00e3o e Marketing. Conhe\u00e7a e Acompanhe o Blog Impacta","potentialAction":[{"@type":"SearchAction","target":{"@type":"EntryPoint","urlTemplate":"https:\/\/www.impacta.com.br\/blog\/?s={search_term_string}"},"query-input":{"@type":"PropertyValueSpecification","valueRequired":true,"valueName":"search_term_string"}}],"inLanguage":"pt-BR"},{"@type":"Person","@id":"https:\/\/www.impacta.com.br\/blog\/#\/schema\/person\/2e0896bac7656da15b68f5ad2ddd0d8c","name":"Reda\u00e7\u00e3o Impacta","image":{"@type":"ImageObject","inLanguage":"pt-BR","@id":"https:\/\/www.impacta.com.br\/blog\/#\/schema\/person\/image\/","url":"https:\/\/secure.gravatar.com\/avatar\/7443a59e479c8f31067628e3a4bed9ad?s=96&d=mm&r=g","contentUrl":"https:\/\/secure.gravatar.com\/avatar\/7443a59e479c8f31067628e3a4bed9ad?s=96&d=mm&r=g","caption":"Reda\u00e7\u00e3o Impacta"},"url":"https:\/\/www.impacta.com.br\/blog\/author\/redacao\/"}]}},"acf":{"post_description":null,"capa_mobile":null},"_links":{"self":[{"href":"https:\/\/www.impacta.com.br\/blog\/wp-json\/wp\/v2\/posts\/13204","targetHints":{"allow":["GET"]}}],"collection":[{"href":"https:\/\/www.impacta.com.br\/blog\/wp-json\/wp\/v2\/posts"}],"about":[{"href":"https:\/\/www.impacta.com.br\/blog\/wp-json\/wp\/v2\/types\/post"}],"author":[{"embeddable":true,"href":"https:\/\/www.impacta.com.br\/blog\/wp-json\/wp\/v2\/users\/2"}],"replies":[{"embeddable":true,"href":"https:\/\/www.impacta.com.br\/blog\/wp-json\/wp\/v2\/comments?post=13204"}],"version-history":[{"count":0,"href":"https:\/\/www.impacta.com.br\/blog\/wp-json\/wp\/v2\/posts\/13204\/revisions"}],"wp:featuredmedia":[{"embeddable":true,"href":"https:\/\/www.impacta.com.br\/blog\/wp-json\/wp\/v2\/media\/17047"}],"wp:attachment":[{"href":"https:\/\/www.impacta.com.br\/blog\/wp-json\/wp\/v2\/media?parent=13204"}],"wp:term":[{"taxonomy":"category","embeddable":true,"href":"https:\/\/www.impacta.com.br\/blog\/wp-json\/wp\/v2\/categories?post=13204"},{"taxonomy":"post_tag","embeddable":true,"href":"https:\/\/www.impacta.com.br\/blog\/wp-json\/wp\/v2\/tags?post=13204"}],"curies":[{"name":"wp","href":"https:\/\/api.w.org\/{rel}","templated":true}]}}