{"id":13074,"date":"2018-04-02T15:04:09","date_gmt":"2018-04-02T18:04:09","guid":{"rendered":"http:\/\/www.impacta.com.br\/blog\/?p=13074"},"modified":"2018-04-02T15:04:09","modified_gmt":"2018-04-02T18:04:09","slug":"por-que-a-apresentacao-e-oratoria-sao-um-diferencial-profissional","status":"publish","type":"post","link":"https:\/\/www.impacta.com.br\/blog\/por-que-a-apresentacao-e-oratoria-sao-um-diferencial-profissional\/","title":{"rendered":"Por que a apresenta\u00e7\u00e3o e orat\u00f3ria s\u00e3o um diferencial?"},"content":{"rendered":"<p><span style=\"font-size: 14pt;\">Todas as pessoas querem entender como se destacar no mercado de trabalho e conquistar as melhores\u00a0<a href=\"https:\/\/www.impacta.com.br\/blog\/2017\/12\/18\/diferenca-entre-carreira-e-emprego-seu-futuro-profissional\/\" target=\"_blank\" rel=\"noopener noreferrer\">oportunidades de emprego<\/a>. Por\u00e9m, o que quase ningu\u00e9m compreende \u00e9 que a apresenta\u00e7\u00e3o e a orat\u00f3ria s\u00e3o diferenciais\u00a0profissionais\u00a0quando voc\u00ea domina essas habilidades.<\/span><br \/>\n<span style=\"font-size: 14pt;\">Saber se apresentar e estabelecer uma boa comunica\u00e7\u00e3o pode lev\u00e1-lo a conquistar os mais altos cargos em grandes empresas, pois o mercado de trabalho encontra-se em falta desse tipo de profissional.<\/span><br \/>\n<span style=\"font-size: 14pt;\">Dessa forma, vamos aprender neste post quais\u00a0os principais benef\u00edcios e ainda dar\u00a0algumas dicas de como melhorar a sua apresenta\u00e7\u00e3o e orat\u00f3ria. \u00a0<\/span><\/p>\n<h2><strong><span style=\"font-size: 14pt;\">Os benef\u00edcios de se preparar para ter uma boa apresenta\u00e7\u00e3o e orat\u00f3ria<\/span><\/strong><\/h2>\n<p><span style=\"font-size: 14pt;\">S\u00e3o in\u00fameros os benef\u00edcios de se\u00a0apresentar. Veja abaixo algumas das vantagens para voc\u00ea.<\/span><\/p>\n<h3><strong><span style=\"font-size: 14pt;\">Transmite confian\u00e7a<\/span><\/strong><\/h3>\n<p><span style=\"font-size: 14pt;\">Ter confian\u00e7a em uma rela\u00e7\u00e3o de trabalho \u00e9 essencial para quem deseja alcan\u00e7ar o sucesso. Geralmente, o fracasso na \u00e1rea profissional est\u00e1 ligado \u00e0 falta de confian\u00e7a em si mesmo.<\/span><\/p>\n<p style=\"text-align: left;\"><span style=\"font-size: 14pt;\">Por isso, ao se preparar para ter uma boa apresenta\u00e7\u00e3o e orat\u00f3ria, voc\u00ea ganhar\u00e1 confian\u00e7a para lidar com as dificuldades, como tamb\u00e9m transmitir\u00e1 essa confian\u00e7a para as demais pessoas que est\u00e3o ao seu lado.<\/span><\/p>\n<p style=\"text-align: center;\"><a href=\"https:\/\/www.impacta.com.br\/blog\/wp-content\/uploads\/2018\/04\/180748-por-que-a-apresentacao-e-oratoria-sao-um-diferencial-profissional.jpg\" target=\"_blank\" rel=\"noopener noreferrer\"><img loading=\"lazy\" decoding=\"async\" class=\"aligncenter wp-image-13075\" title=\"Por que a apresenta\u00e7\u00e3o e orat\u00f3ria s\u00e3o um diferencial profissional\" src=\"https:\/\/www.impacta.com.br\/blog\/wp-content\/uploads\/2018\/04\/180748-por-que-a-apresentacao-e-oratoria-sao-um-diferencial-profissional.jpg\" alt=\"Por que a apresenta\u00e7\u00e3o e orat\u00f3ria s\u00e3o um diferencial profissional\" width=\"600\" height=\"247\" \/><\/a><\/p>\n<h3 style=\"text-align: left;\"><strong><span style=\"font-size: 14pt;\">Ajuda para ser mais criativo na comunica\u00e7\u00e3o<\/span><\/strong><\/h3>\n<p><span style=\"font-size: 14pt;\">O mercado de trabalho procura por\u00a0<a href=\"https:\/\/www.impacta.com.br\/blog\/2017\/11\/17\/4-dicas-para-desenvolver-a-criatividade\/\" target=\"_blank\" rel=\"noopener noreferrer\">pessoas criativas<\/a>, que saibam lidar com as situa\u00e7\u00f5es adversas com facilidade. Por isso, ter uma boa apresenta\u00e7\u00e3o e orat\u00f3ria se tonar\u00e1 um diferencial profissional para que voc\u00ea possa estabelecer uma comunica\u00e7\u00e3o eficaz em v\u00e1rios contextos diferentes.<\/span><br \/>\n<span style=\"font-size: 14pt;\">Com isso, voc\u00ea ter\u00e1 melhores ideias e saber\u00e1 usar\u00a0<a href=\"https:\/\/www.impacta.com.br\/blog\/2018\/01\/24\/comunicacao-sincrona-e-assincrona-comunicar-melhor-com-clientes\/\" target=\"_blank\" rel=\"noopener noreferrer\">a melhor forma de conversa<\/a>\u00a0em cada situa\u00e7\u00e3o. Por exemplo, a maneira como voc\u00ea apresenta um servi\u00e7o para o cliente \u00e9 diferente da forma como voc\u00ea realiza a cobran\u00e7a de um pagamento em atraso. \u00c9 preciso estudar como se comunicar corretamente nessas duas situa\u00e7\u00f5es, para alcan\u00e7ar o seu sucesso profissional.<\/span><\/p>\n<h3><strong><span style=\"font-size: 14pt;\">Desenvolve postura e gestos adequados<\/span><\/strong><\/h3>\n<p><span style=\"font-size: 14pt;\">Al\u00e9m de ser mais criativo na comunica\u00e7\u00e3o, voc\u00ea tamb\u00e9m desenvolver\u00e1 postura e gestos adequados. Isso \u00e9 muito importante, uma vez que trabalhar a linguagem corporal \u00e9 essencial para ter sucesso em sua comunica\u00e7\u00e3o.<\/span><br \/>\n<span style=\"font-size: 14pt;\">N\u00e3o adianta, por exemplo, voc\u00ea saber se comunicar acertadamente em uma\u00a0<a href=\"https:\/\/www.impacta.com.br\/blog\/2016\/06\/09\/7-dicas-para-se-preparar-bem-para-sua-primeira-entrevista-de-estagio\/\" target=\"_blank\" rel=\"noopener noreferrer\">entrevista de emprego<\/a>, mas estar de bra\u00e7os cruzados, demonstrando ter uma p\u00e9ssima postura. Voc\u00ea ser\u00e1 bem-sucedido na linguagem corporal quando se preparar para aperfei\u00e7oar a apresenta\u00e7\u00e3o e orat\u00f3ria.\u00a0 \u00a0\u00a0<\/span><\/p>\n<h3><strong><span style=\"font-size: 14pt;\">Ordena a exposi\u00e7\u00e3o de forma organizada e l\u00f3gica<\/span><\/strong><\/h3>\n<p><span style=\"font-size: 14pt;\">Ordenar a exposi\u00e7\u00e3o de forma organizada e l\u00f3gica \u00e9 um problema para a maioria dos profissionais. Muitas vezes, encontramos pessoas que realizam apresenta\u00e7\u00f5es sem come\u00e7o, meio e fim. Al\u00e9m disso, acabam expondo muitas informa\u00e7\u00f5es contradit\u00f3rias que confundem o seu ouvinte.<\/span><br \/>\n<span style=\"font-size: 14pt;\">Isso acontece porque n\u00e3o se preocuparam em se preparar para ter uma boa\u00a0orat\u00f3ria. Somente quando voc\u00ea se prepara \u00e9 que voc\u00ea saber\u00e1 realizar uma exposi\u00e7\u00e3o de forma organizada e l\u00f3gica. Pois, \u00e9 preciso refletir sobre o que est\u00e1 expondo e de que modo devo transmitir essas informa\u00e7\u00f5es para o entendimento do seu ouvinte.<\/span><\/p>\n<h2><strong><span style=\"font-size: 14pt;\">Dicas de como melhorar a apresenta\u00e7\u00e3o e orat\u00f3ria<\/span><\/strong><\/h2>\n<p><span style=\"font-size: 14pt;\">Depois que voc\u00ea viu sobre os principais benef\u00edcios para fazer uma <a title=\"Um panorama sobre o PowerPoint para criar apresenta\u00e7\u00f5es impactantes\" href=\"https:\/\/www.impacta.com.br\/blog\/2017\/05\/31\/um-panorama-sobre-o-powerpoint-para-criar-apresentacoes-impactantes\/\" target=\"_blank\" rel=\"noopener noreferrer\">boa apresenta\u00e7\u00e3o<\/a> e orat\u00f3ria, veja abaixo algumas dicas de como melhor\u00e1-la.<\/span><\/p>\n<h3><strong><span style=\"font-size: 14pt;\">Monte um roteiro<\/span><\/strong><\/h3>\n<p><span style=\"font-size: 14pt;\">Para organizar a sua apresenta\u00e7\u00e3o e orat\u00f3ria \u00e9 fundamental que voc\u00ea monte um roteiro com todas as informa\u00e7\u00f5es que voc\u00ea necessitar\u00e1 transmitir. Para isso, pegue uma folha de caderno e coloque em t\u00f3picos os principais assuntos.<\/span><br \/>\n<span style=\"font-size: 14pt;\">Isso, al\u00e9m de ajud\u00e1-lo a organizar a sua fala, tamb\u00e9m far\u00e1 com que voc\u00ea possa lembrar de situar o que \u00e9 mais importante em sua conversa\u00e7\u00e3o.<\/span><\/p>\n<h3><strong><span style=\"font-size: 14pt;\">Estude o tema<\/span><\/strong><\/h3>\n<p><span style=\"font-size: 14pt;\">Para se sair bem \u00e9 essencial que voc\u00ea estude o tema, uma vez que n\u00e3o podemos falar daquilo que n\u00e3o conhecemos. Quanto mais voc\u00ea estudar e se aprofundar sobre aquilo que vai dizer, mais f\u00e1cil ser\u00e1 a sua comunica\u00e7\u00e3o.<\/span><br \/>\n<span style=\"font-size: 14pt;\">N\u00e3o anseie.\u00a0Se necess\u00e1rio, compre livros e revistas que tragam informa\u00e7\u00f5es \u00fateis para voc\u00ea dominar o assunto com intelig\u00eancia. Procure tamb\u00e9m por blogs e sites relevantes para ajud\u00e1-lo. \u00a0<\/span><\/p>\n<h3><strong><span style=\"font-size: 14pt;\">Tenha postura e linguagem corporal<\/span><\/strong><\/h3>\n<p><span style=\"font-size: 14pt;\">Como dito nos benef\u00edcios, para ter uma boa apresenta\u00e7\u00e3o e orat\u00f3ria, \u00e9 preciso que voc\u00ea tenha postura e linguagem corporal correta no momento da conversa com o seu ouvinte. Nunca fale com os bra\u00e7os cruzados e sempre olhe nos olhos da pessoa, pois isso revela mais confian\u00e7a no que voc\u00ea fala.<\/span><br \/>\n<span style=\"font-size: 14pt;\">Dessa forma, n\u00e3o se esque\u00e7a de que al\u00e9m de treinar a linguagem verbal, tamb\u00e9m \u00e9 preciso estar atento a como voc\u00ea se comunica com o seu corpo. Isso far\u00e1 muita diferen\u00e7a para o seu sucesso profissional.<\/span><\/p>\n<h3><span style=\"font-size: 14pt;\">Use a l\u00edngua formal<\/span><\/h3>\n<p><span style=\"font-size: 14pt;\">Sabemos que em um momento com a fam\u00edlia e os amigos, muitas vezes, nos expressamos de forma coloquial. Por\u00e9m, quando estamos situados em uma rela\u00e7\u00e3o de trabalho nunca devemos usar esse modo de falar.<\/span><br \/>\n<span style=\"font-size: 14pt;\">A nossa l\u00edngua deve ser a formal, conforme a gram\u00e1tica da L\u00edngua Portuguesa nos ensina. Por isso, nada de g\u00edrias ou formas de falar urbanos, como a n\u00e3o conjuga\u00e7\u00e3o dos verbos e a falta de concord\u00e2ncia das palavras.<\/span><\/p>\n<h3><strong><span style=\"font-size: 14pt;\">Transmita a mensagem com clareza<\/span><\/strong><\/h3>\n<p><span style=\"font-size: 14pt;\">Nada \u00e9 mais importante do que saber transmitir a sua mensagem com clareza, tendo a certeza de que o seu ouvinte est\u00e1 compreendendo o que voc\u00ea comunica.<\/span><br \/>\n<span style=\"font-size: 14pt;\">Para isso, procure falar pausadamente e nunca converse com algum objeto na boca. Por exemplo, caso voc\u00ea esteja conversando com o seu chefe, voc\u00ea pode at\u00e9 mesmo pergunt\u00e1-lo se est\u00e1 compreens\u00edvel para ele o modo como voc\u00ea se comunica.<\/span><\/p>\n<h3><span style=\"font-size: 14pt;\">Fa\u00e7a um curso para aprender t\u00e9cnicas eficazes<\/span><\/h3>\n<p><span style=\"font-size: 14pt;\">\u00c9 fundamental para voc\u00ea\u00a0<a href=\"https:\/\/www.impacta.com.br\/blog\/2018\/01\/26\/6-principais-cursos-e-certificacoes-para-alavancar-sua-carreira-em-desenvolvimento\/\" target=\"_blank\" rel=\"noopener noreferrer\">fazer um curso<\/a>\u00a0para aprender t\u00e9cnicas eficazes que v\u00e3o lev\u00e1-lo a ter uma boa apresenta\u00e7\u00e3o e orat\u00f3ria. \u00c9 por meio desse curso que os seus pontos fracos ser\u00e3o trabalhados, assim como os pontos fortes ser\u00e3o aperfei\u00e7oados.<\/span><br \/>\n<span style=\"font-size: 14pt;\">O curso \u00e9 ministrado por profissionais capacitados que entendem do assunto e querem transformar a sua comunica\u00e7\u00e3o para que voc\u00ea suba os mais altos degraus da sua carreira profissional.<\/span><br \/>\n<span style=\"font-size: 14pt;\">Portanto, aprendemos neste artigo sobre como a apresenta\u00e7\u00e3o e orat\u00f3ria s\u00e3o um diferencial profissional para que voc\u00ea conquiste o sucesso em seu trabalho. Vimos que a maneira como voc\u00ea se organiza e estabelece a sua comunica\u00e7\u00e3o far\u00e1 toda a diferen\u00e7a para obter os melhores empregos. \u00c9 \u00fatil que voc\u00ea procure\u00a0<a href=\"https:\/\/www.impacta.com.br\/blog\/2018\/02\/23\/conhecas-todos-os-tipos-de-curso-e-saiba-como-escolher-sua-futura-carreira\/\" target=\"_blank\" rel=\"noopener noreferrer\">fazer cursos<\/a>\u00a0que v\u00e3o capacit\u00e1-lo melhor para isso. \u00a0<\/span><br \/>\n<span style=\"font-size: 14pt;\">Ent\u00e3o, gostou do nosso texto? Agora compartilhe com os seus amigos em suas redes sociais e os ajude a ficarem informados sobre o assunto.<\/span><\/p>\n<div class=\"sharing-default-minimal post-bottom\"><div class=\"nectar-social default\" data-position=\"\" data-rm-love=\"0\" data-color-override=\"override\"><div class=\"nectar-social-inner\"><a href=\"#\" class=\"nectar-love\" id=\"nectar-love-13074\" title=\"Love this\"> <i class=\"icon-salient-heart-2\"><\/i><span class=\"love-text\">Love<\/span><span class=\"total_loves\"><span class=\"nectar-love-count\">0<\/span><\/span><\/a><a class='facebook-share nectar-sharing' href='#' title='Share this'> <i class='fa fa-facebook'><\/i> <span class='social-text'>Share<\/span> <\/a><a class='twitter-share nectar-sharing' href='#' title='Share this'> <i class='fa icon-salient-x-twitter'><\/i> <span class='social-text'>Share<\/span> <\/a><a class='linkedin-share nectar-sharing' href='#' title='Share this'> <i class='fa fa-linkedin'><\/i> <span class='social-text'>Share<\/span> <\/a><a class='pinterest-share nectar-sharing' href='#' title='Pin this'> <i class='fa fa-pinterest'><\/i> <span class='social-text'>Pin<\/span> <\/a><\/div><\/div><\/div>","protected":false},"excerpt":{"rendered":"<p>Todas as pessoas querem entender como se destacar no mercado de trabalho e conquistar as melhores\u00a0oportunidades de emprego. Por\u00e9m, o que quase ningu\u00e9m compreende \u00e9 que a apresenta\u00e7\u00e3o e a orat\u00f3ria s\u00e3o diferenciais\u00a0profissionais\u00a0quando voc\u00ea domina essas habilidades. Saber se apresentar e estabelecer uma boa comunica\u00e7\u00e3o pode lev\u00e1-lo a conquistar os mais altos cargos em grandes [&hellip;]<\/p>\n","protected":false},"author":2,"featured_media":16913,"comment_status":"open","ping_status":"open","sticky":false,"template":"","format":"standard","meta":{"footnotes":""},"categories":[13],"tags":[585,44,586],"class_list":["post-13074","post","type-post","status-publish","format-standard","has-post-thumbnail","hentry","category-carreira","tag-apresentacao","tag-carreira-2","tag-oratoria"],"yoast_head":"<!-- This site is optimized with the Yoast SEO plugin v25.1 - https:\/\/yoast.com\/wordpress\/plugins\/seo\/ -->\r\n<title>Por que a apresenta\u00e7\u00e3o e orat\u00f3ria s\u00e3o um diferencial?<\/title>\r\n<meta name=\"description\" content=\"Muita gente acaba n\u00e3o se preocupando, mas saber fazer bem uma apresenta\u00e7\u00e3o e orat\u00f3ria s\u00e3o habilidades muito valorizadas na carreira. Entenda aqui!\" \/>\r\n<meta name=\"robots\" content=\"index, follow, max-snippet:-1, max-image-preview:large, max-video-preview:-1\" \/>\r\n<link rel=\"canonical\" href=\"https:\/\/www.impacta.com.br\/blog\/por-que-a-apresentacao-e-oratoria-sao-um-diferencial-profissional\/\" \/>\r\n<meta property=\"og:locale\" content=\"pt_BR\" \/>\r\n<meta property=\"og:type\" content=\"article\" \/>\r\n<meta property=\"og:title\" content=\"Por que a apresenta\u00e7\u00e3o e orat\u00f3ria s\u00e3o um diferencial?\" \/>\r\n<meta property=\"og:description\" content=\"Muita gente acaba n\u00e3o se preocupando, mas saber fazer bem uma apresenta\u00e7\u00e3o e orat\u00f3ria s\u00e3o habilidades muito valorizadas na carreira. Entenda aqui!\" \/>\r\n<meta property=\"og:url\" content=\"https:\/\/www.impacta.com.br\/blog\/por-que-a-apresentacao-e-oratoria-sao-um-diferencial-profissional\/\" \/>\r\n<meta property=\"og:site_name\" content=\"Blog Impacta - Dicas e Not\u00edcias sobre Carreira\" \/>\r\n<meta property=\"article:published_time\" content=\"2018-04-02T18:04:09+00:00\" \/>\r\n<meta property=\"og:image\" content=\"https:\/\/www.impacta.com.br\/blog\/wp-content\/uploads\/2020\/04\/apresentacao_oratoria.jpg\" \/>\r\n\t<meta property=\"og:image:width\" content=\"850\" \/>\r\n\t<meta property=\"og:image:height\" content=\"284\" \/>\r\n\t<meta property=\"og:image:type\" content=\"image\/jpeg\" \/>\r\n<meta name=\"author\" content=\"Reda\u00e7\u00e3o Impacta\" \/>\r\n<meta name=\"twitter:card\" content=\"summary_large_image\" \/>\r\n<meta name=\"twitter:label1\" content=\"Written by\" \/>\n\t<meta name=\"twitter:data1\" content=\"Reda\u00e7\u00e3o Impacta\" \/>\n\t<meta name=\"twitter:label2\" content=\"Est. reading time\" \/>\n\t<meta name=\"twitter:data2\" content=\"6 minutos\" \/>\r\n<script type=\"application\/ld+json\" class=\"yoast-schema-graph\">{\"@context\":\"https:\/\/schema.org\",\"@graph\":[{\"@type\":\"WebPage\",\"@id\":\"https:\/\/www.impacta.com.br\/blog\/por-que-a-apresentacao-e-oratoria-sao-um-diferencial-profissional\/\",\"url\":\"https:\/\/www.impacta.com.br\/blog\/por-que-a-apresentacao-e-oratoria-sao-um-diferencial-profissional\/\",\"name\":\"Por que a apresenta\u00e7\u00e3o e orat\u00f3ria s\u00e3o um diferencial?\",\"isPartOf\":{\"@id\":\"https:\/\/www.impacta.com.br\/blog\/#website\"},\"primaryImageOfPage\":{\"@id\":\"https:\/\/www.impacta.com.br\/blog\/por-que-a-apresentacao-e-oratoria-sao-um-diferencial-profissional\/#primaryimage\"},\"image\":{\"@id\":\"https:\/\/www.impacta.com.br\/blog\/por-que-a-apresentacao-e-oratoria-sao-um-diferencial-profissional\/#primaryimage\"},\"thumbnailUrl\":\"https:\/\/www.impacta.com.br\/blog\/wp-content\/uploads\/2020\/04\/apresentacao_oratoria.jpg\",\"datePublished\":\"2018-04-02T18:04:09+00:00\",\"author\":{\"@id\":\"https:\/\/www.impacta.com.br\/blog\/#\/schema\/person\/2e0896bac7656da15b68f5ad2ddd0d8c\"},\"description\":\"Muita gente acaba n\u00e3o se preocupando, mas saber fazer bem uma apresenta\u00e7\u00e3o e orat\u00f3ria s\u00e3o habilidades muito valorizadas na carreira. Entenda aqui!\",\"breadcrumb\":{\"@id\":\"https:\/\/www.impacta.com.br\/blog\/por-que-a-apresentacao-e-oratoria-sao-um-diferencial-profissional\/#breadcrumb\"},\"inLanguage\":\"pt-BR\",\"potentialAction\":[{\"@type\":\"ReadAction\",\"target\":[\"https:\/\/www.impacta.com.br\/blog\/por-que-a-apresentacao-e-oratoria-sao-um-diferencial-profissional\/\"]}]},{\"@type\":\"ImageObject\",\"inLanguage\":\"pt-BR\",\"@id\":\"https:\/\/www.impacta.com.br\/blog\/por-que-a-apresentacao-e-oratoria-sao-um-diferencial-profissional\/#primaryimage\",\"url\":\"https:\/\/www.impacta.com.br\/blog\/wp-content\/uploads\/2020\/04\/apresentacao_oratoria.jpg\",\"contentUrl\":\"https:\/\/www.impacta.com.br\/blog\/wp-content\/uploads\/2020\/04\/apresentacao_oratoria.jpg\",\"width\":850,\"height\":284},{\"@type\":\"BreadcrumbList\",\"@id\":\"https:\/\/www.impacta.com.br\/blog\/por-que-a-apresentacao-e-oratoria-sao-um-diferencial-profissional\/#breadcrumb\",\"itemListElement\":[{\"@type\":\"ListItem\",\"position\":1,\"name\":\"In\u00edcio\",\"item\":\"https:\/\/www.impacta.com.br\/blog\/\"},{\"@type\":\"ListItem\",\"position\":2,\"name\":\"Por que a apresenta\u00e7\u00e3o e orat\u00f3ria s\u00e3o um diferencial?\"}]},{\"@type\":\"WebSite\",\"@id\":\"https:\/\/www.impacta.com.br\/blog\/#website\",\"url\":\"https:\/\/www.impacta.com.br\/blog\/\",\"name\":\"Blog Impacta - Dicas e Not\u00edcias sobre Carreira\",\"description\":\"Dicas, Not\u00edcias e Conte\u00fados sobre Carreira, Tecnologia, Design, Gest\u00e3o e Marketing. Conhe\u00e7a e Acompanhe o Blog Impacta\",\"potentialAction\":[{\"@type\":\"SearchAction\",\"target\":{\"@type\":\"EntryPoint\",\"urlTemplate\":\"https:\/\/www.impacta.com.br\/blog\/?s={search_term_string}\"},\"query-input\":{\"@type\":\"PropertyValueSpecification\",\"valueRequired\":true,\"valueName\":\"search_term_string\"}}],\"inLanguage\":\"pt-BR\"},{\"@type\":\"Person\",\"@id\":\"https:\/\/www.impacta.com.br\/blog\/#\/schema\/person\/2e0896bac7656da15b68f5ad2ddd0d8c\",\"name\":\"Reda\u00e7\u00e3o Impacta\",\"image\":{\"@type\":\"ImageObject\",\"inLanguage\":\"pt-BR\",\"@id\":\"https:\/\/www.impacta.com.br\/blog\/#\/schema\/person\/image\/\",\"url\":\"https:\/\/secure.gravatar.com\/avatar\/7443a59e479c8f31067628e3a4bed9ad?s=96&d=mm&r=g\",\"contentUrl\":\"https:\/\/secure.gravatar.com\/avatar\/7443a59e479c8f31067628e3a4bed9ad?s=96&d=mm&r=g\",\"caption\":\"Reda\u00e7\u00e3o Impacta\"},\"url\":\"https:\/\/www.impacta.com.br\/blog\/author\/redacao\/\"}]}<\/script>\r\n<!-- \/ Yoast SEO plugin. -->","yoast_head_json":{"title":"Por que a apresenta\u00e7\u00e3o e orat\u00f3ria s\u00e3o um diferencial?","description":"Muita gente acaba n\u00e3o se preocupando, mas saber fazer bem uma apresenta\u00e7\u00e3o e orat\u00f3ria s\u00e3o habilidades muito valorizadas na carreira. Entenda aqui!","robots":{"index":"index","follow":"follow","max-snippet":"max-snippet:-1","max-image-preview":"max-image-preview:large","max-video-preview":"max-video-preview:-1"},"canonical":"https:\/\/www.impacta.com.br\/blog\/por-que-a-apresentacao-e-oratoria-sao-um-diferencial-profissional\/","og_locale":"pt_BR","og_type":"article","og_title":"Por que a apresenta\u00e7\u00e3o e orat\u00f3ria s\u00e3o um diferencial?","og_description":"Muita gente acaba n\u00e3o se preocupando, mas saber fazer bem uma apresenta\u00e7\u00e3o e orat\u00f3ria s\u00e3o habilidades muito valorizadas na carreira. Entenda aqui!","og_url":"https:\/\/www.impacta.com.br\/blog\/por-que-a-apresentacao-e-oratoria-sao-um-diferencial-profissional\/","og_site_name":"Blog Impacta - Dicas e Not\u00edcias sobre Carreira","article_published_time":"2018-04-02T18:04:09+00:00","og_image":[{"width":850,"height":284,"url":"https:\/\/www.impacta.com.br\/blog\/wp-content\/uploads\/2020\/04\/apresentacao_oratoria.jpg","type":"image\/jpeg"}],"author":"Reda\u00e7\u00e3o Impacta","twitter_card":"summary_large_image","twitter_misc":{"Written by":"Reda\u00e7\u00e3o Impacta","Est. reading time":"6 minutos"},"schema":{"@context":"https:\/\/schema.org","@graph":[{"@type":"WebPage","@id":"https:\/\/www.impacta.com.br\/blog\/por-que-a-apresentacao-e-oratoria-sao-um-diferencial-profissional\/","url":"https:\/\/www.impacta.com.br\/blog\/por-que-a-apresentacao-e-oratoria-sao-um-diferencial-profissional\/","name":"Por que a apresenta\u00e7\u00e3o e orat\u00f3ria s\u00e3o um diferencial?","isPartOf":{"@id":"https:\/\/www.impacta.com.br\/blog\/#website"},"primaryImageOfPage":{"@id":"https:\/\/www.impacta.com.br\/blog\/por-que-a-apresentacao-e-oratoria-sao-um-diferencial-profissional\/#primaryimage"},"image":{"@id":"https:\/\/www.impacta.com.br\/blog\/por-que-a-apresentacao-e-oratoria-sao-um-diferencial-profissional\/#primaryimage"},"thumbnailUrl":"https:\/\/www.impacta.com.br\/blog\/wp-content\/uploads\/2020\/04\/apresentacao_oratoria.jpg","datePublished":"2018-04-02T18:04:09+00:00","author":{"@id":"https:\/\/www.impacta.com.br\/blog\/#\/schema\/person\/2e0896bac7656da15b68f5ad2ddd0d8c"},"description":"Muita gente acaba n\u00e3o se preocupando, mas saber fazer bem uma apresenta\u00e7\u00e3o e orat\u00f3ria s\u00e3o habilidades muito valorizadas na carreira. Entenda aqui!","breadcrumb":{"@id":"https:\/\/www.impacta.com.br\/blog\/por-que-a-apresentacao-e-oratoria-sao-um-diferencial-profissional\/#breadcrumb"},"inLanguage":"pt-BR","potentialAction":[{"@type":"ReadAction","target":["https:\/\/www.impacta.com.br\/blog\/por-que-a-apresentacao-e-oratoria-sao-um-diferencial-profissional\/"]}]},{"@type":"ImageObject","inLanguage":"pt-BR","@id":"https:\/\/www.impacta.com.br\/blog\/por-que-a-apresentacao-e-oratoria-sao-um-diferencial-profissional\/#primaryimage","url":"https:\/\/www.impacta.com.br\/blog\/wp-content\/uploads\/2020\/04\/apresentacao_oratoria.jpg","contentUrl":"https:\/\/www.impacta.com.br\/blog\/wp-content\/uploads\/2020\/04\/apresentacao_oratoria.jpg","width":850,"height":284},{"@type":"BreadcrumbList","@id":"https:\/\/www.impacta.com.br\/blog\/por-que-a-apresentacao-e-oratoria-sao-um-diferencial-profissional\/#breadcrumb","itemListElement":[{"@type":"ListItem","position":1,"name":"In\u00edcio","item":"https:\/\/www.impacta.com.br\/blog\/"},{"@type":"ListItem","position":2,"name":"Por que a apresenta\u00e7\u00e3o e orat\u00f3ria s\u00e3o um diferencial?"}]},{"@type":"WebSite","@id":"https:\/\/www.impacta.com.br\/blog\/#website","url":"https:\/\/www.impacta.com.br\/blog\/","name":"Blog Impacta - Dicas e Not\u00edcias sobre Carreira","description":"Dicas, Not\u00edcias e Conte\u00fados sobre Carreira, Tecnologia, Design, Gest\u00e3o e Marketing. Conhe\u00e7a e Acompanhe o Blog Impacta","potentialAction":[{"@type":"SearchAction","target":{"@type":"EntryPoint","urlTemplate":"https:\/\/www.impacta.com.br\/blog\/?s={search_term_string}"},"query-input":{"@type":"PropertyValueSpecification","valueRequired":true,"valueName":"search_term_string"}}],"inLanguage":"pt-BR"},{"@type":"Person","@id":"https:\/\/www.impacta.com.br\/blog\/#\/schema\/person\/2e0896bac7656da15b68f5ad2ddd0d8c","name":"Reda\u00e7\u00e3o Impacta","image":{"@type":"ImageObject","inLanguage":"pt-BR","@id":"https:\/\/www.impacta.com.br\/blog\/#\/schema\/person\/image\/","url":"https:\/\/secure.gravatar.com\/avatar\/7443a59e479c8f31067628e3a4bed9ad?s=96&d=mm&r=g","contentUrl":"https:\/\/secure.gravatar.com\/avatar\/7443a59e479c8f31067628e3a4bed9ad?s=96&d=mm&r=g","caption":"Reda\u00e7\u00e3o Impacta"},"url":"https:\/\/www.impacta.com.br\/blog\/author\/redacao\/"}]}},"acf":{"post_description":null,"capa_mobile":null},"_links":{"self":[{"href":"https:\/\/www.impacta.com.br\/blog\/wp-json\/wp\/v2\/posts\/13074","targetHints":{"allow":["GET"]}}],"collection":[{"href":"https:\/\/www.impacta.com.br\/blog\/wp-json\/wp\/v2\/posts"}],"about":[{"href":"https:\/\/www.impacta.com.br\/blog\/wp-json\/wp\/v2\/types\/post"}],"author":[{"embeddable":true,"href":"https:\/\/www.impacta.com.br\/blog\/wp-json\/wp\/v2\/users\/2"}],"replies":[{"embeddable":true,"href":"https:\/\/www.impacta.com.br\/blog\/wp-json\/wp\/v2\/comments?post=13074"}],"version-history":[{"count":0,"href":"https:\/\/www.impacta.com.br\/blog\/wp-json\/wp\/v2\/posts\/13074\/revisions"}],"wp:featuredmedia":[{"embeddable":true,"href":"https:\/\/www.impacta.com.br\/blog\/wp-json\/wp\/v2\/media\/16913"}],"wp:attachment":[{"href":"https:\/\/www.impacta.com.br\/blog\/wp-json\/wp\/v2\/media?parent=13074"}],"wp:term":[{"taxonomy":"category","embeddable":true,"href":"https:\/\/www.impacta.com.br\/blog\/wp-json\/wp\/v2\/categories?post=13074"},{"taxonomy":"post_tag","embeddable":true,"href":"https:\/\/www.impacta.com.br\/blog\/wp-json\/wp\/v2\/tags?post=13074"}],"curies":[{"name":"wp","href":"https:\/\/api.w.org\/{rel}","templated":true}]}}