{"id":12848,"date":"2018-02-09T09:25:19","date_gmt":"2018-02-09T12:25:19","guid":{"rendered":"http:\/\/www.impacta.com.br\/blog\/?p=12848"},"modified":"2018-02-09T09:25:19","modified_gmt":"2018-02-09T12:25:19","slug":"desenvolvimento-pessoal-e-profissional-motivos-para-investir","status":"publish","type":"post","link":"https:\/\/www.impacta.com.br\/blog\/desenvolvimento-pessoal-e-profissional-motivos-para-investir\/","title":{"rendered":"Desenvolvimento pessoal e profissional: Invista!"},"content":{"rendered":"<p><span style=\"font-size: 14pt;\"><em>N\u00e3o pode ler esse artigo agora? Ou\u00e7a a mat\u00e9ria no Player abaixo:<\/em><\/span><br \/>\n<iframe loading=\"lazy\" width=\"100%\" height=\"83\" style=\"height: 83px !important;\" scrolling=\"no\" src=\"https:\/\/go.vooozer.com\/embed\/08600a76\" frameborder=\"0\" allowfullscreen=\"allowfullscreen\"><\/iframe><br \/>\n<span style=\"font-size: 14pt;\">Voc\u00ea j\u00e1 deve ter ouvido falar em desenvolvimento pessoal e profissional e talvez n\u00e3o tenha entendido muito bem as diferen\u00e7as entre um e outro. Para ajud\u00e1-lo com isso, definimos abaixo o conceito de cada um deles e por que vale a pena investir nessas duas \u00e1reas.<\/span><br \/>\n<span style=\"font-size: 14pt;\">O desenvolvimento profissional \u00e9 geralmente mais t\u00e9cnico e pode ser atingido por meio de estudos complementares na sua \u00e1rea de atua\u00e7\u00e3o. Come\u00e7a-se definindo quais s\u00e3o os conhecimentos necess\u00e1rios para se executar uma <a title=\"7 profiss\u00f5es do futuro que estar\u00e3o em alta nos pr\u00f3ximos 5 anos\" href=\"https:\/\/www.impacta.com.br\/blog\/2016\/11\/07\/7-profissoes-do-futuro-que-estarao-em-alta-nos-proximos-5-anos\/\" target=\"_blank\" rel=\"noopener noreferrer\">profiss\u00e3o <\/a>ou um\u00a0<a href=\"https:\/\/http\/\/www.impacta.com.br\/blog\/2016\/10\/28\/4-erros-comuns-ao-construir-um-plano-de-carreira-que-voce-deve-evitar\/\" target=\"_blank\" rel=\"noopener noreferrer\"><span style=\"text-decoration: underline;\">plano de carreira<\/span><\/a>\u00a0da melhor forma poss\u00edvel, contemplando o crescimento cont\u00ednuo.<\/span><br \/>\n<span style=\"font-size: 14pt;\">Esse crescimento pode ser tanto vertical (escalando posi\u00e7\u00f5es dentro da empresa, assumindo posi\u00e7\u00f5es de ger\u00eancia e diretoria), quanto horizontal (ampliando suas responsabilidades para outros setores e atividades dentro da pr\u00f3pria empresa).<\/span><br \/>\n<span style=\"font-size: 14pt;\">O estudo e o aprimoramento dos conhecimentos n\u00e3o tem uma data limite, principalmente se a \u00e1rea em quest\u00e3o for ligada \u00e0 tecnologia e for necess\u00e1ria uma atualiza\u00e7\u00e3o constante.<\/span><br \/>\n<span style=\"font-size: 14pt;\">O desenvolvimento pessoal engloba habilidades e compet\u00eancias que podem auxiliar tanto na vida particular quanto no trabalho. <a title=\"Como gerenciar seu tempo para conseguir se qualificar profissionalmente?\" href=\"https:\/\/www.impacta.com.br\/blog\/2017\/11\/16\/como-gerenciar-seu-tempo-para-conseguir-se-qualificar-profissionalmente\/\" target=\"_blank\" rel=\"noopener noreferrer\">Gerenciamento de tempo<\/a>, <a title=\"Entenda o que \u00e9 a Intelig\u00eancia emocional\" href=\"https:\/\/www.impacta.com.br\/blog\/2017\/05\/17\/entenda-o-que-e-a-inteligencia-emocional\/\" target=\"_blank\" rel=\"noopener noreferrer\">intelig\u00eancia emocional<\/a>, boa comunica\u00e7\u00e3o e habilidades interpessoais s\u00e3o algumas delas.<\/span><\/p>\n<p style=\"text-align: left;\"><span style=\"font-size: 14pt;\">Adiante, destacamos por que investir nos dois tipos de desenvolvimento e como eles podem agregar na sua\u00a0<a title=\"[e-Book] Gest\u00e3o de Carreira: Passo a passo para se tornar gerente em seu departamento\" href=\"https:\/\/www.impacta.com.br\/blog\/2017\/10\/02\/e-book-gestao-de-carreira-passo-a-passo-para-se-tornar-gerente-em-seu-departamento\/\" target=\"_blank\" rel=\"noopener noreferrer\"><span style=\"text-decoration: underline;\">carreira<\/span><\/a>. Confira!<\/span><\/p>\n<h2 style=\"text-align: left;\"><strong><span style=\"font-size: 14pt;\">1. Ampliar o autoconhecimento<\/span><\/strong><\/h2>\n<p><span style=\"font-size: 14pt;\">O primeiro passo para tra\u00e7ar um plano de desenvolvimento pessoal e profissional \u00e9 definir o que voc\u00ea espera para o futuro. Desenhar a vida que se almeja em 5, 10 ou 20 anos \u00e9 o que vai definir as escolhas que voc\u00ea deve come\u00e7ar a fazer agora.<\/span><br \/>\n<span style=\"font-size: 14pt;\">Essa \u00e9 a oportunidade perfeita para estabelecer as suas prioridades e quais s\u00e3o os valores mais relevantes para voc\u00ea por ordem de import\u00e2ncia. Alguns exemplos de valores s\u00e3o: liberdade, seguran\u00e7a, status, poder e reconhecimento.<\/span><\/p>\n<h2><strong><span style=\"font-size: 14pt;\">2. Atingir metas<\/span><\/strong><\/h2>\n<p><span style=\"font-size: 14pt;\">\u00c9 muito mais f\u00e1cil chegar ao destino quando se sabe o caminho. Voc\u00ea imaginou o seu futuro perfeito? Agora \u00e9 a hora de criar e atingir as metas que far\u00e3o voc\u00ea chegar l\u00e1.<\/span><br \/>\n<span style=\"font-size: 14pt;\">Suponhamos que voc\u00ea queira ser um profissional de destaque na sua \u00e0rea. Um caminho para esse objetivo poderia ser a escolha de um nicho ou estilo pouco explorado para se especializar, <a title=\"Como escolher os melhores cursos e certifica\u00e7\u00f5es em alta no mercado?\" href=\"https:\/\/www.impacta.com.br\/blog\/2017\/06\/09\/como-escolher-os-melhores-cursos-e-certificacoes-em-alta-no-mercado\/\" target=\"_blank\" rel=\"noopener noreferrer\">escolher um curso<\/a>, escrever artigos, participar de concursos e premia\u00e7\u00f5es etc.<\/span><\/p>\n<h2><strong><span style=\"font-size: 14pt;\">3. Manter suas conquistas<\/span><\/strong><\/h2>\n<p><span style=\"font-size: 14pt;\">Voc\u00ea se esfor\u00e7ou muito e conseguiu atingir os objetivos previamente determinados. Parab\u00e9ns! Agora saiba que esse \u00eaxito n\u00e3o deve ser esquecido assim que conquistado. \u00c9 necess\u00e1rio ter empenho e comprometimento para mant\u00ea-lo. Uma vez que o objetivo tenha sido um diploma, voc\u00ea precisar\u00e1 ficar atualizado sobre as novidades da \u00e1rea para se manter \u00e0 frente do assunto.<\/span><\/p>\n<h2><strong><span style=\"font-size: 14pt;\">4. Destacar-se<\/span><\/strong><\/h2>\n<p><span style=\"font-size: 14pt;\">Sua empresa pode ter muitos funcion\u00e1rios competentes \u2014 eles podem inclusive ter mais ou menos o mesmo n\u00edvel de conhecimento e\u00a0<a href=\"https:\/\/www.impacta.com.br\/blog\/2016\/08\/29\/quais-as-habilidades-profissionais-mais-importantes-para-o-seu-crescimento-no-mercado\/\" target=\"_blank\" rel=\"noopener noreferrer\"><span style=\"text-decoration: underline;\">habilidades profissionais<\/span><\/a>. Caso surja uma oportunidade de chefia, qual desses funcion\u00e1rios seria o mais cotado para ocupar o cargo? Provavelmente o funcion\u00e1rio que tem a habilidade de <a title=\"Conhe\u00e7a 8 dicas para se destacar e liderar uma equipe em sua empresa\" href=\"https:\/\/www.impacta.com.br\/blog\/2017\/03\/17\/conheca-8-dicas-para-se-destacar-e-liderar-uma-equipe-em-sua-empresa\/\" target=\"_blank\" rel=\"noopener noreferrer\">lideran\u00e7a <\/a>mais afiada. Essas capacidades interpessoais podem ser treinadas e aprimoradas por qualquer pessoa, e podem aumentar muito as chances de uma poss\u00edvel promo\u00e7\u00e3o.<\/span><\/p>\n<h2><strong><span style=\"font-size: 14pt;\">5. Aprender coisas novas<\/span><\/strong><\/h2>\n<p><span style=\"font-size: 14pt;\">Muitas vezes nos fechamos na nossa zona de conforto e perdemos muitas oportunidades por n\u00e3o vermos o que est\u00e1 acontecendo ao redor. Novas tecnologias, estrat\u00e9gias e t\u00e9cnicas surgem diariamente. A curiosidade \u00e9 a chama do aprendizado, e manter essa chama acesa \u00e9 metade do processo para o desenvolvimento pessoal e profissional.<\/span><\/p>\n<h2><strong><span style=\"font-size: 14pt;\">6. Estar bem preparado<\/span><\/strong><\/h2>\n<p><span style=\"font-size: 14pt;\">Que o mercado de trabalho est\u00e1 em mudan\u00e7a constante n\u00e3o \u00e9 nenhuma novidade. Ainda assim, muitas pessoas s\u00e3o pegas desprevenidas com situa\u00e7\u00f5es que poderiam ter sido previstas. Isso \u00e9 muito comum com quest\u00f5es tecnol\u00f3gicas, como quando um sistema se torna obsoleto e precisa ser substitu\u00eddo por outro mais novo.<\/span><br \/>\n<span style=\"font-size: 14pt;\">Quem est\u00e1 em constante processo de desenvolvimento dificilmente ser\u00e1 impactado por esse tipo de mudan\u00e7a, pois esse profissional j\u00e1 sabe da poss\u00edvel atualiza\u00e7\u00e3o de sistema,\u00a0<a href=\"https:\/\/www.impacta.com.br\/blog\/2016\/09\/05\/quais-fatores-pesar-na-hora-de-escolher-um-curso-novo\/\" target=\"_blank\" rel=\"noopener noreferrer\"><span style=\"text-decoration: underline;\">escolheu um curso<\/span><\/a>\u00a0que o capacitou e est\u00e1 o mais preparado poss\u00edvel para a transi\u00e7\u00e3o.<\/span><\/p>\n<h2><strong><span style=\"font-size: 14pt;\">7. Falar e escrever melhor<\/span><\/strong><\/h2>\n<p><span style=\"font-size: 14pt;\">Um dos meios mais acess\u00edveis para se dedicar ao seu desenvolvimento pessoal e profissional \u00e9 a leitura.\u00a0<a title=\"7 livros que todo profissional de TI de sucesso precisa ler\" href=\"https:\/\/www.impacta.com.br\/blog\/2017\/10\/23\/7-livros-profissional-de-ti-precisa-ler\/\" target=\"_blank\" rel=\"noopener noreferrer\"><span style=\"text-decoration: underline;\">Livros<\/span><\/a>\u00a0sobre o assunto s\u00e3o comuns e abrangem praticamente todas as habilidades desejadas. Ao ler um livro sobre economia, por exemplo, voc\u00ea n\u00e3o est\u00e1 apenas se aprimorando na quest\u00e3o econ\u00f4mica em si, mas est\u00e1 melhorando a sua linguagem e o seu vocabul\u00e1rio.<\/span><br \/>\n<span style=\"font-size: 14pt;\">Um bom livro para come\u00e7ar a sua jornada \u00e9 \u201c<em><strong>O Poder do H\u00e1bito<\/strong><\/em>\u201d, de Charles Duhigg. O autor mostra n\u00e3o s\u00f3 de que forma os h\u00e1bitos funcionam no nosso dia a dia, mas tamb\u00e9m como podemos modific\u00e1-los para benef\u00edcio pr\u00f3prio. Por exemplo, trocar o h\u00e1bito de assistir televis\u00e3o por ler livros que trar\u00e3o benef\u00edcios concretos na carreira e na vida<\/span><br \/>\n<span style=\"font-size: 14pt;\">Caso voc\u00ea tenha definido que a sua meta \u00e9 melhorar a comunica\u00e7\u00e3o e a rela\u00e7\u00e3o interpessoal, um livro muito recomendado \u00e9 \u201c<em><strong>Como fazer amigos e influenciar pessoas<\/strong><\/em>\u201d, do autor Dale Carnegie. Nesse livro voc\u00ea vai descobrir como criar rela\u00e7\u00f5es de amizade profissionais, causando boa impress\u00e3o e desenvolvendo elos que podem seguir por anos a fio.<\/span><br \/>\n<span style=\"font-size: 14pt;\">Se o seu foco \u00e9 atacar a procrastina\u00e7\u00e3o, o livro de Stephen Covey, \u201c<em><strong>Os 7 H\u00e1bitos das Pessoas Altamente Eficazes<\/strong><\/em>\u201d \u00e9 um cl\u00e1ssico no assunto. Com apenas 7 passos, o autor promete elevar a sua produtividade e ajudar voc\u00ea a fazer\u00a0<a title=\"Gest\u00e3o de tempo:conhe\u00e7a 8 dicas para se organizar e ter mais tempo no trabalho\" href=\"https:\/\/www.impacta.com.br\/blog\/2016\/11\/23\/gestao-de-tempoconheca-8-dicas-para-se-organizar-e-ter-mais-tempo-no-trabalho\/\" target=\"_blank\" rel=\"noopener noreferrer\"><span style=\"text-decoration: underline;\">escolhas mais acertadas sobre o seu tempo<\/span><\/a>\u00a0pessoal e profissional.<\/span><br \/>\n<span style=\"font-size: 14pt;\">O percurso do desenvolvimento pessoal e profissional n\u00e3o \u00e9 curto: ele deve seguir durante toda a sua carreira e at\u00e9 depois dela. Para n\u00e3o desanimar, torne o processo divertido e transforme suas metas em jogos nos quais voc\u00ea ganha pontos a cada etapa conquistada.<\/span><br \/>\n<span style=\"font-size: 14pt;\">Crie um cronograma, compartilhe com os amigos e pe\u00e7a para que eles cobrem os resultados ao fim de cada prazo estipulado. Seguir aprendendo e se desenvolvendo \u00e9 algo que gera in\u00fameros benef\u00edcios, tanto para voc\u00ea quanto para as pessoas da sua conviv\u00eancia. Quem n\u00e3o quer ter um companheiro, amigo ou colega de trabalho que o inspire cotidianamente?<\/span><br \/>\n<span style=\"font-size: 14pt;\">Gostou das nossas dicas? O caminho do desenvolvimento pessoal e profissional \u00e9 bem mais divertido com companhia! Compartilhe este texto com seus amigos nas redes sociais e os ajude a crescer e se desenvolver tamb\u00e9m!<\/span><\/p>\n<div class=\"sharing-default-minimal post-bottom\"><div class=\"nectar-social default\" data-position=\"\" data-rm-love=\"0\" data-color-override=\"override\"><div class=\"nectar-social-inner\"><a href=\"#\" class=\"nectar-love\" id=\"nectar-love-12848\" title=\"Love this\"> <i class=\"icon-salient-heart-2\"><\/i><span class=\"love-text\">Love<\/span><span class=\"total_loves\"><span class=\"nectar-love-count\">0<\/span><\/span><\/a><a class='facebook-share nectar-sharing' href='#' title='Share this'> <i class='fa fa-facebook'><\/i> <span class='social-text'>Share<\/span> <\/a><a class='twitter-share nectar-sharing' href='#' title='Share this'> <i class='fa icon-salient-x-twitter'><\/i> <span class='social-text'>Share<\/span> <\/a><a class='linkedin-share nectar-sharing' href='#' title='Share this'> <i class='fa fa-linkedin'><\/i> <span class='social-text'>Share<\/span> <\/a><a class='pinterest-share nectar-sharing' href='#' title='Pin this'> <i class='fa fa-pinterest'><\/i> <span class='social-text'>Pin<\/span> <\/a><\/div><\/div><\/div>","protected":false},"excerpt":{"rendered":"<p>N\u00e3o pode ler esse artigo agora? Ou\u00e7a a mat\u00e9ria no Player abaixo: Voc\u00ea j\u00e1 deve ter ouvido falar em desenvolvimento pessoal e profissional e talvez n\u00e3o tenha entendido muito bem as diferen\u00e7as entre um e outro. Para ajud\u00e1-lo com isso, definimos abaixo o conceito de cada um deles e por que vale a pena investir [&hellip;]<\/p>\n","protected":false},"author":2,"featured_media":16887,"comment_status":"open","ping_status":"open","sticky":false,"template":"","format":"standard","meta":{"footnotes":""},"categories":[13],"tags":[566,567],"class_list":["post-12848","post","type-post","status-publish","format-standard","has-post-thumbnail","hentry","category-carreira","tag-desenvolvimento-pessoal","tag-desenvolvimento-profissional"],"yoast_head":"<!-- This site is optimized with the Yoast SEO plugin v25.1 - https:\/\/yoast.com\/wordpress\/plugins\/seo\/ -->\r\n<title>Desenvolvimento pessoal e profissional: Invista!<\/title>\r\n<meta name=\"description\" content=\"O Desenvolvimento pessoal e profissional est\u00e3o intimamente ligados. Quer saber como e porque investir neles? Confira nesse post!\" \/>\r\n<meta name=\"robots\" content=\"index, follow, max-snippet:-1, max-image-preview:large, max-video-preview:-1\" \/>\r\n<link rel=\"canonical\" href=\"https:\/\/www.impacta.com.br\/blog\/desenvolvimento-pessoal-e-profissional-motivos-para-investir\/\" \/>\r\n<meta property=\"og:locale\" content=\"pt_BR\" \/>\r\n<meta property=\"og:type\" content=\"article\" \/>\r\n<meta property=\"og:title\" content=\"Desenvolvimento pessoal e profissional: Invista!\" \/>\r\n<meta property=\"og:description\" content=\"O Desenvolvimento pessoal e profissional est\u00e3o intimamente ligados. Quer saber como e porque investir neles? Confira nesse post!\" \/>\r\n<meta property=\"og:url\" content=\"https:\/\/www.impacta.com.br\/blog\/desenvolvimento-pessoal-e-profissional-motivos-para-investir\/\" \/>\r\n<meta property=\"og:site_name\" content=\"Blog Impacta - Dicas e Not\u00edcias sobre Carreira\" \/>\r\n<meta property=\"article:published_time\" content=\"2018-02-09T12:25:19+00:00\" \/>\r\n<meta property=\"og:image\" content=\"https:\/\/www.impacta.com.br\/blog\/wp-content\/uploads\/2020\/04\/Desenvolvimento-pessoal-e-profissional.jpg\" \/>\r\n\t<meta property=\"og:image:width\" content=\"850\" \/>\r\n\t<meta property=\"og:image:height\" content=\"284\" \/>\r\n\t<meta property=\"og:image:type\" content=\"image\/jpeg\" \/>\r\n<meta name=\"author\" content=\"Reda\u00e7\u00e3o Impacta\" \/>\r\n<meta name=\"twitter:card\" content=\"summary_large_image\" \/>\r\n<meta name=\"twitter:label1\" content=\"Written by\" \/>\n\t<meta name=\"twitter:data1\" content=\"Reda\u00e7\u00e3o Impacta\" \/>\n\t<meta name=\"twitter:label2\" content=\"Est. reading time\" \/>\n\t<meta name=\"twitter:data2\" content=\"5 minutos\" \/>\r\n<script type=\"application\/ld+json\" class=\"yoast-schema-graph\">{\"@context\":\"https:\/\/schema.org\",\"@graph\":[{\"@type\":\"WebPage\",\"@id\":\"https:\/\/www.impacta.com.br\/blog\/desenvolvimento-pessoal-e-profissional-motivos-para-investir\/\",\"url\":\"https:\/\/www.impacta.com.br\/blog\/desenvolvimento-pessoal-e-profissional-motivos-para-investir\/\",\"name\":\"Desenvolvimento pessoal e profissional: Invista!\",\"isPartOf\":{\"@id\":\"https:\/\/www.impacta.com.br\/blog\/#website\"},\"primaryImageOfPage\":{\"@id\":\"https:\/\/www.impacta.com.br\/blog\/desenvolvimento-pessoal-e-profissional-motivos-para-investir\/#primaryimage\"},\"image\":{\"@id\":\"https:\/\/www.impacta.com.br\/blog\/desenvolvimento-pessoal-e-profissional-motivos-para-investir\/#primaryimage\"},\"thumbnailUrl\":\"https:\/\/www.impacta.com.br\/blog\/wp-content\/uploads\/2020\/04\/Desenvolvimento-pessoal-e-profissional.jpg\",\"datePublished\":\"2018-02-09T12:25:19+00:00\",\"author\":{\"@id\":\"https:\/\/www.impacta.com.br\/blog\/#\/schema\/person\/2e0896bac7656da15b68f5ad2ddd0d8c\"},\"description\":\"O Desenvolvimento pessoal e profissional est\u00e3o intimamente ligados. Quer saber como e porque investir neles? Confira nesse post!\",\"breadcrumb\":{\"@id\":\"https:\/\/www.impacta.com.br\/blog\/desenvolvimento-pessoal-e-profissional-motivos-para-investir\/#breadcrumb\"},\"inLanguage\":\"pt-BR\",\"potentialAction\":[{\"@type\":\"ReadAction\",\"target\":[\"https:\/\/www.impacta.com.br\/blog\/desenvolvimento-pessoal-e-profissional-motivos-para-investir\/\"]}]},{\"@type\":\"ImageObject\",\"inLanguage\":\"pt-BR\",\"@id\":\"https:\/\/www.impacta.com.br\/blog\/desenvolvimento-pessoal-e-profissional-motivos-para-investir\/#primaryimage\",\"url\":\"https:\/\/www.impacta.com.br\/blog\/wp-content\/uploads\/2020\/04\/Desenvolvimento-pessoal-e-profissional.jpg\",\"contentUrl\":\"https:\/\/www.impacta.com.br\/blog\/wp-content\/uploads\/2020\/04\/Desenvolvimento-pessoal-e-profissional.jpg\",\"width\":850,\"height\":284},{\"@type\":\"BreadcrumbList\",\"@id\":\"https:\/\/www.impacta.com.br\/blog\/desenvolvimento-pessoal-e-profissional-motivos-para-investir\/#breadcrumb\",\"itemListElement\":[{\"@type\":\"ListItem\",\"position\":1,\"name\":\"In\u00edcio\",\"item\":\"https:\/\/www.impacta.com.br\/blog\/\"},{\"@type\":\"ListItem\",\"position\":2,\"name\":\"Desenvolvimento pessoal e profissional: Invista!\"}]},{\"@type\":\"WebSite\",\"@id\":\"https:\/\/www.impacta.com.br\/blog\/#website\",\"url\":\"https:\/\/www.impacta.com.br\/blog\/\",\"name\":\"Blog Impacta - Dicas e Not\u00edcias sobre Carreira\",\"description\":\"Dicas, Not\u00edcias e Conte\u00fados sobre Carreira, Tecnologia, Design, Gest\u00e3o e Marketing. Conhe\u00e7a e Acompanhe o Blog Impacta\",\"potentialAction\":[{\"@type\":\"SearchAction\",\"target\":{\"@type\":\"EntryPoint\",\"urlTemplate\":\"https:\/\/www.impacta.com.br\/blog\/?s={search_term_string}\"},\"query-input\":{\"@type\":\"PropertyValueSpecification\",\"valueRequired\":true,\"valueName\":\"search_term_string\"}}],\"inLanguage\":\"pt-BR\"},{\"@type\":\"Person\",\"@id\":\"https:\/\/www.impacta.com.br\/blog\/#\/schema\/person\/2e0896bac7656da15b68f5ad2ddd0d8c\",\"name\":\"Reda\u00e7\u00e3o Impacta\",\"image\":{\"@type\":\"ImageObject\",\"inLanguage\":\"pt-BR\",\"@id\":\"https:\/\/www.impacta.com.br\/blog\/#\/schema\/person\/image\/\",\"url\":\"https:\/\/secure.gravatar.com\/avatar\/7443a59e479c8f31067628e3a4bed9ad?s=96&d=mm&r=g\",\"contentUrl\":\"https:\/\/secure.gravatar.com\/avatar\/7443a59e479c8f31067628e3a4bed9ad?s=96&d=mm&r=g\",\"caption\":\"Reda\u00e7\u00e3o Impacta\"},\"url\":\"https:\/\/www.impacta.com.br\/blog\/author\/redacao\/\"}]}<\/script>\r\n<!-- \/ Yoast SEO plugin. -->","yoast_head_json":{"title":"Desenvolvimento pessoal e profissional: Invista!","description":"O Desenvolvimento pessoal e profissional est\u00e3o intimamente ligados. Quer saber como e porque investir neles? Confira nesse post!","robots":{"index":"index","follow":"follow","max-snippet":"max-snippet:-1","max-image-preview":"max-image-preview:large","max-video-preview":"max-video-preview:-1"},"canonical":"https:\/\/www.impacta.com.br\/blog\/desenvolvimento-pessoal-e-profissional-motivos-para-investir\/","og_locale":"pt_BR","og_type":"article","og_title":"Desenvolvimento pessoal e profissional: Invista!","og_description":"O Desenvolvimento pessoal e profissional est\u00e3o intimamente ligados. Quer saber como e porque investir neles? Confira nesse post!","og_url":"https:\/\/www.impacta.com.br\/blog\/desenvolvimento-pessoal-e-profissional-motivos-para-investir\/","og_site_name":"Blog Impacta - Dicas e Not\u00edcias sobre Carreira","article_published_time":"2018-02-09T12:25:19+00:00","og_image":[{"width":850,"height":284,"url":"https:\/\/www.impacta.com.br\/blog\/wp-content\/uploads\/2020\/04\/Desenvolvimento-pessoal-e-profissional.jpg","type":"image\/jpeg"}],"author":"Reda\u00e7\u00e3o Impacta","twitter_card":"summary_large_image","twitter_misc":{"Written by":"Reda\u00e7\u00e3o Impacta","Est. reading time":"5 minutos"},"schema":{"@context":"https:\/\/schema.org","@graph":[{"@type":"WebPage","@id":"https:\/\/www.impacta.com.br\/blog\/desenvolvimento-pessoal-e-profissional-motivos-para-investir\/","url":"https:\/\/www.impacta.com.br\/blog\/desenvolvimento-pessoal-e-profissional-motivos-para-investir\/","name":"Desenvolvimento pessoal e profissional: Invista!","isPartOf":{"@id":"https:\/\/www.impacta.com.br\/blog\/#website"},"primaryImageOfPage":{"@id":"https:\/\/www.impacta.com.br\/blog\/desenvolvimento-pessoal-e-profissional-motivos-para-investir\/#primaryimage"},"image":{"@id":"https:\/\/www.impacta.com.br\/blog\/desenvolvimento-pessoal-e-profissional-motivos-para-investir\/#primaryimage"},"thumbnailUrl":"https:\/\/www.impacta.com.br\/blog\/wp-content\/uploads\/2020\/04\/Desenvolvimento-pessoal-e-profissional.jpg","datePublished":"2018-02-09T12:25:19+00:00","author":{"@id":"https:\/\/www.impacta.com.br\/blog\/#\/schema\/person\/2e0896bac7656da15b68f5ad2ddd0d8c"},"description":"O Desenvolvimento pessoal e profissional est\u00e3o intimamente ligados. Quer saber como e porque investir neles? Confira nesse post!","breadcrumb":{"@id":"https:\/\/www.impacta.com.br\/blog\/desenvolvimento-pessoal-e-profissional-motivos-para-investir\/#breadcrumb"},"inLanguage":"pt-BR","potentialAction":[{"@type":"ReadAction","target":["https:\/\/www.impacta.com.br\/blog\/desenvolvimento-pessoal-e-profissional-motivos-para-investir\/"]}]},{"@type":"ImageObject","inLanguage":"pt-BR","@id":"https:\/\/www.impacta.com.br\/blog\/desenvolvimento-pessoal-e-profissional-motivos-para-investir\/#primaryimage","url":"https:\/\/www.impacta.com.br\/blog\/wp-content\/uploads\/2020\/04\/Desenvolvimento-pessoal-e-profissional.jpg","contentUrl":"https:\/\/www.impacta.com.br\/blog\/wp-content\/uploads\/2020\/04\/Desenvolvimento-pessoal-e-profissional.jpg","width":850,"height":284},{"@type":"BreadcrumbList","@id":"https:\/\/www.impacta.com.br\/blog\/desenvolvimento-pessoal-e-profissional-motivos-para-investir\/#breadcrumb","itemListElement":[{"@type":"ListItem","position":1,"name":"In\u00edcio","item":"https:\/\/www.impacta.com.br\/blog\/"},{"@type":"ListItem","position":2,"name":"Desenvolvimento pessoal e profissional: Invista!"}]},{"@type":"WebSite","@id":"https:\/\/www.impacta.com.br\/blog\/#website","url":"https:\/\/www.impacta.com.br\/blog\/","name":"Blog Impacta - Dicas e Not\u00edcias sobre Carreira","description":"Dicas, Not\u00edcias e Conte\u00fados sobre Carreira, Tecnologia, Design, Gest\u00e3o e Marketing. Conhe\u00e7a e Acompanhe o Blog Impacta","potentialAction":[{"@type":"SearchAction","target":{"@type":"EntryPoint","urlTemplate":"https:\/\/www.impacta.com.br\/blog\/?s={search_term_string}"},"query-input":{"@type":"PropertyValueSpecification","valueRequired":true,"valueName":"search_term_string"}}],"inLanguage":"pt-BR"},{"@type":"Person","@id":"https:\/\/www.impacta.com.br\/blog\/#\/schema\/person\/2e0896bac7656da15b68f5ad2ddd0d8c","name":"Reda\u00e7\u00e3o Impacta","image":{"@type":"ImageObject","inLanguage":"pt-BR","@id":"https:\/\/www.impacta.com.br\/blog\/#\/schema\/person\/image\/","url":"https:\/\/secure.gravatar.com\/avatar\/7443a59e479c8f31067628e3a4bed9ad?s=96&d=mm&r=g","contentUrl":"https:\/\/secure.gravatar.com\/avatar\/7443a59e479c8f31067628e3a4bed9ad?s=96&d=mm&r=g","caption":"Reda\u00e7\u00e3o Impacta"},"url":"https:\/\/www.impacta.com.br\/blog\/author\/redacao\/"}]}},"acf":{"post_description":null,"capa_mobile":null},"_links":{"self":[{"href":"https:\/\/www.impacta.com.br\/blog\/wp-json\/wp\/v2\/posts\/12848","targetHints":{"allow":["GET"]}}],"collection":[{"href":"https:\/\/www.impacta.com.br\/blog\/wp-json\/wp\/v2\/posts"}],"about":[{"href":"https:\/\/www.impacta.com.br\/blog\/wp-json\/wp\/v2\/types\/post"}],"author":[{"embeddable":true,"href":"https:\/\/www.impacta.com.br\/blog\/wp-json\/wp\/v2\/users\/2"}],"replies":[{"embeddable":true,"href":"https:\/\/www.impacta.com.br\/blog\/wp-json\/wp\/v2\/comments?post=12848"}],"version-history":[{"count":0,"href":"https:\/\/www.impacta.com.br\/blog\/wp-json\/wp\/v2\/posts\/12848\/revisions"}],"wp:featuredmedia":[{"embeddable":true,"href":"https:\/\/www.impacta.com.br\/blog\/wp-json\/wp\/v2\/media\/16887"}],"wp:attachment":[{"href":"https:\/\/www.impacta.com.br\/blog\/wp-json\/wp\/v2\/media?parent=12848"}],"wp:term":[{"taxonomy":"category","embeddable":true,"href":"https:\/\/www.impacta.com.br\/blog\/wp-json\/wp\/v2\/categories?post=12848"},{"taxonomy":"post_tag","embeddable":true,"href":"https:\/\/www.impacta.com.br\/blog\/wp-json\/wp\/v2\/tags?post=12848"}],"curies":[{"name":"wp","href":"https:\/\/api.w.org\/{rel}","templated":true}]}}