{"id":12834,"date":"2018-02-05T09:05:36","date_gmt":"2018-02-05T12:05:36","guid":{"rendered":"http:\/\/www.impacta.com.br\/blog\/?p=12834"},"modified":"2018-02-05T09:05:36","modified_gmt":"2018-02-05T12:05:36","slug":"voce-sabe-como-trabalhar-a-cultura-organizacional-em-pmes","status":"publish","type":"post","link":"https:\/\/www.impacta.com.br\/blog\/voce-sabe-como-trabalhar-a-cultura-organizacional-em-pmes\/","title":{"rendered":"Voc\u00ea sabe como trabalhar a cultura organizacional em PMEs?"},"content":{"rendered":"<p><span style=\"font-size: 14pt;\">\u00c9 comum que os <a title=\"5 dicas para identificar as melhores ideias e empreender com sucesso\" href=\"https:\/\/www.impacta.com.br\/blog\/2016\/03\/08\/5-dicas-para-identificar-as-melhores-ideias-e-empreender-com-sucesso\/\" target=\"_blank\" rel=\"noopener noreferrer\">empreendedores <\/a>se perguntem sobre como podem fazer o seu trabalho de forma mais produtiva, pensando, muitas vezes, que os colaboradores n\u00e3o est\u00e3o dando o seu melhor em prol dos projetos. Mas, apesar de existir mesmo essa chance, o problema pode estar na cultura organizacional que \u00e9 promovida dentro da empresa.<\/span><br \/>\n<span style=\"font-size: 14pt;\">Esse conceito, abordado com certa frequ\u00eancia no ramo empresarial, abarca na verdade um conjunto de paradigmas que a companhia segue, envolvendo, dentre outras coisas, a sua maneira de falar e agir.<\/span><br \/>\n<span style=\"font-size: 14pt;\">Apesar de n\u00e3o parecer uma quest\u00e3o de tanta relev\u00e2ncia, ela se mostra muito necess\u00e1ria para pequenas e m\u00e9dias empresas, podendo influenciar bastante na produtividade das equipes, se conduzida da forma correta.<\/span><br \/>\n<span style=\"font-size: 14pt;\">Sendo assim, para auxiliar na melhoria da <a title=\"6 dicas para estimular a produtividade em seus colaboradores\" href=\"https:\/\/www.impacta.com.br\/blog\/2015\/11\/24\/6-dicas-para-estimular-a-produtividade-em-seus-colaboradores\/\" target=\"_blank\" rel=\"noopener noreferrer\">produtividade <\/a>da sua PME, trataremos neste post a cultura organizacional com mais detalhes, explicando a sua import\u00e2ncia para a companhia e como trabalh\u00e1-la corretamente. Acompanhe!<\/span><\/p>\n<h2><strong><span style=\"font-size: 14pt;\">O que \u00e9 cultura organizacional?<\/span><\/strong><\/h2>\n<p><span style=\"font-size: 14pt;\">De modo mais detalhado, a cultura organizacional \u00e9 um conjunto de valores e cren\u00e7as que auxiliam uma equipe a tomar decis\u00f5es pela companhia sem a necessidade de consultar os seus fundadores.<\/span><br \/>\n<span style=\"font-size: 14pt;\">\u00c9 essa cultura o que mant\u00e9m todos os <a title=\"6 motivos para investir no treinamento e capacita\u00e7\u00e3o dos colaboradores. E lucrar com isso!\" href=\"https:\/\/www.impacta.com.br\/blog\/2016\/09\/23\/6-motivos-para-investir-no-treinamento-e-capacitacao-dos-colaboradores-e-lucrar-com-isso\/\" target=\"_blank\" rel=\"noopener noreferrer\">colaboradores <\/a>trabalhando em prol dos mesmos objetivos e ideais, al\u00e9m de ser a respons\u00e1vel por atrair novos membros que partilham da mesma vis\u00e3o e valores.<\/span><br \/>\n<span style=\"font-size: 14pt;\">\u00c9 importante notar que, por ser fundamentada em cren\u00e7as e valores, a evolu\u00e7\u00e3o dessa cultura geralmente \u00e9 mais complexa e, muitas vezes, demanda mais tempo do que\u00a0<a href=\"https:\/\/www.impacta.com.br\/blog\/2017\/10\/06\/como-iniciar-planejamento-estrategico-empresa\/\" target=\"_blank\" rel=\"noopener noreferrer\">evolu\u00e7\u00f5es de car\u00e1ter estrat\u00e9gico<\/a>, por exemplo.<\/span><\/p>\n<h2><strong><span style=\"font-size: 14pt;\">O que uma cultura organizacional abrange?<\/span><\/strong><\/h2>\n<p><span style=\"font-size: 14pt;\">A cultura organizacional de uma companhia \u00e9 gerada a partir das ideias e valores do seu pr\u00f3prio fundador, bem como os motivos que o levaram a criar a institui\u00e7\u00e3o em quest\u00e3o. Logo, toda empresa tem uma cultura, desde o in\u00edcio.<\/span><br \/>\n<span style=\"font-size: 14pt;\">A partir da\u00ed, ela abrange toda a empresa, desde os seus objetivos e metas at\u00e9 o seu modo de planejar, trabalhar e se expressar com o p\u00fablico.<\/span><\/p>\n<h2><strong><span style=\"font-size: 14pt;\">Qual \u00e9 a sua import\u00e2ncia para uma PME?<\/span><\/strong><\/h2>\n<p><span style=\"font-size: 14pt;\">\u00c0 medida que uma companhia se desenvolve, sua cultura organizacional passa a ser um ponto cada vez mais importante para que ela possa se destacar e alcan\u00e7ar sucesso no mercado.<\/span><br \/>\n<span style=\"font-size: 14pt;\">Nesse mesmo cen\u00e1rio de crescimento, tamb\u00e9m se torna extremamente desafiadora a tarefa de manter os ideais e a miss\u00e3o da companhia presentes nas atividades dos seus colaboradores.<\/span><br \/>\n<span style=\"font-size: 14pt;\">Isso ocorre pois, com o passar do tempo e a evolu\u00e7\u00e3o do neg\u00f3cio, das estrat\u00e9gias e ideias dos fundadores, o n\u00famero de funcion\u00e1rios cresce, e novos processos s\u00e3o incorporados. Assim, \u00e9 importante ter meios de se certificar de que a cultura da empresa ser\u00e1 mantida e acompanhar\u00e1 o crescimento da companhia.<\/span><\/p>\n<h2 style=\"text-align: left;\"><strong><span style=\"font-size: 14pt;\">Como trabalhar a cultura organizacional na empresa?<\/span><\/strong><\/h2>\n<p style=\"text-align: center;\"><a href=\"https:\/\/www.impacta.com.br\/blog\/wp-content\/uploads\/2018\/02\/139946-voce-sabe-como-trabalhar-a-cultura-organizacional-em-pmes.jpg\" target=\"_blank\" rel=\"noopener noreferrer\"><img loading=\"lazy\" decoding=\"async\" class=\"aligncenter wp-image-12835\" title=\"Saiba trabalhar a cultura organizacional em PME\" src=\"https:\/\/www.impacta.com.br\/blog\/wp-content\/uploads\/2018\/02\/139946-voce-sabe-como-trabalhar-a-cultura-organizacional-em-pmes-1024x683.jpg\" alt=\"Saiba trabalhar a cultura organizacional em PME\" width=\"350\" height=\"233\" \/><\/a><\/p>\n<h3 style=\"text-align: left;\"><strong><span style=\"font-size: 14pt;\">1. Defina os ideais da companhia<\/span><\/strong><\/h3>\n<p><span style=\"font-size: 14pt;\">Este \u00e9 o ponto de partida para que se possa planejar grandes <a title=\"E-book \u2013 Guia da gest\u00e3o de projetos de sucesso\" href=\"https:\/\/www.impacta.com.br\/blog\/2017\/12\/20\/e-book-guia-da-gestao-de-projetos-de-sucesso\/\" target=\"_blank\" rel=\"noopener noreferrer\">projetos<\/a>: chamar a aten\u00e7\u00e3o de colaboradores realmente envolvidos e ter orgulho daquilo que o seu neg\u00f3cio representa.<\/span><br \/>\n<span style=\"font-size: 14pt;\">Entretanto, a simples defini\u00e7\u00e3o da miss\u00e3o, vis\u00e3o e valores da empresa n\u00e3o \u00e9 o suficiente, uma vez que \u00e9 preciso aplicar em suas atividades aquilo que \u00e9 anunciado para clientes e <a title=\"Que tipo de investidor sua empresa precisa? Saiba identificar!\" href=\"https:\/\/www.impacta.com.br\/blog\/2016\/03\/22\/que-tipo-de-investidor-sua-empresa-precisa-saiba-identificar\/\" target=\"_blank\" rel=\"noopener noreferrer\">investidores<\/a>. Para tal, \u00e9 necess\u00e1rio trabalhar em conjunto, com toda a equipe, de modo que todos possam desempenhar suas fun\u00e7\u00f5es em prol do mesmo objetivo.<\/span><br \/>\n<span style=\"font-size: 14pt;\">De acordo com Marcus Marques, especialista em gest\u00e3o e acelera\u00e7\u00e3o empresarial, todas as companhias precisam separar tempo para definir essas quest\u00f5es, j\u00e1 que elas definem o rumo estrat\u00e9gico a ser tomado, desde a integra\u00e7\u00e3o das opera\u00e7\u00f5es at\u00e9 a motiva\u00e7\u00e3o do time.<\/span><br \/>\n<span style=\"font-size: 14pt;\">E isso se aplica principalmente \u00e0s pequenas e m\u00e9dias empresas.<\/span><\/p>\n<h3><strong><span style=\"font-size: 14pt;\">2. Trabalhe o intraempreendedorismo<\/span><\/strong><\/h3>\n<p><span style=\"font-size: 14pt;\">Quando todo o time est\u00e1 em sintonia, fica muito mais simples criar uma cultura organizacional voltada para o empreendedorismo, em que cada um dos membros tenha um compromisso com o sucesso da empresa, independentemente do seu n\u00edvel hier\u00e1rquico ou cargo.<\/span><br \/>\n<span style=\"font-size: 14pt;\">Marques tamb\u00e9m salienta que n\u00e3o \u00e9 necess\u00e1rio ser dono de uma companhia para ter mente empreendedora e se comprometer com os resultados de um neg\u00f3cio.<\/span><\/p>\n<h3><strong><span style=\"font-size: 14pt;\">3. Estimule a autonomia da equipe<\/span><\/strong><\/h3>\n<p><span style=\"font-size: 14pt;\">Um time trabalha melhor quando n\u00e3o depende de algu\u00e9m supervisionando todas as atividades executadas. A autonomia, nesse contexto, \u00e9 a capacidade de tomar decis\u00f5es importantes de modo independente, sem ter que aguardar por comandos ou orienta\u00e7\u00f5es a todo instante.<\/span><br \/>\n<span style=\"font-size: 14pt;\">Uma equipe com essa caracter\u00edstica tamb\u00e9m tende a refletir melhor a cultura corporativa em vigor, j\u00e1 que depende desses conceitos para tomar suas decis\u00f5es, em vez de, simplesmente, seguir ordens.<\/span><\/p>\n<h3><strong><span style=\"font-size: 14pt;\">4. Crie novos coordenadores<\/span><\/strong><\/h3>\n<p><span style=\"font-size: 14pt;\">Trabalhar a cultura de uma empresa \u00e9 um eterno ciclo, que precisa ser estimulado diariamente dentro do ambiente corporativo.<\/span><br \/>\n<span style=\"font-size: 14pt;\">Considerando isso, a \u00e1rea de RH e demais chefes de setor precisam estar sempre atentos, detectando e trabalhando no\u00a0<a href=\"https:\/\/www.impacta.com.br\/blog\/2017\/03\/17\/conheca-8-dicas-para-se-destacar-e-liderar-uma-equipe-em-sua-empresa\/\" target=\"_blank\" rel=\"noopener noreferrer\">desenvolvimento de novos l\u00edderes<\/a>, os quais ser\u00e3o respons\u00e1veis por espalhar os valores e prop\u00f3sitos da empresa nos anos seguintes.<\/span><br \/>\n<span style=\"font-size: 14pt;\">Nesse sentido, Marques ressalta que a sustentabilidade de uma cultura empresarial \u2014 e mesmo da companhia \u2014 ao longo dos anos depende desse trabalho de desenvolvimento dentro do ambiente, em que novos l\u00edderes compat\u00edveis com o perfil idealizado no in\u00edcio surgir\u00e3o de forma natural.<\/span><\/p>\n<h3><strong><span style=\"font-size: 14pt;\">5. D\u00ea espa\u00e7o para todos os envolvidos<\/span><\/strong><\/h3>\n<p><span style=\"font-size: 14pt;\">Falamos anteriormente sobre a import\u00e2ncia da\u00a0<a href=\"https:\/\/www.impacta.com.br\/blog\/2017\/09\/15\/os-5-pilares-para-ter-uma-gestao-de-pessoas-eficiente\/\" target=\"_blank\" rel=\"noopener noreferrer\">autonomia das equipes<\/a>\u00a0nas tomadas de decis\u00e3o da empresa. Afinal, isso facilita o desenvolvimento de atividades e agiliza processos.<\/span><br \/>\n<span style=\"font-size: 14pt;\">Entretanto, ter essa autonomia n\u00e3o significa que tudo ser\u00e1 feito de forma independente, sem se debater com outros membros e diretores ou procurar colher feedbacks sobre como determinada atividade pode ser otimizada.<\/span><br \/>\n<span style=\"font-size: 14pt;\">Para que haja efici\u00eancia nesse aspecto da cultura empresarial, \u00e9 necess\u00e1rio ter uma equipe totalmente confi\u00e1vel, tanto em desempenho e capacidade de entrega de resultados quanto no alinhamento com a vis\u00e3o, miss\u00e3o e valores da companhia.<\/span><\/p>\n<h3><strong><span style=\"font-size: 14pt;\">6. Incentive a equipe a inovar<\/span><\/strong><\/h3>\n<p><span style=\"font-size: 14pt;\">Companhias de sucesso e com fortes culturas organizacionais estimulam a <a title=\"Voc\u00ea sabe o que \u00e9 design thinking e como ele vai mudar os neg\u00f3cios?\" href=\"https:\/\/www.impacta.com.br\/blog\/2017\/11\/27\/voce-sabe-o-que-e-design-thinking-e-como-ele-vai-mudar-os-negocios\/\" target=\"_blank\" rel=\"noopener noreferrer\">criatividade <\/a>e a inova\u00e7\u00e3o no ambiente de trabalho, dando espa\u00e7o a todos os colaboradores que querem compartilhar suas ideias. Al\u00e9m disso, essas empresas encaram os erros como oportunidades de aprender e evoluir,\u00a0aprimorando seus projetos\u00a0e processos constantemente.<\/span><br \/>\n<span style=\"font-size: 14pt;\">Por fim, dar aten\u00e7\u00e3o a todos os insights da equipe, al\u00e9m de proporcionar a chance de novos ganhos e oportunidades de mercado, faz com que os envolvidos se vejam como parte de um projeto ou prop\u00f3sito mais amplo. E isso \u00e9 fundamental dentro de qualquer empresa.<\/span><br \/>\n<span style=\"font-size: 14pt;\">E a\u00ed, gostou de saber como trabalhar a cultura organizacional em uma PME? Ent\u00e3o aproveite agora para curtir a\u00a0<a href=\"https:\/\/www.facebook.com\/impactaoficial\" target=\"_blank\" rel=\"noopener noreferrer\">nossa p\u00e1gina no Facebook<\/a>\u00a0e fique por dentro de todas as novidades!<\/span><\/p>\n<div class=\"sharing-default-minimal post-bottom\"><div class=\"nectar-social default\" data-position=\"\" data-rm-love=\"0\" data-color-override=\"override\"><div class=\"nectar-social-inner\"><a href=\"#\" class=\"nectar-love\" id=\"nectar-love-12834\" title=\"Love this\"> <i class=\"icon-salient-heart-2\"><\/i><span class=\"love-text\">Love<\/span><span class=\"total_loves\"><span class=\"nectar-love-count\">0<\/span><\/span><\/a><a class='facebook-share nectar-sharing' href='#' title='Share this'> <i class='fa fa-facebook'><\/i> <span class='social-text'>Share<\/span> <\/a><a class='twitter-share nectar-sharing' href='#' title='Share this'> <i class='fa icon-salient-x-twitter'><\/i> <span class='social-text'>Share<\/span> <\/a><a class='linkedin-share nectar-sharing' href='#' title='Share this'> <i class='fa fa-linkedin'><\/i> <span class='social-text'>Share<\/span> <\/a><a class='pinterest-share nectar-sharing' href='#' title='Pin this'> <i class='fa fa-pinterest'><\/i> <span class='social-text'>Pin<\/span> <\/a><\/div><\/div><\/div>","protected":false},"excerpt":{"rendered":"<p>\u00c9 comum que os empreendedores se perguntem sobre como podem fazer o seu trabalho de forma mais produtiva, pensando, muitas vezes, que os colaboradores n\u00e3o est\u00e3o dando o seu melhor em prol dos projetos. Mas, apesar de existir mesmo essa chance, o problema pode estar na cultura organizacional que \u00e9 promovida dentro da empresa. Esse [&hellip;]<\/p>\n","protected":false},"author":2,"featured_media":16946,"comment_status":"open","ping_status":"open","sticky":false,"template":"","format":"standard","meta":{"footnotes":""},"categories":[300],"tags":[563,564],"class_list":["post-12834","post","type-post","status-publish","format-standard","has-post-thumbnail","hentry","category-gestao_negocios","tag-cultura-organizacional","tag-pme"],"yoast_head":"<!-- This site is optimized with the Yoast SEO plugin v25.1 - https:\/\/yoast.com\/wordpress\/plugins\/seo\/ -->\r\n<title>Voc\u00ea sabe como trabalhar a cultura organizacional em PMEs?<\/title>\r\n<meta name=\"description\" content=\"Mesmo em PMEs, a cultura organizacional define uma s\u00e9ria de valores e pr\u00e1ticas que podem influenciar bastante na produtividade da equipe. Saiba mais aqui!\" \/>\r\n<meta name=\"robots\" content=\"index, follow, max-snippet:-1, max-image-preview:large, max-video-preview:-1\" \/>\r\n<link rel=\"canonical\" href=\"https:\/\/www.impacta.com.br\/blog\/voce-sabe-como-trabalhar-a-cultura-organizacional-em-pmes\/\" \/>\r\n<meta property=\"og:locale\" content=\"pt_BR\" \/>\r\n<meta property=\"og:type\" content=\"article\" \/>\r\n<meta property=\"og:title\" content=\"Voc\u00ea sabe como trabalhar a cultura organizacional em PMEs?\" \/>\r\n<meta property=\"og:description\" content=\"Mesmo em PMEs, a cultura organizacional define uma s\u00e9ria de valores e pr\u00e1ticas que podem influenciar bastante na produtividade da equipe. Saiba mais aqui!\" \/>\r\n<meta property=\"og:url\" content=\"https:\/\/www.impacta.com.br\/blog\/voce-sabe-como-trabalhar-a-cultura-organizacional-em-pmes\/\" \/>\r\n<meta property=\"og:site_name\" content=\"Blog Impacta - Dicas e Not\u00edcias sobre Carreira\" \/>\r\n<meta property=\"article:published_time\" content=\"2018-02-05T12:05:36+00:00\" \/>\r\n<meta property=\"og:image\" content=\"https:\/\/www.impacta.com.br\/blog\/wp-content\/uploads\/2020\/04\/cultura_organizacional_PME.jpg\" \/>\r\n\t<meta property=\"og:image:width\" content=\"850\" \/>\r\n\t<meta property=\"og:image:height\" content=\"284\" \/>\r\n\t<meta property=\"og:image:type\" content=\"image\/jpeg\" \/>\r\n<meta name=\"author\" content=\"Reda\u00e7\u00e3o Impacta\" \/>\r\n<meta name=\"twitter:card\" content=\"summary_large_image\" \/>\r\n<meta name=\"twitter:label1\" content=\"Written by\" \/>\n\t<meta name=\"twitter:data1\" content=\"Reda\u00e7\u00e3o Impacta\" \/>\n\t<meta name=\"twitter:label2\" content=\"Est. reading time\" \/>\n\t<meta name=\"twitter:data2\" content=\"6 minutos\" \/>\r\n<script type=\"application\/ld+json\" class=\"yoast-schema-graph\">{\"@context\":\"https:\/\/schema.org\",\"@graph\":[{\"@type\":\"WebPage\",\"@id\":\"https:\/\/www.impacta.com.br\/blog\/voce-sabe-como-trabalhar-a-cultura-organizacional-em-pmes\/\",\"url\":\"https:\/\/www.impacta.com.br\/blog\/voce-sabe-como-trabalhar-a-cultura-organizacional-em-pmes\/\",\"name\":\"Voc\u00ea sabe como trabalhar a cultura organizacional em PMEs?\",\"isPartOf\":{\"@id\":\"https:\/\/www.impacta.com.br\/blog\/#website\"},\"primaryImageOfPage\":{\"@id\":\"https:\/\/www.impacta.com.br\/blog\/voce-sabe-como-trabalhar-a-cultura-organizacional-em-pmes\/#primaryimage\"},\"image\":{\"@id\":\"https:\/\/www.impacta.com.br\/blog\/voce-sabe-como-trabalhar-a-cultura-organizacional-em-pmes\/#primaryimage\"},\"thumbnailUrl\":\"https:\/\/www.impacta.com.br\/blog\/wp-content\/uploads\/2020\/04\/cultura_organizacional_PME.jpg\",\"datePublished\":\"2018-02-05T12:05:36+00:00\",\"author\":{\"@id\":\"https:\/\/www.impacta.com.br\/blog\/#\/schema\/person\/2e0896bac7656da15b68f5ad2ddd0d8c\"},\"description\":\"Mesmo em PMEs, a cultura organizacional define uma s\u00e9ria de valores e pr\u00e1ticas que podem influenciar bastante na produtividade da equipe. Saiba mais aqui!\",\"breadcrumb\":{\"@id\":\"https:\/\/www.impacta.com.br\/blog\/voce-sabe-como-trabalhar-a-cultura-organizacional-em-pmes\/#breadcrumb\"},\"inLanguage\":\"pt-BR\",\"potentialAction\":[{\"@type\":\"ReadAction\",\"target\":[\"https:\/\/www.impacta.com.br\/blog\/voce-sabe-como-trabalhar-a-cultura-organizacional-em-pmes\/\"]}]},{\"@type\":\"ImageObject\",\"inLanguage\":\"pt-BR\",\"@id\":\"https:\/\/www.impacta.com.br\/blog\/voce-sabe-como-trabalhar-a-cultura-organizacional-em-pmes\/#primaryimage\",\"url\":\"https:\/\/www.impacta.com.br\/blog\/wp-content\/uploads\/2020\/04\/cultura_organizacional_PME.jpg\",\"contentUrl\":\"https:\/\/www.impacta.com.br\/blog\/wp-content\/uploads\/2020\/04\/cultura_organizacional_PME.jpg\",\"width\":850,\"height\":284},{\"@type\":\"BreadcrumbList\",\"@id\":\"https:\/\/www.impacta.com.br\/blog\/voce-sabe-como-trabalhar-a-cultura-organizacional-em-pmes\/#breadcrumb\",\"itemListElement\":[{\"@type\":\"ListItem\",\"position\":1,\"name\":\"In\u00edcio\",\"item\":\"https:\/\/www.impacta.com.br\/blog\/\"},{\"@type\":\"ListItem\",\"position\":2,\"name\":\"Voc\u00ea sabe como trabalhar a cultura organizacional em PMEs?\"}]},{\"@type\":\"WebSite\",\"@id\":\"https:\/\/www.impacta.com.br\/blog\/#website\",\"url\":\"https:\/\/www.impacta.com.br\/blog\/\",\"name\":\"Blog Impacta - Dicas e Not\u00edcias sobre Carreira\",\"description\":\"Dicas, Not\u00edcias e Conte\u00fados sobre Carreira, Tecnologia, Design, Gest\u00e3o e Marketing. Conhe\u00e7a e Acompanhe o Blog Impacta\",\"potentialAction\":[{\"@type\":\"SearchAction\",\"target\":{\"@type\":\"EntryPoint\",\"urlTemplate\":\"https:\/\/www.impacta.com.br\/blog\/?s={search_term_string}\"},\"query-input\":{\"@type\":\"PropertyValueSpecification\",\"valueRequired\":true,\"valueName\":\"search_term_string\"}}],\"inLanguage\":\"pt-BR\"},{\"@type\":\"Person\",\"@id\":\"https:\/\/www.impacta.com.br\/blog\/#\/schema\/person\/2e0896bac7656da15b68f5ad2ddd0d8c\",\"name\":\"Reda\u00e7\u00e3o Impacta\",\"image\":{\"@type\":\"ImageObject\",\"inLanguage\":\"pt-BR\",\"@id\":\"https:\/\/www.impacta.com.br\/blog\/#\/schema\/person\/image\/\",\"url\":\"https:\/\/secure.gravatar.com\/avatar\/7443a59e479c8f31067628e3a4bed9ad?s=96&d=mm&r=g\",\"contentUrl\":\"https:\/\/secure.gravatar.com\/avatar\/7443a59e479c8f31067628e3a4bed9ad?s=96&d=mm&r=g\",\"caption\":\"Reda\u00e7\u00e3o Impacta\"},\"url\":\"https:\/\/www.impacta.com.br\/blog\/author\/redacao\/\"}]}<\/script>\r\n<!-- \/ Yoast SEO plugin. -->","yoast_head_json":{"title":"Voc\u00ea sabe como trabalhar a cultura organizacional em PMEs?","description":"Mesmo em PMEs, a cultura organizacional define uma s\u00e9ria de valores e pr\u00e1ticas que podem influenciar bastante na produtividade da equipe. Saiba mais aqui!","robots":{"index":"index","follow":"follow","max-snippet":"max-snippet:-1","max-image-preview":"max-image-preview:large","max-video-preview":"max-video-preview:-1"},"canonical":"https:\/\/www.impacta.com.br\/blog\/voce-sabe-como-trabalhar-a-cultura-organizacional-em-pmes\/","og_locale":"pt_BR","og_type":"article","og_title":"Voc\u00ea sabe como trabalhar a cultura organizacional em PMEs?","og_description":"Mesmo em PMEs, a cultura organizacional define uma s\u00e9ria de valores e pr\u00e1ticas que podem influenciar bastante na produtividade da equipe. Saiba mais aqui!","og_url":"https:\/\/www.impacta.com.br\/blog\/voce-sabe-como-trabalhar-a-cultura-organizacional-em-pmes\/","og_site_name":"Blog Impacta - Dicas e Not\u00edcias sobre Carreira","article_published_time":"2018-02-05T12:05:36+00:00","og_image":[{"width":850,"height":284,"url":"https:\/\/www.impacta.com.br\/blog\/wp-content\/uploads\/2020\/04\/cultura_organizacional_PME.jpg","type":"image\/jpeg"}],"author":"Reda\u00e7\u00e3o Impacta","twitter_card":"summary_large_image","twitter_misc":{"Written by":"Reda\u00e7\u00e3o Impacta","Est. reading time":"6 minutos"},"schema":{"@context":"https:\/\/schema.org","@graph":[{"@type":"WebPage","@id":"https:\/\/www.impacta.com.br\/blog\/voce-sabe-como-trabalhar-a-cultura-organizacional-em-pmes\/","url":"https:\/\/www.impacta.com.br\/blog\/voce-sabe-como-trabalhar-a-cultura-organizacional-em-pmes\/","name":"Voc\u00ea sabe como trabalhar a cultura organizacional em PMEs?","isPartOf":{"@id":"https:\/\/www.impacta.com.br\/blog\/#website"},"primaryImageOfPage":{"@id":"https:\/\/www.impacta.com.br\/blog\/voce-sabe-como-trabalhar-a-cultura-organizacional-em-pmes\/#primaryimage"},"image":{"@id":"https:\/\/www.impacta.com.br\/blog\/voce-sabe-como-trabalhar-a-cultura-organizacional-em-pmes\/#primaryimage"},"thumbnailUrl":"https:\/\/www.impacta.com.br\/blog\/wp-content\/uploads\/2020\/04\/cultura_organizacional_PME.jpg","datePublished":"2018-02-05T12:05:36+00:00","author":{"@id":"https:\/\/www.impacta.com.br\/blog\/#\/schema\/person\/2e0896bac7656da15b68f5ad2ddd0d8c"},"description":"Mesmo em PMEs, a cultura organizacional define uma s\u00e9ria de valores e pr\u00e1ticas que podem influenciar bastante na produtividade da equipe. Saiba mais aqui!","breadcrumb":{"@id":"https:\/\/www.impacta.com.br\/blog\/voce-sabe-como-trabalhar-a-cultura-organizacional-em-pmes\/#breadcrumb"},"inLanguage":"pt-BR","potentialAction":[{"@type":"ReadAction","target":["https:\/\/www.impacta.com.br\/blog\/voce-sabe-como-trabalhar-a-cultura-organizacional-em-pmes\/"]}]},{"@type":"ImageObject","inLanguage":"pt-BR","@id":"https:\/\/www.impacta.com.br\/blog\/voce-sabe-como-trabalhar-a-cultura-organizacional-em-pmes\/#primaryimage","url":"https:\/\/www.impacta.com.br\/blog\/wp-content\/uploads\/2020\/04\/cultura_organizacional_PME.jpg","contentUrl":"https:\/\/www.impacta.com.br\/blog\/wp-content\/uploads\/2020\/04\/cultura_organizacional_PME.jpg","width":850,"height":284},{"@type":"BreadcrumbList","@id":"https:\/\/www.impacta.com.br\/blog\/voce-sabe-como-trabalhar-a-cultura-organizacional-em-pmes\/#breadcrumb","itemListElement":[{"@type":"ListItem","position":1,"name":"In\u00edcio","item":"https:\/\/www.impacta.com.br\/blog\/"},{"@type":"ListItem","position":2,"name":"Voc\u00ea sabe como trabalhar a cultura organizacional em PMEs?"}]},{"@type":"WebSite","@id":"https:\/\/www.impacta.com.br\/blog\/#website","url":"https:\/\/www.impacta.com.br\/blog\/","name":"Blog Impacta - Dicas e Not\u00edcias sobre Carreira","description":"Dicas, Not\u00edcias e Conte\u00fados sobre Carreira, Tecnologia, Design, Gest\u00e3o e Marketing. Conhe\u00e7a e Acompanhe o Blog Impacta","potentialAction":[{"@type":"SearchAction","target":{"@type":"EntryPoint","urlTemplate":"https:\/\/www.impacta.com.br\/blog\/?s={search_term_string}"},"query-input":{"@type":"PropertyValueSpecification","valueRequired":true,"valueName":"search_term_string"}}],"inLanguage":"pt-BR"},{"@type":"Person","@id":"https:\/\/www.impacta.com.br\/blog\/#\/schema\/person\/2e0896bac7656da15b68f5ad2ddd0d8c","name":"Reda\u00e7\u00e3o Impacta","image":{"@type":"ImageObject","inLanguage":"pt-BR","@id":"https:\/\/www.impacta.com.br\/blog\/#\/schema\/person\/image\/","url":"https:\/\/secure.gravatar.com\/avatar\/7443a59e479c8f31067628e3a4bed9ad?s=96&d=mm&r=g","contentUrl":"https:\/\/secure.gravatar.com\/avatar\/7443a59e479c8f31067628e3a4bed9ad?s=96&d=mm&r=g","caption":"Reda\u00e7\u00e3o Impacta"},"url":"https:\/\/www.impacta.com.br\/blog\/author\/redacao\/"}]}},"acf":{"post_description":null,"capa_mobile":null},"_links":{"self":[{"href":"https:\/\/www.impacta.com.br\/blog\/wp-json\/wp\/v2\/posts\/12834","targetHints":{"allow":["GET"]}}],"collection":[{"href":"https:\/\/www.impacta.com.br\/blog\/wp-json\/wp\/v2\/posts"}],"about":[{"href":"https:\/\/www.impacta.com.br\/blog\/wp-json\/wp\/v2\/types\/post"}],"author":[{"embeddable":true,"href":"https:\/\/www.impacta.com.br\/blog\/wp-json\/wp\/v2\/users\/2"}],"replies":[{"embeddable":true,"href":"https:\/\/www.impacta.com.br\/blog\/wp-json\/wp\/v2\/comments?post=12834"}],"version-history":[{"count":0,"href":"https:\/\/www.impacta.com.br\/blog\/wp-json\/wp\/v2\/posts\/12834\/revisions"}],"wp:featuredmedia":[{"embeddable":true,"href":"https:\/\/www.impacta.com.br\/blog\/wp-json\/wp\/v2\/media\/16946"}],"wp:attachment":[{"href":"https:\/\/www.impacta.com.br\/blog\/wp-json\/wp\/v2\/media?parent=12834"}],"wp:term":[{"taxonomy":"category","embeddable":true,"href":"https:\/\/www.impacta.com.br\/blog\/wp-json\/wp\/v2\/categories?post=12834"},{"taxonomy":"post_tag","embeddable":true,"href":"https:\/\/www.impacta.com.br\/blog\/wp-json\/wp\/v2\/tags?post=12834"}],"curies":[{"name":"wp","href":"https:\/\/api.w.org\/{rel}","templated":true}]}}