{"id":12488,"date":"2017-11-16T10:41:24","date_gmt":"2017-11-16T13:41:24","guid":{"rendered":"http:\/\/www.impacta.com.br\/blog\/?p=12488"},"modified":"2017-11-16T10:41:24","modified_gmt":"2017-11-16T13:41:24","slug":"como-gerenciar-seu-tempo-para-conseguir-se-qualificar-profissionalmente","status":"publish","type":"post","link":"https:\/\/www.impacta.com.br\/blog\/como-gerenciar-seu-tempo-para-conseguir-se-qualificar-profissionalmente\/","title":{"rendered":"Como gerenciar seu tempo para conseguir se qualificar profissionalmente?"},"content":{"rendered":"<p><span style=\"font-size: 14pt;\">Ao observarmos o <a title=\"e-Book \u2013 Mercado de trabalho: como fazer um ingresso triunfal na sua \u00e1rea de atua\u00e7\u00e3o?\" href=\"https:\/\/www.impacta.com.br\/blog\/2016\/11\/30\/e-book-mercado-de-trabalho-como-fazer-um-ingresso-triunfal-na-sua-area-de-atuacao-2\/\" target=\"_blank\" rel=\"noopener noreferrer\">mercado de trabalho<\/a> atual, notamos que o seu n\u00edvel de exig\u00eancia est\u00e1 cada vez maior e isso exige que os profissionais busquem\u00a0uma qualifica\u00e7\u00e3o profissional \u00e0 altura.\u00a0Assim, eles se preparam para atender \u00e0s demandas que surgem\u00a0\u2014 e que muitas vezes podem ser bastante espec\u00edficas.<\/span><\/p>\n<p><span style=\"font-size: 14pt;\">Por isso, quem almeja conquistar o sucesso em sua carreira profissional deve buscar meios eficientes, que sejam determinantes para o seu futuro.\u00a0Mas, o fato \u00e9 que muitos profissionais ainda alegam n\u00e3o terem tempo para se <a title=\"Qualifica\u00e7\u00e3o profissional: como se capacitar antes mesmo da faculdade?\" href=\"https:\/\/www.impacta.com.br\/blog\/2017\/07\/24\/qualificacao-profissional-como-se-capacitar-antes-mesmo-da-faculdade\/\" target=\"_blank\" rel=\"noopener noreferrer\">qualificar <\/a>profissionalmente e usam isso como justificativa para a falta de perspectiva na carreira.<\/span><\/p>\n<p><span style=\"font-size: 14pt;\">Assim, neste artigo, voc\u00ea aprender\u00e1 a gerenciar seu tempo para conseguir se qualificar profissionalmente. Acompanhe:<\/span><\/p>\n<h2><strong><span style=\"font-size: 14pt;\">Reconhe\u00e7a sua necessidade<\/span><\/strong><\/h2>\n<p><span style=\"font-size: 14pt;\">O primeiro ponto fundamental para que voc\u00ea possa gerenciar o seu tempo e consiga se qualificar profissionalmente \u00e9 o reconhecimento da sua necessidade.<\/span><\/p>\n<p><span style=\"font-size: 14pt;\">Avalie\u00a0sua situa\u00e7\u00e3o profissional, o\u00a0<a href=\"https:\/\/www.impacta.com.br\/blog\/2017\/06\/09\/como-escolher-os-melhores-cursos-e-certificacoes-em-alta-no-mercado\/\" target=\"_blank\" rel=\"noopener noreferrer\">mercado de trabalho e as exig\u00eancias<\/a>\u00a0que ele imp\u00f5e. Voc\u00ea sente que a sua carreira est\u00e1 preparada para elas?<\/span><\/p>\n<p><span style=\"font-size: 14pt;\">Em muitas ocasi\u00f5es, ao refletirmos sobre nosso futuro profissional, sentimos falta de uma perspectiva que direcione nossas atitudes e nos d\u00ea visibilidade sobre quem seremos daqui a 5 ou 10 anos.<\/span><\/p>\n<p><span style=\"font-size: 14pt;\">Quando entendemos que \u00e9 necess\u00e1rio estarmos em constante evolu\u00e7\u00e3o\u00a0\u2014 de forma a acompanhar o ritmo do mercado de trabalho \u2014 reconhecemos a qualifica\u00e7\u00e3o profissional como solu\u00e7\u00e3o para o nosso problema. A partir da\u00ed, surge a motiva\u00e7\u00e3o para seguirmos em frente.<\/span><\/p>\n<h2><strong><span style=\"font-size: 14pt;\">Reorganize sua agenda e monte um cronograma<\/span><\/strong><\/h2>\n<p><span style=\"font-size: 14pt;\">Antes que voc\u00ea justifique a falta de tempo com uma rotina ma\u00e7ante e lotada de compromissos, experimente fazer este exerc\u00edcio: pegue a sua agenda, liste todos os compromissos que voc\u00ea tem e veja como eles s\u00e3o distribu\u00eddos ao longo dos dias.<\/span><\/p>\n<p><span style=\"font-size: 14pt;\">Observe atentamente cada um deles e imagine como voc\u00ea poderia otimiz\u00e1-los. Ser\u00e1 que aquela reuni\u00e3o presencial que costuma durar 15 minutos n\u00e3o poderia ser substitu\u00edda por um telefonema ou um <a title=\"Como escrever um e-mail formal e ser melhor compreendido\" href=\"https:\/\/www.impacta.com.br\/blog\/2017\/08\/11\/como-escrever-um-e-mail-formal-e-ser-melhor-compreendido\/\" target=\"_blank\" rel=\"noopener noreferrer\">envio de e-mail<\/a>?<\/span><\/p>\n<p style=\"text-align: left;\"><span style=\"font-size: 14pt;\">Distribua todos os seus compromissos pela agenda e monte o seu pr\u00f3prio cronograma. Como voc\u00ea precisa de tempo, ser\u00e1 necess\u00e1rio determinar um limite para cada atividade. Em vez de estar totalmente\u00a0dispon\u00edvel, voc\u00ea ficar\u00e1 \u00e0 disposi\u00e7\u00e3o\u00a0por uma quantidade cronometrada de tempo.<\/span><\/p>\n<p style=\"text-align: center;\"><a href=\"https:\/\/www.impacta.com.br\/blog\/wp-content\/uploads\/2017\/11\/111978-como-gerenciar-seu-tempo-para-conseguir-se-qualificar-profissionalmente-.jpg\" target=\"_blank\" rel=\"noopener noreferrer\"><img loading=\"lazy\" decoding=\"async\" class=\"aligncenter wp-image-12490\" title=\"Como gerenciar seu tempo para conseguir se qualificar profissionalmente\" src=\"https:\/\/www.impacta.com.br\/blog\/wp-content\/uploads\/2017\/11\/111978-como-gerenciar-seu-tempo-para-conseguir-se-qualificar-profissionalmente-.jpg\" alt=\"Como gerenciar seu tempo para conseguir se qualificar profissionalmente\" width=\"600\" height=\"400\" \/><\/a><\/p>\n<h2 style=\"text-align: left;\"><strong><span style=\"font-size: 14pt;\">D\u00ea prioridade ao que \u00e9 importante<\/span><\/strong><\/h2>\n<p><span style=\"font-size: 14pt;\">O exerc\u00edcio que foi feito no t\u00f3pico anterior \u00e9 fundamental para que voc\u00ea aprenda a priorizar o que, de fato, \u00e9 importante. Na maioria das vezes, cumprimos obriga\u00e7\u00f5es que nem deveriam ser nossas, mas que est\u00e3o enraizadas na rotina.<\/span><\/p>\n<p><span style=\"font-size: 14pt;\">Fa\u00e7a uma an\u00e1lise dos compromissos que voc\u00ea colocou no cronograma. Verifique quais deles s\u00e3o realmente essenciais. Grife-os, para n\u00e3o os esquecer.<\/span><\/p>\n<p><span style=\"font-size: 14pt;\">Com base na sua rotina, estabele\u00e7a uma lista que comece com as urg\u00eancias (tarefas que s\u00e3o importantes e cujos prazos de entrega est\u00e3o expirando). Depois delas, priorize as tarefas importantes. Por \u00faltimo, deixe aquelas que tiverem baixa prioridade.<\/span><\/p>\n<h2><strong><span style=\"font-size: 14pt;\">Divida cada objetivo em um grupo de metas<\/span><\/strong><\/h2>\n<p><span style=\"font-size: 14pt;\">Quais s\u00e3o os seus objetivos profissionais? Voc\u00ea deseja ser gerente da sua \u00e1rea ou empreender e ter o pr\u00f3prio neg\u00f3cio? Saber o patamar a que se deseja chegar \u00e9 fundamental para que voc\u00ea possa gerenciar melhor o tempo.<\/span><\/p>\n<p><span style=\"font-size: 14pt;\">Com base em cada um dos seus objetivos, voc\u00ea listar\u00e1 os passos necess\u00e1rios a alcan\u00e7\u00e1-los. Digamos, por exemplo, que um deles seja assumir um <a title=\"[e-Book] Gest\u00e3o de Carreira: Passo a passo para se tornar gerente em seu departamento\" href=\"https:\/\/www.impacta.com.br\/blog\/2017\/10\/02\/e-book-gestao-de-carreira-passo-a-passo-para-se-tornar-gerente-em-seu-departamento\/\" target=\"_blank\" rel=\"noopener noreferrer\">cargo de ger\u00eancia<\/a> na empresa na qual trabalha. Enumere cada uma das qualifica\u00e7\u00f5es profissionais que esse cargo exige e que voc\u00ea ainda n\u00e3o tem.<\/span><\/p>\n<p><span style=\"font-size: 14pt;\">Para cada qualifica\u00e7\u00e3o, liste os <a title=\"Como escolher uma institui\u00e7\u00e3o para cursos de especializa\u00e7\u00e3o? Veja no e-book!\" href=\"https:\/\/www.impacta.com.br\/blog\/2017\/06\/23\/como-escolher-uma-instituicao-para-cursos-de-especializacao-veja-no-e-book\/\" target=\"_blank\" rel=\"noopener noreferrer\">cursos <\/a>e habilidades que precisam ser desenvolvidas. Essas ser\u00e3o as metas que voc\u00ea dever\u00e1 perseguir.<\/span><\/p>\n<h2><strong><span style=\"font-size: 14pt;\">Evite procrastinar<\/span><\/strong><\/h2>\n<p><span style=\"font-size: 14pt;\">N\u00f3s estamos falando sobre gerenciamento de tempo, portanto, evite perder esse bem precioso com a procrastina\u00e7\u00e3o. Enquanto estiver trabalhando, por exemplo, dedique-se ao m\u00e1ximo de forma a finalizar suas atividades.<\/span><\/p>\n<p><span style=\"font-size: 14pt;\">Se o hor\u00e1rio do seu curso for \u00e0 noite e voc\u00ea deixar todo o trabalho do dia para a \u00faltima hora, \u00e9 sabido que voc\u00ea se atrasar\u00e1 e n\u00e3o aproveitar\u00e1 ao m\u00e1ximo o conhecimento\u00a0apresentado\u00a0em sala. Note que a culpa n\u00e3o \u00e9 do curso ou da rotina exaustiva, mas, sim,\u00a0do mau gerenciamento do seu tempo.<\/span><\/p>\n<h2><strong><span style=\"font-size: 14pt;\">Aproveite cada momento para estudar<\/span><\/strong><\/h2>\n<p><span style=\"font-size: 14pt;\">Qualificar-se profissionalmente n\u00e3o significa apenas frequentar um curso e obter o diploma ao final. \u00c9 necess\u00e1rio que voc\u00ea se dedique com o intuito de aprender verdadeiramente! Por isso, aproveite cada momento para estudar.<\/span><\/p>\n<p><span style=\"font-size: 14pt;\">Se o seu deslocamento de casa ao trabalho \u00e9 feito de transporte p\u00fablico, encontre meios para se manter atualizado. Leve um <a title=\"7 livros que todo profissional de TI de sucesso precisa ler\" href=\"https:\/\/www.impacta.com.br\/blog\/2017\/10\/23\/7-livros-profissional-de-ti-precisa-ler\/\" target=\"_blank\" rel=\"noopener noreferrer\">livro<\/a>, apostila ou leia conte\u00fados relevantes para a\u00a0<a href=\"https:\/\/www.impacta.com.br\/blog\/2017\/02\/13\/veja-como-fazer-um-plano-de-carreira\/\" target=\"_blank\" rel=\"noopener noreferrer\">sua carreira<\/a>\u00a0na tela do smartphone.<\/span><\/p>\n<p><span style=\"font-size: 14pt;\">Ao organizar melhor o seu tempo, ser\u00e1 poss\u00edvel, ao longo do trajeto, encontrar uma institui\u00e7\u00e3o de ensino que tenha bons cursos para ajud\u00e1-lo no crescimento profissional. Pesquise!<\/span><\/p>\n<h2><strong><span style=\"font-size: 14pt;\">Planeje sua semana<\/span><\/strong><\/h2>\n<p><span style=\"font-size: 14pt;\">Em vez de estar ciente somente dos compromissos que ter\u00e1 durante o dia corrente ou o seguinte, experimente deixar a sua semana j\u00e1 planejada. Essa atitude permitir\u00e1 uma maior flexibilidade no cumprimento deles \u2014 uma vez que voc\u00ea poder\u00e1 remanejar alguns que, por exemplo, ocorram pr\u00f3ximos, para o mesmo dia.<\/span><\/p>\n<p><span style=\"font-size: 14pt;\">O planejamento semanal tamb\u00e9m o ajudar\u00e1 a encontrar hor\u00e1rios em que seja poss\u00edvel se programar para estudar, realizar um curso e conseguir a almejada\u00a0<a href=\"https:\/\/www.impacta.com.br\/blog\/2017\/03\/31\/atualizacao-profissional-entenda-a-importancia-de-se-requalificar\/\" target=\"_blank\" rel=\"noopener noreferrer\">qualifica\u00e7\u00e3o profissional<\/a>.<\/span><\/p>\n<h2><strong><span style=\"font-size: 14pt;\">Tenha seu planejamento sempre em vista<\/span><\/strong><\/h2>\n<p><span style=\"font-size: 14pt;\">De nada adiantar\u00e1 fazer o planejamento dos seus compromissos e deix\u00e1-lo guardado no fundo de uma gaveta. Tenha\u00a0seu planejamento sempre em vista para evitar que voc\u00ea assuma responsabilidades sem ter tempo para cumpri-las.<\/span><\/p>\n<p><span style=\"font-size: 14pt;\">Antes de dizer \u201csim\u201d para todas as solicita\u00e7\u00f5es que chegam at\u00e9 voc\u00ea e tomam o seu tempo, fa\u00e7a uma consulta no planejamento para saber se \u00e9 poss\u00edvel aceit\u00e1-las.<\/span><\/p>\n<h2><strong><span style=\"font-size: 14pt;\">Separe um tempo para voc\u00ea<\/span><\/strong><\/h2>\n<p><span style=\"font-size: 14pt;\">A qualifica\u00e7\u00e3o profissional exige de voc\u00ea tempo, esfor\u00e7o e dedica\u00e7\u00e3o. Isso n\u00e3o significa, por\u00e9m, que voc\u00ea deva deixar de dormir, descansar ou se divertir. O c\u00e9rebro precisa de um tempo para assimilar as informa\u00e7\u00f5es que chegam at\u00e9 ele.<\/span><\/p>\n<p><span style=\"font-size: 14pt;\">Separe um tempo para voc\u00ea relaxar, curtir um\u00a0<em>happy hour<\/em>\u00a0com os amigos e descansar. Ter todos os compromissos organizados o far\u00e1 ter mais tempo \u2014 inclusive para os momentos de lazer.<\/span><\/p>\n<p><span style=\"font-size: 14pt;\">Por meio do bom gerenciamento do tempo, ser\u00e1 poss\u00edvel buscar a qualifica\u00e7\u00e3o profissional necess\u00e1ria e turbinar sua carreira.<\/span><\/p>\n<p><span style=\"font-size: 14pt;\">Aproveite para nos seguir em nossas redes sociais:\u00a0<a href=\"https:\/\/www.facebook.com\/impactaoficial\" target=\"_blank\" rel=\"noopener noreferrer\">Facebook<\/a>,\u00a0<a href=\"https:\/\/twitter.com\/impacta_oficial\" target=\"_blank\" rel=\"noopener noreferrer\">Twitter<\/a>\u00a0e\u00a0<a href=\"https:\/\/www.linkedin.com\/company-beta\/59611\/\" target=\"_blank\" rel=\"noopener noreferrer\">LinkedIn<\/a>. Nelas, compartilhamos outras dicas e conte\u00fados destinados aos profissionais que desejam ser mais competitivos e bem-preparados para o mercado de trabalho.<\/span><\/p>\n<div class=\"sharing-default-minimal post-bottom\"><div class=\"nectar-social default\" data-position=\"\" data-rm-love=\"0\" data-color-override=\"override\"><div class=\"nectar-social-inner\"><a href=\"#\" class=\"nectar-love\" id=\"nectar-love-12488\" title=\"Love this\"> <i class=\"icon-salient-heart-2\"><\/i><span class=\"love-text\">Love<\/span><span class=\"total_loves\"><span class=\"nectar-love-count\">0<\/span><\/span><\/a><a class='facebook-share nectar-sharing' href='#' title='Share this'> <i class='fa fa-facebook'><\/i> <span class='social-text'>Share<\/span> <\/a><a class='twitter-share nectar-sharing' href='#' title='Share this'> <i class='fa icon-salient-x-twitter'><\/i> <span class='social-text'>Share<\/span> <\/a><a class='linkedin-share nectar-sharing' href='#' title='Share this'> <i class='fa fa-linkedin'><\/i> <span class='social-text'>Share<\/span> <\/a><a class='pinterest-share nectar-sharing' href='#' title='Pin this'> <i class='fa fa-pinterest'><\/i> <span class='social-text'>Pin<\/span> <\/a><\/div><\/div><\/div>","protected":false},"excerpt":{"rendered":"<p>Ao observarmos o mercado de trabalho atual, notamos que o seu n\u00edvel de exig\u00eancia est\u00e1 cada vez maior e isso exige que os profissionais busquem\u00a0uma qualifica\u00e7\u00e3o profissional \u00e0 altura.\u00a0Assim, eles se preparam para atender \u00e0s demandas que surgem\u00a0\u2014 e que muitas vezes podem ser bastante espec\u00edficas. Por isso, quem almeja conquistar o sucesso em sua [&hellip;]<\/p>\n","protected":false},"author":2,"featured_media":17088,"comment_status":"open","ping_status":"open","sticky":false,"template":"","format":"standard","meta":{"footnotes":""},"categories":[13],"tags":[197,410],"class_list":["post-12488","post","type-post","status-publish","format-standard","has-post-thumbnail","hentry","category-carreira","tag-gerenciamento","tag-qualificacao-profissional"],"yoast_head":"<!-- This site is optimized with the Yoast SEO plugin v25.1 - https:\/\/yoast.com\/wordpress\/plugins\/seo\/ -->\r\n<title>Como gerenciar seu tempo e se qualificar profissionalmente?<\/title>\r\n<meta name=\"description\" content=\"A falta de tempo n\u00e3o ser\u00e1 mais um desculpa para n\u00e3o se qualificar profissionalmente. Confira dicas para gerenciar seu tempo e continuar aprendendo!\" \/>\r\n<meta name=\"robots\" content=\"index, follow, max-snippet:-1, max-image-preview:large, max-video-preview:-1\" \/>\r\n<link rel=\"canonical\" href=\"https:\/\/www.impacta.com.br\/blog\/como-gerenciar-seu-tempo-para-conseguir-se-qualificar-profissionalmente\/\" \/>\r\n<meta property=\"og:locale\" content=\"pt_BR\" \/>\r\n<meta property=\"og:type\" content=\"article\" \/>\r\n<meta property=\"og:title\" content=\"Como gerenciar seu tempo e se qualificar profissionalmente?\" \/>\r\n<meta property=\"og:description\" content=\"A falta de tempo n\u00e3o ser\u00e1 mais um desculpa para n\u00e3o se qualificar profissionalmente. Confira dicas para gerenciar seu tempo e continuar aprendendo!\" \/>\r\n<meta property=\"og:url\" content=\"https:\/\/www.impacta.com.br\/blog\/como-gerenciar-seu-tempo-para-conseguir-se-qualificar-profissionalmente\/\" \/>\r\n<meta property=\"og:site_name\" content=\"Blog Impacta - Dicas e Not\u00edcias sobre Carreira\" \/>\r\n<meta property=\"article:published_time\" content=\"2017-11-16T13:41:24+00:00\" \/>\r\n<meta property=\"og:image\" content=\"https:\/\/www.impacta.com.br\/blog\/wp-content\/uploads\/2020\/04\/qualificacao_profissional.jpg\" \/>\r\n\t<meta property=\"og:image:width\" content=\"850\" \/>\r\n\t<meta property=\"og:image:height\" content=\"284\" \/>\r\n\t<meta property=\"og:image:type\" content=\"image\/jpeg\" \/>\r\n<meta name=\"author\" content=\"Reda\u00e7\u00e3o Impacta\" \/>\r\n<meta name=\"twitter:card\" content=\"summary_large_image\" \/>\r\n<meta name=\"twitter:label1\" content=\"Written by\" \/>\n\t<meta name=\"twitter:data1\" content=\"Reda\u00e7\u00e3o Impacta\" \/>\n\t<meta name=\"twitter:label2\" content=\"Est. reading time\" \/>\n\t<meta name=\"twitter:data2\" content=\"6 minutos\" \/>\r\n<script type=\"application\/ld+json\" class=\"yoast-schema-graph\">{\"@context\":\"https:\/\/schema.org\",\"@graph\":[{\"@type\":\"WebPage\",\"@id\":\"https:\/\/www.impacta.com.br\/blog\/como-gerenciar-seu-tempo-para-conseguir-se-qualificar-profissionalmente\/\",\"url\":\"https:\/\/www.impacta.com.br\/blog\/como-gerenciar-seu-tempo-para-conseguir-se-qualificar-profissionalmente\/\",\"name\":\"Como gerenciar seu tempo e se qualificar profissionalmente?\",\"isPartOf\":{\"@id\":\"https:\/\/www.impacta.com.br\/blog\/#website\"},\"primaryImageOfPage\":{\"@id\":\"https:\/\/www.impacta.com.br\/blog\/como-gerenciar-seu-tempo-para-conseguir-se-qualificar-profissionalmente\/#primaryimage\"},\"image\":{\"@id\":\"https:\/\/www.impacta.com.br\/blog\/como-gerenciar-seu-tempo-para-conseguir-se-qualificar-profissionalmente\/#primaryimage\"},\"thumbnailUrl\":\"https:\/\/www.impacta.com.br\/blog\/wp-content\/uploads\/2020\/04\/qualificacao_profissional.jpg\",\"datePublished\":\"2017-11-16T13:41:24+00:00\",\"author\":{\"@id\":\"https:\/\/www.impacta.com.br\/blog\/#\/schema\/person\/2e0896bac7656da15b68f5ad2ddd0d8c\"},\"description\":\"A falta de tempo n\u00e3o ser\u00e1 mais um desculpa para n\u00e3o se qualificar profissionalmente. Confira dicas para gerenciar seu tempo e continuar aprendendo!\",\"breadcrumb\":{\"@id\":\"https:\/\/www.impacta.com.br\/blog\/como-gerenciar-seu-tempo-para-conseguir-se-qualificar-profissionalmente\/#breadcrumb\"},\"inLanguage\":\"pt-BR\",\"potentialAction\":[{\"@type\":\"ReadAction\",\"target\":[\"https:\/\/www.impacta.com.br\/blog\/como-gerenciar-seu-tempo-para-conseguir-se-qualificar-profissionalmente\/\"]}]},{\"@type\":\"ImageObject\",\"inLanguage\":\"pt-BR\",\"@id\":\"https:\/\/www.impacta.com.br\/blog\/como-gerenciar-seu-tempo-para-conseguir-se-qualificar-profissionalmente\/#primaryimage\",\"url\":\"https:\/\/www.impacta.com.br\/blog\/wp-content\/uploads\/2020\/04\/qualificacao_profissional.jpg\",\"contentUrl\":\"https:\/\/www.impacta.com.br\/blog\/wp-content\/uploads\/2020\/04\/qualificacao_profissional.jpg\",\"width\":850,\"height\":284},{\"@type\":\"BreadcrumbList\",\"@id\":\"https:\/\/www.impacta.com.br\/blog\/como-gerenciar-seu-tempo-para-conseguir-se-qualificar-profissionalmente\/#breadcrumb\",\"itemListElement\":[{\"@type\":\"ListItem\",\"position\":1,\"name\":\"In\u00edcio\",\"item\":\"https:\/\/www.impacta.com.br\/blog\/\"},{\"@type\":\"ListItem\",\"position\":2,\"name\":\"Como gerenciar seu tempo para conseguir se qualificar profissionalmente?\"}]},{\"@type\":\"WebSite\",\"@id\":\"https:\/\/www.impacta.com.br\/blog\/#website\",\"url\":\"https:\/\/www.impacta.com.br\/blog\/\",\"name\":\"Blog Impacta - Dicas e Not\u00edcias sobre Carreira\",\"description\":\"Dicas, Not\u00edcias e Conte\u00fados sobre Carreira, Tecnologia, Design, Gest\u00e3o e Marketing. Conhe\u00e7a e Acompanhe o Blog Impacta\",\"potentialAction\":[{\"@type\":\"SearchAction\",\"target\":{\"@type\":\"EntryPoint\",\"urlTemplate\":\"https:\/\/www.impacta.com.br\/blog\/?s={search_term_string}\"},\"query-input\":{\"@type\":\"PropertyValueSpecification\",\"valueRequired\":true,\"valueName\":\"search_term_string\"}}],\"inLanguage\":\"pt-BR\"},{\"@type\":\"Person\",\"@id\":\"https:\/\/www.impacta.com.br\/blog\/#\/schema\/person\/2e0896bac7656da15b68f5ad2ddd0d8c\",\"name\":\"Reda\u00e7\u00e3o Impacta\",\"image\":{\"@type\":\"ImageObject\",\"inLanguage\":\"pt-BR\",\"@id\":\"https:\/\/www.impacta.com.br\/blog\/#\/schema\/person\/image\/\",\"url\":\"https:\/\/secure.gravatar.com\/avatar\/7443a59e479c8f31067628e3a4bed9ad?s=96&d=mm&r=g\",\"contentUrl\":\"https:\/\/secure.gravatar.com\/avatar\/7443a59e479c8f31067628e3a4bed9ad?s=96&d=mm&r=g\",\"caption\":\"Reda\u00e7\u00e3o Impacta\"},\"url\":\"https:\/\/www.impacta.com.br\/blog\/author\/redacao\/\"}]}<\/script>\r\n<!-- \/ Yoast SEO plugin. -->","yoast_head_json":{"title":"Como gerenciar seu tempo e se qualificar profissionalmente?","description":"A falta de tempo n\u00e3o ser\u00e1 mais um desculpa para n\u00e3o se qualificar profissionalmente. Confira dicas para gerenciar seu tempo e continuar aprendendo!","robots":{"index":"index","follow":"follow","max-snippet":"max-snippet:-1","max-image-preview":"max-image-preview:large","max-video-preview":"max-video-preview:-1"},"canonical":"https:\/\/www.impacta.com.br\/blog\/como-gerenciar-seu-tempo-para-conseguir-se-qualificar-profissionalmente\/","og_locale":"pt_BR","og_type":"article","og_title":"Como gerenciar seu tempo e se qualificar profissionalmente?","og_description":"A falta de tempo n\u00e3o ser\u00e1 mais um desculpa para n\u00e3o se qualificar profissionalmente. Confira dicas para gerenciar seu tempo e continuar aprendendo!","og_url":"https:\/\/www.impacta.com.br\/blog\/como-gerenciar-seu-tempo-para-conseguir-se-qualificar-profissionalmente\/","og_site_name":"Blog Impacta - Dicas e Not\u00edcias sobre Carreira","article_published_time":"2017-11-16T13:41:24+00:00","og_image":[{"width":850,"height":284,"url":"https:\/\/www.impacta.com.br\/blog\/wp-content\/uploads\/2020\/04\/qualificacao_profissional.jpg","type":"image\/jpeg"}],"author":"Reda\u00e7\u00e3o Impacta","twitter_card":"summary_large_image","twitter_misc":{"Written by":"Reda\u00e7\u00e3o Impacta","Est. reading time":"6 minutos"},"schema":{"@context":"https:\/\/schema.org","@graph":[{"@type":"WebPage","@id":"https:\/\/www.impacta.com.br\/blog\/como-gerenciar-seu-tempo-para-conseguir-se-qualificar-profissionalmente\/","url":"https:\/\/www.impacta.com.br\/blog\/como-gerenciar-seu-tempo-para-conseguir-se-qualificar-profissionalmente\/","name":"Como gerenciar seu tempo e se qualificar profissionalmente?","isPartOf":{"@id":"https:\/\/www.impacta.com.br\/blog\/#website"},"primaryImageOfPage":{"@id":"https:\/\/www.impacta.com.br\/blog\/como-gerenciar-seu-tempo-para-conseguir-se-qualificar-profissionalmente\/#primaryimage"},"image":{"@id":"https:\/\/www.impacta.com.br\/blog\/como-gerenciar-seu-tempo-para-conseguir-se-qualificar-profissionalmente\/#primaryimage"},"thumbnailUrl":"https:\/\/www.impacta.com.br\/blog\/wp-content\/uploads\/2020\/04\/qualificacao_profissional.jpg","datePublished":"2017-11-16T13:41:24+00:00","author":{"@id":"https:\/\/www.impacta.com.br\/blog\/#\/schema\/person\/2e0896bac7656da15b68f5ad2ddd0d8c"},"description":"A falta de tempo n\u00e3o ser\u00e1 mais um desculpa para n\u00e3o se qualificar profissionalmente. Confira dicas para gerenciar seu tempo e continuar aprendendo!","breadcrumb":{"@id":"https:\/\/www.impacta.com.br\/blog\/como-gerenciar-seu-tempo-para-conseguir-se-qualificar-profissionalmente\/#breadcrumb"},"inLanguage":"pt-BR","potentialAction":[{"@type":"ReadAction","target":["https:\/\/www.impacta.com.br\/blog\/como-gerenciar-seu-tempo-para-conseguir-se-qualificar-profissionalmente\/"]}]},{"@type":"ImageObject","inLanguage":"pt-BR","@id":"https:\/\/www.impacta.com.br\/blog\/como-gerenciar-seu-tempo-para-conseguir-se-qualificar-profissionalmente\/#primaryimage","url":"https:\/\/www.impacta.com.br\/blog\/wp-content\/uploads\/2020\/04\/qualificacao_profissional.jpg","contentUrl":"https:\/\/www.impacta.com.br\/blog\/wp-content\/uploads\/2020\/04\/qualificacao_profissional.jpg","width":850,"height":284},{"@type":"BreadcrumbList","@id":"https:\/\/www.impacta.com.br\/blog\/como-gerenciar-seu-tempo-para-conseguir-se-qualificar-profissionalmente\/#breadcrumb","itemListElement":[{"@type":"ListItem","position":1,"name":"In\u00edcio","item":"https:\/\/www.impacta.com.br\/blog\/"},{"@type":"ListItem","position":2,"name":"Como gerenciar seu tempo para conseguir se qualificar profissionalmente?"}]},{"@type":"WebSite","@id":"https:\/\/www.impacta.com.br\/blog\/#website","url":"https:\/\/www.impacta.com.br\/blog\/","name":"Blog Impacta - Dicas e Not\u00edcias sobre Carreira","description":"Dicas, Not\u00edcias e Conte\u00fados sobre Carreira, Tecnologia, Design, Gest\u00e3o e Marketing. Conhe\u00e7a e Acompanhe o Blog Impacta","potentialAction":[{"@type":"SearchAction","target":{"@type":"EntryPoint","urlTemplate":"https:\/\/www.impacta.com.br\/blog\/?s={search_term_string}"},"query-input":{"@type":"PropertyValueSpecification","valueRequired":true,"valueName":"search_term_string"}}],"inLanguage":"pt-BR"},{"@type":"Person","@id":"https:\/\/www.impacta.com.br\/blog\/#\/schema\/person\/2e0896bac7656da15b68f5ad2ddd0d8c","name":"Reda\u00e7\u00e3o Impacta","image":{"@type":"ImageObject","inLanguage":"pt-BR","@id":"https:\/\/www.impacta.com.br\/blog\/#\/schema\/person\/image\/","url":"https:\/\/secure.gravatar.com\/avatar\/7443a59e479c8f31067628e3a4bed9ad?s=96&d=mm&r=g","contentUrl":"https:\/\/secure.gravatar.com\/avatar\/7443a59e479c8f31067628e3a4bed9ad?s=96&d=mm&r=g","caption":"Reda\u00e7\u00e3o Impacta"},"url":"https:\/\/www.impacta.com.br\/blog\/author\/redacao\/"}]}},"acf":{"post_description":null,"capa_mobile":null},"_links":{"self":[{"href":"https:\/\/www.impacta.com.br\/blog\/wp-json\/wp\/v2\/posts\/12488","targetHints":{"allow":["GET"]}}],"collection":[{"href":"https:\/\/www.impacta.com.br\/blog\/wp-json\/wp\/v2\/posts"}],"about":[{"href":"https:\/\/www.impacta.com.br\/blog\/wp-json\/wp\/v2\/types\/post"}],"author":[{"embeddable":true,"href":"https:\/\/www.impacta.com.br\/blog\/wp-json\/wp\/v2\/users\/2"}],"replies":[{"embeddable":true,"href":"https:\/\/www.impacta.com.br\/blog\/wp-json\/wp\/v2\/comments?post=12488"}],"version-history":[{"count":0,"href":"https:\/\/www.impacta.com.br\/blog\/wp-json\/wp\/v2\/posts\/12488\/revisions"}],"wp:featuredmedia":[{"embeddable":true,"href":"https:\/\/www.impacta.com.br\/blog\/wp-json\/wp\/v2\/media\/17088"}],"wp:attachment":[{"href":"https:\/\/www.impacta.com.br\/blog\/wp-json\/wp\/v2\/media?parent=12488"}],"wp:term":[{"taxonomy":"category","embeddable":true,"href":"https:\/\/www.impacta.com.br\/blog\/wp-json\/wp\/v2\/categories?post=12488"},{"taxonomy":"post_tag","embeddable":true,"href":"https:\/\/www.impacta.com.br\/blog\/wp-json\/wp\/v2\/tags?post=12488"}],"curies":[{"name":"wp","href":"https:\/\/api.w.org\/{rel}","templated":true}]}}