{"id":1233,"date":"2017-07-03T17:00:43","date_gmt":"2017-07-03T20:00:43","guid":{"rendered":"http:\/\/www.impacta.edu.br\/blog\/?p=1233"},"modified":"2021-01-05T09:23:40","modified_gmt":"2021-01-05T12:23:40","slug":"processos-gerenciais-e-mercado-de-trabalho","status":"publish","type":"post","link":"https:\/\/www.impacta.com.br\/blog\/processos-gerenciais-e-mercado-de-trabalho\/","title":{"rendered":"Tecnologia em Processos Gerenciais oferece diversas possibilidades no mercado de trabalho"},"content":{"rendered":"<p>Muitas pessoas com perfil empreendedor ou de gest\u00e3o buscam construir uma carreira a partir destas habilidades. Hoje em dia, liderar equipes e gerir empresas dos mais diversos portes s\u00e3o caracter\u00edsticas valorizadas pelo mercado de trabalho.<br \/>\nPara ganhar tempo e aprimorar tais aptid\u00f5es em busca de uma carreira de sucesso, a Faculdade Impacta tem o curso de Tecnologia em Processos Gerenciais.<!--more--><br \/>\nO tecn\u00f3logo em processos gerenciais possui uma forma\u00e7\u00e3o que permite a atua\u00e7\u00e3o polivalente, flex\u00edvel e din\u00e2mica, e com conhecimento para enfrentar as mudan\u00e7as cada vez mais r\u00e1pidas do mundo globalizado.<\/p>\n<h3>O curso<\/h3>\n<p>A gradua\u00e7\u00e3o de Tecnologia em Processos Gerenciais da Faculdade Impacta prepara o aluno para ter uma vis\u00e3o ampla sobre o empreendedorismo e trabalhar com inova\u00e7\u00f5es tecnol\u00f3gicas dentro das empresas.<br \/>\nDurante dois anos, s\u00e3o aprendidas t\u00e9cnicas de gest\u00e3o de pessoas, marketing, implementa\u00e7\u00e3o de novas tecnologias, finan\u00e7as e log\u00edstica.<br \/>\nAl\u00e9m disso, o empreendedorismo \u00e9 um dos pontos fortes do curso, que incentiva o aluno a abrir o pr\u00f3prio neg\u00f3cio por meio de uma gest\u00e3o eficaz.<br \/>\n<strong><img loading=\"lazy\" decoding=\"async\" class=\"alignnone size-full wp-image-1234\" src=\"https:\/\/www.impacta.edu.br\/blog\/wp-content\/uploads\/2017\/06\/processos-gerenciais-blog-e1497373166447.jpg\" alt=\"\" width=\"600\" height=\"400\" \/><\/strong><\/p>\n<h3>Mercado de trabalho<\/h3>\n<p>O mercado \u00e9 amplo e conta com oportunidades em pequenas, m\u00e9dias ou grandes empresas, p\u00fablicas ou privadas, relacionadas ao com\u00e9rcio, servi\u00e7os ou \u00e0 ind\u00fastria, al\u00e9m da possibilidade de investir em um neg\u00f3cio pr\u00f3prio.<br \/>\nO profissional pode atuar nas \u00e1reas de gest\u00e3o de pessoas, marketing, finan\u00e7as e log\u00edstica, criando diferenciais competitivos dentro da organiza\u00e7\u00e3o. E ainda em conjunto com outras \u00e1reas, j\u00e1 que o curso possui disciplinas de administra\u00e7\u00e3o, empreendedorismo e estrat\u00e9gia.<br \/>\nDentre as suas principais atividades destaca-se:<br \/>\n&#8211; Fazer an\u00e1lise e promover estudos de mercado;<br \/>\n&#8211; Gerenciar equipes de trabalho;<br \/>\n&#8211; Promover a lucratividade e competitividade das empresas;<br \/>\n&#8211; Elaborar e implementar planos de neg\u00f3cios;<br \/>\n&#8211; Prestar consultoria e assessoria como aut\u00f4nomo;<br \/>\n&#8211; Atuar em \u00f3rg\u00e3os p\u00fablicos municipais, estaduais ou federais;<br \/>\n&#8211; Administrar e gerenciar organiza\u00e7\u00f5es do terceiro setor (n\u00e3o governamentais).<br \/>\nA faixa salarial depende do cargo ocupado, mas o valores ficam entre R$ 2.500 e R$ 8.000.<br \/>\nOs tecn\u00f3logos em Processos Gerenciais ainda encontram boas oportunidades em concursos p\u00fablicos com vagas para a \u00e1rea de Administra\u00e7\u00e3o e Gest\u00e3o de Empresas. Para os cargos que exigem mais experi\u00eancia e forma\u00e7\u00e3o \u00e9 poss\u00edvel encontrar sal\u00e1rios de at\u00e9 R$ 15 mil.<br \/>\nVale lembrar que mesmo sendo um profissional em falta no mercado, o n\u00edvel est\u00e1 aumentando. Quem quiser conquistar seu espa\u00e7o, vai ter que investir bastante em forma\u00e7\u00e3o e experi\u00eancia. Conhe\u00e7a o curso de Processos Gerenciais da Faculdade Impacta.<\/p>\n<div class=\"sharing-default-minimal post-bottom\"><div class=\"nectar-social default\" data-position=\"\" data-rm-love=\"0\" data-color-override=\"override\"><div class=\"nectar-social-inner\"><a href=\"#\" class=\"nectar-love\" id=\"nectar-love-1233\" title=\"Love this\"> <i class=\"icon-salient-heart-2\"><\/i><span class=\"love-text\">Love<\/span><span class=\"total_loves\"><span class=\"nectar-love-count\">0<\/span><\/span><\/a><a class='facebook-share nectar-sharing' href='#' title='Share this'> <i class='fa fa-facebook'><\/i> <span class='social-text'>Share<\/span> <\/a><a class='twitter-share nectar-sharing' href='#' title='Share this'> <i class='fa icon-salient-x-twitter'><\/i> <span class='social-text'>Share<\/span> <\/a><a class='linkedin-share nectar-sharing' href='#' title='Share this'> <i class='fa fa-linkedin'><\/i> <span class='social-text'>Share<\/span> <\/a><a class='pinterest-share nectar-sharing' href='#' title='Pin this'> <i class='fa fa-pinterest'><\/i> <span class='social-text'>Pin<\/span> <\/a><\/div><\/div><\/div>","protected":false},"excerpt":{"rendered":"<p>Muitas pessoas com perfil empreendedor ou de gest\u00e3o buscam construir uma carreira a partir destas habilidades. Hoje em dia, liderar equipes e gerir empresas dos mais diversos portes s\u00e3o caracter\u00edsticas valorizadas pelo mercado de trabalho. Para ganhar tempo e aprimorar tais aptid\u00f5es em busca de uma carreira de sucesso, a Faculdade Impacta tem o curso [&hellip;]<\/p>\n","protected":false},"author":57,"featured_media":18114,"comment_status":"open","ping_status":"open","sticky":false,"template":"","format":"standard","meta":{"footnotes":""},"categories":[300],"tags":[15,1110,11],"class_list":["post-1233","post","type-post","status-publish","format-standard","has-post-thumbnail","hentry","category-gestao_negocios","tag-mercado-de-trabalho","tag-processos-gerenciais","tag-tecnologia"],"yoast_head":"<!-- This site is optimized with the Yoast SEO plugin v25.1 - https:\/\/yoast.com\/wordpress\/plugins\/seo\/ -->\r\n<title>Tecnologia em Processos Gerenciais e o mercado de trabalho<\/title>\r\n<meta name=\"description\" content=\"O curso de Processos Gerenciais prepara o aluno para ter uma vis\u00e3o sobre o empreendedorismo e trabalhar com inova\u00e7\u00f5es tecnol\u00f3gicas dentro das empresas\" \/>\r\n<meta name=\"robots\" content=\"index, follow, max-snippet:-1, max-image-preview:large, max-video-preview:-1\" \/>\r\n<link rel=\"canonical\" href=\"https:\/\/www.impacta.com.br\/blog\/processos-gerenciais-e-mercado-de-trabalho\/\" \/>\r\n<meta property=\"og:locale\" content=\"pt_BR\" \/>\r\n<meta property=\"og:type\" content=\"article\" \/>\r\n<meta property=\"og:title\" content=\"Tecnologia em Processos Gerenciais e o mercado de trabalho\" \/>\r\n<meta property=\"og:description\" content=\"O curso de Processos Gerenciais prepara o aluno para ter uma vis\u00e3o sobre o empreendedorismo e trabalhar com inova\u00e7\u00f5es tecnol\u00f3gicas dentro das empresas\" \/>\r\n<meta property=\"og:url\" content=\"https:\/\/www.impacta.com.br\/blog\/processos-gerenciais-e-mercado-de-trabalho\/\" \/>\r\n<meta property=\"og:site_name\" content=\"Blog Impacta - Dicas e Not\u00edcias sobre Carreira\" \/>\r\n<meta property=\"article:published_time\" content=\"2017-07-03T20:00:43+00:00\" \/>\r\n<meta property=\"article:modified_time\" content=\"2021-01-05T12:23:40+00:00\" \/>\r\n<meta property=\"og:image\" content=\"https:\/\/www.impacta.com.br\/blog\/wp-content\/uploads\/2020\/04\/shutterstock_727711573.jpg\" \/>\r\n\t<meta property=\"og:image:width\" content=\"1000\" \/>\r\n\t<meta property=\"og:image:height\" content=\"667\" \/>\r\n\t<meta property=\"og:image:type\" content=\"image\/jpeg\" \/>\r\n<meta name=\"author\" content=\"J\u00e9ssica Lima\" \/>\r\n<meta name=\"twitter:card\" content=\"summary_large_image\" \/>\r\n<meta name=\"twitter:label1\" content=\"Written by\" \/>\n\t<meta name=\"twitter:data1\" content=\"J\u00e9ssica Lima\" \/>\n\t<meta name=\"twitter:label2\" content=\"Est. reading time\" \/>\n\t<meta name=\"twitter:data2\" content=\"2 minutos\" \/>\r\n<script type=\"application\/ld+json\" class=\"yoast-schema-graph\">{\"@context\":\"https:\/\/schema.org\",\"@graph\":[{\"@type\":\"WebPage\",\"@id\":\"https:\/\/www.impacta.com.br\/blog\/processos-gerenciais-e-mercado-de-trabalho\/\",\"url\":\"https:\/\/www.impacta.com.br\/blog\/processos-gerenciais-e-mercado-de-trabalho\/\",\"name\":\"Tecnologia em Processos Gerenciais e o mercado de trabalho\",\"isPartOf\":{\"@id\":\"https:\/\/www.impacta.com.br\/blog\/#website\"},\"primaryImageOfPage\":{\"@id\":\"https:\/\/www.impacta.com.br\/blog\/processos-gerenciais-e-mercado-de-trabalho\/#primaryimage\"},\"image\":{\"@id\":\"https:\/\/www.impacta.com.br\/blog\/processos-gerenciais-e-mercado-de-trabalho\/#primaryimage\"},\"thumbnailUrl\":\"https:\/\/www.impacta.com.br\/blog\/wp-content\/uploads\/2020\/04\/shutterstock_727711573.jpg\",\"datePublished\":\"2017-07-03T20:00:43+00:00\",\"dateModified\":\"2021-01-05T12:23:40+00:00\",\"author\":{\"@id\":\"https:\/\/www.impacta.com.br\/blog\/#\/schema\/person\/8f4b311598e2f343bad8eb692b11d39d\"},\"description\":\"O curso de Processos Gerenciais prepara o aluno para ter uma vis\u00e3o sobre o empreendedorismo e trabalhar com inova\u00e7\u00f5es tecnol\u00f3gicas dentro das empresas\",\"breadcrumb\":{\"@id\":\"https:\/\/www.impacta.com.br\/blog\/processos-gerenciais-e-mercado-de-trabalho\/#breadcrumb\"},\"inLanguage\":\"pt-BR\",\"potentialAction\":[{\"@type\":\"ReadAction\",\"target\":[\"https:\/\/www.impacta.com.br\/blog\/processos-gerenciais-e-mercado-de-trabalho\/\"]}]},{\"@type\":\"ImageObject\",\"inLanguage\":\"pt-BR\",\"@id\":\"https:\/\/www.impacta.com.br\/blog\/processos-gerenciais-e-mercado-de-trabalho\/#primaryimage\",\"url\":\"https:\/\/www.impacta.com.br\/blog\/wp-content\/uploads\/2020\/04\/shutterstock_727711573.jpg\",\"contentUrl\":\"https:\/\/www.impacta.com.br\/blog\/wp-content\/uploads\/2020\/04\/shutterstock_727711573.jpg\",\"width\":1000,\"height\":667},{\"@type\":\"BreadcrumbList\",\"@id\":\"https:\/\/www.impacta.com.br\/blog\/processos-gerenciais-e-mercado-de-trabalho\/#breadcrumb\",\"itemListElement\":[{\"@type\":\"ListItem\",\"position\":1,\"name\":\"In\u00edcio\",\"item\":\"https:\/\/www.impacta.com.br\/blog\/\"},{\"@type\":\"ListItem\",\"position\":2,\"name\":\"Tecnologia em Processos Gerenciais oferece diversas possibilidades no mercado de trabalho\"}]},{\"@type\":\"WebSite\",\"@id\":\"https:\/\/www.impacta.com.br\/blog\/#website\",\"url\":\"https:\/\/www.impacta.com.br\/blog\/\",\"name\":\"Blog Impacta - Dicas e Not\u00edcias sobre Carreira\",\"description\":\"Dicas, Not\u00edcias e Conte\u00fados sobre Carreira, Tecnologia, Design, Gest\u00e3o e Marketing. Conhe\u00e7a e Acompanhe o Blog Impacta\",\"potentialAction\":[{\"@type\":\"SearchAction\",\"target\":{\"@type\":\"EntryPoint\",\"urlTemplate\":\"https:\/\/www.impacta.com.br\/blog\/?s={search_term_string}\"},\"query-input\":{\"@type\":\"PropertyValueSpecification\",\"valueRequired\":true,\"valueName\":\"search_term_string\"}}],\"inLanguage\":\"pt-BR\"},{\"@type\":\"Person\",\"@id\":\"https:\/\/www.impacta.com.br\/blog\/#\/schema\/person\/8f4b311598e2f343bad8eb692b11d39d\",\"name\":\"J\u00e9ssica Lima\",\"image\":{\"@type\":\"ImageObject\",\"inLanguage\":\"pt-BR\",\"@id\":\"https:\/\/www.impacta.com.br\/blog\/#\/schema\/person\/image\/\",\"url\":\"https:\/\/secure.gravatar.com\/avatar\/bae38fda68ae34b80e3d01e4b8be10c8?s=96&d=mm&r=g\",\"contentUrl\":\"https:\/\/secure.gravatar.com\/avatar\/bae38fda68ae34b80e3d01e4b8be10c8?s=96&d=mm&r=g\",\"caption\":\"J\u00e9ssica Lima\"},\"url\":\"https:\/\/www.impacta.com.br\/blog\/author\/jessica-lima\/\"}]}<\/script>\r\n<!-- \/ Yoast SEO plugin. -->","yoast_head_json":{"title":"Tecnologia em Processos Gerenciais e o mercado de trabalho","description":"O curso de Processos Gerenciais prepara o aluno para ter uma vis\u00e3o sobre o empreendedorismo e trabalhar com inova\u00e7\u00f5es tecnol\u00f3gicas dentro das empresas","robots":{"index":"index","follow":"follow","max-snippet":"max-snippet:-1","max-image-preview":"max-image-preview:large","max-video-preview":"max-video-preview:-1"},"canonical":"https:\/\/www.impacta.com.br\/blog\/processos-gerenciais-e-mercado-de-trabalho\/","og_locale":"pt_BR","og_type":"article","og_title":"Tecnologia em Processos Gerenciais e o mercado de trabalho","og_description":"O curso de Processos Gerenciais prepara o aluno para ter uma vis\u00e3o sobre o empreendedorismo e trabalhar com inova\u00e7\u00f5es tecnol\u00f3gicas dentro das empresas","og_url":"https:\/\/www.impacta.com.br\/blog\/processos-gerenciais-e-mercado-de-trabalho\/","og_site_name":"Blog Impacta - Dicas e Not\u00edcias sobre Carreira","article_published_time":"2017-07-03T20:00:43+00:00","article_modified_time":"2021-01-05T12:23:40+00:00","og_image":[{"width":1000,"height":667,"url":"https:\/\/www.impacta.com.br\/blog\/wp-content\/uploads\/2020\/04\/shutterstock_727711573.jpg","type":"image\/jpeg"}],"author":"J\u00e9ssica Lima","twitter_card":"summary_large_image","twitter_misc":{"Written by":"J\u00e9ssica Lima","Est. reading time":"2 minutos"},"schema":{"@context":"https:\/\/schema.org","@graph":[{"@type":"WebPage","@id":"https:\/\/www.impacta.com.br\/blog\/processos-gerenciais-e-mercado-de-trabalho\/","url":"https:\/\/www.impacta.com.br\/blog\/processos-gerenciais-e-mercado-de-trabalho\/","name":"Tecnologia em Processos Gerenciais e o mercado de trabalho","isPartOf":{"@id":"https:\/\/www.impacta.com.br\/blog\/#website"},"primaryImageOfPage":{"@id":"https:\/\/www.impacta.com.br\/blog\/processos-gerenciais-e-mercado-de-trabalho\/#primaryimage"},"image":{"@id":"https:\/\/www.impacta.com.br\/blog\/processos-gerenciais-e-mercado-de-trabalho\/#primaryimage"},"thumbnailUrl":"https:\/\/www.impacta.com.br\/blog\/wp-content\/uploads\/2020\/04\/shutterstock_727711573.jpg","datePublished":"2017-07-03T20:00:43+00:00","dateModified":"2021-01-05T12:23:40+00:00","author":{"@id":"https:\/\/www.impacta.com.br\/blog\/#\/schema\/person\/8f4b311598e2f343bad8eb692b11d39d"},"description":"O curso de Processos Gerenciais prepara o aluno para ter uma vis\u00e3o sobre o empreendedorismo e trabalhar com inova\u00e7\u00f5es tecnol\u00f3gicas dentro das empresas","breadcrumb":{"@id":"https:\/\/www.impacta.com.br\/blog\/processos-gerenciais-e-mercado-de-trabalho\/#breadcrumb"},"inLanguage":"pt-BR","potentialAction":[{"@type":"ReadAction","target":["https:\/\/www.impacta.com.br\/blog\/processos-gerenciais-e-mercado-de-trabalho\/"]}]},{"@type":"ImageObject","inLanguage":"pt-BR","@id":"https:\/\/www.impacta.com.br\/blog\/processos-gerenciais-e-mercado-de-trabalho\/#primaryimage","url":"https:\/\/www.impacta.com.br\/blog\/wp-content\/uploads\/2020\/04\/shutterstock_727711573.jpg","contentUrl":"https:\/\/www.impacta.com.br\/blog\/wp-content\/uploads\/2020\/04\/shutterstock_727711573.jpg","width":1000,"height":667},{"@type":"BreadcrumbList","@id":"https:\/\/www.impacta.com.br\/blog\/processos-gerenciais-e-mercado-de-trabalho\/#breadcrumb","itemListElement":[{"@type":"ListItem","position":1,"name":"In\u00edcio","item":"https:\/\/www.impacta.com.br\/blog\/"},{"@type":"ListItem","position":2,"name":"Tecnologia em Processos Gerenciais oferece diversas possibilidades no mercado de trabalho"}]},{"@type":"WebSite","@id":"https:\/\/www.impacta.com.br\/blog\/#website","url":"https:\/\/www.impacta.com.br\/blog\/","name":"Blog Impacta - Dicas e Not\u00edcias sobre Carreira","description":"Dicas, Not\u00edcias e Conte\u00fados sobre Carreira, Tecnologia, Design, Gest\u00e3o e Marketing. Conhe\u00e7a e Acompanhe o Blog Impacta","potentialAction":[{"@type":"SearchAction","target":{"@type":"EntryPoint","urlTemplate":"https:\/\/www.impacta.com.br\/blog\/?s={search_term_string}"},"query-input":{"@type":"PropertyValueSpecification","valueRequired":true,"valueName":"search_term_string"}}],"inLanguage":"pt-BR"},{"@type":"Person","@id":"https:\/\/www.impacta.com.br\/blog\/#\/schema\/person\/8f4b311598e2f343bad8eb692b11d39d","name":"J\u00e9ssica Lima","image":{"@type":"ImageObject","inLanguage":"pt-BR","@id":"https:\/\/www.impacta.com.br\/blog\/#\/schema\/person\/image\/","url":"https:\/\/secure.gravatar.com\/avatar\/bae38fda68ae34b80e3d01e4b8be10c8?s=96&d=mm&r=g","contentUrl":"https:\/\/secure.gravatar.com\/avatar\/bae38fda68ae34b80e3d01e4b8be10c8?s=96&d=mm&r=g","caption":"J\u00e9ssica Lima"},"url":"https:\/\/www.impacta.com.br\/blog\/author\/jessica-lima\/"}]}},"acf":{"post_description":null,"capa_mobile":null},"_links":{"self":[{"href":"https:\/\/www.impacta.com.br\/blog\/wp-json\/wp\/v2\/posts\/1233","targetHints":{"allow":["GET"]}}],"collection":[{"href":"https:\/\/www.impacta.com.br\/blog\/wp-json\/wp\/v2\/posts"}],"about":[{"href":"https:\/\/www.impacta.com.br\/blog\/wp-json\/wp\/v2\/types\/post"}],"author":[{"embeddable":true,"href":"https:\/\/www.impacta.com.br\/blog\/wp-json\/wp\/v2\/users\/57"}],"replies":[{"embeddable":true,"href":"https:\/\/www.impacta.com.br\/blog\/wp-json\/wp\/v2\/comments?post=1233"}],"version-history":[{"count":0,"href":"https:\/\/www.impacta.com.br\/blog\/wp-json\/wp\/v2\/posts\/1233\/revisions"}],"wp:featuredmedia":[{"embeddable":true,"href":"https:\/\/www.impacta.com.br\/blog\/wp-json\/wp\/v2\/media\/18114"}],"wp:attachment":[{"href":"https:\/\/www.impacta.com.br\/blog\/wp-json\/wp\/v2\/media?parent=1233"}],"wp:term":[{"taxonomy":"category","embeddable":true,"href":"https:\/\/www.impacta.com.br\/blog\/wp-json\/wp\/v2\/categories?post=1233"},{"taxonomy":"post_tag","embeddable":true,"href":"https:\/\/www.impacta.com.br\/blog\/wp-json\/wp\/v2\/tags?post=1233"}],"curies":[{"name":"wp","href":"https:\/\/api.w.org\/{rel}","templated":true}]}}