{"id":12186,"date":"2017-09-29T11:26:55","date_gmt":"2017-09-29T14:26:55","guid":{"rendered":"http:\/\/www.impacta.com.br\/blog\/?p=12186"},"modified":"2017-09-29T11:26:55","modified_gmt":"2017-09-29T14:26:55","slug":"11-funcionalidades-sensacionais-do-premiere-e-after-effects","status":"publish","type":"post","link":"https:\/\/www.impacta.com.br\/blog\/11-funcionalidades-sensacionais-do-premiere-e-after-effects\/","title":{"rendered":"11 funcionalidades sensacionais do Premiere e After Effects"},"content":{"rendered":"<p><span style=\"font-size: 14pt;\"><em>N\u00e3o pode ler esse artigo agora? Ou\u00e7a a mat\u00e9ria no Player abaixo:<\/em><\/span><br \/>\n<iframe loading=\"lazy\" width=\"100%\" height=\"83\" style=\"height: 83px !important;\" scrolling=\"no\" src=\"https:\/\/go.vooozer.com\/embed\/05f10a63\" frameborder=\"0\" allowfullscreen=\"allowfullscreen\"><\/iframe><br \/>\n<span style=\"font-size: 14pt;\">Muitas vezes, <a title=\"O que voc\u00ea vai aprender em um curso de edi\u00e7\u00e3o de v\u00eddeos?\" href=\"https:\/\/www.impacta.com.br\/blog\/2017\/06\/19\/o-que-voce-vai-aprender-em-um-curso-de-edicao-de-videos\/\" target=\"_blank\" rel=\"noopener noreferrer\">editar v\u00eddeos<\/a> \u00e9 uma tarefa \u00e1rdua e complicada. Por\u00e9m, existem alguns softwares para torn\u00e1-la mais f\u00e1cil e eficiente. Dois dos mais famosos no mundo\u00a0s\u00e3o produzidos pela Adobe: trata-se do <strong>Premiere <\/strong>e do<strong> After Effects<\/strong>.<\/span><br \/>\n<span style=\"font-size: 14pt;\">Completos e bastante conhecidos no segmento, esses programas trabalham bem em conjunto ou separadamente \u2014 atendendo, cada um, um nicho bem espec\u00edfico. Por isso, \u00e9 preciso apenas escolher a melhor op\u00e7\u00e3o para o resultado que voc\u00ea busca.<\/span><br \/>\n<span style=\"font-size: 14pt;\">Conhe\u00e7a, a seguir, algumas das funcionalidades do Premiere e do After Effects:<\/span><\/p>\n<h2><strong><span style=\"font-size: 14pt;\">Funcionalidades do Adobe Premiere<\/span><\/strong><\/h2>\n<p><span style=\"font-size: 14pt;\">Embora sejam muitas vezes confundidos ou usados como se fizessem a mesma fun\u00e7\u00e3o, o\u00a0<a href=\"https:\/\/www.impacta.com.br\/curso\/Premiere-Pro-CS6.php\" target=\"_blank\" rel=\"noopener noreferrer\"><span style=\"text-decoration: underline;\">Premiere<\/span><\/a>\u00a0e o <a href=\"https:\/\/www.impacta.com.br\/curso\/After-Effects-CS6-Modulo-I.php\" target=\"_blank\" rel=\"noopener noreferrer\">After Effects<\/a> s\u00e3o bem diferentes.<\/span><br \/>\n<span style=\"font-size: 14pt;\">O Premiere \u00e9 um aplicativo de edi\u00e7\u00e3o de v\u00eddeo n\u00e3o linear, com ferramentas de edi\u00e7\u00e3o em tempo real que permitem controlar quase todos os aspectos da produ\u00e7\u00e3o.<\/span><br \/>\n<span style=\"font-size: 14pt;\">Veja algumas das funcionalidades mais interessantes da ferramenta:<\/span><\/p>\n<h3><strong><span style=\"font-size: 14pt;\">1. Edi\u00e7\u00e3o<\/span><\/strong><\/h3>\n<p><span style=\"font-size: 14pt;\">Que o Premiere \u00e9 um editor de v\u00eddeo n\u00e3o \u00e9 novidade. Mas algumas funcionalidades da ferramenta tornam o ato de editar mais simples, mesmo para quem \u00e9 iniciante.<\/span><br \/>\n<span style=\"font-size: 14pt;\">O sistema de arrastar e soltar \u00e9 o maior respons\u00e1vel por essa facilidade na cria\u00e7\u00e3o de clipes.<\/span><br \/>\n<span style=\"font-size: 14pt;\">Al\u00e9m disso, existem as fun\u00e7\u00f5es\u00a0<em>Quick<\/em>\u00a0\u2014 para clipes r\u00e1pidos ou para quem \u00e9 iniciante na ferramenta \u2014 e\u00a0<em>Expert<\/em>.<\/span><br \/>\n<span style=\"font-size: 14pt;\">Na\u00a0<em>Quick<\/em>, tem-se um \u00fanico\u00a0<em>storyboard<\/em>, r\u00e1pido e f\u00e1cil de usar. J\u00e1 a\u00a0<em>Expert<\/em>\u00a0usa um\u00a0<em>storyboard<\/em>\u00a0mais complexo, dividido em v\u00e1rias faixas de:<\/span><\/p>\n<ul>\n<li><span style=\"font-size: 14pt;\">\u00e1udio;<\/span><\/li>\n<li><span style=\"font-size: 14pt;\">narra\u00e7\u00e3o;<\/span><\/li>\n<li><span style=\"font-size: 14pt;\">trilha sonora;<\/span><\/li>\n<li><span style=\"font-size: 14pt;\">v\u00eddeo;<\/span><\/li>\n<li><span style=\"font-size: 14pt;\">entre outros.<\/span><\/li>\n<\/ul>\n<h3><strong><span style=\"font-size: 14pt;\">2. Ferramenta \u201cT\u00edtulo\u201d<\/span><\/strong><\/h3>\n<p><span style=\"font-size: 14pt;\">Baseada na estrutura que a Adobe usa para trabalhar com texto e com gr\u00e1ficos no\u00a0<a title=\"[e-Book] Manual B\u00e1sico do Photoshop: Fun\u00e7\u00f5es, ferramentas e atalhos\" href=\"https:\/\/www.impacta.com.br\/blog\/2017\/08\/25\/e-book-manual-basico-do-photoshop-funcoes-ferramentas-e-atalhos\/\" target=\"_blank\" rel=\"noopener noreferrer\"><span style=\"text-decoration: underline;\">Photoshop<\/span><\/a>\u00a0e no <a title=\"e-Book \u2013 Manual do Illustrator: voc\u00ea vai se tornar um ninja!\" href=\"https:\/\/www.impacta.com.br\/blog\/2017\/04\/14\/e-book-manual-do-illustrator-voce-vai-se-tornar-um-ninja\/\" target=\"_blank\" rel=\"noopener noreferrer\">Illustrator<\/a>, a ferramenta permite adicionar textos diretamente no monitor do programa de forma simples e intuitiva.<\/span><br \/>\n<span style=\"font-size: 14pt;\">Al\u00e9m disso, alterar o tamanho e a posi\u00e7\u00e3o do texto \u00e9 f\u00e1cil e r\u00e1pido, bem como mudar a sua cor, a sua fonte ou o seu alinhamento.<\/span><br \/>\n<span style=\"font-size: 14pt;\">Os t\u00edtulos e os gr\u00e1ficos criados no monitor do programa s\u00e3o adicionados automaticamente \u00e0 sequ\u00eancia, o que garante economia de tempo e oferece flexibilidade ao processo criativo.<\/span><\/p>\n<h3><strong><span style=\"font-size: 14pt;\">3. Modelos de anima\u00e7\u00f5es<\/span><\/strong><\/h3>\n<p><span style=\"font-size: 14pt;\">Quando s\u00e3o usadas <a href=\"https:\/\/www.impacta.com.br\/online\/After-Effects-CC-Criando-Animacoes-e-Efeitos-Dinamicos-online.php\" target=\"_blank\" rel=\"noopener noreferrer\">anima\u00e7\u00f5es<\/a> em clipes, geralmente elas s\u00e3o criadas no After Effects (j\u00e1 que os editores de v\u00eddeo em geral n\u00e3o t\u00eam a experi\u00eancia necess\u00e1ria para cri\u00e1-los).<\/span><br \/>\n<span style=\"font-size: 14pt;\">A habilidade de poder mudar as propriedades do n\u00facleo r\u00e1pida e eficientemente, por\u00e9m, \u00e9 muito \u00fatil.<\/span><br \/>\n<span style=\"font-size: 14pt;\">Essa \u00e9 uma das fun\u00e7\u00f5es dispon\u00edveis no Premiere: \u00e9 poss\u00edvel alterar certas vari\u00e1veis (definidas no After Effects) sem mudar o visual geral. Por exemplo:<\/span><\/p>\n<ul>\n<li><span style=\"font-size: 14pt;\">cor;<\/span><\/li>\n<li><span style=\"font-size: 14pt;\">disposi\u00e7\u00e3o;<\/span><\/li>\n<li><span style=\"font-size: 14pt;\">layout;<\/span><\/li>\n<li><span style=\"font-size: 14pt;\">tamanho;<\/span><\/li>\n<li><span style=\"font-size: 14pt;\">texto;<\/span><\/li>\n<li><span style=\"font-size: 14pt;\">entre outros.<\/span><\/li>\n<\/ul>\n<p><span style=\"font-size: 14pt;\">Os modelos de anima\u00e7\u00e3o podem ser compartilhados por meio da integra\u00e7\u00e3o com as bibliotecas do pacote <strong>Creative Cloud (CC)<\/strong>.<\/span><\/p>\n<h3><strong><span style=\"font-size: 14pt;\">4. Painel \u201c\u00c1udio Essencial\u201d<\/span><\/strong><\/h3>\n<p><span style=\"font-size: 14pt;\">\u00c9 comum que os editores de v\u00eddeo incorporem o \u00e1udio no clipe sem a ajuda de um profissional.<\/span><br \/>\n<span style=\"font-size: 14pt;\">O painel \u201c\u00c1udio Essencial\u201d permite que as t\u00e9cnicas de mixagem sejam manipuladas facilmente. \u00c9 poss\u00edvel descobrir se um arquivo de \u00e1udio \u00e9 m\u00fasica, efeito, di\u00e1logo ou som ambiente e selecion\u00e1-lo para obter o som ideal com agilidade.<\/span><br \/>\n<span style=\"font-size: 14pt;\">Al\u00e9m disso, todo o material criado pode ser compartilhado no Adobe Stock, onde pode ser encontrado por potenciais compradores.<\/span><\/p>\n<h3><strong><span style=\"font-size: 14pt;\">5.\u00a0<em>Instant Fix<\/em><\/span><\/strong><\/h3>\n<p><span style=\"font-size: 14pt;\">As op\u00e7\u00f5es de ajuste instant\u00e2neo (<em>Instant Fix<\/em>) permitem fazer ajustes r\u00e1pidos em imagens, tais como:<\/span><\/p>\n<ul>\n<li><span style=\"font-size: 14pt;\">ajuste de cor;<\/span><\/li>\n<li><span style=\"font-size: 14pt;\">contraste;<\/span><\/li>\n<li><span style=\"font-size: 14pt;\">recorte;<\/span><\/li>\n<li><span style=\"font-size: 14pt;\">remo\u00e7\u00e3o de olhos vermelhos;<\/span><\/li>\n<li><span style=\"font-size: 14pt;\">entre outros.<\/span><\/li>\n<\/ul>\n<p><span style=\"font-size: 14pt;\">Na op\u00e7\u00e3o\u00a0<em>Smart Fix<\/em>, o programa faz mudan\u00e7as autom\u00e1ticas para deixar a imagem mais bonita com base em padr\u00f5es pr\u00e9-definidos internamente na ferramenta.<\/span><\/p>\n<h3><strong><span style=\"font-size: 14pt;\">6. \u00c1udio ambi s\u00f4nico para VR<\/span><\/strong><\/h3>\n<p><span style=\"font-size: 14pt;\">Plataformas habilitadas para Virtual Reality (<a href=\"https:\/\/www.impacta.com.br\/blog\/2016\/06\/17\/realidade-virtual-god-of-war-com-diretor-brasileiro-e-os-destaques-da-e3-2016\/\" target=\"_blank\" rel=\"noopener noreferrer\"><span style=\"text-decoration: underline;\">realidade virtual<\/span><\/a>\u00a0ou VR) usam \u00e1udio ambi s\u00f4nico (que \u00e9 sens\u00edvel ao posicionamento representado no v\u00eddeo esf\u00e9rico). E o Premiere permite criar \u00e1udio desse tipo e, ainda, ajust\u00e1-lo de acordo com a sua posi\u00e7\u00e3o e com a sua orienta\u00e7\u00e3o.<\/span><\/p>\n<p style=\"text-align: left;\"><span style=\"font-size: 14pt;\">A ideia \u00e9 levar a experi\u00eancia de VR ao pr\u00f3ximo n\u00edvel.<\/span><\/p>\n<p style=\"text-align: center;\"><img loading=\"lazy\" decoding=\"async\" class=\"aligncenter wp-image-12188\" title=\"Funcionalidades sensacionais do Premiere e after effects\" src=\"https:\/\/www.impacta.com.br\/blog\/wp-content\/uploads\/2017\/09\/102084-x-funcionalidades-sensacionais-do-premiere-e-after-effects-.jpg\" alt=\"Funcionalidades sensacionais do Premiere e after effects\" width=\"600\" height=\"400\" \/><\/p>\n<h2 style=\"text-align: left;\"><strong><span style=\"font-size: 14pt;\">Funcionalidades do After Effects<\/span><\/strong><\/h2>\n<p><span style=\"font-size: 14pt;\">Criado pela Company of Science and Art (CoSA), uma pequena desenvolvedora de software dos EUA, em 1993, s\u00f3 chegou ao usu\u00e1rio final em 1995, j\u00e1 pelas m\u00e3os da Adobe.<\/span><br \/>\n<span style=\"font-size: 14pt;\">Hoje, integra a solu\u00e7\u00e3o Adobe para cria\u00e7\u00e3o de v\u00eddeo digital como o especialista em composi\u00e7\u00e3o e finaliza\u00e7\u00e3o de v\u00eddeo.<\/span><br \/>\n<span style=\"font-size: 14pt;\">O\u00a0After Effects\u00a0\u00e9 bem diferente do Premiere: ele serve para criar gr\u00e1ficos em movimento e efeitos visuais com precis\u00e3o, efici\u00eancia e variedade. Ou seja, faz retoques e acabamentos finais, como:<\/span><\/p>\n<ul>\n<li><span style=\"font-size: 14pt;\">anima\u00e7\u00f5es diversas;<\/span><\/li>\n<li><span style=\"font-size: 14pt;\">cria\u00e7\u00e3o de vinhetas;<\/span><\/li>\n<li><span style=\"font-size: 14pt;\">efeitos especiais;<\/span><\/li>\n<li><span style=\"font-size: 14pt;\">inser\u00e7\u00e3o de elementos gr\u00e1ficos;<\/span><\/li>\n<li><span style=\"font-size: 14pt;\">manipula\u00e7\u00e3o de cores;<\/span><\/li>\n<li><span style=\"font-size: 14pt;\">entre outros.<\/span><\/li>\n<\/ul>\n<p><strong><span style=\"font-size: 14pt;\">Conhe\u00e7a algumas funcionalidades interessantes da solu\u00e7\u00e3o:<\/span><\/strong><\/p>\n<h3><strong><span style=\"font-size: 14pt;\">1. Modelos de anima\u00e7\u00f5es<\/span><\/strong><\/h3>\n<p><span style=\"font-size: 14pt;\">Anima\u00e7\u00f5es criadas no After Effects podem ser transformadas em modelos, com controles selecionados inclu\u00eddos. Depois, podem ser compartilhadas por meio das bibliotecas da CC ou at\u00e9 como um arquivo local. Assim, os editores de v\u00eddeo podem usar os modelos no Premiere.<\/span><\/p>\n<h3><strong><span style=\"font-size: 14pt;\">2. Corre\u00e7\u00e3o da Vibra\u00e7\u00e3o da C\u00e2mera<\/span><\/strong><\/h3>\n<p><span style=\"font-size: 14pt;\">\u00c9 comum que os editores tenham de lidar com grava\u00e7\u00f5es pouco n\u00edtidas, causadas por tremor do equipamento, que produz desfoques indesejados. Com a tecnologia de fluxo \u00f3ptico, o efeito \u201cCorre\u00e7\u00e3o de Vibra\u00e7\u00e3o da C\u00e2mera\u201d reduz essas ocorr\u00eancias e recupera capturas desfocadas.<\/span><\/p>\n<h3><strong><span style=\"font-size: 14pt;\">3. Alta taxa de quadros<\/span><\/strong><\/h3>\n<p><span style=\"font-size: 14pt;\">\u00c9 poss\u00edvel configurar taxas de at\u00e9 999 quadros por segundo nas composi\u00e7\u00f5es, na interpreta\u00e7\u00e3o de grava\u00e7\u00e3o e em outras propriedades. Agora, portanto, grava\u00e7\u00f5es em 120 e 240 quadros por segundo, vinda de c\u00e2meras de iPhone e GoPro Hero, tamb\u00e9m podem ser manipuladas na ferramenta.<\/span><\/p>\n<h3><strong><span style=\"font-size: 14pt;\">4. Adobe Character Animator<\/span><\/strong><\/h3>\n<p><span style=\"font-size: 14pt;\">Embora o Adobe Character Animator seja um produto aut\u00f4nomo da CC, vem em conjunto com o After Effects e pode ser iniciado de dentro dele. A ferramenta usa tecnologia de reconhecimento facial para capturar express\u00f5es com uma c\u00e2mera e um microfone e trazer imagens est\u00e1ticas do <a title=\"Cria\u00e7\u00e3o: saiba quando usar o Photoshop, Illustrator e InDesign\" href=\"https:\/\/www.impacta.com.br\/blog\/2017\/05\/15\/criacao-saiba-quando-usar-o-photoshop-illustrator-e-indesign\/\" target=\"_blank\" rel=\"noopener noreferrer\">Photoshop ou do Illustrator<\/a> \u00e0 vida.<\/span><\/p>\n<h3><strong><span style=\"font-size: 14pt;\">5. Rastreamento facial<\/span><\/strong><\/h3>\n<p><span style=\"font-size: 14pt;\">A tecnologia de rastreamento facial vinda do Adobe Character Animator foi integrada ao After Effects para criar m\u00e1scaras que permitem isolar rostos. Com isso, \u00e9 poss\u00edvel fazer efeitos, camadas ou outros objetos para caracter\u00edsticas espec\u00edficas e tornar alguns fluxos \u2014 como maquiagem digital e mudan\u00e7a de olhos \u2014 mais simples.<\/span><br \/>\n<span style=\"font-size: 14pt;\">Voc\u00ea gostou deste post sobre as funcionalidades do Premiere e do After Effects? Ent\u00e3o\u00a0<a href=\"https:\/\/www.impacta.com.br\/\" target=\"_blank\" rel=\"noopener noreferrer\"><span style=\"text-decoration: underline;\">entre em contato com a gente<\/span><\/a>\u00a0para compartilhar a sua ou pedir mais informa\u00e7\u00f5es para acabar de vez com todas as suas d\u00favidas!<\/span><\/p>\n<div class=\"sharing-default-minimal post-bottom\"><div class=\"nectar-social default\" data-position=\"\" data-rm-love=\"0\" data-color-override=\"override\"><div class=\"nectar-social-inner\"><a href=\"#\" class=\"nectar-love\" id=\"nectar-love-12186\" title=\"Love this\"> <i class=\"icon-salient-heart-2\"><\/i><span class=\"love-text\">Love<\/span><span class=\"total_loves\"><span class=\"nectar-love-count\">0<\/span><\/span><\/a><a class='facebook-share nectar-sharing' href='#' title='Share this'> <i class='fa fa-facebook'><\/i> <span class='social-text'>Share<\/span> <\/a><a class='twitter-share nectar-sharing' href='#' title='Share this'> <i class='fa icon-salient-x-twitter'><\/i> <span class='social-text'>Share<\/span> <\/a><a class='linkedin-share nectar-sharing' href='#' title='Share this'> <i class='fa fa-linkedin'><\/i> <span class='social-text'>Share<\/span> <\/a><a class='pinterest-share nectar-sharing' href='#' title='Pin this'> <i class='fa fa-pinterest'><\/i> <span class='social-text'>Pin<\/span> <\/a><\/div><\/div><\/div>","protected":false},"excerpt":{"rendered":"<p>N\u00e3o pode ler esse artigo agora? Ou\u00e7a a mat\u00e9ria no Player abaixo: Muitas vezes, editar v\u00eddeos \u00e9 uma tarefa \u00e1rdua e complicada. Por\u00e9m, existem alguns softwares para torn\u00e1-la mais f\u00e1cil e eficiente. Dois dos mais famosos no mundo\u00a0s\u00e3o produzidos pela Adobe: trata-se do Premiere e do After Effects. Completos e bastante conhecidos no segmento, esses [&hellip;]<\/p>\n","protected":false},"author":2,"featured_media":17523,"comment_status":"open","ping_status":"open","sticky":false,"template":"","format":"standard","meta":{"footnotes":""},"categories":[26],"tags":[267,417,411,517],"class_list":["post-12186","post","type-post","status-publish","format-standard","has-post-thumbnail","hentry","category-arte-design","tag-adobe","tag-after-effects","tag-edicao-de-video","tag-premiere"],"yoast_head":"<!-- This site is optimized with the Yoast SEO plugin v25.1 - https:\/\/yoast.com\/wordpress\/plugins\/seo\/ -->\r\n<title>11 funcionalidades sensacionais do Premiere e After Effects<\/title>\r\n<meta name=\"description\" content=\"Os programas de edi\u00e7\u00e3o de v\u00eddeos da Adobe s\u00e3o requisito b\u00e1sico para quem quer ser um profissional. Veja essas dicas para usar o Premiere e o After Effects!\" \/>\r\n<meta name=\"robots\" content=\"index, follow, max-snippet:-1, max-image-preview:large, max-video-preview:-1\" \/>\r\n<link rel=\"canonical\" href=\"https:\/\/www.impacta.com.br\/blog\/11-funcionalidades-sensacionais-do-premiere-e-after-effects\/\" \/>\r\n<meta property=\"og:locale\" content=\"pt_BR\" \/>\r\n<meta property=\"og:type\" content=\"article\" \/>\r\n<meta property=\"og:title\" content=\"11 funcionalidades sensacionais do Premiere e After Effects\" \/>\r\n<meta property=\"og:description\" content=\"Os programas de edi\u00e7\u00e3o de v\u00eddeos da Adobe s\u00e3o requisito b\u00e1sico para quem quer ser um profissional. Veja essas dicas para usar o Premiere e o After Effects!\" \/>\r\n<meta property=\"og:url\" content=\"https:\/\/www.impacta.com.br\/blog\/11-funcionalidades-sensacionais-do-premiere-e-after-effects\/\" \/>\r\n<meta property=\"og:site_name\" content=\"Blog Impacta - Dicas e Not\u00edcias sobre Carreira\" \/>\r\n<meta property=\"article:published_time\" content=\"2017-09-29T14:26:55+00:00\" \/>\r\n<meta property=\"og:image\" content=\"https:\/\/www.impacta.com.br\/blog\/wp-content\/uploads\/2020\/04\/header_premiere_after_effects.jpg\" \/>\r\n\t<meta property=\"og:image:width\" content=\"850\" \/>\r\n\t<meta property=\"og:image:height\" content=\"284\" \/>\r\n\t<meta property=\"og:image:type\" content=\"image\/jpeg\" \/>\r\n<meta name=\"author\" content=\"Reda\u00e7\u00e3o Impacta\" \/>\r\n<meta name=\"twitter:card\" content=\"summary_large_image\" \/>\r\n<meta name=\"twitter:label1\" content=\"Written by\" \/>\n\t<meta name=\"twitter:data1\" content=\"Reda\u00e7\u00e3o Impacta\" \/>\n\t<meta name=\"twitter:label2\" content=\"Est. reading time\" \/>\n\t<meta name=\"twitter:data2\" content=\"6 minutos\" \/>\r\n<script type=\"application\/ld+json\" class=\"yoast-schema-graph\">{\"@context\":\"https:\/\/schema.org\",\"@graph\":[{\"@type\":\"WebPage\",\"@id\":\"https:\/\/www.impacta.com.br\/blog\/11-funcionalidades-sensacionais-do-premiere-e-after-effects\/\",\"url\":\"https:\/\/www.impacta.com.br\/blog\/11-funcionalidades-sensacionais-do-premiere-e-after-effects\/\",\"name\":\"11 funcionalidades sensacionais do Premiere e After Effects\",\"isPartOf\":{\"@id\":\"https:\/\/www.impacta.com.br\/blog\/#website\"},\"primaryImageOfPage\":{\"@id\":\"https:\/\/www.impacta.com.br\/blog\/11-funcionalidades-sensacionais-do-premiere-e-after-effects\/#primaryimage\"},\"image\":{\"@id\":\"https:\/\/www.impacta.com.br\/blog\/11-funcionalidades-sensacionais-do-premiere-e-after-effects\/#primaryimage\"},\"thumbnailUrl\":\"https:\/\/www.impacta.com.br\/blog\/wp-content\/uploads\/2020\/04\/header_premiere_after_effects.jpg\",\"datePublished\":\"2017-09-29T14:26:55+00:00\",\"author\":{\"@id\":\"https:\/\/www.impacta.com.br\/blog\/#\/schema\/person\/2e0896bac7656da15b68f5ad2ddd0d8c\"},\"description\":\"Os programas de edi\u00e7\u00e3o de v\u00eddeos da Adobe s\u00e3o requisito b\u00e1sico para quem quer ser um profissional. Veja essas dicas para usar o Premiere e o After Effects!\",\"breadcrumb\":{\"@id\":\"https:\/\/www.impacta.com.br\/blog\/11-funcionalidades-sensacionais-do-premiere-e-after-effects\/#breadcrumb\"},\"inLanguage\":\"pt-BR\",\"potentialAction\":[{\"@type\":\"ReadAction\",\"target\":[\"https:\/\/www.impacta.com.br\/blog\/11-funcionalidades-sensacionais-do-premiere-e-after-effects\/\"]}]},{\"@type\":\"ImageObject\",\"inLanguage\":\"pt-BR\",\"@id\":\"https:\/\/www.impacta.com.br\/blog\/11-funcionalidades-sensacionais-do-premiere-e-after-effects\/#primaryimage\",\"url\":\"https:\/\/www.impacta.com.br\/blog\/wp-content\/uploads\/2020\/04\/header_premiere_after_effects.jpg\",\"contentUrl\":\"https:\/\/www.impacta.com.br\/blog\/wp-content\/uploads\/2020\/04\/header_premiere_after_effects.jpg\",\"width\":850,\"height\":284},{\"@type\":\"BreadcrumbList\",\"@id\":\"https:\/\/www.impacta.com.br\/blog\/11-funcionalidades-sensacionais-do-premiere-e-after-effects\/#breadcrumb\",\"itemListElement\":[{\"@type\":\"ListItem\",\"position\":1,\"name\":\"In\u00edcio\",\"item\":\"https:\/\/www.impacta.com.br\/blog\/\"},{\"@type\":\"ListItem\",\"position\":2,\"name\":\"11 funcionalidades sensacionais do Premiere e After Effects\"}]},{\"@type\":\"WebSite\",\"@id\":\"https:\/\/www.impacta.com.br\/blog\/#website\",\"url\":\"https:\/\/www.impacta.com.br\/blog\/\",\"name\":\"Blog Impacta - Dicas e Not\u00edcias sobre Carreira\",\"description\":\"Dicas, Not\u00edcias e Conte\u00fados sobre Carreira, Tecnologia, Design, Gest\u00e3o e Marketing. Conhe\u00e7a e Acompanhe o Blog Impacta\",\"potentialAction\":[{\"@type\":\"SearchAction\",\"target\":{\"@type\":\"EntryPoint\",\"urlTemplate\":\"https:\/\/www.impacta.com.br\/blog\/?s={search_term_string}\"},\"query-input\":{\"@type\":\"PropertyValueSpecification\",\"valueRequired\":true,\"valueName\":\"search_term_string\"}}],\"inLanguage\":\"pt-BR\"},{\"@type\":\"Person\",\"@id\":\"https:\/\/www.impacta.com.br\/blog\/#\/schema\/person\/2e0896bac7656da15b68f5ad2ddd0d8c\",\"name\":\"Reda\u00e7\u00e3o Impacta\",\"image\":{\"@type\":\"ImageObject\",\"inLanguage\":\"pt-BR\",\"@id\":\"https:\/\/www.impacta.com.br\/blog\/#\/schema\/person\/image\/\",\"url\":\"https:\/\/secure.gravatar.com\/avatar\/7443a59e479c8f31067628e3a4bed9ad?s=96&d=mm&r=g\",\"contentUrl\":\"https:\/\/secure.gravatar.com\/avatar\/7443a59e479c8f31067628e3a4bed9ad?s=96&d=mm&r=g\",\"caption\":\"Reda\u00e7\u00e3o Impacta\"},\"url\":\"https:\/\/www.impacta.com.br\/blog\/author\/redacao\/\"}]}<\/script>\r\n<!-- \/ Yoast SEO plugin. -->","yoast_head_json":{"title":"11 funcionalidades sensacionais do Premiere e After Effects","description":"Os programas de edi\u00e7\u00e3o de v\u00eddeos da Adobe s\u00e3o requisito b\u00e1sico para quem quer ser um profissional. Veja essas dicas para usar o Premiere e o After Effects!","robots":{"index":"index","follow":"follow","max-snippet":"max-snippet:-1","max-image-preview":"max-image-preview:large","max-video-preview":"max-video-preview:-1"},"canonical":"https:\/\/www.impacta.com.br\/blog\/11-funcionalidades-sensacionais-do-premiere-e-after-effects\/","og_locale":"pt_BR","og_type":"article","og_title":"11 funcionalidades sensacionais do Premiere e After Effects","og_description":"Os programas de edi\u00e7\u00e3o de v\u00eddeos da Adobe s\u00e3o requisito b\u00e1sico para quem quer ser um profissional. Veja essas dicas para usar o Premiere e o After Effects!","og_url":"https:\/\/www.impacta.com.br\/blog\/11-funcionalidades-sensacionais-do-premiere-e-after-effects\/","og_site_name":"Blog Impacta - Dicas e Not\u00edcias sobre Carreira","article_published_time":"2017-09-29T14:26:55+00:00","og_image":[{"width":850,"height":284,"url":"https:\/\/www.impacta.com.br\/blog\/wp-content\/uploads\/2020\/04\/header_premiere_after_effects.jpg","type":"image\/jpeg"}],"author":"Reda\u00e7\u00e3o Impacta","twitter_card":"summary_large_image","twitter_misc":{"Written by":"Reda\u00e7\u00e3o Impacta","Est. reading time":"6 minutos"},"schema":{"@context":"https:\/\/schema.org","@graph":[{"@type":"WebPage","@id":"https:\/\/www.impacta.com.br\/blog\/11-funcionalidades-sensacionais-do-premiere-e-after-effects\/","url":"https:\/\/www.impacta.com.br\/blog\/11-funcionalidades-sensacionais-do-premiere-e-after-effects\/","name":"11 funcionalidades sensacionais do Premiere e After Effects","isPartOf":{"@id":"https:\/\/www.impacta.com.br\/blog\/#website"},"primaryImageOfPage":{"@id":"https:\/\/www.impacta.com.br\/blog\/11-funcionalidades-sensacionais-do-premiere-e-after-effects\/#primaryimage"},"image":{"@id":"https:\/\/www.impacta.com.br\/blog\/11-funcionalidades-sensacionais-do-premiere-e-after-effects\/#primaryimage"},"thumbnailUrl":"https:\/\/www.impacta.com.br\/blog\/wp-content\/uploads\/2020\/04\/header_premiere_after_effects.jpg","datePublished":"2017-09-29T14:26:55+00:00","author":{"@id":"https:\/\/www.impacta.com.br\/blog\/#\/schema\/person\/2e0896bac7656da15b68f5ad2ddd0d8c"},"description":"Os programas de edi\u00e7\u00e3o de v\u00eddeos da Adobe s\u00e3o requisito b\u00e1sico para quem quer ser um profissional. Veja essas dicas para usar o Premiere e o After Effects!","breadcrumb":{"@id":"https:\/\/www.impacta.com.br\/blog\/11-funcionalidades-sensacionais-do-premiere-e-after-effects\/#breadcrumb"},"inLanguage":"pt-BR","potentialAction":[{"@type":"ReadAction","target":["https:\/\/www.impacta.com.br\/blog\/11-funcionalidades-sensacionais-do-premiere-e-after-effects\/"]}]},{"@type":"ImageObject","inLanguage":"pt-BR","@id":"https:\/\/www.impacta.com.br\/blog\/11-funcionalidades-sensacionais-do-premiere-e-after-effects\/#primaryimage","url":"https:\/\/www.impacta.com.br\/blog\/wp-content\/uploads\/2020\/04\/header_premiere_after_effects.jpg","contentUrl":"https:\/\/www.impacta.com.br\/blog\/wp-content\/uploads\/2020\/04\/header_premiere_after_effects.jpg","width":850,"height":284},{"@type":"BreadcrumbList","@id":"https:\/\/www.impacta.com.br\/blog\/11-funcionalidades-sensacionais-do-premiere-e-after-effects\/#breadcrumb","itemListElement":[{"@type":"ListItem","position":1,"name":"In\u00edcio","item":"https:\/\/www.impacta.com.br\/blog\/"},{"@type":"ListItem","position":2,"name":"11 funcionalidades sensacionais do Premiere e After Effects"}]},{"@type":"WebSite","@id":"https:\/\/www.impacta.com.br\/blog\/#website","url":"https:\/\/www.impacta.com.br\/blog\/","name":"Blog Impacta - Dicas e Not\u00edcias sobre Carreira","description":"Dicas, Not\u00edcias e Conte\u00fados sobre Carreira, Tecnologia, Design, Gest\u00e3o e Marketing. Conhe\u00e7a e Acompanhe o Blog Impacta","potentialAction":[{"@type":"SearchAction","target":{"@type":"EntryPoint","urlTemplate":"https:\/\/www.impacta.com.br\/blog\/?s={search_term_string}"},"query-input":{"@type":"PropertyValueSpecification","valueRequired":true,"valueName":"search_term_string"}}],"inLanguage":"pt-BR"},{"@type":"Person","@id":"https:\/\/www.impacta.com.br\/blog\/#\/schema\/person\/2e0896bac7656da15b68f5ad2ddd0d8c","name":"Reda\u00e7\u00e3o Impacta","image":{"@type":"ImageObject","inLanguage":"pt-BR","@id":"https:\/\/www.impacta.com.br\/blog\/#\/schema\/person\/image\/","url":"https:\/\/secure.gravatar.com\/avatar\/7443a59e479c8f31067628e3a4bed9ad?s=96&d=mm&r=g","contentUrl":"https:\/\/secure.gravatar.com\/avatar\/7443a59e479c8f31067628e3a4bed9ad?s=96&d=mm&r=g","caption":"Reda\u00e7\u00e3o Impacta"},"url":"https:\/\/www.impacta.com.br\/blog\/author\/redacao\/"}]}},"acf":{"post_description":null,"capa_mobile":null},"_links":{"self":[{"href":"https:\/\/www.impacta.com.br\/blog\/wp-json\/wp\/v2\/posts\/12186","targetHints":{"allow":["GET"]}}],"collection":[{"href":"https:\/\/www.impacta.com.br\/blog\/wp-json\/wp\/v2\/posts"}],"about":[{"href":"https:\/\/www.impacta.com.br\/blog\/wp-json\/wp\/v2\/types\/post"}],"author":[{"embeddable":true,"href":"https:\/\/www.impacta.com.br\/blog\/wp-json\/wp\/v2\/users\/2"}],"replies":[{"embeddable":true,"href":"https:\/\/www.impacta.com.br\/blog\/wp-json\/wp\/v2\/comments?post=12186"}],"version-history":[{"count":0,"href":"https:\/\/www.impacta.com.br\/blog\/wp-json\/wp\/v2\/posts\/12186\/revisions"}],"wp:featuredmedia":[{"embeddable":true,"href":"https:\/\/www.impacta.com.br\/blog\/wp-json\/wp\/v2\/media\/17523"}],"wp:attachment":[{"href":"https:\/\/www.impacta.com.br\/blog\/wp-json\/wp\/v2\/media?parent=12186"}],"wp:term":[{"taxonomy":"category","embeddable":true,"href":"https:\/\/www.impacta.com.br\/blog\/wp-json\/wp\/v2\/categories?post=12186"},{"taxonomy":"post_tag","embeddable":true,"href":"https:\/\/www.impacta.com.br\/blog\/wp-json\/wp\/v2\/tags?post=12186"}],"curies":[{"name":"wp","href":"https:\/\/api.w.org\/{rel}","templated":true}]}}