{"id":11725,"date":"2017-07-24T10:40:09","date_gmt":"2017-07-24T13:40:09","guid":{"rendered":"http:\/\/www.impacta.com.br\/blog\/?p=11725"},"modified":"2017-07-24T10:40:09","modified_gmt":"2017-07-24T13:40:09","slug":"qualificacao-profissional-como-se-capacitar-antes-mesmo-da-faculdade","status":"publish","type":"post","link":"https:\/\/www.impacta.com.br\/blog\/qualificacao-profissional-como-se-capacitar-antes-mesmo-da-faculdade\/","title":{"rendered":"Qualifica\u00e7\u00e3o profissional: como se capacitar antes mesmo da faculdade?"},"content":{"rendered":"<p><span style=\"font-size: 14pt;\">Voc\u00ea busca se manter sempre atualizado em rela\u00e7\u00e3o aos seus conhecimentos e habilidades, n\u00e3o \u00e9 mesmo? Afinal, voc\u00ea sabe da import\u00e2ncia dessa a\u00e7\u00e3o para se tornar mais relevante e valioso no <a title=\"e-Book \u2013 Mercado de trabalho: como fazer um ingresso triunfal na sua \u00e1rea de atua\u00e7\u00e3o?\" href=\"https:\/\/www.impacta.com.br\/blog\/2016\/11\/30\/e-book-mercado-de-trabalho-como-fazer-um-ingresso-triunfal-na-sua-area-de-atuacao-2\/\" target=\"_blank\" rel=\"noopener noreferrer\">mercado de trabalho<\/a>.<\/span><\/p>\n<p><span style=\"font-size: 14pt;\">Ent\u00e3o, se est\u00e1 pensando em fazer um <a title=\"Como escolher uma institui\u00e7\u00e3o para cursos de especializa\u00e7\u00e3o? Veja no e-book!\" href=\"https:\/\/www.impacta.com.br\/blog\/2017\/06\/23\/como-escolher-uma-instituicao-para-cursos-de-especializacao-veja-no-e-book\/\" target=\"_blank\" rel=\"noopener noreferrer\">curso <\/a>ligado a uma \u00e1rea de interesse para se qualificar e conseguir a t\u00e3o desejada vaga, \u00e9 comum que surjam algumas d\u00favidas.<\/span><\/p>\n<p><span style=\"font-size: 14pt;\"><strong><span style=\"color: #008000;\">Qual \u00e9 o momento certo de investir em qualifica\u00e7\u00e3o profissional?<\/span><\/strong> Qual tipo de curso devo fazer? Devo esperar at\u00e9 entrar na faculdade para estudar e <a title=\"Como conquistar uma vaga de est\u00e1gio que ajude na sua forma\u00e7\u00e3o profissional?\" href=\"https:\/\/www.impacta.com.br\/blog\/2016\/09\/16\/como-conquistar-uma-vaga-de-estagio-que-ajude-na-sua-formacao-profissional\/\" target=\"_blank\" rel=\"noopener noreferrer\">conseguir est\u00e1gio<\/a> ou \u00e9 poss\u00edvel se qualificar antes mesmo de iniciar uma <a href=\"https:\/\/www.impacta.edu.br\/graduacao\/\" target=\"_blank\" rel=\"noopener noreferrer\">gradua\u00e7\u00e3o<\/a>?<\/span><\/p>\n<p><span style=\"font-size: 14pt;\">Pensando em responder essas e outras perguntas, preparamos este artigo para ajud\u00e1-lo a descobrir a import\u00e2ncia da qualifica\u00e7\u00e3o profissional, e o que fazer para se capacitar antes da <a href=\"https:\/\/www.impacta.edu.br\/\" target=\"_blank\" rel=\"noopener noreferrer\">faculdade<\/a>. Confira!<\/span><\/p>\n<h2><strong><span style=\"font-size: 14pt;\">Qual \u00e9 a hora certa de investir em qualifica\u00e7\u00e3o profissional?<\/span><\/strong><\/h2>\n<p><span style=\"font-size: 14pt;\">De fato, a qualifica\u00e7\u00e3o profissional n\u00e3o deve acontecer apenas durante a jornada do trabalhador, e sim come\u00e7ar antes mesmo da entrada no mercado de trabalho.<\/span><\/p>\n<p><span style=\"font-size: 14pt;\">Afinal, \u00e9 preciso se destacar para conseguir a vaga almejada, al\u00e9m de estar sempre atualizado sobre as pr\u00e1ticas mais modernas para se tornar um <strong><span style=\"color: #008000;\">colaborador valioso e indispens\u00e1vel<\/span><\/strong>, mantendo a sua vaga segura.<\/span><\/p>\n<p><span style=\"font-size: 14pt;\">Com os cortes nas despesas e o mercado de trabalho mais competitivo, a qualifica\u00e7\u00e3o profissional \u00e9 ainda mais necess\u00e1ria: as empresas procuram <a title=\"e-Book gratuito: Um guia para ter funcion\u00e1rios mais capacitados\" href=\"https:\/\/www.impacta.com.br\/blog\/2016\/12\/21\/e-book-gratuito-um-guia-para-ter-funcionarios-mais-capacitados\/\" target=\"_blank\" rel=\"noopener noreferrer\">profissionais qualificados<\/a> e prontos para o trabalho, pois se precisarem treinar o candidato, a contrata\u00e7\u00e3o fica mais custosa e pode n\u00e3o valer a pena no atual cen\u00e1rio de conten\u00e7\u00e3o de gastos.<\/span><\/p>\n<h2><strong><span style=\"font-size: 14pt;\">Como se qualificar antes de entrar na faculdade?<\/span><\/strong><\/h2>\n<p><span style=\"font-size: 14pt;\">Voc\u00ea pode \u2014 e deve \u2014 investir em qualifica\u00e7\u00e3o profissional antes mesmo de iniciar a gradua\u00e7\u00e3o. Contudo, \u00e9 preciso se atentar para poder fazer a escolha da \u00e1rea de atua\u00e7\u00e3o e do curso certo para voc\u00ea. Ent\u00e3o, confira agora algumas dicas que v\u00e3o te ajudar nessa tarefa:<\/span><\/p>\n<h3><strong><span style=\"font-size: 14pt;\">Pesquise sobre a \u00e1rea de atua\u00e7\u00e3o desejada<\/span><\/strong><\/h3>\n<p><span style=\"font-size: 14pt;\">O primeiro passo rumo \u00e0 qualifica\u00e7\u00e3o profissional \u00e9 realizar uma pesquisa sobre a \u00e1rea em que voc\u00ea deseja atuar. Nesse momento, n\u00e3o se guie somente pelo retorno financeiro que um determinado ramo ou profiss\u00e3o pode trazer \u2014 leve em considera\u00e7\u00e3o seus interesses pessoais tamb\u00e9m.<\/span><\/p>\n<p><span style=\"font-size: 14pt;\">Pesquise bastante em sites confi\u00e1veis para saber o que o mercado espera do profissional; entre em contato com pessoas que j\u00e1 est\u00e3o trabalhando para saber como \u00e9 o dia a dia da sua \u00e1rea de interesse, e descubra quais s\u00e3o as empresas l\u00edderes. Isso <strong><span style=\"color: #008000;\">te ajudar\u00e1 a definir objetivos<\/span><\/strong>.<\/span><\/p>\n<h3><strong><span style=\"font-size: 14pt;\">Defina seus objetivos<\/span><\/strong><\/h3>\n<p><span style=\"font-size: 14pt;\">Qualificar-se profissionalmente demanda tempo e dinheiro, portanto, antes de tomar uma decis\u00e3o e se inscrever em qualquer programa de aprimoramento, defina quais s\u00e3o seus objetivos.<\/span><\/p>\n<p><span style=\"font-size: 14pt;\">Pergunte-se por que deseja se qualificar, e qual \u00e9 o resultado que pretende atingir ao final da qualifica\u00e7\u00e3o. Ent\u00e3o, utilize as informa\u00e7\u00f5es que voc\u00ea coletou durante a pesquisa para poder definir seus objetivos.<\/span><\/p>\n<p><span style=\"font-size: 14pt;\">Por exemplo: voc\u00ea j\u00e1 gosta de marketing e descobriu as in\u00fameras profiss\u00f5es existentes no amplo e promissor <a title=\"A import\u00e2ncia do Marketing Digital para as empresas. Entenda!\" href=\"https:\/\/www.impacta.com.br\/blog\/2017\/04\/17\/a-importancia-do-marketing-digital-para-as-empresas-entenda\/\" target=\"_blank\" rel=\"noopener noreferrer\">mercado de marketing digital<\/a> no Brasil. Com esses dados em m\u00e3os, poder\u00e1 escolher em qual \u00e1rea do marketing digital voc\u00ea que de atuar, e qual vaga deseja conquistar.<\/span><\/p>\n<p><span style=\"font-size: 14pt;\">Em suma, essa etapa \u00e9 essencial. Ter um objetivo bem claro vai te ajudar a escolher o <a title=\"Como escolher os melhores cursos e certifica\u00e7\u00f5es em alta no mercado?\" href=\"https:\/\/www.impacta.com.br\/blog\/2017\/06\/09\/como-escolher-os-melhores-cursos-e-certificacoes-em-alta-no-mercado\/\" target=\"_blank\" rel=\"noopener noreferrer\">curso ideal<\/a> para a sua qualifica\u00e7\u00e3o profissional.<\/span><\/p>\n<h2><strong><span style=\"font-size: 14pt;\">Escolha o curso ideal<\/span><\/strong><\/h2>\n<p style=\"text-align: left;\"><span style=\"font-size: 14pt;\">Com seu objetivo definido, voc\u00ea poder\u00e1 escolher o melhor curso para si mesmo.<\/span><\/p>\n<p style=\"text-align: left;\"><span style=\"font-size: 14pt;\">Nessa fase, \u00e9 essencial saber as diferen\u00e7as de cada tipo de curso dispon\u00edvel, como as <a title=\"Certifica\u00e7\u00e3o: qual a import\u00e2ncia de se atualizar na empresa?\" href=\"https:\/\/www.impacta.com.br\/blog\/2017\/07\/14\/certificacao-importancia-atualizar-empresa\/\" target=\"_blank\" rel=\"noopener noreferrer\">certifica\u00e7\u00f5es <\/a>e os cursos profissionalizantes, bem como descobrir quais s\u00e3o os<a title=\"Como escolher os melhores cursos e certifica\u00e7\u00f5es em alta no mercado?\" href=\"https:\/\/www.impacta.com.br\/blog\/2017\/06\/09\/como-escolher-os-melhores-cursos-e-certificacoes-em-alta-no-mercado\/\" target=\"_blank\" rel=\"noopener noreferrer\"> cursos mais procurados<\/a> no mercado em que voc\u00ea deseja atuar.<\/span><\/p>\n<p style=\"text-align: center;\"><a href=\"https:\/\/www.impacta.com.br\/blog\/wp-content\/uploads\/2015\/10\/Quais-qualidades-que-as-empresas-valorizam-mais-nos-estagiarios.jpg\" target=\"_blank\" rel=\"noopener noreferrer\"><img loading=\"lazy\" decoding=\"async\" class=\"aligncenter wp-image-8041\" title=\"Antes mesmo da faculdade, a qualifica\u00e7\u00e3o profissional j\u00e1 pode come\u00e7ar\" src=\"https:\/\/www.impacta.com.br\/blog\/wp-content\/uploads\/2015\/10\/Quais-qualidades-que-as-empresas-valorizam-mais-nos-estagiarios.jpg\" alt=\"Antes mesmo da faculdade, a qualifica\u00e7\u00e3o profissional j\u00e1 pode come\u00e7ar\" width=\"650\" height=\"216\" \/><\/a><\/p>\n<h3 style=\"text-align: left;\"><strong><span style=\"font-size: 14pt;\">Al\u00e9m disso, \u00e9 importante considerar as seguintes quest\u00f5es antes de tomar uma decis\u00e3o:<\/span><\/strong><\/h3>\n<ul>\n<li><span style=\"font-size: 14pt; color: #008000;\">Quais oportunidades o curso proporcionar\u00e1 para a sua carreira?<\/span><\/li>\n<li><span style=\"font-size: 14pt; color: #008000;\">O mercado est\u00e1 precisando ou precisar\u00e1 de profissionais com esse curso?<\/span><\/li>\n<li><span style=\"font-size: 14pt; color: #008000;\">Quantas pessoas j\u00e1 formadas est\u00e3o buscando oportunidades na \u00e1rea?<\/span><\/li>\n<li><span style=\"font-size: 14pt; color: #008000;\">O curso \u00e9 exigido como pr\u00e9-requisito para a vaga desejada?<\/span><\/li>\n<li><span style=\"font-size: 14pt; color: #008000;\">Qual \u00e9 a grade curricular oferecida?<\/span><\/li>\n<li><span style=\"font-size: 14pt; color: #008000;\">Qual \u00e9 a dura\u00e7\u00e3o do curso?<\/span><\/li>\n<li><span style=\"font-size: 14pt; color: #008000;\">Quais s\u00e3o os requisitos para iniciar os estudos?<\/span><\/li>\n<li><span style=\"font-size: 14pt; color: #008000;\">Qual \u00e9 a modalidade oferecida: presencial ou <a title=\"[e-Book] Um guia para aprender com Cursos Online \u2013 Confira!\" href=\"https:\/\/www.impacta.com.br\/blog\/2017\/07\/21\/e-book-um-guia-para-aprender-com-cursos-online-confira\/\" target=\"_blank\" rel=\"noopener noreferrer\">EAD<\/a>?<\/span><\/li>\n<li><span style=\"font-size: 14pt; color: #008000;\">Os professores s\u00e3o qualificados?<\/span><\/li>\n<li><span style=\"font-size: 14pt; color: #008000;\">A institui\u00e7\u00e3o de ensino tem uma boa reputa\u00e7\u00e3o?<\/span><\/li>\n<li><span style=\"font-size: 14pt; color: #008000;\">Qual \u00e9 o valor necess\u00e1rio para investimento?<\/span><\/li>\n<\/ul>\n<p><span style=\"font-size: 14pt;\">Enfim, ap\u00f3s responder todas essas perguntas, voc\u00ea estar\u00e1 mais preparado e seguro para poder fazer um curso profissionalizante.<\/span><\/p>\n<h2><strong><span style=\"font-size: 14pt;\">Fa\u00e7a um curso profissionalizante<\/span><\/strong><\/h2>\n<p><span style=\"font-size: 14pt;\">Esse tipo de curso \u00e9 uma \u00f3tima alternativa para quem deseja ingressar rapidamente no mercado de trabalho, ou se qualificar antes de iniciar uma gradua\u00e7\u00e3o. Isso porque oferece diversas vantagens: dura\u00e7\u00e3o menor, acompanhamento da mesma din\u00e2mica do mercado, boa remunera\u00e7\u00e3o e facilidade de conciliar o trabalho com o estudo.<\/span><\/p>\n<p><span style=\"font-size: 14pt;\">Tamb\u00e9m \u00e9 uma boa op\u00e7\u00e3o para quem n\u00e3o pode investir em uma faculdade. Os cursos profissionalizantes custam bem menos que um curso de n\u00edvel superior, e d\u00e3o um \u00f3timo retorno financeiro devido \u00e0 grande necessidade de t\u00e9cnicos especializados no mercado.<\/span><\/p>\n<p><span style=\"font-size: 14pt;\">Quanto a isso, uma pesquisa recente, realizada pela Funda\u00e7\u00e3o Get\u00falio Vargas e pelo Instituto Votorantim, constatou que jovens que fazem cursos de qualifica\u00e7\u00e3o profissional, cursos t\u00e9cnicos ou tecn\u00f3logos aumentam as suas chances de conseguir trabalho em <strong><span style=\"color: #008000;\">48%,<\/span><\/strong> em compara\u00e7\u00e3o a candidatos sem esses tipos de forma\u00e7\u00e3o.<\/span><\/p>\n<p><span style=\"font-size: 14pt;\">Ent\u00e3o, invista em um curso profissionalizante para ingressar no mercado, ser bem remunerado, conhecer a \u00e1rea que deseja seguir carreira e ganhar bastante experi\u00eancia antes de iniciar a faculdade!<\/span><\/p>\n<h2><strong><span style=\"font-size: 14pt;\">Invista em certifica\u00e7\u00f5es r\u00e1pidas<\/span><\/strong><\/h2>\n<p><span style=\"font-size: 14pt;\"><a title=\"Por que investir em uma certifica\u00e7\u00e3o ITIL?\" href=\"https:\/\/www.impacta.com.br\/blog\/2016\/06\/02\/por-que-investir-em-certificacao-itil\/\" target=\"_blank\" rel=\"noopener noreferrer\">Investir em cursos de certifica\u00e7\u00e3o<\/a> profissional tamb\u00e9m \u00e9 uma excelente decis\u00e3o, pois contribui para a prepara\u00e7\u00e3o do profissional, focando na atualiza\u00e7\u00e3o e no aumento da qualidade do servi\u00e7o prestado.<\/span><\/p>\n<p><span style=\"font-size: 14pt;\">A certifica\u00e7\u00e3o traz novos conte\u00fados, conhecimentos, teorias e pr\u00e1ticas atuais do mercado de trabalho. Dessa forma, voc\u00ea estar\u00e1 sempre atualizado e por dentro das novidades. Al\u00e9m disso, o profissional certificado se destaca<\/span><\/p>\n<p><span style=\"font-size: 14pt;\">As empresas valorizam colaboradores que tenham conhecimento pr\u00e1tico das ferramentas usadas no cotidiano do trabalho. E esses profissionais costumam ser mais produtivos, devido \u00e0 atualiza\u00e7\u00e3o de seus conhecimentos e, tamb\u00e9m, por se sentirem satisfeitos com a sua importante contribui\u00e7\u00e3o para o crescimento da empresa.<\/span><\/p>\n<p><span style=\"font-size: 14pt;\">Assim como os cursos profissionalizantes, as certifica\u00e7\u00f5es t\u00eam dura\u00e7\u00e3o e custo reduzidos. Dependendo da \u00e1rea, voc\u00ea pode at\u00e9 encontrar certifica\u00e7\u00f5es gratuitas, que s\u00e3o reconhecidas e exigidas por diversas empresas.<\/span><\/p>\n<p><span style=\"font-size: 14pt;\">Portanto, pesquise quais s\u00e3o as mais importantes para a sua \u00e1rea, invista nelas e dedique-se aos estudos! Sem d\u00favida, o retorno ser\u00e1 sempre positivo.<\/span><\/p>\n<p><span style=\"font-size: 14pt;\"><span style=\"color: #008000;\"><strong>Pronto!<\/strong> <\/span>Agora voc\u00ea j\u00e1 sabe como se qualificar antes mesmo da faculdade. Ent\u00e3o, n\u00e3o se inscreva em um curso antes de colocar essas dicas em pr\u00e1tica! <\/span><\/p>\n<p><span style=\"font-size: 14pt;\">Programe-se e prepare-se bem para fazer uma qualifica\u00e7\u00e3o profissional que trar\u00e1 bons resultados e que te ajudar\u00e1 a atingir seus objetivos.<\/span><\/p>\n<p><span style=\"font-size: 14pt;\"><span style=\"color: #008000;\"><strong>Enfim, gostou deste artigo?<\/strong><\/span> Agora, que tal seguir nossos perfis nas redes sociais para ficar por dentro das novidades e adquirir conhecimentos para conseguir o primeiro est\u00e1gio? Estamos no <a href=\"https:\/\/www.facebook.com\/impactaoficial\" target=\"_blank\" rel=\"noopener noreferrer\">Facebook<\/a>, no <a href=\"https:\/\/twitter.com\/impacta_oficial\" target=\"_blank\" rel=\"noopener noreferrer\">Twitter <\/a>e no <a href=\"https:\/\/www.linkedin.com\/company-beta\/59611\/\" target=\"_blank\" rel=\"noopener noreferrer\">LinkedIn<\/a>!<\/span><\/p>\n<div class=\"sharing-default-minimal post-bottom\"><div class=\"nectar-social default\" data-position=\"\" data-rm-love=\"0\" data-color-override=\"override\"><div class=\"nectar-social-inner\"><a href=\"#\" class=\"nectar-love\" id=\"nectar-love-11725\" title=\"Love this\"> <i class=\"icon-salient-heart-2\"><\/i><span class=\"love-text\">Love<\/span><span class=\"total_loves\"><span class=\"nectar-love-count\">0<\/span><\/span><\/a><a class='facebook-share nectar-sharing' href='#' title='Share this'> <i class='fa fa-facebook'><\/i> <span class='social-text'>Share<\/span> <\/a><a class='twitter-share nectar-sharing' href='#' title='Share this'> <i class='fa icon-salient-x-twitter'><\/i> <span class='social-text'>Share<\/span> <\/a><a class='linkedin-share nectar-sharing' href='#' title='Share this'> <i class='fa fa-linkedin'><\/i> <span class='social-text'>Share<\/span> <\/a><a class='pinterest-share nectar-sharing' href='#' title='Pin this'> <i class='fa fa-pinterest'><\/i> <span class='social-text'>Pin<\/span> <\/a><\/div><\/div><\/div>","protected":false},"excerpt":{"rendered":"<p>Voc\u00ea busca se manter sempre atualizado em rela\u00e7\u00e3o aos seus conhecimentos e habilidades, n\u00e3o \u00e9 mesmo? Afinal, voc\u00ea sabe da import\u00e2ncia dessa a\u00e7\u00e3o para se tornar mais relevante e valioso no mercado de trabalho. Ent\u00e3o, se est\u00e1 pensando em fazer um curso ligado a uma \u00e1rea de interesse para se qualificar e conseguir a t\u00e3o [&hellip;]<\/p>\n","protected":false},"author":2,"featured_media":17528,"comment_status":"open","ping_status":"open","sticky":false,"template":"","format":"standard","meta":{"footnotes":""},"categories":[13],"tags":[410],"class_list":["post-11725","post","type-post","status-publish","format-standard","has-post-thumbnail","hentry","category-carreira","tag-qualificacao-profissional"],"yoast_head":"<!-- This site is optimized with the Yoast SEO plugin v25.1 - https:\/\/yoast.com\/wordpress\/plugins\/seo\/ -->\r\n<title>Qualifica\u00e7\u00e3o profissional: como capacitar antes da faculdade?<\/title>\r\n<meta name=\"description\" content=\"Voc\u00ea n\u00e3o precisa esperar a faculdade para cuidar da sua carreira. Saiba como come\u00e7ar agora a sua qualifica\u00e7\u00e3o profissional.\" \/>\r\n<meta name=\"robots\" content=\"index, follow, max-snippet:-1, max-image-preview:large, max-video-preview:-1\" \/>\r\n<link rel=\"canonical\" href=\"https:\/\/www.impacta.com.br\/blog\/qualificacao-profissional-como-se-capacitar-antes-mesmo-da-faculdade\/\" \/>\r\n<meta property=\"og:locale\" content=\"pt_BR\" \/>\r\n<meta property=\"og:type\" content=\"article\" \/>\r\n<meta property=\"og:title\" content=\"Qualifica\u00e7\u00e3o profissional: como capacitar antes da faculdade?\" \/>\r\n<meta property=\"og:description\" content=\"Voc\u00ea n\u00e3o precisa esperar a faculdade para cuidar da sua carreira. Saiba como come\u00e7ar agora a sua qualifica\u00e7\u00e3o profissional.\" \/>\r\n<meta property=\"og:url\" content=\"https:\/\/www.impacta.com.br\/blog\/qualificacao-profissional-como-se-capacitar-antes-mesmo-da-faculdade\/\" \/>\r\n<meta property=\"og:site_name\" content=\"Blog Impacta - Dicas e Not\u00edcias sobre Carreira\" \/>\r\n<meta property=\"article:published_time\" content=\"2017-07-24T13:40:09+00:00\" \/>\r\n<meta property=\"og:image\" content=\"https:\/\/www.impacta.com.br\/blog\/wp-content\/uploads\/2020\/04\/header_qualificacaoprofissional_antes_faculdade.jpg\" \/>\r\n\t<meta property=\"og:image:width\" content=\"850\" \/>\r\n\t<meta property=\"og:image:height\" content=\"284\" \/>\r\n\t<meta property=\"og:image:type\" content=\"image\/jpeg\" \/>\r\n<meta name=\"author\" content=\"Reda\u00e7\u00e3o Impacta\" \/>\r\n<meta name=\"twitter:card\" content=\"summary_large_image\" \/>\r\n<meta name=\"twitter:label1\" content=\"Written by\" \/>\n\t<meta name=\"twitter:data1\" content=\"Reda\u00e7\u00e3o Impacta\" \/>\n\t<meta name=\"twitter:label2\" content=\"Est. reading time\" \/>\n\t<meta name=\"twitter:data2\" content=\"6 minutos\" \/>\r\n<script type=\"application\/ld+json\" class=\"yoast-schema-graph\">{\"@context\":\"https:\/\/schema.org\",\"@graph\":[{\"@type\":\"WebPage\",\"@id\":\"https:\/\/www.impacta.com.br\/blog\/qualificacao-profissional-como-se-capacitar-antes-mesmo-da-faculdade\/\",\"url\":\"https:\/\/www.impacta.com.br\/blog\/qualificacao-profissional-como-se-capacitar-antes-mesmo-da-faculdade\/\",\"name\":\"Qualifica\u00e7\u00e3o profissional: como capacitar antes da faculdade?\",\"isPartOf\":{\"@id\":\"https:\/\/www.impacta.com.br\/blog\/#website\"},\"primaryImageOfPage\":{\"@id\":\"https:\/\/www.impacta.com.br\/blog\/qualificacao-profissional-como-se-capacitar-antes-mesmo-da-faculdade\/#primaryimage\"},\"image\":{\"@id\":\"https:\/\/www.impacta.com.br\/blog\/qualificacao-profissional-como-se-capacitar-antes-mesmo-da-faculdade\/#primaryimage\"},\"thumbnailUrl\":\"https:\/\/www.impacta.com.br\/blog\/wp-content\/uploads\/2020\/04\/header_qualificacaoprofissional_antes_faculdade.jpg\",\"datePublished\":\"2017-07-24T13:40:09+00:00\",\"author\":{\"@id\":\"https:\/\/www.impacta.com.br\/blog\/#\/schema\/person\/2e0896bac7656da15b68f5ad2ddd0d8c\"},\"description\":\"Voc\u00ea n\u00e3o precisa esperar a faculdade para cuidar da sua carreira. Saiba como come\u00e7ar agora a sua qualifica\u00e7\u00e3o profissional.\",\"breadcrumb\":{\"@id\":\"https:\/\/www.impacta.com.br\/blog\/qualificacao-profissional-como-se-capacitar-antes-mesmo-da-faculdade\/#breadcrumb\"},\"inLanguage\":\"pt-BR\",\"potentialAction\":[{\"@type\":\"ReadAction\",\"target\":[\"https:\/\/www.impacta.com.br\/blog\/qualificacao-profissional-como-se-capacitar-antes-mesmo-da-faculdade\/\"]}]},{\"@type\":\"ImageObject\",\"inLanguage\":\"pt-BR\",\"@id\":\"https:\/\/www.impacta.com.br\/blog\/qualificacao-profissional-como-se-capacitar-antes-mesmo-da-faculdade\/#primaryimage\",\"url\":\"https:\/\/www.impacta.com.br\/blog\/wp-content\/uploads\/2020\/04\/header_qualificacaoprofissional_antes_faculdade.jpg\",\"contentUrl\":\"https:\/\/www.impacta.com.br\/blog\/wp-content\/uploads\/2020\/04\/header_qualificacaoprofissional_antes_faculdade.jpg\",\"width\":850,\"height\":284},{\"@type\":\"BreadcrumbList\",\"@id\":\"https:\/\/www.impacta.com.br\/blog\/qualificacao-profissional-como-se-capacitar-antes-mesmo-da-faculdade\/#breadcrumb\",\"itemListElement\":[{\"@type\":\"ListItem\",\"position\":1,\"name\":\"In\u00edcio\",\"item\":\"https:\/\/www.impacta.com.br\/blog\/\"},{\"@type\":\"ListItem\",\"position\":2,\"name\":\"Qualifica\u00e7\u00e3o profissional: como se capacitar antes mesmo da faculdade?\"}]},{\"@type\":\"WebSite\",\"@id\":\"https:\/\/www.impacta.com.br\/blog\/#website\",\"url\":\"https:\/\/www.impacta.com.br\/blog\/\",\"name\":\"Blog Impacta - Dicas e Not\u00edcias sobre Carreira\",\"description\":\"Dicas, Not\u00edcias e Conte\u00fados sobre Carreira, Tecnologia, Design, Gest\u00e3o e Marketing. Conhe\u00e7a e Acompanhe o Blog Impacta\",\"potentialAction\":[{\"@type\":\"SearchAction\",\"target\":{\"@type\":\"EntryPoint\",\"urlTemplate\":\"https:\/\/www.impacta.com.br\/blog\/?s={search_term_string}\"},\"query-input\":{\"@type\":\"PropertyValueSpecification\",\"valueRequired\":true,\"valueName\":\"search_term_string\"}}],\"inLanguage\":\"pt-BR\"},{\"@type\":\"Person\",\"@id\":\"https:\/\/www.impacta.com.br\/blog\/#\/schema\/person\/2e0896bac7656da15b68f5ad2ddd0d8c\",\"name\":\"Reda\u00e7\u00e3o Impacta\",\"image\":{\"@type\":\"ImageObject\",\"inLanguage\":\"pt-BR\",\"@id\":\"https:\/\/www.impacta.com.br\/blog\/#\/schema\/person\/image\/\",\"url\":\"https:\/\/secure.gravatar.com\/avatar\/7443a59e479c8f31067628e3a4bed9ad?s=96&d=mm&r=g\",\"contentUrl\":\"https:\/\/secure.gravatar.com\/avatar\/7443a59e479c8f31067628e3a4bed9ad?s=96&d=mm&r=g\",\"caption\":\"Reda\u00e7\u00e3o Impacta\"},\"url\":\"https:\/\/www.impacta.com.br\/blog\/author\/redacao\/\"}]}<\/script>\r\n<!-- \/ Yoast SEO plugin. -->","yoast_head_json":{"title":"Qualifica\u00e7\u00e3o profissional: como capacitar antes da faculdade?","description":"Voc\u00ea n\u00e3o precisa esperar a faculdade para cuidar da sua carreira. Saiba como come\u00e7ar agora a sua qualifica\u00e7\u00e3o profissional.","robots":{"index":"index","follow":"follow","max-snippet":"max-snippet:-1","max-image-preview":"max-image-preview:large","max-video-preview":"max-video-preview:-1"},"canonical":"https:\/\/www.impacta.com.br\/blog\/qualificacao-profissional-como-se-capacitar-antes-mesmo-da-faculdade\/","og_locale":"pt_BR","og_type":"article","og_title":"Qualifica\u00e7\u00e3o profissional: como capacitar antes da faculdade?","og_description":"Voc\u00ea n\u00e3o precisa esperar a faculdade para cuidar da sua carreira. Saiba como come\u00e7ar agora a sua qualifica\u00e7\u00e3o profissional.","og_url":"https:\/\/www.impacta.com.br\/blog\/qualificacao-profissional-como-se-capacitar-antes-mesmo-da-faculdade\/","og_site_name":"Blog Impacta - Dicas e Not\u00edcias sobre Carreira","article_published_time":"2017-07-24T13:40:09+00:00","og_image":[{"width":850,"height":284,"url":"https:\/\/www.impacta.com.br\/blog\/wp-content\/uploads\/2020\/04\/header_qualificacaoprofissional_antes_faculdade.jpg","type":"image\/jpeg"}],"author":"Reda\u00e7\u00e3o Impacta","twitter_card":"summary_large_image","twitter_misc":{"Written by":"Reda\u00e7\u00e3o Impacta","Est. reading time":"6 minutos"},"schema":{"@context":"https:\/\/schema.org","@graph":[{"@type":"WebPage","@id":"https:\/\/www.impacta.com.br\/blog\/qualificacao-profissional-como-se-capacitar-antes-mesmo-da-faculdade\/","url":"https:\/\/www.impacta.com.br\/blog\/qualificacao-profissional-como-se-capacitar-antes-mesmo-da-faculdade\/","name":"Qualifica\u00e7\u00e3o profissional: como capacitar antes da faculdade?","isPartOf":{"@id":"https:\/\/www.impacta.com.br\/blog\/#website"},"primaryImageOfPage":{"@id":"https:\/\/www.impacta.com.br\/blog\/qualificacao-profissional-como-se-capacitar-antes-mesmo-da-faculdade\/#primaryimage"},"image":{"@id":"https:\/\/www.impacta.com.br\/blog\/qualificacao-profissional-como-se-capacitar-antes-mesmo-da-faculdade\/#primaryimage"},"thumbnailUrl":"https:\/\/www.impacta.com.br\/blog\/wp-content\/uploads\/2020\/04\/header_qualificacaoprofissional_antes_faculdade.jpg","datePublished":"2017-07-24T13:40:09+00:00","author":{"@id":"https:\/\/www.impacta.com.br\/blog\/#\/schema\/person\/2e0896bac7656da15b68f5ad2ddd0d8c"},"description":"Voc\u00ea n\u00e3o precisa esperar a faculdade para cuidar da sua carreira. Saiba como come\u00e7ar agora a sua qualifica\u00e7\u00e3o profissional.","breadcrumb":{"@id":"https:\/\/www.impacta.com.br\/blog\/qualificacao-profissional-como-se-capacitar-antes-mesmo-da-faculdade\/#breadcrumb"},"inLanguage":"pt-BR","potentialAction":[{"@type":"ReadAction","target":["https:\/\/www.impacta.com.br\/blog\/qualificacao-profissional-como-se-capacitar-antes-mesmo-da-faculdade\/"]}]},{"@type":"ImageObject","inLanguage":"pt-BR","@id":"https:\/\/www.impacta.com.br\/blog\/qualificacao-profissional-como-se-capacitar-antes-mesmo-da-faculdade\/#primaryimage","url":"https:\/\/www.impacta.com.br\/blog\/wp-content\/uploads\/2020\/04\/header_qualificacaoprofissional_antes_faculdade.jpg","contentUrl":"https:\/\/www.impacta.com.br\/blog\/wp-content\/uploads\/2020\/04\/header_qualificacaoprofissional_antes_faculdade.jpg","width":850,"height":284},{"@type":"BreadcrumbList","@id":"https:\/\/www.impacta.com.br\/blog\/qualificacao-profissional-como-se-capacitar-antes-mesmo-da-faculdade\/#breadcrumb","itemListElement":[{"@type":"ListItem","position":1,"name":"In\u00edcio","item":"https:\/\/www.impacta.com.br\/blog\/"},{"@type":"ListItem","position":2,"name":"Qualifica\u00e7\u00e3o profissional: como se capacitar antes mesmo da faculdade?"}]},{"@type":"WebSite","@id":"https:\/\/www.impacta.com.br\/blog\/#website","url":"https:\/\/www.impacta.com.br\/blog\/","name":"Blog Impacta - Dicas e Not\u00edcias sobre Carreira","description":"Dicas, Not\u00edcias e Conte\u00fados sobre Carreira, Tecnologia, Design, Gest\u00e3o e Marketing. Conhe\u00e7a e Acompanhe o Blog Impacta","potentialAction":[{"@type":"SearchAction","target":{"@type":"EntryPoint","urlTemplate":"https:\/\/www.impacta.com.br\/blog\/?s={search_term_string}"},"query-input":{"@type":"PropertyValueSpecification","valueRequired":true,"valueName":"search_term_string"}}],"inLanguage":"pt-BR"},{"@type":"Person","@id":"https:\/\/www.impacta.com.br\/blog\/#\/schema\/person\/2e0896bac7656da15b68f5ad2ddd0d8c","name":"Reda\u00e7\u00e3o Impacta","image":{"@type":"ImageObject","inLanguage":"pt-BR","@id":"https:\/\/www.impacta.com.br\/blog\/#\/schema\/person\/image\/","url":"https:\/\/secure.gravatar.com\/avatar\/7443a59e479c8f31067628e3a4bed9ad?s=96&d=mm&r=g","contentUrl":"https:\/\/secure.gravatar.com\/avatar\/7443a59e479c8f31067628e3a4bed9ad?s=96&d=mm&r=g","caption":"Reda\u00e7\u00e3o Impacta"},"url":"https:\/\/www.impacta.com.br\/blog\/author\/redacao\/"}]}},"acf":{"post_description":null,"capa_mobile":null},"_links":{"self":[{"href":"https:\/\/www.impacta.com.br\/blog\/wp-json\/wp\/v2\/posts\/11725","targetHints":{"allow":["GET"]}}],"collection":[{"href":"https:\/\/www.impacta.com.br\/blog\/wp-json\/wp\/v2\/posts"}],"about":[{"href":"https:\/\/www.impacta.com.br\/blog\/wp-json\/wp\/v2\/types\/post"}],"author":[{"embeddable":true,"href":"https:\/\/www.impacta.com.br\/blog\/wp-json\/wp\/v2\/users\/2"}],"replies":[{"embeddable":true,"href":"https:\/\/www.impacta.com.br\/blog\/wp-json\/wp\/v2\/comments?post=11725"}],"version-history":[{"count":0,"href":"https:\/\/www.impacta.com.br\/blog\/wp-json\/wp\/v2\/posts\/11725\/revisions"}],"wp:featuredmedia":[{"embeddable":true,"href":"https:\/\/www.impacta.com.br\/blog\/wp-json\/wp\/v2\/media\/17528"}],"wp:attachment":[{"href":"https:\/\/www.impacta.com.br\/blog\/wp-json\/wp\/v2\/media?parent=11725"}],"wp:term":[{"taxonomy":"category","embeddable":true,"href":"https:\/\/www.impacta.com.br\/blog\/wp-json\/wp\/v2\/categories?post=11725"},{"taxonomy":"post_tag","embeddable":true,"href":"https:\/\/www.impacta.com.br\/blog\/wp-json\/wp\/v2\/tags?post=11725"}],"curies":[{"name":"wp","href":"https:\/\/api.w.org\/{rel}","templated":true}]}}