{"id":11674,"date":"2017-07-14T10:25:40","date_gmt":"2017-07-14T13:25:40","guid":{"rendered":"http:\/\/www.impacta.com.br\/blog\/?p=11674"},"modified":"2017-07-14T10:25:40","modified_gmt":"2017-07-14T13:25:40","slug":"certificacao-importancia-atualizar-empresa","status":"publish","type":"post","link":"https:\/\/www.impacta.com.br\/blog\/certificacao-importancia-atualizar-empresa\/","title":{"rendered":"Certifica\u00e7\u00e3o: qual a import\u00e2ncia de se atualizar na empresa?"},"content":{"rendered":"<p style=\"text-align: left;\"><span style=\"font-size: 14pt;\">Ana est\u00e1 superfeliz: ela foi a \u00fanica estagi\u00e1ria efetivada na ag\u00eancia de publicidade em que trabalha. <\/span><\/p>\n<p style=\"text-align: left;\"><span style=\"font-size: 14pt;\">Al\u00e9m de ter um ingl\u00eas perfeito e estar no \u00faltimo ano da faculdade de design, como todos os outros estagi\u00e1rios, ela turbinou o seu <a title=\"Saiba como elaborar um curr\u00edculo para se mostrar para o mercado\" href=\"https:\/\/www.impacta.com.br\/blog\/2017\/03\/10\/como-elaborar-um-curriculo-para-mercado\/\" target=\"_blank\" rel=\"noopener noreferrer\">curr\u00edculo <\/a>com um\u00a0<a href=\"https:\/\/www.impacta.com.br\/escola\/E-commerce-e-Marketing-Digital\" target=\"_blank\" rel=\"noopener noreferrer\"><span style=\"text-decoration: underline;\">certificado em Marketing Digital<\/span><\/a>\u00a0que fez toda a diferen\u00e7a na hora de ser contratada pela empresa.<\/span><\/p>\n<p style=\"text-align: left;\"><span style=\"font-size: 14pt;\">\u00c9 de grande import\u00e2ncia estar sempre atualizado e se qualificar no mercado de trabalho. As certifica\u00e7\u00f5es profissionais s\u00e3o aquelas que garantem uma especializa\u00e7\u00e3o focada, de r\u00e1pida conclus\u00e3o, e t\u00eam se mostrado uma ferramenta muito eficaz para a conquista das melhores oportunidades.<\/span><\/p>\n<p style=\"text-align: left;\"><span style=\"font-size: 14pt;\">Voc\u00ea j\u00e1 conhece a import\u00e2ncia das certifica\u00e7\u00f5es para ascender na carreira e ser o profissional mais requisitado das empresas? <strong>\u00c9 o que vamos abordar neste post.<\/strong><\/span><\/p>\n<h2 style=\"text-align: left;\"><strong><span style=\"font-size: 14pt;\">Certificado profissional: um grande passo para o crescimento na empresa<\/span><\/strong><\/h2>\n<p style=\"text-align: left;\"><span style=\"font-size: 14pt;\">Por mais completas e atualizadas que sejam as grades curriculares das universidades, \u00e9 praticamente imposs\u00edvel se manter em dia acerca das pr\u00e1ticas do mercado profissional num mundo em que as estrat\u00e9gias est\u00e3o em constante atualiza\u00e7\u00e3o.<\/span><\/p>\n<p style=\"text-align: left;\"><span style=\"font-size: 14pt;\">\u00c9 muito importante\u00a0<a title=\"Aprenda como investir em voc\u00ea e conquistar o seu futuro!\" href=\"https:\/\/www.impacta.com.br\/blog\/2016\/09\/12\/aprenda-como-investir-em-voce-e-conquistar-o-seu-futuro\/\" target=\"_blank\" rel=\"noopener noreferrer\"><span style=\"text-decoration: underline;\">investir em si <\/span><\/a>para conquistar o sucesso no futuro. As certifica\u00e7\u00f5es s\u00e3o uma excelente forma de aprender novas compet\u00eancias e estrat\u00e9gias, beneficiando tanto o seu curr\u00edculo como o crescimento da empresa na qual voc\u00ea trabalha.<\/span><\/p>\n<p style=\"text-align: left;\"><span style=\"font-size: 14pt;\">Quem opta por uma certifica\u00e7\u00e3o demonstra e certifica em seu curr\u00edculo n\u00e3o apenas estar atualizado, mas ter interesse em estar atualizado, pois estuda com afinco teorias e pr\u00e1ticas modernas para realizar o testes e obter diplomas.<\/span><\/p>\n<p style=\"text-align: left;\"><span style=\"font-size: 14pt;\">Essa \u00e9 justamente a raz\u00e3o de esses\u00a0<a title=\"Quais as vantagens de ser um profissional com certifica\u00e7\u00e3o?\" href=\"https:\/\/www.impacta.com.br\/blog\/2016\/10\/26\/quais-as-vantagens-de-ser-um-profissional-com-certificacao\/\" target=\"_blank\" rel=\"noopener noreferrer\"><span style=\"text-decoration: underline;\">profissionais serem t\u00e3o cobi\u00e7ados<\/span><\/a>\u00a0no mercado de trabalho, se destacando nos processos seletivos. Atualmente, ter uma gradua\u00e7\u00e3o e flu\u00eancia em ingl\u00eas j\u00e1 n\u00e3o \u00e9 diferencial. O profissional que comprove ter interesse e conhecimento pr\u00e1tico das tecnologias em sua profiss\u00e3o demonstra proje\u00e7\u00e3o na \u00e1rea, contribuindo para a prosperidade das empresas.<\/span><\/p>\n<p style=\"text-align: left;\"><span style=\"font-size: 14pt;\">Os novos conhecimentos fazem com que o profissional e a empresa saiam da zona de conforto. Os\u00a0<a title=\"Como escolher os melhores cursos e certifica\u00e7\u00f5es em alta no mercado?\" href=\"https:\/\/www.impacta.com.br\/blog\/2017\/06\/09\/como-escolher-os-melhores-cursos-e-certificacoes-em-alta-no-mercado\/\" target=\"_blank\" rel=\"noopener noreferrer\"><span style=\"text-decoration: underline;\">profissionais com certifica\u00e7\u00e3o<\/span><\/a>\u00a0s\u00e3o mais produtivos e motivados (motivando tamb\u00e9m a equipe de trabalho) por se sentirem estimulados ao ver os novos conhecimentos gerarem resultados pr\u00e1ticos de curto prazo.<\/span><\/p>\n<p><span style=\"font-size: 14pt;\">Certifica\u00e7\u00f5es em <a title=\"Veja quais s\u00e3o os cursos mais procurados para o mercado de marketing e design\" href=\"https:\/\/www.impacta.com.br\/blog\/2017\/03\/27\/veja-quais-sao-os-cursos-mais-procurados-para-o-mercado-de-marketing-e-design\/\" target=\"_blank\" rel=\"noopener noreferrer\">Design<\/a>, <a title=\"O que \u00e9 necess\u00e1rio para obter uma certifica\u00e7\u00e3o PMI?\" href=\"https:\/\/www.impacta.com.br\/blog\/2015\/04\/06\/o-que-e-necessario-para-obter-uma-certificacao-pmi\/\" target=\"_blank\" rel=\"noopener noreferrer\">Planejamento e Gest\u00e3o<\/a>, Desenvolvimento de Aplica\u00e7\u00f5es, E-commerce e Marketing Digital&#8230; op\u00e7\u00e3o \u00e9 o que n\u00e3o falta. <strong>Sabe outra coisa que n\u00e3o falta?<\/strong> Motivos para voc\u00ea se especializar e garantir o seu lugar no topo!<\/span><\/p>\n<p style=\"text-align: center;\"><a href=\"https:\/\/www.impacta.com.br\/blog\/wp-content\/uploads\/2016\/10\/header_certificacaoesmicrosoft.jpg\" target=\"_blank\" rel=\"noopener noreferrer\"><img loading=\"lazy\" decoding=\"async\" class=\"aligncenter wp-image-10334\" title=\"Ter uma certifica\u00e7\u00e3o pode ser ideal para se atualizar na empresa\" src=\"https:\/\/www.impacta.com.br\/blog\/wp-content\/uploads\/2016\/10\/header_certificacaoesmicrosoft.jpg\" alt=\"Ter uma certifica\u00e7\u00e3o pode ser ideal para se atualizar na empresa\" width=\"600\" height=\"200\" \/><\/a><\/p>\n<h2 style=\"text-align: left;\"><strong><span style=\"font-size: 14pt;\">A certifica\u00e7\u00e3o que pode garantir o seu sucesso profissional<\/span><\/strong><\/h2>\n<p style=\"text-align: left;\"><span style=\"font-size: 14pt;\">As empresas e pesquisas mostram que diversas \u00e1reas valorizam muito o peso de uma certifica\u00e7\u00e3o. \u00c9 assim em <a title=\"Saiba quais s\u00e3o as certifica\u00e7\u00f5es em TI mais requisitadas atualmente\" href=\"https:\/\/www.impacta.com.br\/blog\/2016\/11\/21\/saiba-quais-sao-as-certificacoes-em-ti-mais-requisitadas-atualmente\/\" target=\"_blank\" rel=\"noopener noreferrer\">TI<\/a>, na exig\u00eancia de conhecimentos de <a title=\"Quais as vantagens de se ter uma certifica\u00e7\u00e3o em Excel?\" href=\"https:\/\/www.impacta.com.br\/blog\/2016\/11\/04\/quais-as-vantagens-de-se-ter-uma-certificacao-em-excel\/\" target=\"_blank\" rel=\"noopener noreferrer\">Excel <\/a>, e no mercado digital, por exemplo.<\/span><\/p>\n<p style=\"text-align: left;\"><span style=\"font-size: 14pt;\">Na \u00e1rea de marketing digital, uma pesquisa da Rock Content mostra que as empresas cujos funcion\u00e1rios t\u00eam certifica\u00e7\u00e3o se consideram\u00a0<a href=\"https:\/\/rockcontent.com\/contenttrends\/?__hstc=125963474.91af1b9ee7160d3973327adbb4db931b.1492997770718.1492997770718.1492997770718.1&amp;__hssc=125963474.1.1492997770722&amp;__hsfp=1916231862&amp;_ga=1.136602038.748928025.1492997768\"><span style=\"text-decoration: underline;\">mais bem-sucedidas<\/span><\/a>\u00a0que as demais. Isso ocorre porque os profissionais que t\u00eam essa certifica\u00e7\u00e3o est\u00e3o mais preparados para gerir a <a title=\"Veja 4 dicas sensacionais para captar clientes online\" href=\"https:\/\/www.impacta.com.br\/blog\/2015\/10\/06\/veja-4-dicas-sensacionais-para-captar-clientes-online\/\" target=\"_blank\" rel=\"noopener noreferrer\">capta\u00e7\u00e3o<\/a>, o relacionamento e a fideliza\u00e7\u00e3o de clientes.<\/span><\/p>\n<p style=\"text-align: left;\"><span style=\"font-size: 14pt;\">Ter conhecimento sobre o assunto \u00e9 imprescind\u00edvel tanto para o profissional como para as empresas se diferenciarem e sobreviverem no mercado, cada vez mais competitivo.\u00a0<\/span><\/p>\n<p style=\"text-align: left;\"><span style=\"font-size: 14pt;\">O profissional que quiser se especializar na \u00e1rea estar\u00e1, portanto, em dia com o mercado. Muitas vagas de emprego e est\u00e1gio j\u00e1 est\u00e3o pedindo que os candidatos tenham conhecimento em marketing digital. Os certificados s\u00e3o uma forma de comprovar esse conhecimento.<\/span><\/p>\n<h2 style=\"text-align: left;\"><strong><span style=\"font-size: 14pt;\">Marketing pessoal: como mostrar para o mundo que voc\u00ea \u00e9 certificado<\/span><\/strong><\/h2>\n<p style=\"text-align: left;\"><span style=\"font-size: 14pt;\">\u00c9 certo que um profissional busca <a title=\"Como escolher os melhores cursos e certifica\u00e7\u00f5es em alta no mercado?\" href=\"https:\/\/www.impacta.com.br\/blog\/2017\/06\/09\/como-escolher-os-melhores-cursos-e-certificacoes-em-alta-no-mercado\/\" target=\"_blank\" rel=\"noopener noreferrer\">cursos e certifica\u00e7\u00f5es<\/a> para aumentar o seu conhecimento na \u00e1rea de atua\u00e7\u00e3o e ser valorizado no mercado de trabalho, mas essas forma\u00e7\u00f5es tamb\u00e9m garantem uma imagem de autoridade, dando um impulso ao seu marketing pessoal.<\/span><\/p>\n<p style=\"text-align: left;\"><span style=\"font-size: 14pt;\">Saber mostrar para o mundo do que voc\u00ea \u00e9 capaz \u00e9 fundamental para que voc\u00ea seja valorizado pelos seus conhecimentos, e por isso que n\u00e3o basta apenas ter v\u00e1rias certifica\u00e7\u00f5es sem espalhar a not\u00edcia por a\u00ed.<\/span><\/p>\n<p style=\"text-align: left;\"><span style=\"color: #339966;\"><strong><span style=\"font-size: 14pt;\">Veja aqui algumas dicas de como tirar o m\u00e1ximo de proveito da sua certifica\u00e7\u00e3o:<\/span><\/strong><\/span><\/p>\n<h3 style=\"text-align: left;\"><strong><span style=\"font-size: 14pt;\">LinkedIn<\/span><\/strong><\/h3>\n<p style=\"text-align: left;\"><span style=\"font-size: 14pt;\">Mantenha o seu <a title=\"Os 7 erros mais cometidos por profissionais de TI no Linkedin\" href=\"https:\/\/www.impacta.com.br\/blog\/2016\/02\/24\/os-7-erros-mais-cometidos-por-profissionais-de-ti-no-linkedin\/\" target=\"_blank\" rel=\"noopener noreferrer\">LinkedIn <\/a>atualizado, incluindo todos os seus cursos e certifica\u00e7\u00f5es. Os usu\u00e1rios da rede que incluem certificados recebem mais visitas e mensagens do que aqueles que n\u00e3o fazem isso, sendo uma \u00f3tima forma de gerar maior visibilidade profissional.<\/span><\/p>\n<h3 style=\"text-align: left;\"><strong><span style=\"font-size: 14pt;\">Facebook<\/span><\/strong><\/h3>\n<p style=\"text-align: left;\"><span style=\"font-size: 14pt;\">Crie na sua timeline um marco de conclus\u00e3o de sua certifica\u00e7\u00e3o! Escreva uma postagem bem otimista e animada, para que todos os seus amigos curtam, gerando maior visibilidade e poss\u00edveis ofertas de trabalho. E saiba que essa informa\u00e7\u00e3o n\u00e3o se perde com o tempo: os marcos criados na timeline tamb\u00e9m ficam armazenados nas informa\u00e7\u00f5es de contato.<\/span><\/p>\n<p style=\"text-align: left;\"><span style=\"font-size: 14pt;\">Outra forma de dar visibilidade a sua certifica\u00e7\u00e3o \u00e9 a inclus\u00e3o como um curso extracurricular nos detalhes de \u201cTrabalho e Educa\u00e7\u00e3o\u201d.<\/span><\/p>\n<h3 style=\"text-align: left;\"><strong><span style=\"font-size: 14pt;\">Blog ou portf\u00f3lio<\/span><\/strong><\/h3>\n<p style=\"text-align: left;\"><span style=\"font-size: 14pt;\">Crie um blog ou um portf\u00f3lio para divulgar seu trabalho, aumentando a sua autoridade no seu campo profissional. E, claro, inclua l\u00e1 tamb\u00e9m a sua certifica\u00e7\u00e3o!<\/span><\/p>\n<h3 style=\"text-align: left;\"><strong><span style=\"font-size: 14pt;\">Curr\u00edculo em dia<\/span><\/strong><\/h3>\n<p style=\"text-align: left;\"><span style=\"font-size: 14pt;\">\u00c9 uma dica bem \u00f3bvia, mas nunca \u00e9 de mais lembrar: voc\u00ea precisa incluir todas as suas certifica\u00e7\u00f5es e cursos no seu curr\u00edculo! <strong>N\u00e3o se esque\u00e7a:<\/strong> uma certifica\u00e7\u00e3o no curr\u00edculo pode ser determinante para que voc\u00ea seja selecionado para uma vaga de emprego.<\/span><\/p>\n<p style=\"text-align: left;\"><span style=\"font-size: 14pt;\">\u00c9 importante criar o h\u00e1bito de incluir todos os cursos e certifica\u00e7\u00f5es assim que voc\u00ea conclu\u00ed-los, para manter seu curr\u00edculo constantemente atualizado e tornar seu trabalho bem mais f\u00e1cil quando voc\u00ea for procurar uma vaga.<\/span><\/p>\n<p style=\"text-align: left;\"><span style=\"font-size: 14pt;\">E a\u00ed, ficou interessado em tirar uma certifica\u00e7\u00e3o e turbinar a sua carreira? <a title=\"Como escolher uma institui\u00e7\u00e3o para cursos de especializa\u00e7\u00e3o? Veja no e-book!\" href=\"https:\/\/www.impacta.com.br\/blog\/2017\/06\/23\/como-escolher-uma-instituicao-para-cursos-de-especializacao-veja-no-e-book\/\" target=\"_blank\" rel=\"noopener noreferrer\">Saiba como escolher a institui\u00e7\u00e3o de ensino para conquistar a sua<\/a>!<\/span><\/p>\n<div class=\"sharing-default-minimal post-bottom\"><div class=\"nectar-social default\" data-position=\"\" data-rm-love=\"0\" data-color-override=\"override\"><div class=\"nectar-social-inner\"><a href=\"#\" class=\"nectar-love\" id=\"nectar-love-11674\" title=\"Love this\"> <i class=\"icon-salient-heart-2\"><\/i><span class=\"love-text\">Love<\/span><span class=\"total_loves\"><span class=\"nectar-love-count\">0<\/span><\/span><\/a><a class='facebook-share nectar-sharing' href='#' title='Share this'> <i class='fa fa-facebook'><\/i> <span class='social-text'>Share<\/span> <\/a><a class='twitter-share nectar-sharing' href='#' title='Share this'> <i class='fa icon-salient-x-twitter'><\/i> <span class='social-text'>Share<\/span> <\/a><a class='linkedin-share nectar-sharing' href='#' title='Share this'> <i class='fa fa-linkedin'><\/i> <span class='social-text'>Share<\/span> <\/a><a class='pinterest-share nectar-sharing' href='#' title='Pin this'> <i class='fa fa-pinterest'><\/i> <span class='social-text'>Pin<\/span> <\/a><\/div><\/div><\/div>","protected":false},"excerpt":{"rendered":"<p>Ana est\u00e1 superfeliz: ela foi a \u00fanica estagi\u00e1ria efetivada na ag\u00eancia de publicidade em que trabalha. Al\u00e9m de ter um ingl\u00eas perfeito e estar no \u00faltimo ano da faculdade de design, como todos os outros estagi\u00e1rios, ela turbinou o seu curr\u00edculo com um\u00a0certificado em Marketing Digital\u00a0que fez toda a diferen\u00e7a na hora de ser contratada [&hellip;]<\/p>\n","protected":false},"author":2,"featured_media":17006,"comment_status":"open","ping_status":"open","sticky":false,"template":"","format":"standard","meta":{"footnotes":""},"categories":[13],"tags":[45],"class_list":["post-11674","post","type-post","status-publish","format-standard","has-post-thumbnail","hentry","category-carreira","tag-certificacao"],"yoast_head":"<!-- This site is optimized with the Yoast SEO plugin v25.1 - https:\/\/yoast.com\/wordpress\/plugins\/seo\/ -->\r\n<title>Certifica\u00e7\u00e3o: qual a import\u00e2ncia de se atualizar na empresa?<\/title>\r\n<meta name=\"description\" content=\"\u00c9 comum acharem que s\u00f3 quem est\u00e1 desempregado \u00e9 que precisa se atualizar. Por\u00e9m, uma certifica\u00e7\u00e3o pode ser muito \u00fatil a quem deseja crescer na empresa!\" \/>\r\n<meta name=\"robots\" content=\"index, follow, max-snippet:-1, max-image-preview:large, max-video-preview:-1\" \/>\r\n<link rel=\"canonical\" href=\"https:\/\/www.impacta.com.br\/blog\/certificacao-importancia-atualizar-empresa\/\" \/>\r\n<meta property=\"og:locale\" content=\"pt_BR\" \/>\r\n<meta property=\"og:type\" content=\"article\" \/>\r\n<meta property=\"og:title\" content=\"Certifica\u00e7\u00e3o: qual a import\u00e2ncia de se atualizar na empresa?\" \/>\r\n<meta property=\"og:description\" content=\"\u00c9 comum acharem que s\u00f3 quem est\u00e1 desempregado \u00e9 que precisa se atualizar. Por\u00e9m, uma certifica\u00e7\u00e3o pode ser muito \u00fatil a quem deseja crescer na empresa!\" \/>\r\n<meta property=\"og:url\" content=\"https:\/\/www.impacta.com.br\/blog\/certificacao-importancia-atualizar-empresa\/\" \/>\r\n<meta property=\"og:site_name\" content=\"Blog Impacta - Dicas e Not\u00edcias sobre Carreira\" \/>\r\n<meta property=\"article:published_time\" content=\"2017-07-14T13:25:40+00:00\" \/>\r\n<meta property=\"og:image\" content=\"https:\/\/www.impacta.com.br\/blog\/wp-content\/uploads\/2020\/04\/header_certificacao_PMI.jpg\" \/>\r\n\t<meta property=\"og:image:width\" content=\"850\" \/>\r\n\t<meta property=\"og:image:height\" content=\"284\" \/>\r\n\t<meta property=\"og:image:type\" content=\"image\/jpeg\" \/>\r\n<meta name=\"author\" content=\"Reda\u00e7\u00e3o Impacta\" \/>\r\n<meta name=\"twitter:card\" content=\"summary_large_image\" \/>\r\n<meta name=\"twitter:label1\" content=\"Written by\" \/>\n\t<meta name=\"twitter:data1\" content=\"Reda\u00e7\u00e3o Impacta\" \/>\n\t<meta name=\"twitter:label2\" content=\"Est. reading time\" \/>\n\t<meta name=\"twitter:data2\" content=\"5 minutos\" \/>\r\n<script type=\"application\/ld+json\" class=\"yoast-schema-graph\">{\"@context\":\"https:\/\/schema.org\",\"@graph\":[{\"@type\":\"WebPage\",\"@id\":\"https:\/\/www.impacta.com.br\/blog\/certificacao-importancia-atualizar-empresa\/\",\"url\":\"https:\/\/www.impacta.com.br\/blog\/certificacao-importancia-atualizar-empresa\/\",\"name\":\"Certifica\u00e7\u00e3o: qual a import\u00e2ncia de se atualizar na empresa?\",\"isPartOf\":{\"@id\":\"https:\/\/www.impacta.com.br\/blog\/#website\"},\"primaryImageOfPage\":{\"@id\":\"https:\/\/www.impacta.com.br\/blog\/certificacao-importancia-atualizar-empresa\/#primaryimage\"},\"image\":{\"@id\":\"https:\/\/www.impacta.com.br\/blog\/certificacao-importancia-atualizar-empresa\/#primaryimage\"},\"thumbnailUrl\":\"https:\/\/www.impacta.com.br\/blog\/wp-content\/uploads\/2020\/04\/header_certificacao_PMI.jpg\",\"datePublished\":\"2017-07-14T13:25:40+00:00\",\"author\":{\"@id\":\"https:\/\/www.impacta.com.br\/blog\/#\/schema\/person\/2e0896bac7656da15b68f5ad2ddd0d8c\"},\"description\":\"\u00c9 comum acharem que s\u00f3 quem est\u00e1 desempregado \u00e9 que precisa se atualizar. Por\u00e9m, uma certifica\u00e7\u00e3o pode ser muito \u00fatil a quem deseja crescer na empresa!\",\"breadcrumb\":{\"@id\":\"https:\/\/www.impacta.com.br\/blog\/certificacao-importancia-atualizar-empresa\/#breadcrumb\"},\"inLanguage\":\"pt-BR\",\"potentialAction\":[{\"@type\":\"ReadAction\",\"target\":[\"https:\/\/www.impacta.com.br\/blog\/certificacao-importancia-atualizar-empresa\/\"]}]},{\"@type\":\"ImageObject\",\"inLanguage\":\"pt-BR\",\"@id\":\"https:\/\/www.impacta.com.br\/blog\/certificacao-importancia-atualizar-empresa\/#primaryimage\",\"url\":\"https:\/\/www.impacta.com.br\/blog\/wp-content\/uploads\/2020\/04\/header_certificacao_PMI.jpg\",\"contentUrl\":\"https:\/\/www.impacta.com.br\/blog\/wp-content\/uploads\/2020\/04\/header_certificacao_PMI.jpg\",\"width\":850,\"height\":284},{\"@type\":\"BreadcrumbList\",\"@id\":\"https:\/\/www.impacta.com.br\/blog\/certificacao-importancia-atualizar-empresa\/#breadcrumb\",\"itemListElement\":[{\"@type\":\"ListItem\",\"position\":1,\"name\":\"In\u00edcio\",\"item\":\"https:\/\/www.impacta.com.br\/blog\/\"},{\"@type\":\"ListItem\",\"position\":2,\"name\":\"Certifica\u00e7\u00e3o: qual a import\u00e2ncia de se atualizar na empresa?\"}]},{\"@type\":\"WebSite\",\"@id\":\"https:\/\/www.impacta.com.br\/blog\/#website\",\"url\":\"https:\/\/www.impacta.com.br\/blog\/\",\"name\":\"Blog Impacta - Dicas e Not\u00edcias sobre Carreira\",\"description\":\"Dicas, Not\u00edcias e Conte\u00fados sobre Carreira, Tecnologia, Design, Gest\u00e3o e Marketing. Conhe\u00e7a e Acompanhe o Blog Impacta\",\"potentialAction\":[{\"@type\":\"SearchAction\",\"target\":{\"@type\":\"EntryPoint\",\"urlTemplate\":\"https:\/\/www.impacta.com.br\/blog\/?s={search_term_string}\"},\"query-input\":{\"@type\":\"PropertyValueSpecification\",\"valueRequired\":true,\"valueName\":\"search_term_string\"}}],\"inLanguage\":\"pt-BR\"},{\"@type\":\"Person\",\"@id\":\"https:\/\/www.impacta.com.br\/blog\/#\/schema\/person\/2e0896bac7656da15b68f5ad2ddd0d8c\",\"name\":\"Reda\u00e7\u00e3o Impacta\",\"image\":{\"@type\":\"ImageObject\",\"inLanguage\":\"pt-BR\",\"@id\":\"https:\/\/www.impacta.com.br\/blog\/#\/schema\/person\/image\/\",\"url\":\"https:\/\/secure.gravatar.com\/avatar\/7443a59e479c8f31067628e3a4bed9ad?s=96&d=mm&r=g\",\"contentUrl\":\"https:\/\/secure.gravatar.com\/avatar\/7443a59e479c8f31067628e3a4bed9ad?s=96&d=mm&r=g\",\"caption\":\"Reda\u00e7\u00e3o Impacta\"},\"url\":\"https:\/\/www.impacta.com.br\/blog\/author\/redacao\/\"}]}<\/script>\r\n<!-- \/ Yoast SEO plugin. -->","yoast_head_json":{"title":"Certifica\u00e7\u00e3o: qual a import\u00e2ncia de se atualizar na empresa?","description":"\u00c9 comum acharem que s\u00f3 quem est\u00e1 desempregado \u00e9 que precisa se atualizar. Por\u00e9m, uma certifica\u00e7\u00e3o pode ser muito \u00fatil a quem deseja crescer na empresa!","robots":{"index":"index","follow":"follow","max-snippet":"max-snippet:-1","max-image-preview":"max-image-preview:large","max-video-preview":"max-video-preview:-1"},"canonical":"https:\/\/www.impacta.com.br\/blog\/certificacao-importancia-atualizar-empresa\/","og_locale":"pt_BR","og_type":"article","og_title":"Certifica\u00e7\u00e3o: qual a import\u00e2ncia de se atualizar na empresa?","og_description":"\u00c9 comum acharem que s\u00f3 quem est\u00e1 desempregado \u00e9 que precisa se atualizar. Por\u00e9m, uma certifica\u00e7\u00e3o pode ser muito \u00fatil a quem deseja crescer na empresa!","og_url":"https:\/\/www.impacta.com.br\/blog\/certificacao-importancia-atualizar-empresa\/","og_site_name":"Blog Impacta - Dicas e Not\u00edcias sobre Carreira","article_published_time":"2017-07-14T13:25:40+00:00","og_image":[{"width":850,"height":284,"url":"https:\/\/www.impacta.com.br\/blog\/wp-content\/uploads\/2020\/04\/header_certificacao_PMI.jpg","type":"image\/jpeg"}],"author":"Reda\u00e7\u00e3o Impacta","twitter_card":"summary_large_image","twitter_misc":{"Written by":"Reda\u00e7\u00e3o Impacta","Est. reading time":"5 minutos"},"schema":{"@context":"https:\/\/schema.org","@graph":[{"@type":"WebPage","@id":"https:\/\/www.impacta.com.br\/blog\/certificacao-importancia-atualizar-empresa\/","url":"https:\/\/www.impacta.com.br\/blog\/certificacao-importancia-atualizar-empresa\/","name":"Certifica\u00e7\u00e3o: qual a import\u00e2ncia de se atualizar na empresa?","isPartOf":{"@id":"https:\/\/www.impacta.com.br\/blog\/#website"},"primaryImageOfPage":{"@id":"https:\/\/www.impacta.com.br\/blog\/certificacao-importancia-atualizar-empresa\/#primaryimage"},"image":{"@id":"https:\/\/www.impacta.com.br\/blog\/certificacao-importancia-atualizar-empresa\/#primaryimage"},"thumbnailUrl":"https:\/\/www.impacta.com.br\/blog\/wp-content\/uploads\/2020\/04\/header_certificacao_PMI.jpg","datePublished":"2017-07-14T13:25:40+00:00","author":{"@id":"https:\/\/www.impacta.com.br\/blog\/#\/schema\/person\/2e0896bac7656da15b68f5ad2ddd0d8c"},"description":"\u00c9 comum acharem que s\u00f3 quem est\u00e1 desempregado \u00e9 que precisa se atualizar. Por\u00e9m, uma certifica\u00e7\u00e3o pode ser muito \u00fatil a quem deseja crescer na empresa!","breadcrumb":{"@id":"https:\/\/www.impacta.com.br\/blog\/certificacao-importancia-atualizar-empresa\/#breadcrumb"},"inLanguage":"pt-BR","potentialAction":[{"@type":"ReadAction","target":["https:\/\/www.impacta.com.br\/blog\/certificacao-importancia-atualizar-empresa\/"]}]},{"@type":"ImageObject","inLanguage":"pt-BR","@id":"https:\/\/www.impacta.com.br\/blog\/certificacao-importancia-atualizar-empresa\/#primaryimage","url":"https:\/\/www.impacta.com.br\/blog\/wp-content\/uploads\/2020\/04\/header_certificacao_PMI.jpg","contentUrl":"https:\/\/www.impacta.com.br\/blog\/wp-content\/uploads\/2020\/04\/header_certificacao_PMI.jpg","width":850,"height":284},{"@type":"BreadcrumbList","@id":"https:\/\/www.impacta.com.br\/blog\/certificacao-importancia-atualizar-empresa\/#breadcrumb","itemListElement":[{"@type":"ListItem","position":1,"name":"In\u00edcio","item":"https:\/\/www.impacta.com.br\/blog\/"},{"@type":"ListItem","position":2,"name":"Certifica\u00e7\u00e3o: qual a import\u00e2ncia de se atualizar na empresa?"}]},{"@type":"WebSite","@id":"https:\/\/www.impacta.com.br\/blog\/#website","url":"https:\/\/www.impacta.com.br\/blog\/","name":"Blog Impacta - Dicas e Not\u00edcias sobre Carreira","description":"Dicas, Not\u00edcias e Conte\u00fados sobre Carreira, Tecnologia, Design, Gest\u00e3o e Marketing. Conhe\u00e7a e Acompanhe o Blog Impacta","potentialAction":[{"@type":"SearchAction","target":{"@type":"EntryPoint","urlTemplate":"https:\/\/www.impacta.com.br\/blog\/?s={search_term_string}"},"query-input":{"@type":"PropertyValueSpecification","valueRequired":true,"valueName":"search_term_string"}}],"inLanguage":"pt-BR"},{"@type":"Person","@id":"https:\/\/www.impacta.com.br\/blog\/#\/schema\/person\/2e0896bac7656da15b68f5ad2ddd0d8c","name":"Reda\u00e7\u00e3o Impacta","image":{"@type":"ImageObject","inLanguage":"pt-BR","@id":"https:\/\/www.impacta.com.br\/blog\/#\/schema\/person\/image\/","url":"https:\/\/secure.gravatar.com\/avatar\/7443a59e479c8f31067628e3a4bed9ad?s=96&d=mm&r=g","contentUrl":"https:\/\/secure.gravatar.com\/avatar\/7443a59e479c8f31067628e3a4bed9ad?s=96&d=mm&r=g","caption":"Reda\u00e7\u00e3o Impacta"},"url":"https:\/\/www.impacta.com.br\/blog\/author\/redacao\/"}]}},"acf":{"post_description":null,"capa_mobile":null},"_links":{"self":[{"href":"https:\/\/www.impacta.com.br\/blog\/wp-json\/wp\/v2\/posts\/11674","targetHints":{"allow":["GET"]}}],"collection":[{"href":"https:\/\/www.impacta.com.br\/blog\/wp-json\/wp\/v2\/posts"}],"about":[{"href":"https:\/\/www.impacta.com.br\/blog\/wp-json\/wp\/v2\/types\/post"}],"author":[{"embeddable":true,"href":"https:\/\/www.impacta.com.br\/blog\/wp-json\/wp\/v2\/users\/2"}],"replies":[{"embeddable":true,"href":"https:\/\/www.impacta.com.br\/blog\/wp-json\/wp\/v2\/comments?post=11674"}],"version-history":[{"count":0,"href":"https:\/\/www.impacta.com.br\/blog\/wp-json\/wp\/v2\/posts\/11674\/revisions"}],"wp:featuredmedia":[{"embeddable":true,"href":"https:\/\/www.impacta.com.br\/blog\/wp-json\/wp\/v2\/media\/17006"}],"wp:attachment":[{"href":"https:\/\/www.impacta.com.br\/blog\/wp-json\/wp\/v2\/media?parent=11674"}],"wp:term":[{"taxonomy":"category","embeddable":true,"href":"https:\/\/www.impacta.com.br\/blog\/wp-json\/wp\/v2\/categories?post=11674"},{"taxonomy":"post_tag","embeddable":true,"href":"https:\/\/www.impacta.com.br\/blog\/wp-json\/wp\/v2\/tags?post=11674"}],"curies":[{"name":"wp","href":"https:\/\/api.w.org\/{rel}","templated":true}]}}