{"id":11596,"date":"2017-06-28T09:12:23","date_gmt":"2017-06-28T12:12:23","guid":{"rendered":"http:\/\/www.impacta.com.br\/blog\/?p=11596"},"modified":"2017-06-28T09:12:23","modified_gmt":"2017-06-28T12:12:23","slug":"confira-as-palestras-gratuitas-da-impacta-em-julho","status":"publish","type":"post","link":"https:\/\/www.impacta.com.br\/blog\/confira-as-palestras-gratuitas-da-impacta-em-julho\/","title":{"rendered":"Confira as palestras gratuitas da Impacta em julho. Marque na agenda!"},"content":{"rendered":"<p style=\"text-align: left;\"><span style=\"font-size: 14pt;\">Para continuar se atualizado sobre as tend\u00eancias, ferramentas e solu\u00e7\u00f5es na \u00e1rea de tecnologia e digital, o <strong>Grupo Impacta<\/strong> j\u00e1 disponibilizou sua agenda de eventos e palestras gratuitas para o m\u00eas de julho.<\/span><\/p>\n<p style=\"text-align: left;\"><span style=\"font-size: 14pt;\">Durante o m\u00eas tem palestras gratuitas sobre <a title=\"Saiba como os cursos de Office s\u00e3o valorizados em seu curr\u00edculo\" href=\"https:\/\/www.impacta.com.br\/blog\/2017\/06\/05\/saiba-como-os-cursos-de-office-sao-valorizados-em-seu-curriculo\/\" target=\"_blank\" rel=\"noopener noreferrer\">Office<\/a>, Axure e <a title=\"e-Book: Um guia para come\u00e7ar a carreira em TI\" href=\"https:\/\/www.impacta.com.br\/blog\/2017\/01\/13\/e-book-um-guia-para-comecar-a-carreira-em-ti\/\" target=\"_blank\" rel=\"noopener noreferrer\">Mercado de TI<\/a>. Fa\u00e7a sua inscri\u00e7\u00e3o e participe!<\/span><\/p>\n<h2 style=\"text-align: center;\"><strong><span style=\"font-size: 14pt;\">03\/07 &#8211; Office 365 e ferramentas na nuvem<\/span><\/strong><\/h2>\n<p style=\"text-align: center;\"><a href=\"https:\/\/www.impacta.com.br\/eventos\/30-06-2017-Office-365-e-ferramentas-na-nuvem\" target=\"_blank\" rel=\"noopener noreferrer\"><img loading=\"lazy\" decoding=\"async\" class=\"aligncenter wp-image-11598\" title=\"Participe da Palestra gratuita sobre Office 365\" src=\"https:\/\/www.impacta.com.br\/blog\/wp-content\/uploads\/2017\/06\/face_1200x630-palestra_gratuita-Office_365_e_ferramentas_na_nuvem.jpg\" alt=\"Participe das Palestras gratuitas de julho! Aprenda sobre Office 365\" width=\"600\" height=\"315\" \/><\/a><\/p>\n<p style=\"text-align: left;\"><span style=\"font-size: 14pt;\">Caio Ludovice, instrutor Impacta especializado em Microsoft Office, mostra as principais funcionalidades e diferenciais do Office 365 e quais solu\u00e7\u00f5es ele pode oferecer ao seu projeto ou empresa.<\/span><\/p>\n<p style=\"text-align: center;\"><a title=\"Inscreva-se na palestra gratuita\" href=\"https:\/\/www.impacta.com.br\/eventos\/30-06-2017-Office-365-e-ferramentas-na-nuvem\" target=\"_blank\" rel=\"noopener noreferrer\"><strong><span style=\"font-size: 14pt;\">Fa\u00e7a sua inscri\u00e7\u00e3o!<\/span><\/strong><\/a><\/p>\n<h2 style=\"text-align: center;\"><span style=\"font-size: 14pt;\"><strong>04\/07 &#8211; Como alcan\u00e7ar o sucesso no mercado de TI, gest\u00e3o, design e mercado digital<\/strong><\/span><\/h2>\n<p style=\"text-align: center;\"><a href=\"https:\/\/www.impacta.com.br\/eventos\/04-07-2017-Como-alcancar-o-sucesso-no-mercado-de-TIe-gestaoe-design-e-mercado-digital\" target=\"_blank\" rel=\"noopener noreferrer\"><img loading=\"lazy\" decoding=\"async\" class=\"aligncenter wp-image-9163\" title=\"Participe da palestra e saiba mais sobre o mercado de TI\" src=\"https:\/\/www.impacta.com.br\/blog\/wp-content\/uploads\/2016\/05\/palestra-tosca-ainda-pulso.jpg\" alt=\"Participe da palestra e saiba mais sobre o mercado de TI\" width=\"600\" height=\"314\" \/><\/a><\/p>\n<p style=\"text-align: left;\"><span style=\"font-size: 14pt;\">C\u00e9lio Antunes, presidente-fundador do Grupo impacta aborda diversas dicas sobre o mercado de trabalho, empreendedorismo, carreira, erros que n\u00e3o podem ser cometidos por um profissional, entre outras.<\/span><\/p>\n<p style=\"text-align: center;\"><a title=\"Fa\u00e7a j\u00e1 sua inscri\u00e7\u00e3o\" href=\"https:\/\/www.impacta.com.br\/eventos\/04-07-2017-Como-alcancar-o-sucesso-no-mercado-de-TIe-gestaoe-design-e-mercado-digital\" target=\"_blank\" rel=\"noopener noreferrer\"><span style=\"font-size: 14pt;\"><strong>Inscreva-se agora!<\/strong><\/span><\/a><\/p>\n<h2 style=\"text-align: center;\"><strong><span style=\"font-size: 14pt;\">\u00a006\/07- Prot\u00f3tipos Mobile com Axure<\/span><\/strong><\/h2>\n<p style=\"text-align: center;\"><a href=\"https:\/\/www.impacta.com.br\/eventos\/06-07-2017-Prototipos-Mobile-com-Axure\" target=\"_blank\" rel=\"noopener noreferrer\"><img loading=\"lazy\" decoding=\"async\" class=\"aligncenter wp-image-11600\" title=\"Inscreva-se na palestra gratuita e conhe\u00e7a o Axure\" src=\"https:\/\/www.impacta.com.br\/blog\/wp-content\/uploads\/2017\/06\/face_1200x630-Palestra-Gratuita-Protootipos-Mobile-com-Axure.jpg\" alt=\"Inscreva-se na palestra gratuita e conhe\u00e7a o Axure\" width=\"600\" height=\"315\" \/><\/a><\/p>\n<p style=\"text-align: left;\"><span style=\"font-size: 14pt;\">Wilson Bizon, instrutor Impacta com ampla experi\u00eancia e viv\u00eancia no mercado Web, vai te mostrar a interface e as principais funcionalidades do software Axure, a ferramenta mais completa e mais utilizada no mercado de cria\u00e7\u00e3o de wireframes e prot\u00f3tipos para aplica\u00e7\u00f5es mobile. <\/span><\/p>\n<p style=\"text-align: left;\"><span style=\"font-size: 14pt;\">Na palestra, voc\u00ea ainda ir\u00e1 desenvolver um prot\u00f3tipo do zero!<\/span><\/p>\n<p style=\"text-align: center;\"><a title=\"Garanta sua vaga na palestra gratuita\" href=\"https:\/\/www.impacta.com.br\/eventos\/06-07-2017-Prototipos-Mobile-com-Axure\" target=\"_blank\" rel=\"noopener noreferrer\"><strong><span style=\"font-size: 14pt;\">Garanta sua vaga aqui!<\/span><\/strong><\/a><\/p>\n<p style=\"text-align: left;\"><span style=\"font-size: 18.6667px;\">E a\u00ed, est\u00e1 esperando o qu\u00ea para se inscrever? Fique por dentro de todos os nossos eventos e palestras: assine nossa newsletter ou <a title=\"Eventos e palestras Impacta\" href=\"https:\/\/www.impacta.com.br\/eventos\/index.php\" target=\"_blank\" rel=\"noopener noreferrer\">acesse a p\u00e1gina aqui<\/a>!<\/span><\/p>\n<div class=\"sharing-default-minimal post-bottom\"><div class=\"nectar-social default\" data-position=\"\" data-rm-love=\"0\" data-color-override=\"override\"><div class=\"nectar-social-inner\"><a href=\"#\" class=\"nectar-love\" id=\"nectar-love-11596\" title=\"Love this\"> <i class=\"icon-salient-heart-2\"><\/i><span class=\"love-text\">Love<\/span><span class=\"total_loves\"><span class=\"nectar-love-count\">0<\/span><\/span><\/a><a class='facebook-share nectar-sharing' href='#' title='Share this'> <i class='fa fa-facebook'><\/i> <span class='social-text'>Share<\/span> <\/a><a class='twitter-share nectar-sharing' href='#' title='Share this'> <i class='fa icon-salient-x-twitter'><\/i> <span class='social-text'>Share<\/span> <\/a><a class='linkedin-share nectar-sharing' href='#' title='Share this'> <i class='fa fa-linkedin'><\/i> <span class='social-text'>Share<\/span> <\/a><a class='pinterest-share nectar-sharing' href='#' title='Pin this'> <i class='fa fa-pinterest'><\/i> <span class='social-text'>Pin<\/span> <\/a><\/div><\/div><\/div>","protected":false},"excerpt":{"rendered":"<p>Para continuar se atualizado sobre as tend\u00eancias, ferramentas e solu\u00e7\u00f5es na \u00e1rea de tecnologia e digital, o Grupo Impacta j\u00e1 disponibilizou sua agenda de eventos e palestras gratuitas para o m\u00eas de julho. Durante o m\u00eas tem palestras gratuitas sobre Office, Axure e Mercado de TI. Fa\u00e7a sua inscri\u00e7\u00e3o e participe! 03\/07 &#8211; Office 365 [&hellip;]<\/p>\n","protected":false},"author":11,"featured_media":17316,"comment_status":"open","ping_status":"open","sticky":false,"template":"","format":"standard","meta":{"footnotes":""},"categories":[13],"tags":[496,484,485],"class_list":["post-11596","post","type-post","status-publish","format-standard","has-post-thumbnail","hentry","category-carreira","tag-eventos-de-ti","tag-eventos-gratuitos","tag-palestras-gratuitas"],"yoast_head":"<!-- This site is optimized with the Yoast SEO plugin v25.1 - https:\/\/yoast.com\/wordpress\/plugins\/seo\/ -->\r\n<title>Confira as palestras gratuitas da Impacta em julho<\/title>\r\n<meta name=\"description\" content=\"Quer acompanhas as tend\u00eancias e dicas de especialistas na \u00e1rea de tecnologia e digital? Ent\u00e3o salve na agenda as palestras gratuitas da Impacta em julho!\" \/>\r\n<meta name=\"robots\" content=\"index, follow, max-snippet:-1, max-image-preview:large, max-video-preview:-1\" \/>\r\n<link rel=\"canonical\" href=\"https:\/\/www.impacta.com.br\/blog\/confira-as-palestras-gratuitas-da-impacta-em-julho\/\" \/>\r\n<meta property=\"og:locale\" content=\"pt_BR\" \/>\r\n<meta property=\"og:type\" content=\"article\" \/>\r\n<meta property=\"og:title\" content=\"Confira as palestras gratuitas da Impacta em julho\" \/>\r\n<meta property=\"og:description\" content=\"Quer acompanhas as tend\u00eancias e dicas de especialistas na \u00e1rea de tecnologia e digital? Ent\u00e3o salve na agenda as palestras gratuitas da Impacta em julho!\" \/>\r\n<meta property=\"og:url\" content=\"https:\/\/www.impacta.com.br\/blog\/confira-as-palestras-gratuitas-da-impacta-em-julho\/\" \/>\r\n<meta property=\"og:site_name\" content=\"Blog Impacta - Dicas e Not\u00edcias sobre Carreira\" \/>\r\n<meta property=\"article:published_time\" content=\"2017-06-28T12:12:23+00:00\" \/>\r\n<meta property=\"og:image\" content=\"https:\/\/www.impacta.com.br\/blog\/wp-content\/uploads\/2020\/04\/agenda_eventos.jpg\" \/>\r\n\t<meta property=\"og:image:width\" content=\"850\" \/>\r\n\t<meta property=\"og:image:height\" content=\"284\" \/>\r\n\t<meta property=\"og:image:type\" content=\"image\/jpeg\" \/>\r\n<meta name=\"author\" content=\"Rodrigo Cipullo\" \/>\r\n<meta name=\"twitter:card\" content=\"summary_large_image\" \/>\r\n<meta name=\"twitter:label1\" content=\"Written by\" \/>\n\t<meta name=\"twitter:data1\" content=\"Rodrigo Cipullo\" \/>\n\t<meta name=\"twitter:label2\" content=\"Est. reading time\" \/>\n\t<meta name=\"twitter:data2\" content=\"1 minuto\" \/>\r\n<script type=\"application\/ld+json\" class=\"yoast-schema-graph\">{\"@context\":\"https:\/\/schema.org\",\"@graph\":[{\"@type\":\"WebPage\",\"@id\":\"https:\/\/www.impacta.com.br\/blog\/confira-as-palestras-gratuitas-da-impacta-em-julho\/\",\"url\":\"https:\/\/www.impacta.com.br\/blog\/confira-as-palestras-gratuitas-da-impacta-em-julho\/\",\"name\":\"Confira as palestras gratuitas da Impacta em julho\",\"isPartOf\":{\"@id\":\"https:\/\/www.impacta.com.br\/blog\/#website\"},\"primaryImageOfPage\":{\"@id\":\"https:\/\/www.impacta.com.br\/blog\/confira-as-palestras-gratuitas-da-impacta-em-julho\/#primaryimage\"},\"image\":{\"@id\":\"https:\/\/www.impacta.com.br\/blog\/confira-as-palestras-gratuitas-da-impacta-em-julho\/#primaryimage\"},\"thumbnailUrl\":\"https:\/\/www.impacta.com.br\/blog\/wp-content\/uploads\/2020\/04\/agenda_eventos.jpg\",\"datePublished\":\"2017-06-28T12:12:23+00:00\",\"author\":{\"@id\":\"https:\/\/www.impacta.com.br\/blog\/#\/schema\/person\/4d65bba672b23058e6f6868c2007e9e4\"},\"description\":\"Quer acompanhas as tend\u00eancias e dicas de especialistas na \u00e1rea de tecnologia e digital? Ent\u00e3o salve na agenda as palestras gratuitas da Impacta em julho!\",\"breadcrumb\":{\"@id\":\"https:\/\/www.impacta.com.br\/blog\/confira-as-palestras-gratuitas-da-impacta-em-julho\/#breadcrumb\"},\"inLanguage\":\"pt-BR\",\"potentialAction\":[{\"@type\":\"ReadAction\",\"target\":[\"https:\/\/www.impacta.com.br\/blog\/confira-as-palestras-gratuitas-da-impacta-em-julho\/\"]}]},{\"@type\":\"ImageObject\",\"inLanguage\":\"pt-BR\",\"@id\":\"https:\/\/www.impacta.com.br\/blog\/confira-as-palestras-gratuitas-da-impacta-em-julho\/#primaryimage\",\"url\":\"https:\/\/www.impacta.com.br\/blog\/wp-content\/uploads\/2020\/04\/agenda_eventos.jpg\",\"contentUrl\":\"https:\/\/www.impacta.com.br\/blog\/wp-content\/uploads\/2020\/04\/agenda_eventos.jpg\",\"width\":850,\"height\":284},{\"@type\":\"BreadcrumbList\",\"@id\":\"https:\/\/www.impacta.com.br\/blog\/confira-as-palestras-gratuitas-da-impacta-em-julho\/#breadcrumb\",\"itemListElement\":[{\"@type\":\"ListItem\",\"position\":1,\"name\":\"In\u00edcio\",\"item\":\"https:\/\/www.impacta.com.br\/blog\/\"},{\"@type\":\"ListItem\",\"position\":2,\"name\":\"Confira as palestras gratuitas da Impacta em julho. Marque na agenda!\"}]},{\"@type\":\"WebSite\",\"@id\":\"https:\/\/www.impacta.com.br\/blog\/#website\",\"url\":\"https:\/\/www.impacta.com.br\/blog\/\",\"name\":\"Blog Impacta - Dicas e Not\u00edcias sobre Carreira\",\"description\":\"Dicas, Not\u00edcias e Conte\u00fados sobre Carreira, Tecnologia, Design, Gest\u00e3o e Marketing. Conhe\u00e7a e Acompanhe o Blog Impacta\",\"potentialAction\":[{\"@type\":\"SearchAction\",\"target\":{\"@type\":\"EntryPoint\",\"urlTemplate\":\"https:\/\/www.impacta.com.br\/blog\/?s={search_term_string}\"},\"query-input\":{\"@type\":\"PropertyValueSpecification\",\"valueRequired\":true,\"valueName\":\"search_term_string\"}}],\"inLanguage\":\"pt-BR\"},{\"@type\":\"Person\",\"@id\":\"https:\/\/www.impacta.com.br\/blog\/#\/schema\/person\/4d65bba672b23058e6f6868c2007e9e4\",\"name\":\"Rodrigo Cipullo\",\"image\":{\"@type\":\"ImageObject\",\"inLanguage\":\"pt-BR\",\"@id\":\"https:\/\/www.impacta.com.br\/blog\/#\/schema\/person\/image\/\",\"url\":\"https:\/\/secure.gravatar.com\/avatar\/4208f3295cdc2e6605ecbea31c73f7fd?s=96&d=mm&r=g\",\"contentUrl\":\"https:\/\/secure.gravatar.com\/avatar\/4208f3295cdc2e6605ecbea31c73f7fd?s=96&d=mm&r=g\",\"caption\":\"Rodrigo Cipullo\"},\"url\":\"https:\/\/www.impacta.com.br\/blog\/author\/rodrigo-cippulo\/\"}]}<\/script>\r\n<!-- \/ Yoast SEO plugin. -->","yoast_head_json":{"title":"Confira as palestras gratuitas da Impacta em julho","description":"Quer acompanhas as tend\u00eancias e dicas de especialistas na \u00e1rea de tecnologia e digital? Ent\u00e3o salve na agenda as palestras gratuitas da Impacta em julho!","robots":{"index":"index","follow":"follow","max-snippet":"max-snippet:-1","max-image-preview":"max-image-preview:large","max-video-preview":"max-video-preview:-1"},"canonical":"https:\/\/www.impacta.com.br\/blog\/confira-as-palestras-gratuitas-da-impacta-em-julho\/","og_locale":"pt_BR","og_type":"article","og_title":"Confira as palestras gratuitas da Impacta em julho","og_description":"Quer acompanhas as tend\u00eancias e dicas de especialistas na \u00e1rea de tecnologia e digital? Ent\u00e3o salve na agenda as palestras gratuitas da Impacta em julho!","og_url":"https:\/\/www.impacta.com.br\/blog\/confira-as-palestras-gratuitas-da-impacta-em-julho\/","og_site_name":"Blog Impacta - Dicas e Not\u00edcias sobre Carreira","article_published_time":"2017-06-28T12:12:23+00:00","og_image":[{"width":850,"height":284,"url":"https:\/\/www.impacta.com.br\/blog\/wp-content\/uploads\/2020\/04\/agenda_eventos.jpg","type":"image\/jpeg"}],"author":"Rodrigo Cipullo","twitter_card":"summary_large_image","twitter_misc":{"Written by":"Rodrigo Cipullo","Est. reading time":"1 minuto"},"schema":{"@context":"https:\/\/schema.org","@graph":[{"@type":"WebPage","@id":"https:\/\/www.impacta.com.br\/blog\/confira-as-palestras-gratuitas-da-impacta-em-julho\/","url":"https:\/\/www.impacta.com.br\/blog\/confira-as-palestras-gratuitas-da-impacta-em-julho\/","name":"Confira as palestras gratuitas da Impacta em julho","isPartOf":{"@id":"https:\/\/www.impacta.com.br\/blog\/#website"},"primaryImageOfPage":{"@id":"https:\/\/www.impacta.com.br\/blog\/confira-as-palestras-gratuitas-da-impacta-em-julho\/#primaryimage"},"image":{"@id":"https:\/\/www.impacta.com.br\/blog\/confira-as-palestras-gratuitas-da-impacta-em-julho\/#primaryimage"},"thumbnailUrl":"https:\/\/www.impacta.com.br\/blog\/wp-content\/uploads\/2020\/04\/agenda_eventos.jpg","datePublished":"2017-06-28T12:12:23+00:00","author":{"@id":"https:\/\/www.impacta.com.br\/blog\/#\/schema\/person\/4d65bba672b23058e6f6868c2007e9e4"},"description":"Quer acompanhas as tend\u00eancias e dicas de especialistas na \u00e1rea de tecnologia e digital? Ent\u00e3o salve na agenda as palestras gratuitas da Impacta em julho!","breadcrumb":{"@id":"https:\/\/www.impacta.com.br\/blog\/confira-as-palestras-gratuitas-da-impacta-em-julho\/#breadcrumb"},"inLanguage":"pt-BR","potentialAction":[{"@type":"ReadAction","target":["https:\/\/www.impacta.com.br\/blog\/confira-as-palestras-gratuitas-da-impacta-em-julho\/"]}]},{"@type":"ImageObject","inLanguage":"pt-BR","@id":"https:\/\/www.impacta.com.br\/blog\/confira-as-palestras-gratuitas-da-impacta-em-julho\/#primaryimage","url":"https:\/\/www.impacta.com.br\/blog\/wp-content\/uploads\/2020\/04\/agenda_eventos.jpg","contentUrl":"https:\/\/www.impacta.com.br\/blog\/wp-content\/uploads\/2020\/04\/agenda_eventos.jpg","width":850,"height":284},{"@type":"BreadcrumbList","@id":"https:\/\/www.impacta.com.br\/blog\/confira-as-palestras-gratuitas-da-impacta-em-julho\/#breadcrumb","itemListElement":[{"@type":"ListItem","position":1,"name":"In\u00edcio","item":"https:\/\/www.impacta.com.br\/blog\/"},{"@type":"ListItem","position":2,"name":"Confira as palestras gratuitas da Impacta em julho. Marque na agenda!"}]},{"@type":"WebSite","@id":"https:\/\/www.impacta.com.br\/blog\/#website","url":"https:\/\/www.impacta.com.br\/blog\/","name":"Blog Impacta - Dicas e Not\u00edcias sobre Carreira","description":"Dicas, Not\u00edcias e Conte\u00fados sobre Carreira, Tecnologia, Design, Gest\u00e3o e Marketing. Conhe\u00e7a e Acompanhe o Blog Impacta","potentialAction":[{"@type":"SearchAction","target":{"@type":"EntryPoint","urlTemplate":"https:\/\/www.impacta.com.br\/blog\/?s={search_term_string}"},"query-input":{"@type":"PropertyValueSpecification","valueRequired":true,"valueName":"search_term_string"}}],"inLanguage":"pt-BR"},{"@type":"Person","@id":"https:\/\/www.impacta.com.br\/blog\/#\/schema\/person\/4d65bba672b23058e6f6868c2007e9e4","name":"Rodrigo Cipullo","image":{"@type":"ImageObject","inLanguage":"pt-BR","@id":"https:\/\/www.impacta.com.br\/blog\/#\/schema\/person\/image\/","url":"https:\/\/secure.gravatar.com\/avatar\/4208f3295cdc2e6605ecbea31c73f7fd?s=96&d=mm&r=g","contentUrl":"https:\/\/secure.gravatar.com\/avatar\/4208f3295cdc2e6605ecbea31c73f7fd?s=96&d=mm&r=g","caption":"Rodrigo Cipullo"},"url":"https:\/\/www.impacta.com.br\/blog\/author\/rodrigo-cippulo\/"}]}},"acf":{"post_description":null,"capa_mobile":null},"_links":{"self":[{"href":"https:\/\/www.impacta.com.br\/blog\/wp-json\/wp\/v2\/posts\/11596","targetHints":{"allow":["GET"]}}],"collection":[{"href":"https:\/\/www.impacta.com.br\/blog\/wp-json\/wp\/v2\/posts"}],"about":[{"href":"https:\/\/www.impacta.com.br\/blog\/wp-json\/wp\/v2\/types\/post"}],"author":[{"embeddable":true,"href":"https:\/\/www.impacta.com.br\/blog\/wp-json\/wp\/v2\/users\/11"}],"replies":[{"embeddable":true,"href":"https:\/\/www.impacta.com.br\/blog\/wp-json\/wp\/v2\/comments?post=11596"}],"version-history":[{"count":0,"href":"https:\/\/www.impacta.com.br\/blog\/wp-json\/wp\/v2\/posts\/11596\/revisions"}],"wp:featuredmedia":[{"embeddable":true,"href":"https:\/\/www.impacta.com.br\/blog\/wp-json\/wp\/v2\/media\/17316"}],"wp:attachment":[{"href":"https:\/\/www.impacta.com.br\/blog\/wp-json\/wp\/v2\/media?parent=11596"}],"wp:term":[{"taxonomy":"category","embeddable":true,"href":"https:\/\/www.impacta.com.br\/blog\/wp-json\/wp\/v2\/categories?post=11596"},{"taxonomy":"post_tag","embeddable":true,"href":"https:\/\/www.impacta.com.br\/blog\/wp-json\/wp\/v2\/tags?post=11596"}],"curies":[{"name":"wp","href":"https:\/\/api.w.org\/{rel}","templated":true}]}}