{"id":11539,"date":"2017-06-16T09:07:00","date_gmt":"2017-06-16T12:07:00","guid":{"rendered":"http:\/\/www.impacta.com.br\/blog\/?p=11539"},"modified":"2017-06-16T09:07:00","modified_gmt":"2017-06-16T12:07:00","slug":"saiba-como-fazer-um-personal-branding-eficiente","status":"publish","type":"post","link":"https:\/\/www.impacta.com.br\/blog\/saiba-como-fazer-um-personal-branding-eficiente\/","title":{"rendered":"Saiba como fazer um personal branding eficiente"},"content":{"rendered":"<div class=\"content-article\">\n<div id=\"read-only-article\">\n<p style=\"text-align: left;\"><span style=\"font-size: 14pt;\">Ter talento significa muito pouco no mercado de trabalho. Eu sei\u00a0que voc\u00ea vai achar alguma estranheza ao ler essa afirma\u00e7\u00e3o, mas no post de hoje, voc\u00ea vai entender por que ela \u00e9 t\u00e3o verdadeira.<\/span><\/p>\n<p style=\"text-align: left;\"><span style=\"font-size: 14pt;\">Imagine um profissional capacitado e habilidoso. Ele trabalha em uma empresa e desempenha bem suas fun\u00e7\u00f5es. Por\u00e9m, n\u00e3o costuma levar cr\u00e9dito por seu trabalho \u2013 ou seja,\u00a0esses\u00a0resultados n\u00e3o aparecem em seu <a title=\"Saiba como elaborar um curr\u00edculo para se mostrar para o mercado\" href=\"https:\/\/www.impacta.com.br\/blog\/2017\/03\/10\/como-elaborar-um-curriculo-para-mercado\/\" target=\"_blank\" rel=\"noopener noreferrer\">curr\u00edculo<\/a>. Ele n\u00e3o conhece muitas pessoas de sua \u00e1rea, ent\u00e3o poucos sabem de sua compet\u00eancia.<\/span><\/p>\n<p style=\"text-align: left;\"><span style=\"font-size: 14pt;\">Ser um excelente profissional pode garantir seu emprego e bons resultados nele \u2013\u00a0at\u00e9 mesmo uma <a title=\"Aprenda como conquistar uma promo\u00e7\u00e3o no trabalho!\" href=\"https:\/\/www.impacta.com.br\/blog\/2016\/11\/14\/aprenda-como-conquistar-uma-promocao-no-trabalho\/\" target=\"_blank\" rel=\"noopener noreferrer\">promo\u00e7\u00e3o<\/a>, talvez. No entanto, para se destacar no <a title=\"Veja 8 boas pr\u00e1ticas para ingressar no mercado de trabalho\" href=\"https:\/\/www.impacta.com.br\/blog\/2017\/01\/09\/veja-8-boas-praticas-para-ingressar-no-mercado-de-trabalho\/\" target=\"_blank\" rel=\"noopener noreferrer\">mercado de trabalho<\/a>, \u00e9 preciso mais. \u00c9 preciso um bom trabalho de <strong><em>personal branding<\/em><\/strong>. Voc\u00ea j\u00e1 planejou o seu?<\/span><\/p>\n<h2 style=\"text-align: left;\"><strong><span style=\"font-size: 14pt;\">O que \u00e9 <em>personal branding<\/em>?<\/span><\/strong><\/h2>\n<p style=\"text-align: left;\"><span style=\"font-size: 14pt;\">A palavra <em>branding <\/em>\u00e9 tradicionalmente relacionada \u00e0 constru\u00e7\u00e3o de uma imagem positiva para as marcas de empresas. Por\u00e9m, hoje, tem-se aplicado o mesmo termo \u00e0 carreira.\u00a0<\/span><\/p>\n<p style=\"text-align: left;\"><span style=\"font-size: 14pt;\"><span style=\"color: #3366ff;\">Se voc\u00ea fosse uma marca, como\u00a0outras pessoas te veriam?<\/span><\/span><\/p>\n<p style=\"text-align: left;\"><span style=\"font-size: 14pt;\">Ter uma marca pessoal positiva, conhecida e com credibilidade \u00e9 indispens\u00e1vel para encontrar e aproveitar as melhores oportunidades do mercado de trabalho. E n\u00e3o pense que estamos falando em autopromo\u00e7\u00e3o desenfreada e descontrolada. O <em>personal branding<\/em> consiste em criar uma marca profissional estrat\u00e9gica.\u00a0<span style=\"color: #3366ff;\">Quer saber como?\u00a0<\/span><\/span><\/p>\n<h2 style=\"text-align: left;\"><strong><span style=\"font-size: 14pt;\"><em>Personal branding<\/em> passo a passo<\/span><\/strong><\/h2>\n<p style=\"text-align: left;\"><span style=\"font-size: 14pt;\">A constru\u00e7\u00e3o da marca profissional \u00e9 um trabalho cont\u00ednuo e, \u00e0s vezes, desafiador, mas altamente recompensador. Pronto para come\u00e7ar e colher os resultados?\u00a0<\/span><\/p>\n<p style=\"text-align: center;\"><a href=\"https:\/\/www.impacta.com.br\/blog\/wp-content\/uploads\/2015\/10\/Conheca-mais-sobre-as-redes-sem-fio.jpg\" target=\"_blank\" rel=\"noopener noreferrer\"><img loading=\"lazy\" decoding=\"async\" class=\"aligncenter wp-image-8001\" title=\"Saiba como fazer um personal branding eficiente\" src=\"https:\/\/www.impacta.com.br\/blog\/wp-content\/uploads\/2015\/10\/Conheca-mais-sobre-as-redes-sem-fio.jpg\" alt=\"Saiba como fazer um personal branding eficiente\" width=\"650\" height=\"216\" \/><\/a><\/p>\n<p style=\"text-align: left;\"><span style=\"font-size: 14pt;\">Confira nosso passo a passo:<\/span><\/p>\n<h3><strong><span style=\"font-size: 14pt;\">1.\u00a0Defina seus objetivos de carreira<\/span><\/strong><\/h3>\n<p style=\"text-align: left;\"><span style=\"font-size: 14pt;\">Antes de mais nada, \u00e9 preciso saber onde voc\u00ea deseja chegar <a title=\"Conhe\u00e7a dicas para fazer uma gest\u00e3o de carreira eficiente\" href=\"https:\/\/www.impacta.com.br\/blog\/2017\/01\/02\/conheca-dicas-para-fazer-uma-gestao-de-carreira-eficiente\/\" target=\"_blank\" rel=\"noopener noreferrer\">em sua carreira<\/a>.\u00a0Um planejamento sem rumo \u00e9 pura perda de tempo! Por isso, defina com clareza seu objetivo profissional. Sua estrat\u00e9gia de <em>branding<\/em> ser\u00e1 guiada por ele.<\/span><\/p>\n<h3 style=\"text-align: left;\"><strong><span style=\"font-size: 14pt;\">2.\u00a0Elabore uma boa apresenta\u00e7\u00e3o<\/span><\/strong><\/h3>\n<p style=\"text-align: left;\"><span style=\"font-size: 14pt;\">Uma vez definido o objetivo, hora de come\u00e7ar a se comunicar com quem pode\u00a0ajud\u00e1-lo a chegar l\u00e1. Isso \u00e9 feito atrav\u00e9s de uma boa apresenta\u00e7\u00e3o, que envolve curr\u00edculo e\u00a0portf\u00f3lio, cart\u00e3o de visitas, redes sociais e at\u00e9 um site, se poss\u00edvel.\u00a0Considere, tamb\u00e9m, criar uma marca pessoal \u2014\u00a0uma logomarca!<\/span><\/p>\n<p style=\"text-align: left;\"><span style=\"font-size: 14pt;\">Em todo seu\u00a0material, use dados que comprovem seus bons resultados. Eles s\u00e3o muito mais eficazes do que autoelogios. Cuide da apar\u00eancia, clareza e objetividade de seus canais pessoais de comunica\u00e7\u00e3o, pois eles s\u00e3o sua melhor chance de causar uma boa primeira impress\u00e3o.<\/span><\/p>\n<h3 style=\"text-align: left;\"><strong><span style=\"font-size: 14pt;\">3.\u00a0Cuide de sua imagem pessoal<\/span><\/strong><\/h3>\n<p style=\"text-align: left;\"><span style=\"font-size: 14pt;\">Uma vez que voc\u00ea decida\u00a0investir em <em>personal branding<\/em>, essa entrega precisa ser completa. N\u00e3o adianta ter um <a href=\"https:\/\/www.linkedin.com\/company-beta\/59611\/\" target=\"_blank\" rel=\"noopener noreferrer\">LinkedIn<\/a> impec\u00e1vel e um <a href=\"https:\/\/www.facebook.com\/impactaoficial\" target=\"_blank\" rel=\"noopener noreferrer\">Facebook<\/a> cheio de postagens comprometedoras. <\/span><\/p>\n<p style=\"text-align: left;\"><span style=\"font-size: 14pt;\">N\u00e3o adianta se comportar bem na entrevista de emprego e mal na festa da empresa.<\/span><\/p>\n<p style=\"text-align: left;\"><span style=\"font-size: 14pt;\">Assuma a sua marca pessoal e trabalhe constantemente para preservar uma imagem positiva. N\u00e3o quero dizer, com isso, que voc\u00ea nunca mais vai poder se divertir: apenas o fa\u00e7a de maneira\u00a0respons\u00e1vel.<\/span><\/p>\n<p style=\"text-align: left;\"><span style=\"font-size: 14pt;\">Seja voc\u00ea mesmo,\u00a0mas com seus objetivos a longo prazo sempre em mente.<\/span><\/p>\n<h3 style=\"text-align: left;\"><strong><span style=\"font-size: 14pt;\">4.\u00a0Estude e produza conte\u00fado<\/span><\/strong><\/h3>\n<p style=\"text-align: left;\"><span style=\"font-size: 14pt;\">A produ\u00e7\u00e3o de conte\u00fado \u00e9 uma excelente forma de criar credibilidade. Falando sobre sua \u00e1rea, voc\u00ea se torna refer\u00eancia nela. Mas, para isso, obviamente, o conte\u00fado precisa ser original, relevante e sempre atualizado.<\/span><\/p>\n<p style=\"text-align: left;\"><span style=\"font-size: 14pt;\">Considere ter um blog, dar cursos ou at\u00e9 mesmo usar ferramentas j\u00e1 existentes, como a plataforma de\u00a0artigos do LinkedIn. E, para garantir que a sua produ\u00e7\u00e3o ser\u00e1 impec\u00e1vel, <a title=\"Entenda a import\u00e2ncia de fazer cursos livres online\" href=\"https:\/\/www.impacta.com.br\/blog\/2016\/12\/16\/entenda-a-importancia-de-fazer-cursos-livres-online\/\" target=\"_blank\" rel=\"noopener noreferrer\">estude sempre<\/a>! Quanto mais informa\u00e7\u00e3o sobre seu\u00a0mercado e mais capacita\u00e7\u00e3o tiver, melhor poder\u00e1 escrever sobre ele, e mais confian\u00e7a e visibilidade vai conquistar.<\/span><\/p>\n<h3 style=\"text-align: left;\"><strong><span style=\"font-size: 14pt;\">5.\u00a0Fa\u00e7a <em>networking<\/em><\/span><\/strong><\/h3>\n<p style=\"text-align: left;\"><span style=\"font-size: 14pt;\">O <em>networking <\/em>ainda \u00e9 uma das melhores formas de conquistar\u00a0visibilidade e garantir boas oportunidades. Dedique-se a conhecer e interagir com outros profissionais\u00a0sempre, seja fazendo\u00a0cursos, participando de\u00a0<a title=\"Eventos da Impacta\" href=\"https:\/\/www.impacta.com.br\/eventos\/index.php\" target=\"_blank\" rel=\"noopener noreferrer\">eventos<\/a> ou at\u00e9 mesmo usando as redes sociais.\u00a0Isso vai garantir que sua marca seja\u00a0positiva e\u00a0conhecida.<\/span><\/p>\n<p style=\"text-align: left;\"><span style=\"color: #3366ff;\"><strong><span style=\"font-size: 14pt;\">Nunca se esque\u00e7a: quem \u00e9 visto \u00e9 lembrado!\u00a0<\/span><\/strong><\/span><\/p>\n<p style=\"text-align: left;\"><span style=\"font-size: 14pt;\">Agora que voc\u00ea sabe como criar um <em>personal branding<\/em> imbat\u00edvel,\u00a0siga-nos no <a href=\"https:\/\/www.facebook.com\/impactaoficial\" target=\"_blank\" rel=\"noopener noreferrer\">Facebook<\/a>\u00a0e <a href=\"https:\/\/www.linkedin.com\/company\/impacta-tecnologia\" target=\"_blank\" rel=\"noopener noreferrer\">LinkedIn<\/a> para continuar recebendo dicas para desenvolver\u00a0sua carreira!<br \/>\n<\/span><\/p>\n<\/div>\n<\/div>\n<div class=\"sharing-default-minimal post-bottom\"><div class=\"nectar-social default\" data-position=\"\" data-rm-love=\"0\" data-color-override=\"override\"><div class=\"nectar-social-inner\"><a href=\"#\" class=\"nectar-love\" id=\"nectar-love-11539\" title=\"Love this\"> <i class=\"icon-salient-heart-2\"><\/i><span class=\"love-text\">Love<\/span><span class=\"total_loves\"><span class=\"nectar-love-count\">0<\/span><\/span><\/a><a class='facebook-share nectar-sharing' href='#' title='Share this'> <i class='fa fa-facebook'><\/i> <span class='social-text'>Share<\/span> <\/a><a class='twitter-share nectar-sharing' href='#' title='Share this'> <i class='fa icon-salient-x-twitter'><\/i> <span class='social-text'>Share<\/span> <\/a><a class='linkedin-share nectar-sharing' href='#' title='Share this'> <i class='fa fa-linkedin'><\/i> <span class='social-text'>Share<\/span> <\/a><a class='pinterest-share nectar-sharing' href='#' title='Pin this'> <i class='fa fa-pinterest'><\/i> <span class='social-text'>Pin<\/span> <\/a><\/div><\/div><\/div>","protected":false},"excerpt":{"rendered":"<p>Ter talento significa muito pouco no mercado de trabalho. Eu sei\u00a0que voc\u00ea vai achar alguma estranheza ao ler essa afirma\u00e7\u00e3o, mas no post de hoje, voc\u00ea vai entender por que ela \u00e9 t\u00e3o verdadeira. Imagine um profissional capacitado e habilidoso. Ele trabalha em uma empresa e desempenha bem suas fun\u00e7\u00f5es. Por\u00e9m, n\u00e3o costuma levar cr\u00e9dito [&hellip;]<\/p>\n","protected":false},"author":30,"featured_media":17514,"comment_status":"open","ping_status":"open","sticky":false,"template":"","format":"standard","meta":{"footnotes":""},"categories":[13],"tags":[44],"class_list":["post-11539","post","type-post","status-publish","format-standard","has-post-thumbnail","hentry","category-carreira","tag-carreira-2"],"yoast_head":"<!-- This site is optimized with the Yoast SEO plugin v25.1 - https:\/\/yoast.com\/wordpress\/plugins\/seo\/ -->\r\n<title>Saiba como fazer um personal branding eficiente<\/title>\r\n<meta name=\"description\" content=\"Cuidar bem da sua imagem n\u00e3o \u00e9 mais uma exclusividade das empresas. Entenda o que \u00e9 porque voc\u00ea deve fazer um personal branding!\" \/>\r\n<meta name=\"robots\" content=\"index, follow, max-snippet:-1, max-image-preview:large, max-video-preview:-1\" \/>\r\n<link rel=\"canonical\" href=\"https:\/\/www.impacta.com.br\/blog\/saiba-como-fazer-um-personal-branding-eficiente\/\" \/>\r\n<meta property=\"og:locale\" content=\"pt_BR\" \/>\r\n<meta property=\"og:type\" content=\"article\" \/>\r\n<meta property=\"og:title\" content=\"Saiba como fazer um personal branding eficiente\" \/>\r\n<meta property=\"og:description\" content=\"Cuidar bem da sua imagem n\u00e3o \u00e9 mais uma exclusividade das empresas. Entenda o que \u00e9 porque voc\u00ea deve fazer um personal branding!\" \/>\r\n<meta property=\"og:url\" content=\"https:\/\/www.impacta.com.br\/blog\/saiba-como-fazer-um-personal-branding-eficiente\/\" \/>\r\n<meta property=\"og:site_name\" content=\"Blog Impacta - Dicas e Not\u00edcias sobre Carreira\" \/>\r\n<meta property=\"article:published_time\" content=\"2017-06-16T12:07:00+00:00\" \/>\r\n<meta property=\"og:image\" content=\"https:\/\/www.impacta.com.br\/blog\/wp-content\/uploads\/2020\/04\/header_personal_branding.jpg\" \/>\r\n\t<meta property=\"og:image:width\" content=\"850\" \/>\r\n\t<meta property=\"og:image:height\" content=\"284\" \/>\r\n\t<meta property=\"og:image:type\" content=\"image\/jpeg\" \/>\r\n<meta name=\"author\" content=\"Maria Cecilia Antunes\" \/>\r\n<meta name=\"twitter:card\" content=\"summary_large_image\" \/>\r\n<meta name=\"twitter:label1\" content=\"Written by\" \/>\n\t<meta name=\"twitter:data1\" content=\"Maria Cecilia Antunes\" \/>\n\t<meta name=\"twitter:label2\" content=\"Est. reading time\" \/>\n\t<meta name=\"twitter:data2\" content=\"3 minutos\" \/>\r\n<script type=\"application\/ld+json\" class=\"yoast-schema-graph\">{\"@context\":\"https:\/\/schema.org\",\"@graph\":[{\"@type\":\"WebPage\",\"@id\":\"https:\/\/www.impacta.com.br\/blog\/saiba-como-fazer-um-personal-branding-eficiente\/\",\"url\":\"https:\/\/www.impacta.com.br\/blog\/saiba-como-fazer-um-personal-branding-eficiente\/\",\"name\":\"Saiba como fazer um personal branding eficiente\",\"isPartOf\":{\"@id\":\"https:\/\/www.impacta.com.br\/blog\/#website\"},\"primaryImageOfPage\":{\"@id\":\"https:\/\/www.impacta.com.br\/blog\/saiba-como-fazer-um-personal-branding-eficiente\/#primaryimage\"},\"image\":{\"@id\":\"https:\/\/www.impacta.com.br\/blog\/saiba-como-fazer-um-personal-branding-eficiente\/#primaryimage\"},\"thumbnailUrl\":\"https:\/\/www.impacta.com.br\/blog\/wp-content\/uploads\/2020\/04\/header_personal_branding.jpg\",\"datePublished\":\"2017-06-16T12:07:00+00:00\",\"author\":{\"@id\":\"https:\/\/www.impacta.com.br\/blog\/#\/schema\/person\/8d5fa3e67a3f4e91566120a18ab80f1a\"},\"description\":\"Cuidar bem da sua imagem n\u00e3o \u00e9 mais uma exclusividade das empresas. Entenda o que \u00e9 porque voc\u00ea deve fazer um personal branding!\",\"breadcrumb\":{\"@id\":\"https:\/\/www.impacta.com.br\/blog\/saiba-como-fazer-um-personal-branding-eficiente\/#breadcrumb\"},\"inLanguage\":\"pt-BR\",\"potentialAction\":[{\"@type\":\"ReadAction\",\"target\":[\"https:\/\/www.impacta.com.br\/blog\/saiba-como-fazer-um-personal-branding-eficiente\/\"]}]},{\"@type\":\"ImageObject\",\"inLanguage\":\"pt-BR\",\"@id\":\"https:\/\/www.impacta.com.br\/blog\/saiba-como-fazer-um-personal-branding-eficiente\/#primaryimage\",\"url\":\"https:\/\/www.impacta.com.br\/blog\/wp-content\/uploads\/2020\/04\/header_personal_branding.jpg\",\"contentUrl\":\"https:\/\/www.impacta.com.br\/blog\/wp-content\/uploads\/2020\/04\/header_personal_branding.jpg\",\"width\":850,\"height\":284},{\"@type\":\"BreadcrumbList\",\"@id\":\"https:\/\/www.impacta.com.br\/blog\/saiba-como-fazer-um-personal-branding-eficiente\/#breadcrumb\",\"itemListElement\":[{\"@type\":\"ListItem\",\"position\":1,\"name\":\"In\u00edcio\",\"item\":\"https:\/\/www.impacta.com.br\/blog\/\"},{\"@type\":\"ListItem\",\"position\":2,\"name\":\"Saiba como fazer um personal branding eficiente\"}]},{\"@type\":\"WebSite\",\"@id\":\"https:\/\/www.impacta.com.br\/blog\/#website\",\"url\":\"https:\/\/www.impacta.com.br\/blog\/\",\"name\":\"Blog Impacta - Dicas e Not\u00edcias sobre Carreira\",\"description\":\"Dicas, Not\u00edcias e Conte\u00fados sobre Carreira, Tecnologia, Design, Gest\u00e3o e Marketing. Conhe\u00e7a e Acompanhe o Blog Impacta\",\"potentialAction\":[{\"@type\":\"SearchAction\",\"target\":{\"@type\":\"EntryPoint\",\"urlTemplate\":\"https:\/\/www.impacta.com.br\/blog\/?s={search_term_string}\"},\"query-input\":{\"@type\":\"PropertyValueSpecification\",\"valueRequired\":true,\"valueName\":\"search_term_string\"}}],\"inLanguage\":\"pt-BR\"},{\"@type\":\"Person\",\"@id\":\"https:\/\/www.impacta.com.br\/blog\/#\/schema\/person\/8d5fa3e67a3f4e91566120a18ab80f1a\",\"name\":\"Maria Cecilia Antunes\",\"image\":{\"@type\":\"ImageObject\",\"inLanguage\":\"pt-BR\",\"@id\":\"https:\/\/www.impacta.com.br\/blog\/#\/schema\/person\/image\/\",\"url\":\"https:\/\/secure.gravatar.com\/avatar\/7209ccca9dedcf574b2266bf677b912b?s=96&d=mm&r=g\",\"contentUrl\":\"https:\/\/secure.gravatar.com\/avatar\/7209ccca9dedcf574b2266bf677b912b?s=96&d=mm&r=g\",\"caption\":\"Maria Cecilia Antunes\"},\"url\":\"https:\/\/www.impacta.com.br\/blog\/author\/maria-cecilia-antunes\/\"}]}<\/script>\r\n<!-- \/ Yoast SEO plugin. -->","yoast_head_json":{"title":"Saiba como fazer um personal branding eficiente","description":"Cuidar bem da sua imagem n\u00e3o \u00e9 mais uma exclusividade das empresas. Entenda o que \u00e9 porque voc\u00ea deve fazer um personal branding!","robots":{"index":"index","follow":"follow","max-snippet":"max-snippet:-1","max-image-preview":"max-image-preview:large","max-video-preview":"max-video-preview:-1"},"canonical":"https:\/\/www.impacta.com.br\/blog\/saiba-como-fazer-um-personal-branding-eficiente\/","og_locale":"pt_BR","og_type":"article","og_title":"Saiba como fazer um personal branding eficiente","og_description":"Cuidar bem da sua imagem n\u00e3o \u00e9 mais uma exclusividade das empresas. Entenda o que \u00e9 porque voc\u00ea deve fazer um personal branding!","og_url":"https:\/\/www.impacta.com.br\/blog\/saiba-como-fazer-um-personal-branding-eficiente\/","og_site_name":"Blog Impacta - Dicas e Not\u00edcias sobre Carreira","article_published_time":"2017-06-16T12:07:00+00:00","og_image":[{"width":850,"height":284,"url":"https:\/\/www.impacta.com.br\/blog\/wp-content\/uploads\/2020\/04\/header_personal_branding.jpg","type":"image\/jpeg"}],"author":"Maria Cecilia Antunes","twitter_card":"summary_large_image","twitter_misc":{"Written by":"Maria Cecilia Antunes","Est. reading time":"3 minutos"},"schema":{"@context":"https:\/\/schema.org","@graph":[{"@type":"WebPage","@id":"https:\/\/www.impacta.com.br\/blog\/saiba-como-fazer-um-personal-branding-eficiente\/","url":"https:\/\/www.impacta.com.br\/blog\/saiba-como-fazer-um-personal-branding-eficiente\/","name":"Saiba como fazer um personal branding eficiente","isPartOf":{"@id":"https:\/\/www.impacta.com.br\/blog\/#website"},"primaryImageOfPage":{"@id":"https:\/\/www.impacta.com.br\/blog\/saiba-como-fazer-um-personal-branding-eficiente\/#primaryimage"},"image":{"@id":"https:\/\/www.impacta.com.br\/blog\/saiba-como-fazer-um-personal-branding-eficiente\/#primaryimage"},"thumbnailUrl":"https:\/\/www.impacta.com.br\/blog\/wp-content\/uploads\/2020\/04\/header_personal_branding.jpg","datePublished":"2017-06-16T12:07:00+00:00","author":{"@id":"https:\/\/www.impacta.com.br\/blog\/#\/schema\/person\/8d5fa3e67a3f4e91566120a18ab80f1a"},"description":"Cuidar bem da sua imagem n\u00e3o \u00e9 mais uma exclusividade das empresas. Entenda o que \u00e9 porque voc\u00ea deve fazer um personal branding!","breadcrumb":{"@id":"https:\/\/www.impacta.com.br\/blog\/saiba-como-fazer-um-personal-branding-eficiente\/#breadcrumb"},"inLanguage":"pt-BR","potentialAction":[{"@type":"ReadAction","target":["https:\/\/www.impacta.com.br\/blog\/saiba-como-fazer-um-personal-branding-eficiente\/"]}]},{"@type":"ImageObject","inLanguage":"pt-BR","@id":"https:\/\/www.impacta.com.br\/blog\/saiba-como-fazer-um-personal-branding-eficiente\/#primaryimage","url":"https:\/\/www.impacta.com.br\/blog\/wp-content\/uploads\/2020\/04\/header_personal_branding.jpg","contentUrl":"https:\/\/www.impacta.com.br\/blog\/wp-content\/uploads\/2020\/04\/header_personal_branding.jpg","width":850,"height":284},{"@type":"BreadcrumbList","@id":"https:\/\/www.impacta.com.br\/blog\/saiba-como-fazer-um-personal-branding-eficiente\/#breadcrumb","itemListElement":[{"@type":"ListItem","position":1,"name":"In\u00edcio","item":"https:\/\/www.impacta.com.br\/blog\/"},{"@type":"ListItem","position":2,"name":"Saiba como fazer um personal branding eficiente"}]},{"@type":"WebSite","@id":"https:\/\/www.impacta.com.br\/blog\/#website","url":"https:\/\/www.impacta.com.br\/blog\/","name":"Blog Impacta - Dicas e Not\u00edcias sobre Carreira","description":"Dicas, Not\u00edcias e Conte\u00fados sobre Carreira, Tecnologia, Design, Gest\u00e3o e Marketing. Conhe\u00e7a e Acompanhe o Blog Impacta","potentialAction":[{"@type":"SearchAction","target":{"@type":"EntryPoint","urlTemplate":"https:\/\/www.impacta.com.br\/blog\/?s={search_term_string}"},"query-input":{"@type":"PropertyValueSpecification","valueRequired":true,"valueName":"search_term_string"}}],"inLanguage":"pt-BR"},{"@type":"Person","@id":"https:\/\/www.impacta.com.br\/blog\/#\/schema\/person\/8d5fa3e67a3f4e91566120a18ab80f1a","name":"Maria Cecilia Antunes","image":{"@type":"ImageObject","inLanguage":"pt-BR","@id":"https:\/\/www.impacta.com.br\/blog\/#\/schema\/person\/image\/","url":"https:\/\/secure.gravatar.com\/avatar\/7209ccca9dedcf574b2266bf677b912b?s=96&d=mm&r=g","contentUrl":"https:\/\/secure.gravatar.com\/avatar\/7209ccca9dedcf574b2266bf677b912b?s=96&d=mm&r=g","caption":"Maria Cecilia Antunes"},"url":"https:\/\/www.impacta.com.br\/blog\/author\/maria-cecilia-antunes\/"}]}},"acf":{"post_description":null,"capa_mobile":null},"_links":{"self":[{"href":"https:\/\/www.impacta.com.br\/blog\/wp-json\/wp\/v2\/posts\/11539","targetHints":{"allow":["GET"]}}],"collection":[{"href":"https:\/\/www.impacta.com.br\/blog\/wp-json\/wp\/v2\/posts"}],"about":[{"href":"https:\/\/www.impacta.com.br\/blog\/wp-json\/wp\/v2\/types\/post"}],"author":[{"embeddable":true,"href":"https:\/\/www.impacta.com.br\/blog\/wp-json\/wp\/v2\/users\/30"}],"replies":[{"embeddable":true,"href":"https:\/\/www.impacta.com.br\/blog\/wp-json\/wp\/v2\/comments?post=11539"}],"version-history":[{"count":0,"href":"https:\/\/www.impacta.com.br\/blog\/wp-json\/wp\/v2\/posts\/11539\/revisions"}],"wp:featuredmedia":[{"embeddable":true,"href":"https:\/\/www.impacta.com.br\/blog\/wp-json\/wp\/v2\/media\/17514"}],"wp:attachment":[{"href":"https:\/\/www.impacta.com.br\/blog\/wp-json\/wp\/v2\/media?parent=11539"}],"wp:term":[{"taxonomy":"category","embeddable":true,"href":"https:\/\/www.impacta.com.br\/blog\/wp-json\/wp\/v2\/categories?post=11539"},{"taxonomy":"post_tag","embeddable":true,"href":"https:\/\/www.impacta.com.br\/blog\/wp-json\/wp\/v2\/tags?post=11539"}],"curies":[{"name":"wp","href":"https:\/\/api.w.org\/{rel}","templated":true}]}}