{"id":11391,"date":"2017-05-24T09:35:22","date_gmt":"2017-05-24T12:35:22","guid":{"rendered":"http:\/\/www.impacta.com.br\/blog\/?p=11391"},"modified":"2017-05-24T09:35:22","modified_gmt":"2017-05-24T12:35:22","slug":"vocacao-profissional-como-definir-a-carreira-de-acordo-com-sua-personalidade","status":"publish","type":"post","link":"https:\/\/www.impacta.com.br\/blog\/vocacao-profissional-como-definir-a-carreira-de-acordo-com-sua-personalidade\/","title":{"rendered":"Voca\u00e7\u00e3o profissional: como definir a carreira de acordo com sua personalidade?"},"content":{"rendered":"<p><span style=\"font-size: 14pt;\"><em>N\u00e3o pode ler esse artigo agora? Ou\u00e7a a mat\u00e9ria no Player abaixo:<\/em><\/span><br \/>\n<iframe loading=\"lazy\" width=\"100%\" height=\"83\" style=\"height: 83px !important;\" scrolling=\"no\" src=\"https:\/\/go.vooozer.com\/embed\/058e0a59\" frameborder=\"0\" allowfullscreen=\"allowfullscreen\"><\/iframe><br \/>\n<span style=\"font-size: 14pt;\">A voca\u00e7\u00e3o profissional \u00e9 algo que vai al\u00e9m do que voc\u00ea gosta de fazer. Na verdade, ela envolve diversas outras coisas e \u00e9 um dos fatores mais relevantes para se considerar no momento da escolha de uma\u00a0<a href=\"https:\/\/www.impacta.com.br\/blog\/2016\/11\/07\/7-profissoes-do-futuro-que-estarao-em-alta-nos-proximos-5-anos\/\" target=\"_blank\" rel=\"noopener noreferrer\">profiss\u00e3o<\/a>. Mas, afinal, o que \u00e9 voca\u00e7\u00e3o profissional?<\/span><br \/>\n<span style=\"font-size: 14pt;\">Esse termo \u00e9 usado para determinar a inclina\u00e7\u00e3o natural de uma pessoa a determinada profiss\u00e3o, tendo em vista os seus desejos, as habilidades, o estilo de vida e suas prefer\u00eancias. A voca\u00e7\u00e3o tamb\u00e9m est\u00e1 muito ligada ao prop\u00f3sito da pessoa e ao que ela tem paix\u00e3o em realizar.<\/span><br \/>\n<span style=\"font-size: 14pt;\">Muitos acreditam que a voca\u00e7\u00e3o profissional \u00e9 um chamado e que basta esperar por ele. Contudo, apesar de derivar do latim \u201cvocare\u201d (chamado) a voca\u00e7\u00e3o n\u00e3o \u00e9 algo pelo qual voc\u00ea senta e espera \u2014 \u00e9 preciso descobrir suas aptid\u00f5es e desenvolv\u00ea-las.<\/span><br \/>\n<span style=\"font-size: 14pt;\">Nesse sentido, a sua personalidade est\u00e1 diretamente ligada \u00e0 sua voca\u00e7\u00e3o, uma vez que algumas \u00e1reas s\u00e3o mais recomendadas para determinados tipos de perfis do que outras. Quer saber mais? Ent\u00e3o, continue conosco at\u00e9 o final e confira tudo sobre o assunto!<\/span><\/p>\n<h2><strong><span style=\"font-size: 14pt;\">Busque autoconhecimento<\/span><\/strong><\/h2>\n<p><span style=\"font-size: 14pt;\">\u00c0s vezes, gostamos muito da aula de uma mat\u00e9ria na escola e pensamos em seguir uma carreira ligada a ela. No entanto, h\u00e1 uma grande diferen\u00e7a entre o que se aprende na escola e o que se aprende na faculdade.<\/span><br \/>\n<span style=\"font-size: 14pt;\">Talvez voc\u00ea goste muito de qu\u00edmica, mas tamb\u00e9m gosta de se comunicar e falar com todo mundo. Assim, se optar por uma carreira ligada \u00e0 qu\u00edmica, dificilmente exercer\u00e1 essa sua personalidade mais expansiva.<\/span><br \/>\n<span style=\"font-size: 14pt;\">Por isso, \u00e9 muito importante refletir sobre os seus desejos e caracter\u00edsticas pessoais. Quanto mais voc\u00ea descobrir sobre si, mais perto estar\u00e1 de escolher a melhor carreira.<\/span><br \/>\n<span style=\"font-size: 14pt;\">\u00c9 claro que, muitas vezes, \u00e9 dif\u00edcil entender sobre o que gostamos ou queremos de verdade. Ainda assim, o autoconhecimento deve ser constantemente trabalhado ao longo da nossa vida.<\/span><br \/>\n<span style=\"font-size: 14pt;\">Para ajudar voc\u00ea com isso, separamos alguns exerc\u00edcios r\u00e1pidos para que voc\u00ea possa se conhecer melhor. Vamos tentar?<\/span><\/p>\n<h3><strong><span style=\"font-size: 14pt;\">Reflita sobre seus pontos positivos e negativos<\/span><\/strong><\/h3>\n<p><span style=\"font-size: 14pt;\">Para esse exerc\u00edcio, voc\u00ea precisa separar duas colunas: uma para qualidades e outra para defeitos. Ent\u00e3o, reflita sobre suas caracter\u00edsticas e liste 5 qualidades e 5 defeitos.<\/span><br \/>\n<span style=\"font-size: 14pt;\">A primeira coisa que voc\u00ea deve ter em mente \u00e9 que voc\u00ea n\u00e3o deve se julgar. Ent\u00e3o, n\u00e3o tenha medo de listar seus pontos negativos: todos t\u00eam defeitos e \u00e9 melhor encar\u00e1-los de frente do que ignor\u00e1-los.<\/span><br \/>\n<span style=\"font-size: 14pt;\">Depois de fazer essa lista, pergunte para 5 pessoas pr\u00f3ximas (parentes, amigos, professores) qual elas acham que \u00e9 o seu pior defeito e qual \u00e9 a sua melhor qualidade. Agora, veja todos os itens que est\u00e3o no papel e compare a sua lista com o que as pessoas disseram sobre voc\u00ea. Procure entender os pontos em comum e os divergentes.<\/span><\/p>\n<h3><strong><span style=\"font-size: 14pt;\">Fa\u00e7a perguntas sobre voc\u00ea<\/span><\/strong><\/h3>\n<p><span style=\"font-size: 14pt;\">Indicamos, a seguir, algumas perguntas para que voc\u00ea possa fazer sobre si. Lembre-se de que n\u00e3o existe certo ou errado nesse exerc\u00edcio, ok? Pense com calma e responda da maneira mais honesta poss\u00edvel. Inclusive, aproveite o que descobriu no exerc\u00edcio anterior para ajudar a refletir sobre essas respostas.<\/span><\/p>\n<ul>\n<li><span style=\"font-size: 14pt;\">Qual h\u00e1bito seu voc\u00ea gostaria de mudar?<\/span><\/li>\n<li><span style=\"font-size: 14pt;\">O que mais gosta em voc\u00ea?<\/span><\/li>\n<li><span style=\"font-size: 14pt;\">Qual \u00e9 a sua maior paix\u00e3o?<\/span><\/li>\n<li><span style=\"font-size: 14pt;\">Sobre qual assunto voc\u00ea mais gosta de conversar?<\/span><\/li>\n<li><span style=\"font-size: 14pt;\">Qual \u00e9 o seu maior medo?<\/span><\/li>\n<li><span style=\"font-size: 14pt;\">Voc\u00ea aprendeu alguma coisa nova no \u00faltimo m\u00eas?<\/span><\/li>\n<li><span style=\"font-size: 14pt;\">Como voc\u00ea descreveria os \u00faltimos meses da sua vida usando apenas cinco palavras?<\/span><\/li>\n<li><span style=\"font-size: 14pt;\">Quem voc\u00ea considera o seu maior exemplo de vida?<\/span><\/li>\n<li><span style=\"font-size: 14pt;\">Se o mundo acabasse amanh\u00e3, o que voc\u00ea faria hoje?<\/span><\/li>\n<\/ul>\n<p><span style=\"font-size: 14pt;\">Esses dois exerc\u00edcios simples j\u00e1 ajudam a entender melhor sobre voc\u00ea. Agora, vamos seguir para entender como a sua personalidade interfere na sua voca\u00e7\u00e3o profissional. Confira!<\/span><\/p>\n<h2><strong><span style=\"font-size: 14pt;\">Descubra qual \u00e9 a sua personalidade\u00a0vocacional<\/span><\/strong><\/h2>\n<p><span style=\"font-size: 14pt;\">Antes, muitas pessoas se guiavam a partir da tipologia RIASEC, uma classifica\u00e7\u00e3o criada pelo pesquisador americano Lewis Holland. Depois de diversos estudos, ele separou as personalidades em seis grandes grupos: realista, investigativo, art\u00edstico, social, empreendedor e convencional.<\/span><br \/>\n<span style=\"font-size: 14pt;\">Entretanto, esses 6 grupos poderiam dar origem a mais de 720 tipos diferentes de personalidades. Assim, conforme outros pesquisadores se debru\u00e7aram sobre a quest\u00e3o, e com o crescimento do campo da psicologia, esses tipos de personalidades se aperfei\u00e7oaram.<\/span><br \/>\n<span style=\"font-size: 14pt;\">Com isso, o indicador mais popular usado atualmente \u00e9 o Mayers-Briggs Type Indicator (MBTI). Essa classifica\u00e7\u00e3o usa quatro tipos de combina\u00e7\u00f5es de perfis antag\u00f4nicos, dentro de um mesmo aspecto. Funciona assim:<\/span><\/p>\n<ul>\n<li><strong><span style=\"font-size: 14pt;\">predile\u00e7\u00e3o: Introvers\u00e3o (I) ou Extrovers\u00e3o (E) \u2014 o primeiro prefere atividades solit\u00e1rias, enquanto o segundo tem prefer\u00eancia por atividades em grupo;<\/span><\/strong><\/li>\n<li><strong><span style=\"font-size: 14pt;\">informa\u00e7\u00e3o: Intui\u00e7\u00e3o (N) ou Sensa\u00e7\u00e3o (S) \u2014 o primeiro \u00e9 mais criativo, j\u00e1 o segundo, mais \u201cp\u00e9 no ch\u00e3o\u201d;<\/span><\/strong><\/li>\n<li><strong><span style=\"font-size: 14pt;\">decis\u00f5es: Pensante (T) ou Sentimento (F) \u2014 o primeiro \u00e9 mais racional, enquanto o segundo \u00e9 mais sentimental;<\/span><\/strong><\/li>\n<li><strong><span style=\"font-size: 14pt;\">estrutura: Julgador (J) ou Percep\u00e7\u00e3o (P) \u2014 o primeiro \u00e9 mais decisivo e o segundo lida mais com o improviso.<\/span><\/strong><\/li>\n<\/ul>\n<p><span style=\"font-size: 14pt;\">Essas caracter\u00edsticas se combinam, formando, ent\u00e3o, quatro tipos de personalidade \u2014 que se subdividem em outras quatro, totalizando 16. Uma dessas possibilidades, por exemplo, \u00e9 o tipo \u201cAtivista\u201d, ou ENFP, que pertence a uma pessoa de esp\u00edrito livre, criativo e soci\u00e1vel.<\/span><br \/>\n<span style=\"font-size: 14pt;\">H\u00e1, ainda, o tipo \u201cMediador\u201d, \u201cDefensor\u201d, \u201cAventureiro\u201d, entre outros, e cada um tem mais afinidade com certos tipos de carreira.<\/span><br \/>\n<span style=\"font-size: 14pt;\">Voc\u00ea j\u00e1 fez alguns exerc\u00edcios de autoconhecimento? Se tiver curiosidade e interesse, tente agora este\u00a0<a href=\"https:\/\/www.16personalities.com\/br\/teste-de-personalidade\" target=\"_blank\" rel=\"noopener noreferrer\">teste gratuito<\/a>\u00a0para descobrir qual \u00e9 a sua personalidade e quais \u00e1reas t\u00eam rela\u00e7\u00e3o com ela.<\/span><br \/>\n<span style=\"font-size: 14pt;\">A seguir, veja como os tipos de intelig\u00eancia desenvolvidos por voc\u00ea tamb\u00e9m podem interferir na sua carreira!<\/span><\/p>\n<h2><strong><span style=\"font-size: 14pt;\">Conhe\u00e7a os diferentes\u00a0tipos de intelig\u00eancia<\/span><\/strong><\/h2>\n<p><span style=\"font-size: 14pt;\">Existe uma teoria criada pelo psic\u00f3logo Howard Gardner que re\u00fane 9 tipos de intelig\u00eancia que podem ser desenvolvidas. Esse princ\u00edpio justifica porque uma pessoa se destaca em determinada \u00e1rea e em outra, n\u00e3o. Afinal, n\u00e3o existe certo ou errado, mas sim caracter\u00edsticas diferentes que propiciam o desenvolvimento de atividades em diversos segmentos.<\/span><br \/>\n<span style=\"font-size: 14pt;\">No entanto, \u00e9 importante ressaltar que voc\u00ea pode ter e desenvolver particularidades de mais de uma dessas intelig\u00eancias. Conseguir identificar qual delas \u00e9 predominante contribui e muito no momento de decidir qual profiss\u00e3o seguir. Vejamos, a seguir, quais s\u00e3o elas.<\/span><\/p>\n<h3><strong><span style=\"font-size: 14pt;\">Intelig\u00eancia interpessoal<\/span><\/strong><\/h3>\n<p><span style=\"font-size: 14pt;\">A capacidade de liderar e influenciar pessoas \u00e9 um dos pontos mais marcantes de quem tem essa intelig\u00eancia. As principais caracter\u00edsticas est\u00e3o ligadas \u00e0s habilidades de inspirar os outros. Para tanto, ter carisma e empatia \u00e9 imprescind\u00edvel, pois somente se colocando no lugar das pessoas \u00e9 que se consegue motiv\u00e1-las.<\/span><\/p>\n<h3><strong><span style=\"font-size: 14pt;\">Intelig\u00eancia intrapessoal<\/span><\/strong><\/h3>\n<p><span style=\"font-size: 14pt;\">Essa intelig\u00eancia \u00e9 a capacidade que n\u00f3s temos de gerenciar as nossas emo\u00e7\u00f5es e sentimentos. Quando a pessoa tem esse autocontrole, \u00e9 poss\u00edvel ter um dom\u00ednio maior sobre o seu comportamento e tomar decis\u00f5es mais favor\u00e1veis.<\/span><br \/>\n<span style=\"font-size: 14pt;\">Os indiv\u00edduos com essa mentalidade costumam se conhecer bem e, por isso, conseguem identificar os seus pontos fortes e fracos com facilidade. Eles tamb\u00e9m t\u00eam facilidade na resolu\u00e7\u00e3o de conflitos, pois sabem reconhecer as suas melhores caracter\u00edsticas e us\u00e1-las a seu favor em situa\u00e7\u00f5es desafiadoras.<\/span><\/p>\n<h3><strong><span style=\"font-size: 14pt;\">Intelig\u00eancia l\u00f3gica<\/span><\/strong><\/h3>\n<p><span style=\"font-size: 14pt;\">Existem pessoas que dominam a habilidade de lidar com n\u00fameros e o racioc\u00ednio l\u00f3gico. Geralmente, s\u00e3o mais racionais, introspectivas, organizadas e t\u00eam um olhar bastante estrat\u00e9gico.<\/span><\/p>\n<h3><strong><span style=\"font-size: 14pt;\">Intelig\u00eancia espacial<\/span><\/strong><\/h3>\n<p><span style=\"font-size: 14pt;\">A intelig\u00eancia espacial est\u00e1 relacionada \u00e0 habilidade de enxergar diferentes espa\u00e7os e recri\u00e1-los. \u00c9 uma capacidade de imagina\u00e7\u00e3o aflorada, que contribui para solucionar os problemas de maneira inovadora.<\/span><\/p>\n<h3><strong><span style=\"font-size: 14pt;\">Intelig\u00eancia motora<\/span><\/strong><\/h3>\n<p><span style=\"font-size: 14pt;\">As pessoas que t\u00eam muita consci\u00eancia sobre o pr\u00f3prio corpo desenvolvem ainda mais essa intelig\u00eancia, que tamb\u00e9m pode ser denominada como corporal. S\u00e3o, muitas vezes, pessoas mais produtivas, uma vez que pr\u00e1tica de exerc\u00edcios f\u00edsicos contribui diretamente na performance profissional.<\/span><\/p>\n<h3><strong><span style=\"font-size: 14pt;\">Intelig\u00eancia lingu\u00edstica<\/span><\/strong><\/h3>\n<p><span style=\"font-size: 14pt;\">Aqueles profissionais que se expressam com confian\u00e7a, falam bem em p\u00fablico, s\u00e3o comunicativos e conseguem transmitir suas ideias com clareza muitas vezes t\u00eam alto grau de intelig\u00eancia lingu\u00edstica.<\/span><\/p>\n<h3><strong><span style=\"font-size: 14pt;\">Intelig\u00eancia musical<\/span><\/strong><\/h3>\n<p><span style=\"font-size: 14pt;\">Essa faculdade est\u00e1 ligada ao talento musical. Por isso, quem tem essa intelig\u00eancia tem mais habilidade com a m\u00fasica. S\u00e3o pessoas com os sentidos mais agu\u00e7ados para a composi\u00e7\u00e3o, canto e utiliza\u00e7\u00e3o de instrumentos.<\/span><\/p>\n<h3><strong><span style=\"font-size: 14pt;\">Intelig\u00eancia naturalista<\/span><\/strong><\/h3>\n<p><span style=\"font-size: 14pt;\">A intelig\u00eancia naturalista est\u00e1 relacionada \u00e0 percep\u00e7\u00e3o da natureza. S\u00e3o profissionais que lidam muito bem com os animais e com o meio ambiente como um todo. Como todas as outras, essa \u00e9 uma aptid\u00e3o muito \u00fatil tamb\u00e9m no ambiente corporativo.<\/span><\/p>\n<h3><strong><span style=\"font-size: 14pt;\">Intelig\u00eancia existencial<\/span><\/strong><\/h3>\n<p><span style=\"font-size: 14pt;\">Essa intelig\u00eancia permite ao indiv\u00edduo se questionar sobre a sua miss\u00e3o no mundo, seu prop\u00f3sito, e est\u00e1 fortemente ligado ao autoconhecimento. S\u00e3o profissionais que conseguem lidar melhor com os desafios do dia a dia por estarem conectados ao seu papel na exist\u00eancia.<\/span><br \/>\n<span style=\"font-size: 14pt;\">Ficou claro que esses tipos de intelig\u00eancia refletem a individualidade de cada profissional, n\u00e3o \u00e9? Portanto, \u00e9 fundamental entender com qual delas voc\u00ea mais se identifica, pois esse conhecimento sobre si vai ajudar bastante a entender qual \u00e1rea tem mais a ver com o seu perfil.<\/span><\/p>\n<h2><strong><span style=\"font-size: 14pt;\">Identifique\u00a0suas aptid\u00f5es<\/span><\/strong><\/h2>\n<p><span style=\"font-size: 14pt;\">De fato, constatar os seus comportamentos mais predominantes ajuda a entender qual tipo de intelig\u00eancia voc\u00ea tem em maior escala. Desse modo, \u00e9 poss\u00edvel identificar a \u00e1rea mais promissora.<\/span><br \/>\n<span style=\"font-size: 14pt;\">Se voc\u00ea se considera uma pessoa com mais intelig\u00eancia l\u00f3gica, a \u00e1rea de\u00a0<a href=\"https:\/\/www.impacta.edu.br\/graduacoes\/engenharia-da-computacao\" target=\"_blank\" rel=\"noopener noreferrer\">Engenharia da Computa\u00e7\u00e3o<\/a>\u00a0\u00e9 uma escolha muito favor\u00e1vel. Entretanto, se o seu perfil est\u00e1 mais voltado para a intelig\u00eancia interpessoal, escolher um curso de\u00a0<a href=\"https:\/\/www.impacta.edu.br\/graduacoes\/administracao\" target=\"_blank\" rel=\"noopener noreferrer\">Administra\u00e7\u00e3o<\/a>\u00a0\u00e9 uma excelente oportunidade para liderar e inspirar pessoas, por exemplo.<\/span><br \/>\n<span style=\"font-size: 14pt;\">A \u00e1rea de\u00a0<a href=\"https:\/\/www.impacta.com.br\/curso\/Marketing-de-Conteudo-e-Inbound-Marketing-Ao-Vivo-Gold.php\" target=\"_blank\" rel=\"noopener noreferrer\">Marketing<\/a>, por sua vez, pode ter uma conex\u00e3o maior com profissionais que apresentam uma intelig\u00eancia lingu\u00edstica mais desenvolvida. Nesse contexto, para cada tipo de aptid\u00e3o existe uma \u00e1rea correlata. Por isso, investir em autoconhecimento possibilita encontrar os melhores caminhos profissionais.<\/span><br \/>\n<span style=\"font-size: 14pt;\">Outra boa dica \u00e9 pensar sobre quais s\u00e3o as \u00e1reas que voc\u00ea n\u00e3o gosta. Depois de mapear o tipo de intelig\u00eancia que apresenta com mais for\u00e7a, anote as profiss\u00f5es com as quais realmente n\u00e3o sente uma conex\u00e3o. Assim, voc\u00ea tem mais clareza sobre quais \u00e1reas t\u00eam mais rela\u00e7\u00e3o como seu perfil.<\/span><br \/>\n<span style=\"font-size: 14pt;\">Al\u00e9m disso, \u00e9 importante saber a \u00e1rea que pode proporcionar mais felicidade e qualidade de vida para voc\u00ea! Afinal, a quest\u00e3o financeira n\u00e3o \u00e9 o \u00fanico pilar a ser considerado na escolha de uma profiss\u00e3o.<\/span><\/p>\n<h2><strong><span style=\"font-size: 14pt;\">Converse com profissionais<\/span><\/strong><\/h2>\n<p><span style=\"font-size: 14pt;\">Sem d\u00favidas, conhecer pessoas pode trazer muitos benef\u00edcios, especialmente nesse momento decisivo da sua carreira. \u00c9 de suma import\u00e2ncia entrar em contato com profissionais de \u00e1reas diferentes e, principalmente, da\u00a0\u00e1rea na qual que voc\u00ea tem interesse em atuar.<\/span><br \/>\n<span style=\"font-size: 14pt;\">Nesse contexto, conversar com essas pessoas pode\u00a0ajudar voc\u00ea a entender melhor o funcionamento do mercado de determinada \u00e1rea\u00a0e como \u00e9\u00a0a rotina da profiss\u00e3o, uma vez que vivem aquilo diariamente e, portanto,\u00a0t\u00eam experi\u00eancia no assunto.<\/span><br \/>\n<span style=\"font-size: 14pt;\">Outra ideia interessante\u00a0\u00e9 conhecer os locais de trabalho dessas pessoas. Assim, voc\u00ea conseguir\u00e1 entender de perto como \u00e9 a rotina daquelas pessoas no ambiente profissional.<\/span><br \/>\n<span style=\"font-size: 14pt;\">Nesse momento, voc\u00ea tamb\u00e9m pode se perguntar como seria trabalhar em determinados locais. Pensar se voc\u00ea se identifica\u00a0e\u00a0se sentiria bem nesse\u00a0ambiente, por exemplo,\u00a0\u00e9 uma boa t\u00e1tica.<\/span><\/p>\n<h2><strong><span style=\"font-size: 14pt;\">Ligue os pontos<\/span><\/strong><\/h2>\n<p><span style=\"font-size: 14pt;\">Chegando at\u00e9 aqui, voc\u00ea j\u00e1 deve saber um pouco mais sobre seus desejos e sua personalidade, e j\u00e1 descobriu qual \u00e1rea ou carreira \u00e9 mais indicada para a sua personalidade, certo?<\/span><br \/>\n<span style=\"font-size: 14pt;\">Agora, \u00e9 hora de explorar suas possibilidades \u2014 ou melhor, ligar os pontos entre a sua personalidade e a sua voca\u00e7\u00e3o. Existe mesmo uma voca\u00e7\u00e3o certa para a sua personalidade e, dentro dela, diversas\u00a0<a href=\"https:\/\/www.impacta.com.br\/blog\/2017\/01\/13\/e-book-um-guia-para-comecar-a-carreira-em-ti\/\" target=\"_blank\" rel=\"noopener noreferrer\">carreiras\u00a0<\/a>interessantes.<\/span><br \/>\n<span style=\"font-size: 14pt;\">Pesquise sobre as\u00a0<a href=\"https:\/\/www.impacta.com.br\/blog\/2017\/01\/09\/veja-8-boas-praticas-para-ingressar-no-mercado-de-trabalho\/\" target=\"_blank\" rel=\"noopener noreferrer\">profiss\u00f5es<\/a>\u00a0que se encaixam \u00e0 sua personalidade. Veja como \u00e9 o seu cotidiano de trabalho e as atividades exercidas e se imagine\u00a0<a href=\"https:\/\/www.impacta.com.br\/blog\/2017\/02\/13\/veja-como-fazer-um-plano-de-carreira\/\" target=\"_blank\" rel=\"noopener noreferrer\">vivendo essa carreira<\/a>. Voc\u00ea conseguir\u00e1 fazer o que gosta? Ter\u00e1 oportunidades para usar suas qualidades?<\/span><br \/>\n<span style=\"font-size: 14pt;\">Encontrar essa tend\u00eancia para uma determinada ocupa\u00e7\u00e3o requer uma observa\u00e7\u00e3o constante. J\u00e1 que estamos em transforma\u00e7\u00f5es cont\u00ednuas, muitas vezes, o que queremos hoje j\u00e1 n\u00e3o \u00e9 mais o mesmo que vamos almejar daqui a alguns anos.<\/span><br \/>\n<span style=\"font-size: 14pt;\">Como vimos, a voca\u00e7\u00e3o profissional \u00e9 algo que deve ser pensado com cuidado. Fazer qualquer coisa pensando\u00a0que encontrar\u00e1 a aptid\u00e3o no meio do caminho \u00e9 um erro grave, que pode afastar as possibilidades de identificar o seu verdadeiro prop\u00f3sito. Por isso, \u00e9 importante entender a sua personalidade como ponto de partida para descobrir a sua verdadeira voca\u00e7\u00e3o profissional.<\/span><br \/>\n<span style=\"font-size: 14pt;\">Se voc\u00ea gostou deste post e quer continuar acompanhando o nosso conte\u00fado, assine a nossa newsletter e receba tudo com exclusividade!<\/span><\/p>\n<div class=\"sharing-default-minimal post-bottom\"><div class=\"nectar-social default\" data-position=\"\" data-rm-love=\"0\" data-color-override=\"override\"><div class=\"nectar-social-inner\"><a href=\"#\" class=\"nectar-love\" id=\"nectar-love-11391\" title=\"Love this\"> <i class=\"icon-salient-heart-2\"><\/i><span class=\"love-text\">Love<\/span><span class=\"total_loves\"><span class=\"nectar-love-count\">0<\/span><\/span><\/a><a class='facebook-share nectar-sharing' href='#' title='Share this'> <i class='fa fa-facebook'><\/i> <span class='social-text'>Share<\/span> <\/a><a class='twitter-share nectar-sharing' href='#' title='Share this'> <i class='fa icon-salient-x-twitter'><\/i> <span class='social-text'>Share<\/span> <\/a><a class='linkedin-share nectar-sharing' href='#' title='Share this'> <i class='fa fa-linkedin'><\/i> <span class='social-text'>Share<\/span> <\/a><a class='pinterest-share nectar-sharing' href='#' title='Pin this'> <i class='fa fa-pinterest'><\/i> <span class='social-text'>Pin<\/span> <\/a><\/div><\/div><\/div>","protected":false},"excerpt":{"rendered":"<p>N\u00e3o pode ler esse artigo agora? Ou\u00e7a a mat\u00e9ria no Player abaixo: A voca\u00e7\u00e3o profissional \u00e9 algo que vai al\u00e9m do que voc\u00ea gosta de fazer. Na verdade, ela envolve diversas outras coisas e \u00e9 um dos fatores mais relevantes para se considerar no momento da escolha de uma\u00a0profiss\u00e3o. Mas, afinal, o que \u00e9 voca\u00e7\u00e3o [&hellip;]<\/p>\n","protected":false},"author":30,"featured_media":17577,"comment_status":"open","ping_status":"open","sticky":false,"template":"","format":"standard","meta":{"footnotes":""},"categories":[13],"tags":[],"class_list":["post-11391","post","type-post","status-publish","format-standard","has-post-thumbnail","hentry","category-carreira"],"yoast_head":"<!-- This site is optimized with the Yoast SEO plugin v25.1 - https:\/\/yoast.com\/wordpress\/plugins\/seo\/ -->\r\n<title>Voca\u00e7\u00e3o profissional: como escolher sua carreira?<\/title>\r\n<meta name=\"description\" content=\"Descobrir a sua verdadeira voca\u00e7\u00e3o profissional \u00e9 o melhor caminho para acertar na escolha de uma carreira, pois leva em conta a sua personalidade. Entenda!\" \/>\r\n<meta name=\"robots\" content=\"index, follow, max-snippet:-1, max-image-preview:large, max-video-preview:-1\" \/>\r\n<link rel=\"canonical\" href=\"https:\/\/www.impacta.com.br\/blog\/vocacao-profissional-como-definir-a-carreira-de-acordo-com-sua-personalidade\/\" \/>\r\n<meta property=\"og:locale\" content=\"pt_BR\" \/>\r\n<meta property=\"og:type\" content=\"article\" \/>\r\n<meta property=\"og:title\" content=\"Voca\u00e7\u00e3o profissional: como escolher sua carreira?\" \/>\r\n<meta property=\"og:description\" content=\"Descobrir a sua verdadeira voca\u00e7\u00e3o profissional \u00e9 o melhor caminho para acertar na escolha de uma carreira, pois leva em conta a sua personalidade. Entenda!\" \/>\r\n<meta property=\"og:url\" content=\"https:\/\/www.impacta.com.br\/blog\/vocacao-profissional-como-definir-a-carreira-de-acordo-com-sua-personalidade\/\" \/>\r\n<meta property=\"og:site_name\" content=\"Blog Impacta - Dicas e Not\u00edcias sobre Carreira\" \/>\r\n<meta property=\"article:published_time\" content=\"2017-05-24T12:35:22+00:00\" \/>\r\n<meta property=\"og:image\" content=\"https:\/\/www.impacta.com.br\/blog\/wp-content\/uploads\/2020\/04\/vocacao_profissional.jpg\" \/>\r\n\t<meta property=\"og:image:width\" content=\"850\" \/>\r\n\t<meta property=\"og:image:height\" content=\"284\" \/>\r\n\t<meta property=\"og:image:type\" content=\"image\/jpeg\" \/>\r\n<meta name=\"author\" content=\"Maria Cecilia Antunes\" \/>\r\n<meta name=\"twitter:card\" content=\"summary_large_image\" \/>\r\n<meta name=\"twitter:label1\" content=\"Written by\" \/>\n\t<meta name=\"twitter:data1\" content=\"Maria Cecilia Antunes\" \/>\n\t<meta name=\"twitter:label2\" content=\"Est. reading time\" \/>\n\t<meta name=\"twitter:data2\" content=\"11 minutos\" \/>\r\n<script type=\"application\/ld+json\" class=\"yoast-schema-graph\">{\"@context\":\"https:\/\/schema.org\",\"@graph\":[{\"@type\":\"WebPage\",\"@id\":\"https:\/\/www.impacta.com.br\/blog\/vocacao-profissional-como-definir-a-carreira-de-acordo-com-sua-personalidade\/\",\"url\":\"https:\/\/www.impacta.com.br\/blog\/vocacao-profissional-como-definir-a-carreira-de-acordo-com-sua-personalidade\/\",\"name\":\"Voca\u00e7\u00e3o profissional: como escolher sua carreira?\",\"isPartOf\":{\"@id\":\"https:\/\/www.impacta.com.br\/blog\/#website\"},\"primaryImageOfPage\":{\"@id\":\"https:\/\/www.impacta.com.br\/blog\/vocacao-profissional-como-definir-a-carreira-de-acordo-com-sua-personalidade\/#primaryimage\"},\"image\":{\"@id\":\"https:\/\/www.impacta.com.br\/blog\/vocacao-profissional-como-definir-a-carreira-de-acordo-com-sua-personalidade\/#primaryimage\"},\"thumbnailUrl\":\"https:\/\/www.impacta.com.br\/blog\/wp-content\/uploads\/2020\/04\/vocacao_profissional.jpg\",\"datePublished\":\"2017-05-24T12:35:22+00:00\",\"author\":{\"@id\":\"https:\/\/www.impacta.com.br\/blog\/#\/schema\/person\/8d5fa3e67a3f4e91566120a18ab80f1a\"},\"description\":\"Descobrir a sua verdadeira voca\u00e7\u00e3o profissional \u00e9 o melhor caminho para acertar na escolha de uma carreira, pois leva em conta a sua personalidade. Entenda!\",\"breadcrumb\":{\"@id\":\"https:\/\/www.impacta.com.br\/blog\/vocacao-profissional-como-definir-a-carreira-de-acordo-com-sua-personalidade\/#breadcrumb\"},\"inLanguage\":\"pt-BR\",\"potentialAction\":[{\"@type\":\"ReadAction\",\"target\":[\"https:\/\/www.impacta.com.br\/blog\/vocacao-profissional-como-definir-a-carreira-de-acordo-com-sua-personalidade\/\"]}]},{\"@type\":\"ImageObject\",\"inLanguage\":\"pt-BR\",\"@id\":\"https:\/\/www.impacta.com.br\/blog\/vocacao-profissional-como-definir-a-carreira-de-acordo-com-sua-personalidade\/#primaryimage\",\"url\":\"https:\/\/www.impacta.com.br\/blog\/wp-content\/uploads\/2020\/04\/vocacao_profissional.jpg\",\"contentUrl\":\"https:\/\/www.impacta.com.br\/blog\/wp-content\/uploads\/2020\/04\/vocacao_profissional.jpg\",\"width\":850,\"height\":284},{\"@type\":\"BreadcrumbList\",\"@id\":\"https:\/\/www.impacta.com.br\/blog\/vocacao-profissional-como-definir-a-carreira-de-acordo-com-sua-personalidade\/#breadcrumb\",\"itemListElement\":[{\"@type\":\"ListItem\",\"position\":1,\"name\":\"In\u00edcio\",\"item\":\"https:\/\/www.impacta.com.br\/blog\/\"},{\"@type\":\"ListItem\",\"position\":2,\"name\":\"Voca\u00e7\u00e3o profissional: como definir a carreira de acordo com sua personalidade?\"}]},{\"@type\":\"WebSite\",\"@id\":\"https:\/\/www.impacta.com.br\/blog\/#website\",\"url\":\"https:\/\/www.impacta.com.br\/blog\/\",\"name\":\"Blog Impacta - Dicas e Not\u00edcias sobre Carreira\",\"description\":\"Dicas, Not\u00edcias e Conte\u00fados sobre Carreira, Tecnologia, Design, Gest\u00e3o e Marketing. Conhe\u00e7a e Acompanhe o Blog Impacta\",\"potentialAction\":[{\"@type\":\"SearchAction\",\"target\":{\"@type\":\"EntryPoint\",\"urlTemplate\":\"https:\/\/www.impacta.com.br\/blog\/?s={search_term_string}\"},\"query-input\":{\"@type\":\"PropertyValueSpecification\",\"valueRequired\":true,\"valueName\":\"search_term_string\"}}],\"inLanguage\":\"pt-BR\"},{\"@type\":\"Person\",\"@id\":\"https:\/\/www.impacta.com.br\/blog\/#\/schema\/person\/8d5fa3e67a3f4e91566120a18ab80f1a\",\"name\":\"Maria Cecilia Antunes\",\"image\":{\"@type\":\"ImageObject\",\"inLanguage\":\"pt-BR\",\"@id\":\"https:\/\/www.impacta.com.br\/blog\/#\/schema\/person\/image\/\",\"url\":\"https:\/\/secure.gravatar.com\/avatar\/7209ccca9dedcf574b2266bf677b912b?s=96&d=mm&r=g\",\"contentUrl\":\"https:\/\/secure.gravatar.com\/avatar\/7209ccca9dedcf574b2266bf677b912b?s=96&d=mm&r=g\",\"caption\":\"Maria Cecilia Antunes\"},\"url\":\"https:\/\/www.impacta.com.br\/blog\/author\/maria-cecilia-antunes\/\"}]}<\/script>\r\n<!-- \/ Yoast SEO plugin. -->","yoast_head_json":{"title":"Voca\u00e7\u00e3o profissional: como escolher sua carreira?","description":"Descobrir a sua verdadeira voca\u00e7\u00e3o profissional \u00e9 o melhor caminho para acertar na escolha de uma carreira, pois leva em conta a sua personalidade. Entenda!","robots":{"index":"index","follow":"follow","max-snippet":"max-snippet:-1","max-image-preview":"max-image-preview:large","max-video-preview":"max-video-preview:-1"},"canonical":"https:\/\/www.impacta.com.br\/blog\/vocacao-profissional-como-definir-a-carreira-de-acordo-com-sua-personalidade\/","og_locale":"pt_BR","og_type":"article","og_title":"Voca\u00e7\u00e3o profissional: como escolher sua carreira?","og_description":"Descobrir a sua verdadeira voca\u00e7\u00e3o profissional \u00e9 o melhor caminho para acertar na escolha de uma carreira, pois leva em conta a sua personalidade. Entenda!","og_url":"https:\/\/www.impacta.com.br\/blog\/vocacao-profissional-como-definir-a-carreira-de-acordo-com-sua-personalidade\/","og_site_name":"Blog Impacta - Dicas e Not\u00edcias sobre Carreira","article_published_time":"2017-05-24T12:35:22+00:00","og_image":[{"width":850,"height":284,"url":"https:\/\/www.impacta.com.br\/blog\/wp-content\/uploads\/2020\/04\/vocacao_profissional.jpg","type":"image\/jpeg"}],"author":"Maria Cecilia Antunes","twitter_card":"summary_large_image","twitter_misc":{"Written by":"Maria Cecilia Antunes","Est. reading time":"11 minutos"},"schema":{"@context":"https:\/\/schema.org","@graph":[{"@type":"WebPage","@id":"https:\/\/www.impacta.com.br\/blog\/vocacao-profissional-como-definir-a-carreira-de-acordo-com-sua-personalidade\/","url":"https:\/\/www.impacta.com.br\/blog\/vocacao-profissional-como-definir-a-carreira-de-acordo-com-sua-personalidade\/","name":"Voca\u00e7\u00e3o profissional: como escolher sua carreira?","isPartOf":{"@id":"https:\/\/www.impacta.com.br\/blog\/#website"},"primaryImageOfPage":{"@id":"https:\/\/www.impacta.com.br\/blog\/vocacao-profissional-como-definir-a-carreira-de-acordo-com-sua-personalidade\/#primaryimage"},"image":{"@id":"https:\/\/www.impacta.com.br\/blog\/vocacao-profissional-como-definir-a-carreira-de-acordo-com-sua-personalidade\/#primaryimage"},"thumbnailUrl":"https:\/\/www.impacta.com.br\/blog\/wp-content\/uploads\/2020\/04\/vocacao_profissional.jpg","datePublished":"2017-05-24T12:35:22+00:00","author":{"@id":"https:\/\/www.impacta.com.br\/blog\/#\/schema\/person\/8d5fa3e67a3f4e91566120a18ab80f1a"},"description":"Descobrir a sua verdadeira voca\u00e7\u00e3o profissional \u00e9 o melhor caminho para acertar na escolha de uma carreira, pois leva em conta a sua personalidade. Entenda!","breadcrumb":{"@id":"https:\/\/www.impacta.com.br\/blog\/vocacao-profissional-como-definir-a-carreira-de-acordo-com-sua-personalidade\/#breadcrumb"},"inLanguage":"pt-BR","potentialAction":[{"@type":"ReadAction","target":["https:\/\/www.impacta.com.br\/blog\/vocacao-profissional-como-definir-a-carreira-de-acordo-com-sua-personalidade\/"]}]},{"@type":"ImageObject","inLanguage":"pt-BR","@id":"https:\/\/www.impacta.com.br\/blog\/vocacao-profissional-como-definir-a-carreira-de-acordo-com-sua-personalidade\/#primaryimage","url":"https:\/\/www.impacta.com.br\/blog\/wp-content\/uploads\/2020\/04\/vocacao_profissional.jpg","contentUrl":"https:\/\/www.impacta.com.br\/blog\/wp-content\/uploads\/2020\/04\/vocacao_profissional.jpg","width":850,"height":284},{"@type":"BreadcrumbList","@id":"https:\/\/www.impacta.com.br\/blog\/vocacao-profissional-como-definir-a-carreira-de-acordo-com-sua-personalidade\/#breadcrumb","itemListElement":[{"@type":"ListItem","position":1,"name":"In\u00edcio","item":"https:\/\/www.impacta.com.br\/blog\/"},{"@type":"ListItem","position":2,"name":"Voca\u00e7\u00e3o profissional: como definir a carreira de acordo com sua personalidade?"}]},{"@type":"WebSite","@id":"https:\/\/www.impacta.com.br\/blog\/#website","url":"https:\/\/www.impacta.com.br\/blog\/","name":"Blog Impacta - Dicas e Not\u00edcias sobre Carreira","description":"Dicas, Not\u00edcias e Conte\u00fados sobre Carreira, Tecnologia, Design, Gest\u00e3o e Marketing. Conhe\u00e7a e Acompanhe o Blog Impacta","potentialAction":[{"@type":"SearchAction","target":{"@type":"EntryPoint","urlTemplate":"https:\/\/www.impacta.com.br\/blog\/?s={search_term_string}"},"query-input":{"@type":"PropertyValueSpecification","valueRequired":true,"valueName":"search_term_string"}}],"inLanguage":"pt-BR"},{"@type":"Person","@id":"https:\/\/www.impacta.com.br\/blog\/#\/schema\/person\/8d5fa3e67a3f4e91566120a18ab80f1a","name":"Maria Cecilia Antunes","image":{"@type":"ImageObject","inLanguage":"pt-BR","@id":"https:\/\/www.impacta.com.br\/blog\/#\/schema\/person\/image\/","url":"https:\/\/secure.gravatar.com\/avatar\/7209ccca9dedcf574b2266bf677b912b?s=96&d=mm&r=g","contentUrl":"https:\/\/secure.gravatar.com\/avatar\/7209ccca9dedcf574b2266bf677b912b?s=96&d=mm&r=g","caption":"Maria Cecilia Antunes"},"url":"https:\/\/www.impacta.com.br\/blog\/author\/maria-cecilia-antunes\/"}]}},"acf":{"post_description":null,"capa_mobile":null},"_links":{"self":[{"href":"https:\/\/www.impacta.com.br\/blog\/wp-json\/wp\/v2\/posts\/11391","targetHints":{"allow":["GET"]}}],"collection":[{"href":"https:\/\/www.impacta.com.br\/blog\/wp-json\/wp\/v2\/posts"}],"about":[{"href":"https:\/\/www.impacta.com.br\/blog\/wp-json\/wp\/v2\/types\/post"}],"author":[{"embeddable":true,"href":"https:\/\/www.impacta.com.br\/blog\/wp-json\/wp\/v2\/users\/30"}],"replies":[{"embeddable":true,"href":"https:\/\/www.impacta.com.br\/blog\/wp-json\/wp\/v2\/comments?post=11391"}],"version-history":[{"count":0,"href":"https:\/\/www.impacta.com.br\/blog\/wp-json\/wp\/v2\/posts\/11391\/revisions"}],"wp:featuredmedia":[{"embeddable":true,"href":"https:\/\/www.impacta.com.br\/blog\/wp-json\/wp\/v2\/media\/17577"}],"wp:attachment":[{"href":"https:\/\/www.impacta.com.br\/blog\/wp-json\/wp\/v2\/media?parent=11391"}],"wp:term":[{"taxonomy":"category","embeddable":true,"href":"https:\/\/www.impacta.com.br\/blog\/wp-json\/wp\/v2\/categories?post=11391"},{"taxonomy":"post_tag","embeddable":true,"href":"https:\/\/www.impacta.com.br\/blog\/wp-json\/wp\/v2\/tags?post=11391"}],"curies":[{"name":"wp","href":"https:\/\/api.w.org\/{rel}","templated":true}]}}