{"id":10953,"date":"2017-03-10T10:41:04","date_gmt":"2017-03-10T13:41:04","guid":{"rendered":"http:\/\/www.impacta.com.br\/blog\/?p=10953"},"modified":"2017-03-10T10:41:04","modified_gmt":"2017-03-10T13:41:04","slug":"como-elaborar-um-curriculo-para-mercado","status":"publish","type":"post","link":"https:\/\/www.impacta.com.br\/blog\/como-elaborar-um-curriculo-para-mercado\/","title":{"rendered":"Saiba como elaborar um curr\u00edculo para se mostrar para o mercado"},"content":{"rendered":"<p><span style=\"font-size: 14pt;\">A disputa no <a title=\"Veja 8 boas pr\u00e1ticas para ingressar no mercado de trabalho\" href=\"https:\/\/www.impacta.com.br\/blog\/2017\/01\/09\/veja-8-boas-praticas-para-ingressar-no-mercado-de-trabalho\/\" target=\"_blank\" rel=\"noopener noreferrer\">mercado de trabalho<\/a> \u00e9 bastante acirrada. De um lado, h\u00e1 diversos candidatos lutando pelas melhores oportunidades. Do outro, existem os profissionais de recursos humanos \u00e0 procura da pessoa certa para cada vaga.<\/span><\/p>\n<p><span style=\"font-size: 14pt;\">Diante desse cen\u00e1rio disputado, al\u00e9m de manter a atualiza\u00e7\u00e3o e qualifica\u00e7\u00e3o na \u00e1rea de atua\u00e7\u00e3o, \u00e9 preciso encontrar formas para despertar a aten\u00e7\u00e3o dos recrutadores. E uma das melhores maneiras de fazer isso \u00e9 produzindo um bom curr\u00edculo.<\/span><\/p>\n<p><span style=\"font-size: 14pt;\">Esse documento \u00e9 um resumo da sua trajet\u00f3ria profissional e acad\u00eamica e quando preparado e organizado adequadamente, de forma direcionada para a vaga em quest\u00e3o, tem excelentes chances de abrir portas para a participa\u00e7\u00e3o em um processo seletivo.<\/span><\/p>\n<p><span style=\"font-size: 14pt;\">Por\u00e9m, a maioria das pessoas n\u00e3o sabe como desenvolver um bom curr\u00edculo. S\u00f3 para se ter uma no\u00e7\u00e3o, <a href=\"https:\/\/g1.globo.com\/jornal-hoje\/noticia\/2014\/03\/apenas-20-dos-curriculos-recebidos-sao-aproveitados-pelas-empresas.html\" target=\"_blank\" rel=\"noopener noreferrer\">apenas 20% dos curr\u00edculos s\u00e3o aproveitados pelas empresas<\/a>. E para voc\u00ea que n\u00e3o quer ter esse problema, a seguir apresentamos algumas informa\u00e7\u00f5es para te mostrar como elaborar um curr\u00edculo. Confira!<\/span><\/p>\n<h2><strong><span style=\"font-size: 14pt;\">1. Deixe claros os seus dados pessoais e contatos<\/span><\/strong><\/h2>\n<p><span style=\"font-size: 14pt;\">Um dos primeiros passos para elaborar o curr\u00edculo \u00e9 relacionar com clareza os dados pessoais. Parece algo b\u00e1sico, mas muita gente falha nesse ponto. Se ao bater os olhos, o recrutador n\u00e3o encontrar facilmente as informa\u00e7\u00f5es sobre o candidato, provavelmente, ele ser\u00e1 eliminado.<\/span><\/p>\n<p><span style=\"font-size: 14pt;\">Portanto, logo no in\u00edcio inclua seu <strong>nome completo<\/strong>, <strong>endere\u00e7o<\/strong>, <strong>telefone<\/strong> e <strong>e-mail<\/strong> \u2014 indique aquele que voc\u00ea costuma acessar com frequ\u00eancia e lembre-se de verificar sempre o lixo eletr\u00f4nico e spam para acompanhar se chegou alguma mensagem nova. Por fim, adicionar o link para o seu <a title=\"7 erros que um estudante n\u00e3o deve cometer no LinkedIn\" href=\"https:\/\/www.impacta.com.br\/blog\/2015\/04\/05\/7-erros-que-um-estudante-nao-deve-cometer-no-linkedin\/\" target=\"_blank\" rel=\"noopener noreferrer\">perfil no LinkedIn<\/a> tamb\u00e9m \u00e9 uma excelente atitude, que complementa as demais informa\u00e7\u00f5es.<\/span><\/p>\n<h2><strong><span style=\"font-size: 14pt;\">2. Inclua suas experi\u00eancias profissionais mais importantes<\/span><\/strong><\/h2>\n<p><span style=\"font-size: 14pt;\">Quantas experi\u00eancias profissionais voc\u00ea possui? Algumas pessoas j\u00e1 atuaram em diversas empresas, outras, em menos. Nesse ponto \u00e9 importante relacionar as mais recentes e importantes. Por exemplo, se a vaga em quest\u00e3o \u00e9 para engenharia e o seu primeiro emprego foi como atendente de padaria, essa experi\u00eancia n\u00e3o est\u00e1 relacionada \u00e0 oportunidade e n\u00e3o vai acrescentar muito no seu curr\u00edculo. Na verdade, s\u00f3 vai ocupar espa\u00e7o.<\/span><\/p>\n<p><span style=\"font-size: 14pt;\">A ideia \u00e9 mostrar ao recrutador que voc\u00ea tem experi\u00eancia para suprir sua demanda. Desta maneira, adicione de prefer\u00eancia fun\u00e7\u00f5es relacionadas ao cargo pretendido. Cerca de tr\u00eas experi\u00eancias j\u00e1 est\u00e1 de bom tamanho.<\/span><\/p>\n<p style=\"text-align: left;\"><span style=\"font-size: 14pt;\">Para quem \u00e9 mais novo no mercado, a dica \u00e9 adicionar os <a title=\"Como conquistar uma vaga de est\u00e1gio que ajude na sua forma\u00e7\u00e3o profissional?\" href=\"https:\/\/www.impacta.com.br\/blog\/2016\/09\/16\/como-conquistar-uma-vaga-de-estagio-que-ajude-na-sua-formacao-profissional\/\" target=\"_blank\" rel=\"noopener noreferrer\">est\u00e1gios<\/a>, inclusive aqueles volunt\u00e1rios e os que foram executados na pr\u00f3pria universidade. J\u00e1 nesse caso, os empregos que n\u00e3o estejam diretamente relacionados \u00e0 vaga em aberto podem ser inclu\u00eddos, pois demonstram interesse em trabalhar.<\/span><\/p>\n<p style=\"text-align: center;\"><a href=\"https:\/\/www.impacta.com.br\/blog\/wp-content\/uploads\/2017\/03\/72234-saiba-como-elaborar-um-curriculo-para-se-mostrar-para-o-mercado.jpg\" target=\"_blank\" rel=\"noopener noreferrer\"><img loading=\"lazy\" decoding=\"async\" class=\"aligncenter wp-image-10956 img-responsive\" title=\"Saiba como elaborar um curr\u00cdculo para se mostrar para o mercado\" src=\"https:\/\/www.impacta.com.br\/blog\/wp-content\/uploads\/2017\/03\/72234-saiba-como-elaborar-um-curriculo-para-se-mostrar-para-o-mercado.jpg\" alt=\"Saiba como elaborar um curr\u00cdculo para se mostrar para o mercado\" width=\"600\" height=\"401\" \/><\/a><\/p>\n<h2 style=\"text-align: left;\"><strong><span style=\"font-size: 14pt;\">3. Relate sua forma\u00e7\u00e3o acad\u00eamica<\/span><\/strong><\/h2>\n<p><span style=\"font-size: 14pt;\">A forma\u00e7\u00e3o acad\u00eamica deve ser citada por ordem de import\u00e2ncia: primeiro\u00a0a <a title=\"Como escolher uma p\u00f3s-gradua\u00e7\u00e3o?\" href=\"https:\/\/www.impacta.com.br\/blog\/2015\/10\/13\/como-escolher-uma-pos-graduacao\/\" target=\"_blank\" rel=\"noopener noreferrer\">p\u00f3s-gradua\u00e7\u00e3o<\/a>, depois, <a title=\"E-book Gratuito: Bacharelado ou Tecn\u00f3logo?\" href=\"https:\/\/www.impacta.com.br\/blog\/2016\/05\/24\/e-book-gratuito-bacharelado-ou-tecnologo\/\" target=\"_blank\" rel=\"noopener noreferrer\">gradua\u00e7\u00e3o <\/a>e\u00a0<a title=\"Entenda o que s\u00e3o os cursos livres\" href=\"https:\/\/www.impacta.com.br\/blog\/2017\/01\/16\/entenda-o-que-sao-os-cursos-livres\/\" target=\"_blank\" rel=\"noopener noreferrer\">cursos livres ou t\u00e9cnicos<\/a>, que devem ser mencionados sempre que estiverem relacionados \u00e0 vaga pleiteada ou mesmo por quem ainda n\u00e3o tem gradua\u00e7\u00e3o.<\/span><\/p>\n<p><span style=\"font-size: 14pt;\">Nesse t\u00f3pico \u00e9 imprescind\u00edvel tamb\u00e9m relacionar o nome da institui\u00e7\u00e3o de ensino, o nome do curso e a data de in\u00edcio e t\u00e9rmino. Caso ainda esteja cursando algum dos cursos relatados, \u00e9 preciso fazer essa sinaliza\u00e7\u00e3o. Mas se tiver come\u00e7ado e n\u00e3o conclu\u00eddo alguma gradua\u00e7\u00e3o ou p\u00f3s \u00e9 melhor nem citar essa informa\u00e7\u00e3o. Guarde para uma pr\u00f3xima etapa, mas tamb\u00e9m n\u00e3o minta sobre isso.<\/span><\/p>\n<h2><strong><span style=\"font-size: 14pt;\">4. Tenha um objetivo claro<\/span><\/strong><\/h2>\n<p><span style=\"font-size: 14pt;\">Esse \u00e9 um ponto do curr\u00edculo que gera muitas d\u00favidas sobre o que deve ser escrito. Primeiro, vale ressaltar que essa \u00e9 uma informa\u00e7\u00e3o direta e simples: dedique apenas uma linha para expor o seu objetivo com o envio do curr\u00edculo.<\/span><\/p>\n<p><span style=\"font-size: 14pt;\">Para quem est\u00e1 enviando para uma vaga espec\u00edfica, basta indicar o cargo pretendido. Por exemplo: atuar como analista de sistemas, analista de<a title=\"Por que voc\u00ea deveria fazer um curso de banco de dados?\" href=\"https:\/\/www.impacta.com.br\/blog\/2017\/03\/01\/por-que-voce-deveria-fazer-um-curso-de-banco-de-dados\/\" target=\"_blank\" rel=\"noopener noreferrer\"> banco de dados<\/a>, etc. Mas, quando algu\u00e9m est\u00e1 enviando para o departamento de recursos humanos sem ser para uma vaga espec\u00edfica \u00e9 poss\u00edvel apontar o cargo ou mesmo \u00e1rea pretendida.<\/span><\/p>\n<p><span style=\"font-size: 14pt;\">Mas nesse ponto \u00e9 fundamental n\u00e3o fazer diversas indica\u00e7\u00f5es. N\u00e3o \u00e9 uma boa estrat\u00e9gia atirar para todos os lados com o mesmo curr\u00edculo, certo?<\/span><\/p>\n<h2><strong><span style=\"font-size: 14pt;\">5. Destaque suas habilidades e qualifica\u00e7\u00f5es<\/span><\/strong><\/h2>\n<p><span style=\"font-size: 14pt;\">Esse t\u00f3pico do curr\u00edculo \u00e9 para que voc\u00ea possa destacar as diversas <a title=\"Quais as habilidades profissionais mais importantes para o seu crescimento no mercado?\" href=\"https:\/\/www.impacta.com.br\/blog\/2016\/08\/29\/quais-as-habilidades-profissionais-mais-importantes-para-o-seu-crescimento-no-mercado\/\" target=\"_blank\" rel=\"noopener noreferrer\">habilidades <\/a>e qualifica\u00e7\u00f5es da sua trajet\u00f3ria profissional. Por exemplo, conhecimentos avan\u00e7ados em determinados tipos de processos que s\u00e3o fundamentais para a fun\u00e7\u00e3o.<\/span><\/p>\n<p><span style=\"font-size: 14pt;\">Aqui voc\u00ea pode elencar projetos que liderou e as conquistas obtidas \u2014 lembrando que isso precisa ser dito de forma sucinta. Citar seu perfil de lideran\u00e7a e gest\u00e3o, por exemplo, \u00e9 um item que compensa bastante.<\/span><\/p>\n<p><span style=\"font-size: 14pt;\">Outro ponto \u00e9 com rela\u00e7\u00e3o \u00e0 profici\u00eancia em idiomas estrangeiros: descreva o n\u00edvel real que possui. Se tiver estudado em escolas conceituadas ou mesmo fora do pa\u00eds vale uma men\u00e7\u00e3o tamb\u00e9m.<\/span><\/p>\n<p><span style=\"font-size: 14pt;\">Com rela\u00e7\u00e3o \u00e0 inform\u00e1tica s\u00f3 \u00e9 v\u00e1lido incluir o conhecimento sobre softwares espec\u00edficos para a fun\u00e7\u00e3o desejada, como <a title=\"Qual a linguagem de programa\u00e7\u00e3o mais usada? E a mais amada? Veja\" href=\"https:\/\/www.impacta.com.br\/blog\/2016\/04\/28\/qual-a-linguagem-de-programacao-mais-usada\/\" target=\"_blank\" rel=\"noopener noreferrer\">linguagens de programa\u00e7\u00e3o<\/a> e <a title=\"Aprenda 8 truques sensacionais no Adobe Photoshop\" href=\"https:\/\/www.impacta.com.br\/blog\/2016\/07\/11\/aprenda-8-truques-sensacionais-no-adobe-photoshop\/\" target=\"_blank\" rel=\"noopener noreferrer\">programas de edi\u00e7\u00e3o de imagens<\/a>. \u00c9\u00a0v\u00e1lido citar\u00a0se voc\u00ea tiver conhecimentos avan\u00e7ados em programas mais complexos do <a title=\"Veja as vantagens de dominar o Pacote Office\" href=\"https:\/\/www.impacta.com.br\/blog\/2016\/02\/18\/veja-as-vantagens-de-dominar-o-pacote-office\/\" target=\"_blank\" rel=\"noopener noreferrer\">pacote Office<\/a>, como o <a title=\"Conhe\u00e7a algumas habilidades de Excel avan\u00e7ado\" href=\"https:\/\/www.impacta.com.br\/blog\/2017\/01\/25\/conheca-algumas-habilidades-de-excel-avancado\/\" target=\"_blank\" rel=\"noopener noreferrer\">Excel<\/a>, j\u00e1 que essa \u00e9 uma habilidade que muitos candidatos n\u00e3o possuem.<\/span><\/p>\n<h2><strong><span style=\"font-size: 14pt;\">6. Tenha foco para elaborar seu curr\u00edculo<\/span><\/strong><\/h2>\n<p><span style=\"font-size: 14pt;\">Como voc\u00ea p\u00f4de perceber at\u00e9 aqui, h\u00e1 muita informa\u00e7\u00e3o para descrever no curr\u00edculo, por\u00e9m mesmo assim \u00e9 preciso manter a objetividade. Busque listar cada item de forma direta, uma vez que a proposta desse documento \u00e9 apresentar de forma resumida todos os seus conhecimentos e experi\u00eancias.<\/span><\/p>\n<p><span style=\"font-size: 14pt;\">A dica \u00e9 fazer o poss\u00edvel para manter tudo em apenas uma p\u00e1gina. Duas s\u00e3o consideradas aceit\u00e1veis para <a title=\"Crescimento profissional: como se tornar um gerente?\" href=\"https:\/\/www.impacta.com.br\/blog\/2017\/01\/18\/crescimento-profissional-como-se-tornar-um-gerente\/\" target=\"_blank\" rel=\"noopener noreferrer\">cargos de ger\u00eancia<\/a>, de diretoria por exemplo, quando h\u00e1 exig\u00eancia de longa trajet\u00f3ria profissional do candidato.<\/span><\/p>\n<p><span style=\"font-size: 14pt;\">Outro ponto para tornar seu curr\u00edculo perfeito \u00e9 direcion\u00e1-lo corretamente para a oportunidade em quest\u00e3o. Para tal, busque especificar as experi\u00eancias, conhecimentos e habilidades de acordo com o perfil exigido para a posi\u00e7\u00e3o. A ideia \u00e9 que o seu curr\u00edculo ao ser analisado esteja completamente de acordo com o que \u00e9 buscado pela empresa.<\/span><\/p>\n<p><span style=\"font-size: 14pt;\">Por conta disso \u00e9 que existe a recomenda\u00e7\u00e3o de n\u00e3o incluir um festival de informa\u00e7\u00f5es que n\u00e3o v\u00e3o te ajudar a se destacar. Foco \u00e9 a palavra de ordem. Pode dar mais trabalho, mas fazer um curr\u00edculo direcionado para a vaga disputada traz melhores resultados.<\/span><\/p>\n<p><span style=\"font-size: 14pt;\">Por fim, n\u00e3o deixe de fazer uma boa revis\u00e3o para evitar erros gramaticais e, se poss\u00edvel, pe\u00e7a at\u00e9 mesmo para outra pessoa corrigir para voc\u00ea.<\/span><\/p>\n<p><span style=\"font-size: 14pt;\">Agora que voc\u00ea j\u00e1 sabe como elaborar um curr\u00edculo, aproveite e compartilhe esse artigo em suas redes sociais!\u00a0Afinal, seus amigos tamb\u00e9m podem ter d\u00favidas sobre o assunto.<\/span><\/p>\n<div class=\"sharing-default-minimal post-bottom\"><div class=\"nectar-social default\" data-position=\"\" data-rm-love=\"0\" data-color-override=\"override\"><div class=\"nectar-social-inner\"><a href=\"#\" class=\"nectar-love\" id=\"nectar-love-10953\" title=\"Love this\"> <i class=\"icon-salient-heart-2\"><\/i><span class=\"love-text\">Love<\/span><span class=\"total_loves\"><span class=\"nectar-love-count\">0<\/span><\/span><\/a><a class='facebook-share nectar-sharing' href='#' title='Share this'> <i class='fa fa-facebook'><\/i> <span class='social-text'>Share<\/span> <\/a><a class='twitter-share nectar-sharing' href='#' title='Share this'> <i class='fa icon-salient-x-twitter'><\/i> <span class='social-text'>Share<\/span> <\/a><a class='linkedin-share nectar-sharing' href='#' title='Share this'> <i class='fa fa-linkedin'><\/i> <span class='social-text'>Share<\/span> <\/a><a class='pinterest-share nectar-sharing' href='#' title='Pin this'> <i class='fa fa-pinterest'><\/i> <span class='social-text'>Pin<\/span> <\/a><\/div><\/div><\/div>","protected":false},"excerpt":{"rendered":"<p>A disputa no mercado de trabalho \u00e9 bastante acirrada. De um lado, h\u00e1 diversos candidatos lutando pelas melhores oportunidades. Do outro, existem os profissionais de recursos humanos \u00e0 procura da pessoa certa para cada vaga. Diante desse cen\u00e1rio disputado, al\u00e9m de manter a atualiza\u00e7\u00e3o e qualifica\u00e7\u00e3o na \u00e1rea de atua\u00e7\u00e3o, \u00e9 preciso encontrar formas para [&hellip;]<\/p>\n","protected":false},"author":2,"featured_media":17413,"comment_status":"open","ping_status":"open","sticky":false,"template":"","format":"standard","meta":{"footnotes":""},"categories":[13],"tags":[],"class_list":["post-10953","post","type-post","status-publish","format-standard","has-post-thumbnail","hentry","category-carreira"],"yoast_head":"<!-- This site is optimized with the Yoast SEO plugin v25.1 - https:\/\/yoast.com\/wordpress\/plugins\/seo\/ -->\r\n<title>Saiba como elaborar um curr\u00edculo de destaque<\/title>\r\n<meta name=\"description\" content=\"O primeiro e mais importante passo para conseguir um emprego \u00e9 saber como elaborar um curr\u00edculo que te destaque no mercado. Veja dicas e prepare o seu!\" \/>\r\n<meta name=\"robots\" content=\"index, follow, max-snippet:-1, max-image-preview:large, max-video-preview:-1\" \/>\r\n<link rel=\"canonical\" href=\"https:\/\/www.impacta.com.br\/blog\/como-elaborar-um-curriculo-para-mercado\/\" \/>\r\n<meta property=\"og:locale\" content=\"pt_BR\" \/>\r\n<meta property=\"og:type\" content=\"article\" \/>\r\n<meta property=\"og:title\" content=\"Saiba como elaborar um curr\u00edculo de destaque\" \/>\r\n<meta property=\"og:description\" content=\"O primeiro e mais importante passo para conseguir um emprego \u00e9 saber como elaborar um curr\u00edculo que te destaque no mercado. Veja dicas e prepare o seu!\" \/>\r\n<meta property=\"og:url\" content=\"https:\/\/www.impacta.com.br\/blog\/como-elaborar-um-curriculo-para-mercado\/\" \/>\r\n<meta property=\"og:site_name\" content=\"Blog Impacta - Dicas e Not\u00edcias sobre Carreira\" \/>\r\n<meta property=\"article:published_time\" content=\"2017-03-10T13:41:04+00:00\" \/>\r\n<meta property=\"og:image\" content=\"https:\/\/www.impacta.com.br\/blog\/wp-content\/uploads\/2020\/04\/header_como_elaborar_um_curriculo.jpg\" \/>\r\n\t<meta property=\"og:image:width\" content=\"850\" \/>\r\n\t<meta property=\"og:image:height\" content=\"284\" \/>\r\n\t<meta property=\"og:image:type\" content=\"image\/jpeg\" \/>\r\n<meta name=\"author\" content=\"Reda\u00e7\u00e3o Impacta\" \/>\r\n<meta name=\"twitter:card\" content=\"summary_large_image\" \/>\r\n<meta name=\"twitter:label1\" content=\"Written by\" \/>\n\t<meta name=\"twitter:data1\" content=\"Reda\u00e7\u00e3o Impacta\" \/>\n\t<meta name=\"twitter:label2\" content=\"Est. reading time\" \/>\n\t<meta name=\"twitter:data2\" content=\"6 minutos\" \/>\r\n<script type=\"application\/ld+json\" class=\"yoast-schema-graph\">{\"@context\":\"https:\/\/schema.org\",\"@graph\":[{\"@type\":\"WebPage\",\"@id\":\"https:\/\/www.impacta.com.br\/blog\/como-elaborar-um-curriculo-para-mercado\/\",\"url\":\"https:\/\/www.impacta.com.br\/blog\/como-elaborar-um-curriculo-para-mercado\/\",\"name\":\"Saiba como elaborar um curr\u00edculo de destaque\",\"isPartOf\":{\"@id\":\"https:\/\/www.impacta.com.br\/blog\/#website\"},\"primaryImageOfPage\":{\"@id\":\"https:\/\/www.impacta.com.br\/blog\/como-elaborar-um-curriculo-para-mercado\/#primaryimage\"},\"image\":{\"@id\":\"https:\/\/www.impacta.com.br\/blog\/como-elaborar-um-curriculo-para-mercado\/#primaryimage\"},\"thumbnailUrl\":\"https:\/\/www.impacta.com.br\/blog\/wp-content\/uploads\/2020\/04\/header_como_elaborar_um_curriculo.jpg\",\"datePublished\":\"2017-03-10T13:41:04+00:00\",\"author\":{\"@id\":\"https:\/\/www.impacta.com.br\/blog\/#\/schema\/person\/2e0896bac7656da15b68f5ad2ddd0d8c\"},\"description\":\"O primeiro e mais importante passo para conseguir um emprego \u00e9 saber como elaborar um curr\u00edculo que te destaque no mercado. Veja dicas e prepare o seu!\",\"breadcrumb\":{\"@id\":\"https:\/\/www.impacta.com.br\/blog\/como-elaborar-um-curriculo-para-mercado\/#breadcrumb\"},\"inLanguage\":\"pt-BR\",\"potentialAction\":[{\"@type\":\"ReadAction\",\"target\":[\"https:\/\/www.impacta.com.br\/blog\/como-elaborar-um-curriculo-para-mercado\/\"]}]},{\"@type\":\"ImageObject\",\"inLanguage\":\"pt-BR\",\"@id\":\"https:\/\/www.impacta.com.br\/blog\/como-elaborar-um-curriculo-para-mercado\/#primaryimage\",\"url\":\"https:\/\/www.impacta.com.br\/blog\/wp-content\/uploads\/2020\/04\/header_como_elaborar_um_curriculo.jpg\",\"contentUrl\":\"https:\/\/www.impacta.com.br\/blog\/wp-content\/uploads\/2020\/04\/header_como_elaborar_um_curriculo.jpg\",\"width\":850,\"height\":284},{\"@type\":\"BreadcrumbList\",\"@id\":\"https:\/\/www.impacta.com.br\/blog\/como-elaborar-um-curriculo-para-mercado\/#breadcrumb\",\"itemListElement\":[{\"@type\":\"ListItem\",\"position\":1,\"name\":\"In\u00edcio\",\"item\":\"https:\/\/www.impacta.com.br\/blog\/\"},{\"@type\":\"ListItem\",\"position\":2,\"name\":\"Saiba como elaborar um curr\u00edculo para se mostrar para o mercado\"}]},{\"@type\":\"WebSite\",\"@id\":\"https:\/\/www.impacta.com.br\/blog\/#website\",\"url\":\"https:\/\/www.impacta.com.br\/blog\/\",\"name\":\"Blog Impacta - Dicas e Not\u00edcias sobre Carreira\",\"description\":\"Dicas, Not\u00edcias e Conte\u00fados sobre Carreira, Tecnologia, Design, Gest\u00e3o e Marketing. Conhe\u00e7a e Acompanhe o Blog Impacta\",\"potentialAction\":[{\"@type\":\"SearchAction\",\"target\":{\"@type\":\"EntryPoint\",\"urlTemplate\":\"https:\/\/www.impacta.com.br\/blog\/?s={search_term_string}\"},\"query-input\":{\"@type\":\"PropertyValueSpecification\",\"valueRequired\":true,\"valueName\":\"search_term_string\"}}],\"inLanguage\":\"pt-BR\"},{\"@type\":\"Person\",\"@id\":\"https:\/\/www.impacta.com.br\/blog\/#\/schema\/person\/2e0896bac7656da15b68f5ad2ddd0d8c\",\"name\":\"Reda\u00e7\u00e3o Impacta\",\"image\":{\"@type\":\"ImageObject\",\"inLanguage\":\"pt-BR\",\"@id\":\"https:\/\/www.impacta.com.br\/blog\/#\/schema\/person\/image\/\",\"url\":\"https:\/\/secure.gravatar.com\/avatar\/7443a59e479c8f31067628e3a4bed9ad?s=96&d=mm&r=g\",\"contentUrl\":\"https:\/\/secure.gravatar.com\/avatar\/7443a59e479c8f31067628e3a4bed9ad?s=96&d=mm&r=g\",\"caption\":\"Reda\u00e7\u00e3o Impacta\"},\"url\":\"https:\/\/www.impacta.com.br\/blog\/author\/redacao\/\"}]}<\/script>\r\n<!-- \/ Yoast SEO plugin. -->","yoast_head_json":{"title":"Saiba como elaborar um curr\u00edculo de destaque","description":"O primeiro e mais importante passo para conseguir um emprego \u00e9 saber como elaborar um curr\u00edculo que te destaque no mercado. Veja dicas e prepare o seu!","robots":{"index":"index","follow":"follow","max-snippet":"max-snippet:-1","max-image-preview":"max-image-preview:large","max-video-preview":"max-video-preview:-1"},"canonical":"https:\/\/www.impacta.com.br\/blog\/como-elaborar-um-curriculo-para-mercado\/","og_locale":"pt_BR","og_type":"article","og_title":"Saiba como elaborar um curr\u00edculo de destaque","og_description":"O primeiro e mais importante passo para conseguir um emprego \u00e9 saber como elaborar um curr\u00edculo que te destaque no mercado. Veja dicas e prepare o seu!","og_url":"https:\/\/www.impacta.com.br\/blog\/como-elaborar-um-curriculo-para-mercado\/","og_site_name":"Blog Impacta - Dicas e Not\u00edcias sobre Carreira","article_published_time":"2017-03-10T13:41:04+00:00","og_image":[{"width":850,"height":284,"url":"https:\/\/www.impacta.com.br\/blog\/wp-content\/uploads\/2020\/04\/header_como_elaborar_um_curriculo.jpg","type":"image\/jpeg"}],"author":"Reda\u00e7\u00e3o Impacta","twitter_card":"summary_large_image","twitter_misc":{"Written by":"Reda\u00e7\u00e3o Impacta","Est. reading time":"6 minutos"},"schema":{"@context":"https:\/\/schema.org","@graph":[{"@type":"WebPage","@id":"https:\/\/www.impacta.com.br\/blog\/como-elaborar-um-curriculo-para-mercado\/","url":"https:\/\/www.impacta.com.br\/blog\/como-elaborar-um-curriculo-para-mercado\/","name":"Saiba como elaborar um curr\u00edculo de destaque","isPartOf":{"@id":"https:\/\/www.impacta.com.br\/blog\/#website"},"primaryImageOfPage":{"@id":"https:\/\/www.impacta.com.br\/blog\/como-elaborar-um-curriculo-para-mercado\/#primaryimage"},"image":{"@id":"https:\/\/www.impacta.com.br\/blog\/como-elaborar-um-curriculo-para-mercado\/#primaryimage"},"thumbnailUrl":"https:\/\/www.impacta.com.br\/blog\/wp-content\/uploads\/2020\/04\/header_como_elaborar_um_curriculo.jpg","datePublished":"2017-03-10T13:41:04+00:00","author":{"@id":"https:\/\/www.impacta.com.br\/blog\/#\/schema\/person\/2e0896bac7656da15b68f5ad2ddd0d8c"},"description":"O primeiro e mais importante passo para conseguir um emprego \u00e9 saber como elaborar um curr\u00edculo que te destaque no mercado. Veja dicas e prepare o seu!","breadcrumb":{"@id":"https:\/\/www.impacta.com.br\/blog\/como-elaborar-um-curriculo-para-mercado\/#breadcrumb"},"inLanguage":"pt-BR","potentialAction":[{"@type":"ReadAction","target":["https:\/\/www.impacta.com.br\/blog\/como-elaborar-um-curriculo-para-mercado\/"]}]},{"@type":"ImageObject","inLanguage":"pt-BR","@id":"https:\/\/www.impacta.com.br\/blog\/como-elaborar-um-curriculo-para-mercado\/#primaryimage","url":"https:\/\/www.impacta.com.br\/blog\/wp-content\/uploads\/2020\/04\/header_como_elaborar_um_curriculo.jpg","contentUrl":"https:\/\/www.impacta.com.br\/blog\/wp-content\/uploads\/2020\/04\/header_como_elaborar_um_curriculo.jpg","width":850,"height":284},{"@type":"BreadcrumbList","@id":"https:\/\/www.impacta.com.br\/blog\/como-elaborar-um-curriculo-para-mercado\/#breadcrumb","itemListElement":[{"@type":"ListItem","position":1,"name":"In\u00edcio","item":"https:\/\/www.impacta.com.br\/blog\/"},{"@type":"ListItem","position":2,"name":"Saiba como elaborar um curr\u00edculo para se mostrar para o mercado"}]},{"@type":"WebSite","@id":"https:\/\/www.impacta.com.br\/blog\/#website","url":"https:\/\/www.impacta.com.br\/blog\/","name":"Blog Impacta - Dicas e Not\u00edcias sobre Carreira","description":"Dicas, Not\u00edcias e Conte\u00fados sobre Carreira, Tecnologia, Design, Gest\u00e3o e Marketing. Conhe\u00e7a e Acompanhe o Blog Impacta","potentialAction":[{"@type":"SearchAction","target":{"@type":"EntryPoint","urlTemplate":"https:\/\/www.impacta.com.br\/blog\/?s={search_term_string}"},"query-input":{"@type":"PropertyValueSpecification","valueRequired":true,"valueName":"search_term_string"}}],"inLanguage":"pt-BR"},{"@type":"Person","@id":"https:\/\/www.impacta.com.br\/blog\/#\/schema\/person\/2e0896bac7656da15b68f5ad2ddd0d8c","name":"Reda\u00e7\u00e3o Impacta","image":{"@type":"ImageObject","inLanguage":"pt-BR","@id":"https:\/\/www.impacta.com.br\/blog\/#\/schema\/person\/image\/","url":"https:\/\/secure.gravatar.com\/avatar\/7443a59e479c8f31067628e3a4bed9ad?s=96&d=mm&r=g","contentUrl":"https:\/\/secure.gravatar.com\/avatar\/7443a59e479c8f31067628e3a4bed9ad?s=96&d=mm&r=g","caption":"Reda\u00e7\u00e3o Impacta"},"url":"https:\/\/www.impacta.com.br\/blog\/author\/redacao\/"}]}},"acf":{"post_description":null,"capa_mobile":null},"_links":{"self":[{"href":"https:\/\/www.impacta.com.br\/blog\/wp-json\/wp\/v2\/posts\/10953","targetHints":{"allow":["GET"]}}],"collection":[{"href":"https:\/\/www.impacta.com.br\/blog\/wp-json\/wp\/v2\/posts"}],"about":[{"href":"https:\/\/www.impacta.com.br\/blog\/wp-json\/wp\/v2\/types\/post"}],"author":[{"embeddable":true,"href":"https:\/\/www.impacta.com.br\/blog\/wp-json\/wp\/v2\/users\/2"}],"replies":[{"embeddable":true,"href":"https:\/\/www.impacta.com.br\/blog\/wp-json\/wp\/v2\/comments?post=10953"}],"version-history":[{"count":0,"href":"https:\/\/www.impacta.com.br\/blog\/wp-json\/wp\/v2\/posts\/10953\/revisions"}],"wp:featuredmedia":[{"embeddable":true,"href":"https:\/\/www.impacta.com.br\/blog\/wp-json\/wp\/v2\/media\/17413"}],"wp:attachment":[{"href":"https:\/\/www.impacta.com.br\/blog\/wp-json\/wp\/v2\/media?parent=10953"}],"wp:term":[{"taxonomy":"category","embeddable":true,"href":"https:\/\/www.impacta.com.br\/blog\/wp-json\/wp\/v2\/categories?post=10953"},{"taxonomy":"post_tag","embeddable":true,"href":"https:\/\/www.impacta.com.br\/blog\/wp-json\/wp\/v2\/tags?post=10953"}],"curies":[{"name":"wp","href":"https:\/\/api.w.org\/{rel}","templated":true}]}}